{"id":46971,"date":"2023-05-12T07:47:38","date_gmt":"2023-05-12T05:47:38","guid":{"rendered":"https:\/\/www.immobilienbusiness.ch\/?p=46971"},"modified":"2023-06-22T17:17:21","modified_gmt":"2023-06-22T15:17:21","slug":"verit-immobilien-neue-chefs-fuer-filialen-chur-und-rapperswil","status":"publish","type":"post","link":"https:\/\/www.immobilienbusiness.ch\/it\/personalia\/2023-05-12\/verit-immobilien-neue-chefs-fuer-filialen-chur-und-rapperswil\/","title":{"rendered":"Verit Immobilien: nuovi responsabili per le filiali di Coira e Rapperswil"},"content":{"rendered":"<figure id=\"attachment_46974\" aria-describedby=\"caption-attachment-46974\" style=\"width: 1200px\" class=\"wp-caption alignnone\"><a href=\"https:\/\/www.immobilienbusiness.ch\/wp-content\/uploads\/2023\/05\/Muehlemann-Simon.png\"><img loading=\"lazy\" decoding=\"async\" class=\"wp-image-46974 size-full\" src=\"https:\/\/www.immobilienbusiness.ch\/wp-content\/uploads\/2023\/05\/Muehlemann-Simon.png\" alt=\"Verit Immobilien\" width=\"1200\" height=\"728\" srcset=\"https:\/\/www.immobilienbusiness.ch\/wp-content\/uploads\/2023\/05\/Muehlemann-Simon.png 1200w, https:\/\/www.immobilienbusiness.ch\/wp-content\/uploads\/2023\/05\/Muehlemann-Simon-300x182.png 300w, https:\/\/www.immobilienbusiness.ch\/wp-content\/uploads\/2023\/05\/Muehlemann-Simon-1024x621.png 1024w, https:\/\/www.immobilienbusiness.ch\/wp-content\/uploads\/2023\/05\/Muehlemann-Simon-768x466.png 768w, https:\/\/www.immobilienbusiness.ch\/wp-content\/uploads\/2023\/05\/Muehlemann-Simon-18x12.png 18w, https:\/\/www.immobilienbusiness.ch\/wp-content\/uploads\/2023\/05\/Muehlemann-Simon-375x227.png 375w, https:\/\/www.immobilienbusiness.ch\/wp-content\/uploads\/2023\/05\/Muehlemann-Simon-577x350.png 577w, https:\/\/www.immobilienbusiness.ch\/wp-content\/uploads\/2023\/05\/Muehlemann-Simon-1000x606.png 1000w\" sizes=\"auto, (max-width: 1200px) 100vw, 1200px\" \/><\/a><figcaption id=\"caption-attachment-46974\" class=\"wp-caption-text\">Simon Fromm e Jo\u00eblle M\u00fchlemann (Immagine: Verit Immobilien)<\/figcaption><\/figure>\n<p>Simon Fromm \u00e8 entrato in azienda nel 2022 come responsabile del cantiere di Coira. Jo\u00eblle M\u00fchlemann lavora per Verit Immobilien da quattro anni. Il team della filiale di Coira, che lei diriger\u00e0 in futuro, \u00e8 destinato a crescere da otto a dieci dipendenti. Da Coira, l'azienda serve la Valle del Reno di Coira e San Gallo, nonch\u00e9 le aree intorno a Davos, Arosa, Thusis e il Lago di Walen. La sede di Rapperswil \u00e8 responsabile della regione del Lago di Zurigo, dell'Oberland zurighese, di March, H\u00f6fe, Einsiedeln, Toggenburg e Glarnerland.<\/p>\n<p>Verit Immobilien impiega circa 150 persone in dieci sedi in tutta la Svizzera e gestisce oltre 40.000 immobili in affitto. <i>(aw)<\/i><\/p>","protected":false},"excerpt":{"rendered":"<p>Presso Verit Immobilien, Jo\u00eblle M\u00fchlemann subentra nella gestione della sede di Coira a Simon Fromm, che si trasferisce nella pi\u00f9 grande sede di Rapperswil come responsabile della sede.<\/p>","protected":false},"author":102,"featured_media":46974,"comment_status":"closed","ping_status":"closed","sticky":false,"template":"","format":"standard","meta":{"_acf_changed":false,"_yoast_wpseo_focuskw":"Verit Immobilien","_yoast_wpseo_title":"","_yoast_wpseo_metadesc":"Bei Verit Immobilien \u00fcbernimmt Jo\u00eblle M\u00fchlemann die Leitung des Standorts Chur von Simon Fromm, der als Standortleiter in die gr\u00f6ssere Filiale Rapperswil wechselt.","_yoast_wpseo_linkdex":46,"pgc_sgb_lightbox_settings":"","footnotes":""},"categories":[1912],"tags":[1563,1828],"class_list":["post-46971","post","type-post","status-publish","format-standard","has-post-thumbnail","hentry","category-personalia","tag-personalia","tag-verit"],"acf":[],"yoast_head":"<!-- This site is optimized with the Yoast SEO plugin v27.4 - https:\/\/yoast.com\/product\/yoast-seo-wordpress\/ -->\n<title>Verit Immobilien: Neue Chefs f\u00fcr Filialen Chur und Rapperswil - IMMOBILIEN Business<\/title>\n<meta name=\"description\" content=\"Bei Verit Immobilien \u00fcbernimmt Jo\u00eblle M\u00fchlemann die Leitung des Standorts Chur von Simon Fromm, der als Standortleiter in die gr\u00f6ssere Filiale Rapperswil wechselt.\" \/>\n<meta name=\"robots\" content=\"index, follow, max-snippet:-1, max-image-preview:large, max-video-preview:-1\" \/>\n<link rel=\"canonical\" href=\"https:\/\/www.immobilienbusiness.ch\/it\/personalia\/2023-05-12\/verit-immobilien-neue-chefs-fuer-filialen-chur-und-rapperswil\/\" \/>\n<meta property=\"og:locale\" content=\"it_IT\" \/>\n<meta property=\"og:type\" content=\"article\" \/>\n<meta property=\"og:title\" content=\"Verit Immobilien: Neue Chefs f\u00fcr Filialen Chur und Rapperswil - IMMOBILIEN Business\" \/>\n<meta property=\"og:description\" content=\"Bei Verit Immobilien \u00fcbernimmt Jo\u00eblle M\u00fchlemann die Leitung des Standorts Chur von Simon Fromm, der als Standortleiter in die gr\u00f6ssere Filiale Rapperswil wechselt.\" \/>\n<meta property=\"og:url\" content=\"https:\/\/www.immobilienbusiness.ch\/it\/personalia\/2023-05-12\/verit-immobilien-neue-chefs-fuer-filialen-chur-und-rapperswil\/\" \/>\n<meta property=\"og:site_name\" content=\"IMMOBILIEN Business\" \/>\n<meta property=\"article:publisher\" content=\"https:\/\/www.facebook.com\/immobilienbusiness\/\" \/>\n<meta property=\"article:published_time\" content=\"2023-05-12T05:47:38+00:00\" \/>\n<meta property=\"article:modified_time\" content=\"2023-06-22T15:17:21+00:00\" \/>\n<meta property=\"og:image\" content=\"https:\/\/www.immobilienbusiness.ch\/wp-content\/uploads\/2023\/05\/Muehlemann-Simon.png\" \/>\n\t<meta property=\"og:image:width\" content=\"1200\" \/>\n\t<meta property=\"og:image:height\" content=\"728\" \/>\n\t<meta property=\"og:image:type\" content=\"image\/png\" \/>\n<meta name=\"author\" content=\"Alexander Wachter\" \/>\n<meta name=\"twitter:card\" content=\"summary_large_image\" \/>\n<script type=\"application\/ld+json\" class=\"yoast-schema-graph\">{\"@context\":\"https:\\\/\\\/schema.org\",\"@graph\":[{\"@type\":\"Article\",\"@id\":\"https:\\\/\\\/www.immobilienbusiness.ch\\\/de\\\/personalia\\\/2023-05-12\\\/verit-immobilien-neue-chefs-fuer-filialen-chur-und-rapperswil\\\/#article\",\"isPartOf\":{\"@id\":\"https:\\\/\\\/www.immobilienbusiness.ch\\\/de\\\/personalia\\\/2023-05-12\\\/verit-immobilien-neue-chefs-fuer-filialen-chur-und-rapperswil\\\/\"},\"author\":{\"name\":\"Alexander Wachter\",\"@id\":\"https:\\\/\\\/www.immobilienbusiness.ch\\\/#\\\/schema\\\/person\\\/aba8bea2db926aa0c24c08c43fe1fcd5\"},\"headline\":\"Verit Immobilien: Neue Chefs f\u00fcr Filialen Chur und Rapperswil\",\"datePublished\":\"2023-05-12T05:47:38+00:00\",\"dateModified\":\"2023-06-22T15:17:21+00:00\",\"mainEntityOfPage\":{\"@id\":\"https:\\\/\\\/www.immobilienbusiness.ch\\\/de\\\/personalia\\\/2023-05-12\\\/verit-immobilien-neue-chefs-fuer-filialen-chur-und-rapperswil\\\/\"},\"wordCount\":131,\"publisher\":{\"@id\":\"https:\\\/\\\/www.immobilienbusiness.ch\\\/#organization\"},\"image\":{\"@id\":\"https:\\\/\\\/www.immobilienbusiness.ch\\\/de\\\/personalia\\\/2023-05-12\\\/verit-immobilien-neue-chefs-fuer-filialen-chur-und-rapperswil\\\/#primaryimage\"},\"thumbnailUrl\":\"https:\\\/\\\/www.immobilienbusiness.ch\\\/wp-content\\\/uploads\\\/2023\\\/05\\\/Muehlemann-Simon.png\",\"keywords\":[\"Personalia\",\"Verit\"],\"articleSection\":[\"PERSONALIA\"],\"inLanguage\":\"it-IT\"},{\"@type\":\"WebPage\",\"@id\":\"https:\\\/\\\/www.immobilienbusiness.ch\\\/de\\\/personalia\\\/2023-05-12\\\/verit-immobilien-neue-chefs-fuer-filialen-chur-und-rapperswil\\\/\",\"url\":\"https:\\\/\\\/www.immobilienbusiness.ch\\\/de\\\/personalia\\\/2023-05-12\\\/verit-immobilien-neue-chefs-fuer-filialen-chur-und-rapperswil\\\/\",\"name\":\"Verit Immobilien: Neue Chefs f\u00fcr Filialen Chur und Rapperswil - IMMOBILIEN Business\",\"isPartOf\":{\"@id\":\"https:\\\/\\\/www.immobilienbusiness.ch\\\/#website\"},\"primaryImageOfPage\":{\"@id\":\"https:\\\/\\\/www.immobilienbusiness.ch\\\/de\\\/personalia\\\/2023-05-12\\\/verit-immobilien-neue-chefs-fuer-filialen-chur-und-rapperswil\\\/#primaryimage\"},\"image\":{\"@id\":\"https:\\\/\\\/www.immobilienbusiness.ch\\\/de\\\/personalia\\\/2023-05-12\\\/verit-immobilien-neue-chefs-fuer-filialen-chur-und-rapperswil\\\/#primaryimage\"},\"thumbnailUrl\":\"https:\\\/\\\/www.immobilienbusiness.ch\\\/wp-content\\\/uploads\\\/2023\\\/05\\\/Muehlemann-Simon.png\",\"datePublished\":\"2023-05-12T05:47:38+00:00\",\"dateModified\":\"2023-06-22T15:17:21+00:00\",\"description\":\"Bei Verit Immobilien \u00fcbernimmt Jo\u00eblle M\u00fchlemann die Leitung des Standorts Chur von Simon Fromm, der als Standortleiter in die gr\u00f6ssere Filiale Rapperswil wechselt.\",\"breadcrumb\":{\"@id\":\"https:\\\/\\\/www.immobilienbusiness.ch\\\/de\\\/personalia\\\/2023-05-12\\\/verit-immobilien-neue-chefs-fuer-filialen-chur-und-rapperswil\\\/#breadcrumb\"},\"inLanguage\":\"it-IT\",\"potentialAction\":[{\"@type\":\"ReadAction\",\"target\":[\"https:\\\/\\\/www.immobilienbusiness.ch\\\/de\\\/personalia\\\/2023-05-12\\\/verit-immobilien-neue-chefs-fuer-filialen-chur-und-rapperswil\\\/\"]}]},{\"@type\":\"ImageObject\",\"inLanguage\":\"it-IT\",\"@id\":\"https:\\\/\\\/www.immobilienbusiness.ch\\\/de\\\/personalia\\\/2023-05-12\\\/verit-immobilien-neue-chefs-fuer-filialen-chur-und-rapperswil\\\/#primaryimage\",\"url\":\"https:\\\/\\\/www.immobilienbusiness.ch\\\/wp-content\\\/uploads\\\/2023\\\/05\\\/Muehlemann-Simon.png\",\"contentUrl\":\"https:\\\/\\\/www.immobilienbusiness.ch\\\/wp-content\\\/uploads\\\/2023\\\/05\\\/Muehlemann-Simon.png\",\"width\":1200,\"height\":728,\"caption\":\"Jo\u00eblle M\u00fchlemann und Simon Fromm (Bild: Verit Immobilien)\"},{\"@type\":\"BreadcrumbList\",\"@id\":\"https:\\\/\\\/www.immobilienbusiness.ch\\\/de\\\/personalia\\\/2023-05-12\\\/verit-immobilien-neue-chefs-fuer-filialen-chur-und-rapperswil\\\/#breadcrumb\",\"itemListElement\":[{\"@type\":\"ListItem\",\"position\":1,\"name\":\"Home\",\"item\":\"https:\\\/\\\/www.immobilienbusiness.ch\\\/\"},{\"@type\":\"ListItem\",\"position\":2,\"name\":\"Verit Immobilien: Neue Chefs f\u00fcr Filialen Chur und Rapperswil\"}]},{\"@type\":\"WebSite\",\"@id\":\"https:\\\/\\\/www.immobilienbusiness.ch\\\/#website\",\"url\":\"https:\\\/\\\/www.immobilienbusiness.ch\\\/\",\"name\":\"IMMOBILIEN Business\",\"description\":\"Unabh\u00e4ngiges Schweizer Wirtschaftsmagazin mit Fokus auf Immobilien, Architektur- und Bau sowie Investment- und Finanzierung.\",\"publisher\":{\"@id\":\"https:\\\/\\\/www.immobilienbusiness.ch\\\/#organization\"},\"potentialAction\":[{\"@type\":\"SearchAction\",\"target\":{\"@type\":\"EntryPoint\",\"urlTemplate\":\"https:\\\/\\\/www.immobilienbusiness.ch\\\/?s={search_term_string}\"},\"query-input\":{\"@type\":\"PropertyValueSpecification\",\"valueRequired\":true,\"valueName\":\"search_term_string\"}}],\"inLanguage\":\"it-IT\"},{\"@type\":\"Organization\",\"@id\":\"https:\\\/\\\/www.immobilienbusiness.ch\\\/#organization\",\"name\":\"IMMOBILIEN Business\",\"url\":\"https:\\\/\\\/www.immobilienbusiness.ch\\\/\",\"logo\":{\"@type\":\"ImageObject\",\"inLanguage\":\"it-IT\",\"@id\":\"https:\\\/\\\/www.immobilienbusiness.ch\\\/#\\\/schema\\\/logo\\\/image\\\/\",\"url\":\"https:\\\/\\\/www.immobilienbusiness.ch\\\/wp-content\\\/uploads\\\/2021\\\/07\\\/logo_ib.png\",\"contentUrl\":\"https:\\\/\\\/www.immobilienbusiness.ch\\\/wp-content\\\/uploads\\\/2021\\\/07\\\/logo_ib.png\",\"width\":800,\"height\":181,\"caption\":\"IMMOBILIEN Business\"},\"image\":{\"@id\":\"https:\\\/\\\/www.immobilienbusiness.ch\\\/#\\\/schema\\\/logo\\\/image\\\/\"},\"sameAs\":[\"https:\\\/\\\/www.facebook.com\\\/immobilienbusiness\\\/\"]},{\"@type\":\"Person\",\"@id\":\"https:\\\/\\\/www.immobilienbusiness.ch\\\/#\\\/schema\\\/person\\\/aba8bea2db926aa0c24c08c43fe1fcd5\",\"name\":\"Alexander Wachter\",\"image\":{\"@type\":\"ImageObject\",\"inLanguage\":\"it-IT\",\"@id\":\"https:\\\/\\\/secure.gravatar.com\\\/avatar\\\/1a09e471f5389b0e0a6416eac287e0927c7c97a7b77f9e787eba3af7aee281dd?s=96&d=mm&r=g\",\"url\":\"https:\\\/\\\/secure.gravatar.com\\\/avatar\\\/1a09e471f5389b0e0a6416eac287e0927c7c97a7b77f9e787eba3af7aee281dd?s=96&d=mm&r=g\",\"contentUrl\":\"https:\\\/\\\/secure.gravatar.com\\\/avatar\\\/1a09e471f5389b0e0a6416eac287e0927c7c97a7b77f9e787eba3af7aee281dd?s=96&d=mm&r=g\",\"caption\":\"Alexander Wachter\"},\"url\":\"https:\\\/\\\/www.immobilienbusiness.ch\\\/it\\\/author\\\/alexander-wachter\\\/\"}]}<\/script>\n<!-- \/ Yoast SEO plugin. -->","yoast_head_json":{"title":"Verit Immobilien: Neue Chefs f\u00fcr Filialen Chur und Rapperswil - IMMOBILIEN Business","description":"Presso Verit Immobilien, Jo\u00eblle M\u00fchlemann subentra nella gestione della sede di Coira a Simon Fromm, che si trasferisce nella pi\u00f9 grande sede di Rapperswil come responsabile della sede.","robots":{"index":"index","follow":"follow","max-snippet":"max-snippet:-1","max-image-preview":"max-image-preview:large","max-video-preview":"max-video-preview:-1"},"canonical":"https:\/\/www.immobilienbusiness.ch\/it\/personalia\/2023-05-12\/verit-immobilien-neue-chefs-fuer-filialen-chur-und-rapperswil\/","og_locale":"it_IT","og_type":"article","og_title":"Verit Immobilien: Neue Chefs f\u00fcr Filialen Chur und Rapperswil - IMMOBILIEN Business","og_description":"Bei Verit Immobilien \u00fcbernimmt Jo\u00eblle M\u00fchlemann die Leitung des Standorts Chur von Simon Fromm, der als Standortleiter in die gr\u00f6ssere Filiale Rapperswil wechselt.","og_url":"https:\/\/www.immobilienbusiness.ch\/it\/personalia\/2023-05-12\/verit-immobilien-neue-chefs-fuer-filialen-chur-und-rapperswil\/","og_site_name":"IMMOBILIEN Business","article_publisher":"https:\/\/www.facebook.com\/immobilienbusiness\/","article_published_time":"2023-05-12T05:47:38+00:00","article_modified_time":"2023-06-22T15:17:21+00:00","og_image":[{"width":1200,"height":728,"url":"https:\/\/www.immobilienbusiness.ch\/wp-content\/uploads\/2023\/05\/Muehlemann-Simon.png","type":"image\/png"}],"author":"Alexander Wachter","twitter_card":"summary_large_image","schema":{"@context":"https:\/\/schema.org","@graph":[{"@type":"Article","@id":"https:\/\/www.immobilienbusiness.ch\/de\/personalia\/2023-05-12\/verit-immobilien-neue-chefs-fuer-filialen-chur-und-rapperswil\/#article","isPartOf":{"@id":"https:\/\/www.immobilienbusiness.ch\/de\/personalia\/2023-05-12\/verit-immobilien-neue-chefs-fuer-filialen-chur-und-rapperswil\/"},"author":{"name":"Alexander Wachter","@id":"https:\/\/www.immobilienbusiness.ch\/#\/schema\/person\/aba8bea2db926aa0c24c08c43fe1fcd5"},"headline":"Verit Immobilien: Neue Chefs f\u00fcr Filialen Chur und Rapperswil","datePublished":"2023-05-12T05:47:38+00:00","dateModified":"2023-06-22T15:17:21+00:00","mainEntityOfPage":{"@id":"https:\/\/www.immobilienbusiness.ch\/de\/personalia\/2023-05-12\/verit-immobilien-neue-chefs-fuer-filialen-chur-und-rapperswil\/"},"wordCount":131,"publisher":{"@id":"https:\/\/www.immobilienbusiness.ch\/#organization"},"image":{"@id":"https:\/\/www.immobilienbusiness.ch\/de\/personalia\/2023-05-12\/verit-immobilien-neue-chefs-fuer-filialen-chur-und-rapperswil\/#primaryimage"},"thumbnailUrl":"https:\/\/www.immobilienbusiness.ch\/wp-content\/uploads\/2023\/05\/Muehlemann-Simon.png","keywords":["Personalia","Verit"],"articleSection":["PERSONALIA"],"inLanguage":"it-IT"},{"@type":"WebPage","@id":"https:\/\/www.immobilienbusiness.ch\/de\/personalia\/2023-05-12\/verit-immobilien-neue-chefs-fuer-filialen-chur-und-rapperswil\/","url":"https:\/\/www.immobilienbusiness.ch\/de\/personalia\/2023-05-12\/verit-immobilien-neue-chefs-fuer-filialen-chur-und-rapperswil\/","name":"Verit Immobilien: Neue Chefs f\u00fcr Filialen Chur und Rapperswil - IMMOBILIEN Business","isPartOf":{"@id":"https:\/\/www.immobilienbusiness.ch\/#website"},"primaryImageOfPage":{"@id":"https:\/\/www.immobilienbusiness.ch\/de\/personalia\/2023-05-12\/verit-immobilien-neue-chefs-fuer-filialen-chur-und-rapperswil\/#primaryimage"},"image":{"@id":"https:\/\/www.immobilienbusiness.ch\/de\/personalia\/2023-05-12\/verit-immobilien-neue-chefs-fuer-filialen-chur-und-rapperswil\/#primaryimage"},"thumbnailUrl":"https:\/\/www.immobilienbusiness.ch\/wp-content\/uploads\/2023\/05\/Muehlemann-Simon.png","datePublished":"2023-05-12T05:47:38+00:00","dateModified":"2023-06-22T15:17:21+00:00","description":"Presso Verit Immobilien, Jo\u00eblle M\u00fchlemann subentra nella gestione della sede di Coira a Simon Fromm, che si trasferisce nella pi\u00f9 grande sede di Rapperswil come responsabile della sede.","breadcrumb":{"@id":"https:\/\/www.immobilienbusiness.ch\/de\/personalia\/2023-05-12\/verit-immobilien-neue-chefs-fuer-filialen-chur-und-rapperswil\/#breadcrumb"},"inLanguage":"it-IT","potentialAction":[{"@type":"ReadAction","target":["https:\/\/www.immobilienbusiness.ch\/de\/personalia\/2023-05-12\/verit-immobilien-neue-chefs-fuer-filialen-chur-und-rapperswil\/"]}]},{"@type":"ImageObject","inLanguage":"it-IT","@id":"https:\/\/www.immobilienbusiness.ch\/de\/personalia\/2023-05-12\/verit-immobilien-neue-chefs-fuer-filialen-chur-und-rapperswil\/#primaryimage","url":"https:\/\/www.immobilienbusiness.ch\/wp-content\/uploads\/2023\/05\/Muehlemann-Simon.png","contentUrl":"https:\/\/www.immobilienbusiness.ch\/wp-content\/uploads\/2023\/05\/Muehlemann-Simon.png","width":1200,"height":728,"caption":"Jo\u00eblle M\u00fchlemann und Simon Fromm (Bild: Verit Immobilien)"},{"@type":"BreadcrumbList","@id":"https:\/\/www.immobilienbusiness.ch\/de\/personalia\/2023-05-12\/verit-immobilien-neue-chefs-fuer-filialen-chur-und-rapperswil\/#breadcrumb","itemListElement":[{"@type":"ListItem","position":1,"name":"Home","item":"https:\/\/www.immobilienbusiness.ch\/"},{"@type":"ListItem","position":2,"name":"Verit Immobilien: Neue Chefs f\u00fcr Filialen Chur und Rapperswil"}]},{"@type":"WebSite","@id":"https:\/\/www.immobilienbusiness.ch\/#website","url":"https:\/\/www.immobilienbusiness.ch\/","name":"Affari immobiliari","description":"Rivista economica indipendente svizzera che si concentra sul settore immobiliare, l'architettura e la costruzione, nonch\u00e9 sugli investimenti e i finanziamenti.","publisher":{"@id":"https:\/\/www.immobilienbusiness.ch\/#organization"},"potentialAction":[{"@type":"SearchAction","target":{"@type":"EntryPoint","urlTemplate":"https:\/\/www.immobilienbusiness.ch\/?s={search_term_string}"},"query-input":{"@type":"PropertyValueSpecification","valueRequired":true,"valueName":"search_term_string"}}],"inLanguage":"it-IT"},{"@type":"Organization","@id":"https:\/\/www.immobilienbusiness.ch\/#organization","name":"Affari immobiliari","url":"https:\/\/www.immobilienbusiness.ch\/","logo":{"@type":"ImageObject","inLanguage":"it-IT","@id":"https:\/\/www.immobilienbusiness.ch\/#\/schema\/logo\/image\/","url":"https:\/\/www.immobilienbusiness.ch\/wp-content\/uploads\/2021\/07\/logo_ib.png","contentUrl":"https:\/\/www.immobilienbusiness.ch\/wp-content\/uploads\/2021\/07\/logo_ib.png","width":800,"height":181,"caption":"IMMOBILIEN Business"},"image":{"@id":"https:\/\/www.immobilienbusiness.ch\/#\/schema\/logo\/image\/"},"sameAs":["https:\/\/www.facebook.com\/immobilienbusiness\/"]},{"@type":"Person","@id":"https:\/\/www.immobilienbusiness.ch\/#\/schema\/person\/aba8bea2db926aa0c24c08c43fe1fcd5","name":"Alexander Wachter","image":{"@type":"ImageObject","inLanguage":"it-IT","@id":"https:\/\/secure.gravatar.com\/avatar\/1a09e471f5389b0e0a6416eac287e0927c7c97a7b77f9e787eba3af7aee281dd?s=96&d=mm&r=g","url":"https:\/\/secure.gravatar.com\/avatar\/1a09e471f5389b0e0a6416eac287e0927c7c97a7b77f9e787eba3af7aee281dd?s=96&d=mm&r=g","contentUrl":"https:\/\/secure.gravatar.com\/avatar\/1a09e471f5389b0e0a6416eac287e0927c7c97a7b77f9e787eba3af7aee281dd?s=96&d=mm&r=g","caption":"Alexander Wachter"},"url":"https:\/\/www.immobilienbusiness.ch\/it\/author\/alexander-wachter\/"}]}},"_links":{"self":[{"href":"https:\/\/www.immobilienbusiness.ch\/it\/wp-json\/wp\/v2\/posts\/46971","targetHints":{"allow":["GET"]}}],"collection":[{"href":"https:\/\/www.immobilienbusiness.ch\/it\/wp-json\/wp\/v2\/posts"}],"about":[{"href":"https:\/\/www.immobilienbusiness.ch\/it\/wp-json\/wp\/v2\/types\/post"}],"author":[{"embeddable":true,"href":"https:\/\/www.immobilienbusiness.ch\/it\/wp-json\/wp\/v2\/users\/102"}],"replies":[{"embeddable":true,"href":"https:\/\/www.immobilienbusiness.ch\/it\/wp-json\/wp\/v2\/comments?post=46971"}],"version-history":[{"count":5,"href":"https:\/\/www.immobilienbusiness.ch\/it\/wp-json\/wp\/v2\/posts\/46971\/revisions"}],"predecessor-version":[{"id":47604,"href":"https:\/\/www.immobilienbusiness.ch\/it\/wp-json\/wp\/v2\/posts\/46971\/revisions\/47604"}],"wp:featuredmedia":[{"embeddable":true,"href":"https:\/\/www.immobilienbusiness.ch\/it\/wp-json\/wp\/v2\/media\/46974"}],"wp:attachment":[{"href":"https:\/\/www.immobilienbusiness.ch\/it\/wp-json\/wp\/v2\/media?parent=46971"}],"wp:term":[{"taxonomy":"category","embeddable":true,"href":"https:\/\/www.immobilienbusiness.ch\/it\/wp-json\/wp\/v2\/categories?post=46971"},{"taxonomy":"post_tag","embeddable":true,"href":"https:\/\/www.immobilienbusiness.ch\/it\/wp-json\/wp\/v2\/tags?post=46971"}],"curies":[{"name":"wp","href":"https:\/\/api.w.org\/{rel}","templated":true}]}}