{"id":46911,"date":"2023-05-09T08:00:22","date_gmt":"2023-05-09T06:00:22","guid":{"rendered":"https:\/\/www.immobilienbusiness.ch\/?p=46911"},"modified":"2023-06-22T17:24:16","modified_gmt":"2023-06-22T15:24:16","slug":"zuerich-neuer-glanz-fuer-die-sihlporte","status":"publish","type":"post","link":"https:\/\/www.immobilienbusiness.ch\/it\/regionen\/2023-05-09\/zuerich-neuer-glanz-fuer-die-sihlporte\/","title":{"rendered":"Zurigo: nuovo splendore per la Sihlporte"},"content":{"rendered":"<div class=\"_rp_k allowTextSelection scrollContainer\" tabindex=\"-1\" role=\"region\" aria-label=\"Area di lettura\">\n<div>\n<div class=\"_rp_l\" role=\"heading\" aria-level=\"2\">\n<figure id=\"attachment_46916\" aria-describedby=\"caption-attachment-46916\" style=\"width: 822px\" class=\"wp-caption alignnone\"><a href=\"https:\/\/www.immobilienbusiness.ch\/wp-content\/uploads\/2023\/05\/Sihlporte.png\"><img loading=\"lazy\" decoding=\"async\" class=\"wp-image-46916 size-full\" src=\"https:\/\/www.immobilienbusiness.ch\/wp-content\/uploads\/2023\/05\/Sihlporte.png\" alt=\"Axa\" width=\"822\" height=\"573\" srcset=\"https:\/\/www.immobilienbusiness.ch\/wp-content\/uploads\/2023\/05\/Sihlporte.png 822w, https:\/\/www.immobilienbusiness.ch\/wp-content\/uploads\/2023\/05\/Sihlporte-300x209.png 300w, https:\/\/www.immobilienbusiness.ch\/wp-content\/uploads\/2023\/05\/Sihlporte-768x535.png 768w, https:\/\/www.immobilienbusiness.ch\/wp-content\/uploads\/2023\/05\/Sihlporte-18x12.png 18w, https:\/\/www.immobilienbusiness.ch\/wp-content\/uploads\/2023\/05\/Sihlporte-375x261.png 375w, https:\/\/www.immobilienbusiness.ch\/wp-content\/uploads\/2023\/05\/Sihlporte-502x350.png 502w\" sizes=\"auto, (max-width: 822px) 100vw, 822px\" \/><\/a><figcaption id=\"caption-attachment-46916\" class=\"wp-caption-text\">Ecco come apparir\u00e0 la Sihlporte dopo l'ammodernamento (visualizzazione zVg)<\/figcaption><\/figure>\n<p>Un tempo porta della citt\u00e0 di Zurigo, la Sihlporte vanta una storia di oltre 360 anni. Era una delle porte pi\u00f9 importanti della citt\u00e0 perch\u00e9 era l'unico accesso alla citt\u00e0 sulla riva sinistra della Limmat. Negli anni '30, alla Sihlporte fu costruito un centro d'affari che ancora oggi caratterizza il paesaggio urbano di Zurigo.<\/p>\n<p>L'edificio all'angolo tra L\u00f6wenstrasse 1+3\/Sihlstrasse 46 fa parte dal 2021 del portafoglio immobiliare di Axa Investment Foundation, che quest'anno ristrutturer\u00e0 l'edificio quasi centenario adattandolo alle esigenze odierne. \"Siamo lieti di poter far uscire questo edificio storico dal suo torpore e dargli nuova vita\", afferma Stephanie Oefele, Asset Manager di Axa Investment Managers Svizzera SA.<\/p>\n<\/div>\n<\/div>\n<\/div>\n<div class=\"_rp_45\">\n<div role=\"document\">\n<div id=\"Item.MessagePartBody\" class=\"_rp_T4\">\n<div id=\"Item.MessageUniqueBody\" class=\"_rp_U4 ms-font-weight-regular ms-font-color-neutralDark rpHighlightAllClass rpHighlightBodyClass\">\n<div class=\"rps_b0e6\">\n<div>\n<div dir=\"ltr\">\n<div id=\"x_divtagdefaultwrapper\" dir=\"ltr\">\n<div>\n<p class=\"x_MsoNormal\">Secondo le informazioni ricevute, le facciate dell'edificio, classificato come edificio del 1926\/27, saranno ristrutturate secondo lo spirito del tempo e saranno costruite nuove vetrine al piano terra. La tettoia sar\u00e0 rimossa, riportando l'edificio al design dell'inizio del secolo scorso. I servizi dell'edificio (raffreddamento\/ventilazione) degli uffici in altezza saranno modernizzati. Nei prossimi anni l'edificio sar\u00e0 riscaldato tramite un sistema di teleriscaldamento; sul tetto sar\u00e0 inoltre installato un impianto fotovoltaico. I lavori di costruzione inizieranno nell'estate del 2023 e dureranno fino all'autunno del 2024 circa.<\/p>\n<p class=\"x_MsoNormal\">Axa Investment Management ha gi\u00e0 trovato un inquilino principale per l'edificio ristrutturato: Nell'estate del 2024, la societ\u00e0 di consulenza Marsh McLennan, composta da Marsh, Mercer, Guy Carpenter e Oliver Wyman, si trasferir\u00e0 nell'edificio. \"La posizione centrale di Zurigo, unita al fascino storico della Sihlporte, ha reso facile la scelta di questa sede\", afferma Samuel Lisse, CEO di MarshMcLennan Svizzera. <em>(bw)<\/em><\/p>\n<p class=\"x_MsoNormal\">\n<\/div>\n<\/div>\n<\/div>\n<\/div>\n<\/div>\n<\/div>\n<\/div>\n<\/div>\n<\/div>","protected":false},"excerpt":{"rendered":"<p>L'edificio storico di L\u00f6wenstrasse 1+3, parte della Sihlporte di Zurigo, sar\u00e0 restaurato dalla Axa Investment Foundation a partire da quest'estate. \u00c8 gi\u00e0 stato trovato un nuovo inquilino principale per l'estate 2024.<\/p>","protected":false},"author":102,"featured_media":46916,"comment_status":"closed","ping_status":"closed","sticky":false,"template":"","format":"standard","meta":{"_acf_changed":false,"_yoast_wpseo_focuskw":"Axa","_yoast_wpseo_title":"","_yoast_wpseo_metadesc":"Das geschichtstr\u00e4chtige Geb\u00e4ude an der L\u00f6wenstrasse 1 + 3, Teil der Z\u00fcrcher Sihlporte, wird von der Axa Anlagestiftung ab diesem Sommer restauriert.","_yoast_wpseo_linkdex":59,"pgc_sgb_lightbox_settings":"","footnotes":""},"categories":[985],"tags":[1057,1600,1832,1888],"class_list":["post-46911","post","type-post","status-publish","format-standard","has-post-thumbnail","hentry","category-regionen","tag-axa","tag-projekt-in-planung","tag-vermietung","tag-zuerich"],"acf":[],"yoast_head":"<!-- This site is optimized with the Yoast SEO plugin v27.5 - https:\/\/yoast.com\/product\/yoast-seo-wordpress\/ -->\n<title>Z\u00fcrich: Neuer Glanz f\u00fcr die Sihlporte - IMMOBILIEN Business<\/title>\n<meta name=\"description\" content=\"Das geschichtstr\u00e4chtige Geb\u00e4ude an der L\u00f6wenstrasse 1 + 3, Teil der Z\u00fcrcher Sihlporte, wird von der Axa Anlagestiftung ab diesem Sommer restauriert.\" \/>\n<meta name=\"robots\" content=\"index, follow, max-snippet:-1, max-image-preview:large, max-video-preview:-1\" \/>\n<link rel=\"canonical\" href=\"https:\/\/www.immobilienbusiness.ch\/it\/regionen\/2023-05-09\/zuerich-neuer-glanz-fuer-die-sihlporte\/\" \/>\n<meta property=\"og:locale\" content=\"it_IT\" \/>\n<meta property=\"og:type\" content=\"article\" \/>\n<meta property=\"og:title\" content=\"Z\u00fcrich: Neuer Glanz f\u00fcr die Sihlporte - IMMOBILIEN Business\" \/>\n<meta property=\"og:description\" content=\"Das geschichtstr\u00e4chtige Geb\u00e4ude an der L\u00f6wenstrasse 1 + 3, Teil der Z\u00fcrcher Sihlporte, wird von der Axa Anlagestiftung ab diesem Sommer restauriert.\" \/>\n<meta property=\"og:url\" content=\"https:\/\/www.immobilienbusiness.ch\/it\/regionen\/2023-05-09\/zuerich-neuer-glanz-fuer-die-sihlporte\/\" \/>\n<meta property=\"og:site_name\" content=\"IMMOBILIEN Business\" \/>\n<meta property=\"article:publisher\" content=\"https:\/\/www.facebook.com\/immobilienbusiness\/\" \/>\n<meta property=\"article:published_time\" content=\"2023-05-09T06:00:22+00:00\" \/>\n<meta property=\"article:modified_time\" content=\"2023-06-22T15:24:16+00:00\" \/>\n<meta property=\"og:image\" content=\"https:\/\/www.immobilienbusiness.ch\/wp-content\/uploads\/2023\/05\/Sihlporte.png\" \/>\n\t<meta property=\"og:image:width\" content=\"822\" \/>\n\t<meta property=\"og:image:height\" content=\"573\" \/>\n\t<meta property=\"og:image:type\" content=\"image\/png\" \/>\n<meta name=\"author\" content=\"Alexander Wachter\" \/>\n<meta name=\"twitter:card\" content=\"summary_large_image\" \/>\n<script type=\"application\/ld+json\" class=\"yoast-schema-graph\">{\"@context\":\"https:\\\/\\\/schema.org\",\"@graph\":[{\"@type\":\"Article\",\"@id\":\"https:\\\/\\\/www.immobilienbusiness.ch\\\/de\\\/regionen\\\/2023-05-09\\\/zuerich-neuer-glanz-fuer-die-sihlporte\\\/#article\",\"isPartOf\":{\"@id\":\"https:\\\/\\\/www.immobilienbusiness.ch\\\/de\\\/regionen\\\/2023-05-09\\\/zuerich-neuer-glanz-fuer-die-sihlporte\\\/\"},\"author\":{\"name\":\"Alexander Wachter\",\"@id\":\"https:\\\/\\\/www.immobilienbusiness.ch\\\/#\\\/schema\\\/person\\\/aba8bea2db926aa0c24c08c43fe1fcd5\"},\"headline\":\"Z\u00fcrich: Neuer Glanz f\u00fcr die Sihlporte\",\"datePublished\":\"2023-05-09T06:00:22+00:00\",\"dateModified\":\"2023-06-22T15:24:16+00:00\",\"mainEntityOfPage\":{\"@id\":\"https:\\\/\\\/www.immobilienbusiness.ch\\\/de\\\/regionen\\\/2023-05-09\\\/zuerich-neuer-glanz-fuer-die-sihlporte\\\/\"},\"wordCount\":303,\"publisher\":{\"@id\":\"https:\\\/\\\/www.immobilienbusiness.ch\\\/#organization\"},\"image\":{\"@id\":\"https:\\\/\\\/www.immobilienbusiness.ch\\\/de\\\/regionen\\\/2023-05-09\\\/zuerich-neuer-glanz-fuer-die-sihlporte\\\/#primaryimage\"},\"thumbnailUrl\":\"https:\\\/\\\/www.immobilienbusiness.ch\\\/wp-content\\\/uploads\\\/2023\\\/05\\\/Sihlporte.png\",\"keywords\":[\"Axa\",\"Projekt in Planung\",\"Vermietung\",\"Z\u00fcrich\"],\"articleSection\":[\"REGIONEN\"],\"inLanguage\":\"it-IT\"},{\"@type\":\"WebPage\",\"@id\":\"https:\\\/\\\/www.immobilienbusiness.ch\\\/de\\\/regionen\\\/2023-05-09\\\/zuerich-neuer-glanz-fuer-die-sihlporte\\\/\",\"url\":\"https:\\\/\\\/www.immobilienbusiness.ch\\\/de\\\/regionen\\\/2023-05-09\\\/zuerich-neuer-glanz-fuer-die-sihlporte\\\/\",\"name\":\"Z\u00fcrich: Neuer Glanz f\u00fcr die Sihlporte - IMMOBILIEN Business\",\"isPartOf\":{\"@id\":\"https:\\\/\\\/www.immobilienbusiness.ch\\\/#website\"},\"primaryImageOfPage\":{\"@id\":\"https:\\\/\\\/www.immobilienbusiness.ch\\\/de\\\/regionen\\\/2023-05-09\\\/zuerich-neuer-glanz-fuer-die-sihlporte\\\/#primaryimage\"},\"image\":{\"@id\":\"https:\\\/\\\/www.immobilienbusiness.ch\\\/de\\\/regionen\\\/2023-05-09\\\/zuerich-neuer-glanz-fuer-die-sihlporte\\\/#primaryimage\"},\"thumbnailUrl\":\"https:\\\/\\\/www.immobilienbusiness.ch\\\/wp-content\\\/uploads\\\/2023\\\/05\\\/Sihlporte.png\",\"datePublished\":\"2023-05-09T06:00:22+00:00\",\"dateModified\":\"2023-06-22T15:24:16+00:00\",\"description\":\"Das geschichtstr\u00e4chtige Geb\u00e4ude an der L\u00f6wenstrasse 1 + 3, Teil der Z\u00fcrcher Sihlporte, wird von der Axa Anlagestiftung ab diesem Sommer restauriert.\",\"breadcrumb\":{\"@id\":\"https:\\\/\\\/www.immobilienbusiness.ch\\\/de\\\/regionen\\\/2023-05-09\\\/zuerich-neuer-glanz-fuer-die-sihlporte\\\/#breadcrumb\"},\"inLanguage\":\"it-IT\",\"potentialAction\":[{\"@type\":\"ReadAction\",\"target\":[\"https:\\\/\\\/www.immobilienbusiness.ch\\\/de\\\/regionen\\\/2023-05-09\\\/zuerich-neuer-glanz-fuer-die-sihlporte\\\/\"]}]},{\"@type\":\"ImageObject\",\"inLanguage\":\"it-IT\",\"@id\":\"https:\\\/\\\/www.immobilienbusiness.ch\\\/de\\\/regionen\\\/2023-05-09\\\/zuerich-neuer-glanz-fuer-die-sihlporte\\\/#primaryimage\",\"url\":\"https:\\\/\\\/www.immobilienbusiness.ch\\\/wp-content\\\/uploads\\\/2023\\\/05\\\/Sihlporte.png\",\"contentUrl\":\"https:\\\/\\\/www.immobilienbusiness.ch\\\/wp-content\\\/uploads\\\/2023\\\/05\\\/Sihlporte.png\",\"width\":822,\"height\":573,\"caption\":\"So soll die Sihlporte nach der Modernisierung aussehen (Visualisierung zVg)\"},{\"@type\":\"BreadcrumbList\",\"@id\":\"https:\\\/\\\/www.immobilienbusiness.ch\\\/de\\\/regionen\\\/2023-05-09\\\/zuerich-neuer-glanz-fuer-die-sihlporte\\\/#breadcrumb\",\"itemListElement\":[{\"@type\":\"ListItem\",\"position\":1,\"name\":\"Home\",\"item\":\"https:\\\/\\\/www.immobilienbusiness.ch\\\/\"},{\"@type\":\"ListItem\",\"position\":2,\"name\":\"Z\u00fcrich: Neuer Glanz f\u00fcr die Sihlporte\"}]},{\"@type\":\"WebSite\",\"@id\":\"https:\\\/\\\/www.immobilienbusiness.ch\\\/#website\",\"url\":\"https:\\\/\\\/www.immobilienbusiness.ch\\\/\",\"name\":\"IMMOBILIEN Business\",\"description\":\"Unabh\u00e4ngiges Schweizer Wirtschaftsmagazin mit Fokus auf Immobilien, Architektur- und Bau sowie Investment- und Finanzierung.\",\"publisher\":{\"@id\":\"https:\\\/\\\/www.immobilienbusiness.ch\\\/#organization\"},\"potentialAction\":[{\"@type\":\"SearchAction\",\"target\":{\"@type\":\"EntryPoint\",\"urlTemplate\":\"https:\\\/\\\/www.immobilienbusiness.ch\\\/?s={search_term_string}\"},\"query-input\":{\"@type\":\"PropertyValueSpecification\",\"valueRequired\":true,\"valueName\":\"search_term_string\"}}],\"inLanguage\":\"it-IT\"},{\"@type\":\"Organization\",\"@id\":\"https:\\\/\\\/www.immobilienbusiness.ch\\\/#organization\",\"name\":\"IMMOBILIEN Business\",\"url\":\"https:\\\/\\\/www.immobilienbusiness.ch\\\/\",\"logo\":{\"@type\":\"ImageObject\",\"inLanguage\":\"it-IT\",\"@id\":\"https:\\\/\\\/www.immobilienbusiness.ch\\\/#\\\/schema\\\/logo\\\/image\\\/\",\"url\":\"https:\\\/\\\/www.immobilienbusiness.ch\\\/wp-content\\\/uploads\\\/2021\\\/07\\\/logo_ib.png\",\"contentUrl\":\"https:\\\/\\\/www.immobilienbusiness.ch\\\/wp-content\\\/uploads\\\/2021\\\/07\\\/logo_ib.png\",\"width\":800,\"height\":181,\"caption\":\"IMMOBILIEN Business\"},\"image\":{\"@id\":\"https:\\\/\\\/www.immobilienbusiness.ch\\\/#\\\/schema\\\/logo\\\/image\\\/\"},\"sameAs\":[\"https:\\\/\\\/www.facebook.com\\\/immobilienbusiness\\\/\"]},{\"@type\":\"Person\",\"@id\":\"https:\\\/\\\/www.immobilienbusiness.ch\\\/#\\\/schema\\\/person\\\/aba8bea2db926aa0c24c08c43fe1fcd5\",\"name\":\"Alexander Wachter\",\"image\":{\"@type\":\"ImageObject\",\"inLanguage\":\"it-IT\",\"@id\":\"https:\\\/\\\/secure.gravatar.com\\\/avatar\\\/1a09e471f5389b0e0a6416eac287e0927c7c97a7b77f9e787eba3af7aee281dd?s=96&d=mm&r=g\",\"url\":\"https:\\\/\\\/secure.gravatar.com\\\/avatar\\\/1a09e471f5389b0e0a6416eac287e0927c7c97a7b77f9e787eba3af7aee281dd?s=96&d=mm&r=g\",\"contentUrl\":\"https:\\\/\\\/secure.gravatar.com\\\/avatar\\\/1a09e471f5389b0e0a6416eac287e0927c7c97a7b77f9e787eba3af7aee281dd?s=96&d=mm&r=g\",\"caption\":\"Alexander Wachter\"},\"url\":\"https:\\\/\\\/www.immobilienbusiness.ch\\\/it\\\/author\\\/alexander-wachter\\\/\"}]}<\/script>\n<!-- \/ Yoast SEO plugin. -->","yoast_head_json":{"title":"Z\u00fcrich: Neuer Glanz f\u00fcr die Sihlporte - IMMOBILIEN Business","description":"Das geschichtstr\u00e4chtige Geb\u00e4ude an der L\u00f6wenstrasse 1 + 3, Teil der Z\u00fcrcher Sihlporte, wird von der Axa Anlagestiftung ab diesem Sommer restauriert.","robots":{"index":"index","follow":"follow","max-snippet":"max-snippet:-1","max-image-preview":"max-image-preview:large","max-video-preview":"max-video-preview:-1"},"canonical":"https:\/\/www.immobilienbusiness.ch\/it\/regionen\/2023-05-09\/zuerich-neuer-glanz-fuer-die-sihlporte\/","og_locale":"it_IT","og_type":"article","og_title":"Z\u00fcrich: Neuer Glanz f\u00fcr die Sihlporte - IMMOBILIEN Business","og_description":"Das geschichtstr\u00e4chtige Geb\u00e4ude an der L\u00f6wenstrasse 1 + 3, Teil der Z\u00fcrcher Sihlporte, wird von der Axa Anlagestiftung ab diesem Sommer restauriert.","og_url":"https:\/\/www.immobilienbusiness.ch\/it\/regionen\/2023-05-09\/zuerich-neuer-glanz-fuer-die-sihlporte\/","og_site_name":"IMMOBILIEN Business","article_publisher":"https:\/\/www.facebook.com\/immobilienbusiness\/","article_published_time":"2023-05-09T06:00:22+00:00","article_modified_time":"2023-06-22T15:24:16+00:00","og_image":[{"width":822,"height":573,"url":"https:\/\/www.immobilienbusiness.ch\/wp-content\/uploads\/2023\/05\/Sihlporte.png","type":"image\/png"}],"author":"Alexander Wachter","twitter_card":"summary_large_image","schema":{"@context":"https:\/\/schema.org","@graph":[{"@type":"Article","@id":"https:\/\/www.immobilienbusiness.ch\/de\/regionen\/2023-05-09\/zuerich-neuer-glanz-fuer-die-sihlporte\/#article","isPartOf":{"@id":"https:\/\/www.immobilienbusiness.ch\/de\/regionen\/2023-05-09\/zuerich-neuer-glanz-fuer-die-sihlporte\/"},"author":{"name":"Alexander Wachter","@id":"https:\/\/www.immobilienbusiness.ch\/#\/schema\/person\/aba8bea2db926aa0c24c08c43fe1fcd5"},"headline":"Z\u00fcrich: Neuer Glanz f\u00fcr die Sihlporte","datePublished":"2023-05-09T06:00:22+00:00","dateModified":"2023-06-22T15:24:16+00:00","mainEntityOfPage":{"@id":"https:\/\/www.immobilienbusiness.ch\/de\/regionen\/2023-05-09\/zuerich-neuer-glanz-fuer-die-sihlporte\/"},"wordCount":303,"publisher":{"@id":"https:\/\/www.immobilienbusiness.ch\/#organization"},"image":{"@id":"https:\/\/www.immobilienbusiness.ch\/de\/regionen\/2023-05-09\/zuerich-neuer-glanz-fuer-die-sihlporte\/#primaryimage"},"thumbnailUrl":"https:\/\/www.immobilienbusiness.ch\/wp-content\/uploads\/2023\/05\/Sihlporte.png","keywords":["Axa","Projekt in Planung","Vermietung","Z\u00fcrich"],"articleSection":["REGIONEN"],"inLanguage":"it-IT"},{"@type":"WebPage","@id":"https:\/\/www.immobilienbusiness.ch\/de\/regionen\/2023-05-09\/zuerich-neuer-glanz-fuer-die-sihlporte\/","url":"https:\/\/www.immobilienbusiness.ch\/de\/regionen\/2023-05-09\/zuerich-neuer-glanz-fuer-die-sihlporte\/","name":"Z\u00fcrich: Neuer Glanz f\u00fcr die Sihlporte - IMMOBILIEN Business","isPartOf":{"@id":"https:\/\/www.immobilienbusiness.ch\/#website"},"primaryImageOfPage":{"@id":"https:\/\/www.immobilienbusiness.ch\/de\/regionen\/2023-05-09\/zuerich-neuer-glanz-fuer-die-sihlporte\/#primaryimage"},"image":{"@id":"https:\/\/www.immobilienbusiness.ch\/de\/regionen\/2023-05-09\/zuerich-neuer-glanz-fuer-die-sihlporte\/#primaryimage"},"thumbnailUrl":"https:\/\/www.immobilienbusiness.ch\/wp-content\/uploads\/2023\/05\/Sihlporte.png","datePublished":"2023-05-09T06:00:22+00:00","dateModified":"2023-06-22T15:24:16+00:00","description":"Das geschichtstr\u00e4chtige Geb\u00e4ude an der L\u00f6wenstrasse 1 + 3, Teil der Z\u00fcrcher Sihlporte, wird von der Axa Anlagestiftung ab diesem Sommer restauriert.","breadcrumb":{"@id":"https:\/\/www.immobilienbusiness.ch\/de\/regionen\/2023-05-09\/zuerich-neuer-glanz-fuer-die-sihlporte\/#breadcrumb"},"inLanguage":"it-IT","potentialAction":[{"@type":"ReadAction","target":["https:\/\/www.immobilienbusiness.ch\/de\/regionen\/2023-05-09\/zuerich-neuer-glanz-fuer-die-sihlporte\/"]}]},{"@type":"ImageObject","inLanguage":"it-IT","@id":"https:\/\/www.immobilienbusiness.ch\/de\/regionen\/2023-05-09\/zuerich-neuer-glanz-fuer-die-sihlporte\/#primaryimage","url":"https:\/\/www.immobilienbusiness.ch\/wp-content\/uploads\/2023\/05\/Sihlporte.png","contentUrl":"https:\/\/www.immobilienbusiness.ch\/wp-content\/uploads\/2023\/05\/Sihlporte.png","width":822,"height":573,"caption":"So soll die Sihlporte nach der Modernisierung aussehen (Visualisierung zVg)"},{"@type":"BreadcrumbList","@id":"https:\/\/www.immobilienbusiness.ch\/de\/regionen\/2023-05-09\/zuerich-neuer-glanz-fuer-die-sihlporte\/#breadcrumb","itemListElement":[{"@type":"ListItem","position":1,"name":"Home","item":"https:\/\/www.immobilienbusiness.ch\/"},{"@type":"ListItem","position":2,"name":"Z\u00fcrich: Neuer Glanz f\u00fcr die Sihlporte"}]},{"@type":"WebSite","@id":"https:\/\/www.immobilienbusiness.ch\/#website","url":"https:\/\/www.immobilienbusiness.ch\/","name":"Affari immobiliari","description":"Rivista economica indipendente svizzera che si concentra sul settore immobiliare, l'architettura e la costruzione, nonch\u00e9 sugli investimenti e i finanziamenti.","publisher":{"@id":"https:\/\/www.immobilienbusiness.ch\/#organization"},"potentialAction":[{"@type":"SearchAction","target":{"@type":"EntryPoint","urlTemplate":"https:\/\/www.immobilienbusiness.ch\/?s={search_term_string}"},"query-input":{"@type":"PropertyValueSpecification","valueRequired":true,"valueName":"search_term_string"}}],"inLanguage":"it-IT"},{"@type":"Organization","@id":"https:\/\/www.immobilienbusiness.ch\/#organization","name":"Affari immobiliari","url":"https:\/\/www.immobilienbusiness.ch\/","logo":{"@type":"ImageObject","inLanguage":"it-IT","@id":"https:\/\/www.immobilienbusiness.ch\/#\/schema\/logo\/image\/","url":"https:\/\/www.immobilienbusiness.ch\/wp-content\/uploads\/2021\/07\/logo_ib.png","contentUrl":"https:\/\/www.immobilienbusiness.ch\/wp-content\/uploads\/2021\/07\/logo_ib.png","width":800,"height":181,"caption":"IMMOBILIEN Business"},"image":{"@id":"https:\/\/www.immobilienbusiness.ch\/#\/schema\/logo\/image\/"},"sameAs":["https:\/\/www.facebook.com\/immobilienbusiness\/"]},{"@type":"Person","@id":"https:\/\/www.immobilienbusiness.ch\/#\/schema\/person\/aba8bea2db926aa0c24c08c43fe1fcd5","name":"Alexander Wachter","image":{"@type":"ImageObject","inLanguage":"it-IT","@id":"https:\/\/secure.gravatar.com\/avatar\/1a09e471f5389b0e0a6416eac287e0927c7c97a7b77f9e787eba3af7aee281dd?s=96&d=mm&r=g","url":"https:\/\/secure.gravatar.com\/avatar\/1a09e471f5389b0e0a6416eac287e0927c7c97a7b77f9e787eba3af7aee281dd?s=96&d=mm&r=g","contentUrl":"https:\/\/secure.gravatar.com\/avatar\/1a09e471f5389b0e0a6416eac287e0927c7c97a7b77f9e787eba3af7aee281dd?s=96&d=mm&r=g","caption":"Alexander Wachter"},"url":"https:\/\/www.immobilienbusiness.ch\/it\/author\/alexander-wachter\/"}]}},"_links":{"self":[{"href":"https:\/\/www.immobilienbusiness.ch\/it\/wp-json\/wp\/v2\/posts\/46911","targetHints":{"allow":["GET"]}}],"collection":[{"href":"https:\/\/www.immobilienbusiness.ch\/it\/wp-json\/wp\/v2\/posts"}],"about":[{"href":"https:\/\/www.immobilienbusiness.ch\/it\/wp-json\/wp\/v2\/types\/post"}],"author":[{"embeddable":true,"href":"https:\/\/www.immobilienbusiness.ch\/it\/wp-json\/wp\/v2\/users\/102"}],"replies":[{"embeddable":true,"href":"https:\/\/www.immobilienbusiness.ch\/it\/wp-json\/wp\/v2\/comments?post=46911"}],"version-history":[{"count":7,"href":"https:\/\/www.immobilienbusiness.ch\/it\/wp-json\/wp\/v2\/posts\/46911\/revisions"}],"predecessor-version":[{"id":47619,"href":"https:\/\/www.immobilienbusiness.ch\/it\/wp-json\/wp\/v2\/posts\/46911\/revisions\/47619"}],"wp:featuredmedia":[{"embeddable":true,"href":"https:\/\/www.immobilienbusiness.ch\/it\/wp-json\/wp\/v2\/media\/46916"}],"wp:attachment":[{"href":"https:\/\/www.immobilienbusiness.ch\/it\/wp-json\/wp\/v2\/media?parent=46911"}],"wp:term":[{"taxonomy":"category","embeddable":true,"href":"https:\/\/www.immobilienbusiness.ch\/it\/wp-json\/wp\/v2\/categories?post=46911"},{"taxonomy":"post_tag","embeddable":true,"href":"https:\/\/www.immobilienbusiness.ch\/it\/wp-json\/wp\/v2\/tags?post=46911"}],"curies":[{"name":"wp","href":"https:\/\/api.w.org\/{rel}","templated":true}]}}