{"id":46659,"date":"2023-04-13T10:13:25","date_gmt":"2023-04-13T08:13:25","guid":{"rendered":"https:\/\/www.immobilienbusiness.ch\/?p=46659"},"modified":"2023-06-23T04:36:18","modified_gmt":"2023-06-23T02:36:18","slug":"sfp-group-aenderungen-im-vr-und-neue-co-ceos-der-sfp-funds-ag","status":"publish","type":"post","link":"https:\/\/www.immobilienbusiness.ch\/it\/personalia\/2023-04-13\/sfp-group-aenderungen-im-vr-und-neue-co-ceos-der-sfp-funds-ag\/","title":{"rendered":"SFP Group: cambiamenti nel CdA e nuovi CO-CEO di SFP Funds AG"},"content":{"rendered":"<figure id=\"attachment_46660\" aria-describedby=\"caption-attachment-46660\" style=\"width: 700px\" class=\"wp-caption alignnone\"><a href=\"https:\/\/www.immobilienbusiness.ch\/wp-content\/uploads\/2023\/04\/csm_Murer_Adrian_29d14362f0.jpg\"><img loading=\"lazy\" decoding=\"async\" class=\"wp-image-46660 size-full\" src=\"https:\/\/www.immobilienbusiness.ch\/wp-content\/uploads\/2023\/04\/csm_Murer_Adrian_29d14362f0.jpg\" alt=\"SFP Group\" width=\"700\" height=\"430\" srcset=\"https:\/\/www.immobilienbusiness.ch\/wp-content\/uploads\/2023\/04\/csm_Murer_Adrian_29d14362f0.jpg 700w, https:\/\/www.immobilienbusiness.ch\/wp-content\/uploads\/2023\/04\/csm_Murer_Adrian_29d14362f0-300x184.jpg 300w, https:\/\/www.immobilienbusiness.ch\/wp-content\/uploads\/2023\/04\/csm_Murer_Adrian_29d14362f0-18x12.jpg 18w, https:\/\/www.immobilienbusiness.ch\/wp-content\/uploads\/2023\/04\/csm_Murer_Adrian_29d14362f0-375x230.jpg 375w, https:\/\/www.immobilienbusiness.ch\/wp-content\/uploads\/2023\/04\/csm_Murer_Adrian_29d14362f0-570x350.jpg 570w\" sizes=\"auto, (max-width: 700px) 100vw, 700px\" \/><\/a><figcaption id=\"caption-attachment-46660\" class=\"wp-caption-text\">Adrian Murer \u00e8 il nuovo presidente di SFP Funds AG e SFP AG (Fonte: SFP Group)<\/figcaption><\/figure>\n<p>In occasione delle assemblee generali delle societ\u00e0 del Gruppo Swiss Finance &amp; Property (SFP), composto da SFP Group AG, SFP Funds AG e SFP AG, Peter Staub e Henry Bodmer sono stati eletti nuovi membri del Consiglio di Amministrazione. Adrian Murer, CEO del Gruppo, \u00e8 stato eletto nel Consiglio di Amministrazione di SFP Funds AG e SFP AG, dove ricoprir\u00e0 la carica di Presidente.<\/p>\n<p>\"Con l'ingresso di Peter Staub e Henry Bodmer, siamo riusciti a rafforzare ulteriormente le competenze nei consigli di amministrazione\", afferma Hans-Peter Bauer, Presidente del Consiglio di Amministrazione di SFP Group AG. Peter Staub, fondatore e presidente del Consiglio di Amministrazione di Pom+, svolger\u00e0 un ruolo particolarmente importante nei settori immobiliare, ESG e digitalizzazione, mentre Henry Bodmer, Managing Partner di Abegg &amp; Co AG, apporter\u00e0 al Gruppo SFP soprattutto la sua vasta esperienza internazionale in materia di investimenti e finanza. \"Oltre alle sue attivit\u00e0 operative in qualit\u00e0 di CEO del Gruppo, Adrian Murer potr\u00e0 concentrarsi maggiormente su questioni strategiche e mantenere e ampliare i contatti con i clienti\", ha aggiunto Bauer.<\/p>\n<p>Contemporaneamente ai cambiamenti nei Consigli di Amministrazione, i manager di SFP Bruno Kurz e Remo Thomas Marti sono stati promossi a co-CEO di SFP Funds AG.<em> (bw)<\/em><\/p>","protected":false},"excerpt":{"rendered":"<p>Peter Staub e Henry Bodmer sono entrati a far parte del Consiglio di Amministrazione di SFP Group. Secondo la societ\u00e0, il CEO del Gruppo Adrian Murer \u00e8 ora anche Presidente di SFP Funds AG e SFP AG. Bruno Kurz e Remo Thomas Marti sono stati promossi co-CEO di SFP Funds AG.<\/p>","protected":false},"author":3,"featured_media":46660,"comment_status":"closed","ping_status":"closed","sticky":false,"template":"","format":"standard","meta":{"_acf_changed":false,"_yoast_wpseo_focuskw":"SFP Group","_yoast_wpseo_title":"","_yoast_wpseo_metadesc":"Peter Staub und Henry Bodmer st\u00e4rken neu den Verwaltungsrat der SFP Group. Wie die Gesellschaft mitteilt, amtet Group CEO Adrian Murer neu auch als VRP der SFP Funds AG und SFP AG. Bruno Kurz und Remo Thomas Marti wurden zu Co-CEOs der SFP Funds AG bef\u00f6rdert.","_yoast_wpseo_linkdex":60,"pgc_sgb_lightbox_settings":"","footnotes":""},"categories":[1912],"tags":[1563,1694,1834],"class_list":["post-46659","post","type-post","status-publish","format-standard","has-post-thumbnail","hentry","category-personalia","tag-personalia","tag-sfp","tag-verwaltungsrat"],"acf":[],"yoast_head":"<!-- This site is optimized with the Yoast SEO plugin v27.4 - https:\/\/yoast.com\/product\/yoast-seo-wordpress\/ -->\n<title>SFP Group: \u00c4nderungen im VR und neue CO-CEOs der SFP Funds AG - IMMOBILIEN Business<\/title>\n<meta name=\"description\" content=\"Peter Staub und Henry Bodmer st\u00e4rken neu den Verwaltungsrat der SFP Group. Wie die Gesellschaft mitteilt, amtet Group CEO Adrian Murer neu auch als VRP der SFP Funds AG und SFP AG. Bruno Kurz und Remo Thomas Marti wurden zu Co-CEOs der SFP Funds AG bef\u00f6rdert.\" \/>\n<meta name=\"robots\" content=\"index, follow, max-snippet:-1, max-image-preview:large, max-video-preview:-1\" \/>\n<link rel=\"canonical\" href=\"https:\/\/www.immobilienbusiness.ch\/it\/personalia\/2023-04-13\/sfp-group-aenderungen-im-vr-und-neue-co-ceos-der-sfp-funds-ag\/\" \/>\n<meta property=\"og:locale\" content=\"it_IT\" \/>\n<meta property=\"og:type\" content=\"article\" \/>\n<meta property=\"og:title\" content=\"SFP Group: \u00c4nderungen im VR und neue CO-CEOs der SFP Funds AG - IMMOBILIEN Business\" \/>\n<meta property=\"og:description\" content=\"Peter Staub und Henry Bodmer st\u00e4rken neu den Verwaltungsrat der SFP Group. Wie die Gesellschaft mitteilt, amtet Group CEO Adrian Murer neu auch als VRP der SFP Funds AG und SFP AG. Bruno Kurz und Remo Thomas Marti wurden zu Co-CEOs der SFP Funds AG bef\u00f6rdert.\" \/>\n<meta property=\"og:url\" content=\"https:\/\/www.immobilienbusiness.ch\/it\/personalia\/2023-04-13\/sfp-group-aenderungen-im-vr-und-neue-co-ceos-der-sfp-funds-ag\/\" \/>\n<meta property=\"og:site_name\" content=\"IMMOBILIEN Business\" \/>\n<meta property=\"article:publisher\" content=\"https:\/\/www.facebook.com\/immobilienbusiness\/\" \/>\n<meta property=\"article:published_time\" content=\"2023-04-13T08:13:25+00:00\" \/>\n<meta property=\"article:modified_time\" content=\"2023-06-23T02:36:18+00:00\" \/>\n<meta property=\"og:image\" content=\"https:\/\/www.immobilienbusiness.ch\/wp-content\/uploads\/2023\/04\/csm_Murer_Adrian_29d14362f0.jpg\" \/>\n\t<meta property=\"og:image:width\" content=\"700\" \/>\n\t<meta property=\"og:image:height\" content=\"430\" \/>\n\t<meta property=\"og:image:type\" content=\"image\/jpeg\" \/>\n<meta name=\"author\" content=\"anja.hall\" \/>\n<meta name=\"twitter:card\" content=\"summary_large_image\" \/>\n<meta name=\"twitter:image\" content=\"https:\/\/www.immobilienbusiness.ch\/wp-content\/uploads\/2023\/04\/csm_Murer_Adrian_29d14362f0.jpg\" \/>\n<script type=\"application\/ld+json\" class=\"yoast-schema-graph\">{\"@context\":\"https:\\\/\\\/schema.org\",\"@graph\":[{\"@type\":\"Article\",\"@id\":\"https:\\\/\\\/www.immobilienbusiness.ch\\\/de\\\/personalia\\\/2023-04-13\\\/sfp-group-aenderungen-im-vr-und-neue-co-ceos-der-sfp-funds-ag\\\/#article\",\"isPartOf\":{\"@id\":\"https:\\\/\\\/www.immobilienbusiness.ch\\\/de\\\/personalia\\\/2023-04-13\\\/sfp-group-aenderungen-im-vr-und-neue-co-ceos-der-sfp-funds-ag\\\/\"},\"author\":{\"name\":\"anja.hall\",\"@id\":\"https:\\\/\\\/www.immobilienbusiness.ch\\\/#\\\/schema\\\/person\\\/3fc036297b10b9f42d6db5ee932af8c8\"},\"headline\":\"SFP Group: \u00c4nderungen im VR und neue CO-CEOs der SFP Funds AG\",\"datePublished\":\"2023-04-13T08:13:25+00:00\",\"dateModified\":\"2023-06-23T02:36:18+00:00\",\"mainEntityOfPage\":{\"@id\":\"https:\\\/\\\/www.immobilienbusiness.ch\\\/de\\\/personalia\\\/2023-04-13\\\/sfp-group-aenderungen-im-vr-und-neue-co-ceos-der-sfp-funds-ag\\\/\"},\"wordCount\":233,\"publisher\":{\"@id\":\"https:\\\/\\\/www.immobilienbusiness.ch\\\/#organization\"},\"image\":{\"@id\":\"https:\\\/\\\/www.immobilienbusiness.ch\\\/de\\\/personalia\\\/2023-04-13\\\/sfp-group-aenderungen-im-vr-und-neue-co-ceos-der-sfp-funds-ag\\\/#primaryimage\"},\"thumbnailUrl\":\"https:\\\/\\\/www.immobilienbusiness.ch\\\/wp-content\\\/uploads\\\/2023\\\/04\\\/csm_Murer_Adrian_29d14362f0.jpg\",\"keywords\":[\"Personalia\",\"SFP\",\"Verwaltungsrat\"],\"articleSection\":[\"PERSONALIA\"],\"inLanguage\":\"it-IT\"},{\"@type\":\"WebPage\",\"@id\":\"https:\\\/\\\/www.immobilienbusiness.ch\\\/de\\\/personalia\\\/2023-04-13\\\/sfp-group-aenderungen-im-vr-und-neue-co-ceos-der-sfp-funds-ag\\\/\",\"url\":\"https:\\\/\\\/www.immobilienbusiness.ch\\\/de\\\/personalia\\\/2023-04-13\\\/sfp-group-aenderungen-im-vr-und-neue-co-ceos-der-sfp-funds-ag\\\/\",\"name\":\"SFP Group: \u00c4nderungen im VR und neue CO-CEOs der SFP Funds AG - IMMOBILIEN Business\",\"isPartOf\":{\"@id\":\"https:\\\/\\\/www.immobilienbusiness.ch\\\/#website\"},\"primaryImageOfPage\":{\"@id\":\"https:\\\/\\\/www.immobilienbusiness.ch\\\/de\\\/personalia\\\/2023-04-13\\\/sfp-group-aenderungen-im-vr-und-neue-co-ceos-der-sfp-funds-ag\\\/#primaryimage\"},\"image\":{\"@id\":\"https:\\\/\\\/www.immobilienbusiness.ch\\\/de\\\/personalia\\\/2023-04-13\\\/sfp-group-aenderungen-im-vr-und-neue-co-ceos-der-sfp-funds-ag\\\/#primaryimage\"},\"thumbnailUrl\":\"https:\\\/\\\/www.immobilienbusiness.ch\\\/wp-content\\\/uploads\\\/2023\\\/04\\\/csm_Murer_Adrian_29d14362f0.jpg\",\"datePublished\":\"2023-04-13T08:13:25+00:00\",\"dateModified\":\"2023-06-23T02:36:18+00:00\",\"description\":\"Peter Staub und Henry Bodmer st\u00e4rken neu den Verwaltungsrat der SFP Group. Wie die Gesellschaft mitteilt, amtet Group CEO Adrian Murer neu auch als VRP der SFP Funds AG und SFP AG. Bruno Kurz und Remo Thomas Marti wurden zu Co-CEOs der SFP Funds AG bef\u00f6rdert.\",\"breadcrumb\":{\"@id\":\"https:\\\/\\\/www.immobilienbusiness.ch\\\/de\\\/personalia\\\/2023-04-13\\\/sfp-group-aenderungen-im-vr-und-neue-co-ceos-der-sfp-funds-ag\\\/#breadcrumb\"},\"inLanguage\":\"it-IT\",\"potentialAction\":[{\"@type\":\"ReadAction\",\"target\":[\"https:\\\/\\\/www.immobilienbusiness.ch\\\/de\\\/personalia\\\/2023-04-13\\\/sfp-group-aenderungen-im-vr-und-neue-co-ceos-der-sfp-funds-ag\\\/\"]}]},{\"@type\":\"ImageObject\",\"inLanguage\":\"it-IT\",\"@id\":\"https:\\\/\\\/www.immobilienbusiness.ch\\\/de\\\/personalia\\\/2023-04-13\\\/sfp-group-aenderungen-im-vr-und-neue-co-ceos-der-sfp-funds-ag\\\/#primaryimage\",\"url\":\"https:\\\/\\\/www.immobilienbusiness.ch\\\/wp-content\\\/uploads\\\/2023\\\/04\\\/csm_Murer_Adrian_29d14362f0.jpg\",\"contentUrl\":\"https:\\\/\\\/www.immobilienbusiness.ch\\\/wp-content\\\/uploads\\\/2023\\\/04\\\/csm_Murer_Adrian_29d14362f0.jpg\",\"width\":700,\"height\":430,\"caption\":\"Adrian Murer (Quelle: SFP Group)\"},{\"@type\":\"BreadcrumbList\",\"@id\":\"https:\\\/\\\/www.immobilienbusiness.ch\\\/de\\\/personalia\\\/2023-04-13\\\/sfp-group-aenderungen-im-vr-und-neue-co-ceos-der-sfp-funds-ag\\\/#breadcrumb\",\"itemListElement\":[{\"@type\":\"ListItem\",\"position\":1,\"name\":\"Home\",\"item\":\"https:\\\/\\\/www.immobilienbusiness.ch\\\/\"},{\"@type\":\"ListItem\",\"position\":2,\"name\":\"SFP Group: \u00c4nderungen im VR und neue CO-CEOs der SFP Funds AG\"}]},{\"@type\":\"WebSite\",\"@id\":\"https:\\\/\\\/www.immobilienbusiness.ch\\\/#website\",\"url\":\"https:\\\/\\\/www.immobilienbusiness.ch\\\/\",\"name\":\"IMMOBILIEN Business\",\"description\":\"Unabh\u00e4ngiges Schweizer Wirtschaftsmagazin mit Fokus auf Immobilien, Architektur- und Bau sowie Investment- und Finanzierung.\",\"publisher\":{\"@id\":\"https:\\\/\\\/www.immobilienbusiness.ch\\\/#organization\"},\"potentialAction\":[{\"@type\":\"SearchAction\",\"target\":{\"@type\":\"EntryPoint\",\"urlTemplate\":\"https:\\\/\\\/www.immobilienbusiness.ch\\\/?s={search_term_string}\"},\"query-input\":{\"@type\":\"PropertyValueSpecification\",\"valueRequired\":true,\"valueName\":\"search_term_string\"}}],\"inLanguage\":\"it-IT\"},{\"@type\":\"Organization\",\"@id\":\"https:\\\/\\\/www.immobilienbusiness.ch\\\/#organization\",\"name\":\"IMMOBILIEN Business\",\"url\":\"https:\\\/\\\/www.immobilienbusiness.ch\\\/\",\"logo\":{\"@type\":\"ImageObject\",\"inLanguage\":\"it-IT\",\"@id\":\"https:\\\/\\\/www.immobilienbusiness.ch\\\/#\\\/schema\\\/logo\\\/image\\\/\",\"url\":\"https:\\\/\\\/www.immobilienbusiness.ch\\\/wp-content\\\/uploads\\\/2021\\\/07\\\/logo_ib.png\",\"contentUrl\":\"https:\\\/\\\/www.immobilienbusiness.ch\\\/wp-content\\\/uploads\\\/2021\\\/07\\\/logo_ib.png\",\"width\":800,\"height\":181,\"caption\":\"IMMOBILIEN Business\"},\"image\":{\"@id\":\"https:\\\/\\\/www.immobilienbusiness.ch\\\/#\\\/schema\\\/logo\\\/image\\\/\"},\"sameAs\":[\"https:\\\/\\\/www.facebook.com\\\/immobilienbusiness\\\/\"]},{\"@type\":\"Person\",\"@id\":\"https:\\\/\\\/www.immobilienbusiness.ch\\\/#\\\/schema\\\/person\\\/3fc036297b10b9f42d6db5ee932af8c8\",\"name\":\"anja.hall\",\"image\":{\"@type\":\"ImageObject\",\"inLanguage\":\"it-IT\",\"@id\":\"https:\\\/\\\/secure.gravatar.com\\\/avatar\\\/066b5a0d447013502c71a5782f4f3469f03cfe595cc2329fb94652fe47511bfb?s=96&d=mm&r=g\",\"url\":\"https:\\\/\\\/secure.gravatar.com\\\/avatar\\\/066b5a0d447013502c71a5782f4f3469f03cfe595cc2329fb94652fe47511bfb?s=96&d=mm&r=g\",\"contentUrl\":\"https:\\\/\\\/secure.gravatar.com\\\/avatar\\\/066b5a0d447013502c71a5782f4f3469f03cfe595cc2329fb94652fe47511bfb?s=96&d=mm&r=g\",\"caption\":\"anja.hall\"},\"url\":\"https:\\\/\\\/www.immobilienbusiness.ch\\\/it\\\/author\\\/anja-hall\\\/\"}]}<\/script>\n<!-- \/ Yoast SEO plugin. -->","yoast_head_json":{"title":"SFP Group: cambiamenti nel Consiglio di Amministrazione e nuovi CO-CEO di SFP Funds AG - IMMOBILIEN Business","description":"Peter Staub e Henry Bodmer sono entrati a far parte del Consiglio di Amministrazione di SFP Group. Secondo la societ\u00e0, il CEO del Gruppo Adrian Murer \u00e8 ora anche Presidente di SFP Funds AG e SFP AG. Bruno Kurz e Remo Thomas Marti sono stati promossi co-CEO di SFP Funds AG.","robots":{"index":"index","follow":"follow","max-snippet":"max-snippet:-1","max-image-preview":"max-image-preview:large","max-video-preview":"max-video-preview:-1"},"canonical":"https:\/\/www.immobilienbusiness.ch\/it\/personalia\/2023-04-13\/sfp-group-aenderungen-im-vr-und-neue-co-ceos-der-sfp-funds-ag\/","og_locale":"it_IT","og_type":"article","og_title":"SFP Group: \u00c4nderungen im VR und neue CO-CEOs der SFP Funds AG - IMMOBILIEN Business","og_description":"Peter Staub und Henry Bodmer st\u00e4rken neu den Verwaltungsrat der SFP Group. Wie die Gesellschaft mitteilt, amtet Group CEO Adrian Murer neu auch als VRP der SFP Funds AG und SFP AG. Bruno Kurz und Remo Thomas Marti wurden zu Co-CEOs der SFP Funds AG bef\u00f6rdert.","og_url":"https:\/\/www.immobilienbusiness.ch\/it\/personalia\/2023-04-13\/sfp-group-aenderungen-im-vr-und-neue-co-ceos-der-sfp-funds-ag\/","og_site_name":"IMMOBILIEN Business","article_publisher":"https:\/\/www.facebook.com\/immobilienbusiness\/","article_published_time":"2023-04-13T08:13:25+00:00","article_modified_time":"2023-06-23T02:36:18+00:00","og_image":[{"width":700,"height":430,"url":"https:\/\/www.immobilienbusiness.ch\/wp-content\/uploads\/2023\/04\/csm_Murer_Adrian_29d14362f0.jpg","type":"image\/jpeg"}],"author":"anja.hall","twitter_card":"summary_large_image","twitter_image":"https:\/\/www.immobilienbusiness.ch\/wp-content\/uploads\/2023\/04\/csm_Murer_Adrian_29d14362f0.jpg","schema":{"@context":"https:\/\/schema.org","@graph":[{"@type":"Article","@id":"https:\/\/www.immobilienbusiness.ch\/de\/personalia\/2023-04-13\/sfp-group-aenderungen-im-vr-und-neue-co-ceos-der-sfp-funds-ag\/#article","isPartOf":{"@id":"https:\/\/www.immobilienbusiness.ch\/de\/personalia\/2023-04-13\/sfp-group-aenderungen-im-vr-und-neue-co-ceos-der-sfp-funds-ag\/"},"author":{"name":"anja.hall","@id":"https:\/\/www.immobilienbusiness.ch\/#\/schema\/person\/3fc036297b10b9f42d6db5ee932af8c8"},"headline":"SFP Group: \u00c4nderungen im VR und neue CO-CEOs der SFP Funds AG","datePublished":"2023-04-13T08:13:25+00:00","dateModified":"2023-06-23T02:36:18+00:00","mainEntityOfPage":{"@id":"https:\/\/www.immobilienbusiness.ch\/de\/personalia\/2023-04-13\/sfp-group-aenderungen-im-vr-und-neue-co-ceos-der-sfp-funds-ag\/"},"wordCount":233,"publisher":{"@id":"https:\/\/www.immobilienbusiness.ch\/#organization"},"image":{"@id":"https:\/\/www.immobilienbusiness.ch\/de\/personalia\/2023-04-13\/sfp-group-aenderungen-im-vr-und-neue-co-ceos-der-sfp-funds-ag\/#primaryimage"},"thumbnailUrl":"https:\/\/www.immobilienbusiness.ch\/wp-content\/uploads\/2023\/04\/csm_Murer_Adrian_29d14362f0.jpg","keywords":["Personalia","SFP","Verwaltungsrat"],"articleSection":["PERSONALIA"],"inLanguage":"it-IT"},{"@type":"WebPage","@id":"https:\/\/www.immobilienbusiness.ch\/de\/personalia\/2023-04-13\/sfp-group-aenderungen-im-vr-und-neue-co-ceos-der-sfp-funds-ag\/","url":"https:\/\/www.immobilienbusiness.ch\/de\/personalia\/2023-04-13\/sfp-group-aenderungen-im-vr-und-neue-co-ceos-der-sfp-funds-ag\/","name":"SFP Group: cambiamenti nel Consiglio di Amministrazione e nuovi CO-CEO di SFP Funds AG - IMMOBILIEN Business","isPartOf":{"@id":"https:\/\/www.immobilienbusiness.ch\/#website"},"primaryImageOfPage":{"@id":"https:\/\/www.immobilienbusiness.ch\/de\/personalia\/2023-04-13\/sfp-group-aenderungen-im-vr-und-neue-co-ceos-der-sfp-funds-ag\/#primaryimage"},"image":{"@id":"https:\/\/www.immobilienbusiness.ch\/de\/personalia\/2023-04-13\/sfp-group-aenderungen-im-vr-und-neue-co-ceos-der-sfp-funds-ag\/#primaryimage"},"thumbnailUrl":"https:\/\/www.immobilienbusiness.ch\/wp-content\/uploads\/2023\/04\/csm_Murer_Adrian_29d14362f0.jpg","datePublished":"2023-04-13T08:13:25+00:00","dateModified":"2023-06-23T02:36:18+00:00","description":"Peter Staub e Henry Bodmer sono entrati a far parte del Consiglio di Amministrazione di SFP Group. Secondo la societ\u00e0, il CEO del Gruppo Adrian Murer \u00e8 ora anche Presidente di SFP Funds AG e SFP AG. Bruno Kurz e Remo Thomas Marti sono stati promossi co-CEO di SFP Funds AG.","breadcrumb":{"@id":"https:\/\/www.immobilienbusiness.ch\/de\/personalia\/2023-04-13\/sfp-group-aenderungen-im-vr-und-neue-co-ceos-der-sfp-funds-ag\/#breadcrumb"},"inLanguage":"it-IT","potentialAction":[{"@type":"ReadAction","target":["https:\/\/www.immobilienbusiness.ch\/de\/personalia\/2023-04-13\/sfp-group-aenderungen-im-vr-und-neue-co-ceos-der-sfp-funds-ag\/"]}]},{"@type":"ImageObject","inLanguage":"it-IT","@id":"https:\/\/www.immobilienbusiness.ch\/de\/personalia\/2023-04-13\/sfp-group-aenderungen-im-vr-und-neue-co-ceos-der-sfp-funds-ag\/#primaryimage","url":"https:\/\/www.immobilienbusiness.ch\/wp-content\/uploads\/2023\/04\/csm_Murer_Adrian_29d14362f0.jpg","contentUrl":"https:\/\/www.immobilienbusiness.ch\/wp-content\/uploads\/2023\/04\/csm_Murer_Adrian_29d14362f0.jpg","width":700,"height":430,"caption":"Adrian Murer (Quelle: SFP Group)"},{"@type":"BreadcrumbList","@id":"https:\/\/www.immobilienbusiness.ch\/de\/personalia\/2023-04-13\/sfp-group-aenderungen-im-vr-und-neue-co-ceos-der-sfp-funds-ag\/#breadcrumb","itemListElement":[{"@type":"ListItem","position":1,"name":"Home","item":"https:\/\/www.immobilienbusiness.ch\/"},{"@type":"ListItem","position":2,"name":"SFP Group: \u00c4nderungen im VR und neue CO-CEOs der SFP Funds AG"}]},{"@type":"WebSite","@id":"https:\/\/www.immobilienbusiness.ch\/#website","url":"https:\/\/www.immobilienbusiness.ch\/","name":"Affari immobiliari","description":"Rivista economica indipendente svizzera che si concentra sul settore immobiliare, l'architettura e la costruzione, nonch\u00e9 sugli investimenti e i finanziamenti.","publisher":{"@id":"https:\/\/www.immobilienbusiness.ch\/#organization"},"potentialAction":[{"@type":"SearchAction","target":{"@type":"EntryPoint","urlTemplate":"https:\/\/www.immobilienbusiness.ch\/?s={search_term_string}"},"query-input":{"@type":"PropertyValueSpecification","valueRequired":true,"valueName":"search_term_string"}}],"inLanguage":"it-IT"},{"@type":"Organization","@id":"https:\/\/www.immobilienbusiness.ch\/#organization","name":"Affari immobiliari","url":"https:\/\/www.immobilienbusiness.ch\/","logo":{"@type":"ImageObject","inLanguage":"it-IT","@id":"https:\/\/www.immobilienbusiness.ch\/#\/schema\/logo\/image\/","url":"https:\/\/www.immobilienbusiness.ch\/wp-content\/uploads\/2021\/07\/logo_ib.png","contentUrl":"https:\/\/www.immobilienbusiness.ch\/wp-content\/uploads\/2021\/07\/logo_ib.png","width":800,"height":181,"caption":"IMMOBILIEN Business"},"image":{"@id":"https:\/\/www.immobilienbusiness.ch\/#\/schema\/logo\/image\/"},"sameAs":["https:\/\/www.facebook.com\/immobilienbusiness\/"]},{"@type":"Person","@id":"https:\/\/www.immobilienbusiness.ch\/#\/schema\/person\/3fc036297b10b9f42d6db5ee932af8c8","name":"anja.hall","image":{"@type":"ImageObject","inLanguage":"it-IT","@id":"https:\/\/secure.gravatar.com\/avatar\/066b5a0d447013502c71a5782f4f3469f03cfe595cc2329fb94652fe47511bfb?s=96&d=mm&r=g","url":"https:\/\/secure.gravatar.com\/avatar\/066b5a0d447013502c71a5782f4f3469f03cfe595cc2329fb94652fe47511bfb?s=96&d=mm&r=g","contentUrl":"https:\/\/secure.gravatar.com\/avatar\/066b5a0d447013502c71a5782f4f3469f03cfe595cc2329fb94652fe47511bfb?s=96&d=mm&r=g","caption":"anja.hall"},"url":"https:\/\/www.immobilienbusiness.ch\/it\/author\/anja-hall\/"}]}},"_links":{"self":[{"href":"https:\/\/www.immobilienbusiness.ch\/it\/wp-json\/wp\/v2\/posts\/46659","targetHints":{"allow":["GET"]}}],"collection":[{"href":"https:\/\/www.immobilienbusiness.ch\/it\/wp-json\/wp\/v2\/posts"}],"about":[{"href":"https:\/\/www.immobilienbusiness.ch\/it\/wp-json\/wp\/v2\/types\/post"}],"author":[{"embeddable":true,"href":"https:\/\/www.immobilienbusiness.ch\/it\/wp-json\/wp\/v2\/users\/3"}],"replies":[{"embeddable":true,"href":"https:\/\/www.immobilienbusiness.ch\/it\/wp-json\/wp\/v2\/comments?post=46659"}],"version-history":[{"count":2,"href":"https:\/\/www.immobilienbusiness.ch\/it\/wp-json\/wp\/v2\/posts\/46659\/revisions"}],"predecessor-version":[{"id":47734,"href":"https:\/\/www.immobilienbusiness.ch\/it\/wp-json\/wp\/v2\/posts\/46659\/revisions\/47734"}],"wp:featuredmedia":[{"embeddable":true,"href":"https:\/\/www.immobilienbusiness.ch\/it\/wp-json\/wp\/v2\/media\/46660"}],"wp:attachment":[{"href":"https:\/\/www.immobilienbusiness.ch\/it\/wp-json\/wp\/v2\/media?parent=46659"}],"wp:term":[{"taxonomy":"category","embeddable":true,"href":"https:\/\/www.immobilienbusiness.ch\/it\/wp-json\/wp\/v2\/categories?post=46659"},{"taxonomy":"post_tag","embeddable":true,"href":"https:\/\/www.immobilienbusiness.ch\/it\/wp-json\/wp\/v2\/tags?post=46659"}],"curies":[{"name":"wp","href":"https:\/\/api.w.org\/{rel}","templated":true}]}}