{"id":46608,"date":"2023-04-11T08:45:31","date_gmt":"2023-04-11T06:45:31","guid":{"rendered":"https:\/\/www.immobilienbusiness.ch\/?p=46608"},"modified":"2023-06-23T04:42:42","modified_gmt":"2023-06-23T02:42:42","slug":"swissproperty-zwei-neuzugaenge","status":"publish","type":"post","link":"https:\/\/www.immobilienbusiness.ch\/it\/personalia\/2023-04-11\/swissproperty-zwei-neuzugaenge\/","title":{"rendered":"Swiss Property: due nuovi ingressi nella piattaforma di investimento tedesca"},"content":{"rendered":"<figure id=\"attachment_46609\" aria-describedby=\"caption-attachment-46609\" style=\"width: 598px\" class=\"wp-caption alignnone\"><a href=\"https:\/\/www.immobilienbusiness.ch\/wp-content\/uploads\/2023\/04\/Nadine-Kratzer.png\"><img loading=\"lazy\" decoding=\"async\" class=\"wp-image-46609 size-full\" src=\"https:\/\/www.immobilienbusiness.ch\/wp-content\/uploads\/2023\/04\/Nadine-Kratzer.png\" alt=\"Deutschland\" width=\"598\" height=\"398\" srcset=\"https:\/\/www.immobilienbusiness.ch\/wp-content\/uploads\/2023\/04\/Nadine-Kratzer.png 598w, https:\/\/www.immobilienbusiness.ch\/wp-content\/uploads\/2023\/04\/Nadine-Kratzer-300x200.png 300w, https:\/\/www.immobilienbusiness.ch\/wp-content\/uploads\/2023\/04\/Nadine-Kratzer-18x12.png 18w, https:\/\/www.immobilienbusiness.ch\/wp-content\/uploads\/2023\/04\/Nadine-Kratzer-375x250.png 375w, https:\/\/www.immobilienbusiness.ch\/wp-content\/uploads\/2023\/04\/Nadine-Kratzer-526x350.png 526w\" sizes=\"auto, (max-width: 598px) 100vw, 598px\" \/><\/a><figcaption id=\"caption-attachment-46609\" class=\"wp-caption-text\">Nadine Kratzer \u00e8 una delle due nuove leve di Swiss Property Germania (Immagine: Swiss Property)<\/figcaption><\/figure>\n<p>Nadine Kratzer lavora da aprile per Swiss Property Deutschland GmbH a Monaco. Il suo compito \u00e8 quello di costruire una piattaforma di clienti istituzionali. Negli ultimi undici anni ha lavorato per Catella a Monaco come responsabile delle relazioni con i clienti istituzionali. Ha un'esperienza professionale nella creazione e nella gestione di relazioni con clienti istituzionali per un volume di 5 miliardi di euro.  Anche Thomas K\u00fcbler proviene dalla societ\u00e0 immobiliare svedese Catella, che opera nella gestione patrimoniale a Monaco. Dal 2016 K\u00fcbler era responsabile della gestione del portafoglio.<\/p>\n<p>Swiss Property AG, specialista in edifici residenziali multipiano in legno, ha annunciato la sua espansione in Germania a febbraio. <a href=\"https:\/\/www.immobilienbusiness.ch\/it\/unternehmen\/2023-02-09\/swiss-property-expandiert-nach-deutschland\/\" target=\"_blank\" rel=\"noopener\">(IB ha riferito)<\/a>. <em>(aw)<\/em><\/p>","protected":false},"excerpt":{"rendered":"<p>Swiss Property AG, con sede a Zurigo, annuncia due nuovi ingressi di personale per lo sviluppo della sua piattaforma di investimento tedesca. Nadine Kratzer (37 anni) \u00e8 ora a bordo come responsabile delle relazioni con i clienti e Thomas K\u00fcbler (43 anni) come responsabile degli investimenti.<\/p>","protected":false},"author":102,"featured_media":46609,"comment_status":"closed","ping_status":"closed","sticky":false,"template":"","format":"standard","meta":{"_acf_changed":false,"_yoast_wpseo_focuskw":"Deutschland","_yoast_wpseo_title":"","_yoast_wpseo_metadesc":"Die Swiss Property AG mit Sitz in Z\u00fcrich vermeldet zwei personelle Neuzug\u00e4nge f\u00fcr den Aufbau ihrer deutschen Investmentplattform. Nadine Kratzer (37) ist nun als Client Relations Managerin an Bord, Thomas K\u00fcbler (43) wird Investment Manager.","_yoast_wpseo_linkdex":48,"pgc_sgb_lightbox_settings":"","footnotes":""},"categories":[1912],"tags":[1563,2202],"class_list":["post-46608","post","type-post","status-publish","format-standard","has-post-thumbnail","hentry","category-personalia","tag-personalia","tag-swiss-property-ag"],"acf":[],"yoast_head":"<!-- This site is optimized with the Yoast SEO plugin v27.4 - https:\/\/yoast.com\/product\/yoast-seo-wordpress\/ -->\n<title>Swiss Property: Zwei Neuzug\u00e4nge f\u00fcr deutsche Investmentplattform - IMMOBILIEN Business<\/title>\n<meta name=\"description\" content=\"Die Swiss Property AG mit Sitz in Z\u00fcrich vermeldet zwei personelle Neuzug\u00e4nge f\u00fcr den Aufbau ihrer deutschen Investmentplattform. Nadine Kratzer (37) ist nun als Client Relations Managerin an Bord, Thomas K\u00fcbler (43) wird Investment Manager.\" \/>\n<meta name=\"robots\" content=\"index, follow, max-snippet:-1, max-image-preview:large, max-video-preview:-1\" \/>\n<link rel=\"canonical\" href=\"https:\/\/www.immobilienbusiness.ch\/it\/personalia\/2023-04-11\/swissproperty-zwei-neuzugaenge\/\" \/>\n<meta property=\"og:locale\" content=\"it_IT\" \/>\n<meta property=\"og:type\" content=\"article\" \/>\n<meta property=\"og:title\" content=\"Swiss Property: Zwei Neuzug\u00e4nge f\u00fcr deutsche Investmentplattform - IMMOBILIEN Business\" \/>\n<meta property=\"og:description\" content=\"Die Swiss Property AG mit Sitz in Z\u00fcrich vermeldet zwei personelle Neuzug\u00e4nge f\u00fcr den Aufbau ihrer deutschen Investmentplattform. Nadine Kratzer (37) ist nun als Client Relations Managerin an Bord, Thomas K\u00fcbler (43) wird Investment Manager.\" \/>\n<meta property=\"og:url\" content=\"https:\/\/www.immobilienbusiness.ch\/it\/personalia\/2023-04-11\/swissproperty-zwei-neuzugaenge\/\" \/>\n<meta property=\"og:site_name\" content=\"IMMOBILIEN Business\" \/>\n<meta property=\"article:publisher\" content=\"https:\/\/www.facebook.com\/immobilienbusiness\/\" \/>\n<meta property=\"article:published_time\" content=\"2023-04-11T06:45:31+00:00\" \/>\n<meta property=\"article:modified_time\" content=\"2023-06-23T02:42:42+00:00\" \/>\n<meta property=\"og:image\" content=\"https:\/\/www.immobilienbusiness.ch\/wp-content\/uploads\/2023\/04\/Nadine-Kratzer.png\" \/>\n\t<meta property=\"og:image:width\" content=\"598\" \/>\n\t<meta property=\"og:image:height\" content=\"398\" \/>\n\t<meta property=\"og:image:type\" content=\"image\/png\" \/>\n<meta name=\"author\" content=\"Alexander Wachter\" \/>\n<meta name=\"twitter:card\" content=\"summary_large_image\" \/>\n<script type=\"application\/ld+json\" class=\"yoast-schema-graph\">{\"@context\":\"https:\\\/\\\/schema.org\",\"@graph\":[{\"@type\":\"Article\",\"@id\":\"https:\\\/\\\/www.immobilienbusiness.ch\\\/de\\\/personalia\\\/2023-04-11\\\/swissproperty-zwei-neuzugaenge\\\/#article\",\"isPartOf\":{\"@id\":\"https:\\\/\\\/www.immobilienbusiness.ch\\\/de\\\/personalia\\\/2023-04-11\\\/swissproperty-zwei-neuzugaenge\\\/\"},\"author\":{\"name\":\"Alexander Wachter\",\"@id\":\"https:\\\/\\\/www.immobilienbusiness.ch\\\/#\\\/schema\\\/person\\\/aba8bea2db926aa0c24c08c43fe1fcd5\"},\"headline\":\"Swiss Property: Zwei Neuzug\u00e4nge f\u00fcr deutsche Investmentplattform\",\"datePublished\":\"2023-04-11T06:45:31+00:00\",\"dateModified\":\"2023-06-23T02:42:42+00:00\",\"mainEntityOfPage\":{\"@id\":\"https:\\\/\\\/www.immobilienbusiness.ch\\\/de\\\/personalia\\\/2023-04-11\\\/swissproperty-zwei-neuzugaenge\\\/\"},\"wordCount\":138,\"publisher\":{\"@id\":\"https:\\\/\\\/www.immobilienbusiness.ch\\\/#organization\"},\"image\":{\"@id\":\"https:\\\/\\\/www.immobilienbusiness.ch\\\/de\\\/personalia\\\/2023-04-11\\\/swissproperty-zwei-neuzugaenge\\\/#primaryimage\"},\"thumbnailUrl\":\"https:\\\/\\\/www.immobilienbusiness.ch\\\/wp-content\\\/uploads\\\/2023\\\/04\\\/Nadine-Kratzer.png\",\"keywords\":[\"Personalia\",\"Swiss Property AG\"],\"articleSection\":[\"PERSONALIA\"],\"inLanguage\":\"it-IT\"},{\"@type\":\"WebPage\",\"@id\":\"https:\\\/\\\/www.immobilienbusiness.ch\\\/de\\\/personalia\\\/2023-04-11\\\/swissproperty-zwei-neuzugaenge\\\/\",\"url\":\"https:\\\/\\\/www.immobilienbusiness.ch\\\/de\\\/personalia\\\/2023-04-11\\\/swissproperty-zwei-neuzugaenge\\\/\",\"name\":\"Swiss Property: Zwei Neuzug\u00e4nge f\u00fcr deutsche Investmentplattform - IMMOBILIEN Business\",\"isPartOf\":{\"@id\":\"https:\\\/\\\/www.immobilienbusiness.ch\\\/#website\"},\"primaryImageOfPage\":{\"@id\":\"https:\\\/\\\/www.immobilienbusiness.ch\\\/de\\\/personalia\\\/2023-04-11\\\/swissproperty-zwei-neuzugaenge\\\/#primaryimage\"},\"image\":{\"@id\":\"https:\\\/\\\/www.immobilienbusiness.ch\\\/de\\\/personalia\\\/2023-04-11\\\/swissproperty-zwei-neuzugaenge\\\/#primaryimage\"},\"thumbnailUrl\":\"https:\\\/\\\/www.immobilienbusiness.ch\\\/wp-content\\\/uploads\\\/2023\\\/04\\\/Nadine-Kratzer.png\",\"datePublished\":\"2023-04-11T06:45:31+00:00\",\"dateModified\":\"2023-06-23T02:42:42+00:00\",\"description\":\"Die Swiss Property AG mit Sitz in Z\u00fcrich vermeldet zwei personelle Neuzug\u00e4nge f\u00fcr den Aufbau ihrer deutschen Investmentplattform. Nadine Kratzer (37) ist nun als Client Relations Managerin an Bord, Thomas K\u00fcbler (43) wird Investment Manager.\",\"breadcrumb\":{\"@id\":\"https:\\\/\\\/www.immobilienbusiness.ch\\\/de\\\/personalia\\\/2023-04-11\\\/swissproperty-zwei-neuzugaenge\\\/#breadcrumb\"},\"inLanguage\":\"it-IT\",\"potentialAction\":[{\"@type\":\"ReadAction\",\"target\":[\"https:\\\/\\\/www.immobilienbusiness.ch\\\/de\\\/personalia\\\/2023-04-11\\\/swissproperty-zwei-neuzugaenge\\\/\"]}]},{\"@type\":\"ImageObject\",\"inLanguage\":\"it-IT\",\"@id\":\"https:\\\/\\\/www.immobilienbusiness.ch\\\/de\\\/personalia\\\/2023-04-11\\\/swissproperty-zwei-neuzugaenge\\\/#primaryimage\",\"url\":\"https:\\\/\\\/www.immobilienbusiness.ch\\\/wp-content\\\/uploads\\\/2023\\\/04\\\/Nadine-Kratzer.png\",\"contentUrl\":\"https:\\\/\\\/www.immobilienbusiness.ch\\\/wp-content\\\/uploads\\\/2023\\\/04\\\/Nadine-Kratzer.png\",\"width\":598,\"height\":398,\"caption\":\"Nadine Kratzer ist eine der beiden Neuen bei der Swiss Property Deutschland (Bild: Swiss Property)\"},{\"@type\":\"BreadcrumbList\",\"@id\":\"https:\\\/\\\/www.immobilienbusiness.ch\\\/de\\\/personalia\\\/2023-04-11\\\/swissproperty-zwei-neuzugaenge\\\/#breadcrumb\",\"itemListElement\":[{\"@type\":\"ListItem\",\"position\":1,\"name\":\"Home\",\"item\":\"https:\\\/\\\/www.immobilienbusiness.ch\\\/\"},{\"@type\":\"ListItem\",\"position\":2,\"name\":\"Swiss Property: Zwei Neuzug\u00e4nge f\u00fcr deutsche Investmentplattform\"}]},{\"@type\":\"WebSite\",\"@id\":\"https:\\\/\\\/www.immobilienbusiness.ch\\\/#website\",\"url\":\"https:\\\/\\\/www.immobilienbusiness.ch\\\/\",\"name\":\"IMMOBILIEN Business\",\"description\":\"Unabh\u00e4ngiges Schweizer Wirtschaftsmagazin mit Fokus auf Immobilien, Architektur- und Bau sowie Investment- und Finanzierung.\",\"publisher\":{\"@id\":\"https:\\\/\\\/www.immobilienbusiness.ch\\\/#organization\"},\"potentialAction\":[{\"@type\":\"SearchAction\",\"target\":{\"@type\":\"EntryPoint\",\"urlTemplate\":\"https:\\\/\\\/www.immobilienbusiness.ch\\\/?s={search_term_string}\"},\"query-input\":{\"@type\":\"PropertyValueSpecification\",\"valueRequired\":true,\"valueName\":\"search_term_string\"}}],\"inLanguage\":\"it-IT\"},{\"@type\":\"Organization\",\"@id\":\"https:\\\/\\\/www.immobilienbusiness.ch\\\/#organization\",\"name\":\"IMMOBILIEN Business\",\"url\":\"https:\\\/\\\/www.immobilienbusiness.ch\\\/\",\"logo\":{\"@type\":\"ImageObject\",\"inLanguage\":\"it-IT\",\"@id\":\"https:\\\/\\\/www.immobilienbusiness.ch\\\/#\\\/schema\\\/logo\\\/image\\\/\",\"url\":\"https:\\\/\\\/www.immobilienbusiness.ch\\\/wp-content\\\/uploads\\\/2021\\\/07\\\/logo_ib.png\",\"contentUrl\":\"https:\\\/\\\/www.immobilienbusiness.ch\\\/wp-content\\\/uploads\\\/2021\\\/07\\\/logo_ib.png\",\"width\":800,\"height\":181,\"caption\":\"IMMOBILIEN Business\"},\"image\":{\"@id\":\"https:\\\/\\\/www.immobilienbusiness.ch\\\/#\\\/schema\\\/logo\\\/image\\\/\"},\"sameAs\":[\"https:\\\/\\\/www.facebook.com\\\/immobilienbusiness\\\/\"]},{\"@type\":\"Person\",\"@id\":\"https:\\\/\\\/www.immobilienbusiness.ch\\\/#\\\/schema\\\/person\\\/aba8bea2db926aa0c24c08c43fe1fcd5\",\"name\":\"Alexander Wachter\",\"image\":{\"@type\":\"ImageObject\",\"inLanguage\":\"it-IT\",\"@id\":\"https:\\\/\\\/secure.gravatar.com\\\/avatar\\\/1a09e471f5389b0e0a6416eac287e0927c7c97a7b77f9e787eba3af7aee281dd?s=96&d=mm&r=g\",\"url\":\"https:\\\/\\\/secure.gravatar.com\\\/avatar\\\/1a09e471f5389b0e0a6416eac287e0927c7c97a7b77f9e787eba3af7aee281dd?s=96&d=mm&r=g\",\"contentUrl\":\"https:\\\/\\\/secure.gravatar.com\\\/avatar\\\/1a09e471f5389b0e0a6416eac287e0927c7c97a7b77f9e787eba3af7aee281dd?s=96&d=mm&r=g\",\"caption\":\"Alexander Wachter\"},\"url\":\"https:\\\/\\\/www.immobilienbusiness.ch\\\/it\\\/author\\\/alexander-wachter\\\/\"}]}<\/script>\n<!-- \/ Yoast SEO plugin. -->","yoast_head_json":{"title":"Swiss Property: Zwei Neuzug\u00e4nge f\u00fcr deutsche Investmentplattform - IMMOBILIEN Business","description":"Swiss Property AG, con sede a Zurigo, annuncia due nuovi ingressi di personale per lo sviluppo della sua piattaforma di investimento tedesca. Nadine Kratzer (37 anni) \u00e8 ora a bordo come responsabile delle relazioni con i clienti, mentre Thomas K\u00fcbler (43 anni) diventa responsabile degli investimenti.","robots":{"index":"index","follow":"follow","max-snippet":"max-snippet:-1","max-image-preview":"max-image-preview:large","max-video-preview":"max-video-preview:-1"},"canonical":"https:\/\/www.immobilienbusiness.ch\/it\/personalia\/2023-04-11\/swissproperty-zwei-neuzugaenge\/","og_locale":"it_IT","og_type":"article","og_title":"Swiss Property: Zwei Neuzug\u00e4nge f\u00fcr deutsche Investmentplattform - IMMOBILIEN Business","og_description":"Die Swiss Property AG mit Sitz in Z\u00fcrich vermeldet zwei personelle Neuzug\u00e4nge f\u00fcr den Aufbau ihrer deutschen Investmentplattform. Nadine Kratzer (37) ist nun als Client Relations Managerin an Bord, Thomas K\u00fcbler (43) wird Investment Manager.","og_url":"https:\/\/www.immobilienbusiness.ch\/it\/personalia\/2023-04-11\/swissproperty-zwei-neuzugaenge\/","og_site_name":"IMMOBILIEN Business","article_publisher":"https:\/\/www.facebook.com\/immobilienbusiness\/","article_published_time":"2023-04-11T06:45:31+00:00","article_modified_time":"2023-06-23T02:42:42+00:00","og_image":[{"width":598,"height":398,"url":"https:\/\/www.immobilienbusiness.ch\/wp-content\/uploads\/2023\/04\/Nadine-Kratzer.png","type":"image\/png"}],"author":"Alexander Wachter","twitter_card":"summary_large_image","schema":{"@context":"https:\/\/schema.org","@graph":[{"@type":"Article","@id":"https:\/\/www.immobilienbusiness.ch\/de\/personalia\/2023-04-11\/swissproperty-zwei-neuzugaenge\/#article","isPartOf":{"@id":"https:\/\/www.immobilienbusiness.ch\/de\/personalia\/2023-04-11\/swissproperty-zwei-neuzugaenge\/"},"author":{"name":"Alexander Wachter","@id":"https:\/\/www.immobilienbusiness.ch\/#\/schema\/person\/aba8bea2db926aa0c24c08c43fe1fcd5"},"headline":"Swiss Property: Zwei Neuzug\u00e4nge f\u00fcr deutsche Investmentplattform","datePublished":"2023-04-11T06:45:31+00:00","dateModified":"2023-06-23T02:42:42+00:00","mainEntityOfPage":{"@id":"https:\/\/www.immobilienbusiness.ch\/de\/personalia\/2023-04-11\/swissproperty-zwei-neuzugaenge\/"},"wordCount":138,"publisher":{"@id":"https:\/\/www.immobilienbusiness.ch\/#organization"},"image":{"@id":"https:\/\/www.immobilienbusiness.ch\/de\/personalia\/2023-04-11\/swissproperty-zwei-neuzugaenge\/#primaryimage"},"thumbnailUrl":"https:\/\/www.immobilienbusiness.ch\/wp-content\/uploads\/2023\/04\/Nadine-Kratzer.png","keywords":["Personalia","Swiss Property AG"],"articleSection":["PERSONALIA"],"inLanguage":"it-IT"},{"@type":"WebPage","@id":"https:\/\/www.immobilienbusiness.ch\/de\/personalia\/2023-04-11\/swissproperty-zwei-neuzugaenge\/","url":"https:\/\/www.immobilienbusiness.ch\/de\/personalia\/2023-04-11\/swissproperty-zwei-neuzugaenge\/","name":"Swiss Property: Zwei Neuzug\u00e4nge f\u00fcr deutsche Investmentplattform - IMMOBILIEN Business","isPartOf":{"@id":"https:\/\/www.immobilienbusiness.ch\/#website"},"primaryImageOfPage":{"@id":"https:\/\/www.immobilienbusiness.ch\/de\/personalia\/2023-04-11\/swissproperty-zwei-neuzugaenge\/#primaryimage"},"image":{"@id":"https:\/\/www.immobilienbusiness.ch\/de\/personalia\/2023-04-11\/swissproperty-zwei-neuzugaenge\/#primaryimage"},"thumbnailUrl":"https:\/\/www.immobilienbusiness.ch\/wp-content\/uploads\/2023\/04\/Nadine-Kratzer.png","datePublished":"2023-04-11T06:45:31+00:00","dateModified":"2023-06-23T02:42:42+00:00","description":"Swiss Property AG, con sede a Zurigo, annuncia due nuovi ingressi di personale per lo sviluppo della sua piattaforma di investimento tedesca. Nadine Kratzer (37 anni) \u00e8 ora a bordo come responsabile delle relazioni con i clienti, mentre Thomas K\u00fcbler (43 anni) diventa responsabile degli investimenti.","breadcrumb":{"@id":"https:\/\/www.immobilienbusiness.ch\/de\/personalia\/2023-04-11\/swissproperty-zwei-neuzugaenge\/#breadcrumb"},"inLanguage":"it-IT","potentialAction":[{"@type":"ReadAction","target":["https:\/\/www.immobilienbusiness.ch\/de\/personalia\/2023-04-11\/swissproperty-zwei-neuzugaenge\/"]}]},{"@type":"ImageObject","inLanguage":"it-IT","@id":"https:\/\/www.immobilienbusiness.ch\/de\/personalia\/2023-04-11\/swissproperty-zwei-neuzugaenge\/#primaryimage","url":"https:\/\/www.immobilienbusiness.ch\/wp-content\/uploads\/2023\/04\/Nadine-Kratzer.png","contentUrl":"https:\/\/www.immobilienbusiness.ch\/wp-content\/uploads\/2023\/04\/Nadine-Kratzer.png","width":598,"height":398,"caption":"Nadine Kratzer ist eine der beiden Neuen bei der Swiss Property Deutschland (Bild: Swiss Property)"},{"@type":"BreadcrumbList","@id":"https:\/\/www.immobilienbusiness.ch\/de\/personalia\/2023-04-11\/swissproperty-zwei-neuzugaenge\/#breadcrumb","itemListElement":[{"@type":"ListItem","position":1,"name":"Home","item":"https:\/\/www.immobilienbusiness.ch\/"},{"@type":"ListItem","position":2,"name":"Swiss Property: Zwei Neuzug\u00e4nge f\u00fcr deutsche Investmentplattform"}]},{"@type":"WebSite","@id":"https:\/\/www.immobilienbusiness.ch\/#website","url":"https:\/\/www.immobilienbusiness.ch\/","name":"Affari immobiliari","description":"Rivista economica indipendente svizzera che si concentra sul settore immobiliare, l'architettura e la costruzione, nonch\u00e9 sugli investimenti e i finanziamenti.","publisher":{"@id":"https:\/\/www.immobilienbusiness.ch\/#organization"},"potentialAction":[{"@type":"SearchAction","target":{"@type":"EntryPoint","urlTemplate":"https:\/\/www.immobilienbusiness.ch\/?s={search_term_string}"},"query-input":{"@type":"PropertyValueSpecification","valueRequired":true,"valueName":"search_term_string"}}],"inLanguage":"it-IT"},{"@type":"Organization","@id":"https:\/\/www.immobilienbusiness.ch\/#organization","name":"Affari immobiliari","url":"https:\/\/www.immobilienbusiness.ch\/","logo":{"@type":"ImageObject","inLanguage":"it-IT","@id":"https:\/\/www.immobilienbusiness.ch\/#\/schema\/logo\/image\/","url":"https:\/\/www.immobilienbusiness.ch\/wp-content\/uploads\/2021\/07\/logo_ib.png","contentUrl":"https:\/\/www.immobilienbusiness.ch\/wp-content\/uploads\/2021\/07\/logo_ib.png","width":800,"height":181,"caption":"IMMOBILIEN Business"},"image":{"@id":"https:\/\/www.immobilienbusiness.ch\/#\/schema\/logo\/image\/"},"sameAs":["https:\/\/www.facebook.com\/immobilienbusiness\/"]},{"@type":"Person","@id":"https:\/\/www.immobilienbusiness.ch\/#\/schema\/person\/aba8bea2db926aa0c24c08c43fe1fcd5","name":"Alexander Wachter","image":{"@type":"ImageObject","inLanguage":"it-IT","@id":"https:\/\/secure.gravatar.com\/avatar\/1a09e471f5389b0e0a6416eac287e0927c7c97a7b77f9e787eba3af7aee281dd?s=96&d=mm&r=g","url":"https:\/\/secure.gravatar.com\/avatar\/1a09e471f5389b0e0a6416eac287e0927c7c97a7b77f9e787eba3af7aee281dd?s=96&d=mm&r=g","contentUrl":"https:\/\/secure.gravatar.com\/avatar\/1a09e471f5389b0e0a6416eac287e0927c7c97a7b77f9e787eba3af7aee281dd?s=96&d=mm&r=g","caption":"Alexander Wachter"},"url":"https:\/\/www.immobilienbusiness.ch\/it\/author\/alexander-wachter\/"}]}},"_links":{"self":[{"href":"https:\/\/www.immobilienbusiness.ch\/it\/wp-json\/wp\/v2\/posts\/46608","targetHints":{"allow":["GET"]}}],"collection":[{"href":"https:\/\/www.immobilienbusiness.ch\/it\/wp-json\/wp\/v2\/posts"}],"about":[{"href":"https:\/\/www.immobilienbusiness.ch\/it\/wp-json\/wp\/v2\/types\/post"}],"author":[{"embeddable":true,"href":"https:\/\/www.immobilienbusiness.ch\/it\/wp-json\/wp\/v2\/users\/102"}],"replies":[{"embeddable":true,"href":"https:\/\/www.immobilienbusiness.ch\/it\/wp-json\/wp\/v2\/comments?post=46608"}],"version-history":[{"count":5,"href":"https:\/\/www.immobilienbusiness.ch\/it\/wp-json\/wp\/v2\/posts\/46608\/revisions"}],"predecessor-version":[{"id":47745,"href":"https:\/\/www.immobilienbusiness.ch\/it\/wp-json\/wp\/v2\/posts\/46608\/revisions\/47745"}],"wp:featuredmedia":[{"embeddable":true,"href":"https:\/\/www.immobilienbusiness.ch\/it\/wp-json\/wp\/v2\/media\/46609"}],"wp:attachment":[{"href":"https:\/\/www.immobilienbusiness.ch\/it\/wp-json\/wp\/v2\/media?parent=46608"}],"wp:term":[{"taxonomy":"category","embeddable":true,"href":"https:\/\/www.immobilienbusiness.ch\/it\/wp-json\/wp\/v2\/categories?post=46608"},{"taxonomy":"post_tag","embeddable":true,"href":"https:\/\/www.immobilienbusiness.ch\/it\/wp-json\/wp\/v2\/tags?post=46608"}],"curies":[{"name":"wp","href":"https:\/\/api.w.org\/{rel}","templated":true}]}}