{"id":46493,"date":"2023-04-03T06:00:37","date_gmt":"2023-04-03T04:00:37","guid":{"rendered":"https:\/\/www.immobilienbusiness.ch\/?p=46493"},"modified":"2023-06-23T04:50:09","modified_gmt":"2023-06-23T02:50:09","slug":"davos-plant-mit-hrs-neues-wohnquartier-fuer-einheimische","status":"publish","type":"post","link":"https:\/\/www.immobilienbusiness.ch\/it\/regionen\/2023-04-03\/davos-plant-mit-hrs-neues-wohnquartier-fuer-einheimische\/","title":{"rendered":"Davos progetta un nuovo quartiere residenziale con HRS"},"content":{"rendered":"<figure id=\"attachment_46494\" aria-describedby=\"caption-attachment-46494\" style=\"width: 799px\" class=\"wp-caption alignnone\"><a href=\"https:\/\/www.immobilienbusiness.ch\/wp-content\/uploads\/2023\/04\/Davos.png\"><img loading=\"lazy\" decoding=\"async\" class=\"wp-image-46494 size-full\" src=\"https:\/\/www.immobilienbusiness.ch\/wp-content\/uploads\/2023\/04\/Davos.png\" alt=\"Davos\" width=\"799\" height=\"510\" srcset=\"https:\/\/www.immobilienbusiness.ch\/wp-content\/uploads\/2023\/04\/Davos.png 799w, https:\/\/www.immobilienbusiness.ch\/wp-content\/uploads\/2023\/04\/Davos-300x191.png 300w, https:\/\/www.immobilienbusiness.ch\/wp-content\/uploads\/2023\/04\/Davos-768x490.png 768w, https:\/\/www.immobilienbusiness.ch\/wp-content\/uploads\/2023\/04\/Davos-18x12.png 18w, https:\/\/www.immobilienbusiness.ch\/wp-content\/uploads\/2023\/04\/Davos-375x239.png 375w, https:\/\/www.immobilienbusiness.ch\/wp-content\/uploads\/2023\/04\/Davos-548x350.png 548w\" sizes=\"auto, (max-width: 799px) 100vw, 799px\" \/><\/a><figcaption id=\"caption-attachment-46494\" class=\"wp-caption-text\">Visualizzazione del progetto di sviluppo (Immagine: Comune di Davos)<\/figcaption><\/figure>\n<p>Sul sito dell'ex clinica d'alta quota di Davos Valbella verranno costruiti appartamenti per la popolazione locale. Secondo il Comune di Davos, \u00e8 stato sviluppato un concetto di quartiere con il partner HRS. Per l'attuazione \u00e8 necessaria una revisione parziale del piano regolatore, che dovrebbe essere votata l'anno prossimo.<\/p>\n<h3>Cooperativa infrastrutturale prevista<\/h3>\n<p>Saranno costruiti sia appartamenti in affitto a prezzi accessibili che condomini. La base e l'elemento unificante di un quartiere residenziale vivace e ben mescolato sar\u00e0 un luogo di incontro comune del quartiere gestito da una cooperativa di infrastrutture. In questa cooperativa, sia gli inquilini che i proprietari hanno voce in capitolo e possono plasmare il nuovo quartiere in base alle loro esigenze comuni.<\/p>\n<p>La base di pianificazione del progetto \u00e8 il modello comunale recentemente adottato. Questo prevede un \"uso misto con proporzioni adeguate di alloggi a prezzi accessibili e alloggi in affitto\" sul sito di Valbella. Una consultazione in merito \u00e8 prevista per l'autunno 2023. Il referendum sulla revisione parziale del piano regolatore \u00e8 previsto per l'anno prossimo. <i>(aw)<\/i><\/p>\n<p>&nbsp;<\/p>","protected":false},"excerpt":{"rendered":"<p>Su un terreno a Davos-Valbella sorger\u00e0 un nuovo complesso residenziale per gli abitanti di Davos. Sono previste tra le 120 e le 150 nuove unit\u00e0 abitative.<\/p>","protected":false},"author":102,"featured_media":0,"comment_status":"closed","ping_status":"closed","sticky":false,"template":"","format":"standard","meta":{"_acf_changed":false,"_yoast_wpseo_focuskw":"Davos","_yoast_wpseo_title":"","_yoast_wpseo_metadesc":"Auf einem Grundst\u00fcck in Davos-Valbella soll eine neue Wohn\u00fcberbauung f\u00fcr Davoserinnen und Davoser entstehen. Geplant sind 120 bis 150 neue Wohneinheiten.","_yoast_wpseo_linkdex":57,"pgc_sgb_lightbox_settings":"","footnotes":""},"categories":[985],"tags":[1158,1999,2100,1600,2109],"class_list":["post-46493","post","type-post","status-publish","format-standard","hentry","category-regionen","tag-davos","tag-gr","tag-hrs","tag-projekt-in-planung","tag-wohnungen"],"acf":[],"yoast_head":"<!-- This site is optimized with the Yoast SEO plugin v27.4 - https:\/\/yoast.com\/product\/yoast-seo-wordpress\/ -->\n<title>Davos plant mit HRS neues Wohnquartier - IMMOBILIEN Business<\/title>\n<meta name=\"description\" content=\"Auf einem Grundst\u00fcck in Davos-Valbella soll eine neue Wohn\u00fcberbauung f\u00fcr Davoserinnen und Davoser entstehen. Geplant sind 120 bis 150 neue Wohneinheiten.\" \/>\n<meta name=\"robots\" content=\"index, follow, max-snippet:-1, max-image-preview:large, max-video-preview:-1\" \/>\n<link rel=\"canonical\" href=\"https:\/\/www.immobilienbusiness.ch\/it\/regionen\/2023-04-03\/davos-plant-mit-hrs-neues-wohnquartier-fuer-einheimische\/\" \/>\n<meta property=\"og:locale\" content=\"it_IT\" \/>\n<meta property=\"og:type\" content=\"article\" \/>\n<meta property=\"og:title\" content=\"Davos plant mit HRS neues Wohnquartier - IMMOBILIEN Business\" \/>\n<meta property=\"og:description\" content=\"Auf einem Grundst\u00fcck in Davos-Valbella soll eine neue Wohn\u00fcberbauung f\u00fcr Davoserinnen und Davoser entstehen. Geplant sind 120 bis 150 neue Wohneinheiten.\" \/>\n<meta property=\"og:url\" content=\"https:\/\/www.immobilienbusiness.ch\/it\/regionen\/2023-04-03\/davos-plant-mit-hrs-neues-wohnquartier-fuer-einheimische\/\" \/>\n<meta property=\"og:site_name\" content=\"IMMOBILIEN Business\" \/>\n<meta property=\"article:publisher\" content=\"https:\/\/www.facebook.com\/immobilienbusiness\/\" \/>\n<meta property=\"article:published_time\" content=\"2023-04-03T04:00:37+00:00\" \/>\n<meta property=\"article:modified_time\" content=\"2023-06-23T02:50:09+00:00\" \/>\n<meta property=\"og:image\" content=\"https:\/\/www.immobilienbusiness.ch\/wp-content\/uploads\/2023\/04\/Davos.png\" \/>\n\t<meta property=\"og:image:width\" content=\"799\" \/>\n\t<meta property=\"og:image:height\" content=\"510\" \/>\n\t<meta property=\"og:image:type\" content=\"image\/png\" \/>\n<meta name=\"author\" content=\"Alexander Wachter\" \/>\n<meta name=\"twitter:card\" content=\"summary_large_image\" \/>\n<script type=\"application\/ld+json\" class=\"yoast-schema-graph\">{\"@context\":\"https:\\\/\\\/schema.org\",\"@graph\":[{\"@type\":\"Article\",\"@id\":\"https:\\\/\\\/www.immobilienbusiness.ch\\\/de\\\/regionen\\\/2023-04-03\\\/davos-plant-mit-hrs-neues-wohnquartier-fuer-einheimische\\\/#article\",\"isPartOf\":{\"@id\":\"https:\\\/\\\/www.immobilienbusiness.ch\\\/de\\\/regionen\\\/2023-04-03\\\/davos-plant-mit-hrs-neues-wohnquartier-fuer-einheimische\\\/\"},\"author\":{\"name\":\"Alexander Wachter\",\"@id\":\"https:\\\/\\\/www.immobilienbusiness.ch\\\/#\\\/schema\\\/person\\\/aba8bea2db926aa0c24c08c43fe1fcd5\"},\"headline\":\"Davos plant mit HRS neues Wohnquartier\",\"datePublished\":\"2023-04-03T04:00:37+00:00\",\"dateModified\":\"2023-06-23T02:50:09+00:00\",\"mainEntityOfPage\":{\"@id\":\"https:\\\/\\\/www.immobilienbusiness.ch\\\/de\\\/regionen\\\/2023-04-03\\\/davos-plant-mit-hrs-neues-wohnquartier-fuer-einheimische\\\/\"},\"wordCount\":182,\"publisher\":{\"@id\":\"https:\\\/\\\/www.immobilienbusiness.ch\\\/#organization\"},\"image\":{\"@id\":\"https:\\\/\\\/www.immobilienbusiness.ch\\\/de\\\/regionen\\\/2023-04-03\\\/davos-plant-mit-hrs-neues-wohnquartier-fuer-einheimische\\\/#primaryimage\"},\"thumbnailUrl\":\"https:\\\/\\\/www.immobilienbusiness.ch\\\/wp-content\\\/uploads\\\/2023\\\/04\\\/Davos.png\",\"keywords\":[\"Davos\",\"GR\",\"HRS\",\"Projekt in Planung\",\"Wohnungen\"],\"articleSection\":[\"REGIONEN\"],\"inLanguage\":\"it-IT\"},{\"@type\":\"WebPage\",\"@id\":\"https:\\\/\\\/www.immobilienbusiness.ch\\\/de\\\/regionen\\\/2023-04-03\\\/davos-plant-mit-hrs-neues-wohnquartier-fuer-einheimische\\\/\",\"url\":\"https:\\\/\\\/www.immobilienbusiness.ch\\\/de\\\/regionen\\\/2023-04-03\\\/davos-plant-mit-hrs-neues-wohnquartier-fuer-einheimische\\\/\",\"name\":\"Davos plant mit HRS neues Wohnquartier - IMMOBILIEN Business\",\"isPartOf\":{\"@id\":\"https:\\\/\\\/www.immobilienbusiness.ch\\\/#website\"},\"primaryImageOfPage\":{\"@id\":\"https:\\\/\\\/www.immobilienbusiness.ch\\\/de\\\/regionen\\\/2023-04-03\\\/davos-plant-mit-hrs-neues-wohnquartier-fuer-einheimische\\\/#primaryimage\"},\"image\":{\"@id\":\"https:\\\/\\\/www.immobilienbusiness.ch\\\/de\\\/regionen\\\/2023-04-03\\\/davos-plant-mit-hrs-neues-wohnquartier-fuer-einheimische\\\/#primaryimage\"},\"thumbnailUrl\":\"https:\\\/\\\/www.immobilienbusiness.ch\\\/wp-content\\\/uploads\\\/2023\\\/04\\\/Davos.png\",\"datePublished\":\"2023-04-03T04:00:37+00:00\",\"dateModified\":\"2023-06-23T02:50:09+00:00\",\"description\":\"Auf einem Grundst\u00fcck in Davos-Valbella soll eine neue Wohn\u00fcberbauung f\u00fcr Davoserinnen und Davoser entstehen. Geplant sind 120 bis 150 neue Wohneinheiten.\",\"breadcrumb\":{\"@id\":\"https:\\\/\\\/www.immobilienbusiness.ch\\\/de\\\/regionen\\\/2023-04-03\\\/davos-plant-mit-hrs-neues-wohnquartier-fuer-einheimische\\\/#breadcrumb\"},\"inLanguage\":\"it-IT\",\"potentialAction\":[{\"@type\":\"ReadAction\",\"target\":[\"https:\\\/\\\/www.immobilienbusiness.ch\\\/de\\\/regionen\\\/2023-04-03\\\/davos-plant-mit-hrs-neues-wohnquartier-fuer-einheimische\\\/\"]}]},{\"@type\":\"ImageObject\",\"inLanguage\":\"it-IT\",\"@id\":\"https:\\\/\\\/www.immobilienbusiness.ch\\\/de\\\/regionen\\\/2023-04-03\\\/davos-plant-mit-hrs-neues-wohnquartier-fuer-einheimische\\\/#primaryimage\",\"url\":\"https:\\\/\\\/www.immobilienbusiness.ch\\\/wp-content\\\/uploads\\\/2023\\\/04\\\/Davos.png\",\"contentUrl\":\"https:\\\/\\\/www.immobilienbusiness.ch\\\/wp-content\\\/uploads\\\/2023\\\/04\\\/Davos.png\"},{\"@type\":\"BreadcrumbList\",\"@id\":\"https:\\\/\\\/www.immobilienbusiness.ch\\\/de\\\/regionen\\\/2023-04-03\\\/davos-plant-mit-hrs-neues-wohnquartier-fuer-einheimische\\\/#breadcrumb\",\"itemListElement\":[{\"@type\":\"ListItem\",\"position\":1,\"name\":\"Home\",\"item\":\"https:\\\/\\\/www.immobilienbusiness.ch\\\/\"},{\"@type\":\"ListItem\",\"position\":2,\"name\":\"Davos plant mit HRS neues Wohnquartier\"}]},{\"@type\":\"WebSite\",\"@id\":\"https:\\\/\\\/www.immobilienbusiness.ch\\\/#website\",\"url\":\"https:\\\/\\\/www.immobilienbusiness.ch\\\/\",\"name\":\"IMMOBILIEN Business\",\"description\":\"Unabh\u00e4ngiges Schweizer Wirtschaftsmagazin mit Fokus auf Immobilien, Architektur- und Bau sowie Investment- und Finanzierung.\",\"publisher\":{\"@id\":\"https:\\\/\\\/www.immobilienbusiness.ch\\\/#organization\"},\"potentialAction\":[{\"@type\":\"SearchAction\",\"target\":{\"@type\":\"EntryPoint\",\"urlTemplate\":\"https:\\\/\\\/www.immobilienbusiness.ch\\\/?s={search_term_string}\"},\"query-input\":{\"@type\":\"PropertyValueSpecification\",\"valueRequired\":true,\"valueName\":\"search_term_string\"}}],\"inLanguage\":\"it-IT\"},{\"@type\":\"Organization\",\"@id\":\"https:\\\/\\\/www.immobilienbusiness.ch\\\/#organization\",\"name\":\"IMMOBILIEN Business\",\"url\":\"https:\\\/\\\/www.immobilienbusiness.ch\\\/\",\"logo\":{\"@type\":\"ImageObject\",\"inLanguage\":\"it-IT\",\"@id\":\"https:\\\/\\\/www.immobilienbusiness.ch\\\/#\\\/schema\\\/logo\\\/image\\\/\",\"url\":\"https:\\\/\\\/www.immobilienbusiness.ch\\\/wp-content\\\/uploads\\\/2021\\\/07\\\/logo_ib.png\",\"contentUrl\":\"https:\\\/\\\/www.immobilienbusiness.ch\\\/wp-content\\\/uploads\\\/2021\\\/07\\\/logo_ib.png\",\"width\":800,\"height\":181,\"caption\":\"IMMOBILIEN Business\"},\"image\":{\"@id\":\"https:\\\/\\\/www.immobilienbusiness.ch\\\/#\\\/schema\\\/logo\\\/image\\\/\"},\"sameAs\":[\"https:\\\/\\\/www.facebook.com\\\/immobilienbusiness\\\/\"]},{\"@type\":\"Person\",\"@id\":\"https:\\\/\\\/www.immobilienbusiness.ch\\\/#\\\/schema\\\/person\\\/aba8bea2db926aa0c24c08c43fe1fcd5\",\"name\":\"Alexander Wachter\",\"image\":{\"@type\":\"ImageObject\",\"inLanguage\":\"it-IT\",\"@id\":\"https:\\\/\\\/secure.gravatar.com\\\/avatar\\\/1a09e471f5389b0e0a6416eac287e0927c7c97a7b77f9e787eba3af7aee281dd?s=96&d=mm&r=g\",\"url\":\"https:\\\/\\\/secure.gravatar.com\\\/avatar\\\/1a09e471f5389b0e0a6416eac287e0927c7c97a7b77f9e787eba3af7aee281dd?s=96&d=mm&r=g\",\"contentUrl\":\"https:\\\/\\\/secure.gravatar.com\\\/avatar\\\/1a09e471f5389b0e0a6416eac287e0927c7c97a7b77f9e787eba3af7aee281dd?s=96&d=mm&r=g\",\"caption\":\"Alexander Wachter\"},\"url\":\"https:\\\/\\\/www.immobilienbusiness.ch\\\/it\\\/author\\\/alexander-wachter\\\/\"}]}<\/script>\n<!-- \/ Yoast SEO plugin. -->","yoast_head_json":{"title":"Davos progetta un nuovo quartiere residenziale con HRS - IMMOBILIEN Business","description":"Su un terreno a Davos-Valbella sorger\u00e0 un nuovo complesso residenziale per gli abitanti di Davos. Sono previste tra le 120 e le 150 nuove unit\u00e0 abitative.","robots":{"index":"index","follow":"follow","max-snippet":"max-snippet:-1","max-image-preview":"max-image-preview:large","max-video-preview":"max-video-preview:-1"},"canonical":"https:\/\/www.immobilienbusiness.ch\/it\/regionen\/2023-04-03\/davos-plant-mit-hrs-neues-wohnquartier-fuer-einheimische\/","og_locale":"it_IT","og_type":"article","og_title":"Davos plant mit HRS neues Wohnquartier - IMMOBILIEN Business","og_description":"Auf einem Grundst\u00fcck in Davos-Valbella soll eine neue Wohn\u00fcberbauung f\u00fcr Davoserinnen und Davoser entstehen. Geplant sind 120 bis 150 neue Wohneinheiten.","og_url":"https:\/\/www.immobilienbusiness.ch\/it\/regionen\/2023-04-03\/davos-plant-mit-hrs-neues-wohnquartier-fuer-einheimische\/","og_site_name":"IMMOBILIEN Business","article_publisher":"https:\/\/www.facebook.com\/immobilienbusiness\/","article_published_time":"2023-04-03T04:00:37+00:00","article_modified_time":"2023-06-23T02:50:09+00:00","og_image":[{"width":799,"height":510,"url":"https:\/\/www.immobilienbusiness.ch\/wp-content\/uploads\/2023\/04\/Davos.png","type":"image\/png"}],"author":"Alexander Wachter","twitter_card":"summary_large_image","schema":{"@context":"https:\/\/schema.org","@graph":[{"@type":"Article","@id":"https:\/\/www.immobilienbusiness.ch\/de\/regionen\/2023-04-03\/davos-plant-mit-hrs-neues-wohnquartier-fuer-einheimische\/#article","isPartOf":{"@id":"https:\/\/www.immobilienbusiness.ch\/de\/regionen\/2023-04-03\/davos-plant-mit-hrs-neues-wohnquartier-fuer-einheimische\/"},"author":{"name":"Alexander Wachter","@id":"https:\/\/www.immobilienbusiness.ch\/#\/schema\/person\/aba8bea2db926aa0c24c08c43fe1fcd5"},"headline":"Davos plant mit HRS neues Wohnquartier","datePublished":"2023-04-03T04:00:37+00:00","dateModified":"2023-06-23T02:50:09+00:00","mainEntityOfPage":{"@id":"https:\/\/www.immobilienbusiness.ch\/de\/regionen\/2023-04-03\/davos-plant-mit-hrs-neues-wohnquartier-fuer-einheimische\/"},"wordCount":182,"publisher":{"@id":"https:\/\/www.immobilienbusiness.ch\/#organization"},"image":{"@id":"https:\/\/www.immobilienbusiness.ch\/de\/regionen\/2023-04-03\/davos-plant-mit-hrs-neues-wohnquartier-fuer-einheimische\/#primaryimage"},"thumbnailUrl":"https:\/\/www.immobilienbusiness.ch\/wp-content\/uploads\/2023\/04\/Davos.png","keywords":["Davos","GR","HRS","Projekt in Planung","Wohnungen"],"articleSection":["REGIONEN"],"inLanguage":"it-IT"},{"@type":"WebPage","@id":"https:\/\/www.immobilienbusiness.ch\/de\/regionen\/2023-04-03\/davos-plant-mit-hrs-neues-wohnquartier-fuer-einheimische\/","url":"https:\/\/www.immobilienbusiness.ch\/de\/regionen\/2023-04-03\/davos-plant-mit-hrs-neues-wohnquartier-fuer-einheimische\/","name":"Davos progetta un nuovo quartiere residenziale con HRS - IMMOBILIEN Business","isPartOf":{"@id":"https:\/\/www.immobilienbusiness.ch\/#website"},"primaryImageOfPage":{"@id":"https:\/\/www.immobilienbusiness.ch\/de\/regionen\/2023-04-03\/davos-plant-mit-hrs-neues-wohnquartier-fuer-einheimische\/#primaryimage"},"image":{"@id":"https:\/\/www.immobilienbusiness.ch\/de\/regionen\/2023-04-03\/davos-plant-mit-hrs-neues-wohnquartier-fuer-einheimische\/#primaryimage"},"thumbnailUrl":"https:\/\/www.immobilienbusiness.ch\/wp-content\/uploads\/2023\/04\/Davos.png","datePublished":"2023-04-03T04:00:37+00:00","dateModified":"2023-06-23T02:50:09+00:00","description":"Su un terreno a Davos-Valbella sorger\u00e0 un nuovo complesso residenziale per gli abitanti di Davos. Sono previste tra le 120 e le 150 nuove unit\u00e0 abitative.","breadcrumb":{"@id":"https:\/\/www.immobilienbusiness.ch\/de\/regionen\/2023-04-03\/davos-plant-mit-hrs-neues-wohnquartier-fuer-einheimische\/#breadcrumb"},"inLanguage":"it-IT","potentialAction":[{"@type":"ReadAction","target":["https:\/\/www.immobilienbusiness.ch\/de\/regionen\/2023-04-03\/davos-plant-mit-hrs-neues-wohnquartier-fuer-einheimische\/"]}]},{"@type":"ImageObject","inLanguage":"it-IT","@id":"https:\/\/www.immobilienbusiness.ch\/de\/regionen\/2023-04-03\/davos-plant-mit-hrs-neues-wohnquartier-fuer-einheimische\/#primaryimage","url":"https:\/\/www.immobilienbusiness.ch\/wp-content\/uploads\/2023\/04\/Davos.png","contentUrl":"https:\/\/www.immobilienbusiness.ch\/wp-content\/uploads\/2023\/04\/Davos.png"},{"@type":"BreadcrumbList","@id":"https:\/\/www.immobilienbusiness.ch\/de\/regionen\/2023-04-03\/davos-plant-mit-hrs-neues-wohnquartier-fuer-einheimische\/#breadcrumb","itemListElement":[{"@type":"ListItem","position":1,"name":"Home","item":"https:\/\/www.immobilienbusiness.ch\/"},{"@type":"ListItem","position":2,"name":"Davos plant mit HRS neues Wohnquartier"}]},{"@type":"WebSite","@id":"https:\/\/www.immobilienbusiness.ch\/#website","url":"https:\/\/www.immobilienbusiness.ch\/","name":"Affari immobiliari","description":"Rivista economica indipendente svizzera che si concentra sul settore immobiliare, l'architettura e la costruzione, nonch\u00e9 sugli investimenti e i finanziamenti.","publisher":{"@id":"https:\/\/www.immobilienbusiness.ch\/#organization"},"potentialAction":[{"@type":"SearchAction","target":{"@type":"EntryPoint","urlTemplate":"https:\/\/www.immobilienbusiness.ch\/?s={search_term_string}"},"query-input":{"@type":"PropertyValueSpecification","valueRequired":true,"valueName":"search_term_string"}}],"inLanguage":"it-IT"},{"@type":"Organization","@id":"https:\/\/www.immobilienbusiness.ch\/#organization","name":"Affari immobiliari","url":"https:\/\/www.immobilienbusiness.ch\/","logo":{"@type":"ImageObject","inLanguage":"it-IT","@id":"https:\/\/www.immobilienbusiness.ch\/#\/schema\/logo\/image\/","url":"https:\/\/www.immobilienbusiness.ch\/wp-content\/uploads\/2021\/07\/logo_ib.png","contentUrl":"https:\/\/www.immobilienbusiness.ch\/wp-content\/uploads\/2021\/07\/logo_ib.png","width":800,"height":181,"caption":"IMMOBILIEN Business"},"image":{"@id":"https:\/\/www.immobilienbusiness.ch\/#\/schema\/logo\/image\/"},"sameAs":["https:\/\/www.facebook.com\/immobilienbusiness\/"]},{"@type":"Person","@id":"https:\/\/www.immobilienbusiness.ch\/#\/schema\/person\/aba8bea2db926aa0c24c08c43fe1fcd5","name":"Alexander Wachter","image":{"@type":"ImageObject","inLanguage":"it-IT","@id":"https:\/\/secure.gravatar.com\/avatar\/1a09e471f5389b0e0a6416eac287e0927c7c97a7b77f9e787eba3af7aee281dd?s=96&d=mm&r=g","url":"https:\/\/secure.gravatar.com\/avatar\/1a09e471f5389b0e0a6416eac287e0927c7c97a7b77f9e787eba3af7aee281dd?s=96&d=mm&r=g","contentUrl":"https:\/\/secure.gravatar.com\/avatar\/1a09e471f5389b0e0a6416eac287e0927c7c97a7b77f9e787eba3af7aee281dd?s=96&d=mm&r=g","caption":"Alexander Wachter"},"url":"https:\/\/www.immobilienbusiness.ch\/it\/author\/alexander-wachter\/"}]}},"_links":{"self":[{"href":"https:\/\/www.immobilienbusiness.ch\/it\/wp-json\/wp\/v2\/posts\/46493","targetHints":{"allow":["GET"]}}],"collection":[{"href":"https:\/\/www.immobilienbusiness.ch\/it\/wp-json\/wp\/v2\/posts"}],"about":[{"href":"https:\/\/www.immobilienbusiness.ch\/it\/wp-json\/wp\/v2\/types\/post"}],"author":[{"embeddable":true,"href":"https:\/\/www.immobilienbusiness.ch\/it\/wp-json\/wp\/v2\/users\/102"}],"replies":[{"embeddable":true,"href":"https:\/\/www.immobilienbusiness.ch\/it\/wp-json\/wp\/v2\/comments?post=46493"}],"version-history":[{"count":5,"href":"https:\/\/www.immobilienbusiness.ch\/it\/wp-json\/wp\/v2\/posts\/46493\/revisions"}],"predecessor-version":[{"id":47765,"href":"https:\/\/www.immobilienbusiness.ch\/it\/wp-json\/wp\/v2\/posts\/46493\/revisions\/47765"}],"wp:attachment":[{"href":"https:\/\/www.immobilienbusiness.ch\/it\/wp-json\/wp\/v2\/media?parent=46493"}],"wp:term":[{"taxonomy":"category","embeddable":true,"href":"https:\/\/www.immobilienbusiness.ch\/it\/wp-json\/wp\/v2\/categories?post=46493"},{"taxonomy":"post_tag","embeddable":true,"href":"https:\/\/www.immobilienbusiness.ch\/it\/wp-json\/wp\/v2\/tags?post=46493"}],"curies":[{"name":"wp","href":"https:\/\/api.w.org\/{rel}","templated":true}]}}