{"id":46309,"date":"2023-03-23T08:53:35","date_gmt":"2023-03-23T07:53:35","guid":{"rendered":"https:\/\/www.immobilienbusiness.ch\/?p=46309"},"modified":"2023-03-23T09:42:19","modified_gmt":"2023-03-23T08:42:19","slug":"mister-glattpark-beny-ruhstaller-tritt-ab","status":"publish","type":"post","link":"https:\/\/www.immobilienbusiness.ch\/it\/personalia\/2023-03-23\/mister-glattpark-beny-ruhstaller-tritt-ab\/","title":{"rendered":"\"Mister Glattpark\" Beny Ruhstaller si dimette"},"content":{"rendered":"<figure id=\"attachment_46310\" aria-describedby=\"caption-attachment-46310\" style=\"width: 1400px\" class=\"wp-caption alignnone\"><a href=\"https:\/\/www.immobilienbusiness.ch\/wp-content\/uploads\/2023\/03\/Beny-Ruhstaller-20180418-1-scaled.jpg\"><img loading=\"lazy\" decoding=\"async\" class=\"size-full wp-image-46310\" src=\"https:\/\/www.immobilienbusiness.ch\/wp-content\/uploads\/2023\/03\/Beny-Ruhstaller-20180418-1-scaled.jpg\" alt=\"\" width=\"1400\" height=\"934\" srcset=\"https:\/\/www.immobilienbusiness.ch\/wp-content\/uploads\/2023\/03\/Beny-Ruhstaller-20180418-1-scaled.jpg 1200w, https:\/\/www.immobilienbusiness.ch\/wp-content\/uploads\/2023\/03\/Beny-Ruhstaller-20180418-1-300x200.jpg 300w, https:\/\/www.immobilienbusiness.ch\/wp-content\/uploads\/2023\/03\/Beny-Ruhstaller-20180418-1-1024x683.jpg 1024w, https:\/\/www.immobilienbusiness.ch\/wp-content\/uploads\/2023\/03\/Beny-Ruhstaller-20180418-1-768x512.jpg 768w, https:\/\/www.immobilienbusiness.ch\/wp-content\/uploads\/2023\/03\/Beny-Ruhstaller-20180418-1-1536x1024.jpg 1536w, https:\/\/www.immobilienbusiness.ch\/wp-content\/uploads\/2023\/03\/Beny-Ruhstaller-20180418-1-2048x1366.jpg 2048w, https:\/\/www.immobilienbusiness.ch\/wp-content\/uploads\/2023\/03\/Beny-Ruhstaller-20180418-1-18x12.jpg 18w, https:\/\/www.immobilienbusiness.ch\/wp-content\/uploads\/2023\/03\/Beny-Ruhstaller-20180418-1-375x250.jpg 375w, https:\/\/www.immobilienbusiness.ch\/wp-content\/uploads\/2023\/03\/Beny-Ruhstaller-20180418-1-525x350.jpg 525w, https:\/\/www.immobilienbusiness.ch\/wp-content\/uploads\/2023\/03\/Beny-Ruhstaller-20180418-1-1000x667.jpg 1000w\" sizes=\"auto, (max-width: 1400px) 100vw, 1400px\" \/><\/a><figcaption id=\"caption-attachment-46310\" class=\"wp-caption-text\">Beny Ruhstaller (Immagine: IGG Glattpark)<\/figcaption><\/figure>\n<p>Per molto tempo ha resistito al titolo di \"Mister Glattpark\", spiega Beny Ruhstaller, ma nel frattempo lo ha accettato: \"Glattpark \u00e8 stato davvero uno dei mandati pi\u00f9 importanti della mia carriera professionale e molte persone mi hanno identificato con esso. Ecco perch\u00e9 oggi sono un po' orgoglioso di questo titolo\", dice Beny Ruhstaller, considerato uno dei pi\u00f9 importanti location manager della Svizzera.<\/p>\n<p>Per 21 anni Ruhstaller \u00e8 stato amministratore delegato di un'associazione di diversi proprietari di immobili per formare un'organizzazione di marketing territoriale. La storia dell'attuale IGG Glattpark inizia nei primi anni 2000. All'epoca, i tre maggiori proprietari terrieri dell'area oggi nota come Glattpark - la citt\u00e0 di Zurigo, la citt\u00e0 di Opfikon e la societ\u00e0 immobiliare Allreal - volevano commercializzare congiuntamente la nuova area di sviluppo.<\/p>\n<h3>L'obiettivo: realizzare una visione urbanistica<\/h3>\n<p>Ruhstaller, all'epoca ancora amministratore delegato di Halter Immobilien, si impose con il suo concetto in una gara d'appalto: Doveva essere creato un marchio comune, di cui avrebbero beneficiato tutti i singoli progetti. La nuova organizzazione - il Glattpark Area Marketing - doveva essere un centro di informazione per i proprietari di immobili, i media e il pubblico in generale, ma anche fornire servizi di marketing ai proprietari di immobili.<\/p>\n<p>Ma l'obiettivo principale non era semplicemente quello di costruire uffici e appartamenti, bens\u00ec di realizzare una visione urbana, secondo quanto dichiarato da IGG Glattpark al momento della partenza di Ruhstaller.<\/p>\n<h3>IGG Glattpark \u00e8 oggi composto da 32 proprietari<\/h3>\n<p>La riunione di fondazione del Glattpark Area Marketing si \u00e8 svolta nel maggio 2002. In quell'occasione, 16 dei 21 proprietari di immobili si unirono alla nuova organizzazione ed elessero Ruhstaller come amministratore delegato. Oggi l'organizzazione si chiama IGG Glattpark e conta 32 proprietari immobiliari. \"Quando \u00e8 stato fondato il marketing territoriale nel 2002, quasi nessuno avrebbe pensato che l'organizzazione sarebbe durata pi\u00f9 a lungo dell'inizio dei lavori. \u00c8 notevole che tutti abbiano compreso l'importanza di una comunicazione congiunta e di un coordinamento continuo degli interessi dei proprietari terrieri al di l\u00e0 di quel momento\", afferma Ruhstaller. Secondo l'organizzazione, in questi 21 anni i proprietari terrieri hanno investito circa quattro milioni di franchi svizzeri nella rappresentanza comune degli interessi.<\/p>\n<p>Sta cedendo il suo mandato \"con un occhio che piange e uno che ride\", dice Ruhstaller. Alla guida di IGG Glattpark gli succeder\u00e0 Karin Bl\u00f6meke, proprietaria di Immoberatung GmbH. <em>(ah)<\/em><\/p>","protected":false},"excerpt":{"rendered":"<p>Dopo oltre 20 anni alla guida del marketing territoriale del quartiere Opfik di Glattpark, Beny Ruhstaller lascia l'incarico. Il suo successore \u00e8 gi\u00e0 stato nominato.<\/p>","protected":false},"author":3,"featured_media":46310,"comment_status":"closed","ping_status":"closed","sticky":false,"template":"","format":"standard","meta":{"_acf_changed":false,"_yoast_wpseo_focuskw":"Beny Ruhstaller","_yoast_wpseo_title":"","_yoast_wpseo_metadesc":"","_yoast_wpseo_linkdex":65,"pgc_sgb_lightbox_settings":"","footnotes":""},"categories":[1912],"tags":[1277,1563],"class_list":["post-46309","post","type-post","status-publish","format-standard","has-post-thumbnail","hentry","category-personalia","tag-glattpark","tag-personalia"],"acf":[],"yoast_head":"<!-- This site is optimized with the Yoast SEO plugin v27.4 - https:\/\/yoast.com\/product\/yoast-seo-wordpress\/ -->\n<title>\u00abMister Glattpark\u00bb Beny Ruhstaller tritt ab - IMMOBILIEN Business<\/title>\n<meta name=\"robots\" content=\"index, follow, max-snippet:-1, max-image-preview:large, max-video-preview:-1\" \/>\n<link rel=\"canonical\" href=\"https:\/\/www.immobilienbusiness.ch\/it\/personalia\/2023-03-23\/mister-glattpark-beny-ruhstaller-tritt-ab\/\" \/>\n<meta property=\"og:locale\" content=\"it_IT\" \/>\n<meta property=\"og:type\" content=\"article\" \/>\n<meta property=\"og:title\" content=\"\u00abMister Glattpark\u00bb Beny Ruhstaller tritt ab - IMMOBILIEN Business\" \/>\n<meta property=\"og:description\" content=\"Nach mehr als 20 Jahren an der Spitze des Gebietsmarketings f\u00fcr den Opfiker Stadtteil Glattpark gibt Beny Ruhstaller sein Amt ab. Seine Nachfolge steht bereits fest.\" \/>\n<meta property=\"og:url\" content=\"https:\/\/www.immobilienbusiness.ch\/it\/personalia\/2023-03-23\/mister-glattpark-beny-ruhstaller-tritt-ab\/\" \/>\n<meta property=\"og:site_name\" content=\"IMMOBILIEN Business\" \/>\n<meta property=\"article:publisher\" content=\"https:\/\/www.facebook.com\/immobilienbusiness\/\" \/>\n<meta property=\"article:published_time\" content=\"2023-03-23T07:53:35+00:00\" \/>\n<meta property=\"article:modified_time\" content=\"2023-03-23T08:42:19+00:00\" \/>\n<meta property=\"og:image\" content=\"https:\/\/www.immobilienbusiness.ch\/wp-content\/uploads\/2023\/03\/Beny-Ruhstaller-20180418-1-scaled.jpg\" \/>\n\t<meta property=\"og:image:width\" content=\"1200\" \/>\n\t<meta property=\"og:image:height\" content=\"801\" \/>\n\t<meta property=\"og:image:type\" content=\"image\/jpeg\" \/>\n<meta name=\"author\" content=\"anja.hall\" \/>\n<meta name=\"twitter:card\" content=\"summary_large_image\" \/>\n<meta name=\"twitter:image\" content=\"https:\/\/www.immobilienbusiness.ch\/wp-content\/uploads\/2023\/03\/Beny-Ruhstaller-20180418-1-scaled.jpg\" \/>\n<script type=\"application\/ld+json\" class=\"yoast-schema-graph\">{\"@context\":\"https:\\\/\\\/schema.org\",\"@graph\":[{\"@type\":\"Article\",\"@id\":\"https:\\\/\\\/www.immobilienbusiness.ch\\\/de\\\/personalia\\\/2023-03-23\\\/mister-glattpark-beny-ruhstaller-tritt-ab\\\/#article\",\"isPartOf\":{\"@id\":\"https:\\\/\\\/www.immobilienbusiness.ch\\\/de\\\/personalia\\\/2023-03-23\\\/mister-glattpark-beny-ruhstaller-tritt-ab\\\/\"},\"author\":{\"name\":\"anja.hall\",\"@id\":\"https:\\\/\\\/www.immobilienbusiness.ch\\\/#\\\/schema\\\/person\\\/3fc036297b10b9f42d6db5ee932af8c8\"},\"headline\":\"\u00abMister Glattpark\u00bb Beny Ruhstaller tritt ab\",\"datePublished\":\"2023-03-23T07:53:35+00:00\",\"dateModified\":\"2023-03-23T08:42:19+00:00\",\"mainEntityOfPage\":{\"@id\":\"https:\\\/\\\/www.immobilienbusiness.ch\\\/de\\\/personalia\\\/2023-03-23\\\/mister-glattpark-beny-ruhstaller-tritt-ab\\\/\"},\"wordCount\":387,\"publisher\":{\"@id\":\"https:\\\/\\\/www.immobilienbusiness.ch\\\/#organization\"},\"image\":{\"@id\":\"https:\\\/\\\/www.immobilienbusiness.ch\\\/de\\\/personalia\\\/2023-03-23\\\/mister-glattpark-beny-ruhstaller-tritt-ab\\\/#primaryimage\"},\"thumbnailUrl\":\"https:\\\/\\\/www.immobilienbusiness.ch\\\/wp-content\\\/uploads\\\/2023\\\/03\\\/Beny-Ruhstaller-20180418-1-scaled.jpg\",\"keywords\":[\"Glattpark\",\"Personalia\"],\"articleSection\":[\"PERSONALIA\"],\"inLanguage\":\"it-IT\"},{\"@type\":\"WebPage\",\"@id\":\"https:\\\/\\\/www.immobilienbusiness.ch\\\/de\\\/personalia\\\/2023-03-23\\\/mister-glattpark-beny-ruhstaller-tritt-ab\\\/\",\"url\":\"https:\\\/\\\/www.immobilienbusiness.ch\\\/de\\\/personalia\\\/2023-03-23\\\/mister-glattpark-beny-ruhstaller-tritt-ab\\\/\",\"name\":\"\u00abMister Glattpark\u00bb Beny Ruhstaller tritt ab - IMMOBILIEN Business\",\"isPartOf\":{\"@id\":\"https:\\\/\\\/www.immobilienbusiness.ch\\\/#website\"},\"primaryImageOfPage\":{\"@id\":\"https:\\\/\\\/www.immobilienbusiness.ch\\\/de\\\/personalia\\\/2023-03-23\\\/mister-glattpark-beny-ruhstaller-tritt-ab\\\/#primaryimage\"},\"image\":{\"@id\":\"https:\\\/\\\/www.immobilienbusiness.ch\\\/de\\\/personalia\\\/2023-03-23\\\/mister-glattpark-beny-ruhstaller-tritt-ab\\\/#primaryimage\"},\"thumbnailUrl\":\"https:\\\/\\\/www.immobilienbusiness.ch\\\/wp-content\\\/uploads\\\/2023\\\/03\\\/Beny-Ruhstaller-20180418-1-scaled.jpg\",\"datePublished\":\"2023-03-23T07:53:35+00:00\",\"dateModified\":\"2023-03-23T08:42:19+00:00\",\"breadcrumb\":{\"@id\":\"https:\\\/\\\/www.immobilienbusiness.ch\\\/de\\\/personalia\\\/2023-03-23\\\/mister-glattpark-beny-ruhstaller-tritt-ab\\\/#breadcrumb\"},\"inLanguage\":\"it-IT\",\"potentialAction\":[{\"@type\":\"ReadAction\",\"target\":[\"https:\\\/\\\/www.immobilienbusiness.ch\\\/de\\\/personalia\\\/2023-03-23\\\/mister-glattpark-beny-ruhstaller-tritt-ab\\\/\"]}]},{\"@type\":\"ImageObject\",\"inLanguage\":\"it-IT\",\"@id\":\"https:\\\/\\\/www.immobilienbusiness.ch\\\/de\\\/personalia\\\/2023-03-23\\\/mister-glattpark-beny-ruhstaller-tritt-ab\\\/#primaryimage\",\"url\":\"https:\\\/\\\/www.immobilienbusiness.ch\\\/wp-content\\\/uploads\\\/2023\\\/03\\\/Beny-Ruhstaller-20180418-1-scaled.jpg\",\"contentUrl\":\"https:\\\/\\\/www.immobilienbusiness.ch\\\/wp-content\\\/uploads\\\/2023\\\/03\\\/Beny-Ruhstaller-20180418-1-scaled.jpg\",\"width\":1200,\"height\":801,\"caption\":\"Beny Ruhstaller (Bild: IGG Glattpark)\"},{\"@type\":\"BreadcrumbList\",\"@id\":\"https:\\\/\\\/www.immobilienbusiness.ch\\\/de\\\/personalia\\\/2023-03-23\\\/mister-glattpark-beny-ruhstaller-tritt-ab\\\/#breadcrumb\",\"itemListElement\":[{\"@type\":\"ListItem\",\"position\":1,\"name\":\"Home\",\"item\":\"https:\\\/\\\/www.immobilienbusiness.ch\\\/\"},{\"@type\":\"ListItem\",\"position\":2,\"name\":\"\u00abMister Glattpark\u00bb Beny Ruhstaller tritt ab\"}]},{\"@type\":\"WebSite\",\"@id\":\"https:\\\/\\\/www.immobilienbusiness.ch\\\/#website\",\"url\":\"https:\\\/\\\/www.immobilienbusiness.ch\\\/\",\"name\":\"IMMOBILIEN Business\",\"description\":\"Unabh\u00e4ngiges Schweizer Wirtschaftsmagazin mit Fokus auf Immobilien, Architektur- und Bau sowie Investment- und Finanzierung.\",\"publisher\":{\"@id\":\"https:\\\/\\\/www.immobilienbusiness.ch\\\/#organization\"},\"potentialAction\":[{\"@type\":\"SearchAction\",\"target\":{\"@type\":\"EntryPoint\",\"urlTemplate\":\"https:\\\/\\\/www.immobilienbusiness.ch\\\/?s={search_term_string}\"},\"query-input\":{\"@type\":\"PropertyValueSpecification\",\"valueRequired\":true,\"valueName\":\"search_term_string\"}}],\"inLanguage\":\"it-IT\"},{\"@type\":\"Organization\",\"@id\":\"https:\\\/\\\/www.immobilienbusiness.ch\\\/#organization\",\"name\":\"IMMOBILIEN Business\",\"url\":\"https:\\\/\\\/www.immobilienbusiness.ch\\\/\",\"logo\":{\"@type\":\"ImageObject\",\"inLanguage\":\"it-IT\",\"@id\":\"https:\\\/\\\/www.immobilienbusiness.ch\\\/#\\\/schema\\\/logo\\\/image\\\/\",\"url\":\"https:\\\/\\\/www.immobilienbusiness.ch\\\/wp-content\\\/uploads\\\/2021\\\/07\\\/logo_ib.png\",\"contentUrl\":\"https:\\\/\\\/www.immobilienbusiness.ch\\\/wp-content\\\/uploads\\\/2021\\\/07\\\/logo_ib.png\",\"width\":800,\"height\":181,\"caption\":\"IMMOBILIEN Business\"},\"image\":{\"@id\":\"https:\\\/\\\/www.immobilienbusiness.ch\\\/#\\\/schema\\\/logo\\\/image\\\/\"},\"sameAs\":[\"https:\\\/\\\/www.facebook.com\\\/immobilienbusiness\\\/\"]},{\"@type\":\"Person\",\"@id\":\"https:\\\/\\\/www.immobilienbusiness.ch\\\/#\\\/schema\\\/person\\\/3fc036297b10b9f42d6db5ee932af8c8\",\"name\":\"anja.hall\",\"image\":{\"@type\":\"ImageObject\",\"inLanguage\":\"it-IT\",\"@id\":\"https:\\\/\\\/secure.gravatar.com\\\/avatar\\\/066b5a0d447013502c71a5782f4f3469f03cfe595cc2329fb94652fe47511bfb?s=96&d=mm&r=g\",\"url\":\"https:\\\/\\\/secure.gravatar.com\\\/avatar\\\/066b5a0d447013502c71a5782f4f3469f03cfe595cc2329fb94652fe47511bfb?s=96&d=mm&r=g\",\"contentUrl\":\"https:\\\/\\\/secure.gravatar.com\\\/avatar\\\/066b5a0d447013502c71a5782f4f3469f03cfe595cc2329fb94652fe47511bfb?s=96&d=mm&r=g\",\"caption\":\"anja.hall\"},\"url\":\"https:\\\/\\\/www.immobilienbusiness.ch\\\/it\\\/author\\\/anja-hall\\\/\"}]}<\/script>\n<!-- \/ Yoast SEO plugin. -->","yoast_head_json":{"title":"\u00abMister Glattpark\u00bb Beny Ruhstaller tritt ab - IMMOBILIEN Business","robots":{"index":"index","follow":"follow","max-snippet":"max-snippet:-1","max-image-preview":"max-image-preview:large","max-video-preview":"max-video-preview:-1"},"canonical":"https:\/\/www.immobilienbusiness.ch\/it\/personalia\/2023-03-23\/mister-glattpark-beny-ruhstaller-tritt-ab\/","og_locale":"it_IT","og_type":"article","og_title":"\u00abMister Glattpark\u00bb Beny Ruhstaller tritt ab - IMMOBILIEN Business","og_description":"Nach mehr als 20 Jahren an der Spitze des Gebietsmarketings f\u00fcr den Opfiker Stadtteil Glattpark gibt Beny Ruhstaller sein Amt ab. Seine Nachfolge steht bereits fest.","og_url":"https:\/\/www.immobilienbusiness.ch\/it\/personalia\/2023-03-23\/mister-glattpark-beny-ruhstaller-tritt-ab\/","og_site_name":"IMMOBILIEN Business","article_publisher":"https:\/\/www.facebook.com\/immobilienbusiness\/","article_published_time":"2023-03-23T07:53:35+00:00","article_modified_time":"2023-03-23T08:42:19+00:00","og_image":[{"width":1200,"height":801,"url":"https:\/\/www.immobilienbusiness.ch\/wp-content\/uploads\/2023\/03\/Beny-Ruhstaller-20180418-1-scaled.jpg","type":"image\/jpeg"}],"author":"anja.hall","twitter_card":"summary_large_image","twitter_image":"https:\/\/www.immobilienbusiness.ch\/wp-content\/uploads\/2023\/03\/Beny-Ruhstaller-20180418-1-scaled.jpg","schema":{"@context":"https:\/\/schema.org","@graph":[{"@type":"Article","@id":"https:\/\/www.immobilienbusiness.ch\/de\/personalia\/2023-03-23\/mister-glattpark-beny-ruhstaller-tritt-ab\/#article","isPartOf":{"@id":"https:\/\/www.immobilienbusiness.ch\/de\/personalia\/2023-03-23\/mister-glattpark-beny-ruhstaller-tritt-ab\/"},"author":{"name":"anja.hall","@id":"https:\/\/www.immobilienbusiness.ch\/#\/schema\/person\/3fc036297b10b9f42d6db5ee932af8c8"},"headline":"\u00abMister Glattpark\u00bb Beny Ruhstaller tritt ab","datePublished":"2023-03-23T07:53:35+00:00","dateModified":"2023-03-23T08:42:19+00:00","mainEntityOfPage":{"@id":"https:\/\/www.immobilienbusiness.ch\/de\/personalia\/2023-03-23\/mister-glattpark-beny-ruhstaller-tritt-ab\/"},"wordCount":387,"publisher":{"@id":"https:\/\/www.immobilienbusiness.ch\/#organization"},"image":{"@id":"https:\/\/www.immobilienbusiness.ch\/de\/personalia\/2023-03-23\/mister-glattpark-beny-ruhstaller-tritt-ab\/#primaryimage"},"thumbnailUrl":"https:\/\/www.immobilienbusiness.ch\/wp-content\/uploads\/2023\/03\/Beny-Ruhstaller-20180418-1-scaled.jpg","keywords":["Glattpark","Personalia"],"articleSection":["PERSONALIA"],"inLanguage":"it-IT"},{"@type":"WebPage","@id":"https:\/\/www.immobilienbusiness.ch\/de\/personalia\/2023-03-23\/mister-glattpark-beny-ruhstaller-tritt-ab\/","url":"https:\/\/www.immobilienbusiness.ch\/de\/personalia\/2023-03-23\/mister-glattpark-beny-ruhstaller-tritt-ab\/","name":"\u00abMister Glattpark\u00bb Beny Ruhstaller tritt ab - IMMOBILIEN Business","isPartOf":{"@id":"https:\/\/www.immobilienbusiness.ch\/#website"},"primaryImageOfPage":{"@id":"https:\/\/www.immobilienbusiness.ch\/de\/personalia\/2023-03-23\/mister-glattpark-beny-ruhstaller-tritt-ab\/#primaryimage"},"image":{"@id":"https:\/\/www.immobilienbusiness.ch\/de\/personalia\/2023-03-23\/mister-glattpark-beny-ruhstaller-tritt-ab\/#primaryimage"},"thumbnailUrl":"https:\/\/www.immobilienbusiness.ch\/wp-content\/uploads\/2023\/03\/Beny-Ruhstaller-20180418-1-scaled.jpg","datePublished":"2023-03-23T07:53:35+00:00","dateModified":"2023-03-23T08:42:19+00:00","breadcrumb":{"@id":"https:\/\/www.immobilienbusiness.ch\/de\/personalia\/2023-03-23\/mister-glattpark-beny-ruhstaller-tritt-ab\/#breadcrumb"},"inLanguage":"it-IT","potentialAction":[{"@type":"ReadAction","target":["https:\/\/www.immobilienbusiness.ch\/de\/personalia\/2023-03-23\/mister-glattpark-beny-ruhstaller-tritt-ab\/"]}]},{"@type":"ImageObject","inLanguage":"it-IT","@id":"https:\/\/www.immobilienbusiness.ch\/de\/personalia\/2023-03-23\/mister-glattpark-beny-ruhstaller-tritt-ab\/#primaryimage","url":"https:\/\/www.immobilienbusiness.ch\/wp-content\/uploads\/2023\/03\/Beny-Ruhstaller-20180418-1-scaled.jpg","contentUrl":"https:\/\/www.immobilienbusiness.ch\/wp-content\/uploads\/2023\/03\/Beny-Ruhstaller-20180418-1-scaled.jpg","width":1200,"height":801,"caption":"Beny Ruhstaller (Bild: IGG Glattpark)"},{"@type":"BreadcrumbList","@id":"https:\/\/www.immobilienbusiness.ch\/de\/personalia\/2023-03-23\/mister-glattpark-beny-ruhstaller-tritt-ab\/#breadcrumb","itemListElement":[{"@type":"ListItem","position":1,"name":"Home","item":"https:\/\/www.immobilienbusiness.ch\/"},{"@type":"ListItem","position":2,"name":"\u00abMister Glattpark\u00bb Beny Ruhstaller tritt ab"}]},{"@type":"WebSite","@id":"https:\/\/www.immobilienbusiness.ch\/#website","url":"https:\/\/www.immobilienbusiness.ch\/","name":"Affari immobiliari","description":"Rivista economica indipendente svizzera che si concentra sul settore immobiliare, l'architettura e la costruzione, nonch\u00e9 sugli investimenti e i finanziamenti.","publisher":{"@id":"https:\/\/www.immobilienbusiness.ch\/#organization"},"potentialAction":[{"@type":"SearchAction","target":{"@type":"EntryPoint","urlTemplate":"https:\/\/www.immobilienbusiness.ch\/?s={search_term_string}"},"query-input":{"@type":"PropertyValueSpecification","valueRequired":true,"valueName":"search_term_string"}}],"inLanguage":"it-IT"},{"@type":"Organization","@id":"https:\/\/www.immobilienbusiness.ch\/#organization","name":"Affari immobiliari","url":"https:\/\/www.immobilienbusiness.ch\/","logo":{"@type":"ImageObject","inLanguage":"it-IT","@id":"https:\/\/www.immobilienbusiness.ch\/#\/schema\/logo\/image\/","url":"https:\/\/www.immobilienbusiness.ch\/wp-content\/uploads\/2021\/07\/logo_ib.png","contentUrl":"https:\/\/www.immobilienbusiness.ch\/wp-content\/uploads\/2021\/07\/logo_ib.png","width":800,"height":181,"caption":"IMMOBILIEN Business"},"image":{"@id":"https:\/\/www.immobilienbusiness.ch\/#\/schema\/logo\/image\/"},"sameAs":["https:\/\/www.facebook.com\/immobilienbusiness\/"]},{"@type":"Person","@id":"https:\/\/www.immobilienbusiness.ch\/#\/schema\/person\/3fc036297b10b9f42d6db5ee932af8c8","name":"anja.hall","image":{"@type":"ImageObject","inLanguage":"it-IT","@id":"https:\/\/secure.gravatar.com\/avatar\/066b5a0d447013502c71a5782f4f3469f03cfe595cc2329fb94652fe47511bfb?s=96&d=mm&r=g","url":"https:\/\/secure.gravatar.com\/avatar\/066b5a0d447013502c71a5782f4f3469f03cfe595cc2329fb94652fe47511bfb?s=96&d=mm&r=g","contentUrl":"https:\/\/secure.gravatar.com\/avatar\/066b5a0d447013502c71a5782f4f3469f03cfe595cc2329fb94652fe47511bfb?s=96&d=mm&r=g","caption":"anja.hall"},"url":"https:\/\/www.immobilienbusiness.ch\/it\/author\/anja-hall\/"}]}},"_links":{"self":[{"href":"https:\/\/www.immobilienbusiness.ch\/it\/wp-json\/wp\/v2\/posts\/46309","targetHints":{"allow":["GET"]}}],"collection":[{"href":"https:\/\/www.immobilienbusiness.ch\/it\/wp-json\/wp\/v2\/posts"}],"about":[{"href":"https:\/\/www.immobilienbusiness.ch\/it\/wp-json\/wp\/v2\/types\/post"}],"author":[{"embeddable":true,"href":"https:\/\/www.immobilienbusiness.ch\/it\/wp-json\/wp\/v2\/users\/3"}],"replies":[{"embeddable":true,"href":"https:\/\/www.immobilienbusiness.ch\/it\/wp-json\/wp\/v2\/comments?post=46309"}],"version-history":[{"count":3,"href":"https:\/\/www.immobilienbusiness.ch\/it\/wp-json\/wp\/v2\/posts\/46309\/revisions"}],"predecessor-version":[{"id":46326,"href":"https:\/\/www.immobilienbusiness.ch\/it\/wp-json\/wp\/v2\/posts\/46309\/revisions\/46326"}],"wp:featuredmedia":[{"embeddable":true,"href":"https:\/\/www.immobilienbusiness.ch\/it\/wp-json\/wp\/v2\/media\/46310"}],"wp:attachment":[{"href":"https:\/\/www.immobilienbusiness.ch\/it\/wp-json\/wp\/v2\/media?parent=46309"}],"wp:term":[{"taxonomy":"category","embeddable":true,"href":"https:\/\/www.immobilienbusiness.ch\/it\/wp-json\/wp\/v2\/categories?post=46309"},{"taxonomy":"post_tag","embeddable":true,"href":"https:\/\/www.immobilienbusiness.ch\/it\/wp-json\/wp\/v2\/tags?post=46309"}],"curies":[{"name":"wp","href":"https:\/\/api.w.org\/{rel}","templated":true}]}}