{"id":46198,"date":"2023-03-17T04:00:52","date_gmt":"2023-03-17T03:00:52","guid":{"rendered":"https:\/\/www.immobilienbusiness.ch\/?p=46198"},"modified":"2023-03-23T09:28:29","modified_gmt":"2023-03-23T08:28:29","slug":"fundamenta-group-legt-2022-operativ-zu","status":"publish","type":"post","link":"https:\/\/www.immobilienbusiness.ch\/it\/unternehmen\/2023-03-17\/fundamenta-group-legt-2022-operativ-zu\/","title":{"rendered":"Il Gruppo Fundamenta cresce operativamente nel 2022"},"content":{"rendered":"<figure id=\"attachment_46199\" aria-describedby=\"caption-attachment-46199\" style=\"width: 249px\" class=\"wp-caption alignnone\"><a href=\"https:\/\/www.immobilienbusiness.ch\/wp-content\/uploads\/2023\/03\/Daniel-Kuster.png\"><img loading=\"lazy\" decoding=\"async\" class=\"size-full wp-image-46199\" src=\"https:\/\/www.immobilienbusiness.ch\/wp-content\/uploads\/2023\/03\/Daniel-Kuster.png\" alt=\"\" width=\"249\" height=\"253\" srcset=\"https:\/\/www.immobilienbusiness.ch\/wp-content\/uploads\/2023\/03\/Daniel-Kuster.png 249w, https:\/\/www.immobilienbusiness.ch\/wp-content\/uploads\/2023\/03\/Daniel-Kuster-12x12.png 12w\" sizes=\"auto, (max-width: 249px) 100vw, 249px\" \/><\/a><figcaption id=\"caption-attachment-46199\" class=\"wp-caption-text\">Daniel Kuster, amministratore delegato dell'azienda (Immagine: Fundamenta)<\/figcaption><\/figure>\n<p>Il Gruppo Fundamenta ha registrato un utile netto di 22,3 milioni di franchi per il 2022 (anno precedente: 28,9 milioni di franchi). Il motivo del calo \u00e8 il minor risultato di valutazione di 3,9 milioni di franchi (anno precedente: 15,3 milioni di franchi). Senza questo effetto, tuttavia, il risultato operativo \u00e8 aumentato a 19,9 milioni di franchi (+12,4 %). Fundamenta ha aumentato il reddito netto da locazione effettivo di 10,0%, superando per la prima volta la soglia dei 40 milioni. Questo sviluppo si \u00e8 basato sull'acquisizione di sei immobili esistenti, sul completamento di un progetto di sviluppo e su un'ulteriore riduzione dello sfitto, passato da 2,5 a 1,6%. Il portafoglio immobiliare ha raggiunto un valore di bilancio di 1,2 miliardi di franchi svizzeri grazie a una crescita di 10,7%. Il tasso di interesse medio ponderato \u00e8 passato da 0,8% a 1,1% alla data di riferimento. Nell'intero anno di riferimento, il tasso di interesse medio \u00e8 rimasto invariato a 0,8%.<\/p>\n<h3>Prestazioni negative<\/h3>\n<p>Dopo un aumento complessivo di 26,7% nei due anni precedenti, il prezzo dell'azione \u00e8 sceso di 17,2% a 16,10 franchi nel pi\u00f9 difficile contesto di mercato del 2022. Tenendo conto del dividendo di 0,55 franchi per azione distribuito in aprile, la performance complessiva \u00e8 stata di -TP2T 14,91 (PY: +TP2T 10,91). Alla data di chiusura del bilancio, il mercato dei capitali valutava l'azione con uno sconto di -4,5% (anno precedente: premio di +16,7%) rispetto al NAV al netto delle imposte differite.<\/p>\n<p>Per l'esercizio 2022, il Consiglio di amministrazione proporr\u00e0 nuovamente una distribuzione di 0,55 franchi per azione all'Assemblea generale annuale del 5 aprile 2023. La distribuzione proposta di 16,5 milioni di franchi corrisponde a un rapporto di payout di 74,3% rispetto all'utile netto riportato.<\/p>\n<h3>Consiglio di amministrazione: Herbert Stoop non si ricandider\u00e0 nel 2024<\/h3>\n<p>In occasione della prossima Assemblea generale, l'intero Consiglio di amministrazione si candider\u00e0 per la rielezione. In questo contesto, Herbert Stoop ha annunciato che non si candider\u00e0 per la rielezione all'Assemblea generale del 2024. Si sta cercando un nuovo Consiglio di amministrazione.<em> (aw)<\/em><\/p>","protected":false},"excerpt":{"rendered":"<p>L'utile netto del Gruppo Fundamenta \u00e8 sceso da 28,9 a 22,3 milioni di franchi svizzeri. Ci\u00f2 \u00e8 dovuto al minor risultato della valutazione. Senza questo effetto, tuttavia, il risultato operativo \u00e8 aumentato del 12,4%.<\/p>","protected":false},"author":102,"featured_media":46199,"comment_status":"closed","ping_status":"closed","sticky":false,"template":"","format":"standard","meta":{"_acf_changed":false,"_yoast_wpseo_focuskw":"Fundamenta","_yoast_wpseo_title":"","_yoast_wpseo_metadesc":"Der Reingewinn der Fundamenta Group ist im Jahresvergleich von 28,9 Mio. auf 22,3 Mio. CHF gesunken. Das lag am tieferen Bewertungsergebnis von 3,9 Mio. CHF (Vj: 15,3 Mio).","_yoast_wpseo_linkdex":65,"pgc_sgb_lightbox_settings":"","footnotes":""},"categories":[988],"tags":[1252,1262],"class_list":["post-46198","post","type-post","status-publish","format-standard","has-post-thumbnail","hentry","category-unternehmen","tag-fundamenta","tag-geschaeftsbericht"],"acf":[],"yoast_head":"<!-- This site is optimized with the Yoast SEO plugin v27.4 - https:\/\/yoast.com\/product\/yoast-seo-wordpress\/ -->\n<title>Fundamenta Group legt 2022 operativ zu - IMMOBILIEN Business<\/title>\n<meta name=\"description\" content=\"Der Reingewinn der Fundamenta Group ist im Jahresvergleich von 28,9 Mio. auf 22,3 Mio. CHF gesunken. Das lag am tieferen Bewertungsergebnis von 3,9 Mio. CHF (Vj: 15,3 Mio).\" \/>\n<meta name=\"robots\" content=\"index, follow, max-snippet:-1, max-image-preview:large, max-video-preview:-1\" \/>\n<link rel=\"canonical\" href=\"https:\/\/www.immobilienbusiness.ch\/it\/unternehmen\/2023-03-17\/fundamenta-group-legt-2022-operativ-zu\/\" \/>\n<meta property=\"og:locale\" content=\"it_IT\" \/>\n<meta property=\"og:type\" content=\"article\" \/>\n<meta property=\"og:title\" content=\"Fundamenta Group legt 2022 operativ zu - IMMOBILIEN Business\" \/>\n<meta property=\"og:description\" content=\"Der Reingewinn der Fundamenta Group ist im Jahresvergleich von 28,9 Mio. auf 22,3 Mio. CHF gesunken. Das lag am tieferen Bewertungsergebnis von 3,9 Mio. CHF (Vj: 15,3 Mio).\" \/>\n<meta property=\"og:url\" content=\"https:\/\/www.immobilienbusiness.ch\/it\/unternehmen\/2023-03-17\/fundamenta-group-legt-2022-operativ-zu\/\" \/>\n<meta property=\"og:site_name\" content=\"IMMOBILIEN Business\" \/>\n<meta property=\"article:publisher\" content=\"https:\/\/www.facebook.com\/immobilienbusiness\/\" \/>\n<meta property=\"article:published_time\" content=\"2023-03-17T03:00:52+00:00\" \/>\n<meta property=\"article:modified_time\" content=\"2023-03-23T08:28:29+00:00\" \/>\n<meta property=\"og:image\" content=\"https:\/\/www.immobilienbusiness.ch\/wp-content\/uploads\/2023\/03\/Daniel-Kuster.png\" \/>\n\t<meta property=\"og:image:width\" content=\"249\" \/>\n\t<meta property=\"og:image:height\" content=\"253\" \/>\n\t<meta property=\"og:image:type\" content=\"image\/png\" \/>\n<meta name=\"author\" content=\"Alexander Wachter\" \/>\n<meta name=\"twitter:card\" content=\"summary_large_image\" \/>\n<script type=\"application\/ld+json\" class=\"yoast-schema-graph\">{\"@context\":\"https:\\\/\\\/schema.org\",\"@graph\":[{\"@type\":\"Article\",\"@id\":\"https:\\\/\\\/www.immobilienbusiness.ch\\\/de\\\/unternehmen\\\/2023-03-17\\\/fundamenta-group-legt-2022-operativ-zu\\\/#article\",\"isPartOf\":{\"@id\":\"https:\\\/\\\/www.immobilienbusiness.ch\\\/de\\\/unternehmen\\\/2023-03-17\\\/fundamenta-group-legt-2022-operativ-zu\\\/\"},\"author\":{\"name\":\"Alexander Wachter\",\"@id\":\"https:\\\/\\\/www.immobilienbusiness.ch\\\/#\\\/schema\\\/person\\\/aba8bea2db926aa0c24c08c43fe1fcd5\"},\"headline\":\"Fundamenta Group legt 2022 operativ zu\",\"datePublished\":\"2023-03-17T03:00:52+00:00\",\"dateModified\":\"2023-03-23T08:28:29+00:00\",\"mainEntityOfPage\":{\"@id\":\"https:\\\/\\\/www.immobilienbusiness.ch\\\/de\\\/unternehmen\\\/2023-03-17\\\/fundamenta-group-legt-2022-operativ-zu\\\/\"},\"wordCount\":283,\"publisher\":{\"@id\":\"https:\\\/\\\/www.immobilienbusiness.ch\\\/#organization\"},\"image\":{\"@id\":\"https:\\\/\\\/www.immobilienbusiness.ch\\\/de\\\/unternehmen\\\/2023-03-17\\\/fundamenta-group-legt-2022-operativ-zu\\\/#primaryimage\"},\"thumbnailUrl\":\"https:\\\/\\\/www.immobilienbusiness.ch\\\/wp-content\\\/uploads\\\/2023\\\/03\\\/Daniel-Kuster.png\",\"keywords\":[\"Fundamenta\",\"Gesch\u00e4ftsbericht\"],\"articleSection\":[\"UNTERNEHMEN\"],\"inLanguage\":\"it-IT\"},{\"@type\":\"WebPage\",\"@id\":\"https:\\\/\\\/www.immobilienbusiness.ch\\\/de\\\/unternehmen\\\/2023-03-17\\\/fundamenta-group-legt-2022-operativ-zu\\\/\",\"url\":\"https:\\\/\\\/www.immobilienbusiness.ch\\\/de\\\/unternehmen\\\/2023-03-17\\\/fundamenta-group-legt-2022-operativ-zu\\\/\",\"name\":\"Fundamenta Group legt 2022 operativ zu - IMMOBILIEN Business\",\"isPartOf\":{\"@id\":\"https:\\\/\\\/www.immobilienbusiness.ch\\\/#website\"},\"primaryImageOfPage\":{\"@id\":\"https:\\\/\\\/www.immobilienbusiness.ch\\\/de\\\/unternehmen\\\/2023-03-17\\\/fundamenta-group-legt-2022-operativ-zu\\\/#primaryimage\"},\"image\":{\"@id\":\"https:\\\/\\\/www.immobilienbusiness.ch\\\/de\\\/unternehmen\\\/2023-03-17\\\/fundamenta-group-legt-2022-operativ-zu\\\/#primaryimage\"},\"thumbnailUrl\":\"https:\\\/\\\/www.immobilienbusiness.ch\\\/wp-content\\\/uploads\\\/2023\\\/03\\\/Daniel-Kuster.png\",\"datePublished\":\"2023-03-17T03:00:52+00:00\",\"dateModified\":\"2023-03-23T08:28:29+00:00\",\"description\":\"Der Reingewinn der Fundamenta Group ist im Jahresvergleich von 28,9 Mio. auf 22,3 Mio. CHF gesunken. Das lag am tieferen Bewertungsergebnis von 3,9 Mio. CHF (Vj: 15,3 Mio).\",\"breadcrumb\":{\"@id\":\"https:\\\/\\\/www.immobilienbusiness.ch\\\/de\\\/unternehmen\\\/2023-03-17\\\/fundamenta-group-legt-2022-operativ-zu\\\/#breadcrumb\"},\"inLanguage\":\"it-IT\",\"potentialAction\":[{\"@type\":\"ReadAction\",\"target\":[\"https:\\\/\\\/www.immobilienbusiness.ch\\\/de\\\/unternehmen\\\/2023-03-17\\\/fundamenta-group-legt-2022-operativ-zu\\\/\"]}]},{\"@type\":\"ImageObject\",\"inLanguage\":\"it-IT\",\"@id\":\"https:\\\/\\\/www.immobilienbusiness.ch\\\/de\\\/unternehmen\\\/2023-03-17\\\/fundamenta-group-legt-2022-operativ-zu\\\/#primaryimage\",\"url\":\"https:\\\/\\\/www.immobilienbusiness.ch\\\/wp-content\\\/uploads\\\/2023\\\/03\\\/Daniel-Kuster.png\",\"contentUrl\":\"https:\\\/\\\/www.immobilienbusiness.ch\\\/wp-content\\\/uploads\\\/2023\\\/03\\\/Daniel-Kuster.png\",\"width\":249,\"height\":253,\"caption\":\"Nach der \u00dcbernahme durch Swiss Prime Site scheidet Daniel Kuster bei Fundamenta aus (Bild: Fundamenta Group)\"},{\"@type\":\"BreadcrumbList\",\"@id\":\"https:\\\/\\\/www.immobilienbusiness.ch\\\/de\\\/unternehmen\\\/2023-03-17\\\/fundamenta-group-legt-2022-operativ-zu\\\/#breadcrumb\",\"itemListElement\":[{\"@type\":\"ListItem\",\"position\":1,\"name\":\"Home\",\"item\":\"https:\\\/\\\/www.immobilienbusiness.ch\\\/\"},{\"@type\":\"ListItem\",\"position\":2,\"name\":\"Fundamenta Group legt 2022 operativ zu\"}]},{\"@type\":\"WebSite\",\"@id\":\"https:\\\/\\\/www.immobilienbusiness.ch\\\/#website\",\"url\":\"https:\\\/\\\/www.immobilienbusiness.ch\\\/\",\"name\":\"IMMOBILIEN Business\",\"description\":\"Unabh\u00e4ngiges Schweizer Wirtschaftsmagazin mit Fokus auf Immobilien, Architektur- und Bau sowie Investment- und Finanzierung.\",\"publisher\":{\"@id\":\"https:\\\/\\\/www.immobilienbusiness.ch\\\/#organization\"},\"potentialAction\":[{\"@type\":\"SearchAction\",\"target\":{\"@type\":\"EntryPoint\",\"urlTemplate\":\"https:\\\/\\\/www.immobilienbusiness.ch\\\/?s={search_term_string}\"},\"query-input\":{\"@type\":\"PropertyValueSpecification\",\"valueRequired\":true,\"valueName\":\"search_term_string\"}}],\"inLanguage\":\"it-IT\"},{\"@type\":\"Organization\",\"@id\":\"https:\\\/\\\/www.immobilienbusiness.ch\\\/#organization\",\"name\":\"IMMOBILIEN Business\",\"url\":\"https:\\\/\\\/www.immobilienbusiness.ch\\\/\",\"logo\":{\"@type\":\"ImageObject\",\"inLanguage\":\"it-IT\",\"@id\":\"https:\\\/\\\/www.immobilienbusiness.ch\\\/#\\\/schema\\\/logo\\\/image\\\/\",\"url\":\"https:\\\/\\\/www.immobilienbusiness.ch\\\/wp-content\\\/uploads\\\/2021\\\/07\\\/logo_ib.png\",\"contentUrl\":\"https:\\\/\\\/www.immobilienbusiness.ch\\\/wp-content\\\/uploads\\\/2021\\\/07\\\/logo_ib.png\",\"width\":800,\"height\":181,\"caption\":\"IMMOBILIEN Business\"},\"image\":{\"@id\":\"https:\\\/\\\/www.immobilienbusiness.ch\\\/#\\\/schema\\\/logo\\\/image\\\/\"},\"sameAs\":[\"https:\\\/\\\/www.facebook.com\\\/immobilienbusiness\\\/\"]},{\"@type\":\"Person\",\"@id\":\"https:\\\/\\\/www.immobilienbusiness.ch\\\/#\\\/schema\\\/person\\\/aba8bea2db926aa0c24c08c43fe1fcd5\",\"name\":\"Alexander Wachter\",\"image\":{\"@type\":\"ImageObject\",\"inLanguage\":\"it-IT\",\"@id\":\"https:\\\/\\\/secure.gravatar.com\\\/avatar\\\/1a09e471f5389b0e0a6416eac287e0927c7c97a7b77f9e787eba3af7aee281dd?s=96&d=mm&r=g\",\"url\":\"https:\\\/\\\/secure.gravatar.com\\\/avatar\\\/1a09e471f5389b0e0a6416eac287e0927c7c97a7b77f9e787eba3af7aee281dd?s=96&d=mm&r=g\",\"contentUrl\":\"https:\\\/\\\/secure.gravatar.com\\\/avatar\\\/1a09e471f5389b0e0a6416eac287e0927c7c97a7b77f9e787eba3af7aee281dd?s=96&d=mm&r=g\",\"caption\":\"Alexander Wachter\"},\"url\":\"https:\\\/\\\/www.immobilienbusiness.ch\\\/it\\\/author\\\/alexander-wachter\\\/\"}]}<\/script>\n<!-- \/ Yoast SEO plugin. -->","yoast_head_json":{"title":"Il Gruppo Fundamenta cresce operativamente nel 2022 - IMMOBILIEN Business","description":"L'utile netto del Gruppo Fundamenta \u00e8 sceso da 28,9 a 22,3 milioni di franchi svizzeri. Ci\u00f2 \u00e8 dovuto al minor risultato di valutazione di 3,9 milioni di franchi (anno precedente: 15,3 milioni di franchi).","robots":{"index":"index","follow":"follow","max-snippet":"max-snippet:-1","max-image-preview":"max-image-preview:large","max-video-preview":"max-video-preview:-1"},"canonical":"https:\/\/www.immobilienbusiness.ch\/it\/unternehmen\/2023-03-17\/fundamenta-group-legt-2022-operativ-zu\/","og_locale":"it_IT","og_type":"article","og_title":"Fundamenta Group legt 2022 operativ zu - IMMOBILIEN Business","og_description":"Der Reingewinn der Fundamenta Group ist im Jahresvergleich von 28,9 Mio. auf 22,3 Mio. CHF gesunken. Das lag am tieferen Bewertungsergebnis von 3,9 Mio. CHF (Vj: 15,3 Mio).","og_url":"https:\/\/www.immobilienbusiness.ch\/it\/unternehmen\/2023-03-17\/fundamenta-group-legt-2022-operativ-zu\/","og_site_name":"IMMOBILIEN Business","article_publisher":"https:\/\/www.facebook.com\/immobilienbusiness\/","article_published_time":"2023-03-17T03:00:52+00:00","article_modified_time":"2023-03-23T08:28:29+00:00","og_image":[{"width":249,"height":253,"url":"https:\/\/www.immobilienbusiness.ch\/wp-content\/uploads\/2023\/03\/Daniel-Kuster.png","type":"image\/png"}],"author":"Alexander Wachter","twitter_card":"summary_large_image","schema":{"@context":"https:\/\/schema.org","@graph":[{"@type":"Article","@id":"https:\/\/www.immobilienbusiness.ch\/de\/unternehmen\/2023-03-17\/fundamenta-group-legt-2022-operativ-zu\/#article","isPartOf":{"@id":"https:\/\/www.immobilienbusiness.ch\/de\/unternehmen\/2023-03-17\/fundamenta-group-legt-2022-operativ-zu\/"},"author":{"name":"Alexander Wachter","@id":"https:\/\/www.immobilienbusiness.ch\/#\/schema\/person\/aba8bea2db926aa0c24c08c43fe1fcd5"},"headline":"Fundamenta Group legt 2022 operativ zu","datePublished":"2023-03-17T03:00:52+00:00","dateModified":"2023-03-23T08:28:29+00:00","mainEntityOfPage":{"@id":"https:\/\/www.immobilienbusiness.ch\/de\/unternehmen\/2023-03-17\/fundamenta-group-legt-2022-operativ-zu\/"},"wordCount":283,"publisher":{"@id":"https:\/\/www.immobilienbusiness.ch\/#organization"},"image":{"@id":"https:\/\/www.immobilienbusiness.ch\/de\/unternehmen\/2023-03-17\/fundamenta-group-legt-2022-operativ-zu\/#primaryimage"},"thumbnailUrl":"https:\/\/www.immobilienbusiness.ch\/wp-content\/uploads\/2023\/03\/Daniel-Kuster.png","keywords":["Fundamenta","Gesch\u00e4ftsbericht"],"articleSection":["UNTERNEHMEN"],"inLanguage":"it-IT"},{"@type":"WebPage","@id":"https:\/\/www.immobilienbusiness.ch\/de\/unternehmen\/2023-03-17\/fundamenta-group-legt-2022-operativ-zu\/","url":"https:\/\/www.immobilienbusiness.ch\/de\/unternehmen\/2023-03-17\/fundamenta-group-legt-2022-operativ-zu\/","name":"Il Gruppo Fundamenta cresce operativamente nel 2022 - IMMOBILIEN Business","isPartOf":{"@id":"https:\/\/www.immobilienbusiness.ch\/#website"},"primaryImageOfPage":{"@id":"https:\/\/www.immobilienbusiness.ch\/de\/unternehmen\/2023-03-17\/fundamenta-group-legt-2022-operativ-zu\/#primaryimage"},"image":{"@id":"https:\/\/www.immobilienbusiness.ch\/de\/unternehmen\/2023-03-17\/fundamenta-group-legt-2022-operativ-zu\/#primaryimage"},"thumbnailUrl":"https:\/\/www.immobilienbusiness.ch\/wp-content\/uploads\/2023\/03\/Daniel-Kuster.png","datePublished":"2023-03-17T03:00:52+00:00","dateModified":"2023-03-23T08:28:29+00:00","description":"L'utile netto del Gruppo Fundamenta \u00e8 sceso da 28,9 a 22,3 milioni di franchi svizzeri. Ci\u00f2 \u00e8 dovuto al minor risultato di valutazione di 3,9 milioni di franchi (anno precedente: 15,3 milioni di franchi).","breadcrumb":{"@id":"https:\/\/www.immobilienbusiness.ch\/de\/unternehmen\/2023-03-17\/fundamenta-group-legt-2022-operativ-zu\/#breadcrumb"},"inLanguage":"it-IT","potentialAction":[{"@type":"ReadAction","target":["https:\/\/www.immobilienbusiness.ch\/de\/unternehmen\/2023-03-17\/fundamenta-group-legt-2022-operativ-zu\/"]}]},{"@type":"ImageObject","inLanguage":"it-IT","@id":"https:\/\/www.immobilienbusiness.ch\/de\/unternehmen\/2023-03-17\/fundamenta-group-legt-2022-operativ-zu\/#primaryimage","url":"https:\/\/www.immobilienbusiness.ch\/wp-content\/uploads\/2023\/03\/Daniel-Kuster.png","contentUrl":"https:\/\/www.immobilienbusiness.ch\/wp-content\/uploads\/2023\/03\/Daniel-Kuster.png","width":249,"height":253,"caption":"Nach der \u00dcbernahme durch Swiss Prime Site scheidet Daniel Kuster bei Fundamenta aus (Bild: Fundamenta Group)"},{"@type":"BreadcrumbList","@id":"https:\/\/www.immobilienbusiness.ch\/de\/unternehmen\/2023-03-17\/fundamenta-group-legt-2022-operativ-zu\/#breadcrumb","itemListElement":[{"@type":"ListItem","position":1,"name":"Home","item":"https:\/\/www.immobilienbusiness.ch\/"},{"@type":"ListItem","position":2,"name":"Fundamenta Group legt 2022 operativ zu"}]},{"@type":"WebSite","@id":"https:\/\/www.immobilienbusiness.ch\/#website","url":"https:\/\/www.immobilienbusiness.ch\/","name":"Affari immobiliari","description":"Rivista economica indipendente svizzera che si concentra sul settore immobiliare, l'architettura e la costruzione, nonch\u00e9 sugli investimenti e i finanziamenti.","publisher":{"@id":"https:\/\/www.immobilienbusiness.ch\/#organization"},"potentialAction":[{"@type":"SearchAction","target":{"@type":"EntryPoint","urlTemplate":"https:\/\/www.immobilienbusiness.ch\/?s={search_term_string}"},"query-input":{"@type":"PropertyValueSpecification","valueRequired":true,"valueName":"search_term_string"}}],"inLanguage":"it-IT"},{"@type":"Organization","@id":"https:\/\/www.immobilienbusiness.ch\/#organization","name":"Affari immobiliari","url":"https:\/\/www.immobilienbusiness.ch\/","logo":{"@type":"ImageObject","inLanguage":"it-IT","@id":"https:\/\/www.immobilienbusiness.ch\/#\/schema\/logo\/image\/","url":"https:\/\/www.immobilienbusiness.ch\/wp-content\/uploads\/2021\/07\/logo_ib.png","contentUrl":"https:\/\/www.immobilienbusiness.ch\/wp-content\/uploads\/2021\/07\/logo_ib.png","width":800,"height":181,"caption":"IMMOBILIEN Business"},"image":{"@id":"https:\/\/www.immobilienbusiness.ch\/#\/schema\/logo\/image\/"},"sameAs":["https:\/\/www.facebook.com\/immobilienbusiness\/"]},{"@type":"Person","@id":"https:\/\/www.immobilienbusiness.ch\/#\/schema\/person\/aba8bea2db926aa0c24c08c43fe1fcd5","name":"Alexander Wachter","image":{"@type":"ImageObject","inLanguage":"it-IT","@id":"https:\/\/secure.gravatar.com\/avatar\/1a09e471f5389b0e0a6416eac287e0927c7c97a7b77f9e787eba3af7aee281dd?s=96&d=mm&r=g","url":"https:\/\/secure.gravatar.com\/avatar\/1a09e471f5389b0e0a6416eac287e0927c7c97a7b77f9e787eba3af7aee281dd?s=96&d=mm&r=g","contentUrl":"https:\/\/secure.gravatar.com\/avatar\/1a09e471f5389b0e0a6416eac287e0927c7c97a7b77f9e787eba3af7aee281dd?s=96&d=mm&r=g","caption":"Alexander Wachter"},"url":"https:\/\/www.immobilienbusiness.ch\/it\/author\/alexander-wachter\/"}]}},"_links":{"self":[{"href":"https:\/\/www.immobilienbusiness.ch\/it\/wp-json\/wp\/v2\/posts\/46198","targetHints":{"allow":["GET"]}}],"collection":[{"href":"https:\/\/www.immobilienbusiness.ch\/it\/wp-json\/wp\/v2\/posts"}],"about":[{"href":"https:\/\/www.immobilienbusiness.ch\/it\/wp-json\/wp\/v2\/types\/post"}],"author":[{"embeddable":true,"href":"https:\/\/www.immobilienbusiness.ch\/it\/wp-json\/wp\/v2\/users\/102"}],"replies":[{"embeddable":true,"href":"https:\/\/www.immobilienbusiness.ch\/it\/wp-json\/wp\/v2\/comments?post=46198"}],"version-history":[{"count":3,"href":"https:\/\/www.immobilienbusiness.ch\/it\/wp-json\/wp\/v2\/posts\/46198\/revisions"}],"predecessor-version":[{"id":46316,"href":"https:\/\/www.immobilienbusiness.ch\/it\/wp-json\/wp\/v2\/posts\/46198\/revisions\/46316"}],"wp:featuredmedia":[{"embeddable":true,"href":"https:\/\/www.immobilienbusiness.ch\/it\/wp-json\/wp\/v2\/media\/46199"}],"wp:attachment":[{"href":"https:\/\/www.immobilienbusiness.ch\/it\/wp-json\/wp\/v2\/media?parent=46198"}],"wp:term":[{"taxonomy":"category","embeddable":true,"href":"https:\/\/www.immobilienbusiness.ch\/it\/wp-json\/wp\/v2\/categories?post=46198"},{"taxonomy":"post_tag","embeddable":true,"href":"https:\/\/www.immobilienbusiness.ch\/it\/wp-json\/wp\/v2\/tags?post=46198"}],"curies":[{"name":"wp","href":"https:\/\/api.w.org\/{rel}","templated":true}]}}