{"id":45775,"date":"2023-02-14T05:00:07","date_gmt":"2023-02-14T04:00:07","guid":{"rendered":"https:\/\/www.immobilienbusiness.ch\/?p=45775"},"modified":"2023-02-16T21:25:00","modified_gmt":"2023-02-16T20:25:00","slug":"bern-bahnbetreiber-bls-zuegelt-mit-900-arbeitsplaetzen-an-den-europaplatz","status":"publish","type":"post","link":"https:\/\/www.immobilienbusiness.ch\/it\/regionen\/2023-02-14\/bern-bahnbetreiber-bls-zuegelt-mit-900-arbeitsplaetzen-an-den-europaplatz\/","title":{"rendered":"Berna: l'operatore ferroviario BLS trasferisce 900 posti di lavoro nella Europaplatz"},"content":{"rendered":"<figure id=\"attachment_45776\" aria-describedby=\"caption-attachment-45776\" style=\"width: 870px\" class=\"wp-caption alignnone\"><a href=\"https:\/\/www.immobilienbusiness.ch\/wp-content\/uploads\/2023\/02\/BLS.png\"><img loading=\"lazy\" decoding=\"async\" class=\"size-full wp-image-45776\" src=\"https:\/\/www.immobilienbusiness.ch\/wp-content\/uploads\/2023\/02\/BLS.png\" alt=\"\" width=\"870\" height=\"453\" srcset=\"https:\/\/www.immobilienbusiness.ch\/wp-content\/uploads\/2023\/02\/BLS.png 870w, https:\/\/www.immobilienbusiness.ch\/wp-content\/uploads\/2023\/02\/BLS-300x156.png 300w, https:\/\/www.immobilienbusiness.ch\/wp-content\/uploads\/2023\/02\/BLS-768x400.png 768w, https:\/\/www.immobilienbusiness.ch\/wp-content\/uploads\/2023\/02\/BLS-18x9.png 18w, https:\/\/www.immobilienbusiness.ch\/wp-content\/uploads\/2023\/02\/BLS-375x195.png 375w, https:\/\/www.immobilienbusiness.ch\/wp-content\/uploads\/2023\/02\/BLS-672x350.png 672w\" sizes=\"auto, (max-width: 870px) 100vw, 870px\" \/><\/a><figcaption id=\"caption-attachment-45776\" class=\"wp-caption-text\">Il \"Forum West\" a Europaplatz (Immagine: BLS)<\/figcaption><\/figure>\n<p>La BLS prevede di trasferirsi nella nuova sede a met\u00e0 del 2025. Secondo l'azienda, il motivo principale del trasferimento \u00e8 la riduzione dei costi di affitto, soprattutto grazie al minor spazio occupato nella nuova sede. Oggi il personale d'ufficio delle ferrovie lavora negli edifici sulla Bollwerk, sulla Genfergasse e sulla S\u00e4gemattstrasse a K\u00f6niz. L'immobile sulla Genfergasse appartiene alla BLS e sar\u00e0 probabilmente affittato dopo il trasferimento dei dipendenti delle ferrovie. Il contratto di locazione del Bollwerk scade comunque alla fine del 2025.<\/p>\n<p>Il precedente inquilino della Europaplatz, la Direzione dello sviluppo e della cooperazione (DSC), si trasferisce in un nuovo edificio dell'amministrazione federale a Zollikofen.<\/p>\n<p>In un comunicato, la BLS sottolinea che l'area di Ausserholligen \u00e8 considerata un polo di sviluppo per la citt\u00e0 di Berna. L'Universit\u00e0 di Scienze Applicate di Berna, ad esempio, sta progettando il suo nuovo campus per diversi dipartimenti. Anche l'azienda fornitrice di energia della citt\u00e0, EWB, sta costruendo tre grattacieli nell'area e in uno di essi sta collocando la propria sede. Sono in costruzione anche edifici residenziali. <i>(aw)<\/i><\/p>","protected":false},"excerpt":{"rendered":"<p>L'azienda ferroviaria BLS sta unendo i suoi tre uffici a Berna, nella Europaplatz. I circa 900 dipendenti si trasferiscono al \"Forum West\".<\/p>","protected":false},"author":102,"featured_media":45776,"comment_status":"closed","ping_status":"closed","sticky":false,"template":"","format":"standard","meta":{"_acf_changed":false,"_yoast_wpseo_focuskw":"Bern","_yoast_wpseo_title":"","_yoast_wpseo_metadesc":"Das Bahn-Unternehmen BLS legt seine drei B\u00fcrostandorte in Bern am Europaplatz zusammen. Die rund 900 BLS-Mitarbeiter ziehen ins \u00abForum West\u00bb.","_yoast_wpseo_linkdex":48,"pgc_sgb_lightbox_settings":"","footnotes":""},"categories":[985],"tags":[1091,1118,1832],"class_list":["post-45775","post","type-post","status-publish","format-standard","has-post-thumbnail","hentry","category-regionen","tag-bern","tag-buero","tag-vermietung"],"acf":[],"yoast_head":"<!-- This site is optimized with the Yoast SEO plugin v27.4 - https:\/\/yoast.com\/product\/yoast-seo-wordpress\/ -->\n<title>Bern: Bahnbetreiber BLS z\u00fcgelt mit 900 Arbeitspl\u00e4tzen an den Europaplatz - IMMOBILIEN Business<\/title>\n<meta name=\"description\" content=\"Das Bahn-Unternehmen BLS legt seine drei B\u00fcrostandorte in Bern am Europaplatz zusammen. Die rund 900 BLS-Mitarbeiter ziehen ins \u00abForum West\u00bb.\" \/>\n<meta name=\"robots\" content=\"index, follow, max-snippet:-1, max-image-preview:large, max-video-preview:-1\" \/>\n<link rel=\"canonical\" href=\"https:\/\/www.immobilienbusiness.ch\/it\/regionen\/2023-02-14\/bern-bahnbetreiber-bls-zuegelt-mit-900-arbeitsplaetzen-an-den-europaplatz\/\" \/>\n<meta property=\"og:locale\" content=\"it_IT\" \/>\n<meta property=\"og:type\" content=\"article\" \/>\n<meta property=\"og:title\" content=\"Bern: Bahnbetreiber BLS z\u00fcgelt mit 900 Arbeitspl\u00e4tzen an den Europaplatz - IMMOBILIEN Business\" \/>\n<meta property=\"og:description\" content=\"Das Bahn-Unternehmen BLS legt seine drei B\u00fcrostandorte in Bern am Europaplatz zusammen. Die rund 900 BLS-Mitarbeiter ziehen ins \u00abForum West\u00bb.\" \/>\n<meta property=\"og:url\" content=\"https:\/\/www.immobilienbusiness.ch\/it\/regionen\/2023-02-14\/bern-bahnbetreiber-bls-zuegelt-mit-900-arbeitsplaetzen-an-den-europaplatz\/\" \/>\n<meta property=\"og:site_name\" content=\"IMMOBILIEN Business\" \/>\n<meta property=\"article:publisher\" content=\"https:\/\/www.facebook.com\/immobilienbusiness\/\" \/>\n<meta property=\"article:published_time\" content=\"2023-02-14T04:00:07+00:00\" \/>\n<meta property=\"article:modified_time\" content=\"2023-02-16T20:25:00+00:00\" \/>\n<meta property=\"og:image\" content=\"https:\/\/www.immobilienbusiness.ch\/wp-content\/uploads\/2023\/02\/BLS.png\" \/>\n\t<meta property=\"og:image:width\" content=\"870\" \/>\n\t<meta property=\"og:image:height\" content=\"453\" \/>\n\t<meta property=\"og:image:type\" content=\"image\/png\" \/>\n<meta name=\"author\" content=\"Alexander Wachter\" \/>\n<meta name=\"twitter:card\" content=\"summary_large_image\" \/>\n<script type=\"application\/ld+json\" class=\"yoast-schema-graph\">{\"@context\":\"https:\\\/\\\/schema.org\",\"@graph\":[{\"@type\":\"Article\",\"@id\":\"https:\\\/\\\/www.immobilienbusiness.ch\\\/it\\\/regionen\\\/2023-02-14\\\/bern-bahnbetreiber-bls-zuegelt-mit-900-arbeitsplaetzen-an-den-europaplatz\\\/#article\",\"isPartOf\":{\"@id\":\"https:\\\/\\\/www.immobilienbusiness.ch\\\/it\\\/regionen\\\/2023-02-14\\\/bern-bahnbetreiber-bls-zuegelt-mit-900-arbeitsplaetzen-an-den-europaplatz\\\/\"},\"author\":{\"name\":\"Alexander Wachter\",\"@id\":\"https:\\\/\\\/www.immobilienbusiness.ch\\\/#\\\/schema\\\/person\\\/aba8bea2db926aa0c24c08c43fe1fcd5\"},\"headline\":\"Bern: Bahnbetreiber BLS z\u00fcgelt mit 900 Arbeitspl\u00e4tzen an den Europaplatz\",\"datePublished\":\"2023-02-14T04:00:07+00:00\",\"dateModified\":\"2023-02-16T20:25:00+00:00\",\"mainEntityOfPage\":{\"@id\":\"https:\\\/\\\/www.immobilienbusiness.ch\\\/it\\\/regionen\\\/2023-02-14\\\/bern-bahnbetreiber-bls-zuegelt-mit-900-arbeitsplaetzen-an-den-europaplatz\\\/\"},\"wordCount\":183,\"publisher\":{\"@id\":\"https:\\\/\\\/www.immobilienbusiness.ch\\\/#organization\"},\"image\":{\"@id\":\"https:\\\/\\\/www.immobilienbusiness.ch\\\/it\\\/regionen\\\/2023-02-14\\\/bern-bahnbetreiber-bls-zuegelt-mit-900-arbeitsplaetzen-an-den-europaplatz\\\/#primaryimage\"},\"thumbnailUrl\":\"https:\\\/\\\/www.immobilienbusiness.ch\\\/wp-content\\\/uploads\\\/2023\\\/02\\\/BLS.png\",\"keywords\":[\"Bern\",\"B\u00fcro\",\"Vermietung\"],\"articleSection\":[\"REGIONEN\"],\"inLanguage\":\"it-IT\"},{\"@type\":\"WebPage\",\"@id\":\"https:\\\/\\\/www.immobilienbusiness.ch\\\/it\\\/regionen\\\/2023-02-14\\\/bern-bahnbetreiber-bls-zuegelt-mit-900-arbeitsplaetzen-an-den-europaplatz\\\/\",\"url\":\"https:\\\/\\\/www.immobilienbusiness.ch\\\/it\\\/regionen\\\/2023-02-14\\\/bern-bahnbetreiber-bls-zuegelt-mit-900-arbeitsplaetzen-an-den-europaplatz\\\/\",\"name\":\"Bern: Bahnbetreiber BLS z\u00fcgelt mit 900 Arbeitspl\u00e4tzen an den Europaplatz - IMMOBILIEN Business\",\"isPartOf\":{\"@id\":\"https:\\\/\\\/www.immobilienbusiness.ch\\\/#website\"},\"primaryImageOfPage\":{\"@id\":\"https:\\\/\\\/www.immobilienbusiness.ch\\\/it\\\/regionen\\\/2023-02-14\\\/bern-bahnbetreiber-bls-zuegelt-mit-900-arbeitsplaetzen-an-den-europaplatz\\\/#primaryimage\"},\"image\":{\"@id\":\"https:\\\/\\\/www.immobilienbusiness.ch\\\/it\\\/regionen\\\/2023-02-14\\\/bern-bahnbetreiber-bls-zuegelt-mit-900-arbeitsplaetzen-an-den-europaplatz\\\/#primaryimage\"},\"thumbnailUrl\":\"https:\\\/\\\/www.immobilienbusiness.ch\\\/wp-content\\\/uploads\\\/2023\\\/02\\\/BLS.png\",\"datePublished\":\"2023-02-14T04:00:07+00:00\",\"dateModified\":\"2023-02-16T20:25:00+00:00\",\"description\":\"Das Bahn-Unternehmen BLS legt seine drei B\u00fcrostandorte in Bern am Europaplatz zusammen. Die rund 900 BLS-Mitarbeiter ziehen ins \u00abForum West\u00bb.\",\"breadcrumb\":{\"@id\":\"https:\\\/\\\/www.immobilienbusiness.ch\\\/it\\\/regionen\\\/2023-02-14\\\/bern-bahnbetreiber-bls-zuegelt-mit-900-arbeitsplaetzen-an-den-europaplatz\\\/#breadcrumb\"},\"inLanguage\":\"it-IT\",\"potentialAction\":[{\"@type\":\"ReadAction\",\"target\":[\"https:\\\/\\\/www.immobilienbusiness.ch\\\/it\\\/regionen\\\/2023-02-14\\\/bern-bahnbetreiber-bls-zuegelt-mit-900-arbeitsplaetzen-an-den-europaplatz\\\/\"]}]},{\"@type\":\"ImageObject\",\"inLanguage\":\"it-IT\",\"@id\":\"https:\\\/\\\/www.immobilienbusiness.ch\\\/it\\\/regionen\\\/2023-02-14\\\/bern-bahnbetreiber-bls-zuegelt-mit-900-arbeitsplaetzen-an-den-europaplatz\\\/#primaryimage\",\"url\":\"https:\\\/\\\/www.immobilienbusiness.ch\\\/wp-content\\\/uploads\\\/2023\\\/02\\\/BLS.png\",\"contentUrl\":\"https:\\\/\\\/www.immobilienbusiness.ch\\\/wp-content\\\/uploads\\\/2023\\\/02\\\/BLS.png\",\"width\":870,\"height\":453,\"caption\":\"Das \u00abForum West\u00bb am Europaplatz (Bild: BLS)\"},{\"@type\":\"BreadcrumbList\",\"@id\":\"https:\\\/\\\/www.immobilienbusiness.ch\\\/it\\\/regionen\\\/2023-02-14\\\/bern-bahnbetreiber-bls-zuegelt-mit-900-arbeitsplaetzen-an-den-europaplatz\\\/#breadcrumb\",\"itemListElement\":[{\"@type\":\"ListItem\",\"position\":1,\"name\":\"Home\",\"item\":\"https:\\\/\\\/www.immobilienbusiness.ch\\\/\"},{\"@type\":\"ListItem\",\"position\":2,\"name\":\"Bern: Bahnbetreiber BLS z\u00fcgelt mit 900 Arbeitspl\u00e4tzen an den Europaplatz\"}]},{\"@type\":\"WebSite\",\"@id\":\"https:\\\/\\\/www.immobilienbusiness.ch\\\/#website\",\"url\":\"https:\\\/\\\/www.immobilienbusiness.ch\\\/\",\"name\":\"IMMOBILIEN Business\",\"description\":\"Unabh\u00e4ngiges Schweizer Wirtschaftsmagazin mit Fokus auf Immobilien, Architektur- und Bau sowie Investment- und Finanzierung.\",\"publisher\":{\"@id\":\"https:\\\/\\\/www.immobilienbusiness.ch\\\/#organization\"},\"potentialAction\":[{\"@type\":\"SearchAction\",\"target\":{\"@type\":\"EntryPoint\",\"urlTemplate\":\"https:\\\/\\\/www.immobilienbusiness.ch\\\/?s={search_term_string}\"},\"query-input\":{\"@type\":\"PropertyValueSpecification\",\"valueRequired\":true,\"valueName\":\"search_term_string\"}}],\"inLanguage\":\"it-IT\"},{\"@type\":\"Organization\",\"@id\":\"https:\\\/\\\/www.immobilienbusiness.ch\\\/#organization\",\"name\":\"IMMOBILIEN Business\",\"url\":\"https:\\\/\\\/www.immobilienbusiness.ch\\\/\",\"logo\":{\"@type\":\"ImageObject\",\"inLanguage\":\"it-IT\",\"@id\":\"https:\\\/\\\/www.immobilienbusiness.ch\\\/#\\\/schema\\\/logo\\\/image\\\/\",\"url\":\"https:\\\/\\\/www.immobilienbusiness.ch\\\/wp-content\\\/uploads\\\/2021\\\/07\\\/logo_ib.png\",\"contentUrl\":\"https:\\\/\\\/www.immobilienbusiness.ch\\\/wp-content\\\/uploads\\\/2021\\\/07\\\/logo_ib.png\",\"width\":800,\"height\":181,\"caption\":\"IMMOBILIEN Business\"},\"image\":{\"@id\":\"https:\\\/\\\/www.immobilienbusiness.ch\\\/#\\\/schema\\\/logo\\\/image\\\/\"},\"sameAs\":[\"https:\\\/\\\/www.facebook.com\\\/immobilienbusiness\\\/\"]},{\"@type\":\"Person\",\"@id\":\"https:\\\/\\\/www.immobilienbusiness.ch\\\/#\\\/schema\\\/person\\\/aba8bea2db926aa0c24c08c43fe1fcd5\",\"name\":\"Alexander Wachter\",\"image\":{\"@type\":\"ImageObject\",\"inLanguage\":\"it-IT\",\"@id\":\"https:\\\/\\\/secure.gravatar.com\\\/avatar\\\/1a09e471f5389b0e0a6416eac287e0927c7c97a7b77f9e787eba3af7aee281dd?s=96&d=mm&r=g\",\"url\":\"https:\\\/\\\/secure.gravatar.com\\\/avatar\\\/1a09e471f5389b0e0a6416eac287e0927c7c97a7b77f9e787eba3af7aee281dd?s=96&d=mm&r=g\",\"contentUrl\":\"https:\\\/\\\/secure.gravatar.com\\\/avatar\\\/1a09e471f5389b0e0a6416eac287e0927c7c97a7b77f9e787eba3af7aee281dd?s=96&d=mm&r=g\",\"caption\":\"Alexander Wachter\"},\"url\":\"https:\\\/\\\/www.immobilienbusiness.ch\\\/it\\\/author\\\/alexander-wachter\\\/\"}]}<\/script>\n<!-- \/ Yoast SEO plugin. -->","yoast_head_json":{"title":"Bern: Bahnbetreiber BLS z\u00fcgelt mit 900 Arbeitspl\u00e4tzen an den Europaplatz - IMMOBILIEN Business","description":"L'azienda ferroviaria BLS sta unendo i suoi tre uffici a Berna, nella Europaplatz. I circa 900 dipendenti della BLS si trasferiscono al \"Forum West\".","robots":{"index":"index","follow":"follow","max-snippet":"max-snippet:-1","max-image-preview":"max-image-preview:large","max-video-preview":"max-video-preview:-1"},"canonical":"https:\/\/www.immobilienbusiness.ch\/it\/regionen\/2023-02-14\/bern-bahnbetreiber-bls-zuegelt-mit-900-arbeitsplaetzen-an-den-europaplatz\/","og_locale":"it_IT","og_type":"article","og_title":"Bern: Bahnbetreiber BLS z\u00fcgelt mit 900 Arbeitspl\u00e4tzen an den Europaplatz - IMMOBILIEN Business","og_description":"Das Bahn-Unternehmen BLS legt seine drei B\u00fcrostandorte in Bern am Europaplatz zusammen. Die rund 900 BLS-Mitarbeiter ziehen ins \u00abForum West\u00bb.","og_url":"https:\/\/www.immobilienbusiness.ch\/it\/regionen\/2023-02-14\/bern-bahnbetreiber-bls-zuegelt-mit-900-arbeitsplaetzen-an-den-europaplatz\/","og_site_name":"IMMOBILIEN Business","article_publisher":"https:\/\/www.facebook.com\/immobilienbusiness\/","article_published_time":"2023-02-14T04:00:07+00:00","article_modified_time":"2023-02-16T20:25:00+00:00","og_image":[{"width":870,"height":453,"url":"https:\/\/www.immobilienbusiness.ch\/wp-content\/uploads\/2023\/02\/BLS.png","type":"image\/png"}],"author":"Alexander Wachter","twitter_card":"summary_large_image","schema":{"@context":"https:\/\/schema.org","@graph":[{"@type":"Article","@id":"https:\/\/www.immobilienbusiness.ch\/it\/regionen\/2023-02-14\/bern-bahnbetreiber-bls-zuegelt-mit-900-arbeitsplaetzen-an-den-europaplatz\/#article","isPartOf":{"@id":"https:\/\/www.immobilienbusiness.ch\/it\/regionen\/2023-02-14\/bern-bahnbetreiber-bls-zuegelt-mit-900-arbeitsplaetzen-an-den-europaplatz\/"},"author":{"name":"Alexander Wachter","@id":"https:\/\/www.immobilienbusiness.ch\/#\/schema\/person\/aba8bea2db926aa0c24c08c43fe1fcd5"},"headline":"Bern: Bahnbetreiber BLS z\u00fcgelt mit 900 Arbeitspl\u00e4tzen an den Europaplatz","datePublished":"2023-02-14T04:00:07+00:00","dateModified":"2023-02-16T20:25:00+00:00","mainEntityOfPage":{"@id":"https:\/\/www.immobilienbusiness.ch\/it\/regionen\/2023-02-14\/bern-bahnbetreiber-bls-zuegelt-mit-900-arbeitsplaetzen-an-den-europaplatz\/"},"wordCount":183,"publisher":{"@id":"https:\/\/www.immobilienbusiness.ch\/#organization"},"image":{"@id":"https:\/\/www.immobilienbusiness.ch\/it\/regionen\/2023-02-14\/bern-bahnbetreiber-bls-zuegelt-mit-900-arbeitsplaetzen-an-den-europaplatz\/#primaryimage"},"thumbnailUrl":"https:\/\/www.immobilienbusiness.ch\/wp-content\/uploads\/2023\/02\/BLS.png","keywords":["Bern","B\u00fcro","Vermietung"],"articleSection":["REGIONEN"],"inLanguage":"it-IT"},{"@type":"WebPage","@id":"https:\/\/www.immobilienbusiness.ch\/it\/regionen\/2023-02-14\/bern-bahnbetreiber-bls-zuegelt-mit-900-arbeitsplaetzen-an-den-europaplatz\/","url":"https:\/\/www.immobilienbusiness.ch\/it\/regionen\/2023-02-14\/bern-bahnbetreiber-bls-zuegelt-mit-900-arbeitsplaetzen-an-den-europaplatz\/","name":"Bern: Bahnbetreiber BLS z\u00fcgelt mit 900 Arbeitspl\u00e4tzen an den Europaplatz - IMMOBILIEN Business","isPartOf":{"@id":"https:\/\/www.immobilienbusiness.ch\/#website"},"primaryImageOfPage":{"@id":"https:\/\/www.immobilienbusiness.ch\/it\/regionen\/2023-02-14\/bern-bahnbetreiber-bls-zuegelt-mit-900-arbeitsplaetzen-an-den-europaplatz\/#primaryimage"},"image":{"@id":"https:\/\/www.immobilienbusiness.ch\/it\/regionen\/2023-02-14\/bern-bahnbetreiber-bls-zuegelt-mit-900-arbeitsplaetzen-an-den-europaplatz\/#primaryimage"},"thumbnailUrl":"https:\/\/www.immobilienbusiness.ch\/wp-content\/uploads\/2023\/02\/BLS.png","datePublished":"2023-02-14T04:00:07+00:00","dateModified":"2023-02-16T20:25:00+00:00","description":"L'azienda ferroviaria BLS sta unendo i suoi tre uffici a Berna, nella Europaplatz. I circa 900 dipendenti della BLS si trasferiscono al \"Forum West\".","breadcrumb":{"@id":"https:\/\/www.immobilienbusiness.ch\/it\/regionen\/2023-02-14\/bern-bahnbetreiber-bls-zuegelt-mit-900-arbeitsplaetzen-an-den-europaplatz\/#breadcrumb"},"inLanguage":"it-IT","potentialAction":[{"@type":"ReadAction","target":["https:\/\/www.immobilienbusiness.ch\/it\/regionen\/2023-02-14\/bern-bahnbetreiber-bls-zuegelt-mit-900-arbeitsplaetzen-an-den-europaplatz\/"]}]},{"@type":"ImageObject","inLanguage":"it-IT","@id":"https:\/\/www.immobilienbusiness.ch\/it\/regionen\/2023-02-14\/bern-bahnbetreiber-bls-zuegelt-mit-900-arbeitsplaetzen-an-den-europaplatz\/#primaryimage","url":"https:\/\/www.immobilienbusiness.ch\/wp-content\/uploads\/2023\/02\/BLS.png","contentUrl":"https:\/\/www.immobilienbusiness.ch\/wp-content\/uploads\/2023\/02\/BLS.png","width":870,"height":453,"caption":"Das \u00abForum West\u00bb am Europaplatz (Bild: BLS)"},{"@type":"BreadcrumbList","@id":"https:\/\/www.immobilienbusiness.ch\/it\/regionen\/2023-02-14\/bern-bahnbetreiber-bls-zuegelt-mit-900-arbeitsplaetzen-an-den-europaplatz\/#breadcrumb","itemListElement":[{"@type":"ListItem","position":1,"name":"Home","item":"https:\/\/www.immobilienbusiness.ch\/"},{"@type":"ListItem","position":2,"name":"Bern: Bahnbetreiber BLS z\u00fcgelt mit 900 Arbeitspl\u00e4tzen an den Europaplatz"}]},{"@type":"WebSite","@id":"https:\/\/www.immobilienbusiness.ch\/#website","url":"https:\/\/www.immobilienbusiness.ch\/","name":"Affari immobiliari","description":"Rivista economica indipendente svizzera che si concentra sul settore immobiliare, l'architettura e la costruzione, nonch\u00e9 sugli investimenti e i finanziamenti.","publisher":{"@id":"https:\/\/www.immobilienbusiness.ch\/#organization"},"potentialAction":[{"@type":"SearchAction","target":{"@type":"EntryPoint","urlTemplate":"https:\/\/www.immobilienbusiness.ch\/?s={search_term_string}"},"query-input":{"@type":"PropertyValueSpecification","valueRequired":true,"valueName":"search_term_string"}}],"inLanguage":"it-IT"},{"@type":"Organization","@id":"https:\/\/www.immobilienbusiness.ch\/#organization","name":"Affari immobiliari","url":"https:\/\/www.immobilienbusiness.ch\/","logo":{"@type":"ImageObject","inLanguage":"it-IT","@id":"https:\/\/www.immobilienbusiness.ch\/#\/schema\/logo\/image\/","url":"https:\/\/www.immobilienbusiness.ch\/wp-content\/uploads\/2021\/07\/logo_ib.png","contentUrl":"https:\/\/www.immobilienbusiness.ch\/wp-content\/uploads\/2021\/07\/logo_ib.png","width":800,"height":181,"caption":"IMMOBILIEN Business"},"image":{"@id":"https:\/\/www.immobilienbusiness.ch\/#\/schema\/logo\/image\/"},"sameAs":["https:\/\/www.facebook.com\/immobilienbusiness\/"]},{"@type":"Person","@id":"https:\/\/www.immobilienbusiness.ch\/#\/schema\/person\/aba8bea2db926aa0c24c08c43fe1fcd5","name":"Alexander Wachter","image":{"@type":"ImageObject","inLanguage":"it-IT","@id":"https:\/\/secure.gravatar.com\/avatar\/1a09e471f5389b0e0a6416eac287e0927c7c97a7b77f9e787eba3af7aee281dd?s=96&d=mm&r=g","url":"https:\/\/secure.gravatar.com\/avatar\/1a09e471f5389b0e0a6416eac287e0927c7c97a7b77f9e787eba3af7aee281dd?s=96&d=mm&r=g","contentUrl":"https:\/\/secure.gravatar.com\/avatar\/1a09e471f5389b0e0a6416eac287e0927c7c97a7b77f9e787eba3af7aee281dd?s=96&d=mm&r=g","caption":"Alexander Wachter"},"url":"https:\/\/www.immobilienbusiness.ch\/it\/author\/alexander-wachter\/"}]}},"_links":{"self":[{"href":"https:\/\/www.immobilienbusiness.ch\/it\/wp-json\/wp\/v2\/posts\/45775","targetHints":{"allow":["GET"]}}],"collection":[{"href":"https:\/\/www.immobilienbusiness.ch\/it\/wp-json\/wp\/v2\/posts"}],"about":[{"href":"https:\/\/www.immobilienbusiness.ch\/it\/wp-json\/wp\/v2\/types\/post"}],"author":[{"embeddable":true,"href":"https:\/\/www.immobilienbusiness.ch\/it\/wp-json\/wp\/v2\/users\/102"}],"replies":[{"embeddable":true,"href":"https:\/\/www.immobilienbusiness.ch\/it\/wp-json\/wp\/v2\/comments?post=45775"}],"version-history":[{"count":4,"href":"https:\/\/www.immobilienbusiness.ch\/it\/wp-json\/wp\/v2\/posts\/45775\/revisions"}],"predecessor-version":[{"id":45830,"href":"https:\/\/www.immobilienbusiness.ch\/it\/wp-json\/wp\/v2\/posts\/45775\/revisions\/45830"}],"wp:featuredmedia":[{"embeddable":true,"href":"https:\/\/www.immobilienbusiness.ch\/it\/wp-json\/wp\/v2\/media\/45776"}],"wp:attachment":[{"href":"https:\/\/www.immobilienbusiness.ch\/it\/wp-json\/wp\/v2\/media?parent=45775"}],"wp:term":[{"taxonomy":"category","embeddable":true,"href":"https:\/\/www.immobilienbusiness.ch\/it\/wp-json\/wp\/v2\/categories?post=45775"},{"taxonomy":"post_tag","embeddable":true,"href":"https:\/\/www.immobilienbusiness.ch\/it\/wp-json\/wp\/v2\/tags?post=45775"}],"curies":[{"name":"wp","href":"https:\/\/api.w.org\/{rel}","templated":true}]}}