{"id":45591,"date":"2023-01-27T07:30:46","date_gmt":"2023-01-27T06:30:46","guid":{"rendered":"https:\/\/www.immobilienbusiness.ch\/?p=45591"},"modified":"2023-02-01T20:26:55","modified_gmt":"2023-02-01T19:26:55","slug":"emmen-neuer-anlauf-fuer-die-entwicklung-des-areal-sonne","status":"publish","type":"post","link":"https:\/\/www.immobilienbusiness.ch\/it\/regionen\/2023-01-27\/emmen-neuer-anlauf-fuer-die-entwicklung-des-areal-sonne\/","title":{"rendered":"Emmen: Nuovo tentativo di sviluppo del sito di Sonne"},"content":{"rendered":"<figure id=\"attachment_45592\" aria-describedby=\"caption-attachment-45592\" style=\"width: 759px\" class=\"wp-caption alignnone\"><a href=\"https:\/\/www.immobilienbusiness.ch\/wp-content\/uploads\/2023\/01\/Visualisierung-Gemeinde-Emmen.jpg\"><img loading=\"lazy\" decoding=\"async\" class=\"size-full wp-image-45592\" src=\"https:\/\/www.immobilienbusiness.ch\/wp-content\/uploads\/2023\/01\/Visualisierung-Gemeinde-Emmen.jpg\" alt=\"\" width=\"759\" height=\"506\" srcset=\"https:\/\/www.immobilienbusiness.ch\/wp-content\/uploads\/2023\/01\/Visualisierung-Gemeinde-Emmen.jpg 759w, https:\/\/www.immobilienbusiness.ch\/wp-content\/uploads\/2023\/01\/Visualisierung-Gemeinde-Emmen-300x200.jpg 300w, https:\/\/www.immobilienbusiness.ch\/wp-content\/uploads\/2023\/01\/Visualisierung-Gemeinde-Emmen-18x12.jpg 18w, https:\/\/www.immobilienbusiness.ch\/wp-content\/uploads\/2023\/01\/Visualisierung-Gemeinde-Emmen-375x250.jpg 375w, https:\/\/www.immobilienbusiness.ch\/wp-content\/uploads\/2023\/01\/Visualisierung-Gemeinde-Emmen-525x350.jpg 525w\" sizes=\"auto, (max-width: 759px) 100vw, 759px\" \/><\/a><figcaption id=\"caption-attachment-45592\" class=\"wp-caption-text\">Visualizzazione del progetto di sviluppo della Sonnenplatz (Fonte: Comune di Emmen\/zVg)<\/figcaption><\/figure>\n<p>Il sito di Sonne \u00e8 situato in posizione centrale nel comune di Emmen e confina con Sonnenplatz e la stazione ferroviaria di Gersag. Per sviluppare l'area, il Comune ha elaborato un piano di sviluppo basato su un concorso. Tuttavia, il progetto vincitore \u00e8 stato respinto dal consiglio dei residenti nella primavera del 2022. Ora il piano di sviluppo \u00e8 stato adattato e sar\u00e0 nuovamente sottoposto al Parlamento. Ora sono previsti meno parcheggi e pi\u00f9 spazio verde, e sono stati inclusi nei regolamenti sia gli alloggi occupati dai proprietari che quelli a prezzi accessibili.<\/p>\n<p>Il progetto guida prevede quattro edifici fino a sette piani lungo la linea perimetrale settentrionale e orientale che, insieme agli edifici esistenti o agli edifici sostitutivi sulla Gerliswilstrasse, formano un insieme con uno spazio aperto centrale e paesaggistico. I nuovi edifici sono progettati come strutture individuali e disposti in modo tale da aprire linee di visuale in tutte le direzioni. Lo sviluppo dell'area pu\u00f2 essere realizzato in pi\u00f9 fasi; \u00e8 possibile costruire un totale di 275 appartamenti per 500 persone; sono previsti 3.500 metri quadrati di spazio per il commercio, i servizi e la gastronomia.<\/p>\n<p>Al pi\u00f9 presto alla fine di quest'anno, il consiglio dei residenti potr\u00e0 votare nuovamente sul progetto. Prima di allora, il progetto sar\u00e0 sottoposto a un nuovo esame preliminare da parte del Cantone di Lucerna, a un processo di partecipazione pubblica di tutta la popolazione e a un'esposizione pubblica.<em>. (ah)<\/em><\/p>","protected":false},"excerpt":{"rendered":"<p>Nella Sonnenplatz di Emmen verranno costruiti nuovi alloggi. Dopo la bocciatura dei primi piani da parte del consiglio dei residenti, il progetto viene nuovamente sottoposto al Parlamento. <\/p>","protected":false},"author":3,"featured_media":45592,"comment_status":"closed","ping_status":"closed","sticky":false,"template":"","format":"standard","meta":{"_acf_changed":false,"_yoast_wpseo_focuskw":"Emmen","_yoast_wpseo_title":"","_yoast_wpseo_metadesc":"Am Sonnenplatz in Emmen soll neuer Wohnraum entstehen. Nachdem die ersten Pl\u00e4ne abgelehnt wurden, kommt das Projekt erneut vor das Parlament.","_yoast_wpseo_linkdex":55,"pgc_sgb_lightbox_settings":"","footnotes":""},"categories":[985],"tags":[1191,1400,1600,1863],"class_list":["post-45591","post","type-post","status-publish","format-standard","has-post-thumbnail","hentry","category-regionen","tag-emmen","tag-kanton-luzern","tag-projekt-in-planung","tag-wohnimmobilien"],"acf":[],"yoast_head":"<!-- This site is optimized with the Yoast SEO plugin v27.5 - https:\/\/yoast.com\/product\/yoast-seo-wordpress\/ -->\n<title>Emmen: Neuer Anlauf f\u00fcr die Entwicklung des Areal Sonne - IMMOBILIEN Business<\/title>\n<meta name=\"description\" content=\"Am Sonnenplatz in Emmen soll neuer Wohnraum entstehen. Nachdem die ersten Pl\u00e4ne abgelehnt wurden, kommt das Projekt erneut vor das Parlament.\" \/>\n<meta name=\"robots\" content=\"index, follow, max-snippet:-1, max-image-preview:large, max-video-preview:-1\" \/>\n<link rel=\"canonical\" href=\"https:\/\/www.immobilienbusiness.ch\/it\/regionen\/2023-01-27\/emmen-neuer-anlauf-fuer-die-entwicklung-des-areal-sonne\/\" \/>\n<meta property=\"og:locale\" content=\"it_IT\" \/>\n<meta property=\"og:type\" content=\"article\" \/>\n<meta property=\"og:title\" content=\"Emmen: Neuer Anlauf f\u00fcr die Entwicklung des Areal Sonne - IMMOBILIEN Business\" \/>\n<meta property=\"og:description\" content=\"Am Sonnenplatz in Emmen soll neuer Wohnraum entstehen. Nachdem die ersten Pl\u00e4ne abgelehnt wurden, kommt das Projekt erneut vor das Parlament.\" \/>\n<meta property=\"og:url\" content=\"https:\/\/www.immobilienbusiness.ch\/it\/regionen\/2023-01-27\/emmen-neuer-anlauf-fuer-die-entwicklung-des-areal-sonne\/\" \/>\n<meta property=\"og:site_name\" content=\"IMMOBILIEN Business\" \/>\n<meta property=\"article:publisher\" content=\"https:\/\/www.facebook.com\/immobilienbusiness\/\" \/>\n<meta property=\"article:published_time\" content=\"2023-01-27T06:30:46+00:00\" \/>\n<meta property=\"article:modified_time\" content=\"2023-02-01T19:26:55+00:00\" \/>\n<meta property=\"og:image\" content=\"https:\/\/www.immobilienbusiness.ch\/wp-content\/uploads\/2023\/01\/Visualisierung-Gemeinde-Emmen.jpg\" \/>\n\t<meta property=\"og:image:width\" content=\"759\" \/>\n\t<meta property=\"og:image:height\" content=\"506\" \/>\n\t<meta property=\"og:image:type\" content=\"image\/jpeg\" \/>\n<meta name=\"author\" content=\"anja.hall\" \/>\n<meta name=\"twitter:card\" content=\"summary_large_image\" \/>\n<meta name=\"twitter:image\" content=\"https:\/\/www.immobilienbusiness.ch\/wp-content\/uploads\/2023\/01\/Visualisierung-Gemeinde-Emmen.jpg\" \/>\n<script type=\"application\/ld+json\" class=\"yoast-schema-graph\">{\"@context\":\"https:\\\/\\\/schema.org\",\"@graph\":[{\"@type\":\"Article\",\"@id\":\"https:\\\/\\\/www.immobilienbusiness.ch\\\/de\\\/regionen\\\/2023-01-27\\\/emmen-neuer-anlauf-fuer-die-entwicklung-des-areal-sonne\\\/#article\",\"isPartOf\":{\"@id\":\"https:\\\/\\\/www.immobilienbusiness.ch\\\/de\\\/regionen\\\/2023-01-27\\\/emmen-neuer-anlauf-fuer-die-entwicklung-des-areal-sonne\\\/\"},\"author\":{\"name\":\"anja.hall\",\"@id\":\"https:\\\/\\\/www.immobilienbusiness.ch\\\/#\\\/schema\\\/person\\\/3fc036297b10b9f42d6db5ee932af8c8\"},\"headline\":\"Emmen: Neuer Anlauf f\u00fcr die Entwicklung des Areal Sonne\",\"datePublished\":\"2023-01-27T06:30:46+00:00\",\"dateModified\":\"2023-02-01T19:26:55+00:00\",\"mainEntityOfPage\":{\"@id\":\"https:\\\/\\\/www.immobilienbusiness.ch\\\/de\\\/regionen\\\/2023-01-27\\\/emmen-neuer-anlauf-fuer-die-entwicklung-des-areal-sonne\\\/\"},\"wordCount\":222,\"publisher\":{\"@id\":\"https:\\\/\\\/www.immobilienbusiness.ch\\\/#organization\"},\"image\":{\"@id\":\"https:\\\/\\\/www.immobilienbusiness.ch\\\/de\\\/regionen\\\/2023-01-27\\\/emmen-neuer-anlauf-fuer-die-entwicklung-des-areal-sonne\\\/#primaryimage\"},\"thumbnailUrl\":\"https:\\\/\\\/www.immobilienbusiness.ch\\\/wp-content\\\/uploads\\\/2023\\\/01\\\/Visualisierung-Gemeinde-Emmen.jpg\",\"keywords\":[\"Emmen\",\"Kanton Luzern\",\"Projekt in Planung\",\"Wohnimmobilien\"],\"articleSection\":[\"REGIONEN\"],\"inLanguage\":\"it-IT\"},{\"@type\":\"WebPage\",\"@id\":\"https:\\\/\\\/www.immobilienbusiness.ch\\\/de\\\/regionen\\\/2023-01-27\\\/emmen-neuer-anlauf-fuer-die-entwicklung-des-areal-sonne\\\/\",\"url\":\"https:\\\/\\\/www.immobilienbusiness.ch\\\/de\\\/regionen\\\/2023-01-27\\\/emmen-neuer-anlauf-fuer-die-entwicklung-des-areal-sonne\\\/\",\"name\":\"Emmen: Neuer Anlauf f\u00fcr die Entwicklung des Areal Sonne - IMMOBILIEN Business\",\"isPartOf\":{\"@id\":\"https:\\\/\\\/www.immobilienbusiness.ch\\\/#website\"},\"primaryImageOfPage\":{\"@id\":\"https:\\\/\\\/www.immobilienbusiness.ch\\\/de\\\/regionen\\\/2023-01-27\\\/emmen-neuer-anlauf-fuer-die-entwicklung-des-areal-sonne\\\/#primaryimage\"},\"image\":{\"@id\":\"https:\\\/\\\/www.immobilienbusiness.ch\\\/de\\\/regionen\\\/2023-01-27\\\/emmen-neuer-anlauf-fuer-die-entwicklung-des-areal-sonne\\\/#primaryimage\"},\"thumbnailUrl\":\"https:\\\/\\\/www.immobilienbusiness.ch\\\/wp-content\\\/uploads\\\/2023\\\/01\\\/Visualisierung-Gemeinde-Emmen.jpg\",\"datePublished\":\"2023-01-27T06:30:46+00:00\",\"dateModified\":\"2023-02-01T19:26:55+00:00\",\"description\":\"Am Sonnenplatz in Emmen soll neuer Wohnraum entstehen. Nachdem die ersten Pl\u00e4ne abgelehnt wurden, kommt das Projekt erneut vor das Parlament.\",\"breadcrumb\":{\"@id\":\"https:\\\/\\\/www.immobilienbusiness.ch\\\/de\\\/regionen\\\/2023-01-27\\\/emmen-neuer-anlauf-fuer-die-entwicklung-des-areal-sonne\\\/#breadcrumb\"},\"inLanguage\":\"it-IT\",\"potentialAction\":[{\"@type\":\"ReadAction\",\"target\":[\"https:\\\/\\\/www.immobilienbusiness.ch\\\/de\\\/regionen\\\/2023-01-27\\\/emmen-neuer-anlauf-fuer-die-entwicklung-des-areal-sonne\\\/\"]}]},{\"@type\":\"ImageObject\",\"inLanguage\":\"it-IT\",\"@id\":\"https:\\\/\\\/www.immobilienbusiness.ch\\\/de\\\/regionen\\\/2023-01-27\\\/emmen-neuer-anlauf-fuer-die-entwicklung-des-areal-sonne\\\/#primaryimage\",\"url\":\"https:\\\/\\\/www.immobilienbusiness.ch\\\/wp-content\\\/uploads\\\/2023\\\/01\\\/Visualisierung-Gemeinde-Emmen.jpg\",\"contentUrl\":\"https:\\\/\\\/www.immobilienbusiness.ch\\\/wp-content\\\/uploads\\\/2023\\\/01\\\/Visualisierung-Gemeinde-Emmen.jpg\",\"width\":759,\"height\":506,\"caption\":\"Visualisierung der geplanten \u00dcberbauung im Sonnenplatz (Quelle: Gemeinde Emmen\"},{\"@type\":\"BreadcrumbList\",\"@id\":\"https:\\\/\\\/www.immobilienbusiness.ch\\\/de\\\/regionen\\\/2023-01-27\\\/emmen-neuer-anlauf-fuer-die-entwicklung-des-areal-sonne\\\/#breadcrumb\",\"itemListElement\":[{\"@type\":\"ListItem\",\"position\":1,\"name\":\"Home\",\"item\":\"https:\\\/\\\/www.immobilienbusiness.ch\\\/\"},{\"@type\":\"ListItem\",\"position\":2,\"name\":\"Emmen: Neuer Anlauf f\u00fcr die Entwicklung des Areal Sonne\"}]},{\"@type\":\"WebSite\",\"@id\":\"https:\\\/\\\/www.immobilienbusiness.ch\\\/#website\",\"url\":\"https:\\\/\\\/www.immobilienbusiness.ch\\\/\",\"name\":\"IMMOBILIEN Business\",\"description\":\"Unabh\u00e4ngiges Schweizer Wirtschaftsmagazin mit Fokus auf Immobilien, Architektur- und Bau sowie Investment- und Finanzierung.\",\"publisher\":{\"@id\":\"https:\\\/\\\/www.immobilienbusiness.ch\\\/#organization\"},\"potentialAction\":[{\"@type\":\"SearchAction\",\"target\":{\"@type\":\"EntryPoint\",\"urlTemplate\":\"https:\\\/\\\/www.immobilienbusiness.ch\\\/?s={search_term_string}\"},\"query-input\":{\"@type\":\"PropertyValueSpecification\",\"valueRequired\":true,\"valueName\":\"search_term_string\"}}],\"inLanguage\":\"it-IT\"},{\"@type\":\"Organization\",\"@id\":\"https:\\\/\\\/www.immobilienbusiness.ch\\\/#organization\",\"name\":\"IMMOBILIEN Business\",\"url\":\"https:\\\/\\\/www.immobilienbusiness.ch\\\/\",\"logo\":{\"@type\":\"ImageObject\",\"inLanguage\":\"it-IT\",\"@id\":\"https:\\\/\\\/www.immobilienbusiness.ch\\\/#\\\/schema\\\/logo\\\/image\\\/\",\"url\":\"https:\\\/\\\/www.immobilienbusiness.ch\\\/wp-content\\\/uploads\\\/2021\\\/07\\\/logo_ib.png\",\"contentUrl\":\"https:\\\/\\\/www.immobilienbusiness.ch\\\/wp-content\\\/uploads\\\/2021\\\/07\\\/logo_ib.png\",\"width\":800,\"height\":181,\"caption\":\"IMMOBILIEN Business\"},\"image\":{\"@id\":\"https:\\\/\\\/www.immobilienbusiness.ch\\\/#\\\/schema\\\/logo\\\/image\\\/\"},\"sameAs\":[\"https:\\\/\\\/www.facebook.com\\\/immobilienbusiness\\\/\"]},{\"@type\":\"Person\",\"@id\":\"https:\\\/\\\/www.immobilienbusiness.ch\\\/#\\\/schema\\\/person\\\/3fc036297b10b9f42d6db5ee932af8c8\",\"name\":\"anja.hall\",\"image\":{\"@type\":\"ImageObject\",\"inLanguage\":\"it-IT\",\"@id\":\"https:\\\/\\\/secure.gravatar.com\\\/avatar\\\/066b5a0d447013502c71a5782f4f3469f03cfe595cc2329fb94652fe47511bfb?s=96&d=mm&r=g\",\"url\":\"https:\\\/\\\/secure.gravatar.com\\\/avatar\\\/066b5a0d447013502c71a5782f4f3469f03cfe595cc2329fb94652fe47511bfb?s=96&d=mm&r=g\",\"contentUrl\":\"https:\\\/\\\/secure.gravatar.com\\\/avatar\\\/066b5a0d447013502c71a5782f4f3469f03cfe595cc2329fb94652fe47511bfb?s=96&d=mm&r=g\",\"caption\":\"anja.hall\"},\"url\":\"https:\\\/\\\/www.immobilienbusiness.ch\\\/it\\\/author\\\/anja-hall\\\/\"}]}<\/script>\n<!-- \/ Yoast SEO plugin. -->","yoast_head_json":{"title":"Emmen: Nuovo inizio per lo sviluppo del sito di Sonne - IMMOBILIEN Business","description":"Nella Sonnenplatz di Emmen \u00e8 prevista la creazione di nuovi spazi abitativi. Dopo che i primi piani sono stati respinti, il progetto sar\u00e0 nuovamente presentato al Parlamento.","robots":{"index":"index","follow":"follow","max-snippet":"max-snippet:-1","max-image-preview":"max-image-preview:large","max-video-preview":"max-video-preview:-1"},"canonical":"https:\/\/www.immobilienbusiness.ch\/it\/regionen\/2023-01-27\/emmen-neuer-anlauf-fuer-die-entwicklung-des-areal-sonne\/","og_locale":"it_IT","og_type":"article","og_title":"Emmen: Neuer Anlauf f\u00fcr die Entwicklung des Areal Sonne - IMMOBILIEN Business","og_description":"Am Sonnenplatz in Emmen soll neuer Wohnraum entstehen. Nachdem die ersten Pl\u00e4ne abgelehnt wurden, kommt das Projekt erneut vor das Parlament.","og_url":"https:\/\/www.immobilienbusiness.ch\/it\/regionen\/2023-01-27\/emmen-neuer-anlauf-fuer-die-entwicklung-des-areal-sonne\/","og_site_name":"IMMOBILIEN Business","article_publisher":"https:\/\/www.facebook.com\/immobilienbusiness\/","article_published_time":"2023-01-27T06:30:46+00:00","article_modified_time":"2023-02-01T19:26:55+00:00","og_image":[{"width":759,"height":506,"url":"https:\/\/www.immobilienbusiness.ch\/wp-content\/uploads\/2023\/01\/Visualisierung-Gemeinde-Emmen.jpg","type":"image\/jpeg"}],"author":"anja.hall","twitter_card":"summary_large_image","twitter_image":"https:\/\/www.immobilienbusiness.ch\/wp-content\/uploads\/2023\/01\/Visualisierung-Gemeinde-Emmen.jpg","schema":{"@context":"https:\/\/schema.org","@graph":[{"@type":"Article","@id":"https:\/\/www.immobilienbusiness.ch\/de\/regionen\/2023-01-27\/emmen-neuer-anlauf-fuer-die-entwicklung-des-areal-sonne\/#article","isPartOf":{"@id":"https:\/\/www.immobilienbusiness.ch\/de\/regionen\/2023-01-27\/emmen-neuer-anlauf-fuer-die-entwicklung-des-areal-sonne\/"},"author":{"name":"anja.hall","@id":"https:\/\/www.immobilienbusiness.ch\/#\/schema\/person\/3fc036297b10b9f42d6db5ee932af8c8"},"headline":"Emmen: Neuer Anlauf f\u00fcr die Entwicklung des Areal Sonne","datePublished":"2023-01-27T06:30:46+00:00","dateModified":"2023-02-01T19:26:55+00:00","mainEntityOfPage":{"@id":"https:\/\/www.immobilienbusiness.ch\/de\/regionen\/2023-01-27\/emmen-neuer-anlauf-fuer-die-entwicklung-des-areal-sonne\/"},"wordCount":222,"publisher":{"@id":"https:\/\/www.immobilienbusiness.ch\/#organization"},"image":{"@id":"https:\/\/www.immobilienbusiness.ch\/de\/regionen\/2023-01-27\/emmen-neuer-anlauf-fuer-die-entwicklung-des-areal-sonne\/#primaryimage"},"thumbnailUrl":"https:\/\/www.immobilienbusiness.ch\/wp-content\/uploads\/2023\/01\/Visualisierung-Gemeinde-Emmen.jpg","keywords":["Emmen","Kanton Luzern","Projekt in Planung","Wohnimmobilien"],"articleSection":["REGIONEN"],"inLanguage":"it-IT"},{"@type":"WebPage","@id":"https:\/\/www.immobilienbusiness.ch\/de\/regionen\/2023-01-27\/emmen-neuer-anlauf-fuer-die-entwicklung-des-areal-sonne\/","url":"https:\/\/www.immobilienbusiness.ch\/de\/regionen\/2023-01-27\/emmen-neuer-anlauf-fuer-die-entwicklung-des-areal-sonne\/","name":"Emmen: Nuovo inizio per lo sviluppo del sito di Sonne - IMMOBILIEN Business","isPartOf":{"@id":"https:\/\/www.immobilienbusiness.ch\/#website"},"primaryImageOfPage":{"@id":"https:\/\/www.immobilienbusiness.ch\/de\/regionen\/2023-01-27\/emmen-neuer-anlauf-fuer-die-entwicklung-des-areal-sonne\/#primaryimage"},"image":{"@id":"https:\/\/www.immobilienbusiness.ch\/de\/regionen\/2023-01-27\/emmen-neuer-anlauf-fuer-die-entwicklung-des-areal-sonne\/#primaryimage"},"thumbnailUrl":"https:\/\/www.immobilienbusiness.ch\/wp-content\/uploads\/2023\/01\/Visualisierung-Gemeinde-Emmen.jpg","datePublished":"2023-01-27T06:30:46+00:00","dateModified":"2023-02-01T19:26:55+00:00","description":"Nella Sonnenplatz di Emmen \u00e8 prevista la creazione di nuovi spazi abitativi. Dopo che i primi piani sono stati respinti, il progetto sar\u00e0 nuovamente presentato al Parlamento.","breadcrumb":{"@id":"https:\/\/www.immobilienbusiness.ch\/de\/regionen\/2023-01-27\/emmen-neuer-anlauf-fuer-die-entwicklung-des-areal-sonne\/#breadcrumb"},"inLanguage":"it-IT","potentialAction":[{"@type":"ReadAction","target":["https:\/\/www.immobilienbusiness.ch\/de\/regionen\/2023-01-27\/emmen-neuer-anlauf-fuer-die-entwicklung-des-areal-sonne\/"]}]},{"@type":"ImageObject","inLanguage":"it-IT","@id":"https:\/\/www.immobilienbusiness.ch\/de\/regionen\/2023-01-27\/emmen-neuer-anlauf-fuer-die-entwicklung-des-areal-sonne\/#primaryimage","url":"https:\/\/www.immobilienbusiness.ch\/wp-content\/uploads\/2023\/01\/Visualisierung-Gemeinde-Emmen.jpg","contentUrl":"https:\/\/www.immobilienbusiness.ch\/wp-content\/uploads\/2023\/01\/Visualisierung-Gemeinde-Emmen.jpg","width":759,"height":506,"caption":"Visualisierung der geplanten \u00dcberbauung im Sonnenplatz (Quelle: Gemeinde Emmen"},{"@type":"BreadcrumbList","@id":"https:\/\/www.immobilienbusiness.ch\/de\/regionen\/2023-01-27\/emmen-neuer-anlauf-fuer-die-entwicklung-des-areal-sonne\/#breadcrumb","itemListElement":[{"@type":"ListItem","position":1,"name":"Home","item":"https:\/\/www.immobilienbusiness.ch\/"},{"@type":"ListItem","position":2,"name":"Emmen: Neuer Anlauf f\u00fcr die Entwicklung des Areal Sonne"}]},{"@type":"WebSite","@id":"https:\/\/www.immobilienbusiness.ch\/#website","url":"https:\/\/www.immobilienbusiness.ch\/","name":"Affari immobiliari","description":"Rivista economica indipendente svizzera che si concentra sul settore immobiliare, l'architettura e la costruzione, nonch\u00e9 sugli investimenti e i finanziamenti.","publisher":{"@id":"https:\/\/www.immobilienbusiness.ch\/#organization"},"potentialAction":[{"@type":"SearchAction","target":{"@type":"EntryPoint","urlTemplate":"https:\/\/www.immobilienbusiness.ch\/?s={search_term_string}"},"query-input":{"@type":"PropertyValueSpecification","valueRequired":true,"valueName":"search_term_string"}}],"inLanguage":"it-IT"},{"@type":"Organization","@id":"https:\/\/www.immobilienbusiness.ch\/#organization","name":"Affari immobiliari","url":"https:\/\/www.immobilienbusiness.ch\/","logo":{"@type":"ImageObject","inLanguage":"it-IT","@id":"https:\/\/www.immobilienbusiness.ch\/#\/schema\/logo\/image\/","url":"https:\/\/www.immobilienbusiness.ch\/wp-content\/uploads\/2021\/07\/logo_ib.png","contentUrl":"https:\/\/www.immobilienbusiness.ch\/wp-content\/uploads\/2021\/07\/logo_ib.png","width":800,"height":181,"caption":"IMMOBILIEN Business"},"image":{"@id":"https:\/\/www.immobilienbusiness.ch\/#\/schema\/logo\/image\/"},"sameAs":["https:\/\/www.facebook.com\/immobilienbusiness\/"]},{"@type":"Person","@id":"https:\/\/www.immobilienbusiness.ch\/#\/schema\/person\/3fc036297b10b9f42d6db5ee932af8c8","name":"anja.hall","image":{"@type":"ImageObject","inLanguage":"it-IT","@id":"https:\/\/secure.gravatar.com\/avatar\/066b5a0d447013502c71a5782f4f3469f03cfe595cc2329fb94652fe47511bfb?s=96&d=mm&r=g","url":"https:\/\/secure.gravatar.com\/avatar\/066b5a0d447013502c71a5782f4f3469f03cfe595cc2329fb94652fe47511bfb?s=96&d=mm&r=g","contentUrl":"https:\/\/secure.gravatar.com\/avatar\/066b5a0d447013502c71a5782f4f3469f03cfe595cc2329fb94652fe47511bfb?s=96&d=mm&r=g","caption":"anja.hall"},"url":"https:\/\/www.immobilienbusiness.ch\/it\/author\/anja-hall\/"}]}},"_links":{"self":[{"href":"https:\/\/www.immobilienbusiness.ch\/it\/wp-json\/wp\/v2\/posts\/45591","targetHints":{"allow":["GET"]}}],"collection":[{"href":"https:\/\/www.immobilienbusiness.ch\/it\/wp-json\/wp\/v2\/posts"}],"about":[{"href":"https:\/\/www.immobilienbusiness.ch\/it\/wp-json\/wp\/v2\/types\/post"}],"author":[{"embeddable":true,"href":"https:\/\/www.immobilienbusiness.ch\/it\/wp-json\/wp\/v2\/users\/3"}],"replies":[{"embeddable":true,"href":"https:\/\/www.immobilienbusiness.ch\/it\/wp-json\/wp\/v2\/comments?post=45591"}],"version-history":[{"count":2,"href":"https:\/\/www.immobilienbusiness.ch\/it\/wp-json\/wp\/v2\/posts\/45591\/revisions"}],"predecessor-version":[{"id":45594,"href":"https:\/\/www.immobilienbusiness.ch\/it\/wp-json\/wp\/v2\/posts\/45591\/revisions\/45594"}],"wp:featuredmedia":[{"embeddable":true,"href":"https:\/\/www.immobilienbusiness.ch\/it\/wp-json\/wp\/v2\/media\/45592"}],"wp:attachment":[{"href":"https:\/\/www.immobilienbusiness.ch\/it\/wp-json\/wp\/v2\/media?parent=45591"}],"wp:term":[{"taxonomy":"category","embeddable":true,"href":"https:\/\/www.immobilienbusiness.ch\/it\/wp-json\/wp\/v2\/categories?post=45591"},{"taxonomy":"post_tag","embeddable":true,"href":"https:\/\/www.immobilienbusiness.ch\/it\/wp-json\/wp\/v2\/tags?post=45591"}],"curies":[{"name":"wp","href":"https:\/\/api.w.org\/{rel}","templated":true}]}}