{"id":45546,"date":"2023-01-25T06:00:09","date_gmt":"2023-01-25T05:00:09","guid":{"rendered":"https:\/\/www.immobilienbusiness.ch\/?p=45546"},"modified":"2023-01-26T09:32:46","modified_gmt":"2023-01-26T08:32:46","slug":"procimmo-fusioniert-zwei-gesellschaften","status":"publish","type":"post","link":"https:\/\/www.immobilienbusiness.ch\/it\/unternehmen\/2023-01-25\/procimmo-fusioniert-zwei-gesellschaften\/","title":{"rendered":"Procimmo fonde due societ\u00e0"},"content":{"rendered":"<figure id=\"attachment_7088\" aria-describedby=\"caption-attachment-7088\" style=\"width: 2000px\" class=\"wp-caption alignnone\"><a href=\"https:\/\/www.immobilienbusiness.ch\/wp-content\/uploads\/2017\/04\/Depositphotos_90893370_l-2015.jpg\"><img loading=\"lazy\" decoding=\"async\" class=\"size-full wp-image-7088\" src=\"https:\/\/www.immobilienbusiness.ch\/wp-content\/uploads\/2017\/04\/Depositphotos_90893370_l-2015.jpg\" alt=\"\" width=\"2000\" height=\"1321\" srcset=\"https:\/\/www.immobilienbusiness.ch\/wp-content\/uploads\/2017\/04\/Depositphotos_90893370_l-2015.jpg 2000w, https:\/\/www.immobilienbusiness.ch\/wp-content\/uploads\/2017\/04\/Depositphotos_90893370_l-2015-300x198.jpg 300w, https:\/\/www.immobilienbusiness.ch\/wp-content\/uploads\/2017\/04\/Depositphotos_90893370_l-2015-1024x676.jpg 1024w, https:\/\/www.immobilienbusiness.ch\/wp-content\/uploads\/2017\/04\/Depositphotos_90893370_l-2015-768x507.jpg 768w, https:\/\/www.immobilienbusiness.ch\/wp-content\/uploads\/2017\/04\/Depositphotos_90893370_l-2015-1536x1015.jpg 1536w, https:\/\/www.immobilienbusiness.ch\/wp-content\/uploads\/2017\/04\/Depositphotos_90893370_l-2015-16x12.jpg 16w, https:\/\/www.immobilienbusiness.ch\/wp-content\/uploads\/2017\/04\/Depositphotos_90893370_l-2015-265x175.jpg 265w, https:\/\/www.immobilienbusiness.ch\/wp-content\/uploads\/2017\/04\/Depositphotos_90893370_l-2015-530x350.jpg 530w, https:\/\/www.immobilienbusiness.ch\/wp-content\/uploads\/2017\/04\/Depositphotos_90893370_l-2015-1211x800.jpg 1211w, https:\/\/www.immobilienbusiness.ch\/wp-content\/uploads\/2017\/04\/Depositphotos_90893370_l-2015-920x608.jpg 920w, https:\/\/www.immobilienbusiness.ch\/wp-content\/uploads\/2017\/04\/Depositphotos_90893370_l-2015-1400x925.jpg 1400w\" sizes=\"auto, (max-width: 2000px) 100vw, 2000px\" \/><\/a><figcaption id=\"caption-attachment-7088\" class=\"wp-caption-text\">Procimmo ha fuso due veicoli di investimento (Foto: Gajus-Images - depositphotos)<\/figcaption><\/figure>\n<p>L'obiettivo della societ\u00e0 Procimmo Invest 2 AG era quello di detenere investimenti in societ\u00e0 immobiliari. \"A causa della mancanza di opportunit\u00e0 di investimento adeguate, non ha mai iniziato le sue attivit\u00e0\", afferma Procimmo Invest AG. D'altra parte, Procimmo Invest AG detiene immobili d'investimento con un fair value di 70 milioni di franchi svizzeri al 30 giugno 2022.<\/p>\n<p>A seguito della fusione, il Consiglio di amministrazione di Procimmo Invest AG continuer\u00e0 a essere composto da Terence Kast come presidente e da Besnik Bytyqi. <i>(aw)<\/i><\/p>","protected":false},"excerpt":{"rendered":"<p>Procimmo Invest ha assorbito retroattivamente la societ\u00e0 sorella Procimmo Invest 2 a partire dal 30 giugno 2022. Entrambe le societ\u00e0 erano di propriet\u00e0 del Gruppo Procimmo al 100%.<\/p>","protected":false},"author":102,"featured_media":7088,"comment_status":"closed","ping_status":"closed","sticky":false,"template":"","format":"standard","meta":{"_acf_changed":false,"_yoast_wpseo_focuskw":"Invest","_yoast_wpseo_title":"","_yoast_wpseo_metadesc":"Die Gesellschaft Procimmo Invest AG hat r\u00fcckwirkend per 30. Juni 2022 ihre Schwestergesellschaft Procimmo Invest 2 AG absorbiert. Beide Gesellschaften waren zu 100% im Besitz der Procimmo Group AG.","_yoast_wpseo_linkdex":46,"pgc_sgb_lightbox_settings":"","footnotes":""},"categories":[988],"tags":[1597],"class_list":["post-45546","post","type-post","status-publish","format-standard","has-post-thumbnail","hentry","category-unternehmen","tag-procimmo"],"acf":[],"yoast_head":"<!-- This site is optimized with the Yoast SEO plugin v27.4 - https:\/\/yoast.com\/product\/yoast-seo-wordpress\/ -->\n<title>Procimmo fusioniert zwei Gesellschaften - IMMOBILIEN Business<\/title>\n<meta name=\"description\" content=\"Die Gesellschaft Procimmo Invest AG hat r\u00fcckwirkend per 30. Juni 2022 ihre Schwestergesellschaft Procimmo Invest 2 AG absorbiert. Beide Gesellschaften waren zu 100% im Besitz der Procimmo Group AG.\" \/>\n<meta name=\"robots\" content=\"index, follow, max-snippet:-1, max-image-preview:large, max-video-preview:-1\" \/>\n<link rel=\"canonical\" href=\"https:\/\/www.immobilienbusiness.ch\/it\/unternehmen\/2023-01-25\/procimmo-fusioniert-zwei-gesellschaften\/\" \/>\n<meta property=\"og:locale\" content=\"it_IT\" \/>\n<meta property=\"og:type\" content=\"article\" \/>\n<meta property=\"og:title\" content=\"Procimmo fusioniert zwei Gesellschaften - IMMOBILIEN Business\" \/>\n<meta property=\"og:description\" content=\"Die Gesellschaft Procimmo Invest AG hat r\u00fcckwirkend per 30. Juni 2022 ihre Schwestergesellschaft Procimmo Invest 2 AG absorbiert. Beide Gesellschaften waren zu 100% im Besitz der Procimmo Group AG.\" \/>\n<meta property=\"og:url\" content=\"https:\/\/www.immobilienbusiness.ch\/it\/unternehmen\/2023-01-25\/procimmo-fusioniert-zwei-gesellschaften\/\" \/>\n<meta property=\"og:site_name\" content=\"IMMOBILIEN Business\" \/>\n<meta property=\"article:publisher\" content=\"https:\/\/www.facebook.com\/immobilienbusiness\/\" \/>\n<meta property=\"article:published_time\" content=\"2023-01-25T05:00:09+00:00\" \/>\n<meta property=\"article:modified_time\" content=\"2023-01-26T08:32:46+00:00\" \/>\n<meta property=\"og:image\" content=\"https:\/\/www.immobilienbusiness.ch\/wp-content\/uploads\/2017\/04\/Depositphotos_90893370_l-2015.jpg\" \/>\n\t<meta property=\"og:image:width\" content=\"2000\" \/>\n\t<meta property=\"og:image:height\" content=\"1321\" \/>\n\t<meta property=\"og:image:type\" content=\"image\/jpeg\" \/>\n<meta name=\"author\" content=\"Alexander Wachter\" \/>\n<meta name=\"twitter:card\" content=\"summary_large_image\" \/>\n<script type=\"application\/ld+json\" class=\"yoast-schema-graph\">{\"@context\":\"https:\\\/\\\/schema.org\",\"@graph\":[{\"@type\":\"Article\",\"@id\":\"https:\\\/\\\/www.immobilienbusiness.ch\\\/unternehmen\\\/2023-01-25\\\/procimmo-fusioniert-zwei-gesellschaften\\\/#article\",\"isPartOf\":{\"@id\":\"https:\\\/\\\/www.immobilienbusiness.ch\\\/unternehmen\\\/2023-01-25\\\/procimmo-fusioniert-zwei-gesellschaften\\\/\"},\"author\":{\"name\":\"Alexander Wachter\",\"@id\":\"https:\\\/\\\/www.immobilienbusiness.ch\\\/#\\\/schema\\\/person\\\/aba8bea2db926aa0c24c08c43fe1fcd5\"},\"headline\":\"Procimmo fusioniert zwei Gesellschaften\",\"datePublished\":\"2023-01-25T05:00:09+00:00\",\"dateModified\":\"2023-01-26T08:32:46+00:00\",\"mainEntityOfPage\":{\"@id\":\"https:\\\/\\\/www.immobilienbusiness.ch\\\/unternehmen\\\/2023-01-25\\\/procimmo-fusioniert-zwei-gesellschaften\\\/\"},\"wordCount\":89,\"publisher\":{\"@id\":\"https:\\\/\\\/www.immobilienbusiness.ch\\\/#organization\"},\"image\":{\"@id\":\"https:\\\/\\\/www.immobilienbusiness.ch\\\/unternehmen\\\/2023-01-25\\\/procimmo-fusioniert-zwei-gesellschaften\\\/#primaryimage\"},\"thumbnailUrl\":\"https:\\\/\\\/www.immobilienbusiness.ch\\\/wp-content\\\/uploads\\\/2017\\\/04\\\/Depositphotos_90893370_l-2015.jpg\",\"keywords\":[\"Procimmo\"],\"articleSection\":[\"UNTERNEHMEN\"],\"inLanguage\":\"it-IT\"},{\"@type\":\"WebPage\",\"@id\":\"https:\\\/\\\/www.immobilienbusiness.ch\\\/unternehmen\\\/2023-01-25\\\/procimmo-fusioniert-zwei-gesellschaften\\\/\",\"url\":\"https:\\\/\\\/www.immobilienbusiness.ch\\\/unternehmen\\\/2023-01-25\\\/procimmo-fusioniert-zwei-gesellschaften\\\/\",\"name\":\"Procimmo fusioniert zwei Gesellschaften - IMMOBILIEN Business\",\"isPartOf\":{\"@id\":\"https:\\\/\\\/www.immobilienbusiness.ch\\\/#website\"},\"primaryImageOfPage\":{\"@id\":\"https:\\\/\\\/www.immobilienbusiness.ch\\\/unternehmen\\\/2023-01-25\\\/procimmo-fusioniert-zwei-gesellschaften\\\/#primaryimage\"},\"image\":{\"@id\":\"https:\\\/\\\/www.immobilienbusiness.ch\\\/unternehmen\\\/2023-01-25\\\/procimmo-fusioniert-zwei-gesellschaften\\\/#primaryimage\"},\"thumbnailUrl\":\"https:\\\/\\\/www.immobilienbusiness.ch\\\/wp-content\\\/uploads\\\/2017\\\/04\\\/Depositphotos_90893370_l-2015.jpg\",\"datePublished\":\"2023-01-25T05:00:09+00:00\",\"dateModified\":\"2023-01-26T08:32:46+00:00\",\"description\":\"Die Gesellschaft Procimmo Invest AG hat r\u00fcckwirkend per 30. Juni 2022 ihre Schwestergesellschaft Procimmo Invest 2 AG absorbiert. Beide Gesellschaften waren zu 100% im Besitz der Procimmo Group AG.\",\"breadcrumb\":{\"@id\":\"https:\\\/\\\/www.immobilienbusiness.ch\\\/unternehmen\\\/2023-01-25\\\/procimmo-fusioniert-zwei-gesellschaften\\\/#breadcrumb\"},\"inLanguage\":\"it-IT\",\"potentialAction\":[{\"@type\":\"ReadAction\",\"target\":[\"https:\\\/\\\/www.immobilienbusiness.ch\\\/unternehmen\\\/2023-01-25\\\/procimmo-fusioniert-zwei-gesellschaften\\\/\"]}]},{\"@type\":\"ImageObject\",\"inLanguage\":\"it-IT\",\"@id\":\"https:\\\/\\\/www.immobilienbusiness.ch\\\/unternehmen\\\/2023-01-25\\\/procimmo-fusioniert-zwei-gesellschaften\\\/#primaryimage\",\"url\":\"https:\\\/\\\/www.immobilienbusiness.ch\\\/wp-content\\\/uploads\\\/2017\\\/04\\\/Depositphotos_90893370_l-2015.jpg\",\"contentUrl\":\"https:\\\/\\\/www.immobilienbusiness.ch\\\/wp-content\\\/uploads\\\/2017\\\/04\\\/Depositphotos_90893370_l-2015.jpg\",\"width\":2000,\"height\":1321,\"caption\":\"Aus mehreren Einzelfonds soll ein Grosses Ganzes werden (Foto: Gajus-Images - depositphotos)\"},{\"@type\":\"BreadcrumbList\",\"@id\":\"https:\\\/\\\/www.immobilienbusiness.ch\\\/unternehmen\\\/2023-01-25\\\/procimmo-fusioniert-zwei-gesellschaften\\\/#breadcrumb\",\"itemListElement\":[{\"@type\":\"ListItem\",\"position\":1,\"name\":\"Home\",\"item\":\"https:\\\/\\\/www.immobilienbusiness.ch\\\/\"},{\"@type\":\"ListItem\",\"position\":2,\"name\":\"Procimmo fusioniert zwei Gesellschaften\"}]},{\"@type\":\"WebSite\",\"@id\":\"https:\\\/\\\/www.immobilienbusiness.ch\\\/#website\",\"url\":\"https:\\\/\\\/www.immobilienbusiness.ch\\\/\",\"name\":\"IMMOBILIEN Business\",\"description\":\"Unabh\u00e4ngiges Schweizer Wirtschaftsmagazin mit Fokus auf Immobilien, Architektur- und Bau sowie Investment- und Finanzierung.\",\"publisher\":{\"@id\":\"https:\\\/\\\/www.immobilienbusiness.ch\\\/#organization\"},\"potentialAction\":[{\"@type\":\"SearchAction\",\"target\":{\"@type\":\"EntryPoint\",\"urlTemplate\":\"https:\\\/\\\/www.immobilienbusiness.ch\\\/?s={search_term_string}\"},\"query-input\":{\"@type\":\"PropertyValueSpecification\",\"valueRequired\":true,\"valueName\":\"search_term_string\"}}],\"inLanguage\":\"it-IT\"},{\"@type\":\"Organization\",\"@id\":\"https:\\\/\\\/www.immobilienbusiness.ch\\\/#organization\",\"name\":\"IMMOBILIEN Business\",\"url\":\"https:\\\/\\\/www.immobilienbusiness.ch\\\/\",\"logo\":{\"@type\":\"ImageObject\",\"inLanguage\":\"it-IT\",\"@id\":\"https:\\\/\\\/www.immobilienbusiness.ch\\\/#\\\/schema\\\/logo\\\/image\\\/\",\"url\":\"https:\\\/\\\/www.immobilienbusiness.ch\\\/wp-content\\\/uploads\\\/2021\\\/07\\\/logo_ib.png\",\"contentUrl\":\"https:\\\/\\\/www.immobilienbusiness.ch\\\/wp-content\\\/uploads\\\/2021\\\/07\\\/logo_ib.png\",\"width\":800,\"height\":181,\"caption\":\"IMMOBILIEN Business\"},\"image\":{\"@id\":\"https:\\\/\\\/www.immobilienbusiness.ch\\\/#\\\/schema\\\/logo\\\/image\\\/\"},\"sameAs\":[\"https:\\\/\\\/www.facebook.com\\\/immobilienbusiness\\\/\"]},{\"@type\":\"Person\",\"@id\":\"https:\\\/\\\/www.immobilienbusiness.ch\\\/#\\\/schema\\\/person\\\/aba8bea2db926aa0c24c08c43fe1fcd5\",\"name\":\"Alexander Wachter\",\"image\":{\"@type\":\"ImageObject\",\"inLanguage\":\"it-IT\",\"@id\":\"https:\\\/\\\/secure.gravatar.com\\\/avatar\\\/1a09e471f5389b0e0a6416eac287e0927c7c97a7b77f9e787eba3af7aee281dd?s=96&d=mm&r=g\",\"url\":\"https:\\\/\\\/secure.gravatar.com\\\/avatar\\\/1a09e471f5389b0e0a6416eac287e0927c7c97a7b77f9e787eba3af7aee281dd?s=96&d=mm&r=g\",\"contentUrl\":\"https:\\\/\\\/secure.gravatar.com\\\/avatar\\\/1a09e471f5389b0e0a6416eac287e0927c7c97a7b77f9e787eba3af7aee281dd?s=96&d=mm&r=g\",\"caption\":\"Alexander Wachter\"},\"url\":\"https:\\\/\\\/www.immobilienbusiness.ch\\\/it\\\/author\\\/alexander-wachter\\\/\"}]}<\/script>\n<!-- \/ Yoast SEO plugin. -->","yoast_head_json":{"title":"Procimmo fusioniert zwei Gesellschaften - IMMOBILIEN Business","description":"Die Gesellschaft Procimmo Invest AG hat r\u00fcckwirkend per 30. Juni 2022 ihre Schwestergesellschaft Procimmo Invest 2 AG absorbiert. Beide Gesellschaften waren zu 100% im Besitz der Procimmo Group AG.","robots":{"index":"index","follow":"follow","max-snippet":"max-snippet:-1","max-image-preview":"max-image-preview:large","max-video-preview":"max-video-preview:-1"},"canonical":"https:\/\/www.immobilienbusiness.ch\/it\/unternehmen\/2023-01-25\/procimmo-fusioniert-zwei-gesellschaften\/","og_locale":"it_IT","og_type":"article","og_title":"Procimmo fusioniert zwei Gesellschaften - IMMOBILIEN Business","og_description":"Die Gesellschaft Procimmo Invest AG hat r\u00fcckwirkend per 30. Juni 2022 ihre Schwestergesellschaft Procimmo Invest 2 AG absorbiert. Beide Gesellschaften waren zu 100% im Besitz der Procimmo Group AG.","og_url":"https:\/\/www.immobilienbusiness.ch\/it\/unternehmen\/2023-01-25\/procimmo-fusioniert-zwei-gesellschaften\/","og_site_name":"IMMOBILIEN Business","article_publisher":"https:\/\/www.facebook.com\/immobilienbusiness\/","article_published_time":"2023-01-25T05:00:09+00:00","article_modified_time":"2023-01-26T08:32:46+00:00","og_image":[{"width":2000,"height":1321,"url":"https:\/\/www.immobilienbusiness.ch\/wp-content\/uploads\/2017\/04\/Depositphotos_90893370_l-2015.jpg","type":"image\/jpeg"}],"author":"Alexander Wachter","twitter_card":"summary_large_image","schema":{"@context":"https:\/\/schema.org","@graph":[{"@type":"Article","@id":"https:\/\/www.immobilienbusiness.ch\/unternehmen\/2023-01-25\/procimmo-fusioniert-zwei-gesellschaften\/#article","isPartOf":{"@id":"https:\/\/www.immobilienbusiness.ch\/unternehmen\/2023-01-25\/procimmo-fusioniert-zwei-gesellschaften\/"},"author":{"name":"Alexander Wachter","@id":"https:\/\/www.immobilienbusiness.ch\/#\/schema\/person\/aba8bea2db926aa0c24c08c43fe1fcd5"},"headline":"Procimmo fusioniert zwei Gesellschaften","datePublished":"2023-01-25T05:00:09+00:00","dateModified":"2023-01-26T08:32:46+00:00","mainEntityOfPage":{"@id":"https:\/\/www.immobilienbusiness.ch\/unternehmen\/2023-01-25\/procimmo-fusioniert-zwei-gesellschaften\/"},"wordCount":89,"publisher":{"@id":"https:\/\/www.immobilienbusiness.ch\/#organization"},"image":{"@id":"https:\/\/www.immobilienbusiness.ch\/unternehmen\/2023-01-25\/procimmo-fusioniert-zwei-gesellschaften\/#primaryimage"},"thumbnailUrl":"https:\/\/www.immobilienbusiness.ch\/wp-content\/uploads\/2017\/04\/Depositphotos_90893370_l-2015.jpg","keywords":["Procimmo"],"articleSection":["UNTERNEHMEN"],"inLanguage":"it-IT"},{"@type":"WebPage","@id":"https:\/\/www.immobilienbusiness.ch\/unternehmen\/2023-01-25\/procimmo-fusioniert-zwei-gesellschaften\/","url":"https:\/\/www.immobilienbusiness.ch\/unternehmen\/2023-01-25\/procimmo-fusioniert-zwei-gesellschaften\/","name":"Procimmo fusioniert zwei Gesellschaften - IMMOBILIEN Business","isPartOf":{"@id":"https:\/\/www.immobilienbusiness.ch\/#website"},"primaryImageOfPage":{"@id":"https:\/\/www.immobilienbusiness.ch\/unternehmen\/2023-01-25\/procimmo-fusioniert-zwei-gesellschaften\/#primaryimage"},"image":{"@id":"https:\/\/www.immobilienbusiness.ch\/unternehmen\/2023-01-25\/procimmo-fusioniert-zwei-gesellschaften\/#primaryimage"},"thumbnailUrl":"https:\/\/www.immobilienbusiness.ch\/wp-content\/uploads\/2017\/04\/Depositphotos_90893370_l-2015.jpg","datePublished":"2023-01-25T05:00:09+00:00","dateModified":"2023-01-26T08:32:46+00:00","description":"Die Gesellschaft Procimmo Invest AG hat r\u00fcckwirkend per 30. Juni 2022 ihre Schwestergesellschaft Procimmo Invest 2 AG absorbiert. Beide Gesellschaften waren zu 100% im Besitz der Procimmo Group AG.","breadcrumb":{"@id":"https:\/\/www.immobilienbusiness.ch\/unternehmen\/2023-01-25\/procimmo-fusioniert-zwei-gesellschaften\/#breadcrumb"},"inLanguage":"it-IT","potentialAction":[{"@type":"ReadAction","target":["https:\/\/www.immobilienbusiness.ch\/unternehmen\/2023-01-25\/procimmo-fusioniert-zwei-gesellschaften\/"]}]},{"@type":"ImageObject","inLanguage":"it-IT","@id":"https:\/\/www.immobilienbusiness.ch\/unternehmen\/2023-01-25\/procimmo-fusioniert-zwei-gesellschaften\/#primaryimage","url":"https:\/\/www.immobilienbusiness.ch\/wp-content\/uploads\/2017\/04\/Depositphotos_90893370_l-2015.jpg","contentUrl":"https:\/\/www.immobilienbusiness.ch\/wp-content\/uploads\/2017\/04\/Depositphotos_90893370_l-2015.jpg","width":2000,"height":1321,"caption":"Aus mehreren Einzelfonds soll ein Grosses Ganzes werden (Foto: Gajus-Images - depositphotos)"},{"@type":"BreadcrumbList","@id":"https:\/\/www.immobilienbusiness.ch\/unternehmen\/2023-01-25\/procimmo-fusioniert-zwei-gesellschaften\/#breadcrumb","itemListElement":[{"@type":"ListItem","position":1,"name":"Home","item":"https:\/\/www.immobilienbusiness.ch\/"},{"@type":"ListItem","position":2,"name":"Procimmo fusioniert zwei Gesellschaften"}]},{"@type":"WebSite","@id":"https:\/\/www.immobilienbusiness.ch\/#website","url":"https:\/\/www.immobilienbusiness.ch\/","name":"Affari immobiliari","description":"Rivista economica indipendente svizzera che si concentra sul settore immobiliare, l'architettura e la costruzione, nonch\u00e9 sugli investimenti e i finanziamenti.","publisher":{"@id":"https:\/\/www.immobilienbusiness.ch\/#organization"},"potentialAction":[{"@type":"SearchAction","target":{"@type":"EntryPoint","urlTemplate":"https:\/\/www.immobilienbusiness.ch\/?s={search_term_string}"},"query-input":{"@type":"PropertyValueSpecification","valueRequired":true,"valueName":"search_term_string"}}],"inLanguage":"it-IT"},{"@type":"Organization","@id":"https:\/\/www.immobilienbusiness.ch\/#organization","name":"Affari immobiliari","url":"https:\/\/www.immobilienbusiness.ch\/","logo":{"@type":"ImageObject","inLanguage":"it-IT","@id":"https:\/\/www.immobilienbusiness.ch\/#\/schema\/logo\/image\/","url":"https:\/\/www.immobilienbusiness.ch\/wp-content\/uploads\/2021\/07\/logo_ib.png","contentUrl":"https:\/\/www.immobilienbusiness.ch\/wp-content\/uploads\/2021\/07\/logo_ib.png","width":800,"height":181,"caption":"IMMOBILIEN Business"},"image":{"@id":"https:\/\/www.immobilienbusiness.ch\/#\/schema\/logo\/image\/"},"sameAs":["https:\/\/www.facebook.com\/immobilienbusiness\/"]},{"@type":"Person","@id":"https:\/\/www.immobilienbusiness.ch\/#\/schema\/person\/aba8bea2db926aa0c24c08c43fe1fcd5","name":"Alexander Wachter","image":{"@type":"ImageObject","inLanguage":"it-IT","@id":"https:\/\/secure.gravatar.com\/avatar\/1a09e471f5389b0e0a6416eac287e0927c7c97a7b77f9e787eba3af7aee281dd?s=96&d=mm&r=g","url":"https:\/\/secure.gravatar.com\/avatar\/1a09e471f5389b0e0a6416eac287e0927c7c97a7b77f9e787eba3af7aee281dd?s=96&d=mm&r=g","contentUrl":"https:\/\/secure.gravatar.com\/avatar\/1a09e471f5389b0e0a6416eac287e0927c7c97a7b77f9e787eba3af7aee281dd?s=96&d=mm&r=g","caption":"Alexander Wachter"},"url":"https:\/\/www.immobilienbusiness.ch\/it\/author\/alexander-wachter\/"}]}},"_links":{"self":[{"href":"https:\/\/www.immobilienbusiness.ch\/it\/wp-json\/wp\/v2\/posts\/45546","targetHints":{"allow":["GET"]}}],"collection":[{"href":"https:\/\/www.immobilienbusiness.ch\/it\/wp-json\/wp\/v2\/posts"}],"about":[{"href":"https:\/\/www.immobilienbusiness.ch\/it\/wp-json\/wp\/v2\/types\/post"}],"author":[{"embeddable":true,"href":"https:\/\/www.immobilienbusiness.ch\/it\/wp-json\/wp\/v2\/users\/102"}],"replies":[{"embeddable":true,"href":"https:\/\/www.immobilienbusiness.ch\/it\/wp-json\/wp\/v2\/comments?post=45546"}],"version-history":[{"count":3,"href":"https:\/\/www.immobilienbusiness.ch\/it\/wp-json\/wp\/v2\/posts\/45546\/revisions"}],"predecessor-version":[{"id":45579,"href":"https:\/\/www.immobilienbusiness.ch\/it\/wp-json\/wp\/v2\/posts\/45546\/revisions\/45579"}],"wp:featuredmedia":[{"embeddable":true,"href":"https:\/\/www.immobilienbusiness.ch\/it\/wp-json\/wp\/v2\/media\/7088"}],"wp:attachment":[{"href":"https:\/\/www.immobilienbusiness.ch\/it\/wp-json\/wp\/v2\/media?parent=45546"}],"wp:term":[{"taxonomy":"category","embeddable":true,"href":"https:\/\/www.immobilienbusiness.ch\/it\/wp-json\/wp\/v2\/categories?post=45546"},{"taxonomy":"post_tag","embeddable":true,"href":"https:\/\/www.immobilienbusiness.ch\/it\/wp-json\/wp\/v2\/tags?post=45546"}],"curies":[{"name":"wp","href":"https:\/\/api.w.org\/{rel}","templated":true}]}}