{"id":45442,"date":"2023-01-17T08:00:52","date_gmt":"2023-01-17T07:00:52","guid":{"rendered":"https:\/\/www.immobilienbusiness.ch\/?p=45442"},"modified":"2023-01-19T09:10:09","modified_gmt":"2023-01-19T08:10:09","slug":"ubs-fonds-kaufen-in-reinach-lausen-und-bonaduz","status":"publish","type":"post","link":"https:\/\/www.immobilienbusiness.ch\/it\/unternehmen\/2023-01-17\/ubs-fonds-kaufen-in-reinach-lausen-und-bonaduz\/","title":{"rendered":"I fondi UBS acquistano a Reinach, Lausen e Bonaduz"},"content":{"rendered":"<figure id=\"attachment_45443\" aria-describedby=\"caption-attachment-45443\" style=\"width: 1400px\" class=\"wp-caption alignnone\"><a href=\"https:\/\/www.immobilienbusiness.ch\/wp-content\/uploads\/2023\/01\/UBS-Bonaduz-scaled.jpeg\"><img loading=\"lazy\" decoding=\"async\" class=\"size-full wp-image-45443\" src=\"https:\/\/www.immobilienbusiness.ch\/wp-content\/uploads\/2023\/01\/UBS-Bonaduz-scaled.jpeg\" alt=\"\" width=\"1400\" height=\"1050\" srcset=\"https:\/\/www.immobilienbusiness.ch\/wp-content\/uploads\/2023\/01\/UBS-Bonaduz-scaled.jpeg 1200w, https:\/\/www.immobilienbusiness.ch\/wp-content\/uploads\/2023\/01\/UBS-Bonaduz-300x225.jpeg 300w, https:\/\/www.immobilienbusiness.ch\/wp-content\/uploads\/2023\/01\/UBS-Bonaduz-1024x768.jpeg 1024w, https:\/\/www.immobilienbusiness.ch\/wp-content\/uploads\/2023\/01\/UBS-Bonaduz-768x576.jpeg 768w, https:\/\/www.immobilienbusiness.ch\/wp-content\/uploads\/2023\/01\/UBS-Bonaduz-1536x1152.jpeg 1536w, https:\/\/www.immobilienbusiness.ch\/wp-content\/uploads\/2023\/01\/UBS-Bonaduz-2048x1536.jpeg 2048w, https:\/\/www.immobilienbusiness.ch\/wp-content\/uploads\/2023\/01\/UBS-Bonaduz-16x12.jpeg 16w, https:\/\/www.immobilienbusiness.ch\/wp-content\/uploads\/2023\/01\/UBS-Bonaduz-375x281.jpeg 375w, https:\/\/www.immobilienbusiness.ch\/wp-content\/uploads\/2023\/01\/UBS-Bonaduz-467x350.jpeg 467w, https:\/\/www.immobilienbusiness.ch\/wp-content\/uploads\/2023\/01\/UBS-Bonaduz-1000x750.jpeg 1000w\" sizes=\"auto, (max-width: 1400px) 100vw, 1400px\" \/><\/a><figcaption id=\"caption-attachment-45443\" class=\"wp-caption-text\">L'acquisizione a Bonaduz - \u00e8 la prima di Anfos nei Grigioni (Foto: UBS)<\/figcaption><\/figure>\n<p>Il volume d'investimento del progetto acquisito dal fondo Sima \u00e8 di 84 milioni di franchi svizzeri. Si trova nell'ex sito di St\u00f6cklin Logistik AG a Reinach (BL). Qui sta sorgendo un nuovo quartiere a prevalente destinazione residenziale e con ampi spazi verdi naturali. Il piano di quartiere di St\u00f6cklin-Areal, approvato legalmente, costituisce la base per diverse classi d'uso su diversi terreni edificabili. Uno di questi siti \u00e8 quello di Aerne, sul quale verranno costruiti in totale dieci edifici. UBS Sima ha acquistato uno di questi edifici con effetto dal 1\u00b0 dicembre 2022 e vi sta costruendo il complesso per anziani Birsgarten: un edificio di sei piani con 52 appartamenti per anziani, 88 camere per infermieri, 46 posti auto e varie aree generali. La costruzione \u00e8 gi\u00e0 iniziata nell'estate del 2022 e l'occupazione \u00e8 prevista per l'autunno del 2025.<\/p>\n<h3>Seconda acquisizione anche nella regione di Basilea<\/h3>\n<p>Il volume d'investimento del progetto di case di riposo acquisito dal Fondo Anfos ammonta a 44 milioni di franchi svizzeri. Il progetto \u00e8 la comunit\u00e0 per anziani Dreiklang, che fa parte di un nuovo quartiere in costruzione vicino alla stazione ferroviaria nel comune dell'agglomerato di Lausen (BL). Il progetto comprende quattro edifici indipendenti con un totale di 34 appartamenti per anziani, 40 camere di cura, aree di servizio e di ristorazione e 60 posti auto. La costruzione inizier\u00e0 nella primavera del 2023 e il completamento dell'immobile, certificato Minergie, \u00e8 previsto per l'autunno del 2025. \u00c8 stato stipulato un contratto di locazione di 15 anni con Senevita AG, il futuro affittuario unico.<\/p>\n<h3>Anche UBS Anfos acquista per 34 milioni di franchi a Bonaduz<\/h3>\n<p>Il 1\u00b0 gennaio, Anfos ha acquisito anche una nuova propriet\u00e0 a Bonaduz (GR) costruita nel 2020. Il comune conta circa 3.500 abitanti ed \u00e8 considerato un'attraente comunit\u00e0 residenziale nell'agglomerato di Coira grazie alla sua altitudine privilegiata e alla vicinanza alla capitale cantonale (15 minuti). L'immobile dispone di 51 appartamenti di alta qualit\u00e0, circa 450 mq di spazi commerciali in affitto (Wault 7,9 anni) e 55 posti auto. Con un investimento di circa 34 milioni di franchi svizzeri, il portafoglio di UBS Anfos si arricchisce per la prima volta di un immobile nel Cantone dei Grigioni. <i>(aw)<\/i><\/p>","protected":false},"excerpt":{"rendered":"<p>I fondi Sima e Anfos di UBS annunciano acquisizioni. Due delle tre nuove acquisizioni sono nuovi progetti di costruzione di complessi residenziali per anziani, il cui locatario e gestore \u00e8 Senevita AG.<\/p>","protected":false},"author":102,"featured_media":45443,"comment_status":"closed","ping_status":"closed","sticky":false,"template":"","format":"standard","meta":{"_acf_changed":false,"_yoast_wpseo_focuskw":"UBS","_yoast_wpseo_title":"","_yoast_wpseo_metadesc":"Die Fonds \u00abSima\u00bb und \u00abAnfos\u00bb der UBS geben Zuk\u00e4ufe bekannt. Zwei der drei zugekauften Immobilien sind Neubauprojekte f\u00fcr Alterswohnsiedlungen, deren Mieterin und Betreiberin die Senevita AG ist.","_yoast_wpseo_linkdex":67,"pgc_sgb_lightbox_settings":"","footnotes":""},"categories":[988],"tags":[2145,1344,2144,1796,2143],"class_list":["post-45442","post","type-post","status-publish","format-standard","has-post-thumbnail","hentry","category-unternehmen","tag-alterswohnen","tag-immobilienfonds","tag-senevita","tag-ubs","tag-zukaeufe"],"acf":[],"yoast_head":"<!-- This site is optimized with the Yoast SEO plugin v27.4 - https:\/\/yoast.com\/product\/yoast-seo-wordpress\/ -->\n<title>UBS-Fonds kaufen in Reinach, Lausen und Bonaduz - IMMOBILIEN Business<\/title>\n<meta name=\"description\" content=\"Die Fonds \u00abSima\u00bb und \u00abAnfos\u00bb der UBS geben Zuk\u00e4ufe bekannt. Zwei der drei zugekauften Immobilien sind Neubauprojekte f\u00fcr Alterswohnsiedlungen, deren Mieterin und Betreiberin die Senevita AG ist.\" \/>\n<meta name=\"robots\" content=\"index, follow, max-snippet:-1, max-image-preview:large, max-video-preview:-1\" \/>\n<link rel=\"canonical\" href=\"https:\/\/www.immobilienbusiness.ch\/it\/unternehmen\/2023-01-17\/ubs-fonds-kaufen-in-reinach-lausen-und-bonaduz\/\" \/>\n<meta property=\"og:locale\" content=\"it_IT\" \/>\n<meta property=\"og:type\" content=\"article\" \/>\n<meta property=\"og:title\" content=\"UBS-Fonds kaufen in Reinach, Lausen und Bonaduz - IMMOBILIEN Business\" \/>\n<meta property=\"og:description\" content=\"Die Fonds \u00abSima\u00bb und \u00abAnfos\u00bb der UBS geben Zuk\u00e4ufe bekannt. Zwei der drei zugekauften Immobilien sind Neubauprojekte f\u00fcr Alterswohnsiedlungen, deren Mieterin und Betreiberin die Senevita AG ist.\" \/>\n<meta property=\"og:url\" content=\"https:\/\/www.immobilienbusiness.ch\/it\/unternehmen\/2023-01-17\/ubs-fonds-kaufen-in-reinach-lausen-und-bonaduz\/\" \/>\n<meta property=\"og:site_name\" content=\"IMMOBILIEN Business\" \/>\n<meta property=\"article:publisher\" content=\"https:\/\/www.facebook.com\/immobilienbusiness\/\" \/>\n<meta property=\"article:published_time\" content=\"2023-01-17T07:00:52+00:00\" \/>\n<meta property=\"article:modified_time\" content=\"2023-01-19T08:10:09+00:00\" \/>\n<meta property=\"og:image\" content=\"https:\/\/www.immobilienbusiness.ch\/wp-content\/uploads\/2023\/01\/UBS-Bonaduz-scaled.jpeg\" \/>\n\t<meta property=\"og:image:width\" content=\"1200\" \/>\n\t<meta property=\"og:image:height\" content=\"900\" \/>\n\t<meta property=\"og:image:type\" content=\"image\/jpeg\" \/>\n<meta name=\"author\" content=\"Alexander Wachter\" \/>\n<meta name=\"twitter:card\" content=\"summary_large_image\" \/>\n<script type=\"application\/ld+json\" class=\"yoast-schema-graph\">{\"@context\":\"https:\\\/\\\/schema.org\",\"@graph\":[{\"@type\":\"Article\",\"@id\":\"https:\\\/\\\/www.immobilienbusiness.ch\\\/de\\\/unternehmen\\\/2023-01-17\\\/ubs-fonds-kaufen-in-reinach-lausen-und-bonaduz\\\/#article\",\"isPartOf\":{\"@id\":\"https:\\\/\\\/www.immobilienbusiness.ch\\\/de\\\/unternehmen\\\/2023-01-17\\\/ubs-fonds-kaufen-in-reinach-lausen-und-bonaduz\\\/\"},\"author\":{\"name\":\"Alexander Wachter\",\"@id\":\"https:\\\/\\\/www.immobilienbusiness.ch\\\/#\\\/schema\\\/person\\\/aba8bea2db926aa0c24c08c43fe1fcd5\"},\"headline\":\"UBS-Fonds kaufen in Reinach, Lausen und Bonaduz\",\"datePublished\":\"2023-01-17T07:00:52+00:00\",\"dateModified\":\"2023-01-19T08:10:09+00:00\",\"mainEntityOfPage\":{\"@id\":\"https:\\\/\\\/www.immobilienbusiness.ch\\\/de\\\/unternehmen\\\/2023-01-17\\\/ubs-fonds-kaufen-in-reinach-lausen-und-bonaduz\\\/\"},\"wordCount\":344,\"publisher\":{\"@id\":\"https:\\\/\\\/www.immobilienbusiness.ch\\\/#organization\"},\"image\":{\"@id\":\"https:\\\/\\\/www.immobilienbusiness.ch\\\/de\\\/unternehmen\\\/2023-01-17\\\/ubs-fonds-kaufen-in-reinach-lausen-und-bonaduz\\\/#primaryimage\"},\"thumbnailUrl\":\"https:\\\/\\\/www.immobilienbusiness.ch\\\/wp-content\\\/uploads\\\/2023\\\/01\\\/UBS-Bonaduz-scaled.jpeg\",\"keywords\":[\"Alterswohnen\",\"Immobilienfonds\",\"Senevita\",\"UBS\",\"Zuk\u00e4ufe\"],\"articleSection\":[\"UNTERNEHMEN\"],\"inLanguage\":\"it-IT\"},{\"@type\":\"WebPage\",\"@id\":\"https:\\\/\\\/www.immobilienbusiness.ch\\\/de\\\/unternehmen\\\/2023-01-17\\\/ubs-fonds-kaufen-in-reinach-lausen-und-bonaduz\\\/\",\"url\":\"https:\\\/\\\/www.immobilienbusiness.ch\\\/de\\\/unternehmen\\\/2023-01-17\\\/ubs-fonds-kaufen-in-reinach-lausen-und-bonaduz\\\/\",\"name\":\"UBS-Fonds kaufen in Reinach, Lausen und Bonaduz - IMMOBILIEN Business\",\"isPartOf\":{\"@id\":\"https:\\\/\\\/www.immobilienbusiness.ch\\\/#website\"},\"primaryImageOfPage\":{\"@id\":\"https:\\\/\\\/www.immobilienbusiness.ch\\\/de\\\/unternehmen\\\/2023-01-17\\\/ubs-fonds-kaufen-in-reinach-lausen-und-bonaduz\\\/#primaryimage\"},\"image\":{\"@id\":\"https:\\\/\\\/www.immobilienbusiness.ch\\\/de\\\/unternehmen\\\/2023-01-17\\\/ubs-fonds-kaufen-in-reinach-lausen-und-bonaduz\\\/#primaryimage\"},\"thumbnailUrl\":\"https:\\\/\\\/www.immobilienbusiness.ch\\\/wp-content\\\/uploads\\\/2023\\\/01\\\/UBS-Bonaduz-scaled.jpeg\",\"datePublished\":\"2023-01-17T07:00:52+00:00\",\"dateModified\":\"2023-01-19T08:10:09+00:00\",\"description\":\"Die Fonds \u00abSima\u00bb und \u00abAnfos\u00bb der UBS geben Zuk\u00e4ufe bekannt. Zwei der drei zugekauften Immobilien sind Neubauprojekte f\u00fcr Alterswohnsiedlungen, deren Mieterin und Betreiberin die Senevita AG ist.\",\"breadcrumb\":{\"@id\":\"https:\\\/\\\/www.immobilienbusiness.ch\\\/de\\\/unternehmen\\\/2023-01-17\\\/ubs-fonds-kaufen-in-reinach-lausen-und-bonaduz\\\/#breadcrumb\"},\"inLanguage\":\"it-IT\",\"potentialAction\":[{\"@type\":\"ReadAction\",\"target\":[\"https:\\\/\\\/www.immobilienbusiness.ch\\\/de\\\/unternehmen\\\/2023-01-17\\\/ubs-fonds-kaufen-in-reinach-lausen-und-bonaduz\\\/\"]}]},{\"@type\":\"ImageObject\",\"inLanguage\":\"it-IT\",\"@id\":\"https:\\\/\\\/www.immobilienbusiness.ch\\\/de\\\/unternehmen\\\/2023-01-17\\\/ubs-fonds-kaufen-in-reinach-lausen-und-bonaduz\\\/#primaryimage\",\"url\":\"https:\\\/\\\/www.immobilienbusiness.ch\\\/wp-content\\\/uploads\\\/2023\\\/01\\\/UBS-Bonaduz-scaled.jpeg\",\"contentUrl\":\"https:\\\/\\\/www.immobilienbusiness.ch\\\/wp-content\\\/uploads\\\/2023\\\/01\\\/UBS-Bonaduz-scaled.jpeg\",\"width\":1200,\"height\":900,\"caption\":\"Die erste Immobilie des Fonds in Graub\u00fcnden machte sich in der Erfolgsrechnung bemerkbar (Bild: UBS)\"},{\"@type\":\"BreadcrumbList\",\"@id\":\"https:\\\/\\\/www.immobilienbusiness.ch\\\/de\\\/unternehmen\\\/2023-01-17\\\/ubs-fonds-kaufen-in-reinach-lausen-und-bonaduz\\\/#breadcrumb\",\"itemListElement\":[{\"@type\":\"ListItem\",\"position\":1,\"name\":\"Home\",\"item\":\"https:\\\/\\\/www.immobilienbusiness.ch\\\/\"},{\"@type\":\"ListItem\",\"position\":2,\"name\":\"UBS-Fonds kaufen in Reinach, Lausen und Bonaduz\"}]},{\"@type\":\"WebSite\",\"@id\":\"https:\\\/\\\/www.immobilienbusiness.ch\\\/#website\",\"url\":\"https:\\\/\\\/www.immobilienbusiness.ch\\\/\",\"name\":\"IMMOBILIEN Business\",\"description\":\"Unabh\u00e4ngiges Schweizer Wirtschaftsmagazin mit Fokus auf Immobilien, Architektur- und Bau sowie Investment- und Finanzierung.\",\"publisher\":{\"@id\":\"https:\\\/\\\/www.immobilienbusiness.ch\\\/#organization\"},\"potentialAction\":[{\"@type\":\"SearchAction\",\"target\":{\"@type\":\"EntryPoint\",\"urlTemplate\":\"https:\\\/\\\/www.immobilienbusiness.ch\\\/?s={search_term_string}\"},\"query-input\":{\"@type\":\"PropertyValueSpecification\",\"valueRequired\":true,\"valueName\":\"search_term_string\"}}],\"inLanguage\":\"it-IT\"},{\"@type\":\"Organization\",\"@id\":\"https:\\\/\\\/www.immobilienbusiness.ch\\\/#organization\",\"name\":\"IMMOBILIEN Business\",\"url\":\"https:\\\/\\\/www.immobilienbusiness.ch\\\/\",\"logo\":{\"@type\":\"ImageObject\",\"inLanguage\":\"it-IT\",\"@id\":\"https:\\\/\\\/www.immobilienbusiness.ch\\\/#\\\/schema\\\/logo\\\/image\\\/\",\"url\":\"https:\\\/\\\/www.immobilienbusiness.ch\\\/wp-content\\\/uploads\\\/2021\\\/07\\\/logo_ib.png\",\"contentUrl\":\"https:\\\/\\\/www.immobilienbusiness.ch\\\/wp-content\\\/uploads\\\/2021\\\/07\\\/logo_ib.png\",\"width\":800,\"height\":181,\"caption\":\"IMMOBILIEN Business\"},\"image\":{\"@id\":\"https:\\\/\\\/www.immobilienbusiness.ch\\\/#\\\/schema\\\/logo\\\/image\\\/\"},\"sameAs\":[\"https:\\\/\\\/www.facebook.com\\\/immobilienbusiness\\\/\"]},{\"@type\":\"Person\",\"@id\":\"https:\\\/\\\/www.immobilienbusiness.ch\\\/#\\\/schema\\\/person\\\/aba8bea2db926aa0c24c08c43fe1fcd5\",\"name\":\"Alexander Wachter\",\"image\":{\"@type\":\"ImageObject\",\"inLanguage\":\"it-IT\",\"@id\":\"https:\\\/\\\/secure.gravatar.com\\\/avatar\\\/1a09e471f5389b0e0a6416eac287e0927c7c97a7b77f9e787eba3af7aee281dd?s=96&d=mm&r=g\",\"url\":\"https:\\\/\\\/secure.gravatar.com\\\/avatar\\\/1a09e471f5389b0e0a6416eac287e0927c7c97a7b77f9e787eba3af7aee281dd?s=96&d=mm&r=g\",\"contentUrl\":\"https:\\\/\\\/secure.gravatar.com\\\/avatar\\\/1a09e471f5389b0e0a6416eac287e0927c7c97a7b77f9e787eba3af7aee281dd?s=96&d=mm&r=g\",\"caption\":\"Alexander Wachter\"},\"url\":\"https:\\\/\\\/www.immobilienbusiness.ch\\\/it\\\/author\\\/alexander-wachter\\\/\"}]}<\/script>\n<!-- \/ Yoast SEO plugin. -->","yoast_head_json":{"title":"UBS-Fonds kaufen in Reinach, Lausen und Bonaduz - IMMOBILIEN Business","description":"I fondi \"Sima\" e \"Anfos\" di UBS annunciano acquisizioni. Due delle tre propriet\u00e0 acquisite sono progetti di nuova costruzione per case di riposo, il cui locatario e gestore \u00e8 Senevita AG.","robots":{"index":"index","follow":"follow","max-snippet":"max-snippet:-1","max-image-preview":"max-image-preview:large","max-video-preview":"max-video-preview:-1"},"canonical":"https:\/\/www.immobilienbusiness.ch\/it\/unternehmen\/2023-01-17\/ubs-fonds-kaufen-in-reinach-lausen-und-bonaduz\/","og_locale":"it_IT","og_type":"article","og_title":"UBS-Fonds kaufen in Reinach, Lausen und Bonaduz - IMMOBILIEN Business","og_description":"Die Fonds \u00abSima\u00bb und \u00abAnfos\u00bb der UBS geben Zuk\u00e4ufe bekannt. Zwei der drei zugekauften Immobilien sind Neubauprojekte f\u00fcr Alterswohnsiedlungen, deren Mieterin und Betreiberin die Senevita AG ist.","og_url":"https:\/\/www.immobilienbusiness.ch\/it\/unternehmen\/2023-01-17\/ubs-fonds-kaufen-in-reinach-lausen-und-bonaduz\/","og_site_name":"IMMOBILIEN Business","article_publisher":"https:\/\/www.facebook.com\/immobilienbusiness\/","article_published_time":"2023-01-17T07:00:52+00:00","article_modified_time":"2023-01-19T08:10:09+00:00","og_image":[{"width":1200,"height":900,"url":"https:\/\/www.immobilienbusiness.ch\/wp-content\/uploads\/2023\/01\/UBS-Bonaduz-scaled.jpeg","type":"image\/jpeg"}],"author":"Alexander Wachter","twitter_card":"summary_large_image","schema":{"@context":"https:\/\/schema.org","@graph":[{"@type":"Article","@id":"https:\/\/www.immobilienbusiness.ch\/de\/unternehmen\/2023-01-17\/ubs-fonds-kaufen-in-reinach-lausen-und-bonaduz\/#article","isPartOf":{"@id":"https:\/\/www.immobilienbusiness.ch\/de\/unternehmen\/2023-01-17\/ubs-fonds-kaufen-in-reinach-lausen-und-bonaduz\/"},"author":{"name":"Alexander Wachter","@id":"https:\/\/www.immobilienbusiness.ch\/#\/schema\/person\/aba8bea2db926aa0c24c08c43fe1fcd5"},"headline":"UBS-Fonds kaufen in Reinach, Lausen und Bonaduz","datePublished":"2023-01-17T07:00:52+00:00","dateModified":"2023-01-19T08:10:09+00:00","mainEntityOfPage":{"@id":"https:\/\/www.immobilienbusiness.ch\/de\/unternehmen\/2023-01-17\/ubs-fonds-kaufen-in-reinach-lausen-und-bonaduz\/"},"wordCount":344,"publisher":{"@id":"https:\/\/www.immobilienbusiness.ch\/#organization"},"image":{"@id":"https:\/\/www.immobilienbusiness.ch\/de\/unternehmen\/2023-01-17\/ubs-fonds-kaufen-in-reinach-lausen-und-bonaduz\/#primaryimage"},"thumbnailUrl":"https:\/\/www.immobilienbusiness.ch\/wp-content\/uploads\/2023\/01\/UBS-Bonaduz-scaled.jpeg","keywords":["Alterswohnen","Immobilienfonds","Senevita","UBS","Zuk\u00e4ufe"],"articleSection":["UNTERNEHMEN"],"inLanguage":"it-IT"},{"@type":"WebPage","@id":"https:\/\/www.immobilienbusiness.ch\/de\/unternehmen\/2023-01-17\/ubs-fonds-kaufen-in-reinach-lausen-und-bonaduz\/","url":"https:\/\/www.immobilienbusiness.ch\/de\/unternehmen\/2023-01-17\/ubs-fonds-kaufen-in-reinach-lausen-und-bonaduz\/","name":"UBS-Fonds kaufen in Reinach, Lausen und Bonaduz - IMMOBILIEN Business","isPartOf":{"@id":"https:\/\/www.immobilienbusiness.ch\/#website"},"primaryImageOfPage":{"@id":"https:\/\/www.immobilienbusiness.ch\/de\/unternehmen\/2023-01-17\/ubs-fonds-kaufen-in-reinach-lausen-und-bonaduz\/#primaryimage"},"image":{"@id":"https:\/\/www.immobilienbusiness.ch\/de\/unternehmen\/2023-01-17\/ubs-fonds-kaufen-in-reinach-lausen-und-bonaduz\/#primaryimage"},"thumbnailUrl":"https:\/\/www.immobilienbusiness.ch\/wp-content\/uploads\/2023\/01\/UBS-Bonaduz-scaled.jpeg","datePublished":"2023-01-17T07:00:52+00:00","dateModified":"2023-01-19T08:10:09+00:00","description":"I fondi \"Sima\" e \"Anfos\" di UBS annunciano acquisizioni. Due delle tre propriet\u00e0 acquisite sono progetti di nuova costruzione per case di riposo, il cui locatario e gestore \u00e8 Senevita AG.","breadcrumb":{"@id":"https:\/\/www.immobilienbusiness.ch\/de\/unternehmen\/2023-01-17\/ubs-fonds-kaufen-in-reinach-lausen-und-bonaduz\/#breadcrumb"},"inLanguage":"it-IT","potentialAction":[{"@type":"ReadAction","target":["https:\/\/www.immobilienbusiness.ch\/de\/unternehmen\/2023-01-17\/ubs-fonds-kaufen-in-reinach-lausen-und-bonaduz\/"]}]},{"@type":"ImageObject","inLanguage":"it-IT","@id":"https:\/\/www.immobilienbusiness.ch\/de\/unternehmen\/2023-01-17\/ubs-fonds-kaufen-in-reinach-lausen-und-bonaduz\/#primaryimage","url":"https:\/\/www.immobilienbusiness.ch\/wp-content\/uploads\/2023\/01\/UBS-Bonaduz-scaled.jpeg","contentUrl":"https:\/\/www.immobilienbusiness.ch\/wp-content\/uploads\/2023\/01\/UBS-Bonaduz-scaled.jpeg","width":1200,"height":900,"caption":"Die erste Immobilie des Fonds in Graub\u00fcnden machte sich in der Erfolgsrechnung bemerkbar (Bild: UBS)"},{"@type":"BreadcrumbList","@id":"https:\/\/www.immobilienbusiness.ch\/de\/unternehmen\/2023-01-17\/ubs-fonds-kaufen-in-reinach-lausen-und-bonaduz\/#breadcrumb","itemListElement":[{"@type":"ListItem","position":1,"name":"Home","item":"https:\/\/www.immobilienbusiness.ch\/"},{"@type":"ListItem","position":2,"name":"UBS-Fonds kaufen in Reinach, Lausen und Bonaduz"}]},{"@type":"WebSite","@id":"https:\/\/www.immobilienbusiness.ch\/#website","url":"https:\/\/www.immobilienbusiness.ch\/","name":"Affari immobiliari","description":"Rivista economica indipendente svizzera che si concentra sul settore immobiliare, l'architettura e la costruzione, nonch\u00e9 sugli investimenti e i finanziamenti.","publisher":{"@id":"https:\/\/www.immobilienbusiness.ch\/#organization"},"potentialAction":[{"@type":"SearchAction","target":{"@type":"EntryPoint","urlTemplate":"https:\/\/www.immobilienbusiness.ch\/?s={search_term_string}"},"query-input":{"@type":"PropertyValueSpecification","valueRequired":true,"valueName":"search_term_string"}}],"inLanguage":"it-IT"},{"@type":"Organization","@id":"https:\/\/www.immobilienbusiness.ch\/#organization","name":"Affari immobiliari","url":"https:\/\/www.immobilienbusiness.ch\/","logo":{"@type":"ImageObject","inLanguage":"it-IT","@id":"https:\/\/www.immobilienbusiness.ch\/#\/schema\/logo\/image\/","url":"https:\/\/www.immobilienbusiness.ch\/wp-content\/uploads\/2021\/07\/logo_ib.png","contentUrl":"https:\/\/www.immobilienbusiness.ch\/wp-content\/uploads\/2021\/07\/logo_ib.png","width":800,"height":181,"caption":"IMMOBILIEN Business"},"image":{"@id":"https:\/\/www.immobilienbusiness.ch\/#\/schema\/logo\/image\/"},"sameAs":["https:\/\/www.facebook.com\/immobilienbusiness\/"]},{"@type":"Person","@id":"https:\/\/www.immobilienbusiness.ch\/#\/schema\/person\/aba8bea2db926aa0c24c08c43fe1fcd5","name":"Alexander Wachter","image":{"@type":"ImageObject","inLanguage":"it-IT","@id":"https:\/\/secure.gravatar.com\/avatar\/1a09e471f5389b0e0a6416eac287e0927c7c97a7b77f9e787eba3af7aee281dd?s=96&d=mm&r=g","url":"https:\/\/secure.gravatar.com\/avatar\/1a09e471f5389b0e0a6416eac287e0927c7c97a7b77f9e787eba3af7aee281dd?s=96&d=mm&r=g","contentUrl":"https:\/\/secure.gravatar.com\/avatar\/1a09e471f5389b0e0a6416eac287e0927c7c97a7b77f9e787eba3af7aee281dd?s=96&d=mm&r=g","caption":"Alexander Wachter"},"url":"https:\/\/www.immobilienbusiness.ch\/it\/author\/alexander-wachter\/"}]}},"_links":{"self":[{"href":"https:\/\/www.immobilienbusiness.ch\/it\/wp-json\/wp\/v2\/posts\/45442","targetHints":{"allow":["GET"]}}],"collection":[{"href":"https:\/\/www.immobilienbusiness.ch\/it\/wp-json\/wp\/v2\/posts"}],"about":[{"href":"https:\/\/www.immobilienbusiness.ch\/it\/wp-json\/wp\/v2\/types\/post"}],"author":[{"embeddable":true,"href":"https:\/\/www.immobilienbusiness.ch\/it\/wp-json\/wp\/v2\/users\/102"}],"replies":[{"embeddable":true,"href":"https:\/\/www.immobilienbusiness.ch\/it\/wp-json\/wp\/v2\/comments?post=45442"}],"version-history":[{"count":6,"href":"https:\/\/www.immobilienbusiness.ch\/it\/wp-json\/wp\/v2\/posts\/45442\/revisions"}],"predecessor-version":[{"id":45501,"href":"https:\/\/www.immobilienbusiness.ch\/it\/wp-json\/wp\/v2\/posts\/45442\/revisions\/45501"}],"wp:featuredmedia":[{"embeddable":true,"href":"https:\/\/www.immobilienbusiness.ch\/it\/wp-json\/wp\/v2\/media\/45443"}],"wp:attachment":[{"href":"https:\/\/www.immobilienbusiness.ch\/it\/wp-json\/wp\/v2\/media?parent=45442"}],"wp:term":[{"taxonomy":"category","embeddable":true,"href":"https:\/\/www.immobilienbusiness.ch\/it\/wp-json\/wp\/v2\/categories?post=45442"},{"taxonomy":"post_tag","embeddable":true,"href":"https:\/\/www.immobilienbusiness.ch\/it\/wp-json\/wp\/v2\/tags?post=45442"}],"curies":[{"name":"wp","href":"https:\/\/api.w.org\/{rel}","templated":true}]}}