{"id":45341,"date":"2023-01-05T07:30:30","date_gmt":"2023-01-05T06:30:30","guid":{"rendered":"https:\/\/www.immobilienbusiness.ch\/?p=45341"},"modified":"2023-01-09T07:47:22","modified_gmt":"2023-01-09T06:47:22","slug":"bern-erste-baurechtsabgaben-fuer-das-viererfeld-mittelfeld","status":"publish","type":"post","link":"https:\/\/www.immobilienbusiness.ch\/it\/regionen\/2023-01-05\/bern-erste-baurechtsabgaben-fuer-das-viererfeld-mittelfeld\/","title":{"rendered":"Berna: primi pagamenti del contratto di locazione dell'edificio di Viererfeld\/Mittelfeld"},"content":{"rendered":"<figure id=\"attachment_15518\" aria-describedby=\"caption-attachment-15518\" style=\"width: 3830px\" class=\"wp-caption alignnone\"><a href=\"https:\/\/www.immobilienbusiness.ch\/wp-content\/uploads\/2019\/01\/Viererfeld.png\"><img loading=\"lazy\" decoding=\"async\" class=\"size-full wp-image-15518\" src=\"https:\/\/www.immobilienbusiness.ch\/wp-content\/uploads\/2019\/01\/Viererfeld.png\" alt=\"\" width=\"3830\" height=\"2400\" \/><\/a><figcaption id=\"caption-attachment-15518\" class=\"wp-caption-text\">Viererfeld\/Mittelfeld sar\u00e0 trasformato in un quartiere urbano (Visualizzazione: Citt\u00e0 di Berna)<\/figcaption><\/figure>\n<p>Sul sito di Viererfeld\/Mittelfeld, vicino al centro citt\u00e0, la citt\u00e0 di Berna vuole costruire un nuovo quartiere urbano con circa 1.140 appartamenti per far fronte alla carenza di alloggi. Met\u00e0 dello spazio abitativo nell'area di Viererfeld e almeno met\u00e0 dello spazio abitativo nell'area di Mittelfeld saranno riservati ad abitazioni senza scopo di lucro, afferma la citt\u00e0. I primi edifici residenziali dovrebbero essere pronti per essere occupati nel 2029.<\/p>\n<p>La citt\u00e0 di Berna aggiunge che vuole costruire solo una minima parte degli appartamenti, se mai lo far\u00e0. \u00c8 invece prevista la realizzazione di edifici residenziali da parte di promotori immobiliari senza scopo di lucro e orientati al mercato. A tal fine, il terreno sar\u00e0 dato loro in diritto di edificare per un periodo di 80 anni.<\/p>\n<p>La prima fase di costruzione a Viererfeld\/Mittelfeld creer\u00e0 350 appartamenti e saranno concessi sei diritti di costruzione:<\/p>\n<p>Due diritti di costruzione riguardano aree che verranno edificate dalla Cooperativa Bern Capital e dalla Mobiliar Asset Management AG. Gli elettori bernesi devono decidere sull'assegnazione di questi diritti perch\u00e9 il valore dei diritti di costruzione supera i 10 milioni di franchi.<\/p>\n<p>Un diritto di costruzione ciascuno \u00e8 destinato al fondo pensionistico della Berner Kantonalbank (BEKB), al fondo pensionistico del personale della citt\u00e0 di Berna e alla Burgergemeinde Bern. Solo il consiglio comunale deve approvarlo. Un altro diritto di costruzione sar\u00e0 concesso a Innere Enge Holding AG, che vuole ampliare l'hotel esistente. <em>(ah)<\/em><\/p>","protected":false},"excerpt":{"rendered":"<p>La Citt\u00e0 di Berna sta assegnando un totale di sei diritti di costruzione per la prima fase del nuovo quartiere cittadino di Viererfeld\/Mittelfeld, nel quartiere di L\u00e4nggasse-Felsenau. Le prime decisioni sono state prese.<\/p>","protected":false},"author":3,"featured_media":15518,"comment_status":"closed","ping_status":"closed","sticky":false,"template":"","format":"standard","meta":{"_acf_changed":false,"_yoast_wpseo_focuskw":"Viererfeld","_yoast_wpseo_title":"","_yoast_wpseo_metadesc":"Die Stadt Bern vergibt die insgesamt sechs Baurechte f\u00fcr die erste Etappe des neuen Stadtquartiers auf dem Viererfeld\/Mittelfeld.","_yoast_wpseo_linkdex":59,"pgc_sgb_lightbox_settings":"","footnotes":""},"categories":[985],"tags":[1937,1091,1863],"class_list":["post-45341","post","type-post","status-publish","format-standard","has-post-thumbnail","hentry","category-regionen","tag-arealentwicklung","tag-bern","tag-wohnimmobilien"],"acf":[],"yoast_head":"<!-- This site is optimized with the Yoast SEO plugin v27.4 - https:\/\/yoast.com\/product\/yoast-seo-wordpress\/ -->\n<title>Bern: Erste Baurechtsabgaben f\u00fcr das Viererfeld\/Mittelfeld - IMMOBILIEN Business<\/title>\n<meta name=\"description\" content=\"Die Stadt Bern vergibt die insgesamt sechs Baurechte f\u00fcr die erste Etappe des neuen Stadtquartiers auf dem Viererfeld\/Mittelfeld.\" \/>\n<meta name=\"robots\" content=\"index, follow, max-snippet:-1, max-image-preview:large, max-video-preview:-1\" \/>\n<link rel=\"canonical\" href=\"https:\/\/www.immobilienbusiness.ch\/it\/regionen\/2023-01-05\/bern-erste-baurechtsabgaben-fuer-das-viererfeld-mittelfeld\/\" \/>\n<meta property=\"og:locale\" content=\"it_IT\" \/>\n<meta property=\"og:type\" content=\"article\" \/>\n<meta property=\"og:title\" content=\"Bern: Erste Baurechtsabgaben f\u00fcr das Viererfeld\/Mittelfeld - IMMOBILIEN Business\" \/>\n<meta property=\"og:description\" content=\"Die Stadt Bern vergibt die insgesamt sechs Baurechte f\u00fcr die erste Etappe des neuen Stadtquartiers auf dem Viererfeld\/Mittelfeld.\" \/>\n<meta property=\"og:url\" content=\"https:\/\/www.immobilienbusiness.ch\/it\/regionen\/2023-01-05\/bern-erste-baurechtsabgaben-fuer-das-viererfeld-mittelfeld\/\" \/>\n<meta property=\"og:site_name\" content=\"IMMOBILIEN Business\" \/>\n<meta property=\"article:publisher\" content=\"https:\/\/www.facebook.com\/immobilienbusiness\/\" \/>\n<meta property=\"article:published_time\" content=\"2023-01-05T06:30:30+00:00\" \/>\n<meta property=\"article:modified_time\" content=\"2023-01-09T06:47:22+00:00\" \/>\n<meta property=\"og:image\" content=\"https:\/\/www.immobilienbusiness.ch\/wp-content\/uploads\/2019\/01\/Viererfeld-e1687423958246.png\" \/>\n\t<meta property=\"og:image:width\" content=\"1200\" \/>\n\t<meta property=\"og:image:height\" content=\"752\" \/>\n\t<meta property=\"og:image:type\" content=\"image\/png\" \/>\n<meta name=\"author\" content=\"anja.hall\" \/>\n<meta name=\"twitter:card\" content=\"summary_large_image\" \/>\n<meta name=\"twitter:image\" content=\"https:\/\/www.immobilienbusiness.ch\/wp-content\/uploads\/2019\/01\/Viererfeld-e1687423958246.png\" \/>\n<script type=\"application\/ld+json\" class=\"yoast-schema-graph\">{\"@context\":\"https:\\\/\\\/schema.org\",\"@graph\":[{\"@type\":\"Article\",\"@id\":\"https:\\\/\\\/www.immobilienbusiness.ch\\\/en\\\/regionen\\\/2023-01-05\\\/bern-erste-baurechtsabgaben-fuer-das-viererfeld-mittelfeld\\\/#article\",\"isPartOf\":{\"@id\":\"https:\\\/\\\/www.immobilienbusiness.ch\\\/en\\\/regionen\\\/2023-01-05\\\/bern-erste-baurechtsabgaben-fuer-das-viererfeld-mittelfeld\\\/\"},\"author\":{\"name\":\"anja.hall\",\"@id\":\"https:\\\/\\\/www.immobilienbusiness.ch\\\/#\\\/schema\\\/person\\\/3fc036297b10b9f42d6db5ee932af8c8\"},\"headline\":\"Bern: Erste Baurechtsabgaben f\u00fcr das Viererfeld\\\/Mittelfeld\",\"datePublished\":\"2023-01-05T06:30:30+00:00\",\"dateModified\":\"2023-01-09T06:47:22+00:00\",\"mainEntityOfPage\":{\"@id\":\"https:\\\/\\\/www.immobilienbusiness.ch\\\/en\\\/regionen\\\/2023-01-05\\\/bern-erste-baurechtsabgaben-fuer-das-viererfeld-mittelfeld\\\/\"},\"wordCount\":234,\"publisher\":{\"@id\":\"https:\\\/\\\/www.immobilienbusiness.ch\\\/#organization\"},\"image\":{\"@id\":\"https:\\\/\\\/www.immobilienbusiness.ch\\\/en\\\/regionen\\\/2023-01-05\\\/bern-erste-baurechtsabgaben-fuer-das-viererfeld-mittelfeld\\\/#primaryimage\"},\"thumbnailUrl\":\"https:\\\/\\\/www.immobilienbusiness.ch\\\/wp-content\\\/uploads\\\/2019\\\/01\\\/Viererfeld-e1687423958246.png\",\"keywords\":[\"Arealentwicklung\",\"Bern\",\"Wohnimmobilien\"],\"articleSection\":[\"REGIONEN\"],\"inLanguage\":\"it-IT\"},{\"@type\":\"WebPage\",\"@id\":\"https:\\\/\\\/www.immobilienbusiness.ch\\\/en\\\/regionen\\\/2023-01-05\\\/bern-erste-baurechtsabgaben-fuer-das-viererfeld-mittelfeld\\\/\",\"url\":\"https:\\\/\\\/www.immobilienbusiness.ch\\\/en\\\/regionen\\\/2023-01-05\\\/bern-erste-baurechtsabgaben-fuer-das-viererfeld-mittelfeld\\\/\",\"name\":\"Bern: Erste Baurechtsabgaben f\u00fcr das Viererfeld\\\/Mittelfeld - IMMOBILIEN Business\",\"isPartOf\":{\"@id\":\"https:\\\/\\\/www.immobilienbusiness.ch\\\/#website\"},\"primaryImageOfPage\":{\"@id\":\"https:\\\/\\\/www.immobilienbusiness.ch\\\/en\\\/regionen\\\/2023-01-05\\\/bern-erste-baurechtsabgaben-fuer-das-viererfeld-mittelfeld\\\/#primaryimage\"},\"image\":{\"@id\":\"https:\\\/\\\/www.immobilienbusiness.ch\\\/en\\\/regionen\\\/2023-01-05\\\/bern-erste-baurechtsabgaben-fuer-das-viererfeld-mittelfeld\\\/#primaryimage\"},\"thumbnailUrl\":\"https:\\\/\\\/www.immobilienbusiness.ch\\\/wp-content\\\/uploads\\\/2019\\\/01\\\/Viererfeld-e1687423958246.png\",\"datePublished\":\"2023-01-05T06:30:30+00:00\",\"dateModified\":\"2023-01-09T06:47:22+00:00\",\"description\":\"Die Stadt Bern vergibt die insgesamt sechs Baurechte f\u00fcr die erste Etappe des neuen Stadtquartiers auf dem Viererfeld\\\/Mittelfeld.\",\"breadcrumb\":{\"@id\":\"https:\\\/\\\/www.immobilienbusiness.ch\\\/en\\\/regionen\\\/2023-01-05\\\/bern-erste-baurechtsabgaben-fuer-das-viererfeld-mittelfeld\\\/#breadcrumb\"},\"inLanguage\":\"it-IT\",\"potentialAction\":[{\"@type\":\"ReadAction\",\"target\":[\"https:\\\/\\\/www.immobilienbusiness.ch\\\/en\\\/regionen\\\/2023-01-05\\\/bern-erste-baurechtsabgaben-fuer-das-viererfeld-mittelfeld\\\/\"]}]},{\"@type\":\"ImageObject\",\"inLanguage\":\"it-IT\",\"@id\":\"https:\\\/\\\/www.immobilienbusiness.ch\\\/en\\\/regionen\\\/2023-01-05\\\/bern-erste-baurechtsabgaben-fuer-das-viererfeld-mittelfeld\\\/#primaryimage\",\"url\":\"https:\\\/\\\/www.immobilienbusiness.ch\\\/wp-content\\\/uploads\\\/2019\\\/01\\\/Viererfeld-e1687423958246.png\",\"contentUrl\":\"https:\\\/\\\/www.immobilienbusiness.ch\\\/wp-content\\\/uploads\\\/2019\\\/01\\\/Viererfeld-e1687423958246.png\",\"width\":1200,\"height\":752,\"caption\":\"Auf dem Viererfeld in Bern soll in mehreren Etappen ein Stadtteil f\u00fcr tausende Menschen entstehen (Visualisierung: Stadt Bern)\"},{\"@type\":\"BreadcrumbList\",\"@id\":\"https:\\\/\\\/www.immobilienbusiness.ch\\\/en\\\/regionen\\\/2023-01-05\\\/bern-erste-baurechtsabgaben-fuer-das-viererfeld-mittelfeld\\\/#breadcrumb\",\"itemListElement\":[{\"@type\":\"ListItem\",\"position\":1,\"name\":\"Home\",\"item\":\"https:\\\/\\\/www.immobilienbusiness.ch\\\/\"},{\"@type\":\"ListItem\",\"position\":2,\"name\":\"Bern: Erste Baurechtsabgaben f\u00fcr das Viererfeld\\\/Mittelfeld\"}]},{\"@type\":\"WebSite\",\"@id\":\"https:\\\/\\\/www.immobilienbusiness.ch\\\/#website\",\"url\":\"https:\\\/\\\/www.immobilienbusiness.ch\\\/\",\"name\":\"IMMOBILIEN Business\",\"description\":\"Unabh\u00e4ngiges Schweizer Wirtschaftsmagazin mit Fokus auf Immobilien, Architektur- und Bau sowie Investment- und Finanzierung.\",\"publisher\":{\"@id\":\"https:\\\/\\\/www.immobilienbusiness.ch\\\/#organization\"},\"potentialAction\":[{\"@type\":\"SearchAction\",\"target\":{\"@type\":\"EntryPoint\",\"urlTemplate\":\"https:\\\/\\\/www.immobilienbusiness.ch\\\/?s={search_term_string}\"},\"query-input\":{\"@type\":\"PropertyValueSpecification\",\"valueRequired\":true,\"valueName\":\"search_term_string\"}}],\"inLanguage\":\"it-IT\"},{\"@type\":\"Organization\",\"@id\":\"https:\\\/\\\/www.immobilienbusiness.ch\\\/#organization\",\"name\":\"IMMOBILIEN Business\",\"url\":\"https:\\\/\\\/www.immobilienbusiness.ch\\\/\",\"logo\":{\"@type\":\"ImageObject\",\"inLanguage\":\"it-IT\",\"@id\":\"https:\\\/\\\/www.immobilienbusiness.ch\\\/#\\\/schema\\\/logo\\\/image\\\/\",\"url\":\"https:\\\/\\\/www.immobilienbusiness.ch\\\/wp-content\\\/uploads\\\/2021\\\/07\\\/logo_ib.png\",\"contentUrl\":\"https:\\\/\\\/www.immobilienbusiness.ch\\\/wp-content\\\/uploads\\\/2021\\\/07\\\/logo_ib.png\",\"width\":800,\"height\":181,\"caption\":\"IMMOBILIEN Business\"},\"image\":{\"@id\":\"https:\\\/\\\/www.immobilienbusiness.ch\\\/#\\\/schema\\\/logo\\\/image\\\/\"},\"sameAs\":[\"https:\\\/\\\/www.facebook.com\\\/immobilienbusiness\\\/\"]},{\"@type\":\"Person\",\"@id\":\"https:\\\/\\\/www.immobilienbusiness.ch\\\/#\\\/schema\\\/person\\\/3fc036297b10b9f42d6db5ee932af8c8\",\"name\":\"anja.hall\",\"image\":{\"@type\":\"ImageObject\",\"inLanguage\":\"it-IT\",\"@id\":\"https:\\\/\\\/secure.gravatar.com\\\/avatar\\\/066b5a0d447013502c71a5782f4f3469f03cfe595cc2329fb94652fe47511bfb?s=96&d=mm&r=g\",\"url\":\"https:\\\/\\\/secure.gravatar.com\\\/avatar\\\/066b5a0d447013502c71a5782f4f3469f03cfe595cc2329fb94652fe47511bfb?s=96&d=mm&r=g\",\"contentUrl\":\"https:\\\/\\\/secure.gravatar.com\\\/avatar\\\/066b5a0d447013502c71a5782f4f3469f03cfe595cc2329fb94652fe47511bfb?s=96&d=mm&r=g\",\"caption\":\"anja.hall\"},\"url\":\"https:\\\/\\\/www.immobilienbusiness.ch\\\/it\\\/author\\\/anja-hall\\\/\"}]}<\/script>\n<!-- \/ Yoast SEO plugin. -->","yoast_head_json":{"title":"Berna: primi pagamenti del contratto di locazione per Viererfeld\/Mittelfeld - IMMOBILIEN Business","description":"La citt\u00e0 di Berna sta assegnando un totale di sei diritti di costruzione per la prima fase del nuovo quartiere urbano di Viererfeld\/Mittelfeld.","robots":{"index":"index","follow":"follow","max-snippet":"max-snippet:-1","max-image-preview":"max-image-preview:large","max-video-preview":"max-video-preview:-1"},"canonical":"https:\/\/www.immobilienbusiness.ch\/it\/regionen\/2023-01-05\/bern-erste-baurechtsabgaben-fuer-das-viererfeld-mittelfeld\/","og_locale":"it_IT","og_type":"article","og_title":"Bern: Erste Baurechtsabgaben f\u00fcr das Viererfeld\/Mittelfeld - IMMOBILIEN Business","og_description":"Die Stadt Bern vergibt die insgesamt sechs Baurechte f\u00fcr die erste Etappe des neuen Stadtquartiers auf dem Viererfeld\/Mittelfeld.","og_url":"https:\/\/www.immobilienbusiness.ch\/it\/regionen\/2023-01-05\/bern-erste-baurechtsabgaben-fuer-das-viererfeld-mittelfeld\/","og_site_name":"IMMOBILIEN Business","article_publisher":"https:\/\/www.facebook.com\/immobilienbusiness\/","article_published_time":"2023-01-05T06:30:30+00:00","article_modified_time":"2023-01-09T06:47:22+00:00","og_image":[{"width":1200,"height":752,"url":"https:\/\/www.immobilienbusiness.ch\/wp-content\/uploads\/2019\/01\/Viererfeld-e1687423958246.png","type":"image\/png"}],"author":"anja.hall","twitter_card":"summary_large_image","twitter_image":"https:\/\/www.immobilienbusiness.ch\/wp-content\/uploads\/2019\/01\/Viererfeld-e1687423958246.png","schema":{"@context":"https:\/\/schema.org","@graph":[{"@type":"Article","@id":"https:\/\/www.immobilienbusiness.ch\/en\/regionen\/2023-01-05\/bern-erste-baurechtsabgaben-fuer-das-viererfeld-mittelfeld\/#article","isPartOf":{"@id":"https:\/\/www.immobilienbusiness.ch\/en\/regionen\/2023-01-05\/bern-erste-baurechtsabgaben-fuer-das-viererfeld-mittelfeld\/"},"author":{"name":"anja.hall","@id":"https:\/\/www.immobilienbusiness.ch\/#\/schema\/person\/3fc036297b10b9f42d6db5ee932af8c8"},"headline":"Bern: Erste Baurechtsabgaben f\u00fcr das Viererfeld\/Mittelfeld","datePublished":"2023-01-05T06:30:30+00:00","dateModified":"2023-01-09T06:47:22+00:00","mainEntityOfPage":{"@id":"https:\/\/www.immobilienbusiness.ch\/en\/regionen\/2023-01-05\/bern-erste-baurechtsabgaben-fuer-das-viererfeld-mittelfeld\/"},"wordCount":234,"publisher":{"@id":"https:\/\/www.immobilienbusiness.ch\/#organization"},"image":{"@id":"https:\/\/www.immobilienbusiness.ch\/en\/regionen\/2023-01-05\/bern-erste-baurechtsabgaben-fuer-das-viererfeld-mittelfeld\/#primaryimage"},"thumbnailUrl":"https:\/\/www.immobilienbusiness.ch\/wp-content\/uploads\/2019\/01\/Viererfeld-e1687423958246.png","keywords":["Arealentwicklung","Bern","Wohnimmobilien"],"articleSection":["REGIONEN"],"inLanguage":"it-IT"},{"@type":"WebPage","@id":"https:\/\/www.immobilienbusiness.ch\/en\/regionen\/2023-01-05\/bern-erste-baurechtsabgaben-fuer-das-viererfeld-mittelfeld\/","url":"https:\/\/www.immobilienbusiness.ch\/en\/regionen\/2023-01-05\/bern-erste-baurechtsabgaben-fuer-das-viererfeld-mittelfeld\/","name":"Berna: primi pagamenti del contratto di locazione per Viererfeld\/Mittelfeld - IMMOBILIEN Business","isPartOf":{"@id":"https:\/\/www.immobilienbusiness.ch\/#website"},"primaryImageOfPage":{"@id":"https:\/\/www.immobilienbusiness.ch\/en\/regionen\/2023-01-05\/bern-erste-baurechtsabgaben-fuer-das-viererfeld-mittelfeld\/#primaryimage"},"image":{"@id":"https:\/\/www.immobilienbusiness.ch\/en\/regionen\/2023-01-05\/bern-erste-baurechtsabgaben-fuer-das-viererfeld-mittelfeld\/#primaryimage"},"thumbnailUrl":"https:\/\/www.immobilienbusiness.ch\/wp-content\/uploads\/2019\/01\/Viererfeld-e1687423958246.png","datePublished":"2023-01-05T06:30:30+00:00","dateModified":"2023-01-09T06:47:22+00:00","description":"La citt\u00e0 di Berna sta assegnando un totale di sei diritti di costruzione per la prima fase del nuovo quartiere urbano di Viererfeld\/Mittelfeld.","breadcrumb":{"@id":"https:\/\/www.immobilienbusiness.ch\/en\/regionen\/2023-01-05\/bern-erste-baurechtsabgaben-fuer-das-viererfeld-mittelfeld\/#breadcrumb"},"inLanguage":"it-IT","potentialAction":[{"@type":"ReadAction","target":["https:\/\/www.immobilienbusiness.ch\/en\/regionen\/2023-01-05\/bern-erste-baurechtsabgaben-fuer-das-viererfeld-mittelfeld\/"]}]},{"@type":"ImageObject","inLanguage":"it-IT","@id":"https:\/\/www.immobilienbusiness.ch\/en\/regionen\/2023-01-05\/bern-erste-baurechtsabgaben-fuer-das-viererfeld-mittelfeld\/#primaryimage","url":"https:\/\/www.immobilienbusiness.ch\/wp-content\/uploads\/2019\/01\/Viererfeld-e1687423958246.png","contentUrl":"https:\/\/www.immobilienbusiness.ch\/wp-content\/uploads\/2019\/01\/Viererfeld-e1687423958246.png","width":1200,"height":752,"caption":"Auf dem Viererfeld in Bern soll in mehreren Etappen ein Stadtteil f\u00fcr tausende Menschen entstehen (Visualisierung: Stadt Bern)"},{"@type":"BreadcrumbList","@id":"https:\/\/www.immobilienbusiness.ch\/en\/regionen\/2023-01-05\/bern-erste-baurechtsabgaben-fuer-das-viererfeld-mittelfeld\/#breadcrumb","itemListElement":[{"@type":"ListItem","position":1,"name":"Home","item":"https:\/\/www.immobilienbusiness.ch\/"},{"@type":"ListItem","position":2,"name":"Bern: Erste Baurechtsabgaben f\u00fcr das Viererfeld\/Mittelfeld"}]},{"@type":"WebSite","@id":"https:\/\/www.immobilienbusiness.ch\/#website","url":"https:\/\/www.immobilienbusiness.ch\/","name":"Affari immobiliari","description":"Rivista economica indipendente svizzera che si concentra sul settore immobiliare, l'architettura e la costruzione, nonch\u00e9 sugli investimenti e i finanziamenti.","publisher":{"@id":"https:\/\/www.immobilienbusiness.ch\/#organization"},"potentialAction":[{"@type":"SearchAction","target":{"@type":"EntryPoint","urlTemplate":"https:\/\/www.immobilienbusiness.ch\/?s={search_term_string}"},"query-input":{"@type":"PropertyValueSpecification","valueRequired":true,"valueName":"search_term_string"}}],"inLanguage":"it-IT"},{"@type":"Organization","@id":"https:\/\/www.immobilienbusiness.ch\/#organization","name":"Affari immobiliari","url":"https:\/\/www.immobilienbusiness.ch\/","logo":{"@type":"ImageObject","inLanguage":"it-IT","@id":"https:\/\/www.immobilienbusiness.ch\/#\/schema\/logo\/image\/","url":"https:\/\/www.immobilienbusiness.ch\/wp-content\/uploads\/2021\/07\/logo_ib.png","contentUrl":"https:\/\/www.immobilienbusiness.ch\/wp-content\/uploads\/2021\/07\/logo_ib.png","width":800,"height":181,"caption":"IMMOBILIEN Business"},"image":{"@id":"https:\/\/www.immobilienbusiness.ch\/#\/schema\/logo\/image\/"},"sameAs":["https:\/\/www.facebook.com\/immobilienbusiness\/"]},{"@type":"Person","@id":"https:\/\/www.immobilienbusiness.ch\/#\/schema\/person\/3fc036297b10b9f42d6db5ee932af8c8","name":"anja.hall","image":{"@type":"ImageObject","inLanguage":"it-IT","@id":"https:\/\/secure.gravatar.com\/avatar\/066b5a0d447013502c71a5782f4f3469f03cfe595cc2329fb94652fe47511bfb?s=96&d=mm&r=g","url":"https:\/\/secure.gravatar.com\/avatar\/066b5a0d447013502c71a5782f4f3469f03cfe595cc2329fb94652fe47511bfb?s=96&d=mm&r=g","contentUrl":"https:\/\/secure.gravatar.com\/avatar\/066b5a0d447013502c71a5782f4f3469f03cfe595cc2329fb94652fe47511bfb?s=96&d=mm&r=g","caption":"anja.hall"},"url":"https:\/\/www.immobilienbusiness.ch\/it\/author\/anja-hall\/"}]}},"_links":{"self":[{"href":"https:\/\/www.immobilienbusiness.ch\/it\/wp-json\/wp\/v2\/posts\/45341","targetHints":{"allow":["GET"]}}],"collection":[{"href":"https:\/\/www.immobilienbusiness.ch\/it\/wp-json\/wp\/v2\/posts"}],"about":[{"href":"https:\/\/www.immobilienbusiness.ch\/it\/wp-json\/wp\/v2\/types\/post"}],"author":[{"embeddable":true,"href":"https:\/\/www.immobilienbusiness.ch\/it\/wp-json\/wp\/v2\/users\/3"}],"replies":[{"embeddable":true,"href":"https:\/\/www.immobilienbusiness.ch\/it\/wp-json\/wp\/v2\/comments?post=45341"}],"version-history":[{"count":1,"href":"https:\/\/www.immobilienbusiness.ch\/it\/wp-json\/wp\/v2\/posts\/45341\/revisions"}],"predecessor-version":[{"id":45342,"href":"https:\/\/www.immobilienbusiness.ch\/it\/wp-json\/wp\/v2\/posts\/45341\/revisions\/45342"}],"wp:featuredmedia":[{"embeddable":true,"href":"https:\/\/www.immobilienbusiness.ch\/it\/wp-json\/wp\/v2\/media\/15518"}],"wp:attachment":[{"href":"https:\/\/www.immobilienbusiness.ch\/it\/wp-json\/wp\/v2\/media?parent=45341"}],"wp:term":[{"taxonomy":"category","embeddable":true,"href":"https:\/\/www.immobilienbusiness.ch\/it\/wp-json\/wp\/v2\/categories?post=45341"},{"taxonomy":"post_tag","embeddable":true,"href":"https:\/\/www.immobilienbusiness.ch\/it\/wp-json\/wp\/v2\/tags?post=45341"}],"curies":[{"name":"wp","href":"https:\/\/api.w.org\/{rel}","templated":true}]}}