{"id":45290,"date":"2023-01-03T08:00:04","date_gmt":"2023-01-03T07:00:04","guid":{"rendered":"https:\/\/www.immobilienbusiness.ch\/?p=45290"},"modified":"2023-01-02T19:24:13","modified_gmt":"2023-01-02T18:24:13","slug":"intershop-ceo-cyrill-schneuwly-gibt-ausstieg-bekannt","status":"publish","type":"post","link":"https:\/\/www.immobilienbusiness.ch\/it\/personalia\/2023-01-03\/intershop-ceo-cyrill-schneuwly-gibt-ausstieg-bekannt\/","title":{"rendered":"Intershop: il CEO Cyrill Schneuwly annuncia la sua uscita di scena"},"content":{"rendered":"<figure id=\"attachment_45291\" aria-describedby=\"caption-attachment-45291\" style=\"width: 392px\" class=\"wp-caption alignnone\"><a href=\"https:\/\/www.immobilienbusiness.ch\/wp-content\/uploads\/2023\/01\/Schneuwly.png\"><img loading=\"lazy\" decoding=\"async\" class=\"size-full wp-image-45291\" src=\"https:\/\/www.immobilienbusiness.ch\/wp-content\/uploads\/2023\/01\/Schneuwly.png\" alt=\"\" width=\"392\" height=\"481\" srcset=\"https:\/\/www.immobilienbusiness.ch\/wp-content\/uploads\/2023\/01\/Schneuwly.png 392w, https:\/\/www.immobilienbusiness.ch\/wp-content\/uploads\/2023\/01\/Schneuwly-244x300.png 244w, https:\/\/www.immobilienbusiness.ch\/wp-content\/uploads\/2023\/01\/Schneuwly-10x12.png 10w, https:\/\/www.immobilienbusiness.ch\/wp-content\/uploads\/2023\/01\/Schneuwly-285x350.png 285w\" sizes=\"auto, (max-width: 392px) 100vw, 392px\" \/><\/a><figcaption id=\"caption-attachment-45291\" class=\"wp-caption-text\">Cyrill Schneuwly (Immagine: Intershop)<\/figcaption><\/figure>\n<p>Schneuwly \u00e8 stato CEO dal luglio 2008 e ora vuole \"affrontare nuovamente nuove sfide a livello strategico\", secondo un comunicato stampa di Intershop. Il Consiglio di amministrazione ringrazia Schneuwly per i suoi servizi. Ha contribuito in modo significativo al successo del gruppo e all'aumento della redditivit\u00e0. Lo stesso Schneuwly afferma: \"Dopo 14 anni come CEO e 25 anni nel Gruppo Intershop, sono orgoglioso di consegnare al mio successore un gruppo di successo e altamente redditizio\". <i>(aw)<\/i><\/p>\n<p>&nbsp;<\/p>","protected":false},"excerpt":{"rendered":"<p>\u00c8 imminente un cambio di personale presso il gruppo immobiliare Intershop. Alla fine di settembre, l'amministratore delegato di lunga data Cyrill Schneuwly lascer\u00e0 la sua posizione, dopo 25 anni di lavoro per l'azienda.<\/p>","protected":false},"author":102,"featured_media":0,"comment_status":"closed","ping_status":"closed","sticky":false,"template":"","format":"standard","meta":{"_acf_changed":false,"_yoast_wpseo_focuskw":"Schneuwly","_yoast_wpseo_title":"","_yoast_wpseo_metadesc":"Beim Immobiliendienstleister Intershop steht eine personelle Ver\u00e4nderung an. Ende September wird der langj\u00e4hrige CEO Cyrill Schneuwly seine T\u00e4tigkeit beenden \u2013 nach 25 Jahren Arbeit f\u00fcr das Unternehmen.","_yoast_wpseo_linkdex":47,"pgc_sgb_lightbox_settings":"","footnotes":""},"categories":[1912],"tags":[1377,1563],"class_list":["post-45290","post","type-post","status-publish","format-standard","hentry","category-personalia","tag-intershop","tag-personalia"],"acf":[],"yoast_head":"<!-- This site is optimized with the Yoast SEO plugin v27.4 - https:\/\/yoast.com\/product\/yoast-seo-wordpress\/ -->\n<title>Intershop: CEO Cyrill Schneuwly gibt Ausstieg bekannt - IMMOBILIEN Business<\/title>\n<meta name=\"description\" content=\"Beim Immobiliendienstleister Intershop steht eine personelle Ver\u00e4nderung an. Ende September wird der langj\u00e4hrige CEO Cyrill Schneuwly seine T\u00e4tigkeit beenden \u2013 nach 25 Jahren Arbeit f\u00fcr das Unternehmen.\" \/>\n<meta name=\"robots\" content=\"index, follow, max-snippet:-1, max-image-preview:large, max-video-preview:-1\" \/>\n<link rel=\"canonical\" href=\"https:\/\/www.immobilienbusiness.ch\/it\/personalia\/2023-01-03\/intershop-ceo-cyrill-schneuwly-gibt-ausstieg-bekannt\/\" \/>\n<meta property=\"og:locale\" content=\"it_IT\" \/>\n<meta property=\"og:type\" content=\"article\" \/>\n<meta property=\"og:title\" content=\"Intershop: CEO Cyrill Schneuwly gibt Ausstieg bekannt - IMMOBILIEN Business\" \/>\n<meta property=\"og:description\" content=\"Beim Immobiliendienstleister Intershop steht eine personelle Ver\u00e4nderung an. Ende September wird der langj\u00e4hrige CEO Cyrill Schneuwly seine T\u00e4tigkeit beenden \u2013 nach 25 Jahren Arbeit f\u00fcr das Unternehmen.\" \/>\n<meta property=\"og:url\" content=\"https:\/\/www.immobilienbusiness.ch\/it\/personalia\/2023-01-03\/intershop-ceo-cyrill-schneuwly-gibt-ausstieg-bekannt\/\" \/>\n<meta property=\"og:site_name\" content=\"IMMOBILIEN Business\" \/>\n<meta property=\"article:publisher\" content=\"https:\/\/www.facebook.com\/immobilienbusiness\/\" \/>\n<meta property=\"article:published_time\" content=\"2023-01-03T07:00:04+00:00\" \/>\n<meta property=\"og:image\" content=\"https:\/\/www.immobilienbusiness.ch\/wp-content\/uploads\/2023\/01\/Schneuwly.png\" \/>\n\t<meta property=\"og:image:width\" content=\"392\" \/>\n\t<meta property=\"og:image:height\" content=\"481\" \/>\n\t<meta property=\"og:image:type\" content=\"image\/png\" \/>\n<meta name=\"author\" content=\"Alexander Wachter\" \/>\n<meta name=\"twitter:card\" content=\"summary_large_image\" \/>\n<script type=\"application\/ld+json\" class=\"yoast-schema-graph\">{\"@context\":\"https:\\\/\\\/schema.org\",\"@graph\":[{\"@type\":\"Article\",\"@id\":\"https:\\\/\\\/www.immobilienbusiness.ch\\\/en\\\/personalia\\\/2023-01-03\\\/intershop-ceo-cyrill-schneuwly-gibt-ausstieg-bekannt\\\/#article\",\"isPartOf\":{\"@id\":\"https:\\\/\\\/www.immobilienbusiness.ch\\\/en\\\/personalia\\\/2023-01-03\\\/intershop-ceo-cyrill-schneuwly-gibt-ausstieg-bekannt\\\/\"},\"author\":{\"name\":\"Alexander Wachter\",\"@id\":\"https:\\\/\\\/www.immobilienbusiness.ch\\\/#\\\/schema\\\/person\\\/aba8bea2db926aa0c24c08c43fe1fcd5\"},\"headline\":\"Intershop: CEO Cyrill Schneuwly gibt Ausstieg bekannt\",\"datePublished\":\"2023-01-03T07:00:04+00:00\",\"mainEntityOfPage\":{\"@id\":\"https:\\\/\\\/www.immobilienbusiness.ch\\\/en\\\/personalia\\\/2023-01-03\\\/intershop-ceo-cyrill-schneuwly-gibt-ausstieg-bekannt\\\/\"},\"wordCount\":98,\"publisher\":{\"@id\":\"https:\\\/\\\/www.immobilienbusiness.ch\\\/#organization\"},\"image\":{\"@id\":\"https:\\\/\\\/www.immobilienbusiness.ch\\\/en\\\/personalia\\\/2023-01-03\\\/intershop-ceo-cyrill-schneuwly-gibt-ausstieg-bekannt\\\/#primaryimage\"},\"thumbnailUrl\":\"https:\\\/\\\/www.immobilienbusiness.ch\\\/wp-content\\\/uploads\\\/2023\\\/01\\\/Schneuwly.png\",\"keywords\":[\"Intershop\",\"Personalia\"],\"articleSection\":[\"PERSONALIA\"],\"inLanguage\":\"it-IT\"},{\"@type\":\"WebPage\",\"@id\":\"https:\\\/\\\/www.immobilienbusiness.ch\\\/en\\\/personalia\\\/2023-01-03\\\/intershop-ceo-cyrill-schneuwly-gibt-ausstieg-bekannt\\\/\",\"url\":\"https:\\\/\\\/www.immobilienbusiness.ch\\\/en\\\/personalia\\\/2023-01-03\\\/intershop-ceo-cyrill-schneuwly-gibt-ausstieg-bekannt\\\/\",\"name\":\"Intershop: CEO Cyrill Schneuwly gibt Ausstieg bekannt - IMMOBILIEN Business\",\"isPartOf\":{\"@id\":\"https:\\\/\\\/www.immobilienbusiness.ch\\\/#website\"},\"primaryImageOfPage\":{\"@id\":\"https:\\\/\\\/www.immobilienbusiness.ch\\\/en\\\/personalia\\\/2023-01-03\\\/intershop-ceo-cyrill-schneuwly-gibt-ausstieg-bekannt\\\/#primaryimage\"},\"image\":{\"@id\":\"https:\\\/\\\/www.immobilienbusiness.ch\\\/en\\\/personalia\\\/2023-01-03\\\/intershop-ceo-cyrill-schneuwly-gibt-ausstieg-bekannt\\\/#primaryimage\"},\"thumbnailUrl\":\"https:\\\/\\\/www.immobilienbusiness.ch\\\/wp-content\\\/uploads\\\/2023\\\/01\\\/Schneuwly.png\",\"datePublished\":\"2023-01-03T07:00:04+00:00\",\"description\":\"Beim Immobiliendienstleister Intershop steht eine personelle Ver\u00e4nderung an. Ende September wird der langj\u00e4hrige CEO Cyrill Schneuwly seine T\u00e4tigkeit beenden \u2013 nach 25 Jahren Arbeit f\u00fcr das Unternehmen.\",\"breadcrumb\":{\"@id\":\"https:\\\/\\\/www.immobilienbusiness.ch\\\/en\\\/personalia\\\/2023-01-03\\\/intershop-ceo-cyrill-schneuwly-gibt-ausstieg-bekannt\\\/#breadcrumb\"},\"inLanguage\":\"it-IT\",\"potentialAction\":[{\"@type\":\"ReadAction\",\"target\":[\"https:\\\/\\\/www.immobilienbusiness.ch\\\/en\\\/personalia\\\/2023-01-03\\\/intershop-ceo-cyrill-schneuwly-gibt-ausstieg-bekannt\\\/\"]}]},{\"@type\":\"ImageObject\",\"inLanguage\":\"it-IT\",\"@id\":\"https:\\\/\\\/www.immobilienbusiness.ch\\\/en\\\/personalia\\\/2023-01-03\\\/intershop-ceo-cyrill-schneuwly-gibt-ausstieg-bekannt\\\/#primaryimage\",\"url\":\"https:\\\/\\\/www.immobilienbusiness.ch\\\/wp-content\\\/uploads\\\/2023\\\/01\\\/Schneuwly.png\",\"contentUrl\":\"https:\\\/\\\/www.immobilienbusiness.ch\\\/wp-content\\\/uploads\\\/2023\\\/01\\\/Schneuwly.png\"},{\"@type\":\"BreadcrumbList\",\"@id\":\"https:\\\/\\\/www.immobilienbusiness.ch\\\/en\\\/personalia\\\/2023-01-03\\\/intershop-ceo-cyrill-schneuwly-gibt-ausstieg-bekannt\\\/#breadcrumb\",\"itemListElement\":[{\"@type\":\"ListItem\",\"position\":1,\"name\":\"Home\",\"item\":\"https:\\\/\\\/www.immobilienbusiness.ch\\\/\"},{\"@type\":\"ListItem\",\"position\":2,\"name\":\"Intershop: CEO Cyrill Schneuwly gibt Ausstieg bekannt\"}]},{\"@type\":\"WebSite\",\"@id\":\"https:\\\/\\\/www.immobilienbusiness.ch\\\/#website\",\"url\":\"https:\\\/\\\/www.immobilienbusiness.ch\\\/\",\"name\":\"IMMOBILIEN Business\",\"description\":\"Unabh\u00e4ngiges Schweizer Wirtschaftsmagazin mit Fokus auf Immobilien, Architektur- und Bau sowie Investment- und Finanzierung.\",\"publisher\":{\"@id\":\"https:\\\/\\\/www.immobilienbusiness.ch\\\/#organization\"},\"potentialAction\":[{\"@type\":\"SearchAction\",\"target\":{\"@type\":\"EntryPoint\",\"urlTemplate\":\"https:\\\/\\\/www.immobilienbusiness.ch\\\/?s={search_term_string}\"},\"query-input\":{\"@type\":\"PropertyValueSpecification\",\"valueRequired\":true,\"valueName\":\"search_term_string\"}}],\"inLanguage\":\"it-IT\"},{\"@type\":\"Organization\",\"@id\":\"https:\\\/\\\/www.immobilienbusiness.ch\\\/#organization\",\"name\":\"IMMOBILIEN Business\",\"url\":\"https:\\\/\\\/www.immobilienbusiness.ch\\\/\",\"logo\":{\"@type\":\"ImageObject\",\"inLanguage\":\"it-IT\",\"@id\":\"https:\\\/\\\/www.immobilienbusiness.ch\\\/#\\\/schema\\\/logo\\\/image\\\/\",\"url\":\"https:\\\/\\\/www.immobilienbusiness.ch\\\/wp-content\\\/uploads\\\/2021\\\/07\\\/logo_ib.png\",\"contentUrl\":\"https:\\\/\\\/www.immobilienbusiness.ch\\\/wp-content\\\/uploads\\\/2021\\\/07\\\/logo_ib.png\",\"width\":800,\"height\":181,\"caption\":\"IMMOBILIEN Business\"},\"image\":{\"@id\":\"https:\\\/\\\/www.immobilienbusiness.ch\\\/#\\\/schema\\\/logo\\\/image\\\/\"},\"sameAs\":[\"https:\\\/\\\/www.facebook.com\\\/immobilienbusiness\\\/\"]},{\"@type\":\"Person\",\"@id\":\"https:\\\/\\\/www.immobilienbusiness.ch\\\/#\\\/schema\\\/person\\\/aba8bea2db926aa0c24c08c43fe1fcd5\",\"name\":\"Alexander Wachter\",\"image\":{\"@type\":\"ImageObject\",\"inLanguage\":\"it-IT\",\"@id\":\"https:\\\/\\\/secure.gravatar.com\\\/avatar\\\/1a09e471f5389b0e0a6416eac287e0927c7c97a7b77f9e787eba3af7aee281dd?s=96&d=mm&r=g\",\"url\":\"https:\\\/\\\/secure.gravatar.com\\\/avatar\\\/1a09e471f5389b0e0a6416eac287e0927c7c97a7b77f9e787eba3af7aee281dd?s=96&d=mm&r=g\",\"contentUrl\":\"https:\\\/\\\/secure.gravatar.com\\\/avatar\\\/1a09e471f5389b0e0a6416eac287e0927c7c97a7b77f9e787eba3af7aee281dd?s=96&d=mm&r=g\",\"caption\":\"Alexander Wachter\"},\"url\":\"https:\\\/\\\/www.immobilienbusiness.ch\\\/it\\\/author\\\/alexander-wachter\\\/\"}]}<\/script>\n<!-- \/ Yoast SEO plugin. -->","yoast_head_json":{"title":"Intershop: l'amministratore delegato Cyrill Schneuwly annuncia l'uscita di scena - IMMOBILIEN Business","description":"\u00c8 imminente un cambio di personale presso il fornitore di servizi immobiliari Intershop. Cyrill Schneuwly, che \u00e8 stato amministratore delegato per molti anni, si dimetter\u00e0 alla fine di settembre, dopo 25 anni di lavoro per l'azienda.","robots":{"index":"index","follow":"follow","max-snippet":"max-snippet:-1","max-image-preview":"max-image-preview:large","max-video-preview":"max-video-preview:-1"},"canonical":"https:\/\/www.immobilienbusiness.ch\/it\/personalia\/2023-01-03\/intershop-ceo-cyrill-schneuwly-gibt-ausstieg-bekannt\/","og_locale":"it_IT","og_type":"article","og_title":"Intershop: CEO Cyrill Schneuwly gibt Ausstieg bekannt - IMMOBILIEN Business","og_description":"Beim Immobiliendienstleister Intershop steht eine personelle Ver\u00e4nderung an. Ende September wird der langj\u00e4hrige CEO Cyrill Schneuwly seine T\u00e4tigkeit beenden \u2013 nach 25 Jahren Arbeit f\u00fcr das Unternehmen.","og_url":"https:\/\/www.immobilienbusiness.ch\/it\/personalia\/2023-01-03\/intershop-ceo-cyrill-schneuwly-gibt-ausstieg-bekannt\/","og_site_name":"IMMOBILIEN Business","article_publisher":"https:\/\/www.facebook.com\/immobilienbusiness\/","article_published_time":"2023-01-03T07:00:04+00:00","og_image":[{"width":392,"height":481,"url":"https:\/\/www.immobilienbusiness.ch\/wp-content\/uploads\/2023\/01\/Schneuwly.png","type":"image\/png"}],"author":"Alexander Wachter","twitter_card":"summary_large_image","schema":{"@context":"https:\/\/schema.org","@graph":[{"@type":"Article","@id":"https:\/\/www.immobilienbusiness.ch\/en\/personalia\/2023-01-03\/intershop-ceo-cyrill-schneuwly-gibt-ausstieg-bekannt\/#article","isPartOf":{"@id":"https:\/\/www.immobilienbusiness.ch\/en\/personalia\/2023-01-03\/intershop-ceo-cyrill-schneuwly-gibt-ausstieg-bekannt\/"},"author":{"name":"Alexander Wachter","@id":"https:\/\/www.immobilienbusiness.ch\/#\/schema\/person\/aba8bea2db926aa0c24c08c43fe1fcd5"},"headline":"Intershop: CEO Cyrill Schneuwly gibt Ausstieg bekannt","datePublished":"2023-01-03T07:00:04+00:00","mainEntityOfPage":{"@id":"https:\/\/www.immobilienbusiness.ch\/en\/personalia\/2023-01-03\/intershop-ceo-cyrill-schneuwly-gibt-ausstieg-bekannt\/"},"wordCount":98,"publisher":{"@id":"https:\/\/www.immobilienbusiness.ch\/#organization"},"image":{"@id":"https:\/\/www.immobilienbusiness.ch\/en\/personalia\/2023-01-03\/intershop-ceo-cyrill-schneuwly-gibt-ausstieg-bekannt\/#primaryimage"},"thumbnailUrl":"https:\/\/www.immobilienbusiness.ch\/wp-content\/uploads\/2023\/01\/Schneuwly.png","keywords":["Intershop","Personalia"],"articleSection":["PERSONALIA"],"inLanguage":"it-IT"},{"@type":"WebPage","@id":"https:\/\/www.immobilienbusiness.ch\/en\/personalia\/2023-01-03\/intershop-ceo-cyrill-schneuwly-gibt-ausstieg-bekannt\/","url":"https:\/\/www.immobilienbusiness.ch\/en\/personalia\/2023-01-03\/intershop-ceo-cyrill-schneuwly-gibt-ausstieg-bekannt\/","name":"Intershop: l'amministratore delegato Cyrill Schneuwly annuncia l'uscita di scena - IMMOBILIEN Business","isPartOf":{"@id":"https:\/\/www.immobilienbusiness.ch\/#website"},"primaryImageOfPage":{"@id":"https:\/\/www.immobilienbusiness.ch\/en\/personalia\/2023-01-03\/intershop-ceo-cyrill-schneuwly-gibt-ausstieg-bekannt\/#primaryimage"},"image":{"@id":"https:\/\/www.immobilienbusiness.ch\/en\/personalia\/2023-01-03\/intershop-ceo-cyrill-schneuwly-gibt-ausstieg-bekannt\/#primaryimage"},"thumbnailUrl":"https:\/\/www.immobilienbusiness.ch\/wp-content\/uploads\/2023\/01\/Schneuwly.png","datePublished":"2023-01-03T07:00:04+00:00","description":"\u00c8 imminente un cambio di personale presso il fornitore di servizi immobiliari Intershop. Cyrill Schneuwly, che \u00e8 stato amministratore delegato per molti anni, si dimetter\u00e0 alla fine di settembre, dopo 25 anni di lavoro per l'azienda.","breadcrumb":{"@id":"https:\/\/www.immobilienbusiness.ch\/en\/personalia\/2023-01-03\/intershop-ceo-cyrill-schneuwly-gibt-ausstieg-bekannt\/#breadcrumb"},"inLanguage":"it-IT","potentialAction":[{"@type":"ReadAction","target":["https:\/\/www.immobilienbusiness.ch\/en\/personalia\/2023-01-03\/intershop-ceo-cyrill-schneuwly-gibt-ausstieg-bekannt\/"]}]},{"@type":"ImageObject","inLanguage":"it-IT","@id":"https:\/\/www.immobilienbusiness.ch\/en\/personalia\/2023-01-03\/intershop-ceo-cyrill-schneuwly-gibt-ausstieg-bekannt\/#primaryimage","url":"https:\/\/www.immobilienbusiness.ch\/wp-content\/uploads\/2023\/01\/Schneuwly.png","contentUrl":"https:\/\/www.immobilienbusiness.ch\/wp-content\/uploads\/2023\/01\/Schneuwly.png"},{"@type":"BreadcrumbList","@id":"https:\/\/www.immobilienbusiness.ch\/en\/personalia\/2023-01-03\/intershop-ceo-cyrill-schneuwly-gibt-ausstieg-bekannt\/#breadcrumb","itemListElement":[{"@type":"ListItem","position":1,"name":"Home","item":"https:\/\/www.immobilienbusiness.ch\/"},{"@type":"ListItem","position":2,"name":"Intershop: CEO Cyrill Schneuwly gibt Ausstieg bekannt"}]},{"@type":"WebSite","@id":"https:\/\/www.immobilienbusiness.ch\/#website","url":"https:\/\/www.immobilienbusiness.ch\/","name":"Affari immobiliari","description":"Rivista economica indipendente svizzera che si concentra sul settore immobiliare, l'architettura e la costruzione, nonch\u00e9 sugli investimenti e i finanziamenti.","publisher":{"@id":"https:\/\/www.immobilienbusiness.ch\/#organization"},"potentialAction":[{"@type":"SearchAction","target":{"@type":"EntryPoint","urlTemplate":"https:\/\/www.immobilienbusiness.ch\/?s={search_term_string}"},"query-input":{"@type":"PropertyValueSpecification","valueRequired":true,"valueName":"search_term_string"}}],"inLanguage":"it-IT"},{"@type":"Organization","@id":"https:\/\/www.immobilienbusiness.ch\/#organization","name":"Affari immobiliari","url":"https:\/\/www.immobilienbusiness.ch\/","logo":{"@type":"ImageObject","inLanguage":"it-IT","@id":"https:\/\/www.immobilienbusiness.ch\/#\/schema\/logo\/image\/","url":"https:\/\/www.immobilienbusiness.ch\/wp-content\/uploads\/2021\/07\/logo_ib.png","contentUrl":"https:\/\/www.immobilienbusiness.ch\/wp-content\/uploads\/2021\/07\/logo_ib.png","width":800,"height":181,"caption":"IMMOBILIEN Business"},"image":{"@id":"https:\/\/www.immobilienbusiness.ch\/#\/schema\/logo\/image\/"},"sameAs":["https:\/\/www.facebook.com\/immobilienbusiness\/"]},{"@type":"Person","@id":"https:\/\/www.immobilienbusiness.ch\/#\/schema\/person\/aba8bea2db926aa0c24c08c43fe1fcd5","name":"Alexander Wachter","image":{"@type":"ImageObject","inLanguage":"it-IT","@id":"https:\/\/secure.gravatar.com\/avatar\/1a09e471f5389b0e0a6416eac287e0927c7c97a7b77f9e787eba3af7aee281dd?s=96&d=mm&r=g","url":"https:\/\/secure.gravatar.com\/avatar\/1a09e471f5389b0e0a6416eac287e0927c7c97a7b77f9e787eba3af7aee281dd?s=96&d=mm&r=g","contentUrl":"https:\/\/secure.gravatar.com\/avatar\/1a09e471f5389b0e0a6416eac287e0927c7c97a7b77f9e787eba3af7aee281dd?s=96&d=mm&r=g","caption":"Alexander Wachter"},"url":"https:\/\/www.immobilienbusiness.ch\/it\/author\/alexander-wachter\/"}]}},"_links":{"self":[{"href":"https:\/\/www.immobilienbusiness.ch\/it\/wp-json\/wp\/v2\/posts\/45290","targetHints":{"allow":["GET"]}}],"collection":[{"href":"https:\/\/www.immobilienbusiness.ch\/it\/wp-json\/wp\/v2\/posts"}],"about":[{"href":"https:\/\/www.immobilienbusiness.ch\/it\/wp-json\/wp\/v2\/types\/post"}],"author":[{"embeddable":true,"href":"https:\/\/www.immobilienbusiness.ch\/it\/wp-json\/wp\/v2\/users\/102"}],"replies":[{"embeddable":true,"href":"https:\/\/www.immobilienbusiness.ch\/it\/wp-json\/wp\/v2\/comments?post=45290"}],"version-history":[{"count":2,"href":"https:\/\/www.immobilienbusiness.ch\/it\/wp-json\/wp\/v2\/posts\/45290\/revisions"}],"predecessor-version":[{"id":45298,"href":"https:\/\/www.immobilienbusiness.ch\/it\/wp-json\/wp\/v2\/posts\/45290\/revisions\/45298"}],"wp:attachment":[{"href":"https:\/\/www.immobilienbusiness.ch\/it\/wp-json\/wp\/v2\/media?parent=45290"}],"wp:term":[{"taxonomy":"category","embeddable":true,"href":"https:\/\/www.immobilienbusiness.ch\/it\/wp-json\/wp\/v2\/categories?post=45290"},{"taxonomy":"post_tag","embeddable":true,"href":"https:\/\/www.immobilienbusiness.ch\/it\/wp-json\/wp\/v2\/tags?post=45290"}],"curies":[{"name":"wp","href":"https:\/\/api.w.org\/{rel}","templated":true}]}}