{"id":45185,"date":"2022-12-19T08:22:40","date_gmt":"2022-12-19T07:22:40","guid":{"rendered":"https:\/\/www.immobilienbusiness.ch\/?p=45185"},"modified":"2022-12-19T08:22:40","modified_gmt":"2022-12-19T07:22:40","slug":"joerg-brunner-ist-neuer-cfo-von-mobimo","status":"publish","type":"post","link":"https:\/\/www.immobilienbusiness.ch\/it\/personalia\/2022-12-19\/joerg-brunner-ist-neuer-cfo-von-mobimo\/","title":{"rendered":"J\u00f6rg Brunner \u00e8 il nuovo direttore finanziario di Mobimo"},"content":{"rendered":"<figure id=\"attachment_45186\" aria-describedby=\"caption-attachment-45186\" style=\"width: 600px\" class=\"wp-caption alignnone\"><a href=\"https:\/\/www.immobilienbusiness.ch\/wp-content\/uploads\/2022\/12\/Brunner_@Markus_Bertschi.jpg\"><img loading=\"lazy\" decoding=\"async\" class=\"size-full wp-image-45186\" src=\"https:\/\/www.immobilienbusiness.ch\/wp-content\/uploads\/2022\/12\/Brunner_@Markus_Bertschi.jpg\" alt=\"\" width=\"600\" height=\"400\" srcset=\"https:\/\/www.immobilienbusiness.ch\/wp-content\/uploads\/2022\/12\/Brunner_@Markus_Bertschi.jpg 600w, https:\/\/www.immobilienbusiness.ch\/wp-content\/uploads\/2022\/12\/Brunner_@Markus_Bertschi-300x200.jpg 300w, https:\/\/www.immobilienbusiness.ch\/wp-content\/uploads\/2022\/12\/Brunner_@Markus_Bertschi-18x12.jpg 18w, https:\/\/www.immobilienbusiness.ch\/wp-content\/uploads\/2022\/12\/Brunner_@Markus_Bertschi-375x250.jpg 375w, https:\/\/www.immobilienbusiness.ch\/wp-content\/uploads\/2022\/12\/Brunner_@Markus_Bertschi-525x350.jpg 525w\" sizes=\"auto, (max-width: 600px) 100vw, 600px\" \/><\/a><figcaption id=\"caption-attachment-45186\" class=\"wp-caption-text\">J\u00f6rg Brunner (@Markus Bertschi)<\/figcaption><\/figure>\n<p>J\u00f6rg Brunner, Chief Financial Officer (CFO) ad interim di Mobimo dal maggio 2022, ha assunto la posizione in modo permanente. Il Consiglio di amministrazione della societ\u00e0 immobiliare lo ha nominato Direttore finanziario.<\/p>\n<p>Brunner (nato nel 1977) lavora per Mobimo dal 2010 e ha diretto per molti anni la Contabilit\u00e0 di Gruppo e la Contabilit\u00e0 finanziaria. Dal 2003 al 2010 ha lavorato nei servizi di revisione contabile di Ernst &amp; Young.<\/p>\n<p>Brunner ha contribuito in modo significativo al successo dello sviluppo dell'azienda negli ultimi anni, afferma l'amministratore delegato Daniel Ducrey. \"La sua elezione significa una preziosa continuit\u00e0. <em>(ah)<\/em><\/p>","protected":false},"excerpt":{"rendered":"<p>Il Consiglio di amministrazione ha nominato J\u00f6rg Brunner Direttore finanziario. Era gi\u00e0 direttore finanziario ad interim della societ\u00e0 immobiliare.<\/p>","protected":false},"author":3,"featured_media":45186,"comment_status":"closed","ping_status":"closed","sticky":false,"template":"","format":"standard","meta":{"_acf_changed":false,"_yoast_wpseo_focuskw":"Mobimo","_yoast_wpseo_title":"","_yoast_wpseo_metadesc":"Der Verwaltungsrat von Mobimo hat J\u00f6rg Brunner zum Finanzchef ernannt. Er war bereits interimistischer CFO der Immobiliengesellschaft.","_yoast_wpseo_linkdex":44,"pgc_sgb_lightbox_settings":"","footnotes":""},"categories":[1912],"tags":[1503,1563],"class_list":["post-45185","post","type-post","status-publish","format-standard","has-post-thumbnail","hentry","category-personalia","tag-mobimo","tag-personalia"],"acf":[],"yoast_head":"<!-- This site is optimized with the Yoast SEO plugin v27.5 - https:\/\/yoast.com\/product\/yoast-seo-wordpress\/ -->\n<title>J\u00f6rg Brunner ist neuer CFO von Mobimo - IMMOBILIEN Business<\/title>\n<meta name=\"description\" content=\"Der Verwaltungsrat von Mobimo hat J\u00f6rg Brunner zum Finanzchef ernannt. Er war bereits interimistischer CFO der Immobiliengesellschaft.\" \/>\n<meta name=\"robots\" content=\"index, follow, max-snippet:-1, max-image-preview:large, max-video-preview:-1\" \/>\n<link rel=\"canonical\" href=\"https:\/\/www.immobilienbusiness.ch\/it\/personalia\/2022-12-19\/joerg-brunner-ist-neuer-cfo-von-mobimo\/\" \/>\n<meta property=\"og:locale\" content=\"it_IT\" \/>\n<meta property=\"og:type\" content=\"article\" \/>\n<meta property=\"og:title\" content=\"J\u00f6rg Brunner ist neuer CFO von Mobimo - IMMOBILIEN Business\" \/>\n<meta property=\"og:description\" content=\"Der Verwaltungsrat von Mobimo hat J\u00f6rg Brunner zum Finanzchef ernannt. Er war bereits interimistischer CFO der Immobiliengesellschaft.\" \/>\n<meta property=\"og:url\" content=\"https:\/\/www.immobilienbusiness.ch\/it\/personalia\/2022-12-19\/joerg-brunner-ist-neuer-cfo-von-mobimo\/\" \/>\n<meta property=\"og:site_name\" content=\"IMMOBILIEN Business\" \/>\n<meta property=\"article:publisher\" content=\"https:\/\/www.facebook.com\/immobilienbusiness\/\" \/>\n<meta property=\"article:published_time\" content=\"2022-12-19T07:22:40+00:00\" \/>\n<meta property=\"og:image\" content=\"https:\/\/www.immobilienbusiness.ch\/wp-content\/uploads\/2022\/12\/Brunner_@Markus_Bertschi.jpg\" \/>\n\t<meta property=\"og:image:width\" content=\"600\" \/>\n\t<meta property=\"og:image:height\" content=\"400\" \/>\n\t<meta property=\"og:image:type\" content=\"image\/jpeg\" \/>\n<meta name=\"author\" content=\"anja.hall\" \/>\n<meta name=\"twitter:card\" content=\"summary_large_image\" \/>\n<meta name=\"twitter:image\" content=\"https:\/\/www.immobilienbusiness.ch\/wp-content\/uploads\/2022\/12\/Brunner_@Markus_Bertschi.jpg\" \/>\n<script type=\"application\/ld+json\" class=\"yoast-schema-graph\">{\"@context\":\"https:\\\/\\\/schema.org\",\"@graph\":[{\"@type\":\"Article\",\"@id\":\"https:\\\/\\\/www.immobilienbusiness.ch\\\/en\\\/personalia\\\/2022-12-19\\\/joerg-brunner-ist-neuer-cfo-von-mobimo\\\/#article\",\"isPartOf\":{\"@id\":\"https:\\\/\\\/www.immobilienbusiness.ch\\\/en\\\/personalia\\\/2022-12-19\\\/joerg-brunner-ist-neuer-cfo-von-mobimo\\\/\"},\"author\":{\"name\":\"anja.hall\",\"@id\":\"https:\\\/\\\/www.immobilienbusiness.ch\\\/#\\\/schema\\\/person\\\/3fc036297b10b9f42d6db5ee932af8c8\"},\"headline\":\"J\u00f6rg Brunner ist neuer CFO von Mobimo\",\"datePublished\":\"2022-12-19T07:22:40+00:00\",\"mainEntityOfPage\":{\"@id\":\"https:\\\/\\\/www.immobilienbusiness.ch\\\/en\\\/personalia\\\/2022-12-19\\\/joerg-brunner-ist-neuer-cfo-von-mobimo\\\/\"},\"wordCount\":102,\"publisher\":{\"@id\":\"https:\\\/\\\/www.immobilienbusiness.ch\\\/#organization\"},\"image\":{\"@id\":\"https:\\\/\\\/www.immobilienbusiness.ch\\\/en\\\/personalia\\\/2022-12-19\\\/joerg-brunner-ist-neuer-cfo-von-mobimo\\\/#primaryimage\"},\"thumbnailUrl\":\"https:\\\/\\\/www.immobilienbusiness.ch\\\/wp-content\\\/uploads\\\/2022\\\/12\\\/Brunner_@Markus_Bertschi.jpg\",\"keywords\":[\"Mobimo\",\"Personalia\"],\"articleSection\":[\"PERSONALIA\"],\"inLanguage\":\"it-IT\"},{\"@type\":\"WebPage\",\"@id\":\"https:\\\/\\\/www.immobilienbusiness.ch\\\/en\\\/personalia\\\/2022-12-19\\\/joerg-brunner-ist-neuer-cfo-von-mobimo\\\/\",\"url\":\"https:\\\/\\\/www.immobilienbusiness.ch\\\/en\\\/personalia\\\/2022-12-19\\\/joerg-brunner-ist-neuer-cfo-von-mobimo\\\/\",\"name\":\"J\u00f6rg Brunner ist neuer CFO von Mobimo - IMMOBILIEN Business\",\"isPartOf\":{\"@id\":\"https:\\\/\\\/www.immobilienbusiness.ch\\\/#website\"},\"primaryImageOfPage\":{\"@id\":\"https:\\\/\\\/www.immobilienbusiness.ch\\\/en\\\/personalia\\\/2022-12-19\\\/joerg-brunner-ist-neuer-cfo-von-mobimo\\\/#primaryimage\"},\"image\":{\"@id\":\"https:\\\/\\\/www.immobilienbusiness.ch\\\/en\\\/personalia\\\/2022-12-19\\\/joerg-brunner-ist-neuer-cfo-von-mobimo\\\/#primaryimage\"},\"thumbnailUrl\":\"https:\\\/\\\/www.immobilienbusiness.ch\\\/wp-content\\\/uploads\\\/2022\\\/12\\\/Brunner_@Markus_Bertschi.jpg\",\"datePublished\":\"2022-12-19T07:22:40+00:00\",\"description\":\"Der Verwaltungsrat von Mobimo hat J\u00f6rg Brunner zum Finanzchef ernannt. Er war bereits interimistischer CFO der Immobiliengesellschaft.\",\"breadcrumb\":{\"@id\":\"https:\\\/\\\/www.immobilienbusiness.ch\\\/en\\\/personalia\\\/2022-12-19\\\/joerg-brunner-ist-neuer-cfo-von-mobimo\\\/#breadcrumb\"},\"inLanguage\":\"it-IT\",\"potentialAction\":[{\"@type\":\"ReadAction\",\"target\":[\"https:\\\/\\\/www.immobilienbusiness.ch\\\/en\\\/personalia\\\/2022-12-19\\\/joerg-brunner-ist-neuer-cfo-von-mobimo\\\/\"]}]},{\"@type\":\"ImageObject\",\"inLanguage\":\"it-IT\",\"@id\":\"https:\\\/\\\/www.immobilienbusiness.ch\\\/en\\\/personalia\\\/2022-12-19\\\/joerg-brunner-ist-neuer-cfo-von-mobimo\\\/#primaryimage\",\"url\":\"https:\\\/\\\/www.immobilienbusiness.ch\\\/wp-content\\\/uploads\\\/2022\\\/12\\\/Brunner_@Markus_Bertschi.jpg\",\"contentUrl\":\"https:\\\/\\\/www.immobilienbusiness.ch\\\/wp-content\\\/uploads\\\/2022\\\/12\\\/Brunner_@Markus_Bertschi.jpg\",\"width\":600,\"height\":400,\"caption\":\"J\u00f6rg Brunner (@Markus Bertschi)\"},{\"@type\":\"BreadcrumbList\",\"@id\":\"https:\\\/\\\/www.immobilienbusiness.ch\\\/en\\\/personalia\\\/2022-12-19\\\/joerg-brunner-ist-neuer-cfo-von-mobimo\\\/#breadcrumb\",\"itemListElement\":[{\"@type\":\"ListItem\",\"position\":1,\"name\":\"Home\",\"item\":\"https:\\\/\\\/www.immobilienbusiness.ch\\\/\"},{\"@type\":\"ListItem\",\"position\":2,\"name\":\"J\u00f6rg Brunner ist neuer CFO von Mobimo\"}]},{\"@type\":\"WebSite\",\"@id\":\"https:\\\/\\\/www.immobilienbusiness.ch\\\/#website\",\"url\":\"https:\\\/\\\/www.immobilienbusiness.ch\\\/\",\"name\":\"IMMOBILIEN Business\",\"description\":\"Unabh\u00e4ngiges Schweizer Wirtschaftsmagazin mit Fokus auf Immobilien, Architektur- und Bau sowie Investment- und Finanzierung.\",\"publisher\":{\"@id\":\"https:\\\/\\\/www.immobilienbusiness.ch\\\/#organization\"},\"potentialAction\":[{\"@type\":\"SearchAction\",\"target\":{\"@type\":\"EntryPoint\",\"urlTemplate\":\"https:\\\/\\\/www.immobilienbusiness.ch\\\/?s={search_term_string}\"},\"query-input\":{\"@type\":\"PropertyValueSpecification\",\"valueRequired\":true,\"valueName\":\"search_term_string\"}}],\"inLanguage\":\"it-IT\"},{\"@type\":\"Organization\",\"@id\":\"https:\\\/\\\/www.immobilienbusiness.ch\\\/#organization\",\"name\":\"IMMOBILIEN Business\",\"url\":\"https:\\\/\\\/www.immobilienbusiness.ch\\\/\",\"logo\":{\"@type\":\"ImageObject\",\"inLanguage\":\"it-IT\",\"@id\":\"https:\\\/\\\/www.immobilienbusiness.ch\\\/#\\\/schema\\\/logo\\\/image\\\/\",\"url\":\"https:\\\/\\\/www.immobilienbusiness.ch\\\/wp-content\\\/uploads\\\/2021\\\/07\\\/logo_ib.png\",\"contentUrl\":\"https:\\\/\\\/www.immobilienbusiness.ch\\\/wp-content\\\/uploads\\\/2021\\\/07\\\/logo_ib.png\",\"width\":800,\"height\":181,\"caption\":\"IMMOBILIEN Business\"},\"image\":{\"@id\":\"https:\\\/\\\/www.immobilienbusiness.ch\\\/#\\\/schema\\\/logo\\\/image\\\/\"},\"sameAs\":[\"https:\\\/\\\/www.facebook.com\\\/immobilienbusiness\\\/\"]},{\"@type\":\"Person\",\"@id\":\"https:\\\/\\\/www.immobilienbusiness.ch\\\/#\\\/schema\\\/person\\\/3fc036297b10b9f42d6db5ee932af8c8\",\"name\":\"anja.hall\",\"image\":{\"@type\":\"ImageObject\",\"inLanguage\":\"it-IT\",\"@id\":\"https:\\\/\\\/secure.gravatar.com\\\/avatar\\\/066b5a0d447013502c71a5782f4f3469f03cfe595cc2329fb94652fe47511bfb?s=96&d=mm&r=g\",\"url\":\"https:\\\/\\\/secure.gravatar.com\\\/avatar\\\/066b5a0d447013502c71a5782f4f3469f03cfe595cc2329fb94652fe47511bfb?s=96&d=mm&r=g\",\"contentUrl\":\"https:\\\/\\\/secure.gravatar.com\\\/avatar\\\/066b5a0d447013502c71a5782f4f3469f03cfe595cc2329fb94652fe47511bfb?s=96&d=mm&r=g\",\"caption\":\"anja.hall\"},\"url\":\"https:\\\/\\\/www.immobilienbusiness.ch\\\/it\\\/author\\\/anja-hall\\\/\"}]}<\/script>\n<!-- \/ Yoast SEO plugin. -->","yoast_head_json":{"title":"J\u00f6rg Brunner ist neuer CFO von Mobimo - IMMOBILIEN Business","description":"Der Verwaltungsrat von Mobimo hat J\u00f6rg Brunner zum Finanzchef ernannt. Er war bereits interimistischer CFO der Immobiliengesellschaft.","robots":{"index":"index","follow":"follow","max-snippet":"max-snippet:-1","max-image-preview":"max-image-preview:large","max-video-preview":"max-video-preview:-1"},"canonical":"https:\/\/www.immobilienbusiness.ch\/it\/personalia\/2022-12-19\/joerg-brunner-ist-neuer-cfo-von-mobimo\/","og_locale":"it_IT","og_type":"article","og_title":"J\u00f6rg Brunner ist neuer CFO von Mobimo - IMMOBILIEN Business","og_description":"Der Verwaltungsrat von Mobimo hat J\u00f6rg Brunner zum Finanzchef ernannt. Er war bereits interimistischer CFO der Immobiliengesellschaft.","og_url":"https:\/\/www.immobilienbusiness.ch\/it\/personalia\/2022-12-19\/joerg-brunner-ist-neuer-cfo-von-mobimo\/","og_site_name":"IMMOBILIEN Business","article_publisher":"https:\/\/www.facebook.com\/immobilienbusiness\/","article_published_time":"2022-12-19T07:22:40+00:00","og_image":[{"width":600,"height":400,"url":"https:\/\/www.immobilienbusiness.ch\/wp-content\/uploads\/2022\/12\/Brunner_@Markus_Bertschi.jpg","type":"image\/jpeg"}],"author":"anja.hall","twitter_card":"summary_large_image","twitter_image":"https:\/\/www.immobilienbusiness.ch\/wp-content\/uploads\/2022\/12\/Brunner_@Markus_Bertschi.jpg","schema":{"@context":"https:\/\/schema.org","@graph":[{"@type":"Article","@id":"https:\/\/www.immobilienbusiness.ch\/en\/personalia\/2022-12-19\/joerg-brunner-ist-neuer-cfo-von-mobimo\/#article","isPartOf":{"@id":"https:\/\/www.immobilienbusiness.ch\/en\/personalia\/2022-12-19\/joerg-brunner-ist-neuer-cfo-von-mobimo\/"},"author":{"name":"anja.hall","@id":"https:\/\/www.immobilienbusiness.ch\/#\/schema\/person\/3fc036297b10b9f42d6db5ee932af8c8"},"headline":"J\u00f6rg Brunner ist neuer CFO von Mobimo","datePublished":"2022-12-19T07:22:40+00:00","mainEntityOfPage":{"@id":"https:\/\/www.immobilienbusiness.ch\/en\/personalia\/2022-12-19\/joerg-brunner-ist-neuer-cfo-von-mobimo\/"},"wordCount":102,"publisher":{"@id":"https:\/\/www.immobilienbusiness.ch\/#organization"},"image":{"@id":"https:\/\/www.immobilienbusiness.ch\/en\/personalia\/2022-12-19\/joerg-brunner-ist-neuer-cfo-von-mobimo\/#primaryimage"},"thumbnailUrl":"https:\/\/www.immobilienbusiness.ch\/wp-content\/uploads\/2022\/12\/Brunner_@Markus_Bertschi.jpg","keywords":["Mobimo","Personalia"],"articleSection":["PERSONALIA"],"inLanguage":"it-IT"},{"@type":"WebPage","@id":"https:\/\/www.immobilienbusiness.ch\/en\/personalia\/2022-12-19\/joerg-brunner-ist-neuer-cfo-von-mobimo\/","url":"https:\/\/www.immobilienbusiness.ch\/en\/personalia\/2022-12-19\/joerg-brunner-ist-neuer-cfo-von-mobimo\/","name":"J\u00f6rg Brunner ist neuer CFO von Mobimo - IMMOBILIEN Business","isPartOf":{"@id":"https:\/\/www.immobilienbusiness.ch\/#website"},"primaryImageOfPage":{"@id":"https:\/\/www.immobilienbusiness.ch\/en\/personalia\/2022-12-19\/joerg-brunner-ist-neuer-cfo-von-mobimo\/#primaryimage"},"image":{"@id":"https:\/\/www.immobilienbusiness.ch\/en\/personalia\/2022-12-19\/joerg-brunner-ist-neuer-cfo-von-mobimo\/#primaryimage"},"thumbnailUrl":"https:\/\/www.immobilienbusiness.ch\/wp-content\/uploads\/2022\/12\/Brunner_@Markus_Bertschi.jpg","datePublished":"2022-12-19T07:22:40+00:00","description":"Der Verwaltungsrat von Mobimo hat J\u00f6rg Brunner zum Finanzchef ernannt. Er war bereits interimistischer CFO der Immobiliengesellschaft.","breadcrumb":{"@id":"https:\/\/www.immobilienbusiness.ch\/en\/personalia\/2022-12-19\/joerg-brunner-ist-neuer-cfo-von-mobimo\/#breadcrumb"},"inLanguage":"it-IT","potentialAction":[{"@type":"ReadAction","target":["https:\/\/www.immobilienbusiness.ch\/en\/personalia\/2022-12-19\/joerg-brunner-ist-neuer-cfo-von-mobimo\/"]}]},{"@type":"ImageObject","inLanguage":"it-IT","@id":"https:\/\/www.immobilienbusiness.ch\/en\/personalia\/2022-12-19\/joerg-brunner-ist-neuer-cfo-von-mobimo\/#primaryimage","url":"https:\/\/www.immobilienbusiness.ch\/wp-content\/uploads\/2022\/12\/Brunner_@Markus_Bertschi.jpg","contentUrl":"https:\/\/www.immobilienbusiness.ch\/wp-content\/uploads\/2022\/12\/Brunner_@Markus_Bertschi.jpg","width":600,"height":400,"caption":"J\u00f6rg Brunner (@Markus Bertschi)"},{"@type":"BreadcrumbList","@id":"https:\/\/www.immobilienbusiness.ch\/en\/personalia\/2022-12-19\/joerg-brunner-ist-neuer-cfo-von-mobimo\/#breadcrumb","itemListElement":[{"@type":"ListItem","position":1,"name":"Home","item":"https:\/\/www.immobilienbusiness.ch\/"},{"@type":"ListItem","position":2,"name":"J\u00f6rg Brunner ist neuer CFO von Mobimo"}]},{"@type":"WebSite","@id":"https:\/\/www.immobilienbusiness.ch\/#website","url":"https:\/\/www.immobilienbusiness.ch\/","name":"Affari immobiliari","description":"Rivista economica indipendente svizzera che si concentra sul settore immobiliare, l'architettura e la costruzione, nonch\u00e9 sugli investimenti e i finanziamenti.","publisher":{"@id":"https:\/\/www.immobilienbusiness.ch\/#organization"},"potentialAction":[{"@type":"SearchAction","target":{"@type":"EntryPoint","urlTemplate":"https:\/\/www.immobilienbusiness.ch\/?s={search_term_string}"},"query-input":{"@type":"PropertyValueSpecification","valueRequired":true,"valueName":"search_term_string"}}],"inLanguage":"it-IT"},{"@type":"Organization","@id":"https:\/\/www.immobilienbusiness.ch\/#organization","name":"Affari immobiliari","url":"https:\/\/www.immobilienbusiness.ch\/","logo":{"@type":"ImageObject","inLanguage":"it-IT","@id":"https:\/\/www.immobilienbusiness.ch\/#\/schema\/logo\/image\/","url":"https:\/\/www.immobilienbusiness.ch\/wp-content\/uploads\/2021\/07\/logo_ib.png","contentUrl":"https:\/\/www.immobilienbusiness.ch\/wp-content\/uploads\/2021\/07\/logo_ib.png","width":800,"height":181,"caption":"IMMOBILIEN Business"},"image":{"@id":"https:\/\/www.immobilienbusiness.ch\/#\/schema\/logo\/image\/"},"sameAs":["https:\/\/www.facebook.com\/immobilienbusiness\/"]},{"@type":"Person","@id":"https:\/\/www.immobilienbusiness.ch\/#\/schema\/person\/3fc036297b10b9f42d6db5ee932af8c8","name":"anja.hall","image":{"@type":"ImageObject","inLanguage":"it-IT","@id":"https:\/\/secure.gravatar.com\/avatar\/066b5a0d447013502c71a5782f4f3469f03cfe595cc2329fb94652fe47511bfb?s=96&d=mm&r=g","url":"https:\/\/secure.gravatar.com\/avatar\/066b5a0d447013502c71a5782f4f3469f03cfe595cc2329fb94652fe47511bfb?s=96&d=mm&r=g","contentUrl":"https:\/\/secure.gravatar.com\/avatar\/066b5a0d447013502c71a5782f4f3469f03cfe595cc2329fb94652fe47511bfb?s=96&d=mm&r=g","caption":"anja.hall"},"url":"https:\/\/www.immobilienbusiness.ch\/it\/author\/anja-hall\/"}]}},"_links":{"self":[{"href":"https:\/\/www.immobilienbusiness.ch\/it\/wp-json\/wp\/v2\/posts\/45185","targetHints":{"allow":["GET"]}}],"collection":[{"href":"https:\/\/www.immobilienbusiness.ch\/it\/wp-json\/wp\/v2\/posts"}],"about":[{"href":"https:\/\/www.immobilienbusiness.ch\/it\/wp-json\/wp\/v2\/types\/post"}],"author":[{"embeddable":true,"href":"https:\/\/www.immobilienbusiness.ch\/it\/wp-json\/wp\/v2\/users\/3"}],"replies":[{"embeddable":true,"href":"https:\/\/www.immobilienbusiness.ch\/it\/wp-json\/wp\/v2\/comments?post=45185"}],"version-history":[{"count":1,"href":"https:\/\/www.immobilienbusiness.ch\/it\/wp-json\/wp\/v2\/posts\/45185\/revisions"}],"predecessor-version":[{"id":45187,"href":"https:\/\/www.immobilienbusiness.ch\/it\/wp-json\/wp\/v2\/posts\/45185\/revisions\/45187"}],"wp:featuredmedia":[{"embeddable":true,"href":"https:\/\/www.immobilienbusiness.ch\/it\/wp-json\/wp\/v2\/media\/45186"}],"wp:attachment":[{"href":"https:\/\/www.immobilienbusiness.ch\/it\/wp-json\/wp\/v2\/media?parent=45185"}],"wp:term":[{"taxonomy":"category","embeddable":true,"href":"https:\/\/www.immobilienbusiness.ch\/it\/wp-json\/wp\/v2\/categories?post=45185"},{"taxonomy":"post_tag","embeddable":true,"href":"https:\/\/www.immobilienbusiness.ch\/it\/wp-json\/wp\/v2\/tags?post=45185"}],"curies":[{"name":"wp","href":"https:\/\/api.w.org\/{rel}","templated":true}]}}