{"id":44995,"date":"2022-12-05T08:06:48","date_gmt":"2022-12-05T07:06:48","guid":{"rendered":"https:\/\/www.immobilienbusiness.ch\/?p=44995"},"modified":"2022-12-05T08:06:48","modified_gmt":"2022-12-05T07:06:48","slug":"martin-neff-zieht-in-den-halter-vr-ein","status":"publish","type":"post","link":"https:\/\/www.immobilienbusiness.ch\/it\/personalia\/2022-12-05\/martin-neff-zieht-in-den-halter-vr-ein\/","title":{"rendered":"Martin Neff entra a far parte del Consiglio di sorveglianza di Halter"},"content":{"rendered":"<figure id=\"attachment_44996\" aria-describedby=\"caption-attachment-44996\" style=\"width: 1400px\" class=\"wp-caption alignnone\"><a href=\"https:\/\/www.immobilienbusiness.ch\/wp-content\/uploads\/2022\/12\/neff-0561-scaled.jpg\"><img loading=\"lazy\" decoding=\"async\" class=\"size-full wp-image-44996\" src=\"https:\/\/www.immobilienbusiness.ch\/wp-content\/uploads\/2022\/12\/neff-0561-scaled.jpg\" alt=\"\" width=\"1400\" height=\"933\" srcset=\"https:\/\/www.immobilienbusiness.ch\/wp-content\/uploads\/2022\/12\/neff-0561-scaled.jpg 1200w, https:\/\/www.immobilienbusiness.ch\/wp-content\/uploads\/2022\/12\/neff-0561-300x200.jpg 300w, https:\/\/www.immobilienbusiness.ch\/wp-content\/uploads\/2022\/12\/neff-0561-1024x683.jpg 1024w, https:\/\/www.immobilienbusiness.ch\/wp-content\/uploads\/2022\/12\/neff-0561-768x512.jpg 768w, https:\/\/www.immobilienbusiness.ch\/wp-content\/uploads\/2022\/12\/neff-0561-1536x1024.jpg 1536w, https:\/\/www.immobilienbusiness.ch\/wp-content\/uploads\/2022\/12\/neff-0561-2048x1365.jpg 2048w, https:\/\/www.immobilienbusiness.ch\/wp-content\/uploads\/2022\/12\/neff-0561-18x12.jpg 18w, https:\/\/www.immobilienbusiness.ch\/wp-content\/uploads\/2022\/12\/neff-0561-375x250.jpg 375w, https:\/\/www.immobilienbusiness.ch\/wp-content\/uploads\/2022\/12\/neff-0561-525x350.jpg 525w, https:\/\/www.immobilienbusiness.ch\/wp-content\/uploads\/2022\/12\/neff-0561-1000x667.jpg 1000w\" sizes=\"auto, (max-width: 1400px) 100vw, 1400px\" \/><\/a><figcaption id=\"caption-attachment-44996\" class=\"wp-caption-text\">Martin Neff (Fonte: Halter AG)<\/figcaption><\/figure>\n<p>Martin Neff, Chief Economist del Gruppo Raiffeisen, \u00e8 stato eletto membro del Consiglio di Amministrazione di Halter AG. L\u00ec contribuir\u00e0 con la sua \"vasta esperienza economica\", secondo l'immobiliarista.<\/p>\n<p>Il 62enne Neff \u00e8 capo economista del Gruppo Raiffeisen dal 2013. Nato in Germania, ha lavorato in precedenza per molti anni presso il Credit Suisse, dove ha creato il dipartimento Research Switzerland e nel 2008 ha assunto la direzione dell'intero dipartimento di Economic Research, diventando Chief Economist.<\/p>\n<p>Balz Halter, Presidente del Consiglio di Amministrazione e azionista di maggioranza di Halter AG, ha dichiarato che Neff \"non \u00e8 solo un esperto comprovato dei mercati immobiliari svizzeri, ma \u00e8 anche stato in grado di posizionarsi costantemente come voce pubblica con peso e grande credibilit\u00e0 nella sua carriera fino ad oggi\".<\/p>\n<p>Il Consiglio di amministrazione di Halter AG \u00e8 quindi composto da cinque persone: Balz Halter (presidente), Urs Ernst, Roger Dettwiler, Nicolas Iynedjian e Martin Neff. <em>(ah)<\/em><\/p>","protected":false},"excerpt":{"rendered":"<p>Il capo economista di lunga data del Gruppo Raiffeisen diventa il quinto membro del Consiglio di amministrazione.<\/p>","protected":false},"author":3,"featured_media":44996,"comment_status":"closed","ping_status":"closed","sticky":false,"template":"","format":"standard","meta":{"_acf_changed":false,"_yoast_wpseo_focuskw":"Neff","_yoast_wpseo_title":"","_yoast_wpseo_metadesc":"Der langj\u00e4hrige Chef\u00f6konom der Raiffeisen-Gruppe Martin Neff wird f\u00fcnftes Mitglied des Verwaltungsrats.","_yoast_wpseo_linkdex":44,"pgc_sgb_lightbox_settings":"","footnotes":""},"categories":[1912],"tags":[1291,1563,1615,1834],"class_list":["post-44995","post","type-post","status-publish","format-standard","has-post-thumbnail","hentry","category-personalia","tag-halter-ag","tag-personalia","tag-raiffeisen","tag-verwaltungsrat"],"acf":[],"yoast_head":"<!-- This site is optimized with the Yoast SEO plugin v27.4 - https:\/\/yoast.com\/product\/yoast-seo-wordpress\/ -->\n<title>Martin Neff zieht in den Halter-VR ein - IMMOBILIEN Business<\/title>\n<meta name=\"description\" content=\"Der langj\u00e4hrige Chef\u00f6konom der Raiffeisen-Gruppe Martin Neff wird f\u00fcnftes Mitglied des Verwaltungsrats.\" \/>\n<meta name=\"robots\" content=\"index, follow, max-snippet:-1, max-image-preview:large, max-video-preview:-1\" \/>\n<link rel=\"canonical\" href=\"https:\/\/www.immobilienbusiness.ch\/it\/personalia\/2022-12-05\/martin-neff-zieht-in-den-halter-vr-ein\/\" \/>\n<meta property=\"og:locale\" content=\"it_IT\" \/>\n<meta property=\"og:type\" content=\"article\" \/>\n<meta property=\"og:title\" content=\"Martin Neff zieht in den Halter-VR ein - IMMOBILIEN Business\" \/>\n<meta property=\"og:description\" content=\"Der langj\u00e4hrige Chef\u00f6konom der Raiffeisen-Gruppe Martin Neff wird f\u00fcnftes Mitglied des Verwaltungsrats.\" \/>\n<meta property=\"og:url\" content=\"https:\/\/www.immobilienbusiness.ch\/it\/personalia\/2022-12-05\/martin-neff-zieht-in-den-halter-vr-ein\/\" \/>\n<meta property=\"og:site_name\" content=\"IMMOBILIEN Business\" \/>\n<meta property=\"article:publisher\" content=\"https:\/\/www.facebook.com\/immobilienbusiness\/\" \/>\n<meta property=\"article:published_time\" content=\"2022-12-05T07:06:48+00:00\" \/>\n<meta property=\"og:image\" content=\"https:\/\/www.immobilienbusiness.ch\/wp-content\/uploads\/2022\/12\/neff-0561-scaled.jpg\" \/>\n\t<meta property=\"og:image:width\" content=\"1200\" \/>\n\t<meta property=\"og:image:height\" content=\"800\" \/>\n\t<meta property=\"og:image:type\" content=\"image\/jpeg\" \/>\n<meta name=\"author\" content=\"anja.hall\" \/>\n<meta name=\"twitter:card\" content=\"summary_large_image\" \/>\n<meta name=\"twitter:image\" content=\"https:\/\/www.immobilienbusiness.ch\/wp-content\/uploads\/2022\/12\/neff-0561-scaled.jpg\" \/>\n<script type=\"application\/ld+json\" class=\"yoast-schema-graph\">{\"@context\":\"https:\\\/\\\/schema.org\",\"@graph\":[{\"@type\":\"Article\",\"@id\":\"https:\\\/\\\/www.immobilienbusiness.ch\\\/fr\\\/personalia\\\/2022-12-05\\\/martin-neff-zieht-in-den-halter-vr-ein\\\/#article\",\"isPartOf\":{\"@id\":\"https:\\\/\\\/www.immobilienbusiness.ch\\\/fr\\\/personalia\\\/2022-12-05\\\/martin-neff-zieht-in-den-halter-vr-ein\\\/\"},\"author\":{\"name\":\"anja.hall\",\"@id\":\"https:\\\/\\\/www.immobilienbusiness.ch\\\/#\\\/schema\\\/person\\\/3fc036297b10b9f42d6db5ee932af8c8\"},\"headline\":\"Martin Neff zieht in den Halter-VR ein\",\"datePublished\":\"2022-12-05T07:06:48+00:00\",\"mainEntityOfPage\":{\"@id\":\"https:\\\/\\\/www.immobilienbusiness.ch\\\/fr\\\/personalia\\\/2022-12-05\\\/martin-neff-zieht-in-den-halter-vr-ein\\\/\"},\"wordCount\":158,\"publisher\":{\"@id\":\"https:\\\/\\\/www.immobilienbusiness.ch\\\/#organization\"},\"image\":{\"@id\":\"https:\\\/\\\/www.immobilienbusiness.ch\\\/fr\\\/personalia\\\/2022-12-05\\\/martin-neff-zieht-in-den-halter-vr-ein\\\/#primaryimage\"},\"thumbnailUrl\":\"https:\\\/\\\/www.immobilienbusiness.ch\\\/wp-content\\\/uploads\\\/2022\\\/12\\\/neff-0561-scaled.jpg\",\"keywords\":[\"Halter AG\",\"Personalia\",\"Raiffeisen\",\"Verwaltungsrat\"],\"articleSection\":[\"PERSONALIA\"],\"inLanguage\":\"it-IT\"},{\"@type\":\"WebPage\",\"@id\":\"https:\\\/\\\/www.immobilienbusiness.ch\\\/fr\\\/personalia\\\/2022-12-05\\\/martin-neff-zieht-in-den-halter-vr-ein\\\/\",\"url\":\"https:\\\/\\\/www.immobilienbusiness.ch\\\/fr\\\/personalia\\\/2022-12-05\\\/martin-neff-zieht-in-den-halter-vr-ein\\\/\",\"name\":\"Martin Neff zieht in den Halter-VR ein - IMMOBILIEN Business\",\"isPartOf\":{\"@id\":\"https:\\\/\\\/www.immobilienbusiness.ch\\\/#website\"},\"primaryImageOfPage\":{\"@id\":\"https:\\\/\\\/www.immobilienbusiness.ch\\\/fr\\\/personalia\\\/2022-12-05\\\/martin-neff-zieht-in-den-halter-vr-ein\\\/#primaryimage\"},\"image\":{\"@id\":\"https:\\\/\\\/www.immobilienbusiness.ch\\\/fr\\\/personalia\\\/2022-12-05\\\/martin-neff-zieht-in-den-halter-vr-ein\\\/#primaryimage\"},\"thumbnailUrl\":\"https:\\\/\\\/www.immobilienbusiness.ch\\\/wp-content\\\/uploads\\\/2022\\\/12\\\/neff-0561-scaled.jpg\",\"datePublished\":\"2022-12-05T07:06:48+00:00\",\"description\":\"Der langj\u00e4hrige Chef\u00f6konom der Raiffeisen-Gruppe Martin Neff wird f\u00fcnftes Mitglied des Verwaltungsrats.\",\"breadcrumb\":{\"@id\":\"https:\\\/\\\/www.immobilienbusiness.ch\\\/fr\\\/personalia\\\/2022-12-05\\\/martin-neff-zieht-in-den-halter-vr-ein\\\/#breadcrumb\"},\"inLanguage\":\"it-IT\",\"potentialAction\":[{\"@type\":\"ReadAction\",\"target\":[\"https:\\\/\\\/www.immobilienbusiness.ch\\\/fr\\\/personalia\\\/2022-12-05\\\/martin-neff-zieht-in-den-halter-vr-ein\\\/\"]}]},{\"@type\":\"ImageObject\",\"inLanguage\":\"it-IT\",\"@id\":\"https:\\\/\\\/www.immobilienbusiness.ch\\\/fr\\\/personalia\\\/2022-12-05\\\/martin-neff-zieht-in-den-halter-vr-ein\\\/#primaryimage\",\"url\":\"https:\\\/\\\/www.immobilienbusiness.ch\\\/wp-content\\\/uploads\\\/2022\\\/12\\\/neff-0561-scaled.jpg\",\"contentUrl\":\"https:\\\/\\\/www.immobilienbusiness.ch\\\/wp-content\\\/uploads\\\/2022\\\/12\\\/neff-0561-scaled.jpg\",\"width\":1200,\"height\":800,\"caption\":\"Martin Neff (Quelle: Halter AG)\"},{\"@type\":\"BreadcrumbList\",\"@id\":\"https:\\\/\\\/www.immobilienbusiness.ch\\\/fr\\\/personalia\\\/2022-12-05\\\/martin-neff-zieht-in-den-halter-vr-ein\\\/#breadcrumb\",\"itemListElement\":[{\"@type\":\"ListItem\",\"position\":1,\"name\":\"Home\",\"item\":\"https:\\\/\\\/www.immobilienbusiness.ch\\\/\"},{\"@type\":\"ListItem\",\"position\":2,\"name\":\"Martin Neff zieht in den Halter-VR ein\"}]},{\"@type\":\"WebSite\",\"@id\":\"https:\\\/\\\/www.immobilienbusiness.ch\\\/#website\",\"url\":\"https:\\\/\\\/www.immobilienbusiness.ch\\\/\",\"name\":\"IMMOBILIEN Business\",\"description\":\"Unabh\u00e4ngiges Schweizer Wirtschaftsmagazin mit Fokus auf Immobilien, Architektur- und Bau sowie Investment- und Finanzierung.\",\"publisher\":{\"@id\":\"https:\\\/\\\/www.immobilienbusiness.ch\\\/#organization\"},\"potentialAction\":[{\"@type\":\"SearchAction\",\"target\":{\"@type\":\"EntryPoint\",\"urlTemplate\":\"https:\\\/\\\/www.immobilienbusiness.ch\\\/?s={search_term_string}\"},\"query-input\":{\"@type\":\"PropertyValueSpecification\",\"valueRequired\":true,\"valueName\":\"search_term_string\"}}],\"inLanguage\":\"it-IT\"},{\"@type\":\"Organization\",\"@id\":\"https:\\\/\\\/www.immobilienbusiness.ch\\\/#organization\",\"name\":\"IMMOBILIEN Business\",\"url\":\"https:\\\/\\\/www.immobilienbusiness.ch\\\/\",\"logo\":{\"@type\":\"ImageObject\",\"inLanguage\":\"it-IT\",\"@id\":\"https:\\\/\\\/www.immobilienbusiness.ch\\\/#\\\/schema\\\/logo\\\/image\\\/\",\"url\":\"https:\\\/\\\/www.immobilienbusiness.ch\\\/wp-content\\\/uploads\\\/2021\\\/07\\\/logo_ib.png\",\"contentUrl\":\"https:\\\/\\\/www.immobilienbusiness.ch\\\/wp-content\\\/uploads\\\/2021\\\/07\\\/logo_ib.png\",\"width\":800,\"height\":181,\"caption\":\"IMMOBILIEN Business\"},\"image\":{\"@id\":\"https:\\\/\\\/www.immobilienbusiness.ch\\\/#\\\/schema\\\/logo\\\/image\\\/\"},\"sameAs\":[\"https:\\\/\\\/www.facebook.com\\\/immobilienbusiness\\\/\"]},{\"@type\":\"Person\",\"@id\":\"https:\\\/\\\/www.immobilienbusiness.ch\\\/#\\\/schema\\\/person\\\/3fc036297b10b9f42d6db5ee932af8c8\",\"name\":\"anja.hall\",\"image\":{\"@type\":\"ImageObject\",\"inLanguage\":\"it-IT\",\"@id\":\"https:\\\/\\\/secure.gravatar.com\\\/avatar\\\/066b5a0d447013502c71a5782f4f3469f03cfe595cc2329fb94652fe47511bfb?s=96&d=mm&r=g\",\"url\":\"https:\\\/\\\/secure.gravatar.com\\\/avatar\\\/066b5a0d447013502c71a5782f4f3469f03cfe595cc2329fb94652fe47511bfb?s=96&d=mm&r=g\",\"contentUrl\":\"https:\\\/\\\/secure.gravatar.com\\\/avatar\\\/066b5a0d447013502c71a5782f4f3469f03cfe595cc2329fb94652fe47511bfb?s=96&d=mm&r=g\",\"caption\":\"anja.hall\"},\"url\":\"https:\\\/\\\/www.immobilienbusiness.ch\\\/it\\\/author\\\/anja-hall\\\/\"}]}<\/script>\n<!-- \/ Yoast SEO plugin. -->","yoast_head_json":{"title":"Martin Neff entra a far parte del Consiglio di Amministrazione di Halter - IMMOBILIEN Business","description":"Martin Neff, da molti anni capo economista del Gruppo Raiffeisen, diventa il quinto membro del Consiglio di amministrazione.","robots":{"index":"index","follow":"follow","max-snippet":"max-snippet:-1","max-image-preview":"max-image-preview:large","max-video-preview":"max-video-preview:-1"},"canonical":"https:\/\/www.immobilienbusiness.ch\/it\/personalia\/2022-12-05\/martin-neff-zieht-in-den-halter-vr-ein\/","og_locale":"it_IT","og_type":"article","og_title":"Martin Neff zieht in den Halter-VR ein - IMMOBILIEN Business","og_description":"Der langj\u00e4hrige Chef\u00f6konom der Raiffeisen-Gruppe Martin Neff wird f\u00fcnftes Mitglied des Verwaltungsrats.","og_url":"https:\/\/www.immobilienbusiness.ch\/it\/personalia\/2022-12-05\/martin-neff-zieht-in-den-halter-vr-ein\/","og_site_name":"IMMOBILIEN Business","article_publisher":"https:\/\/www.facebook.com\/immobilienbusiness\/","article_published_time":"2022-12-05T07:06:48+00:00","og_image":[{"width":1200,"height":800,"url":"https:\/\/www.immobilienbusiness.ch\/wp-content\/uploads\/2022\/12\/neff-0561-scaled.jpg","type":"image\/jpeg"}],"author":"anja.hall","twitter_card":"summary_large_image","twitter_image":"https:\/\/www.immobilienbusiness.ch\/wp-content\/uploads\/2022\/12\/neff-0561-scaled.jpg","schema":{"@context":"https:\/\/schema.org","@graph":[{"@type":"Article","@id":"https:\/\/www.immobilienbusiness.ch\/fr\/personalia\/2022-12-05\/martin-neff-zieht-in-den-halter-vr-ein\/#article","isPartOf":{"@id":"https:\/\/www.immobilienbusiness.ch\/fr\/personalia\/2022-12-05\/martin-neff-zieht-in-den-halter-vr-ein\/"},"author":{"name":"anja.hall","@id":"https:\/\/www.immobilienbusiness.ch\/#\/schema\/person\/3fc036297b10b9f42d6db5ee932af8c8"},"headline":"Martin Neff zieht in den Halter-VR ein","datePublished":"2022-12-05T07:06:48+00:00","mainEntityOfPage":{"@id":"https:\/\/www.immobilienbusiness.ch\/fr\/personalia\/2022-12-05\/martin-neff-zieht-in-den-halter-vr-ein\/"},"wordCount":158,"publisher":{"@id":"https:\/\/www.immobilienbusiness.ch\/#organization"},"image":{"@id":"https:\/\/www.immobilienbusiness.ch\/fr\/personalia\/2022-12-05\/martin-neff-zieht-in-den-halter-vr-ein\/#primaryimage"},"thumbnailUrl":"https:\/\/www.immobilienbusiness.ch\/wp-content\/uploads\/2022\/12\/neff-0561-scaled.jpg","keywords":["Halter AG","Personalia","Raiffeisen","Verwaltungsrat"],"articleSection":["PERSONALIA"],"inLanguage":"it-IT"},{"@type":"WebPage","@id":"https:\/\/www.immobilienbusiness.ch\/fr\/personalia\/2022-12-05\/martin-neff-zieht-in-den-halter-vr-ein\/","url":"https:\/\/www.immobilienbusiness.ch\/fr\/personalia\/2022-12-05\/martin-neff-zieht-in-den-halter-vr-ein\/","name":"Martin Neff entra a far parte del Consiglio di Amministrazione di Halter - IMMOBILIEN Business","isPartOf":{"@id":"https:\/\/www.immobilienbusiness.ch\/#website"},"primaryImageOfPage":{"@id":"https:\/\/www.immobilienbusiness.ch\/fr\/personalia\/2022-12-05\/martin-neff-zieht-in-den-halter-vr-ein\/#primaryimage"},"image":{"@id":"https:\/\/www.immobilienbusiness.ch\/fr\/personalia\/2022-12-05\/martin-neff-zieht-in-den-halter-vr-ein\/#primaryimage"},"thumbnailUrl":"https:\/\/www.immobilienbusiness.ch\/wp-content\/uploads\/2022\/12\/neff-0561-scaled.jpg","datePublished":"2022-12-05T07:06:48+00:00","description":"Martin Neff, da molti anni capo economista del Gruppo Raiffeisen, diventa il quinto membro del Consiglio di amministrazione.","breadcrumb":{"@id":"https:\/\/www.immobilienbusiness.ch\/fr\/personalia\/2022-12-05\/martin-neff-zieht-in-den-halter-vr-ein\/#breadcrumb"},"inLanguage":"it-IT","potentialAction":[{"@type":"ReadAction","target":["https:\/\/www.immobilienbusiness.ch\/fr\/personalia\/2022-12-05\/martin-neff-zieht-in-den-halter-vr-ein\/"]}]},{"@type":"ImageObject","inLanguage":"it-IT","@id":"https:\/\/www.immobilienbusiness.ch\/fr\/personalia\/2022-12-05\/martin-neff-zieht-in-den-halter-vr-ein\/#primaryimage","url":"https:\/\/www.immobilienbusiness.ch\/wp-content\/uploads\/2022\/12\/neff-0561-scaled.jpg","contentUrl":"https:\/\/www.immobilienbusiness.ch\/wp-content\/uploads\/2022\/12\/neff-0561-scaled.jpg","width":1200,"height":800,"caption":"Martin Neff (Quelle: Halter AG)"},{"@type":"BreadcrumbList","@id":"https:\/\/www.immobilienbusiness.ch\/fr\/personalia\/2022-12-05\/martin-neff-zieht-in-den-halter-vr-ein\/#breadcrumb","itemListElement":[{"@type":"ListItem","position":1,"name":"Home","item":"https:\/\/www.immobilienbusiness.ch\/"},{"@type":"ListItem","position":2,"name":"Martin Neff zieht in den Halter-VR ein"}]},{"@type":"WebSite","@id":"https:\/\/www.immobilienbusiness.ch\/#website","url":"https:\/\/www.immobilienbusiness.ch\/","name":"Affari immobiliari","description":"Rivista economica indipendente svizzera che si concentra sul settore immobiliare, l'architettura e la costruzione, nonch\u00e9 sugli investimenti e i finanziamenti.","publisher":{"@id":"https:\/\/www.immobilienbusiness.ch\/#organization"},"potentialAction":[{"@type":"SearchAction","target":{"@type":"EntryPoint","urlTemplate":"https:\/\/www.immobilienbusiness.ch\/?s={search_term_string}"},"query-input":{"@type":"PropertyValueSpecification","valueRequired":true,"valueName":"search_term_string"}}],"inLanguage":"it-IT"},{"@type":"Organization","@id":"https:\/\/www.immobilienbusiness.ch\/#organization","name":"Affari immobiliari","url":"https:\/\/www.immobilienbusiness.ch\/","logo":{"@type":"ImageObject","inLanguage":"it-IT","@id":"https:\/\/www.immobilienbusiness.ch\/#\/schema\/logo\/image\/","url":"https:\/\/www.immobilienbusiness.ch\/wp-content\/uploads\/2021\/07\/logo_ib.png","contentUrl":"https:\/\/www.immobilienbusiness.ch\/wp-content\/uploads\/2021\/07\/logo_ib.png","width":800,"height":181,"caption":"IMMOBILIEN Business"},"image":{"@id":"https:\/\/www.immobilienbusiness.ch\/#\/schema\/logo\/image\/"},"sameAs":["https:\/\/www.facebook.com\/immobilienbusiness\/"]},{"@type":"Person","@id":"https:\/\/www.immobilienbusiness.ch\/#\/schema\/person\/3fc036297b10b9f42d6db5ee932af8c8","name":"anja.hall","image":{"@type":"ImageObject","inLanguage":"it-IT","@id":"https:\/\/secure.gravatar.com\/avatar\/066b5a0d447013502c71a5782f4f3469f03cfe595cc2329fb94652fe47511bfb?s=96&d=mm&r=g","url":"https:\/\/secure.gravatar.com\/avatar\/066b5a0d447013502c71a5782f4f3469f03cfe595cc2329fb94652fe47511bfb?s=96&d=mm&r=g","contentUrl":"https:\/\/secure.gravatar.com\/avatar\/066b5a0d447013502c71a5782f4f3469f03cfe595cc2329fb94652fe47511bfb?s=96&d=mm&r=g","caption":"anja.hall"},"url":"https:\/\/www.immobilienbusiness.ch\/it\/author\/anja-hall\/"}]}},"_links":{"self":[{"href":"https:\/\/www.immobilienbusiness.ch\/it\/wp-json\/wp\/v2\/posts\/44995","targetHints":{"allow":["GET"]}}],"collection":[{"href":"https:\/\/www.immobilienbusiness.ch\/it\/wp-json\/wp\/v2\/posts"}],"about":[{"href":"https:\/\/www.immobilienbusiness.ch\/it\/wp-json\/wp\/v2\/types\/post"}],"author":[{"embeddable":true,"href":"https:\/\/www.immobilienbusiness.ch\/it\/wp-json\/wp\/v2\/users\/3"}],"replies":[{"embeddable":true,"href":"https:\/\/www.immobilienbusiness.ch\/it\/wp-json\/wp\/v2\/comments?post=44995"}],"version-history":[{"count":1,"href":"https:\/\/www.immobilienbusiness.ch\/it\/wp-json\/wp\/v2\/posts\/44995\/revisions"}],"predecessor-version":[{"id":44997,"href":"https:\/\/www.immobilienbusiness.ch\/it\/wp-json\/wp\/v2\/posts\/44995\/revisions\/44997"}],"wp:featuredmedia":[{"embeddable":true,"href":"https:\/\/www.immobilienbusiness.ch\/it\/wp-json\/wp\/v2\/media\/44996"}],"wp:attachment":[{"href":"https:\/\/www.immobilienbusiness.ch\/it\/wp-json\/wp\/v2\/media?parent=44995"}],"wp:term":[{"taxonomy":"category","embeddable":true,"href":"https:\/\/www.immobilienbusiness.ch\/it\/wp-json\/wp\/v2\/categories?post=44995"},{"taxonomy":"post_tag","embeddable":true,"href":"https:\/\/www.immobilienbusiness.ch\/it\/wp-json\/wp\/v2\/tags?post=44995"}],"curies":[{"name":"wp","href":"https:\/\/api.w.org\/{rel}","templated":true}]}}