{"id":4494,"date":"2016-06-29T08:34:44","date_gmt":"2016-06-29T06:34:44","guid":{"rendered":"http:\/\/dev.immobilienbusiness.ch\/?p=4494"},"modified":"2016-06-29T08:34:44","modified_gmt":"2016-06-29T06:34:44","slug":"zima-wechsel-im-vorsitz-des-aufsichtsrats","status":"publish","type":"post","link":"https:\/\/www.immobilienbusiness.ch\/it\/unternehmen\/2016-06-29\/zima-wechsel-im-vorsitz-des-aufsichtsrats\/","title":{"rendered":"ZIMA: Cambiamento nella presidenza del consiglio di sorveglianza"},"content":{"rendered":"<figure id=\"attachment_4498\" aria-describedby=\"caption-attachment-4498\" style=\"width: 680px\" class=\"wp-caption alignnone\"><img loading=\"lazy\" decoding=\"async\" class=\"size-medium wp-image-4498\" src=\"https:\/\/immobilienbusiness.ch\/wp-content\/uploads\/2016\/12\/ZIMA-Wechsel-im-Vorsitz-des-Aufsichtsrats-immobilien-business.jpg\" alt=\"Anton St\u00f6ckl ist neuer Aufsichtsratsvorsitzender der ZIMA (Foto: ZIMA Holding AG)\" width=\"680\" height=\"372\" srcset=\"https:\/\/www.immobilienbusiness.ch\/wp-content\/uploads\/2016\/12\/ZIMA-Wechsel-im-Vorsitz-des-Aufsichtsrats-immobilien-business.jpg 1280w, https:\/\/www.immobilienbusiness.ch\/wp-content\/uploads\/2016\/12\/ZIMA-Wechsel-im-Vorsitz-des-Aufsichtsrats-immobilien-business-300x164.jpg 300w, https:\/\/www.immobilienbusiness.ch\/wp-content\/uploads\/2016\/12\/ZIMA-Wechsel-im-Vorsitz-des-Aufsichtsrats-immobilien-business-1024x560.jpg 1024w, https:\/\/www.immobilienbusiness.ch\/wp-content\/uploads\/2016\/12\/ZIMA-Wechsel-im-Vorsitz-des-Aufsichtsrats-immobilien-business-768x420.jpg 768w, https:\/\/www.immobilienbusiness.ch\/wp-content\/uploads\/2016\/12\/ZIMA-Wechsel-im-Vorsitz-des-Aufsichtsrats-immobilien-business-16x9.jpg 16w, https:\/\/www.immobilienbusiness.ch\/wp-content\/uploads\/2016\/12\/ZIMA-Wechsel-im-Vorsitz-des-Aufsichtsrats-immobilien-business-320x175.jpg 320w, https:\/\/www.immobilienbusiness.ch\/wp-content\/uploads\/2016\/12\/ZIMA-Wechsel-im-Vorsitz-des-Aufsichtsrats-immobilien-business-640x350.jpg 640w, https:\/\/www.immobilienbusiness.ch\/wp-content\/uploads\/2016\/12\/ZIMA-Wechsel-im-Vorsitz-des-Aufsichtsrats-immobilien-business-920x503.jpg 920w\" sizes=\"auto, (max-width: 680px) 100vw, 680px\" \/><figcaption id=\"caption-attachment-4498\" class=\"wp-caption-text\">Anton St\u00f6ckl \u00e8 il nuovo Presidente del Consiglio di Sorveglianza di ZIMA (Foto: ZIMA Holding AG)<\/figcaption><\/figure>\n<p>Anton St\u00f6ckl (68), originario di Monaco di Baviera, \u00e8 laureato in economia aziendale e lavora come banchiere. Dal 2014 \u00e8 membro del Consiglio di Sorveglianza di ZIMA e, pi\u00f9 recentemente, \u00e8 stato membro del Comitato esecutivo di N\u00fcrnberger Versicherung Immobilien AG. Il Consiglio di Sorveglianza di ZIMA Holding \u00e8 composto da un totale di cinque membri, tutti con un'ampia esperienza nel mercato immobiliare dell'intera regione DACH.<\/p>\n<p>Secondo le sue stesse informazioni, il gruppo ZIMA \u00e8 uno dei maggiori promotori immobiliari privati della regione alpina di lingua tedesca. L'amministratore delegato e proprietario del gruppo \u00e8 Alexander Nu\u00dfbaumer e la sede centrale \u00e8 a Dornbirn, in Austria. Altre filiali si trovano a San Gallo, Innsbruck, Bolzano, Monaco e Vienna. Attualmente, 176 dipendenti lavorano nell'intera azienda. La produzione annuale totale nel 2015 \u00e8 stata di circa 174 milioni di euro (circa 189 milioni di franchi svizzeri). (ah)<\/p>","protected":false},"excerpt":{"rendered":"<p>Anton St\u00f6ckl \u00e8 il nuovo presidente del consiglio di sorveglianza di ZIMA Holding AG. L'ex presidente Peter Waldner rimarr\u00e0 nel consiglio di amministrazione come membro del consiglio di sorveglianza.<\/p>","protected":false},"author":1,"featured_media":4498,"comment_status":"open","ping_status":"open","sticky":false,"template":"","format":"standard","meta":{"_acf_changed":false,"_yoast_wpseo_focuskw":"Aufsichtsrats","_yoast_wpseo_title":"","_yoast_wpseo_metadesc":"Anton St\u00f6ckl ist neuer Aufsichtsratsvorsitzender der ZIMA Holding AG.","_yoast_wpseo_linkdex":44,"pgc_sgb_lightbox_settings":"","footnotes":""},"categories":[988],"tags":[1564,1807],"class_list":["post-4494","post","type-post","status-publish","format-standard","has-post-thumbnail","hentry","category-unternehmen","tag-personalien","tag-unternehmen"],"acf":[],"yoast_head":"<!-- This site is optimized with the Yoast SEO plugin v27.5 - https:\/\/yoast.com\/product\/yoast-seo-wordpress\/ -->\n<title>ZIMA: Wechsel im Vorsitz des Aufsichtsrats - IMMOBILIEN Business<\/title>\n<meta name=\"description\" content=\"Anton St\u00f6ckl ist neuer Aufsichtsratsvorsitzender der ZIMA Holding AG.\" \/>\n<meta name=\"robots\" content=\"index, follow, max-snippet:-1, max-image-preview:large, max-video-preview:-1\" \/>\n<link rel=\"canonical\" href=\"https:\/\/www.immobilienbusiness.ch\/it\/unternehmen\/2016-06-29\/zima-wechsel-im-vorsitz-des-aufsichtsrats\/\" \/>\n<meta property=\"og:locale\" content=\"it_IT\" \/>\n<meta property=\"og:type\" content=\"article\" \/>\n<meta property=\"og:title\" content=\"ZIMA: Wechsel im Vorsitz des Aufsichtsrats\" \/>\n<meta property=\"og:description\" content=\"Anton St\u00f6ckl ist neuer Aufsichtsratsvorsitzender der ZIMA Holding AG. Der ehemalige Vorsitzende Peter Waldner bleibt dem Gremium als Aufsichtsratsmitglied erhalten.\" \/>\n<meta property=\"og:url\" content=\"https:\/\/www.immobilienbusiness.ch\/it\/unternehmen\/2016-06-29\/zima-wechsel-im-vorsitz-des-aufsichtsrats\/\" \/>\n<meta property=\"og:site_name\" content=\"IMMOBILIEN Business\" \/>\n<meta property=\"article:publisher\" content=\"https:\/\/www.facebook.com\/immobilienbusiness\/\" \/>\n<meta property=\"article:published_time\" content=\"2016-06-29T06:34:44+00:00\" \/>\n<meta name=\"author\" content=\"Redaktion\" \/>\n<meta name=\"twitter:card\" content=\"summary_large_image\" \/>\n<meta name=\"twitter:image\" content=\"https:\/\/www.immobilienbusiness.ch\/wp-content\/uploads\/2016\/12\/ZIMA-Wechsel-im-Vorsitz-des-Aufsichtsrats-immobilien-business.jpg\" \/>\n<script type=\"application\/ld+json\" class=\"yoast-schema-graph\">{\"@context\":\"https:\\\/\\\/schema.org\",\"@graph\":[{\"@type\":\"Article\",\"@id\":\"https:\\\/\\\/www.immobilienbusiness.ch\\\/en\\\/unternehmen\\\/2016-06-29\\\/zima-wechsel-im-vorsitz-des-aufsichtsrats\\\/#article\",\"isPartOf\":{\"@id\":\"https:\\\/\\\/www.immobilienbusiness.ch\\\/en\\\/unternehmen\\\/2016-06-29\\\/zima-wechsel-im-vorsitz-des-aufsichtsrats\\\/\"},\"author\":{\"name\":\"Redaktion\",\"@id\":\"https:\\\/\\\/www.immobilienbusiness.ch\\\/#\\\/schema\\\/person\\\/aa2bace6c5c5aad60102004a50c4eb1c\"},\"headline\":\"ZIMA: Wechsel im Vorsitz des Aufsichtsrats\",\"datePublished\":\"2016-06-29T06:34:44+00:00\",\"mainEntityOfPage\":{\"@id\":\"https:\\\/\\\/www.immobilienbusiness.ch\\\/en\\\/unternehmen\\\/2016-06-29\\\/zima-wechsel-im-vorsitz-des-aufsichtsrats\\\/\"},\"wordCount\":149,\"commentCount\":0,\"publisher\":{\"@id\":\"https:\\\/\\\/www.immobilienbusiness.ch\\\/#organization\"},\"image\":{\"@id\":\"https:\\\/\\\/www.immobilienbusiness.ch\\\/en\\\/unternehmen\\\/2016-06-29\\\/zima-wechsel-im-vorsitz-des-aufsichtsrats\\\/#primaryimage\"},\"thumbnailUrl\":\"https:\\\/\\\/www.immobilienbusiness.ch\\\/wp-content\\\/uploads\\\/2016\\\/12\\\/ZIMA-Wechsel-im-Vorsitz-des-Aufsichtsrats-immobilien-business.jpg\",\"keywords\":[\"Personalien\",\"Unternehmen\"],\"articleSection\":[\"UNTERNEHMEN\"],\"inLanguage\":\"it-IT\"},{\"@type\":\"WebPage\",\"@id\":\"https:\\\/\\\/www.immobilienbusiness.ch\\\/en\\\/unternehmen\\\/2016-06-29\\\/zima-wechsel-im-vorsitz-des-aufsichtsrats\\\/\",\"url\":\"https:\\\/\\\/www.immobilienbusiness.ch\\\/en\\\/unternehmen\\\/2016-06-29\\\/zima-wechsel-im-vorsitz-des-aufsichtsrats\\\/\",\"name\":\"ZIMA: Wechsel im Vorsitz des Aufsichtsrats - IMMOBILIEN Business\",\"isPartOf\":{\"@id\":\"https:\\\/\\\/www.immobilienbusiness.ch\\\/#website\"},\"primaryImageOfPage\":{\"@id\":\"https:\\\/\\\/www.immobilienbusiness.ch\\\/en\\\/unternehmen\\\/2016-06-29\\\/zima-wechsel-im-vorsitz-des-aufsichtsrats\\\/#primaryimage\"},\"image\":{\"@id\":\"https:\\\/\\\/www.immobilienbusiness.ch\\\/en\\\/unternehmen\\\/2016-06-29\\\/zima-wechsel-im-vorsitz-des-aufsichtsrats\\\/#primaryimage\"},\"thumbnailUrl\":\"https:\\\/\\\/www.immobilienbusiness.ch\\\/wp-content\\\/uploads\\\/2016\\\/12\\\/ZIMA-Wechsel-im-Vorsitz-des-Aufsichtsrats-immobilien-business.jpg\",\"datePublished\":\"2016-06-29T06:34:44+00:00\",\"description\":\"Anton St\u00f6ckl ist neuer Aufsichtsratsvorsitzender der ZIMA Holding AG.\",\"breadcrumb\":{\"@id\":\"https:\\\/\\\/www.immobilienbusiness.ch\\\/en\\\/unternehmen\\\/2016-06-29\\\/zima-wechsel-im-vorsitz-des-aufsichtsrats\\\/#breadcrumb\"},\"inLanguage\":\"it-IT\",\"potentialAction\":[{\"@type\":\"ReadAction\",\"target\":[\"https:\\\/\\\/www.immobilienbusiness.ch\\\/en\\\/unternehmen\\\/2016-06-29\\\/zima-wechsel-im-vorsitz-des-aufsichtsrats\\\/\"]}]},{\"@type\":\"ImageObject\",\"inLanguage\":\"it-IT\",\"@id\":\"https:\\\/\\\/www.immobilienbusiness.ch\\\/en\\\/unternehmen\\\/2016-06-29\\\/zima-wechsel-im-vorsitz-des-aufsichtsrats\\\/#primaryimage\",\"url\":\"https:\\\/\\\/www.immobilienbusiness.ch\\\/wp-content\\\/uploads\\\/2016\\\/12\\\/ZIMA-Wechsel-im-Vorsitz-des-Aufsichtsrats-immobilien-business.jpg\",\"contentUrl\":\"https:\\\/\\\/www.immobilienbusiness.ch\\\/wp-content\\\/uploads\\\/2016\\\/12\\\/ZIMA-Wechsel-im-Vorsitz-des-Aufsichtsrats-immobilien-business.jpg\",\"width\":1280,\"height\":700,\"caption\":\"Anton St\u00f6ckl ist neuer Aufsichtsratsvorsitzender der ZIMA (Foto: ZIMA Holding AG)\"},{\"@type\":\"BreadcrumbList\",\"@id\":\"https:\\\/\\\/www.immobilienbusiness.ch\\\/en\\\/unternehmen\\\/2016-06-29\\\/zima-wechsel-im-vorsitz-des-aufsichtsrats\\\/#breadcrumb\",\"itemListElement\":[{\"@type\":\"ListItem\",\"position\":1,\"name\":\"Home\",\"item\":\"https:\\\/\\\/www.immobilienbusiness.ch\\\/\"},{\"@type\":\"ListItem\",\"position\":2,\"name\":\"ZIMA: Wechsel im Vorsitz des Aufsichtsrats\"}]},{\"@type\":\"WebSite\",\"@id\":\"https:\\\/\\\/www.immobilienbusiness.ch\\\/#website\",\"url\":\"https:\\\/\\\/www.immobilienbusiness.ch\\\/\",\"name\":\"IMMOBILIEN Business\",\"description\":\"Unabh\u00e4ngiges Schweizer Wirtschaftsmagazin mit Fokus auf Immobilien, Architektur- und Bau sowie Investment- und Finanzierung.\",\"publisher\":{\"@id\":\"https:\\\/\\\/www.immobilienbusiness.ch\\\/#organization\"},\"potentialAction\":[{\"@type\":\"SearchAction\",\"target\":{\"@type\":\"EntryPoint\",\"urlTemplate\":\"https:\\\/\\\/www.immobilienbusiness.ch\\\/?s={search_term_string}\"},\"query-input\":{\"@type\":\"PropertyValueSpecification\",\"valueRequired\":true,\"valueName\":\"search_term_string\"}}],\"inLanguage\":\"it-IT\"},{\"@type\":\"Organization\",\"@id\":\"https:\\\/\\\/www.immobilienbusiness.ch\\\/#organization\",\"name\":\"IMMOBILIEN Business\",\"url\":\"https:\\\/\\\/www.immobilienbusiness.ch\\\/\",\"logo\":{\"@type\":\"ImageObject\",\"inLanguage\":\"it-IT\",\"@id\":\"https:\\\/\\\/www.immobilienbusiness.ch\\\/#\\\/schema\\\/logo\\\/image\\\/\",\"url\":\"https:\\\/\\\/www.immobilienbusiness.ch\\\/wp-content\\\/uploads\\\/2021\\\/07\\\/logo_ib.png\",\"contentUrl\":\"https:\\\/\\\/www.immobilienbusiness.ch\\\/wp-content\\\/uploads\\\/2021\\\/07\\\/logo_ib.png\",\"width\":800,\"height\":181,\"caption\":\"IMMOBILIEN Business\"},\"image\":{\"@id\":\"https:\\\/\\\/www.immobilienbusiness.ch\\\/#\\\/schema\\\/logo\\\/image\\\/\"},\"sameAs\":[\"https:\\\/\\\/www.facebook.com\\\/immobilienbusiness\\\/\"]},{\"@type\":\"Person\",\"@id\":\"https:\\\/\\\/www.immobilienbusiness.ch\\\/#\\\/schema\\\/person\\\/aa2bace6c5c5aad60102004a50c4eb1c\",\"name\":\"Redaktion\",\"image\":{\"@type\":\"ImageObject\",\"inLanguage\":\"it-IT\",\"@id\":\"https:\\\/\\\/secure.gravatar.com\\\/avatar\\\/ae2f4d718e6c49043e314ce431e7e645d646302a24a5ef5a8bc8e3f5a032e319?s=96&d=mm&r=g\",\"url\":\"https:\\\/\\\/secure.gravatar.com\\\/avatar\\\/ae2f4d718e6c49043e314ce431e7e645d646302a24a5ef5a8bc8e3f5a032e319?s=96&d=mm&r=g\",\"contentUrl\":\"https:\\\/\\\/secure.gravatar.com\\\/avatar\\\/ae2f4d718e6c49043e314ce431e7e645d646302a24a5ef5a8bc8e3f5a032e319?s=96&d=mm&r=g\",\"caption\":\"Redaktion\"},\"sameAs\":[\"http:\\\/\\\/develop.organisator.galledia.ch\"],\"url\":\"https:\\\/\\\/www.immobilienbusiness.ch\\\/it\\\/author\\\/admin\\\/\"}]}<\/script>\n<!-- \/ Yoast SEO plugin. -->","yoast_head_json":{"title":"ZIMA: Wechsel im Vorsitz des Aufsichtsrats - IMMOBILIEN Business","description":"Anton St\u00f6ckl ist neuer Aufsichtsratsvorsitzender der ZIMA Holding AG.","robots":{"index":"index","follow":"follow","max-snippet":"max-snippet:-1","max-image-preview":"max-image-preview:large","max-video-preview":"max-video-preview:-1"},"canonical":"https:\/\/www.immobilienbusiness.ch\/it\/unternehmen\/2016-06-29\/zima-wechsel-im-vorsitz-des-aufsichtsrats\/","og_locale":"it_IT","og_type":"article","og_title":"ZIMA: Wechsel im Vorsitz des Aufsichtsrats","og_description":"Anton St\u00f6ckl ist neuer Aufsichtsratsvorsitzender der ZIMA Holding AG. Der ehemalige Vorsitzende Peter Waldner bleibt dem Gremium als Aufsichtsratsmitglied erhalten.","og_url":"https:\/\/www.immobilienbusiness.ch\/it\/unternehmen\/2016-06-29\/zima-wechsel-im-vorsitz-des-aufsichtsrats\/","og_site_name":"IMMOBILIEN Business","article_publisher":"https:\/\/www.facebook.com\/immobilienbusiness\/","article_published_time":"2016-06-29T06:34:44+00:00","author":"Redaktion","twitter_card":"summary_large_image","twitter_image":"https:\/\/www.immobilienbusiness.ch\/wp-content\/uploads\/2016\/12\/ZIMA-Wechsel-im-Vorsitz-des-Aufsichtsrats-immobilien-business.jpg","schema":{"@context":"https:\/\/schema.org","@graph":[{"@type":"Article","@id":"https:\/\/www.immobilienbusiness.ch\/en\/unternehmen\/2016-06-29\/zima-wechsel-im-vorsitz-des-aufsichtsrats\/#article","isPartOf":{"@id":"https:\/\/www.immobilienbusiness.ch\/en\/unternehmen\/2016-06-29\/zima-wechsel-im-vorsitz-des-aufsichtsrats\/"},"author":{"name":"Redaktion","@id":"https:\/\/www.immobilienbusiness.ch\/#\/schema\/person\/aa2bace6c5c5aad60102004a50c4eb1c"},"headline":"ZIMA: Wechsel im Vorsitz des Aufsichtsrats","datePublished":"2016-06-29T06:34:44+00:00","mainEntityOfPage":{"@id":"https:\/\/www.immobilienbusiness.ch\/en\/unternehmen\/2016-06-29\/zima-wechsel-im-vorsitz-des-aufsichtsrats\/"},"wordCount":149,"commentCount":0,"publisher":{"@id":"https:\/\/www.immobilienbusiness.ch\/#organization"},"image":{"@id":"https:\/\/www.immobilienbusiness.ch\/en\/unternehmen\/2016-06-29\/zima-wechsel-im-vorsitz-des-aufsichtsrats\/#primaryimage"},"thumbnailUrl":"https:\/\/www.immobilienbusiness.ch\/wp-content\/uploads\/2016\/12\/ZIMA-Wechsel-im-Vorsitz-des-Aufsichtsrats-immobilien-business.jpg","keywords":["Personalien","Unternehmen"],"articleSection":["UNTERNEHMEN"],"inLanguage":"it-IT"},{"@type":"WebPage","@id":"https:\/\/www.immobilienbusiness.ch\/en\/unternehmen\/2016-06-29\/zima-wechsel-im-vorsitz-des-aufsichtsrats\/","url":"https:\/\/www.immobilienbusiness.ch\/en\/unternehmen\/2016-06-29\/zima-wechsel-im-vorsitz-des-aufsichtsrats\/","name":"ZIMA: Wechsel im Vorsitz des Aufsichtsrats - IMMOBILIEN Business","isPartOf":{"@id":"https:\/\/www.immobilienbusiness.ch\/#website"},"primaryImageOfPage":{"@id":"https:\/\/www.immobilienbusiness.ch\/en\/unternehmen\/2016-06-29\/zima-wechsel-im-vorsitz-des-aufsichtsrats\/#primaryimage"},"image":{"@id":"https:\/\/www.immobilienbusiness.ch\/en\/unternehmen\/2016-06-29\/zima-wechsel-im-vorsitz-des-aufsichtsrats\/#primaryimage"},"thumbnailUrl":"https:\/\/www.immobilienbusiness.ch\/wp-content\/uploads\/2016\/12\/ZIMA-Wechsel-im-Vorsitz-des-Aufsichtsrats-immobilien-business.jpg","datePublished":"2016-06-29T06:34:44+00:00","description":"Anton St\u00f6ckl ist neuer Aufsichtsratsvorsitzender der ZIMA Holding AG.","breadcrumb":{"@id":"https:\/\/www.immobilienbusiness.ch\/en\/unternehmen\/2016-06-29\/zima-wechsel-im-vorsitz-des-aufsichtsrats\/#breadcrumb"},"inLanguage":"it-IT","potentialAction":[{"@type":"ReadAction","target":["https:\/\/www.immobilienbusiness.ch\/en\/unternehmen\/2016-06-29\/zima-wechsel-im-vorsitz-des-aufsichtsrats\/"]}]},{"@type":"ImageObject","inLanguage":"it-IT","@id":"https:\/\/www.immobilienbusiness.ch\/en\/unternehmen\/2016-06-29\/zima-wechsel-im-vorsitz-des-aufsichtsrats\/#primaryimage","url":"https:\/\/www.immobilienbusiness.ch\/wp-content\/uploads\/2016\/12\/ZIMA-Wechsel-im-Vorsitz-des-Aufsichtsrats-immobilien-business.jpg","contentUrl":"https:\/\/www.immobilienbusiness.ch\/wp-content\/uploads\/2016\/12\/ZIMA-Wechsel-im-Vorsitz-des-Aufsichtsrats-immobilien-business.jpg","width":1280,"height":700,"caption":"Anton St\u00f6ckl ist neuer Aufsichtsratsvorsitzender der ZIMA (Foto: ZIMA Holding AG)"},{"@type":"BreadcrumbList","@id":"https:\/\/www.immobilienbusiness.ch\/en\/unternehmen\/2016-06-29\/zima-wechsel-im-vorsitz-des-aufsichtsrats\/#breadcrumb","itemListElement":[{"@type":"ListItem","position":1,"name":"Home","item":"https:\/\/www.immobilienbusiness.ch\/"},{"@type":"ListItem","position":2,"name":"ZIMA: Wechsel im Vorsitz des Aufsichtsrats"}]},{"@type":"WebSite","@id":"https:\/\/www.immobilienbusiness.ch\/#website","url":"https:\/\/www.immobilienbusiness.ch\/","name":"Affari immobiliari","description":"Rivista economica indipendente svizzera che si concentra sul settore immobiliare, l'architettura e la costruzione, nonch\u00e9 sugli investimenti e i finanziamenti.","publisher":{"@id":"https:\/\/www.immobilienbusiness.ch\/#organization"},"potentialAction":[{"@type":"SearchAction","target":{"@type":"EntryPoint","urlTemplate":"https:\/\/www.immobilienbusiness.ch\/?s={search_term_string}"},"query-input":{"@type":"PropertyValueSpecification","valueRequired":true,"valueName":"search_term_string"}}],"inLanguage":"it-IT"},{"@type":"Organization","@id":"https:\/\/www.immobilienbusiness.ch\/#organization","name":"Affari immobiliari","url":"https:\/\/www.immobilienbusiness.ch\/","logo":{"@type":"ImageObject","inLanguage":"it-IT","@id":"https:\/\/www.immobilienbusiness.ch\/#\/schema\/logo\/image\/","url":"https:\/\/www.immobilienbusiness.ch\/wp-content\/uploads\/2021\/07\/logo_ib.png","contentUrl":"https:\/\/www.immobilienbusiness.ch\/wp-content\/uploads\/2021\/07\/logo_ib.png","width":800,"height":181,"caption":"IMMOBILIEN Business"},"image":{"@id":"https:\/\/www.immobilienbusiness.ch\/#\/schema\/logo\/image\/"},"sameAs":["https:\/\/www.facebook.com\/immobilienbusiness\/"]},{"@type":"Person","@id":"https:\/\/www.immobilienbusiness.ch\/#\/schema\/person\/aa2bace6c5c5aad60102004a50c4eb1c","name":"Editoriale","image":{"@type":"ImageObject","inLanguage":"it-IT","@id":"https:\/\/secure.gravatar.com\/avatar\/ae2f4d718e6c49043e314ce431e7e645d646302a24a5ef5a8bc8e3f5a032e319?s=96&d=mm&r=g","url":"https:\/\/secure.gravatar.com\/avatar\/ae2f4d718e6c49043e314ce431e7e645d646302a24a5ef5a8bc8e3f5a032e319?s=96&d=mm&r=g","contentUrl":"https:\/\/secure.gravatar.com\/avatar\/ae2f4d718e6c49043e314ce431e7e645d646302a24a5ef5a8bc8e3f5a032e319?s=96&d=mm&r=g","caption":"Redaktion"},"sameAs":["http:\/\/develop.organisator.galledia.ch"],"url":"https:\/\/www.immobilienbusiness.ch\/it\/author\/admin\/"}]}},"_links":{"self":[{"href":"https:\/\/www.immobilienbusiness.ch\/it\/wp-json\/wp\/v2\/posts\/4494","targetHints":{"allow":["GET"]}}],"collection":[{"href":"https:\/\/www.immobilienbusiness.ch\/it\/wp-json\/wp\/v2\/posts"}],"about":[{"href":"https:\/\/www.immobilienbusiness.ch\/it\/wp-json\/wp\/v2\/types\/post"}],"author":[{"embeddable":true,"href":"https:\/\/www.immobilienbusiness.ch\/it\/wp-json\/wp\/v2\/users\/1"}],"replies":[{"embeddable":true,"href":"https:\/\/www.immobilienbusiness.ch\/it\/wp-json\/wp\/v2\/comments?post=4494"}],"version-history":[{"count":0,"href":"https:\/\/www.immobilienbusiness.ch\/it\/wp-json\/wp\/v2\/posts\/4494\/revisions"}],"wp:featuredmedia":[{"embeddable":true,"href":"https:\/\/www.immobilienbusiness.ch\/it\/wp-json\/wp\/v2\/media\/4498"}],"wp:attachment":[{"href":"https:\/\/www.immobilienbusiness.ch\/it\/wp-json\/wp\/v2\/media?parent=4494"}],"wp:term":[{"taxonomy":"category","embeddable":true,"href":"https:\/\/www.immobilienbusiness.ch\/it\/wp-json\/wp\/v2\/categories?post=4494"},{"taxonomy":"post_tag","embeddable":true,"href":"https:\/\/www.immobilienbusiness.ch\/it\/wp-json\/wp\/v2\/tags?post=4494"}],"curies":[{"name":"wp","href":"https:\/\/api.w.org\/{rel}","templated":true}]}}