{"id":44923,"date":"2022-11-29T06:00:02","date_gmt":"2022-11-29T05:00:02","guid":{"rendered":"https:\/\/www.immobilienbusiness.ch\/?p=44923"},"modified":"2022-12-01T08:53:56","modified_gmt":"2022-12-01T07:53:56","slug":"heimatschutz-nein-zum-abriss-auf-kosten-des-klimas","status":"publish","type":"post","link":"https:\/\/www.immobilienbusiness.ch\/it\/allgemein\/2022-11-29\/heimatschutz-nein-zum-abriss-auf-kosten-des-klimas\/","title":{"rendered":"La Sicurezza Nazionale chiede: \"No alla demolizione a spese del clima\"."},"content":{"rendered":"<figure id=\"attachment_44934\" aria-describedby=\"caption-attachment-44934\" style=\"width: 825px\" class=\"wp-caption alignnone\"><a href=\"https:\/\/www.immobilienbusiness.ch\/wp-content\/uploads\/2022\/11\/Abriss.png\"><img loading=\"lazy\" decoding=\"async\" class=\"size-full wp-image-44934\" src=\"https:\/\/www.immobilienbusiness.ch\/wp-content\/uploads\/2022\/11\/Abriss.png\" alt=\"\" width=\"825\" height=\"616\" srcset=\"https:\/\/www.immobilienbusiness.ch\/wp-content\/uploads\/2022\/11\/Abriss.png 825w, https:\/\/www.immobilienbusiness.ch\/wp-content\/uploads\/2022\/11\/Abriss-300x224.png 300w, https:\/\/www.immobilienbusiness.ch\/wp-content\/uploads\/2022\/11\/Abriss-768x573.png 768w, https:\/\/www.immobilienbusiness.ch\/wp-content\/uploads\/2022\/11\/Abriss-16x12.png 16w, https:\/\/www.immobilienbusiness.ch\/wp-content\/uploads\/2022\/11\/Abriss-375x280.png 375w, https:\/\/www.immobilienbusiness.ch\/wp-content\/uploads\/2022\/11\/Abriss-469x350.png 469w\" sizes=\"auto, (max-width: 825px) 100vw, 825px\" \/><\/a><figcaption id=\"caption-attachment-44934\" class=\"wp-caption-text\">Demolizione: bilancio climatico negativo? (Immagine: mdornseif; https:\/\/commons.wikimedia.org\/wiki\/File:Abriss_Extra_Markt_in_Radevormwald_(3411298536).jpg)\", https:\/\/creativecommons.org\/licenses\/by-sa\/2.0\/legalcode)<\/figcaption><\/figure>\n<p>Nel loro testo, i rappresentanti della Sicurezza Nazionale si oppongono in particolare agli attuali sforzi per ottimizzare l'efficienza energetica degli edifici esistenti attraverso le costruzioni sostitutive.<\/p>\n<p>\"Ad esempio, nella nuova legge sulla CO2 \u00e8 stata inserita una disposizione che di fatto premia la demolizione con un ulteriore utilizzo del terreno per nuovi edifici\", critica Heimatschutz. Per l'Agenzia si tratta di uno scandalo, dal momento che i nuovi edifici sono responsabili di circa 75% di emissioni di CO2 durante la costruzione, mentre l'esercizio provoca solo 25% nel corso della vita di un edificio. Gli ordini di grandezza sono simili per il consumo energetico. Inoltre, vengono prodotte enormi quantit\u00e0 di rifiuti che non possono essere riciclati e finiscono in discarica.<\/p>\n<p>Naturalmente, Heritage Protection non si limita a criticare gli alti tassi di demolizione del nostro tempo dal punto di vista della protezione del clima. Il documento denuncia: \"Mai nella storia dell'Europa \u00e8 stato distrutto cos\u00ec tanto tessuto edilizio e quindi anche patrimonio architettonico in cos\u00ec poco tempo\". A ci\u00f2 si aggiunge la perdita di villaggi, quartieri e aree urbane che creano identit\u00e0 e in cui vale la pena vivere. <i>(aw)<\/i><\/p>","protected":false},"excerpt":{"rendered":"<p>I presidenti della Societ\u00e0 svizzera del patrimonio hanno firmato una risoluzione a Bienne. Le demolizioni e le nuove costruzioni sono \"il pi\u00f9 grande peccato ambientale del settore edilizio\", si legge.<\/p>","protected":false},"author":102,"featured_media":44934,"comment_status":"closed","ping_status":"closed","sticky":false,"template":"","format":"standard","meta":{"_acf_changed":false,"_yoast_wpseo_focuskw":"Heimatschutz","_yoast_wpseo_title":"","_yoast_wpseo_metadesc":"Die Pr\u00e4sidentinnen und Pr\u00e4sidenten des Schweizer Heimatschutzes haben vor wenigen Tagen in Biel eine Resolution unterzeichnet. Abriss und Neubau sei \u00abdie gr\u00f6sste Umwelts\u00fcnde im Geb\u00e4udebereich\u00bb, heisst es darin..","_yoast_wpseo_linkdex":54,"pgc_sgb_lightbox_settings":"","footnotes":""},"categories":[1],"tags":[2118,2119,1918],"class_list":["post-44923","post","type-post","status-publish","format-standard","has-post-thumbnail","hentry","category-allgemein","tag-abriss","tag-heimatschutz","tag-klimawandel"],"acf":[],"yoast_head":"<!-- This site is optimized with the Yoast SEO plugin v27.5 - https:\/\/yoast.com\/product\/yoast-seo-wordpress\/ -->\n<title>Heimatschutz fordert: \u00abNein zum Abriss auf Kosten des Klimas\u00bb - IMMOBILIEN Business<\/title>\n<meta name=\"description\" content=\"Die Pr\u00e4sidentinnen und Pr\u00e4sidenten des Schweizer Heimatschutzes haben vor wenigen Tagen in Biel eine Resolution unterzeichnet. Abriss und Neubau sei \u00abdie gr\u00f6sste Umwelts\u00fcnde im Geb\u00e4udebereich\u00bb, heisst es darin..\" \/>\n<meta name=\"robots\" content=\"index, follow, max-snippet:-1, max-image-preview:large, max-video-preview:-1\" \/>\n<link rel=\"canonical\" href=\"https:\/\/www.immobilienbusiness.ch\/it\/allgemein\/2022-11-29\/heimatschutz-nein-zum-abriss-auf-kosten-des-klimas\/\" \/>\n<meta property=\"og:locale\" content=\"it_IT\" \/>\n<meta property=\"og:type\" content=\"article\" \/>\n<meta property=\"og:title\" content=\"Heimatschutz fordert: \u00abNein zum Abriss auf Kosten des Klimas\u00bb - IMMOBILIEN Business\" \/>\n<meta property=\"og:description\" content=\"Die Pr\u00e4sidentinnen und Pr\u00e4sidenten des Schweizer Heimatschutzes haben vor wenigen Tagen in Biel eine Resolution unterzeichnet. Abriss und Neubau sei \u00abdie gr\u00f6sste Umwelts\u00fcnde im Geb\u00e4udebereich\u00bb, heisst es darin..\" \/>\n<meta property=\"og:url\" content=\"https:\/\/www.immobilienbusiness.ch\/it\/allgemein\/2022-11-29\/heimatschutz-nein-zum-abriss-auf-kosten-des-klimas\/\" \/>\n<meta property=\"og:site_name\" content=\"IMMOBILIEN Business\" \/>\n<meta property=\"article:publisher\" content=\"https:\/\/www.facebook.com\/immobilienbusiness\/\" \/>\n<meta property=\"article:published_time\" content=\"2022-11-29T05:00:02+00:00\" \/>\n<meta property=\"article:modified_time\" content=\"2022-12-01T07:53:56+00:00\" \/>\n<meta property=\"og:image\" content=\"https:\/\/www.immobilienbusiness.ch\/wp-content\/uploads\/2022\/11\/Abriss.png\" \/>\n\t<meta property=\"og:image:width\" content=\"825\" \/>\n\t<meta property=\"og:image:height\" content=\"616\" \/>\n\t<meta property=\"og:image:type\" content=\"image\/png\" \/>\n<meta name=\"author\" content=\"Alexander Wachter\" \/>\n<meta name=\"twitter:card\" content=\"summary_large_image\" \/>\n<script type=\"application\/ld+json\" class=\"yoast-schema-graph\">{\"@context\":\"https:\\\/\\\/schema.org\",\"@graph\":[{\"@type\":\"Article\",\"@id\":\"https:\\\/\\\/www.immobilienbusiness.ch\\\/de\\\/allgemein\\\/2022-11-29\\\/heimatschutz-nein-zum-abriss-auf-kosten-des-klimas\\\/#article\",\"isPartOf\":{\"@id\":\"https:\\\/\\\/www.immobilienbusiness.ch\\\/de\\\/allgemein\\\/2022-11-29\\\/heimatschutz-nein-zum-abriss-auf-kosten-des-klimas\\\/\"},\"author\":{\"name\":\"Alexander Wachter\",\"@id\":\"https:\\\/\\\/www.immobilienbusiness.ch\\\/#\\\/schema\\\/person\\\/aba8bea2db926aa0c24c08c43fe1fcd5\"},\"headline\":\"Heimatschutz fordert: \u00abNein zum Abriss auf Kosten des Klimas\u00bb\",\"datePublished\":\"2022-11-29T05:00:02+00:00\",\"dateModified\":\"2022-12-01T07:53:56+00:00\",\"mainEntityOfPage\":{\"@id\":\"https:\\\/\\\/www.immobilienbusiness.ch\\\/de\\\/allgemein\\\/2022-11-29\\\/heimatschutz-nein-zum-abriss-auf-kosten-des-klimas\\\/\"},\"wordCount\":204,\"publisher\":{\"@id\":\"https:\\\/\\\/www.immobilienbusiness.ch\\\/#organization\"},\"image\":{\"@id\":\"https:\\\/\\\/www.immobilienbusiness.ch\\\/de\\\/allgemein\\\/2022-11-29\\\/heimatschutz-nein-zum-abriss-auf-kosten-des-klimas\\\/#primaryimage\"},\"thumbnailUrl\":\"https:\\\/\\\/www.immobilienbusiness.ch\\\/wp-content\\\/uploads\\\/2022\\\/11\\\/Abriss.png\",\"keywords\":[\"Abriss\",\"Heimatschutz\",\"Klimawandel\"],\"articleSection\":[\"Allgemein\"],\"inLanguage\":\"it-IT\"},{\"@type\":\"WebPage\",\"@id\":\"https:\\\/\\\/www.immobilienbusiness.ch\\\/de\\\/allgemein\\\/2022-11-29\\\/heimatschutz-nein-zum-abriss-auf-kosten-des-klimas\\\/\",\"url\":\"https:\\\/\\\/www.immobilienbusiness.ch\\\/de\\\/allgemein\\\/2022-11-29\\\/heimatschutz-nein-zum-abriss-auf-kosten-des-klimas\\\/\",\"name\":\"Heimatschutz fordert: \u00abNein zum Abriss auf Kosten des Klimas\u00bb - IMMOBILIEN Business\",\"isPartOf\":{\"@id\":\"https:\\\/\\\/www.immobilienbusiness.ch\\\/#website\"},\"primaryImageOfPage\":{\"@id\":\"https:\\\/\\\/www.immobilienbusiness.ch\\\/de\\\/allgemein\\\/2022-11-29\\\/heimatschutz-nein-zum-abriss-auf-kosten-des-klimas\\\/#primaryimage\"},\"image\":{\"@id\":\"https:\\\/\\\/www.immobilienbusiness.ch\\\/de\\\/allgemein\\\/2022-11-29\\\/heimatschutz-nein-zum-abriss-auf-kosten-des-klimas\\\/#primaryimage\"},\"thumbnailUrl\":\"https:\\\/\\\/www.immobilienbusiness.ch\\\/wp-content\\\/uploads\\\/2022\\\/11\\\/Abriss.png\",\"datePublished\":\"2022-11-29T05:00:02+00:00\",\"dateModified\":\"2022-12-01T07:53:56+00:00\",\"description\":\"Die Pr\u00e4sidentinnen und Pr\u00e4sidenten des Schweizer Heimatschutzes haben vor wenigen Tagen in Biel eine Resolution unterzeichnet. Abriss und Neubau sei \u00abdie gr\u00f6sste Umwelts\u00fcnde im Geb\u00e4udebereich\u00bb, heisst es darin..\",\"breadcrumb\":{\"@id\":\"https:\\\/\\\/www.immobilienbusiness.ch\\\/de\\\/allgemein\\\/2022-11-29\\\/heimatschutz-nein-zum-abriss-auf-kosten-des-klimas\\\/#breadcrumb\"},\"inLanguage\":\"it-IT\",\"potentialAction\":[{\"@type\":\"ReadAction\",\"target\":[\"https:\\\/\\\/www.immobilienbusiness.ch\\\/de\\\/allgemein\\\/2022-11-29\\\/heimatschutz-nein-zum-abriss-auf-kosten-des-klimas\\\/\"]}]},{\"@type\":\"ImageObject\",\"inLanguage\":\"it-IT\",\"@id\":\"https:\\\/\\\/www.immobilienbusiness.ch\\\/de\\\/allgemein\\\/2022-11-29\\\/heimatschutz-nein-zum-abriss-auf-kosten-des-klimas\\\/#primaryimage\",\"url\":\"https:\\\/\\\/www.immobilienbusiness.ch\\\/wp-content\\\/uploads\\\/2022\\\/11\\\/Abriss.png\",\"contentUrl\":\"https:\\\/\\\/www.immobilienbusiness.ch\\\/wp-content\\\/uploads\\\/2022\\\/11\\\/Abriss.png\",\"width\":825,\"height\":616,\"caption\":\"Abriss: SChlechte Klimabilanz? (Bild: mdornseif (https:\\\/\\\/commons.wikimedia.org\\\/wiki\\\/File:Abriss_Extra_Markt_in_Radevormwald_(3411298536).jpg)\u201c,https:\\\/\\\/creativecommons.org\\\/licenses\\\/by-sa\\\/2.0\\\/legalcode)\"},{\"@type\":\"BreadcrumbList\",\"@id\":\"https:\\\/\\\/www.immobilienbusiness.ch\\\/de\\\/allgemein\\\/2022-11-29\\\/heimatschutz-nein-zum-abriss-auf-kosten-des-klimas\\\/#breadcrumb\",\"itemListElement\":[{\"@type\":\"ListItem\",\"position\":1,\"name\":\"Home\",\"item\":\"https:\\\/\\\/www.immobilienbusiness.ch\\\/\"},{\"@type\":\"ListItem\",\"position\":2,\"name\":\"Heimatschutz fordert: \u00abNein zum Abriss auf Kosten des Klimas\u00bb\"}]},{\"@type\":\"WebSite\",\"@id\":\"https:\\\/\\\/www.immobilienbusiness.ch\\\/#website\",\"url\":\"https:\\\/\\\/www.immobilienbusiness.ch\\\/\",\"name\":\"IMMOBILIEN Business\",\"description\":\"Unabh\u00e4ngiges Schweizer Wirtschaftsmagazin mit Fokus auf Immobilien, Architektur- und Bau sowie Investment- und Finanzierung.\",\"publisher\":{\"@id\":\"https:\\\/\\\/www.immobilienbusiness.ch\\\/#organization\"},\"potentialAction\":[{\"@type\":\"SearchAction\",\"target\":{\"@type\":\"EntryPoint\",\"urlTemplate\":\"https:\\\/\\\/www.immobilienbusiness.ch\\\/?s={search_term_string}\"},\"query-input\":{\"@type\":\"PropertyValueSpecification\",\"valueRequired\":true,\"valueName\":\"search_term_string\"}}],\"inLanguage\":\"it-IT\"},{\"@type\":\"Organization\",\"@id\":\"https:\\\/\\\/www.immobilienbusiness.ch\\\/#organization\",\"name\":\"IMMOBILIEN Business\",\"url\":\"https:\\\/\\\/www.immobilienbusiness.ch\\\/\",\"logo\":{\"@type\":\"ImageObject\",\"inLanguage\":\"it-IT\",\"@id\":\"https:\\\/\\\/www.immobilienbusiness.ch\\\/#\\\/schema\\\/logo\\\/image\\\/\",\"url\":\"https:\\\/\\\/www.immobilienbusiness.ch\\\/wp-content\\\/uploads\\\/2021\\\/07\\\/logo_ib.png\",\"contentUrl\":\"https:\\\/\\\/www.immobilienbusiness.ch\\\/wp-content\\\/uploads\\\/2021\\\/07\\\/logo_ib.png\",\"width\":800,\"height\":181,\"caption\":\"IMMOBILIEN Business\"},\"image\":{\"@id\":\"https:\\\/\\\/www.immobilienbusiness.ch\\\/#\\\/schema\\\/logo\\\/image\\\/\"},\"sameAs\":[\"https:\\\/\\\/www.facebook.com\\\/immobilienbusiness\\\/\"]},{\"@type\":\"Person\",\"@id\":\"https:\\\/\\\/www.immobilienbusiness.ch\\\/#\\\/schema\\\/person\\\/aba8bea2db926aa0c24c08c43fe1fcd5\",\"name\":\"Alexander Wachter\",\"image\":{\"@type\":\"ImageObject\",\"inLanguage\":\"it-IT\",\"@id\":\"https:\\\/\\\/secure.gravatar.com\\\/avatar\\\/1a09e471f5389b0e0a6416eac287e0927c7c97a7b77f9e787eba3af7aee281dd?s=96&d=mm&r=g\",\"url\":\"https:\\\/\\\/secure.gravatar.com\\\/avatar\\\/1a09e471f5389b0e0a6416eac287e0927c7c97a7b77f9e787eba3af7aee281dd?s=96&d=mm&r=g\",\"contentUrl\":\"https:\\\/\\\/secure.gravatar.com\\\/avatar\\\/1a09e471f5389b0e0a6416eac287e0927c7c97a7b77f9e787eba3af7aee281dd?s=96&d=mm&r=g\",\"caption\":\"Alexander Wachter\"},\"url\":\"https:\\\/\\\/www.immobilienbusiness.ch\\\/it\\\/author\\\/alexander-wachter\\\/\"}]}<\/script>\n<!-- \/ Yoast SEO plugin. -->","yoast_head_json":{"title":"Esigenze di tutela del patrimonio: \"No alla demolizione a scapito del clima\" - IMMOBILIEN Business","description":"I presidenti della Societ\u00e0 svizzera del patrimonio hanno firmato una risoluzione a Bienne pochi giorni fa. Le demolizioni e le nuove costruzioni sono \"il pi\u00f9 grande peccato ambientale del settore edilizio\", si legge.","robots":{"index":"index","follow":"follow","max-snippet":"max-snippet:-1","max-image-preview":"max-image-preview:large","max-video-preview":"max-video-preview:-1"},"canonical":"https:\/\/www.immobilienbusiness.ch\/it\/allgemein\/2022-11-29\/heimatschutz-nein-zum-abriss-auf-kosten-des-klimas\/","og_locale":"it_IT","og_type":"article","og_title":"Heimatschutz fordert: \u00abNein zum Abriss auf Kosten des Klimas\u00bb - IMMOBILIEN Business","og_description":"Die Pr\u00e4sidentinnen und Pr\u00e4sidenten des Schweizer Heimatschutzes haben vor wenigen Tagen in Biel eine Resolution unterzeichnet. Abriss und Neubau sei \u00abdie gr\u00f6sste Umwelts\u00fcnde im Geb\u00e4udebereich\u00bb, heisst es darin..","og_url":"https:\/\/www.immobilienbusiness.ch\/it\/allgemein\/2022-11-29\/heimatschutz-nein-zum-abriss-auf-kosten-des-klimas\/","og_site_name":"IMMOBILIEN Business","article_publisher":"https:\/\/www.facebook.com\/immobilienbusiness\/","article_published_time":"2022-11-29T05:00:02+00:00","article_modified_time":"2022-12-01T07:53:56+00:00","og_image":[{"width":825,"height":616,"url":"https:\/\/www.immobilienbusiness.ch\/wp-content\/uploads\/2022\/11\/Abriss.png","type":"image\/png"}],"author":"Alexander Wachter","twitter_card":"summary_large_image","schema":{"@context":"https:\/\/schema.org","@graph":[{"@type":"Article","@id":"https:\/\/www.immobilienbusiness.ch\/de\/allgemein\/2022-11-29\/heimatschutz-nein-zum-abriss-auf-kosten-des-klimas\/#article","isPartOf":{"@id":"https:\/\/www.immobilienbusiness.ch\/de\/allgemein\/2022-11-29\/heimatschutz-nein-zum-abriss-auf-kosten-des-klimas\/"},"author":{"name":"Alexander Wachter","@id":"https:\/\/www.immobilienbusiness.ch\/#\/schema\/person\/aba8bea2db926aa0c24c08c43fe1fcd5"},"headline":"Heimatschutz fordert: \u00abNein zum Abriss auf Kosten des Klimas\u00bb","datePublished":"2022-11-29T05:00:02+00:00","dateModified":"2022-12-01T07:53:56+00:00","mainEntityOfPage":{"@id":"https:\/\/www.immobilienbusiness.ch\/de\/allgemein\/2022-11-29\/heimatschutz-nein-zum-abriss-auf-kosten-des-klimas\/"},"wordCount":204,"publisher":{"@id":"https:\/\/www.immobilienbusiness.ch\/#organization"},"image":{"@id":"https:\/\/www.immobilienbusiness.ch\/de\/allgemein\/2022-11-29\/heimatschutz-nein-zum-abriss-auf-kosten-des-klimas\/#primaryimage"},"thumbnailUrl":"https:\/\/www.immobilienbusiness.ch\/wp-content\/uploads\/2022\/11\/Abriss.png","keywords":["Abriss","Heimatschutz","Klimawandel"],"articleSection":["Allgemein"],"inLanguage":"it-IT"},{"@type":"WebPage","@id":"https:\/\/www.immobilienbusiness.ch\/de\/allgemein\/2022-11-29\/heimatschutz-nein-zum-abriss-auf-kosten-des-klimas\/","url":"https:\/\/www.immobilienbusiness.ch\/de\/allgemein\/2022-11-29\/heimatschutz-nein-zum-abriss-auf-kosten-des-klimas\/","name":"Esigenze di tutela del patrimonio: \"No alla demolizione a scapito del clima\" - IMMOBILIEN Business","isPartOf":{"@id":"https:\/\/www.immobilienbusiness.ch\/#website"},"primaryImageOfPage":{"@id":"https:\/\/www.immobilienbusiness.ch\/de\/allgemein\/2022-11-29\/heimatschutz-nein-zum-abriss-auf-kosten-des-klimas\/#primaryimage"},"image":{"@id":"https:\/\/www.immobilienbusiness.ch\/de\/allgemein\/2022-11-29\/heimatschutz-nein-zum-abriss-auf-kosten-des-klimas\/#primaryimage"},"thumbnailUrl":"https:\/\/www.immobilienbusiness.ch\/wp-content\/uploads\/2022\/11\/Abriss.png","datePublished":"2022-11-29T05:00:02+00:00","dateModified":"2022-12-01T07:53:56+00:00","description":"I presidenti della Societ\u00e0 svizzera del patrimonio hanno firmato una risoluzione a Bienne pochi giorni fa. Le demolizioni e le nuove costruzioni sono \"il pi\u00f9 grande peccato ambientale del settore edilizio\", si legge.","breadcrumb":{"@id":"https:\/\/www.immobilienbusiness.ch\/de\/allgemein\/2022-11-29\/heimatschutz-nein-zum-abriss-auf-kosten-des-klimas\/#breadcrumb"},"inLanguage":"it-IT","potentialAction":[{"@type":"ReadAction","target":["https:\/\/www.immobilienbusiness.ch\/de\/allgemein\/2022-11-29\/heimatschutz-nein-zum-abriss-auf-kosten-des-klimas\/"]}]},{"@type":"ImageObject","inLanguage":"it-IT","@id":"https:\/\/www.immobilienbusiness.ch\/de\/allgemein\/2022-11-29\/heimatschutz-nein-zum-abriss-auf-kosten-des-klimas\/#primaryimage","url":"https:\/\/www.immobilienbusiness.ch\/wp-content\/uploads\/2022\/11\/Abriss.png","contentUrl":"https:\/\/www.immobilienbusiness.ch\/wp-content\/uploads\/2022\/11\/Abriss.png","width":825,"height":616,"caption":"Abriss: SChlechte Klimabilanz? (Bild: mdornseif (https:\/\/commons.wikimedia.org\/wiki\/File:Abriss_Extra_Markt_in_Radevormwald_(3411298536).jpg)\u201c,https:\/\/creativecommons.org\/licenses\/by-sa\/2.0\/legalcode)"},{"@type":"BreadcrumbList","@id":"https:\/\/www.immobilienbusiness.ch\/de\/allgemein\/2022-11-29\/heimatschutz-nein-zum-abriss-auf-kosten-des-klimas\/#breadcrumb","itemListElement":[{"@type":"ListItem","position":1,"name":"Home","item":"https:\/\/www.immobilienbusiness.ch\/"},{"@type":"ListItem","position":2,"name":"Heimatschutz fordert: \u00abNein zum Abriss auf Kosten des Klimas\u00bb"}]},{"@type":"WebSite","@id":"https:\/\/www.immobilienbusiness.ch\/#website","url":"https:\/\/www.immobilienbusiness.ch\/","name":"Affari immobiliari","description":"Rivista economica indipendente svizzera che si concentra sul settore immobiliare, l'architettura e la costruzione, nonch\u00e9 sugli investimenti e i finanziamenti.","publisher":{"@id":"https:\/\/www.immobilienbusiness.ch\/#organization"},"potentialAction":[{"@type":"SearchAction","target":{"@type":"EntryPoint","urlTemplate":"https:\/\/www.immobilienbusiness.ch\/?s={search_term_string}"},"query-input":{"@type":"PropertyValueSpecification","valueRequired":true,"valueName":"search_term_string"}}],"inLanguage":"it-IT"},{"@type":"Organization","@id":"https:\/\/www.immobilienbusiness.ch\/#organization","name":"Affari immobiliari","url":"https:\/\/www.immobilienbusiness.ch\/","logo":{"@type":"ImageObject","inLanguage":"it-IT","@id":"https:\/\/www.immobilienbusiness.ch\/#\/schema\/logo\/image\/","url":"https:\/\/www.immobilienbusiness.ch\/wp-content\/uploads\/2021\/07\/logo_ib.png","contentUrl":"https:\/\/www.immobilienbusiness.ch\/wp-content\/uploads\/2021\/07\/logo_ib.png","width":800,"height":181,"caption":"IMMOBILIEN Business"},"image":{"@id":"https:\/\/www.immobilienbusiness.ch\/#\/schema\/logo\/image\/"},"sameAs":["https:\/\/www.facebook.com\/immobilienbusiness\/"]},{"@type":"Person","@id":"https:\/\/www.immobilienbusiness.ch\/#\/schema\/person\/aba8bea2db926aa0c24c08c43fe1fcd5","name":"Alexander Wachter","image":{"@type":"ImageObject","inLanguage":"it-IT","@id":"https:\/\/secure.gravatar.com\/avatar\/1a09e471f5389b0e0a6416eac287e0927c7c97a7b77f9e787eba3af7aee281dd?s=96&d=mm&r=g","url":"https:\/\/secure.gravatar.com\/avatar\/1a09e471f5389b0e0a6416eac287e0927c7c97a7b77f9e787eba3af7aee281dd?s=96&d=mm&r=g","contentUrl":"https:\/\/secure.gravatar.com\/avatar\/1a09e471f5389b0e0a6416eac287e0927c7c97a7b77f9e787eba3af7aee281dd?s=96&d=mm&r=g","caption":"Alexander Wachter"},"url":"https:\/\/www.immobilienbusiness.ch\/it\/author\/alexander-wachter\/"}]}},"_links":{"self":[{"href":"https:\/\/www.immobilienbusiness.ch\/it\/wp-json\/wp\/v2\/posts\/44923","targetHints":{"allow":["GET"]}}],"collection":[{"href":"https:\/\/www.immobilienbusiness.ch\/it\/wp-json\/wp\/v2\/posts"}],"about":[{"href":"https:\/\/www.immobilienbusiness.ch\/it\/wp-json\/wp\/v2\/types\/post"}],"author":[{"embeddable":true,"href":"https:\/\/www.immobilienbusiness.ch\/it\/wp-json\/wp\/v2\/users\/102"}],"replies":[{"embeddable":true,"href":"https:\/\/www.immobilienbusiness.ch\/it\/wp-json\/wp\/v2\/comments?post=44923"}],"version-history":[{"count":8,"href":"https:\/\/www.immobilienbusiness.ch\/it\/wp-json\/wp\/v2\/posts\/44923\/revisions"}],"predecessor-version":[{"id":44975,"href":"https:\/\/www.immobilienbusiness.ch\/it\/wp-json\/wp\/v2\/posts\/44923\/revisions\/44975"}],"wp:featuredmedia":[{"embeddable":true,"href":"https:\/\/www.immobilienbusiness.ch\/it\/wp-json\/wp\/v2\/media\/44934"}],"wp:attachment":[{"href":"https:\/\/www.immobilienbusiness.ch\/it\/wp-json\/wp\/v2\/media?parent=44923"}],"wp:term":[{"taxonomy":"category","embeddable":true,"href":"https:\/\/www.immobilienbusiness.ch\/it\/wp-json\/wp\/v2\/categories?post=44923"},{"taxonomy":"post_tag","embeddable":true,"href":"https:\/\/www.immobilienbusiness.ch\/it\/wp-json\/wp\/v2\/tags?post=44923"}],"curies":[{"name":"wp","href":"https:\/\/api.w.org\/{rel}","templated":true}]}}