{"id":44832,"date":"2022-11-22T07:57:02","date_gmt":"2022-11-22T06:57:02","guid":{"rendered":"https:\/\/www.immobilienbusiness.ch\/?p=44832"},"modified":"2022-11-24T09:08:14","modified_gmt":"2022-11-24T08:08:14","slug":"44832","status":"publish","type":"post","link":"https:\/\/www.immobilienbusiness.ch\/it\/regionen\/2022-11-22\/44832\/","title":{"rendered":"Basilea: disponibili i piani per il sito Roche sud con il possibile edificio 3"},"content":{"rendered":"<figure id=\"attachment_44833\" aria-describedby=\"caption-attachment-44833\" style=\"width: 1401px\" class=\"wp-caption alignnone\"><a href=\"https:\/\/www.immobilienbusiness.ch\/wp-content\/uploads\/2022\/11\/Bau-3.png\"><img loading=\"lazy\" decoding=\"async\" class=\"size-full wp-image-44833\" src=\"https:\/\/www.immobilienbusiness.ch\/wp-content\/uploads\/2022\/11\/Bau-3.png\" alt=\"\" width=\"1401\" height=\"923\" srcset=\"https:\/\/www.immobilienbusiness.ch\/wp-content\/uploads\/2022\/11\/Bau-3.png 1200w, https:\/\/www.immobilienbusiness.ch\/wp-content\/uploads\/2022\/11\/Bau-3-300x198.png 300w, https:\/\/www.immobilienbusiness.ch\/wp-content\/uploads\/2022\/11\/Bau-3-1024x675.png 1024w, https:\/\/www.immobilienbusiness.ch\/wp-content\/uploads\/2022\/11\/Bau-3-768x506.png 768w, https:\/\/www.immobilienbusiness.ch\/wp-content\/uploads\/2022\/11\/Bau-3-18x12.png 18w, https:\/\/www.immobilienbusiness.ch\/wp-content\/uploads\/2022\/11\/Bau-3-375x247.png 375w, https:\/\/www.immobilienbusiness.ch\/wp-content\/uploads\/2022\/11\/Bau-3-531x350.png 531w, https:\/\/www.immobilienbusiness.ch\/wp-content\/uploads\/2022\/11\/Bau-3-1000x659.png 1000w\" sizes=\"auto, (max-width: 1401px) 100vw, 1401px\" \/><\/a><figcaption id=\"caption-attachment-44833\" class=\"wp-caption-text\">Non ci sono ancora progetti concreti per l'Edificio 3. Questo schizzo del 2020 mostra approssimativamente come si inserirebbe. (Immagine: Roche)<\/figcaption><\/figure>\n<p>Nei documenti di pianificazione di Basilea, l'edificio, che diventerebbe il pi\u00f9 alto della Svizzera, \u00e8 descritto solo come una \"visione urbanistica\". Ciononostante, sono in corso i preparativi per la modifica della zonizzazione necessaria per l'attuazione e per la sostituzione del piano di sviluppo esistente sul sito meridionale di Roche che confina con il Reno. Viene anche indicato un possibile calendario approssimativo: In una prima fase dell'implementazione strutturale, gli edifici di ricerca nell'area meridionale saranno smantellati a partire dal 2024 e saranno realizzati un nuovo centro di accoglienza e uno spazio verde e aperto. L'edificio 3, per il quale non c'\u00e8 ancora una \"necessit\u00e0 immediata\", sar\u00e0 affrontato \"solo quando l'attuale fase di sviluppo dell'area nord si sar\u00e0 consolidata e sar\u00e0 evidente un ulteriore aumento della domanda di posti di lavoro\". Con un'altezza di 221 metri, sarebbe comunque un po' pi\u00f9 alto del precedente detentore del record svizzero, l'immediatamente vicino \"Bau 2\". Il volume del terzo grattacielo \u00e8 limitato a 81.000 m\u00b2 \"per evitare che l'edificio appaia troppo spesso\".<\/p>\n<p>L'altezza della struttura edilizia prevista consente di creare pi\u00f9 spazio verde sul sito: della superficie totale di 32.250 m\u00b2 sul sito sud, 16.550 m\u00b2 (equivalenti a 51%) sono attualmente edificati. Dopo l'attuazione della visione, circa 10.300 m\u00b2 (32%) saranno ancora edificati. Almeno 50% del possibile spazio aperto, con una superficie di 21.950 m\u00b2 (68%), sar\u00e0 progettato come spazio verde.<\/p>\n<p>Le obiezioni possono essere presentate fino al 20 dicembre. <em>(aw)<\/em><\/p>","protected":false},"excerpt":{"rendered":"<p>Secondo i piani recentemente pubblicati per il sito meridionale dell'azienda farmaceutica Roche a Basilea, il terzo grattacielo potrebbe avere una superficie di 81.000 metri quadrati e svettare di diversi metri sui suoi vicini.<\/p>","protected":false},"author":102,"featured_media":44833,"comment_status":"closed","ping_status":"closed","sticky":false,"template":"","format":"standard","meta":{"_acf_changed":false,"_yoast_wpseo_focuskw":"Basel","_yoast_wpseo_title":"","_yoast_wpseo_metadesc":"Laut der gestern publizierten Planauflage f\u00fcr das S\u00fcdareal des Pharmakonzerns Roche in Basel k\u00f6nnte das dritte Hochaus 81.000 qm gross werden und seine Nachbarn um einige Meter \u00fcberragen.","_yoast_wpseo_linkdex":52,"pgc_sgb_lightbox_settings":"","footnotes":""},"categories":[985],"tags":[1069,1118,1600],"class_list":["post-44832","post","type-post","status-publish","format-standard","has-post-thumbnail","hentry","category-regionen","tag-basel","tag-buero","tag-projekt-in-planung"],"acf":[],"yoast_head":"<!-- This site is optimized with the Yoast SEO plugin v27.4 - https:\/\/yoast.com\/product\/yoast-seo-wordpress\/ -->\n<title>Basel: Pl\u00e4ne f\u00fcr Roche-S\u00fcdareal mit m\u00f6glichem Bau 3 liegen auf - IMMOBILIEN Business<\/title>\n<meta name=\"description\" content=\"Laut der gestern publizierten Planauflage f\u00fcr das S\u00fcdareal des Pharmakonzerns Roche in Basel k\u00f6nnte das dritte Hochaus 81.000 qm gross werden und seine Nachbarn um einige Meter \u00fcberragen.\" \/>\n<meta name=\"robots\" content=\"index, follow, max-snippet:-1, max-image-preview:large, max-video-preview:-1\" \/>\n<link rel=\"canonical\" href=\"https:\/\/www.immobilienbusiness.ch\/it\/regionen\/2022-11-22\/44832\/\" \/>\n<meta property=\"og:locale\" content=\"it_IT\" \/>\n<meta property=\"og:type\" content=\"article\" \/>\n<meta property=\"og:title\" content=\"Basel: Pl\u00e4ne f\u00fcr Roche-S\u00fcdareal mit m\u00f6glichem Bau 3 liegen auf - IMMOBILIEN Business\" \/>\n<meta property=\"og:description\" content=\"Laut der gestern publizierten Planauflage f\u00fcr das S\u00fcdareal des Pharmakonzerns Roche in Basel k\u00f6nnte das dritte Hochaus 81.000 qm gross werden und seine Nachbarn um einige Meter \u00fcberragen.\" \/>\n<meta property=\"og:url\" content=\"https:\/\/www.immobilienbusiness.ch\/it\/regionen\/2022-11-22\/44832\/\" \/>\n<meta property=\"og:site_name\" content=\"IMMOBILIEN Business\" \/>\n<meta property=\"article:publisher\" content=\"https:\/\/www.facebook.com\/immobilienbusiness\/\" \/>\n<meta property=\"article:published_time\" content=\"2022-11-22T06:57:02+00:00\" \/>\n<meta property=\"article:modified_time\" content=\"2022-11-24T08:08:14+00:00\" \/>\n<meta property=\"og:image\" content=\"https:\/\/www.immobilienbusiness.ch\/wp-content\/uploads\/2022\/11\/Bau-3.png\" \/>\n\t<meta property=\"og:image:width\" content=\"1200\" \/>\n\t<meta property=\"og:image:height\" content=\"791\" \/>\n\t<meta property=\"og:image:type\" content=\"image\/png\" \/>\n<meta name=\"author\" content=\"Alexander Wachter\" \/>\n<meta name=\"twitter:card\" content=\"summary_large_image\" \/>\n<script type=\"application\/ld+json\" class=\"yoast-schema-graph\">{\"@context\":\"https:\\\/\\\/schema.org\",\"@graph\":[{\"@type\":\"Article\",\"@id\":\"https:\\\/\\\/www.immobilienbusiness.ch\\\/en\\\/regionen\\\/2022-11-22\\\/44832\\\/#article\",\"isPartOf\":{\"@id\":\"https:\\\/\\\/www.immobilienbusiness.ch\\\/en\\\/regionen\\\/2022-11-22\\\/44832\\\/\"},\"author\":{\"name\":\"Alexander Wachter\",\"@id\":\"https:\\\/\\\/www.immobilienbusiness.ch\\\/#\\\/schema\\\/person\\\/aba8bea2db926aa0c24c08c43fe1fcd5\"},\"headline\":\"Basel: Pl\u00e4ne f\u00fcr Roche-S\u00fcdareal mit m\u00f6glichem Bau 3 liegen auf\",\"datePublished\":\"2022-11-22T06:57:02+00:00\",\"dateModified\":\"2022-11-24T08:08:14+00:00\",\"mainEntityOfPage\":{\"@id\":\"https:\\\/\\\/www.immobilienbusiness.ch\\\/en\\\/regionen\\\/2022-11-22\\\/44832\\\/\"},\"wordCount\":280,\"publisher\":{\"@id\":\"https:\\\/\\\/www.immobilienbusiness.ch\\\/#organization\"},\"image\":{\"@id\":\"https:\\\/\\\/www.immobilienbusiness.ch\\\/en\\\/regionen\\\/2022-11-22\\\/44832\\\/#primaryimage\"},\"thumbnailUrl\":\"https:\\\/\\\/www.immobilienbusiness.ch\\\/wp-content\\\/uploads\\\/2022\\\/11\\\/Bau-3.png\",\"keywords\":[\"Basel\",\"B\u00fcro\",\"Projekt in Planung\"],\"articleSection\":[\"REGIONEN\"],\"inLanguage\":\"it-IT\"},{\"@type\":\"WebPage\",\"@id\":\"https:\\\/\\\/www.immobilienbusiness.ch\\\/en\\\/regionen\\\/2022-11-22\\\/44832\\\/\",\"url\":\"https:\\\/\\\/www.immobilienbusiness.ch\\\/en\\\/regionen\\\/2022-11-22\\\/44832\\\/\",\"name\":\"Basel: Pl\u00e4ne f\u00fcr Roche-S\u00fcdareal mit m\u00f6glichem Bau 3 liegen auf - IMMOBILIEN Business\",\"isPartOf\":{\"@id\":\"https:\\\/\\\/www.immobilienbusiness.ch\\\/#website\"},\"primaryImageOfPage\":{\"@id\":\"https:\\\/\\\/www.immobilienbusiness.ch\\\/en\\\/regionen\\\/2022-11-22\\\/44832\\\/#primaryimage\"},\"image\":{\"@id\":\"https:\\\/\\\/www.immobilienbusiness.ch\\\/en\\\/regionen\\\/2022-11-22\\\/44832\\\/#primaryimage\"},\"thumbnailUrl\":\"https:\\\/\\\/www.immobilienbusiness.ch\\\/wp-content\\\/uploads\\\/2022\\\/11\\\/Bau-3.png\",\"datePublished\":\"2022-11-22T06:57:02+00:00\",\"dateModified\":\"2022-11-24T08:08:14+00:00\",\"description\":\"Laut der gestern publizierten Planauflage f\u00fcr das S\u00fcdareal des Pharmakonzerns Roche in Basel k\u00f6nnte das dritte Hochaus 81.000 qm gross werden und seine Nachbarn um einige Meter \u00fcberragen.\",\"breadcrumb\":{\"@id\":\"https:\\\/\\\/www.immobilienbusiness.ch\\\/en\\\/regionen\\\/2022-11-22\\\/44832\\\/#breadcrumb\"},\"inLanguage\":\"it-IT\",\"potentialAction\":[{\"@type\":\"ReadAction\",\"target\":[\"https:\\\/\\\/www.immobilienbusiness.ch\\\/en\\\/regionen\\\/2022-11-22\\\/44832\\\/\"]}]},{\"@type\":\"ImageObject\",\"inLanguage\":\"it-IT\",\"@id\":\"https:\\\/\\\/www.immobilienbusiness.ch\\\/en\\\/regionen\\\/2022-11-22\\\/44832\\\/#primaryimage\",\"url\":\"https:\\\/\\\/www.immobilienbusiness.ch\\\/wp-content\\\/uploads\\\/2022\\\/11\\\/Bau-3.png\",\"contentUrl\":\"https:\\\/\\\/www.immobilienbusiness.ch\\\/wp-content\\\/uploads\\\/2022\\\/11\\\/Bau-3.png\",\"width\":1200,\"height\":791,\"caption\":\"Konkrete Pl\u00e4ne f\u00fcr den Bau 3 gibt es noch nicht. Diese Skizze stammt aus dem Jahr 2020 (Bild: Roche)\"},{\"@type\":\"BreadcrumbList\",\"@id\":\"https:\\\/\\\/www.immobilienbusiness.ch\\\/en\\\/regionen\\\/2022-11-22\\\/44832\\\/#breadcrumb\",\"itemListElement\":[{\"@type\":\"ListItem\",\"position\":1,\"name\":\"Home\",\"item\":\"https:\\\/\\\/www.immobilienbusiness.ch\\\/\"},{\"@type\":\"ListItem\",\"position\":2,\"name\":\"Basel: Pl\u00e4ne f\u00fcr Roche-S\u00fcdareal mit m\u00f6glichem Bau 3 liegen auf\"}]},{\"@type\":\"WebSite\",\"@id\":\"https:\\\/\\\/www.immobilienbusiness.ch\\\/#website\",\"url\":\"https:\\\/\\\/www.immobilienbusiness.ch\\\/\",\"name\":\"IMMOBILIEN Business\",\"description\":\"Unabh\u00e4ngiges Schweizer Wirtschaftsmagazin mit Fokus auf Immobilien, Architektur- und Bau sowie Investment- und Finanzierung.\",\"publisher\":{\"@id\":\"https:\\\/\\\/www.immobilienbusiness.ch\\\/#organization\"},\"potentialAction\":[{\"@type\":\"SearchAction\",\"target\":{\"@type\":\"EntryPoint\",\"urlTemplate\":\"https:\\\/\\\/www.immobilienbusiness.ch\\\/?s={search_term_string}\"},\"query-input\":{\"@type\":\"PropertyValueSpecification\",\"valueRequired\":true,\"valueName\":\"search_term_string\"}}],\"inLanguage\":\"it-IT\"},{\"@type\":\"Organization\",\"@id\":\"https:\\\/\\\/www.immobilienbusiness.ch\\\/#organization\",\"name\":\"IMMOBILIEN Business\",\"url\":\"https:\\\/\\\/www.immobilienbusiness.ch\\\/\",\"logo\":{\"@type\":\"ImageObject\",\"inLanguage\":\"it-IT\",\"@id\":\"https:\\\/\\\/www.immobilienbusiness.ch\\\/#\\\/schema\\\/logo\\\/image\\\/\",\"url\":\"https:\\\/\\\/www.immobilienbusiness.ch\\\/wp-content\\\/uploads\\\/2021\\\/07\\\/logo_ib.png\",\"contentUrl\":\"https:\\\/\\\/www.immobilienbusiness.ch\\\/wp-content\\\/uploads\\\/2021\\\/07\\\/logo_ib.png\",\"width\":800,\"height\":181,\"caption\":\"IMMOBILIEN Business\"},\"image\":{\"@id\":\"https:\\\/\\\/www.immobilienbusiness.ch\\\/#\\\/schema\\\/logo\\\/image\\\/\"},\"sameAs\":[\"https:\\\/\\\/www.facebook.com\\\/immobilienbusiness\\\/\"]},{\"@type\":\"Person\",\"@id\":\"https:\\\/\\\/www.immobilienbusiness.ch\\\/#\\\/schema\\\/person\\\/aba8bea2db926aa0c24c08c43fe1fcd5\",\"name\":\"Alexander Wachter\",\"image\":{\"@type\":\"ImageObject\",\"inLanguage\":\"it-IT\",\"@id\":\"https:\\\/\\\/secure.gravatar.com\\\/avatar\\\/1a09e471f5389b0e0a6416eac287e0927c7c97a7b77f9e787eba3af7aee281dd?s=96&d=mm&r=g\",\"url\":\"https:\\\/\\\/secure.gravatar.com\\\/avatar\\\/1a09e471f5389b0e0a6416eac287e0927c7c97a7b77f9e787eba3af7aee281dd?s=96&d=mm&r=g\",\"contentUrl\":\"https:\\\/\\\/secure.gravatar.com\\\/avatar\\\/1a09e471f5389b0e0a6416eac287e0927c7c97a7b77f9e787eba3af7aee281dd?s=96&d=mm&r=g\",\"caption\":\"Alexander Wachter\"},\"url\":\"https:\\\/\\\/www.immobilienbusiness.ch\\\/it\\\/author\\\/alexander-wachter\\\/\"}]}<\/script>\n<!-- \/ Yoast SEO plugin. -->","yoast_head_json":{"title":"Basilea: piani per l'area sud di Roche con un possibile edificio 3 sul tavolo - IMMOBILIEN Business","description":"Secondo i piani pubblicati ieri per il sito meridionale dell'azienda farmaceutica Roche a Basilea, il terzo grattacielo potrebbe avere una superficie di 81.000 metri quadrati e svettare di diversi metri sui suoi vicini.","robots":{"index":"index","follow":"follow","max-snippet":"max-snippet:-1","max-image-preview":"max-image-preview:large","max-video-preview":"max-video-preview:-1"},"canonical":"https:\/\/www.immobilienbusiness.ch\/it\/regionen\/2022-11-22\/44832\/","og_locale":"it_IT","og_type":"article","og_title":"Basel: Pl\u00e4ne f\u00fcr Roche-S\u00fcdareal mit m\u00f6glichem Bau 3 liegen auf - IMMOBILIEN Business","og_description":"Laut der gestern publizierten Planauflage f\u00fcr das S\u00fcdareal des Pharmakonzerns Roche in Basel k\u00f6nnte das dritte Hochaus 81.000 qm gross werden und seine Nachbarn um einige Meter \u00fcberragen.","og_url":"https:\/\/www.immobilienbusiness.ch\/it\/regionen\/2022-11-22\/44832\/","og_site_name":"IMMOBILIEN Business","article_publisher":"https:\/\/www.facebook.com\/immobilienbusiness\/","article_published_time":"2022-11-22T06:57:02+00:00","article_modified_time":"2022-11-24T08:08:14+00:00","og_image":[{"width":1200,"height":791,"url":"https:\/\/www.immobilienbusiness.ch\/wp-content\/uploads\/2022\/11\/Bau-3.png","type":"image\/png"}],"author":"Alexander Wachter","twitter_card":"summary_large_image","schema":{"@context":"https:\/\/schema.org","@graph":[{"@type":"Article","@id":"https:\/\/www.immobilienbusiness.ch\/en\/regionen\/2022-11-22\/44832\/#article","isPartOf":{"@id":"https:\/\/www.immobilienbusiness.ch\/en\/regionen\/2022-11-22\/44832\/"},"author":{"name":"Alexander Wachter","@id":"https:\/\/www.immobilienbusiness.ch\/#\/schema\/person\/aba8bea2db926aa0c24c08c43fe1fcd5"},"headline":"Basel: Pl\u00e4ne f\u00fcr Roche-S\u00fcdareal mit m\u00f6glichem Bau 3 liegen auf","datePublished":"2022-11-22T06:57:02+00:00","dateModified":"2022-11-24T08:08:14+00:00","mainEntityOfPage":{"@id":"https:\/\/www.immobilienbusiness.ch\/en\/regionen\/2022-11-22\/44832\/"},"wordCount":280,"publisher":{"@id":"https:\/\/www.immobilienbusiness.ch\/#organization"},"image":{"@id":"https:\/\/www.immobilienbusiness.ch\/en\/regionen\/2022-11-22\/44832\/#primaryimage"},"thumbnailUrl":"https:\/\/www.immobilienbusiness.ch\/wp-content\/uploads\/2022\/11\/Bau-3.png","keywords":["Basel","B\u00fcro","Projekt in Planung"],"articleSection":["REGIONEN"],"inLanguage":"it-IT"},{"@type":"WebPage","@id":"https:\/\/www.immobilienbusiness.ch\/en\/regionen\/2022-11-22\/44832\/","url":"https:\/\/www.immobilienbusiness.ch\/en\/regionen\/2022-11-22\/44832\/","name":"Basilea: piani per l'area sud di Roche con un possibile edificio 3 sul tavolo - IMMOBILIEN Business","isPartOf":{"@id":"https:\/\/www.immobilienbusiness.ch\/#website"},"primaryImageOfPage":{"@id":"https:\/\/www.immobilienbusiness.ch\/en\/regionen\/2022-11-22\/44832\/#primaryimage"},"image":{"@id":"https:\/\/www.immobilienbusiness.ch\/en\/regionen\/2022-11-22\/44832\/#primaryimage"},"thumbnailUrl":"https:\/\/www.immobilienbusiness.ch\/wp-content\/uploads\/2022\/11\/Bau-3.png","datePublished":"2022-11-22T06:57:02+00:00","dateModified":"2022-11-24T08:08:14+00:00","description":"Secondo i piani pubblicati ieri per il sito meridionale dell'azienda farmaceutica Roche a Basilea, il terzo grattacielo potrebbe avere una superficie di 81.000 metri quadrati e svettare di diversi metri sui suoi vicini.","breadcrumb":{"@id":"https:\/\/www.immobilienbusiness.ch\/en\/regionen\/2022-11-22\/44832\/#breadcrumb"},"inLanguage":"it-IT","potentialAction":[{"@type":"ReadAction","target":["https:\/\/www.immobilienbusiness.ch\/en\/regionen\/2022-11-22\/44832\/"]}]},{"@type":"ImageObject","inLanguage":"it-IT","@id":"https:\/\/www.immobilienbusiness.ch\/en\/regionen\/2022-11-22\/44832\/#primaryimage","url":"https:\/\/www.immobilienbusiness.ch\/wp-content\/uploads\/2022\/11\/Bau-3.png","contentUrl":"https:\/\/www.immobilienbusiness.ch\/wp-content\/uploads\/2022\/11\/Bau-3.png","width":1200,"height":791,"caption":"Konkrete Pl\u00e4ne f\u00fcr den Bau 3 gibt es noch nicht. Diese Skizze stammt aus dem Jahr 2020 (Bild: Roche)"},{"@type":"BreadcrumbList","@id":"https:\/\/www.immobilienbusiness.ch\/en\/regionen\/2022-11-22\/44832\/#breadcrumb","itemListElement":[{"@type":"ListItem","position":1,"name":"Home","item":"https:\/\/www.immobilienbusiness.ch\/"},{"@type":"ListItem","position":2,"name":"Basel: Pl\u00e4ne f\u00fcr Roche-S\u00fcdareal mit m\u00f6glichem Bau 3 liegen auf"}]},{"@type":"WebSite","@id":"https:\/\/www.immobilienbusiness.ch\/#website","url":"https:\/\/www.immobilienbusiness.ch\/","name":"Affari immobiliari","description":"Rivista economica indipendente svizzera che si concentra sul settore immobiliare, l'architettura e la costruzione, nonch\u00e9 sugli investimenti e i finanziamenti.","publisher":{"@id":"https:\/\/www.immobilienbusiness.ch\/#organization"},"potentialAction":[{"@type":"SearchAction","target":{"@type":"EntryPoint","urlTemplate":"https:\/\/www.immobilienbusiness.ch\/?s={search_term_string}"},"query-input":{"@type":"PropertyValueSpecification","valueRequired":true,"valueName":"search_term_string"}}],"inLanguage":"it-IT"},{"@type":"Organization","@id":"https:\/\/www.immobilienbusiness.ch\/#organization","name":"Affari immobiliari","url":"https:\/\/www.immobilienbusiness.ch\/","logo":{"@type":"ImageObject","inLanguage":"it-IT","@id":"https:\/\/www.immobilienbusiness.ch\/#\/schema\/logo\/image\/","url":"https:\/\/www.immobilienbusiness.ch\/wp-content\/uploads\/2021\/07\/logo_ib.png","contentUrl":"https:\/\/www.immobilienbusiness.ch\/wp-content\/uploads\/2021\/07\/logo_ib.png","width":800,"height":181,"caption":"IMMOBILIEN Business"},"image":{"@id":"https:\/\/www.immobilienbusiness.ch\/#\/schema\/logo\/image\/"},"sameAs":["https:\/\/www.facebook.com\/immobilienbusiness\/"]},{"@type":"Person","@id":"https:\/\/www.immobilienbusiness.ch\/#\/schema\/person\/aba8bea2db926aa0c24c08c43fe1fcd5","name":"Alexander Wachter","image":{"@type":"ImageObject","inLanguage":"it-IT","@id":"https:\/\/secure.gravatar.com\/avatar\/1a09e471f5389b0e0a6416eac287e0927c7c97a7b77f9e787eba3af7aee281dd?s=96&d=mm&r=g","url":"https:\/\/secure.gravatar.com\/avatar\/1a09e471f5389b0e0a6416eac287e0927c7c97a7b77f9e787eba3af7aee281dd?s=96&d=mm&r=g","contentUrl":"https:\/\/secure.gravatar.com\/avatar\/1a09e471f5389b0e0a6416eac287e0927c7c97a7b77f9e787eba3af7aee281dd?s=96&d=mm&r=g","caption":"Alexander Wachter"},"url":"https:\/\/www.immobilienbusiness.ch\/it\/author\/alexander-wachter\/"}]}},"_links":{"self":[{"href":"https:\/\/www.immobilienbusiness.ch\/it\/wp-json\/wp\/v2\/posts\/44832","targetHints":{"allow":["GET"]}}],"collection":[{"href":"https:\/\/www.immobilienbusiness.ch\/it\/wp-json\/wp\/v2\/posts"}],"about":[{"href":"https:\/\/www.immobilienbusiness.ch\/it\/wp-json\/wp\/v2\/types\/post"}],"author":[{"embeddable":true,"href":"https:\/\/www.immobilienbusiness.ch\/it\/wp-json\/wp\/v2\/users\/102"}],"replies":[{"embeddable":true,"href":"https:\/\/www.immobilienbusiness.ch\/it\/wp-json\/wp\/v2\/comments?post=44832"}],"version-history":[{"count":10,"href":"https:\/\/www.immobilienbusiness.ch\/it\/wp-json\/wp\/v2\/posts\/44832\/revisions"}],"predecessor-version":[{"id":44888,"href":"https:\/\/www.immobilienbusiness.ch\/it\/wp-json\/wp\/v2\/posts\/44832\/revisions\/44888"}],"wp:featuredmedia":[{"embeddable":true,"href":"https:\/\/www.immobilienbusiness.ch\/it\/wp-json\/wp\/v2\/media\/44833"}],"wp:attachment":[{"href":"https:\/\/www.immobilienbusiness.ch\/it\/wp-json\/wp\/v2\/media?parent=44832"}],"wp:term":[{"taxonomy":"category","embeddable":true,"href":"https:\/\/www.immobilienbusiness.ch\/it\/wp-json\/wp\/v2\/categories?post=44832"},{"taxonomy":"post_tag","embeddable":true,"href":"https:\/\/www.immobilienbusiness.ch\/it\/wp-json\/wp\/v2\/tags?post=44832"}],"curies":[{"name":"wp","href":"https:\/\/api.w.org\/{rel}","templated":true}]}}