{"id":44736,"date":"2022-11-14T08:54:32","date_gmt":"2022-11-14T07:54:32","guid":{"rendered":"https:\/\/www.immobilienbusiness.ch\/?p=44736"},"modified":"2022-11-14T08:54:32","modified_gmt":"2022-11-14T07:54:32","slug":"stadt-zuerich-hat-plaene-fuer-das-schlachthof-areal","status":"publish","type":"post","link":"https:\/\/www.immobilienbusiness.ch\/it\/regionen\/2022-11-14\/stadt-zuerich-hat-plaene-fuer-das-schlachthof-areal\/","title":{"rendered":"La citt\u00e0 di Zurigo ha un progetto per il sito dello Schlachthof"},"content":{"rendered":"<figure id=\"attachment_44738\" aria-describedby=\"caption-attachment-44738\" style=\"width: 1400px\" class=\"wp-caption alignnone\"><a href=\"https:\/\/www.immobilienbusiness.ch\/wp-content\/uploads\/2022\/11\/Schlachthof-scaled.jpg\"><img loading=\"lazy\" decoding=\"async\" class=\"size-full wp-image-44738\" src=\"https:\/\/www.immobilienbusiness.ch\/wp-content\/uploads\/2022\/11\/Schlachthof-scaled.jpg\" alt=\"\" width=\"1400\" height=\"933\" srcset=\"https:\/\/www.immobilienbusiness.ch\/wp-content\/uploads\/2022\/11\/Schlachthof-scaled.jpg 1200w, https:\/\/www.immobilienbusiness.ch\/wp-content\/uploads\/2022\/11\/Schlachthof-300x200.jpg 300w, https:\/\/www.immobilienbusiness.ch\/wp-content\/uploads\/2022\/11\/Schlachthof-1024x683.jpg 1024w, https:\/\/www.immobilienbusiness.ch\/wp-content\/uploads\/2022\/11\/Schlachthof-768x512.jpg 768w, https:\/\/www.immobilienbusiness.ch\/wp-content\/uploads\/2022\/11\/Schlachthof-1536x1024.jpg 1536w, https:\/\/www.immobilienbusiness.ch\/wp-content\/uploads\/2022\/11\/Schlachthof-2048x1365.jpg 2048w, https:\/\/www.immobilienbusiness.ch\/wp-content\/uploads\/2022\/11\/Schlachthof-18x12.jpg 18w, https:\/\/www.immobilienbusiness.ch\/wp-content\/uploads\/2022\/11\/Schlachthof-375x250.jpg 375w, https:\/\/www.immobilienbusiness.ch\/wp-content\/uploads\/2022\/11\/Schlachthof-525x350.jpg 525w, https:\/\/www.immobilienbusiness.ch\/wp-content\/uploads\/2022\/11\/Schlachthof-1000x667.jpg 1000w\" sizes=\"auto, (max-width: 1400px) 100vw, 1400px\" \/><\/a><figcaption id=\"caption-attachment-44738\" class=\"wp-caption-text\">Il mattatoio di Zurigo (Fonte: ETH-Bibliothek Z\u00fcrich, Bildarchiv \/ Fotografo: B\u00e4rtschi, Hans-Peter \/ SIK_03-094362 \/ CC BY-SA 4.0)<\/figcaption><\/figure>\n<p>Il sito del macello tra Hohl-, Herdern-, Basler- e Hardgut-Strasse, al confine tra Aussersihl e Altstetten, \u00e8 di propriet\u00e0 della citt\u00e0 di Zurigo. \u00c8 stato utilizzato dall'industria della carne per oltre cento anni e gli edifici del sito sono quasi tutti classificati.<\/p>\n<p>I contratti di locazione con i tre attuali utenti principali scadono alla fine del 2029 e non saranno prorogati a lungo termine, ha deciso il Consiglio comunale. Ci\u00f2 significa che a partire dal 2030 non ci saranno pi\u00f9 macellazioni nel sito.<\/p>\n<p>L'area di 54.600 m\u00b2 sar\u00e0 destinata a un nuovo uso, con l'industria manifatturiera in primo piano: \"Il sito dello Schlachthof rimarr\u00e0 in futuro un'area industriale e commerciale\", scrive il Comune di Zurigo in un comunicato stampa.<\/p>\n<p>La cessazione dell'attivit\u00e0 del mattatoio offre maggiori possibilit\u00e0 di uno sviluppo graduale, in cui l'area pu\u00f2 aprirsi ulteriormente al quartiere e si possono creare spazi aperti e verdi, prosegue il documento. La particolare identit\u00e0 architettonica e urbana del sito del mattatoio deve essere preservata. <em>(ah)<\/em><\/p>","protected":false},"excerpt":{"rendered":"<p>Il Comune di Zurigo vuole trasformare l'area dello Schlachthof, tra Aussersihl e Altstetten, in un quartiere commerciale aperto e verde.<\/p>","protected":false},"author":3,"featured_media":44738,"comment_status":"closed","ping_status":"closed","sticky":false,"template":"","format":"standard","meta":{"_acf_changed":false,"_yoast_wpseo_focuskw":"Schlachthof","_yoast_wpseo_title":"","_yoast_wpseo_metadesc":"Der Z\u00fcrcher Stadtrat will das Schlachthof-Areal zwischen Aussersihl und Altstetten zu einem offenen, gr\u00fcnen Gewerbequartier entwickeln.","_yoast_wpseo_linkdex":60,"pgc_sgb_lightbox_settings":"","footnotes":""},"categories":[985],"tags":[1271,1600,1973,1888],"class_list":["post-44736","post","type-post","status-publish","format-standard","has-post-thumbnail","hentry","category-regionen","tag-gewerbeimmobilie","tag-projekt-in-planung","tag-verfugbares-grundstuck","tag-zuerich"],"acf":[],"yoast_head":"<!-- This site is optimized with the Yoast SEO plugin v27.4 - https:\/\/yoast.com\/product\/yoast-seo-wordpress\/ -->\n<title>Stadt Z\u00fcrich hat Pl\u00e4ne f\u00fcr das Schlachthof-Areal - IMMOBILIEN Business<\/title>\n<meta name=\"description\" content=\"Der Z\u00fcrcher Stadtrat will das Schlachthof-Areal zwischen Aussersihl und Altstetten zu einem offenen, gr\u00fcnen Gewerbequartier entwickeln.\" \/>\n<meta name=\"robots\" content=\"index, follow, max-snippet:-1, max-image-preview:large, max-video-preview:-1\" \/>\n<link rel=\"canonical\" href=\"https:\/\/www.immobilienbusiness.ch\/it\/regionen\/2022-11-14\/stadt-zuerich-hat-plaene-fuer-das-schlachthof-areal\/\" \/>\n<meta property=\"og:locale\" content=\"it_IT\" \/>\n<meta property=\"og:type\" content=\"article\" \/>\n<meta property=\"og:title\" content=\"Stadt Z\u00fcrich hat Pl\u00e4ne f\u00fcr das Schlachthof-Areal - IMMOBILIEN Business\" \/>\n<meta property=\"og:description\" content=\"Der Z\u00fcrcher Stadtrat will das Schlachthof-Areal zwischen Aussersihl und Altstetten zu einem offenen, gr\u00fcnen Gewerbequartier entwickeln.\" \/>\n<meta property=\"og:url\" content=\"https:\/\/www.immobilienbusiness.ch\/it\/regionen\/2022-11-14\/stadt-zuerich-hat-plaene-fuer-das-schlachthof-areal\/\" \/>\n<meta property=\"og:site_name\" content=\"IMMOBILIEN Business\" \/>\n<meta property=\"article:publisher\" content=\"https:\/\/www.facebook.com\/immobilienbusiness\/\" \/>\n<meta property=\"article:published_time\" content=\"2022-11-14T07:54:32+00:00\" \/>\n<meta property=\"og:image\" content=\"https:\/\/www.immobilienbusiness.ch\/wp-content\/uploads\/2022\/11\/Schlachthof-scaled.jpg\" \/>\n\t<meta property=\"og:image:width\" content=\"1200\" \/>\n\t<meta property=\"og:image:height\" content=\"800\" \/>\n\t<meta property=\"og:image:type\" content=\"image\/jpeg\" \/>\n<meta name=\"author\" content=\"anja.hall\" \/>\n<meta name=\"twitter:card\" content=\"summary_large_image\" \/>\n<meta name=\"twitter:image\" content=\"https:\/\/www.immobilienbusiness.ch\/wp-content\/uploads\/2022\/11\/Schlachthof-scaled.jpg\" \/>\n<script type=\"application\/ld+json\" class=\"yoast-schema-graph\">{\"@context\":\"https:\\\/\\\/schema.org\",\"@graph\":[{\"@type\":\"Article\",\"@id\":\"https:\\\/\\\/www.immobilienbusiness.ch\\\/fr\\\/regionen\\\/2022-11-14\\\/stadt-zuerich-hat-plaene-fuer-das-schlachthof-areal\\\/#article\",\"isPartOf\":{\"@id\":\"https:\\\/\\\/www.immobilienbusiness.ch\\\/fr\\\/regionen\\\/2022-11-14\\\/stadt-zuerich-hat-plaene-fuer-das-schlachthof-areal\\\/\"},\"author\":{\"name\":\"anja.hall\",\"@id\":\"https:\\\/\\\/www.immobilienbusiness.ch\\\/#\\\/schema\\\/person\\\/3fc036297b10b9f42d6db5ee932af8c8\"},\"headline\":\"Stadt Z\u00fcrich hat Pl\u00e4ne f\u00fcr das Schlachthof-Areal\",\"datePublished\":\"2022-11-14T07:54:32+00:00\",\"mainEntityOfPage\":{\"@id\":\"https:\\\/\\\/www.immobilienbusiness.ch\\\/fr\\\/regionen\\\/2022-11-14\\\/stadt-zuerich-hat-plaene-fuer-das-schlachthof-areal\\\/\"},\"wordCount\":201,\"publisher\":{\"@id\":\"https:\\\/\\\/www.immobilienbusiness.ch\\\/#organization\"},\"image\":{\"@id\":\"https:\\\/\\\/www.immobilienbusiness.ch\\\/fr\\\/regionen\\\/2022-11-14\\\/stadt-zuerich-hat-plaene-fuer-das-schlachthof-areal\\\/#primaryimage\"},\"thumbnailUrl\":\"https:\\\/\\\/www.immobilienbusiness.ch\\\/wp-content\\\/uploads\\\/2022\\\/11\\\/Schlachthof-scaled.jpg\",\"keywords\":[\"Gewerbeimmobilie\",\"Projekt in Planung\",\"verf\u00fcgbares Grundst\u00fcck\",\"Z\u00fcrich\"],\"articleSection\":[\"REGIONEN\"],\"inLanguage\":\"it-IT\"},{\"@type\":\"WebPage\",\"@id\":\"https:\\\/\\\/www.immobilienbusiness.ch\\\/fr\\\/regionen\\\/2022-11-14\\\/stadt-zuerich-hat-plaene-fuer-das-schlachthof-areal\\\/\",\"url\":\"https:\\\/\\\/www.immobilienbusiness.ch\\\/fr\\\/regionen\\\/2022-11-14\\\/stadt-zuerich-hat-plaene-fuer-das-schlachthof-areal\\\/\",\"name\":\"Stadt Z\u00fcrich hat Pl\u00e4ne f\u00fcr das Schlachthof-Areal - IMMOBILIEN Business\",\"isPartOf\":{\"@id\":\"https:\\\/\\\/www.immobilienbusiness.ch\\\/#website\"},\"primaryImageOfPage\":{\"@id\":\"https:\\\/\\\/www.immobilienbusiness.ch\\\/fr\\\/regionen\\\/2022-11-14\\\/stadt-zuerich-hat-plaene-fuer-das-schlachthof-areal\\\/#primaryimage\"},\"image\":{\"@id\":\"https:\\\/\\\/www.immobilienbusiness.ch\\\/fr\\\/regionen\\\/2022-11-14\\\/stadt-zuerich-hat-plaene-fuer-das-schlachthof-areal\\\/#primaryimage\"},\"thumbnailUrl\":\"https:\\\/\\\/www.immobilienbusiness.ch\\\/wp-content\\\/uploads\\\/2022\\\/11\\\/Schlachthof-scaled.jpg\",\"datePublished\":\"2022-11-14T07:54:32+00:00\",\"description\":\"Der Z\u00fcrcher Stadtrat will das Schlachthof-Areal zwischen Aussersihl und Altstetten zu einem offenen, gr\u00fcnen Gewerbequartier entwickeln.\",\"breadcrumb\":{\"@id\":\"https:\\\/\\\/www.immobilienbusiness.ch\\\/fr\\\/regionen\\\/2022-11-14\\\/stadt-zuerich-hat-plaene-fuer-das-schlachthof-areal\\\/#breadcrumb\"},\"inLanguage\":\"it-IT\",\"potentialAction\":[{\"@type\":\"ReadAction\",\"target\":[\"https:\\\/\\\/www.immobilienbusiness.ch\\\/fr\\\/regionen\\\/2022-11-14\\\/stadt-zuerich-hat-plaene-fuer-das-schlachthof-areal\\\/\"]}]},{\"@type\":\"ImageObject\",\"inLanguage\":\"it-IT\",\"@id\":\"https:\\\/\\\/www.immobilienbusiness.ch\\\/fr\\\/regionen\\\/2022-11-14\\\/stadt-zuerich-hat-plaene-fuer-das-schlachthof-areal\\\/#primaryimage\",\"url\":\"https:\\\/\\\/www.immobilienbusiness.ch\\\/wp-content\\\/uploads\\\/2022\\\/11\\\/Schlachthof-scaled.jpg\",\"contentUrl\":\"https:\\\/\\\/www.immobilienbusiness.ch\\\/wp-content\\\/uploads\\\/2022\\\/11\\\/Schlachthof-scaled.jpg\",\"width\":1200,\"height\":800,\"caption\":\"Der Schlachthof in Z\u00fcrich (Quelle: ETH-Bibliothek Z\u00fcrich, Bildarchiv \\\/ Fotograf: B\u00e4rtschi, Hans-Peter \\\/ SIK_03-094362 \\\/ CC BY-SA 4.0)\"},{\"@type\":\"BreadcrumbList\",\"@id\":\"https:\\\/\\\/www.immobilienbusiness.ch\\\/fr\\\/regionen\\\/2022-11-14\\\/stadt-zuerich-hat-plaene-fuer-das-schlachthof-areal\\\/#breadcrumb\",\"itemListElement\":[{\"@type\":\"ListItem\",\"position\":1,\"name\":\"Home\",\"item\":\"https:\\\/\\\/www.immobilienbusiness.ch\\\/\"},{\"@type\":\"ListItem\",\"position\":2,\"name\":\"Stadt Z\u00fcrich hat Pl\u00e4ne f\u00fcr das Schlachthof-Areal\"}]},{\"@type\":\"WebSite\",\"@id\":\"https:\\\/\\\/www.immobilienbusiness.ch\\\/#website\",\"url\":\"https:\\\/\\\/www.immobilienbusiness.ch\\\/\",\"name\":\"IMMOBILIEN Business\",\"description\":\"Unabh\u00e4ngiges Schweizer Wirtschaftsmagazin mit Fokus auf Immobilien, Architektur- und Bau sowie Investment- und Finanzierung.\",\"publisher\":{\"@id\":\"https:\\\/\\\/www.immobilienbusiness.ch\\\/#organization\"},\"potentialAction\":[{\"@type\":\"SearchAction\",\"target\":{\"@type\":\"EntryPoint\",\"urlTemplate\":\"https:\\\/\\\/www.immobilienbusiness.ch\\\/?s={search_term_string}\"},\"query-input\":{\"@type\":\"PropertyValueSpecification\",\"valueRequired\":true,\"valueName\":\"search_term_string\"}}],\"inLanguage\":\"it-IT\"},{\"@type\":\"Organization\",\"@id\":\"https:\\\/\\\/www.immobilienbusiness.ch\\\/#organization\",\"name\":\"IMMOBILIEN Business\",\"url\":\"https:\\\/\\\/www.immobilienbusiness.ch\\\/\",\"logo\":{\"@type\":\"ImageObject\",\"inLanguage\":\"it-IT\",\"@id\":\"https:\\\/\\\/www.immobilienbusiness.ch\\\/#\\\/schema\\\/logo\\\/image\\\/\",\"url\":\"https:\\\/\\\/www.immobilienbusiness.ch\\\/wp-content\\\/uploads\\\/2021\\\/07\\\/logo_ib.png\",\"contentUrl\":\"https:\\\/\\\/www.immobilienbusiness.ch\\\/wp-content\\\/uploads\\\/2021\\\/07\\\/logo_ib.png\",\"width\":800,\"height\":181,\"caption\":\"IMMOBILIEN Business\"},\"image\":{\"@id\":\"https:\\\/\\\/www.immobilienbusiness.ch\\\/#\\\/schema\\\/logo\\\/image\\\/\"},\"sameAs\":[\"https:\\\/\\\/www.facebook.com\\\/immobilienbusiness\\\/\"]},{\"@type\":\"Person\",\"@id\":\"https:\\\/\\\/www.immobilienbusiness.ch\\\/#\\\/schema\\\/person\\\/3fc036297b10b9f42d6db5ee932af8c8\",\"name\":\"anja.hall\",\"image\":{\"@type\":\"ImageObject\",\"inLanguage\":\"it-IT\",\"@id\":\"https:\\\/\\\/secure.gravatar.com\\\/avatar\\\/066b5a0d447013502c71a5782f4f3469f03cfe595cc2329fb94652fe47511bfb?s=96&d=mm&r=g\",\"url\":\"https:\\\/\\\/secure.gravatar.com\\\/avatar\\\/066b5a0d447013502c71a5782f4f3469f03cfe595cc2329fb94652fe47511bfb?s=96&d=mm&r=g\",\"contentUrl\":\"https:\\\/\\\/secure.gravatar.com\\\/avatar\\\/066b5a0d447013502c71a5782f4f3469f03cfe595cc2329fb94652fe47511bfb?s=96&d=mm&r=g\",\"caption\":\"anja.hall\"},\"url\":\"https:\\\/\\\/www.immobilienbusiness.ch\\\/it\\\/author\\\/anja-hall\\\/\"}]}<\/script>\n<!-- \/ Yoast SEO plugin. -->","yoast_head_json":{"title":"Stadt Z\u00fcrich hat Pl\u00e4ne f\u00fcr das Schlachthof-Areal - IMMOBILIEN Business","description":"Il Comune di Zurigo vuole trasformare l'area dello Schlachthof, tra Aussersihl e Altstetten, in un quartiere commerciale aperto e verde.","robots":{"index":"index","follow":"follow","max-snippet":"max-snippet:-1","max-image-preview":"max-image-preview:large","max-video-preview":"max-video-preview:-1"},"canonical":"https:\/\/www.immobilienbusiness.ch\/it\/regionen\/2022-11-14\/stadt-zuerich-hat-plaene-fuer-das-schlachthof-areal\/","og_locale":"it_IT","og_type":"article","og_title":"Stadt Z\u00fcrich hat Pl\u00e4ne f\u00fcr das Schlachthof-Areal - IMMOBILIEN Business","og_description":"Der Z\u00fcrcher Stadtrat will das Schlachthof-Areal zwischen Aussersihl und Altstetten zu einem offenen, gr\u00fcnen Gewerbequartier entwickeln.","og_url":"https:\/\/www.immobilienbusiness.ch\/it\/regionen\/2022-11-14\/stadt-zuerich-hat-plaene-fuer-das-schlachthof-areal\/","og_site_name":"IMMOBILIEN Business","article_publisher":"https:\/\/www.facebook.com\/immobilienbusiness\/","article_published_time":"2022-11-14T07:54:32+00:00","og_image":[{"width":1200,"height":800,"url":"https:\/\/www.immobilienbusiness.ch\/wp-content\/uploads\/2022\/11\/Schlachthof-scaled.jpg","type":"image\/jpeg"}],"author":"anja.hall","twitter_card":"summary_large_image","twitter_image":"https:\/\/www.immobilienbusiness.ch\/wp-content\/uploads\/2022\/11\/Schlachthof-scaled.jpg","schema":{"@context":"https:\/\/schema.org","@graph":[{"@type":"Article","@id":"https:\/\/www.immobilienbusiness.ch\/fr\/regionen\/2022-11-14\/stadt-zuerich-hat-plaene-fuer-das-schlachthof-areal\/#article","isPartOf":{"@id":"https:\/\/www.immobilienbusiness.ch\/fr\/regionen\/2022-11-14\/stadt-zuerich-hat-plaene-fuer-das-schlachthof-areal\/"},"author":{"name":"anja.hall","@id":"https:\/\/www.immobilienbusiness.ch\/#\/schema\/person\/3fc036297b10b9f42d6db5ee932af8c8"},"headline":"Stadt Z\u00fcrich hat Pl\u00e4ne f\u00fcr das Schlachthof-Areal","datePublished":"2022-11-14T07:54:32+00:00","mainEntityOfPage":{"@id":"https:\/\/www.immobilienbusiness.ch\/fr\/regionen\/2022-11-14\/stadt-zuerich-hat-plaene-fuer-das-schlachthof-areal\/"},"wordCount":201,"publisher":{"@id":"https:\/\/www.immobilienbusiness.ch\/#organization"},"image":{"@id":"https:\/\/www.immobilienbusiness.ch\/fr\/regionen\/2022-11-14\/stadt-zuerich-hat-plaene-fuer-das-schlachthof-areal\/#primaryimage"},"thumbnailUrl":"https:\/\/www.immobilienbusiness.ch\/wp-content\/uploads\/2022\/11\/Schlachthof-scaled.jpg","keywords":["Gewerbeimmobilie","Projekt in Planung","verf\u00fcgbares Grundst\u00fcck","Z\u00fcrich"],"articleSection":["REGIONEN"],"inLanguage":"it-IT"},{"@type":"WebPage","@id":"https:\/\/www.immobilienbusiness.ch\/fr\/regionen\/2022-11-14\/stadt-zuerich-hat-plaene-fuer-das-schlachthof-areal\/","url":"https:\/\/www.immobilienbusiness.ch\/fr\/regionen\/2022-11-14\/stadt-zuerich-hat-plaene-fuer-das-schlachthof-areal\/","name":"Stadt Z\u00fcrich hat Pl\u00e4ne f\u00fcr das Schlachthof-Areal - IMMOBILIEN Business","isPartOf":{"@id":"https:\/\/www.immobilienbusiness.ch\/#website"},"primaryImageOfPage":{"@id":"https:\/\/www.immobilienbusiness.ch\/fr\/regionen\/2022-11-14\/stadt-zuerich-hat-plaene-fuer-das-schlachthof-areal\/#primaryimage"},"image":{"@id":"https:\/\/www.immobilienbusiness.ch\/fr\/regionen\/2022-11-14\/stadt-zuerich-hat-plaene-fuer-das-schlachthof-areal\/#primaryimage"},"thumbnailUrl":"https:\/\/www.immobilienbusiness.ch\/wp-content\/uploads\/2022\/11\/Schlachthof-scaled.jpg","datePublished":"2022-11-14T07:54:32+00:00","description":"Il Comune di Zurigo vuole trasformare l'area dello Schlachthof, tra Aussersihl e Altstetten, in un quartiere commerciale aperto e verde.","breadcrumb":{"@id":"https:\/\/www.immobilienbusiness.ch\/fr\/regionen\/2022-11-14\/stadt-zuerich-hat-plaene-fuer-das-schlachthof-areal\/#breadcrumb"},"inLanguage":"it-IT","potentialAction":[{"@type":"ReadAction","target":["https:\/\/www.immobilienbusiness.ch\/fr\/regionen\/2022-11-14\/stadt-zuerich-hat-plaene-fuer-das-schlachthof-areal\/"]}]},{"@type":"ImageObject","inLanguage":"it-IT","@id":"https:\/\/www.immobilienbusiness.ch\/fr\/regionen\/2022-11-14\/stadt-zuerich-hat-plaene-fuer-das-schlachthof-areal\/#primaryimage","url":"https:\/\/www.immobilienbusiness.ch\/wp-content\/uploads\/2022\/11\/Schlachthof-scaled.jpg","contentUrl":"https:\/\/www.immobilienbusiness.ch\/wp-content\/uploads\/2022\/11\/Schlachthof-scaled.jpg","width":1200,"height":800,"caption":"Der Schlachthof in Z\u00fcrich (Quelle: ETH-Bibliothek Z\u00fcrich, Bildarchiv \/ Fotograf: B\u00e4rtschi, Hans-Peter \/ SIK_03-094362 \/ CC BY-SA 4.0)"},{"@type":"BreadcrumbList","@id":"https:\/\/www.immobilienbusiness.ch\/fr\/regionen\/2022-11-14\/stadt-zuerich-hat-plaene-fuer-das-schlachthof-areal\/#breadcrumb","itemListElement":[{"@type":"ListItem","position":1,"name":"Home","item":"https:\/\/www.immobilienbusiness.ch\/"},{"@type":"ListItem","position":2,"name":"Stadt Z\u00fcrich hat Pl\u00e4ne f\u00fcr das Schlachthof-Areal"}]},{"@type":"WebSite","@id":"https:\/\/www.immobilienbusiness.ch\/#website","url":"https:\/\/www.immobilienbusiness.ch\/","name":"Affari immobiliari","description":"Rivista economica indipendente svizzera che si concentra sul settore immobiliare, l'architettura e la costruzione, nonch\u00e9 sugli investimenti e i finanziamenti.","publisher":{"@id":"https:\/\/www.immobilienbusiness.ch\/#organization"},"potentialAction":[{"@type":"SearchAction","target":{"@type":"EntryPoint","urlTemplate":"https:\/\/www.immobilienbusiness.ch\/?s={search_term_string}"},"query-input":{"@type":"PropertyValueSpecification","valueRequired":true,"valueName":"search_term_string"}}],"inLanguage":"it-IT"},{"@type":"Organization","@id":"https:\/\/www.immobilienbusiness.ch\/#organization","name":"Affari immobiliari","url":"https:\/\/www.immobilienbusiness.ch\/","logo":{"@type":"ImageObject","inLanguage":"it-IT","@id":"https:\/\/www.immobilienbusiness.ch\/#\/schema\/logo\/image\/","url":"https:\/\/www.immobilienbusiness.ch\/wp-content\/uploads\/2021\/07\/logo_ib.png","contentUrl":"https:\/\/www.immobilienbusiness.ch\/wp-content\/uploads\/2021\/07\/logo_ib.png","width":800,"height":181,"caption":"IMMOBILIEN Business"},"image":{"@id":"https:\/\/www.immobilienbusiness.ch\/#\/schema\/logo\/image\/"},"sameAs":["https:\/\/www.facebook.com\/immobilienbusiness\/"]},{"@type":"Person","@id":"https:\/\/www.immobilienbusiness.ch\/#\/schema\/person\/3fc036297b10b9f42d6db5ee932af8c8","name":"anja.hall","image":{"@type":"ImageObject","inLanguage":"it-IT","@id":"https:\/\/secure.gravatar.com\/avatar\/066b5a0d447013502c71a5782f4f3469f03cfe595cc2329fb94652fe47511bfb?s=96&d=mm&r=g","url":"https:\/\/secure.gravatar.com\/avatar\/066b5a0d447013502c71a5782f4f3469f03cfe595cc2329fb94652fe47511bfb?s=96&d=mm&r=g","contentUrl":"https:\/\/secure.gravatar.com\/avatar\/066b5a0d447013502c71a5782f4f3469f03cfe595cc2329fb94652fe47511bfb?s=96&d=mm&r=g","caption":"anja.hall"},"url":"https:\/\/www.immobilienbusiness.ch\/it\/author\/anja-hall\/"}]}},"_links":{"self":[{"href":"https:\/\/www.immobilienbusiness.ch\/it\/wp-json\/wp\/v2\/posts\/44736","targetHints":{"allow":["GET"]}}],"collection":[{"href":"https:\/\/www.immobilienbusiness.ch\/it\/wp-json\/wp\/v2\/posts"}],"about":[{"href":"https:\/\/www.immobilienbusiness.ch\/it\/wp-json\/wp\/v2\/types\/post"}],"author":[{"embeddable":true,"href":"https:\/\/www.immobilienbusiness.ch\/it\/wp-json\/wp\/v2\/users\/3"}],"replies":[{"embeddable":true,"href":"https:\/\/www.immobilienbusiness.ch\/it\/wp-json\/wp\/v2\/comments?post=44736"}],"version-history":[{"count":1,"href":"https:\/\/www.immobilienbusiness.ch\/it\/wp-json\/wp\/v2\/posts\/44736\/revisions"}],"predecessor-version":[{"id":44739,"href":"https:\/\/www.immobilienbusiness.ch\/it\/wp-json\/wp\/v2\/posts\/44736\/revisions\/44739"}],"wp:featuredmedia":[{"embeddable":true,"href":"https:\/\/www.immobilienbusiness.ch\/it\/wp-json\/wp\/v2\/media\/44738"}],"wp:attachment":[{"href":"https:\/\/www.immobilienbusiness.ch\/it\/wp-json\/wp\/v2\/media?parent=44736"}],"wp:term":[{"taxonomy":"category","embeddable":true,"href":"https:\/\/www.immobilienbusiness.ch\/it\/wp-json\/wp\/v2\/categories?post=44736"},{"taxonomy":"post_tag","embeddable":true,"href":"https:\/\/www.immobilienbusiness.ch\/it\/wp-json\/wp\/v2\/tags?post=44736"}],"curies":[{"name":"wp","href":"https:\/\/api.w.org\/{rel}","templated":true}]}}