{"id":44603,"date":"2022-11-07T08:47:11","date_gmt":"2022-11-07T07:47:11","guid":{"rendered":"https:\/\/www.immobilienbusiness.ch\/?p=44603"},"modified":"2022-11-10T09:23:45","modified_gmt":"2022-11-10T08:23:45","slug":"swiss-life-projekt-in-dietikon-kommt-vors-volk","status":"publish","type":"post","link":"https:\/\/www.immobilienbusiness.ch\/it\/regionen\/2022-11-07\/swiss-life-projekt-in-dietikon-kommt-vors-volk\/","title":{"rendered":"Il progetto di Swiss Life a Dietikon sar\u00e0 presentato alla popolazione"},"content":{"rendered":"<figure id=\"attachment_44604\" aria-describedby=\"caption-attachment-44604\" style=\"width: 1400px\" class=\"wp-caption alignnone\"><a href=\"https:\/\/www.immobilienbusiness.ch\/wp-content\/uploads\/2022\/11\/ENF-Lagernstrasse-CamD-1468x979-1-scaled.jpg\"><img loading=\"lazy\" decoding=\"async\" class=\"size-full wp-image-44604\" src=\"https:\/\/www.immobilienbusiness.ch\/wp-content\/uploads\/2022\/11\/ENF-Lagernstrasse-CamD-1468x979-1-scaled.jpg\" alt=\"\" width=\"1400\" height=\"934\" srcset=\"https:\/\/www.immobilienbusiness.ch\/wp-content\/uploads\/2022\/11\/ENF-Lagernstrasse-CamD-1468x979-1-scaled.jpg 1200w, https:\/\/www.immobilienbusiness.ch\/wp-content\/uploads\/2022\/11\/ENF-Lagernstrasse-CamD-1468x979-1-300x200.jpg 300w, https:\/\/www.immobilienbusiness.ch\/wp-content\/uploads\/2022\/11\/ENF-Lagernstrasse-CamD-1468x979-1-1024x683.jpg 1024w, https:\/\/www.immobilienbusiness.ch\/wp-content\/uploads\/2022\/11\/ENF-Lagernstrasse-CamD-1468x979-1-768x512.jpg 768w, https:\/\/www.immobilienbusiness.ch\/wp-content\/uploads\/2022\/11\/ENF-Lagernstrasse-CamD-1468x979-1-18x12.jpg 18w, https:\/\/www.immobilienbusiness.ch\/wp-content\/uploads\/2022\/11\/ENF-Lagernstrasse-CamD-1468x979-1-375x250.jpg 375w, https:\/\/www.immobilienbusiness.ch\/wp-content\/uploads\/2022\/11\/ENF-Lagernstrasse-CamD-1468x979-1-525x350.jpg 525w, https:\/\/www.immobilienbusiness.ch\/wp-content\/uploads\/2022\/11\/ENF-Lagernstrasse-CamD-1468x979-1-1000x667.jpg 1000w\" sizes=\"auto, (max-width: 1400px) 100vw, 1400px\" \/><\/a><figcaption id=\"caption-attachment-44604\" class=\"wp-caption-text\">Visualizzazione dello sviluppo previsto (Fonte: L\u00e4gernstrasse-Dietikon.ch)<\/figcaption><\/figure>\n<p>Il complesso di L\u00e4gernstrasse a Dietikon comprende 13 edifici che necessitano di una ristrutturazione e che non soddisfano pi\u00f9 le esigenze attuali, ad esempio per quanto riguarda l'abitabilit\u00e0 in base all'et\u00e0. Swiss Life e Solida Versicherungen sono proprietarie di sette propriet\u00e0 tra R\u00f6merstrasse, Keltenstrasse, Gassackerstrasse e Badenerstrasse, la maggior parte delle quali appartiene a Swiss Life.<\/p>\n<p>Il sito confina direttamente con il tracciato della Limmattalbahn e si trova quindi nell'area del previsto boulevard cittadino, motivo per cui anche la citt\u00e0 di Dietikon \u00e8 interessata al suo ulteriore sviluppo. Nel dicembre 2020, ha firmato un contratto di sviluppo urbano con Swiss Life in cui l'assicuratore si impegna a realizzare un progetto di edilizia sostenibile (Minergie P-Eco) e, tra le altre cose, a creare una nuova piazza pubblica e un parcheggio pubblico per biciclette nell'area della fermata Limmattalbahn. In totale verranno costruiti otto edifici residenziali con circa 175 appartamenti in affitto.<\/p>\n<p>Il consiglio comunale ha approvato il piano di progettazione a maggio, ma i critici dello sviluppo hanno presentato un referendum. Lamentano che il nuovo progetto edilizio comporter\u00e0 la perdita di alloggi a prezzi accessibili. In base alla Legge cantonale sulla pianificazione e l'edilizia (PBG), la citt\u00e0 avrebbe potuto chiedere che alcuni dei nuovi appartamenti fossero affittati a prezzi accessibili, ma il consiglio comunale e la citt\u00e0 non l'hanno fatto. Il referendum si terr\u00e0 il 27 novembre. Se il piano di progettazione sar\u00e0 approvato, la demolizione dei condomini inizier\u00e0 probabilmente nella seconda met\u00e0 del 2024. I nuovi edifici saranno pronti per essere occupati non prima della met\u00e0 del 2027. <em>(ah)<\/em><\/p>","protected":false},"excerpt":{"rendered":"<p>Alla fine di novembre, Dietikon voter\u00e0 il piano di progettazione privata della L\u00e4gernstrasse. Swiss Life e Solida vogliono sostituire il complesso residenziale con nuovi edifici.<\/p>","protected":false},"author":3,"featured_media":44604,"comment_status":"closed","ping_status":"closed","sticky":false,"template":"","format":"standard","meta":{"_acf_changed":false,"_yoast_wpseo_focuskw":"Dieitikon","_yoast_wpseo_title":"","_yoast_wpseo_metadesc":"","_yoast_wpseo_linkdex":51,"pgc_sgb_lightbox_settings":"","footnotes":""},"categories":[985],"tags":[1410,1600,1756,1863],"class_list":["post-44603","post","type-post","status-publish","format-standard","has-post-thumbnail","hentry","category-regionen","tag-kanton-zuerich","tag-projekt-in-planung","tag-swiss-life","tag-wohnimmobilien"],"acf":[],"yoast_head":"<!-- This site is optimized with the Yoast SEO plugin v27.5 - https:\/\/yoast.com\/product\/yoast-seo-wordpress\/ -->\n<title>Swiss-Life-Projekt in Dietikon kommt vors Volk - IMMOBILIEN Business<\/title>\n<meta name=\"robots\" content=\"index, follow, max-snippet:-1, max-image-preview:large, max-video-preview:-1\" \/>\n<link rel=\"canonical\" href=\"https:\/\/www.immobilienbusiness.ch\/it\/regionen\/2022-11-07\/swiss-life-projekt-in-dietikon-kommt-vors-volk\/\" \/>\n<meta property=\"og:locale\" content=\"it_IT\" \/>\n<meta property=\"og:type\" content=\"article\" \/>\n<meta property=\"og:title\" content=\"Swiss-Life-Projekt in Dietikon kommt vors Volk - IMMOBILIEN Business\" \/>\n<meta property=\"og:description\" content=\"Ende November wird in Dietikon \u00fcber den privaten Gestaltungsplan L\u00e4gernstrasse abgestimmt. Swiss Life und Solida wollen die dortige Wohnsiedlung durch Neubauten ersetzen.\" \/>\n<meta property=\"og:url\" content=\"https:\/\/www.immobilienbusiness.ch\/it\/regionen\/2022-11-07\/swiss-life-projekt-in-dietikon-kommt-vors-volk\/\" \/>\n<meta property=\"og:site_name\" content=\"IMMOBILIEN Business\" \/>\n<meta property=\"article:publisher\" content=\"https:\/\/www.facebook.com\/immobilienbusiness\/\" \/>\n<meta property=\"article:published_time\" content=\"2022-11-07T07:47:11+00:00\" \/>\n<meta property=\"article:modified_time\" content=\"2022-11-10T08:23:45+00:00\" \/>\n<meta property=\"og:image\" content=\"https:\/\/www.immobilienbusiness.ch\/wp-content\/uploads\/2022\/11\/ENF-Lagernstrasse-CamD-1468x979-1-scaled.jpg\" \/>\n\t<meta property=\"og:image:width\" content=\"1200\" \/>\n\t<meta property=\"og:image:height\" content=\"801\" \/>\n\t<meta property=\"og:image:type\" content=\"image\/jpeg\" \/>\n<meta name=\"author\" content=\"anja.hall\" \/>\n<meta name=\"twitter:card\" content=\"summary_large_image\" \/>\n<meta name=\"twitter:image\" content=\"https:\/\/www.immobilienbusiness.ch\/wp-content\/uploads\/2022\/11\/ENF-Lagernstrasse-CamD-1468x979-1-scaled.jpg\" \/>\n<script type=\"application\/ld+json\" class=\"yoast-schema-graph\">{\"@context\":\"https:\\\/\\\/schema.org\",\"@graph\":[{\"@type\":\"Article\",\"@id\":\"https:\\\/\\\/www.immobilienbusiness.ch\\\/de\\\/regionen\\\/2022-11-07\\\/swiss-life-projekt-in-dietikon-kommt-vors-volk\\\/#article\",\"isPartOf\":{\"@id\":\"https:\\\/\\\/www.immobilienbusiness.ch\\\/de\\\/regionen\\\/2022-11-07\\\/swiss-life-projekt-in-dietikon-kommt-vors-volk\\\/\"},\"author\":{\"name\":\"anja.hall\",\"@id\":\"https:\\\/\\\/www.immobilienbusiness.ch\\\/#\\\/schema\\\/person\\\/3fc036297b10b9f42d6db5ee932af8c8\"},\"headline\":\"Swiss-Life-Projekt in Dietikon kommt vors Volk\",\"datePublished\":\"2022-11-07T07:47:11+00:00\",\"dateModified\":\"2022-11-10T08:23:45+00:00\",\"mainEntityOfPage\":{\"@id\":\"https:\\\/\\\/www.immobilienbusiness.ch\\\/de\\\/regionen\\\/2022-11-07\\\/swiss-life-projekt-in-dietikon-kommt-vors-volk\\\/\"},\"wordCount\":250,\"publisher\":{\"@id\":\"https:\\\/\\\/www.immobilienbusiness.ch\\\/#organization\"},\"image\":{\"@id\":\"https:\\\/\\\/www.immobilienbusiness.ch\\\/de\\\/regionen\\\/2022-11-07\\\/swiss-life-projekt-in-dietikon-kommt-vors-volk\\\/#primaryimage\"},\"thumbnailUrl\":\"https:\\\/\\\/www.immobilienbusiness.ch\\\/wp-content\\\/uploads\\\/2022\\\/11\\\/ENF-Lagernstrasse-CamD-1468x979-1-scaled.jpg\",\"keywords\":[\"Kanton Z\u00fcrich\",\"Projekt in Planung\",\"Swiss Life\",\"Wohnimmobilien\"],\"articleSection\":[\"REGIONEN\"],\"inLanguage\":\"it-IT\"},{\"@type\":\"WebPage\",\"@id\":\"https:\\\/\\\/www.immobilienbusiness.ch\\\/de\\\/regionen\\\/2022-11-07\\\/swiss-life-projekt-in-dietikon-kommt-vors-volk\\\/\",\"url\":\"https:\\\/\\\/www.immobilienbusiness.ch\\\/de\\\/regionen\\\/2022-11-07\\\/swiss-life-projekt-in-dietikon-kommt-vors-volk\\\/\",\"name\":\"Swiss-Life-Projekt in Dietikon kommt vors Volk - IMMOBILIEN Business\",\"isPartOf\":{\"@id\":\"https:\\\/\\\/www.immobilienbusiness.ch\\\/#website\"},\"primaryImageOfPage\":{\"@id\":\"https:\\\/\\\/www.immobilienbusiness.ch\\\/de\\\/regionen\\\/2022-11-07\\\/swiss-life-projekt-in-dietikon-kommt-vors-volk\\\/#primaryimage\"},\"image\":{\"@id\":\"https:\\\/\\\/www.immobilienbusiness.ch\\\/de\\\/regionen\\\/2022-11-07\\\/swiss-life-projekt-in-dietikon-kommt-vors-volk\\\/#primaryimage\"},\"thumbnailUrl\":\"https:\\\/\\\/www.immobilienbusiness.ch\\\/wp-content\\\/uploads\\\/2022\\\/11\\\/ENF-Lagernstrasse-CamD-1468x979-1-scaled.jpg\",\"datePublished\":\"2022-11-07T07:47:11+00:00\",\"dateModified\":\"2022-11-10T08:23:45+00:00\",\"breadcrumb\":{\"@id\":\"https:\\\/\\\/www.immobilienbusiness.ch\\\/de\\\/regionen\\\/2022-11-07\\\/swiss-life-projekt-in-dietikon-kommt-vors-volk\\\/#breadcrumb\"},\"inLanguage\":\"it-IT\",\"potentialAction\":[{\"@type\":\"ReadAction\",\"target\":[\"https:\\\/\\\/www.immobilienbusiness.ch\\\/de\\\/regionen\\\/2022-11-07\\\/swiss-life-projekt-in-dietikon-kommt-vors-volk\\\/\"]}]},{\"@type\":\"ImageObject\",\"inLanguage\":\"it-IT\",\"@id\":\"https:\\\/\\\/www.immobilienbusiness.ch\\\/de\\\/regionen\\\/2022-11-07\\\/swiss-life-projekt-in-dietikon-kommt-vors-volk\\\/#primaryimage\",\"url\":\"https:\\\/\\\/www.immobilienbusiness.ch\\\/wp-content\\\/uploads\\\/2022\\\/11\\\/ENF-Lagernstrasse-CamD-1468x979-1-scaled.jpg\",\"contentUrl\":\"https:\\\/\\\/www.immobilienbusiness.ch\\\/wp-content\\\/uploads\\\/2022\\\/11\\\/ENF-Lagernstrasse-CamD-1468x979-1-scaled.jpg\",\"width\":1200,\"height\":801,\"caption\":\"Visualisieurng der geplanten \u00dcberbauung (Quelle: L\u00e4gernstrasse-Dietikon.ch)\"},{\"@type\":\"BreadcrumbList\",\"@id\":\"https:\\\/\\\/www.immobilienbusiness.ch\\\/de\\\/regionen\\\/2022-11-07\\\/swiss-life-projekt-in-dietikon-kommt-vors-volk\\\/#breadcrumb\",\"itemListElement\":[{\"@type\":\"ListItem\",\"position\":1,\"name\":\"Home\",\"item\":\"https:\\\/\\\/www.immobilienbusiness.ch\\\/\"},{\"@type\":\"ListItem\",\"position\":2,\"name\":\"Swiss-Life-Projekt in Dietikon kommt vors Volk\"}]},{\"@type\":\"WebSite\",\"@id\":\"https:\\\/\\\/www.immobilienbusiness.ch\\\/#website\",\"url\":\"https:\\\/\\\/www.immobilienbusiness.ch\\\/\",\"name\":\"IMMOBILIEN Business\",\"description\":\"Unabh\u00e4ngiges Schweizer Wirtschaftsmagazin mit Fokus auf Immobilien, Architektur- und Bau sowie Investment- und Finanzierung.\",\"publisher\":{\"@id\":\"https:\\\/\\\/www.immobilienbusiness.ch\\\/#organization\"},\"potentialAction\":[{\"@type\":\"SearchAction\",\"target\":{\"@type\":\"EntryPoint\",\"urlTemplate\":\"https:\\\/\\\/www.immobilienbusiness.ch\\\/?s={search_term_string}\"},\"query-input\":{\"@type\":\"PropertyValueSpecification\",\"valueRequired\":true,\"valueName\":\"search_term_string\"}}],\"inLanguage\":\"it-IT\"},{\"@type\":\"Organization\",\"@id\":\"https:\\\/\\\/www.immobilienbusiness.ch\\\/#organization\",\"name\":\"IMMOBILIEN Business\",\"url\":\"https:\\\/\\\/www.immobilienbusiness.ch\\\/\",\"logo\":{\"@type\":\"ImageObject\",\"inLanguage\":\"it-IT\",\"@id\":\"https:\\\/\\\/www.immobilienbusiness.ch\\\/#\\\/schema\\\/logo\\\/image\\\/\",\"url\":\"https:\\\/\\\/www.immobilienbusiness.ch\\\/wp-content\\\/uploads\\\/2021\\\/07\\\/logo_ib.png\",\"contentUrl\":\"https:\\\/\\\/www.immobilienbusiness.ch\\\/wp-content\\\/uploads\\\/2021\\\/07\\\/logo_ib.png\",\"width\":800,\"height\":181,\"caption\":\"IMMOBILIEN Business\"},\"image\":{\"@id\":\"https:\\\/\\\/www.immobilienbusiness.ch\\\/#\\\/schema\\\/logo\\\/image\\\/\"},\"sameAs\":[\"https:\\\/\\\/www.facebook.com\\\/immobilienbusiness\\\/\"]},{\"@type\":\"Person\",\"@id\":\"https:\\\/\\\/www.immobilienbusiness.ch\\\/#\\\/schema\\\/person\\\/3fc036297b10b9f42d6db5ee932af8c8\",\"name\":\"anja.hall\",\"image\":{\"@type\":\"ImageObject\",\"inLanguage\":\"it-IT\",\"@id\":\"https:\\\/\\\/secure.gravatar.com\\\/avatar\\\/066b5a0d447013502c71a5782f4f3469f03cfe595cc2329fb94652fe47511bfb?s=96&d=mm&r=g\",\"url\":\"https:\\\/\\\/secure.gravatar.com\\\/avatar\\\/066b5a0d447013502c71a5782f4f3469f03cfe595cc2329fb94652fe47511bfb?s=96&d=mm&r=g\",\"contentUrl\":\"https:\\\/\\\/secure.gravatar.com\\\/avatar\\\/066b5a0d447013502c71a5782f4f3469f03cfe595cc2329fb94652fe47511bfb?s=96&d=mm&r=g\",\"caption\":\"anja.hall\"},\"url\":\"https:\\\/\\\/www.immobilienbusiness.ch\\\/it\\\/author\\\/anja-hall\\\/\"}]}<\/script>\n<!-- \/ Yoast SEO plugin. -->","yoast_head_json":{"title":"Il progetto Swiss Life a Dietikon va davanti alla gente - IMMOBILIEN Business","robots":{"index":"index","follow":"follow","max-snippet":"max-snippet:-1","max-image-preview":"max-image-preview:large","max-video-preview":"max-video-preview:-1"},"canonical":"https:\/\/www.immobilienbusiness.ch\/it\/regionen\/2022-11-07\/swiss-life-projekt-in-dietikon-kommt-vors-volk\/","og_locale":"it_IT","og_type":"article","og_title":"Swiss-Life-Projekt in Dietikon kommt vors Volk - IMMOBILIEN Business","og_description":"Ende November wird in Dietikon \u00fcber den privaten Gestaltungsplan L\u00e4gernstrasse abgestimmt. Swiss Life und Solida wollen die dortige Wohnsiedlung durch Neubauten ersetzen.","og_url":"https:\/\/www.immobilienbusiness.ch\/it\/regionen\/2022-11-07\/swiss-life-projekt-in-dietikon-kommt-vors-volk\/","og_site_name":"IMMOBILIEN Business","article_publisher":"https:\/\/www.facebook.com\/immobilienbusiness\/","article_published_time":"2022-11-07T07:47:11+00:00","article_modified_time":"2022-11-10T08:23:45+00:00","og_image":[{"width":1200,"height":801,"url":"https:\/\/www.immobilienbusiness.ch\/wp-content\/uploads\/2022\/11\/ENF-Lagernstrasse-CamD-1468x979-1-scaled.jpg","type":"image\/jpeg"}],"author":"anja.hall","twitter_card":"summary_large_image","twitter_image":"https:\/\/www.immobilienbusiness.ch\/wp-content\/uploads\/2022\/11\/ENF-Lagernstrasse-CamD-1468x979-1-scaled.jpg","schema":{"@context":"https:\/\/schema.org","@graph":[{"@type":"Article","@id":"https:\/\/www.immobilienbusiness.ch\/de\/regionen\/2022-11-07\/swiss-life-projekt-in-dietikon-kommt-vors-volk\/#article","isPartOf":{"@id":"https:\/\/www.immobilienbusiness.ch\/de\/regionen\/2022-11-07\/swiss-life-projekt-in-dietikon-kommt-vors-volk\/"},"author":{"name":"anja.hall","@id":"https:\/\/www.immobilienbusiness.ch\/#\/schema\/person\/3fc036297b10b9f42d6db5ee932af8c8"},"headline":"Swiss-Life-Projekt in Dietikon kommt vors Volk","datePublished":"2022-11-07T07:47:11+00:00","dateModified":"2022-11-10T08:23:45+00:00","mainEntityOfPage":{"@id":"https:\/\/www.immobilienbusiness.ch\/de\/regionen\/2022-11-07\/swiss-life-projekt-in-dietikon-kommt-vors-volk\/"},"wordCount":250,"publisher":{"@id":"https:\/\/www.immobilienbusiness.ch\/#organization"},"image":{"@id":"https:\/\/www.immobilienbusiness.ch\/de\/regionen\/2022-11-07\/swiss-life-projekt-in-dietikon-kommt-vors-volk\/#primaryimage"},"thumbnailUrl":"https:\/\/www.immobilienbusiness.ch\/wp-content\/uploads\/2022\/11\/ENF-Lagernstrasse-CamD-1468x979-1-scaled.jpg","keywords":["Kanton Z\u00fcrich","Projekt in Planung","Swiss Life","Wohnimmobilien"],"articleSection":["REGIONEN"],"inLanguage":"it-IT"},{"@type":"WebPage","@id":"https:\/\/www.immobilienbusiness.ch\/de\/regionen\/2022-11-07\/swiss-life-projekt-in-dietikon-kommt-vors-volk\/","url":"https:\/\/www.immobilienbusiness.ch\/de\/regionen\/2022-11-07\/swiss-life-projekt-in-dietikon-kommt-vors-volk\/","name":"Il progetto Swiss Life a Dietikon va davanti alla gente - IMMOBILIEN Business","isPartOf":{"@id":"https:\/\/www.immobilienbusiness.ch\/#website"},"primaryImageOfPage":{"@id":"https:\/\/www.immobilienbusiness.ch\/de\/regionen\/2022-11-07\/swiss-life-projekt-in-dietikon-kommt-vors-volk\/#primaryimage"},"image":{"@id":"https:\/\/www.immobilienbusiness.ch\/de\/regionen\/2022-11-07\/swiss-life-projekt-in-dietikon-kommt-vors-volk\/#primaryimage"},"thumbnailUrl":"https:\/\/www.immobilienbusiness.ch\/wp-content\/uploads\/2022\/11\/ENF-Lagernstrasse-CamD-1468x979-1-scaled.jpg","datePublished":"2022-11-07T07:47:11+00:00","dateModified":"2022-11-10T08:23:45+00:00","breadcrumb":{"@id":"https:\/\/www.immobilienbusiness.ch\/de\/regionen\/2022-11-07\/swiss-life-projekt-in-dietikon-kommt-vors-volk\/#breadcrumb"},"inLanguage":"it-IT","potentialAction":[{"@type":"ReadAction","target":["https:\/\/www.immobilienbusiness.ch\/de\/regionen\/2022-11-07\/swiss-life-projekt-in-dietikon-kommt-vors-volk\/"]}]},{"@type":"ImageObject","inLanguage":"it-IT","@id":"https:\/\/www.immobilienbusiness.ch\/de\/regionen\/2022-11-07\/swiss-life-projekt-in-dietikon-kommt-vors-volk\/#primaryimage","url":"https:\/\/www.immobilienbusiness.ch\/wp-content\/uploads\/2022\/11\/ENF-Lagernstrasse-CamD-1468x979-1-scaled.jpg","contentUrl":"https:\/\/www.immobilienbusiness.ch\/wp-content\/uploads\/2022\/11\/ENF-Lagernstrasse-CamD-1468x979-1-scaled.jpg","width":1200,"height":801,"caption":"Visualisieurng der geplanten \u00dcberbauung (Quelle: L\u00e4gernstrasse-Dietikon.ch)"},{"@type":"BreadcrumbList","@id":"https:\/\/www.immobilienbusiness.ch\/de\/regionen\/2022-11-07\/swiss-life-projekt-in-dietikon-kommt-vors-volk\/#breadcrumb","itemListElement":[{"@type":"ListItem","position":1,"name":"Home","item":"https:\/\/www.immobilienbusiness.ch\/"},{"@type":"ListItem","position":2,"name":"Swiss-Life-Projekt in Dietikon kommt vors Volk"}]},{"@type":"WebSite","@id":"https:\/\/www.immobilienbusiness.ch\/#website","url":"https:\/\/www.immobilienbusiness.ch\/","name":"Affari immobiliari","description":"Rivista economica indipendente svizzera che si concentra sul settore immobiliare, l'architettura e la costruzione, nonch\u00e9 sugli investimenti e i finanziamenti.","publisher":{"@id":"https:\/\/www.immobilienbusiness.ch\/#organization"},"potentialAction":[{"@type":"SearchAction","target":{"@type":"EntryPoint","urlTemplate":"https:\/\/www.immobilienbusiness.ch\/?s={search_term_string}"},"query-input":{"@type":"PropertyValueSpecification","valueRequired":true,"valueName":"search_term_string"}}],"inLanguage":"it-IT"},{"@type":"Organization","@id":"https:\/\/www.immobilienbusiness.ch\/#organization","name":"Affari immobiliari","url":"https:\/\/www.immobilienbusiness.ch\/","logo":{"@type":"ImageObject","inLanguage":"it-IT","@id":"https:\/\/www.immobilienbusiness.ch\/#\/schema\/logo\/image\/","url":"https:\/\/www.immobilienbusiness.ch\/wp-content\/uploads\/2021\/07\/logo_ib.png","contentUrl":"https:\/\/www.immobilienbusiness.ch\/wp-content\/uploads\/2021\/07\/logo_ib.png","width":800,"height":181,"caption":"IMMOBILIEN Business"},"image":{"@id":"https:\/\/www.immobilienbusiness.ch\/#\/schema\/logo\/image\/"},"sameAs":["https:\/\/www.facebook.com\/immobilienbusiness\/"]},{"@type":"Person","@id":"https:\/\/www.immobilienbusiness.ch\/#\/schema\/person\/3fc036297b10b9f42d6db5ee932af8c8","name":"anja.hall","image":{"@type":"ImageObject","inLanguage":"it-IT","@id":"https:\/\/secure.gravatar.com\/avatar\/066b5a0d447013502c71a5782f4f3469f03cfe595cc2329fb94652fe47511bfb?s=96&d=mm&r=g","url":"https:\/\/secure.gravatar.com\/avatar\/066b5a0d447013502c71a5782f4f3469f03cfe595cc2329fb94652fe47511bfb?s=96&d=mm&r=g","contentUrl":"https:\/\/secure.gravatar.com\/avatar\/066b5a0d447013502c71a5782f4f3469f03cfe595cc2329fb94652fe47511bfb?s=96&d=mm&r=g","caption":"anja.hall"},"url":"https:\/\/www.immobilienbusiness.ch\/it\/author\/anja-hall\/"}]}},"_links":{"self":[{"href":"https:\/\/www.immobilienbusiness.ch\/it\/wp-json\/wp\/v2\/posts\/44603","targetHints":{"allow":["GET"]}}],"collection":[{"href":"https:\/\/www.immobilienbusiness.ch\/it\/wp-json\/wp\/v2\/posts"}],"about":[{"href":"https:\/\/www.immobilienbusiness.ch\/it\/wp-json\/wp\/v2\/types\/post"}],"author":[{"embeddable":true,"href":"https:\/\/www.immobilienbusiness.ch\/it\/wp-json\/wp\/v2\/users\/3"}],"replies":[{"embeddable":true,"href":"https:\/\/www.immobilienbusiness.ch\/it\/wp-json\/wp\/v2\/comments?post=44603"}],"version-history":[{"count":3,"href":"https:\/\/www.immobilienbusiness.ch\/it\/wp-json\/wp\/v2\/posts\/44603\/revisions"}],"predecessor-version":[{"id":44709,"href":"https:\/\/www.immobilienbusiness.ch\/it\/wp-json\/wp\/v2\/posts\/44603\/revisions\/44709"}],"wp:featuredmedia":[{"embeddable":true,"href":"https:\/\/www.immobilienbusiness.ch\/it\/wp-json\/wp\/v2\/media\/44604"}],"wp:attachment":[{"href":"https:\/\/www.immobilienbusiness.ch\/it\/wp-json\/wp\/v2\/media?parent=44603"}],"wp:term":[{"taxonomy":"category","embeddable":true,"href":"https:\/\/www.immobilienbusiness.ch\/it\/wp-json\/wp\/v2\/categories?post=44603"},{"taxonomy":"post_tag","embeddable":true,"href":"https:\/\/www.immobilienbusiness.ch\/it\/wp-json\/wp\/v2\/tags?post=44603"}],"curies":[{"name":"wp","href":"https:\/\/api.w.org\/{rel}","templated":true}]}}