{"id":44170,"date":"2022-09-30T08:13:19","date_gmt":"2022-09-30T06:13:19","guid":{"rendered":"https:\/\/www.immobilienbusiness.ch\/?p=44170"},"modified":"2022-09-30T08:13:19","modified_gmt":"2022-09-30T06:13:19","slug":"haelg-group-uebernimmt-gygli-partner","status":"publish","type":"post","link":"https:\/\/www.immobilienbusiness.ch\/it\/unternehmen\/2022-09-30\/haelg-group-uebernimmt-gygli-partner\/","title":{"rendered":"Il Gruppo H\u00e4lg rileva Gygli + Partner"},"content":{"rendered":"<figure id=\"attachment_44171\" aria-describedby=\"caption-attachment-44171\" style=\"width: 987px\" class=\"wp-caption alignnone\"><a href=\"https:\/\/www.immobilienbusiness.ch\/wp-content\/uploads\/2022\/09\/Gygli-Haelg.png\"><img loading=\"lazy\" decoding=\"async\" class=\"size-full wp-image-44171\" src=\"https:\/\/www.immobilienbusiness.ch\/wp-content\/uploads\/2022\/09\/Gygli-Haelg.png\" alt=\"\" width=\"987\" height=\"738\" srcset=\"https:\/\/www.immobilienbusiness.ch\/wp-content\/uploads\/2022\/09\/Gygli-Haelg.png 987w, https:\/\/www.immobilienbusiness.ch\/wp-content\/uploads\/2022\/09\/Gygli-Haelg-300x224.png 300w, https:\/\/www.immobilienbusiness.ch\/wp-content\/uploads\/2022\/09\/Gygli-Haelg-768x574.png 768w, https:\/\/www.immobilienbusiness.ch\/wp-content\/uploads\/2022\/09\/Gygli-Haelg-16x12.png 16w, https:\/\/www.immobilienbusiness.ch\/wp-content\/uploads\/2022\/09\/Gygli-Haelg-375x280.png 375w, https:\/\/www.immobilienbusiness.ch\/wp-content\/uploads\/2022\/09\/Gygli-Haelg-468x350.png 468w\" sizes=\"auto, (max-width: 987px) 100vw, 987px\" \/><\/a><figcaption id=\"caption-attachment-44171\" class=\"wp-caption-text\">Il precedente gruppo dirigente di Gygli rimane a bordo dopo l'acquisizione (Immagine: Gruppo H\u00e4lg)<\/figcaption><\/figure>\n<p>Gygli + Partner \u00e8 attiva da oltre 30 anni nella pianificazione, nella gestione dei progetti e nella realizzazione di sistemi di servizi per gli edifici, in particolare sistemi di ventilazione e condizionamento dell'aria nell'industria. La nuova filiale sar\u00e0 integrata in H\u00e4lg &amp; Co. AG Berna. L'attuale team di gestione, composto da Gerhard Staubitzer, Beat Wiederkehr e Marco Molfese, rimarr\u00e0 a bordo. Tuttavia, il nome della societ\u00e0 Gygli non verr\u00e0 mantenuto. La fusione sar\u00e0 attuata sotto la guida di Hanspeter Moser, Branch Manager di H\u00e4lg &amp; Co. AG Bern, e avr\u00e0 sede nella Stauffacherstrasse di Berna.<\/p>\n<p>Con questa acquisizione, il Gruppo H\u00e4lg ha rilevato un'azienda per la terza volta quest'anno. L'azienda di San Gallo offre una gestione integrale degli impianti ed \u00e8 particolarmente attiva nei settori del riscaldamento, della ventilazione, della climatizzazione, della refrigerazione, della sanificazione e dell'automazione degli edifici. Il gruppo di aziende ha raggiunto un fatturato di 315 milioni di franchi svizzeri nel 2021. <em>(aw)<\/em><\/p>","protected":false},"excerpt":{"rendered":"<p>La filiale di H\u00e4lg &amp; Co. AG di Berna rileva Gygli + Partner AG il 1\u00b0 ottobre, aumentando cos\u00ec la propria presenza nel segmento industriale.<\/p>","protected":false},"author":102,"featured_media":44171,"comment_status":"closed","ping_status":"closed","sticky":false,"template":"","format":"standard","meta":{"_acf_changed":false,"_yoast_wpseo_focuskw":"H\u00e4lg Group","_yoast_wpseo_title":"","_yoast_wpseo_metadesc":"","_yoast_wpseo_linkdex":47,"pgc_sgb_lightbox_settings":"","footnotes":""},"categories":[988],"tags":[1091,1216,2092],"class_list":["post-44170","post","type-post","status-publish","format-standard","has-post-thumbnail","hentry","category-unternehmen","tag-bern","tag-facility-management","tag-haelg"],"acf":[],"yoast_head":"<!-- This site is optimized with the Yoast SEO plugin v27.4 - https:\/\/yoast.com\/product\/yoast-seo-wordpress\/ -->\n<title>H\u00e4lg Group \u00fcbernimmt Gygli + Partner - IMMOBILIEN Business<\/title>\n<meta name=\"robots\" content=\"index, follow, max-snippet:-1, max-image-preview:large, max-video-preview:-1\" \/>\n<link rel=\"canonical\" href=\"https:\/\/www.immobilienbusiness.ch\/it\/unternehmen\/2022-09-30\/haelg-group-uebernimmt-gygli-partner\/\" \/>\n<meta property=\"og:locale\" content=\"it_IT\" \/>\n<meta property=\"og:type\" content=\"article\" \/>\n<meta property=\"og:title\" content=\"H\u00e4lg Group \u00fcbernimmt Gygli + Partner - IMMOBILIEN Business\" \/>\n<meta property=\"og:description\" content=\"Die Niederlassung der H\u00e4lg &amp; Co. AG in Bern \u00fcbernimmt die Gygli + Partner AG per 1. Oktober und steigert damit seine Pr\u00e4senz im Segment der Industrie.\" \/>\n<meta property=\"og:url\" content=\"https:\/\/www.immobilienbusiness.ch\/it\/unternehmen\/2022-09-30\/haelg-group-uebernimmt-gygli-partner\/\" \/>\n<meta property=\"og:site_name\" content=\"IMMOBILIEN Business\" \/>\n<meta property=\"article:publisher\" content=\"https:\/\/www.facebook.com\/immobilienbusiness\/\" \/>\n<meta property=\"article:published_time\" content=\"2022-09-30T06:13:19+00:00\" \/>\n<meta property=\"og:image\" content=\"https:\/\/www.immobilienbusiness.ch\/wp-content\/uploads\/2022\/09\/Gygli-Haelg.png\" \/>\n\t<meta property=\"og:image:width\" content=\"987\" \/>\n\t<meta property=\"og:image:height\" content=\"738\" \/>\n\t<meta property=\"og:image:type\" content=\"image\/png\" \/>\n<meta name=\"author\" content=\"Alexander Wachter\" \/>\n<meta name=\"twitter:card\" content=\"summary_large_image\" \/>\n<script type=\"application\/ld+json\" class=\"yoast-schema-graph\">{\"@context\":\"https:\\\/\\\/schema.org\",\"@graph\":[{\"@type\":\"Article\",\"@id\":\"https:\\\/\\\/www.immobilienbusiness.ch\\\/de\\\/unternehmen\\\/2022-09-30\\\/haelg-group-uebernimmt-gygli-partner\\\/#article\",\"isPartOf\":{\"@id\":\"https:\\\/\\\/www.immobilienbusiness.ch\\\/de\\\/unternehmen\\\/2022-09-30\\\/haelg-group-uebernimmt-gygli-partner\\\/\"},\"author\":{\"name\":\"Alexander Wachter\",\"@id\":\"https:\\\/\\\/www.immobilienbusiness.ch\\\/#\\\/schema\\\/person\\\/aba8bea2db926aa0c24c08c43fe1fcd5\"},\"headline\":\"H\u00e4lg Group \u00fcbernimmt Gygli + Partner\",\"datePublished\":\"2022-09-30T06:13:19+00:00\",\"mainEntityOfPage\":{\"@id\":\"https:\\\/\\\/www.immobilienbusiness.ch\\\/de\\\/unternehmen\\\/2022-09-30\\\/haelg-group-uebernimmt-gygli-partner\\\/\"},\"wordCount\":174,\"publisher\":{\"@id\":\"https:\\\/\\\/www.immobilienbusiness.ch\\\/#organization\"},\"image\":{\"@id\":\"https:\\\/\\\/www.immobilienbusiness.ch\\\/de\\\/unternehmen\\\/2022-09-30\\\/haelg-group-uebernimmt-gygli-partner\\\/#primaryimage\"},\"thumbnailUrl\":\"https:\\\/\\\/www.immobilienbusiness.ch\\\/wp-content\\\/uploads\\\/2022\\\/09\\\/Gygli-Haelg.png\",\"keywords\":[\"Bern\",\"Facility Management\",\"H\u00e4lg\"],\"articleSection\":[\"UNTERNEHMEN\"],\"inLanguage\":\"it-IT\"},{\"@type\":\"WebPage\",\"@id\":\"https:\\\/\\\/www.immobilienbusiness.ch\\\/de\\\/unternehmen\\\/2022-09-30\\\/haelg-group-uebernimmt-gygli-partner\\\/\",\"url\":\"https:\\\/\\\/www.immobilienbusiness.ch\\\/de\\\/unternehmen\\\/2022-09-30\\\/haelg-group-uebernimmt-gygli-partner\\\/\",\"name\":\"H\u00e4lg Group \u00fcbernimmt Gygli + Partner - IMMOBILIEN Business\",\"isPartOf\":{\"@id\":\"https:\\\/\\\/www.immobilienbusiness.ch\\\/#website\"},\"primaryImageOfPage\":{\"@id\":\"https:\\\/\\\/www.immobilienbusiness.ch\\\/de\\\/unternehmen\\\/2022-09-30\\\/haelg-group-uebernimmt-gygli-partner\\\/#primaryimage\"},\"image\":{\"@id\":\"https:\\\/\\\/www.immobilienbusiness.ch\\\/de\\\/unternehmen\\\/2022-09-30\\\/haelg-group-uebernimmt-gygli-partner\\\/#primaryimage\"},\"thumbnailUrl\":\"https:\\\/\\\/www.immobilienbusiness.ch\\\/wp-content\\\/uploads\\\/2022\\\/09\\\/Gygli-Haelg.png\",\"datePublished\":\"2022-09-30T06:13:19+00:00\",\"breadcrumb\":{\"@id\":\"https:\\\/\\\/www.immobilienbusiness.ch\\\/de\\\/unternehmen\\\/2022-09-30\\\/haelg-group-uebernimmt-gygli-partner\\\/#breadcrumb\"},\"inLanguage\":\"it-IT\",\"potentialAction\":[{\"@type\":\"ReadAction\",\"target\":[\"https:\\\/\\\/www.immobilienbusiness.ch\\\/de\\\/unternehmen\\\/2022-09-30\\\/haelg-group-uebernimmt-gygli-partner\\\/\"]}]},{\"@type\":\"ImageObject\",\"inLanguage\":\"it-IT\",\"@id\":\"https:\\\/\\\/www.immobilienbusiness.ch\\\/de\\\/unternehmen\\\/2022-09-30\\\/haelg-group-uebernimmt-gygli-partner\\\/#primaryimage\",\"url\":\"https:\\\/\\\/www.immobilienbusiness.ch\\\/wp-content\\\/uploads\\\/2022\\\/09\\\/Gygli-Haelg.png\",\"contentUrl\":\"https:\\\/\\\/www.immobilienbusiness.ch\\\/wp-content\\\/uploads\\\/2022\\\/09\\\/Gygli-Haelg.png\",\"width\":987,\"height\":738,\"caption\":\"Das bisherige F\u00fchrungsteam von Gygli bleibt nach der \u00dcbernahme an Bord (Bild: H\u00e4lg Group)\"},{\"@type\":\"BreadcrumbList\",\"@id\":\"https:\\\/\\\/www.immobilienbusiness.ch\\\/de\\\/unternehmen\\\/2022-09-30\\\/haelg-group-uebernimmt-gygli-partner\\\/#breadcrumb\",\"itemListElement\":[{\"@type\":\"ListItem\",\"position\":1,\"name\":\"Home\",\"item\":\"https:\\\/\\\/www.immobilienbusiness.ch\\\/\"},{\"@type\":\"ListItem\",\"position\":2,\"name\":\"H\u00e4lg Group \u00fcbernimmt Gygli + Partner\"}]},{\"@type\":\"WebSite\",\"@id\":\"https:\\\/\\\/www.immobilienbusiness.ch\\\/#website\",\"url\":\"https:\\\/\\\/www.immobilienbusiness.ch\\\/\",\"name\":\"IMMOBILIEN Business\",\"description\":\"Unabh\u00e4ngiges Schweizer Wirtschaftsmagazin mit Fokus auf Immobilien, Architektur- und Bau sowie Investment- und Finanzierung.\",\"publisher\":{\"@id\":\"https:\\\/\\\/www.immobilienbusiness.ch\\\/#organization\"},\"potentialAction\":[{\"@type\":\"SearchAction\",\"target\":{\"@type\":\"EntryPoint\",\"urlTemplate\":\"https:\\\/\\\/www.immobilienbusiness.ch\\\/?s={search_term_string}\"},\"query-input\":{\"@type\":\"PropertyValueSpecification\",\"valueRequired\":true,\"valueName\":\"search_term_string\"}}],\"inLanguage\":\"it-IT\"},{\"@type\":\"Organization\",\"@id\":\"https:\\\/\\\/www.immobilienbusiness.ch\\\/#organization\",\"name\":\"IMMOBILIEN Business\",\"url\":\"https:\\\/\\\/www.immobilienbusiness.ch\\\/\",\"logo\":{\"@type\":\"ImageObject\",\"inLanguage\":\"it-IT\",\"@id\":\"https:\\\/\\\/www.immobilienbusiness.ch\\\/#\\\/schema\\\/logo\\\/image\\\/\",\"url\":\"https:\\\/\\\/www.immobilienbusiness.ch\\\/wp-content\\\/uploads\\\/2021\\\/07\\\/logo_ib.png\",\"contentUrl\":\"https:\\\/\\\/www.immobilienbusiness.ch\\\/wp-content\\\/uploads\\\/2021\\\/07\\\/logo_ib.png\",\"width\":800,\"height\":181,\"caption\":\"IMMOBILIEN Business\"},\"image\":{\"@id\":\"https:\\\/\\\/www.immobilienbusiness.ch\\\/#\\\/schema\\\/logo\\\/image\\\/\"},\"sameAs\":[\"https:\\\/\\\/www.facebook.com\\\/immobilienbusiness\\\/\"]},{\"@type\":\"Person\",\"@id\":\"https:\\\/\\\/www.immobilienbusiness.ch\\\/#\\\/schema\\\/person\\\/aba8bea2db926aa0c24c08c43fe1fcd5\",\"name\":\"Alexander Wachter\",\"image\":{\"@type\":\"ImageObject\",\"inLanguage\":\"it-IT\",\"@id\":\"https:\\\/\\\/secure.gravatar.com\\\/avatar\\\/1a09e471f5389b0e0a6416eac287e0927c7c97a7b77f9e787eba3af7aee281dd?s=96&d=mm&r=g\",\"url\":\"https:\\\/\\\/secure.gravatar.com\\\/avatar\\\/1a09e471f5389b0e0a6416eac287e0927c7c97a7b77f9e787eba3af7aee281dd?s=96&d=mm&r=g\",\"contentUrl\":\"https:\\\/\\\/secure.gravatar.com\\\/avatar\\\/1a09e471f5389b0e0a6416eac287e0927c7c97a7b77f9e787eba3af7aee281dd?s=96&d=mm&r=g\",\"caption\":\"Alexander Wachter\"},\"url\":\"https:\\\/\\\/www.immobilienbusiness.ch\\\/it\\\/author\\\/alexander-wachter\\\/\"}]}<\/script>\n<!-- \/ Yoast SEO plugin. -->","yoast_head_json":{"title":"Il Gruppo H\u00e4lg rileva Gygli + Partner - IMMOBILIEN Business","robots":{"index":"index","follow":"follow","max-snippet":"max-snippet:-1","max-image-preview":"max-image-preview:large","max-video-preview":"max-video-preview:-1"},"canonical":"https:\/\/www.immobilienbusiness.ch\/it\/unternehmen\/2022-09-30\/haelg-group-uebernimmt-gygli-partner\/","og_locale":"it_IT","og_type":"article","og_title":"H\u00e4lg Group \u00fcbernimmt Gygli + Partner - IMMOBILIEN Business","og_description":"Die Niederlassung der H\u00e4lg & Co. AG in Bern \u00fcbernimmt die Gygli + Partner AG per 1. Oktober und steigert damit seine Pr\u00e4senz im Segment der Industrie.","og_url":"https:\/\/www.immobilienbusiness.ch\/it\/unternehmen\/2022-09-30\/haelg-group-uebernimmt-gygli-partner\/","og_site_name":"IMMOBILIEN Business","article_publisher":"https:\/\/www.facebook.com\/immobilienbusiness\/","article_published_time":"2022-09-30T06:13:19+00:00","og_image":[{"width":987,"height":738,"url":"https:\/\/www.immobilienbusiness.ch\/wp-content\/uploads\/2022\/09\/Gygli-Haelg.png","type":"image\/png"}],"author":"Alexander Wachter","twitter_card":"summary_large_image","schema":{"@context":"https:\/\/schema.org","@graph":[{"@type":"Article","@id":"https:\/\/www.immobilienbusiness.ch\/de\/unternehmen\/2022-09-30\/haelg-group-uebernimmt-gygli-partner\/#article","isPartOf":{"@id":"https:\/\/www.immobilienbusiness.ch\/de\/unternehmen\/2022-09-30\/haelg-group-uebernimmt-gygli-partner\/"},"author":{"name":"Alexander Wachter","@id":"https:\/\/www.immobilienbusiness.ch\/#\/schema\/person\/aba8bea2db926aa0c24c08c43fe1fcd5"},"headline":"H\u00e4lg Group \u00fcbernimmt Gygli + Partner","datePublished":"2022-09-30T06:13:19+00:00","mainEntityOfPage":{"@id":"https:\/\/www.immobilienbusiness.ch\/de\/unternehmen\/2022-09-30\/haelg-group-uebernimmt-gygli-partner\/"},"wordCount":174,"publisher":{"@id":"https:\/\/www.immobilienbusiness.ch\/#organization"},"image":{"@id":"https:\/\/www.immobilienbusiness.ch\/de\/unternehmen\/2022-09-30\/haelg-group-uebernimmt-gygli-partner\/#primaryimage"},"thumbnailUrl":"https:\/\/www.immobilienbusiness.ch\/wp-content\/uploads\/2022\/09\/Gygli-Haelg.png","keywords":["Bern","Facility Management","H\u00e4lg"],"articleSection":["UNTERNEHMEN"],"inLanguage":"it-IT"},{"@type":"WebPage","@id":"https:\/\/www.immobilienbusiness.ch\/de\/unternehmen\/2022-09-30\/haelg-group-uebernimmt-gygli-partner\/","url":"https:\/\/www.immobilienbusiness.ch\/de\/unternehmen\/2022-09-30\/haelg-group-uebernimmt-gygli-partner\/","name":"Il Gruppo H\u00e4lg rileva Gygli + Partner - IMMOBILIEN Business","isPartOf":{"@id":"https:\/\/www.immobilienbusiness.ch\/#website"},"primaryImageOfPage":{"@id":"https:\/\/www.immobilienbusiness.ch\/de\/unternehmen\/2022-09-30\/haelg-group-uebernimmt-gygli-partner\/#primaryimage"},"image":{"@id":"https:\/\/www.immobilienbusiness.ch\/de\/unternehmen\/2022-09-30\/haelg-group-uebernimmt-gygli-partner\/#primaryimage"},"thumbnailUrl":"https:\/\/www.immobilienbusiness.ch\/wp-content\/uploads\/2022\/09\/Gygli-Haelg.png","datePublished":"2022-09-30T06:13:19+00:00","breadcrumb":{"@id":"https:\/\/www.immobilienbusiness.ch\/de\/unternehmen\/2022-09-30\/haelg-group-uebernimmt-gygli-partner\/#breadcrumb"},"inLanguage":"it-IT","potentialAction":[{"@type":"ReadAction","target":["https:\/\/www.immobilienbusiness.ch\/de\/unternehmen\/2022-09-30\/haelg-group-uebernimmt-gygli-partner\/"]}]},{"@type":"ImageObject","inLanguage":"it-IT","@id":"https:\/\/www.immobilienbusiness.ch\/de\/unternehmen\/2022-09-30\/haelg-group-uebernimmt-gygli-partner\/#primaryimage","url":"https:\/\/www.immobilienbusiness.ch\/wp-content\/uploads\/2022\/09\/Gygli-Haelg.png","contentUrl":"https:\/\/www.immobilienbusiness.ch\/wp-content\/uploads\/2022\/09\/Gygli-Haelg.png","width":987,"height":738,"caption":"Das bisherige F\u00fchrungsteam von Gygli bleibt nach der \u00dcbernahme an Bord (Bild: H\u00e4lg Group)"},{"@type":"BreadcrumbList","@id":"https:\/\/www.immobilienbusiness.ch\/de\/unternehmen\/2022-09-30\/haelg-group-uebernimmt-gygli-partner\/#breadcrumb","itemListElement":[{"@type":"ListItem","position":1,"name":"Home","item":"https:\/\/www.immobilienbusiness.ch\/"},{"@type":"ListItem","position":2,"name":"H\u00e4lg Group \u00fcbernimmt Gygli + Partner"}]},{"@type":"WebSite","@id":"https:\/\/www.immobilienbusiness.ch\/#website","url":"https:\/\/www.immobilienbusiness.ch\/","name":"Affari immobiliari","description":"Rivista economica indipendente svizzera che si concentra sul settore immobiliare, l'architettura e la costruzione, nonch\u00e9 sugli investimenti e i finanziamenti.","publisher":{"@id":"https:\/\/www.immobilienbusiness.ch\/#organization"},"potentialAction":[{"@type":"SearchAction","target":{"@type":"EntryPoint","urlTemplate":"https:\/\/www.immobilienbusiness.ch\/?s={search_term_string}"},"query-input":{"@type":"PropertyValueSpecification","valueRequired":true,"valueName":"search_term_string"}}],"inLanguage":"it-IT"},{"@type":"Organization","@id":"https:\/\/www.immobilienbusiness.ch\/#organization","name":"Affari immobiliari","url":"https:\/\/www.immobilienbusiness.ch\/","logo":{"@type":"ImageObject","inLanguage":"it-IT","@id":"https:\/\/www.immobilienbusiness.ch\/#\/schema\/logo\/image\/","url":"https:\/\/www.immobilienbusiness.ch\/wp-content\/uploads\/2021\/07\/logo_ib.png","contentUrl":"https:\/\/www.immobilienbusiness.ch\/wp-content\/uploads\/2021\/07\/logo_ib.png","width":800,"height":181,"caption":"IMMOBILIEN Business"},"image":{"@id":"https:\/\/www.immobilienbusiness.ch\/#\/schema\/logo\/image\/"},"sameAs":["https:\/\/www.facebook.com\/immobilienbusiness\/"]},{"@type":"Person","@id":"https:\/\/www.immobilienbusiness.ch\/#\/schema\/person\/aba8bea2db926aa0c24c08c43fe1fcd5","name":"Alexander Wachter","image":{"@type":"ImageObject","inLanguage":"it-IT","@id":"https:\/\/secure.gravatar.com\/avatar\/1a09e471f5389b0e0a6416eac287e0927c7c97a7b77f9e787eba3af7aee281dd?s=96&d=mm&r=g","url":"https:\/\/secure.gravatar.com\/avatar\/1a09e471f5389b0e0a6416eac287e0927c7c97a7b77f9e787eba3af7aee281dd?s=96&d=mm&r=g","contentUrl":"https:\/\/secure.gravatar.com\/avatar\/1a09e471f5389b0e0a6416eac287e0927c7c97a7b77f9e787eba3af7aee281dd?s=96&d=mm&r=g","caption":"Alexander Wachter"},"url":"https:\/\/www.immobilienbusiness.ch\/it\/author\/alexander-wachter\/"}]}},"_links":{"self":[{"href":"https:\/\/www.immobilienbusiness.ch\/it\/wp-json\/wp\/v2\/posts\/44170","targetHints":{"allow":["GET"]}}],"collection":[{"href":"https:\/\/www.immobilienbusiness.ch\/it\/wp-json\/wp\/v2\/posts"}],"about":[{"href":"https:\/\/www.immobilienbusiness.ch\/it\/wp-json\/wp\/v2\/types\/post"}],"author":[{"embeddable":true,"href":"https:\/\/www.immobilienbusiness.ch\/it\/wp-json\/wp\/v2\/users\/102"}],"replies":[{"embeddable":true,"href":"https:\/\/www.immobilienbusiness.ch\/it\/wp-json\/wp\/v2\/comments?post=44170"}],"version-history":[{"count":1,"href":"https:\/\/www.immobilienbusiness.ch\/it\/wp-json\/wp\/v2\/posts\/44170\/revisions"}],"predecessor-version":[{"id":44172,"href":"https:\/\/www.immobilienbusiness.ch\/it\/wp-json\/wp\/v2\/posts\/44170\/revisions\/44172"}],"wp:featuredmedia":[{"embeddable":true,"href":"https:\/\/www.immobilienbusiness.ch\/it\/wp-json\/wp\/v2\/media\/44171"}],"wp:attachment":[{"href":"https:\/\/www.immobilienbusiness.ch\/it\/wp-json\/wp\/v2\/media?parent=44170"}],"wp:term":[{"taxonomy":"category","embeddable":true,"href":"https:\/\/www.immobilienbusiness.ch\/it\/wp-json\/wp\/v2\/categories?post=44170"},{"taxonomy":"post_tag","embeddable":true,"href":"https:\/\/www.immobilienbusiness.ch\/it\/wp-json\/wp\/v2\/tags?post=44170"}],"curies":[{"name":"wp","href":"https:\/\/api.w.org\/{rel}","templated":true}]}}