{"id":4377,"date":"2016-12-06T08:18:00","date_gmt":"2016-12-06T07:18:00","guid":{"rendered":"http:\/\/dev.immobilienbusiness.ch\/?p=4377"},"modified":"2016-12-06T08:18:00","modified_gmt":"2016-12-06T07:18:00","slug":"real-estate-award-jury-tritt-fast-geschlossen-zurueck","status":"publish","type":"post","link":"https:\/\/www.immobilienbusiness.ch\/it\/unternehmen\/2016-12-06\/real-estate-award-jury-tritt-fast-geschlossen-zurueck\/","title":{"rendered":"Premio immobiliare: la giuria si dimette quasi all'unanimit\u00e0"},"content":{"rendered":"<figure id=\"attachment_4381\" aria-describedby=\"caption-attachment-4381\" style=\"width: 666px\" class=\"wp-caption alignnone\"><img loading=\"lazy\" decoding=\"async\" class=\"size-medium wp-image-4381\" src=\"https:\/\/immobilienbusiness.ch\/wp-content\/uploads\/2016\/12\/Real-Estate-Award-Jury-tritt-fast-geschlossen-zur\u00fcck-immobilien-business.jpg\" alt=\"Die Jury der Real Estate Awards steht vor einer Neuausrichtung (Foto: Real Estate Award )\" width=\"666\" height=\"1000\" \/><figcaption id=\"caption-attachment-4381\" class=\"wp-caption-text\">La giuria dei Premi immobiliari sta per essere riorganizzata (Foto: Premio immobiliare )<\/figcaption><\/figure>\n<p>Il Real Estate Award \u00e8 stato lanciato nel 2011 e da allora viene assegnato ogni anno a progetti e servizi immobiliari di eccellenza e a personalit\u00e0 del settore davanti a circa 300 ospiti in occasione della Real Estate Night. Una giuria di esperti immobiliari ha valutato i progetti presentati sulla base di criteri definiti.<\/p>\n<p>Le dimissioni erano previste da tempo, scrivono i membri della giuria in una dichiarazione congiunta: \"Si sono tenute intense discussioni con l'organizzatore Immoinfo24 sulla direzione futura e sul posizionamento dell'evento. Sfortunatamente, le opinioni in merito divergevano troppo\".<\/p>\n<p>Gli ex membri della giuria sottolineano di avere ancora simpatia per l'evento: \"Siamo convinti che il Real Estate Award sia giustificato, ma crediamo anche che debba essere pi\u00f9 strettamente allineato alle esigenze del settore immobiliare\".<\/p>\n<p>Le dimissioni hanno conseguenze anche per il premio SVSM, l'onorificenza conferita dall'Associazione svizzera per la gestione dei cantieri: Anche questo \u00e8 stato presentato per la prima volta nel 2016 nell'ambito della Real Estate Night; nel 2017, i due eventi si terranno nuovamente separatamente. (ah)<\/p>","protected":false},"excerpt":{"rendered":"<p>Quattro dei cinque membri della giuria dei Real Estate Awards hanno annunciato le loro dimissioni. Peter Jaeggi, Bernhard Ruhstaller, Walter Sch\u00e4rer e Beat Seger lasciano la giuria a causa di opinioni divergenti sulla direzione futura dell'evento. Andr\u00e9 R. Spathelf rimarr\u00e0 nella giuria.<\/p>","protected":false},"author":1,"featured_media":4381,"comment_status":"open","ping_status":"open","sticky":false,"template":"","format":"standard","meta":{"_acf_changed":false,"_yoast_wpseo_focuskw":"Real Estate Award","_yoast_wpseo_title":"","_yoast_wpseo_metadesc":"Vier der insgesamt f\u00fcnf Jury-Mitglieder des Real Estate Awards haben ihren R\u00fccktritt bekannt gegeben.","_yoast_wpseo_linkdex":62,"pgc_sgb_lightbox_settings":"","footnotes":""},"categories":[988],"tags":[1807],"class_list":["post-4377","post","type-post","status-publish","format-standard","has-post-thumbnail","hentry","category-unternehmen","tag-unternehmen"],"acf":[],"yoast_head":"<!-- This site is optimized with the Yoast SEO plugin v27.5 - https:\/\/yoast.com\/product\/yoast-seo-wordpress\/ -->\n<title>Real Estate Award: Jury tritt fast geschlossen zur\u00fcck - IMMOBILIEN Business<\/title>\n<meta name=\"description\" content=\"Vier der insgesamt f\u00fcnf Jury-Mitglieder des Real Estate Awards haben ihren R\u00fccktritt bekannt gegeben.\" \/>\n<meta name=\"robots\" content=\"index, follow, max-snippet:-1, max-image-preview:large, max-video-preview:-1\" \/>\n<link rel=\"canonical\" href=\"https:\/\/www.immobilienbusiness.ch\/it\/unternehmen\/2016-12-06\/real-estate-award-jury-tritt-fast-geschlossen-zurueck\/\" \/>\n<meta property=\"og:locale\" content=\"it_IT\" \/>\n<meta property=\"og:type\" content=\"article\" \/>\n<meta property=\"og:title\" content=\"Real Estate Award: Jury tritt fast geschlossen zur\u00fcck\" \/>\n<meta property=\"og:description\" content=\"Vier der insgesamt f\u00fcnf Jury-Mitglieder des Real Estate Awards haben ihren R\u00fccktritt bekannt gegeben. Peter Jaeggi, Bernhard Ruhstaller, Walter Sch\u00e4rer und Beat Seger verlassen die Jury auf Grund von unterschiedlichen Ansichten \u00fcber die k\u00fcnftige Ausrichtung des Anlasses. In der Jury verbleibt damit Andr\u00e9 R. Spathelf.\" \/>\n<meta property=\"og:url\" content=\"https:\/\/www.immobilienbusiness.ch\/it\/unternehmen\/2016-12-06\/real-estate-award-jury-tritt-fast-geschlossen-zurueck\/\" \/>\n<meta property=\"og:site_name\" content=\"IMMOBILIEN Business\" \/>\n<meta property=\"article:publisher\" content=\"https:\/\/www.facebook.com\/immobilienbusiness\/\" \/>\n<meta property=\"article:published_time\" content=\"2016-12-06T07:18:00+00:00\" \/>\n<meta name=\"author\" content=\"Redaktion\" \/>\n<meta name=\"twitter:card\" content=\"summary_large_image\" \/>\n<meta name=\"twitter:image\" content=\"https:\/\/www.immobilienbusiness.ch\/wp-content\/uploads\/2016\/12\/Real-Estate-Award-Jury-tritt-fast-geschlossen-zurueck-immobilien-business.jpg\" \/>\n<script type=\"application\/ld+json\" class=\"yoast-schema-graph\">{\"@context\":\"https:\\\/\\\/schema.org\",\"@graph\":[{\"@type\":\"Article\",\"@id\":\"https:\\\/\\\/www.immobilienbusiness.ch\\\/fr\\\/unternehmen\\\/2016-12-06\\\/real-estate-award-jury-tritt-fast-geschlossen-zurueck\\\/#article\",\"isPartOf\":{\"@id\":\"https:\\\/\\\/www.immobilienbusiness.ch\\\/fr\\\/unternehmen\\\/2016-12-06\\\/real-estate-award-jury-tritt-fast-geschlossen-zurueck\\\/\"},\"author\":{\"name\":\"Redaktion\",\"@id\":\"https:\\\/\\\/www.immobilienbusiness.ch\\\/#\\\/schema\\\/person\\\/aa2bace6c5c5aad60102004a50c4eb1c\"},\"headline\":\"Real Estate Award: Jury tritt fast geschlossen zur\u00fcck\",\"datePublished\":\"2016-12-06T07:18:00+00:00\",\"mainEntityOfPage\":{\"@id\":\"https:\\\/\\\/www.immobilienbusiness.ch\\\/fr\\\/unternehmen\\\/2016-12-06\\\/real-estate-award-jury-tritt-fast-geschlossen-zurueck\\\/\"},\"wordCount\":201,\"commentCount\":0,\"publisher\":{\"@id\":\"https:\\\/\\\/www.immobilienbusiness.ch\\\/#organization\"},\"image\":{\"@id\":\"https:\\\/\\\/www.immobilienbusiness.ch\\\/fr\\\/unternehmen\\\/2016-12-06\\\/real-estate-award-jury-tritt-fast-geschlossen-zurueck\\\/#primaryimage\"},\"thumbnailUrl\":\"https:\\\/\\\/www.immobilienbusiness.ch\\\/wp-content\\\/uploads\\\/2016\\\/12\\\/Real-Estate-Award-Jury-tritt-fast-geschlossen-zurueck-immobilien-business.jpg\",\"keywords\":[\"Unternehmen\"],\"articleSection\":[\"UNTERNEHMEN\"],\"inLanguage\":\"it-IT\"},{\"@type\":\"WebPage\",\"@id\":\"https:\\\/\\\/www.immobilienbusiness.ch\\\/fr\\\/unternehmen\\\/2016-12-06\\\/real-estate-award-jury-tritt-fast-geschlossen-zurueck\\\/\",\"url\":\"https:\\\/\\\/www.immobilienbusiness.ch\\\/fr\\\/unternehmen\\\/2016-12-06\\\/real-estate-award-jury-tritt-fast-geschlossen-zurueck\\\/\",\"name\":\"Real Estate Award: Jury tritt fast geschlossen zur\u00fcck - IMMOBILIEN Business\",\"isPartOf\":{\"@id\":\"https:\\\/\\\/www.immobilienbusiness.ch\\\/#website\"},\"primaryImageOfPage\":{\"@id\":\"https:\\\/\\\/www.immobilienbusiness.ch\\\/fr\\\/unternehmen\\\/2016-12-06\\\/real-estate-award-jury-tritt-fast-geschlossen-zurueck\\\/#primaryimage\"},\"image\":{\"@id\":\"https:\\\/\\\/www.immobilienbusiness.ch\\\/fr\\\/unternehmen\\\/2016-12-06\\\/real-estate-award-jury-tritt-fast-geschlossen-zurueck\\\/#primaryimage\"},\"thumbnailUrl\":\"https:\\\/\\\/www.immobilienbusiness.ch\\\/wp-content\\\/uploads\\\/2016\\\/12\\\/Real-Estate-Award-Jury-tritt-fast-geschlossen-zurueck-immobilien-business.jpg\",\"datePublished\":\"2016-12-06T07:18:00+00:00\",\"description\":\"Vier der insgesamt f\u00fcnf Jury-Mitglieder des Real Estate Awards haben ihren R\u00fccktritt bekannt gegeben.\",\"breadcrumb\":{\"@id\":\"https:\\\/\\\/www.immobilienbusiness.ch\\\/fr\\\/unternehmen\\\/2016-12-06\\\/real-estate-award-jury-tritt-fast-geschlossen-zurueck\\\/#breadcrumb\"},\"inLanguage\":\"it-IT\",\"potentialAction\":[{\"@type\":\"ReadAction\",\"target\":[\"https:\\\/\\\/www.immobilienbusiness.ch\\\/fr\\\/unternehmen\\\/2016-12-06\\\/real-estate-award-jury-tritt-fast-geschlossen-zurueck\\\/\"]}]},{\"@type\":\"ImageObject\",\"inLanguage\":\"it-IT\",\"@id\":\"https:\\\/\\\/www.immobilienbusiness.ch\\\/fr\\\/unternehmen\\\/2016-12-06\\\/real-estate-award-jury-tritt-fast-geschlossen-zurueck\\\/#primaryimage\",\"url\":\"https:\\\/\\\/www.immobilienbusiness.ch\\\/wp-content\\\/uploads\\\/2016\\\/12\\\/Real-Estate-Award-Jury-tritt-fast-geschlossen-zurueck-immobilien-business.jpg\",\"contentUrl\":\"https:\\\/\\\/www.immobilienbusiness.ch\\\/wp-content\\\/uploads\\\/2016\\\/12\\\/Real-Estate-Award-Jury-tritt-fast-geschlossen-zurueck-immobilien-business.jpg\",\"width\":1180,\"height\":1772,\"caption\":\"Die Jury der Real Estate Awards steht vor einer Neuausrichtung (Foto: Real Estate Award )\"},{\"@type\":\"BreadcrumbList\",\"@id\":\"https:\\\/\\\/www.immobilienbusiness.ch\\\/fr\\\/unternehmen\\\/2016-12-06\\\/real-estate-award-jury-tritt-fast-geschlossen-zurueck\\\/#breadcrumb\",\"itemListElement\":[{\"@type\":\"ListItem\",\"position\":1,\"name\":\"Home\",\"item\":\"https:\\\/\\\/www.immobilienbusiness.ch\\\/\"},{\"@type\":\"ListItem\",\"position\":2,\"name\":\"Real Estate Award: Jury tritt fast geschlossen zur\u00fcck\"}]},{\"@type\":\"WebSite\",\"@id\":\"https:\\\/\\\/www.immobilienbusiness.ch\\\/#website\",\"url\":\"https:\\\/\\\/www.immobilienbusiness.ch\\\/\",\"name\":\"IMMOBILIEN Business\",\"description\":\"Unabh\u00e4ngiges Schweizer Wirtschaftsmagazin mit Fokus auf Immobilien, Architektur- und Bau sowie Investment- und Finanzierung.\",\"publisher\":{\"@id\":\"https:\\\/\\\/www.immobilienbusiness.ch\\\/#organization\"},\"potentialAction\":[{\"@type\":\"SearchAction\",\"target\":{\"@type\":\"EntryPoint\",\"urlTemplate\":\"https:\\\/\\\/www.immobilienbusiness.ch\\\/?s={search_term_string}\"},\"query-input\":{\"@type\":\"PropertyValueSpecification\",\"valueRequired\":true,\"valueName\":\"search_term_string\"}}],\"inLanguage\":\"it-IT\"},{\"@type\":\"Organization\",\"@id\":\"https:\\\/\\\/www.immobilienbusiness.ch\\\/#organization\",\"name\":\"IMMOBILIEN Business\",\"url\":\"https:\\\/\\\/www.immobilienbusiness.ch\\\/\",\"logo\":{\"@type\":\"ImageObject\",\"inLanguage\":\"it-IT\",\"@id\":\"https:\\\/\\\/www.immobilienbusiness.ch\\\/#\\\/schema\\\/logo\\\/image\\\/\",\"url\":\"https:\\\/\\\/www.immobilienbusiness.ch\\\/wp-content\\\/uploads\\\/2021\\\/07\\\/logo_ib.png\",\"contentUrl\":\"https:\\\/\\\/www.immobilienbusiness.ch\\\/wp-content\\\/uploads\\\/2021\\\/07\\\/logo_ib.png\",\"width\":800,\"height\":181,\"caption\":\"IMMOBILIEN Business\"},\"image\":{\"@id\":\"https:\\\/\\\/www.immobilienbusiness.ch\\\/#\\\/schema\\\/logo\\\/image\\\/\"},\"sameAs\":[\"https:\\\/\\\/www.facebook.com\\\/immobilienbusiness\\\/\"]},{\"@type\":\"Person\",\"@id\":\"https:\\\/\\\/www.immobilienbusiness.ch\\\/#\\\/schema\\\/person\\\/aa2bace6c5c5aad60102004a50c4eb1c\",\"name\":\"Redaktion\",\"image\":{\"@type\":\"ImageObject\",\"inLanguage\":\"it-IT\",\"@id\":\"https:\\\/\\\/secure.gravatar.com\\\/avatar\\\/ae2f4d718e6c49043e314ce431e7e645d646302a24a5ef5a8bc8e3f5a032e319?s=96&d=mm&r=g\",\"url\":\"https:\\\/\\\/secure.gravatar.com\\\/avatar\\\/ae2f4d718e6c49043e314ce431e7e645d646302a24a5ef5a8bc8e3f5a032e319?s=96&d=mm&r=g\",\"contentUrl\":\"https:\\\/\\\/secure.gravatar.com\\\/avatar\\\/ae2f4d718e6c49043e314ce431e7e645d646302a24a5ef5a8bc8e3f5a032e319?s=96&d=mm&r=g\",\"caption\":\"Redaktion\"},\"sameAs\":[\"http:\\\/\\\/develop.organisator.galledia.ch\"],\"url\":\"https:\\\/\\\/www.immobilienbusiness.ch\\\/it\\\/author\\\/admin\\\/\"}]}<\/script>\n<!-- \/ Yoast SEO plugin. -->","yoast_head_json":{"title":"Real Estate Award: Jury tritt fast geschlossen zur\u00fcck - IMMOBILIEN Business","description":"Vier der insgesamt f\u00fcnf Jury-Mitglieder des Real Estate Awards haben ihren R\u00fccktritt bekannt gegeben.","robots":{"index":"index","follow":"follow","max-snippet":"max-snippet:-1","max-image-preview":"max-image-preview:large","max-video-preview":"max-video-preview:-1"},"canonical":"https:\/\/www.immobilienbusiness.ch\/it\/unternehmen\/2016-12-06\/real-estate-award-jury-tritt-fast-geschlossen-zurueck\/","og_locale":"it_IT","og_type":"article","og_title":"Real Estate Award: Jury tritt fast geschlossen zur\u00fcck","og_description":"Vier der insgesamt f\u00fcnf Jury-Mitglieder des Real Estate Awards haben ihren R\u00fccktritt bekannt gegeben. Peter Jaeggi, Bernhard Ruhstaller, Walter Sch\u00e4rer und Beat Seger verlassen die Jury auf Grund von unterschiedlichen Ansichten \u00fcber die k\u00fcnftige Ausrichtung des Anlasses. In der Jury verbleibt damit Andr\u00e9 R. Spathelf.","og_url":"https:\/\/www.immobilienbusiness.ch\/it\/unternehmen\/2016-12-06\/real-estate-award-jury-tritt-fast-geschlossen-zurueck\/","og_site_name":"IMMOBILIEN Business","article_publisher":"https:\/\/www.facebook.com\/immobilienbusiness\/","article_published_time":"2016-12-06T07:18:00+00:00","author":"Redaktion","twitter_card":"summary_large_image","twitter_image":"https:\/\/www.immobilienbusiness.ch\/wp-content\/uploads\/2016\/12\/Real-Estate-Award-Jury-tritt-fast-geschlossen-zurueck-immobilien-business.jpg","schema":{"@context":"https:\/\/schema.org","@graph":[{"@type":"Article","@id":"https:\/\/www.immobilienbusiness.ch\/fr\/unternehmen\/2016-12-06\/real-estate-award-jury-tritt-fast-geschlossen-zurueck\/#article","isPartOf":{"@id":"https:\/\/www.immobilienbusiness.ch\/fr\/unternehmen\/2016-12-06\/real-estate-award-jury-tritt-fast-geschlossen-zurueck\/"},"author":{"name":"Redaktion","@id":"https:\/\/www.immobilienbusiness.ch\/#\/schema\/person\/aa2bace6c5c5aad60102004a50c4eb1c"},"headline":"Real Estate Award: Jury tritt fast geschlossen zur\u00fcck","datePublished":"2016-12-06T07:18:00+00:00","mainEntityOfPage":{"@id":"https:\/\/www.immobilienbusiness.ch\/fr\/unternehmen\/2016-12-06\/real-estate-award-jury-tritt-fast-geschlossen-zurueck\/"},"wordCount":201,"commentCount":0,"publisher":{"@id":"https:\/\/www.immobilienbusiness.ch\/#organization"},"image":{"@id":"https:\/\/www.immobilienbusiness.ch\/fr\/unternehmen\/2016-12-06\/real-estate-award-jury-tritt-fast-geschlossen-zurueck\/#primaryimage"},"thumbnailUrl":"https:\/\/www.immobilienbusiness.ch\/wp-content\/uploads\/2016\/12\/Real-Estate-Award-Jury-tritt-fast-geschlossen-zurueck-immobilien-business.jpg","keywords":["Unternehmen"],"articleSection":["UNTERNEHMEN"],"inLanguage":"it-IT"},{"@type":"WebPage","@id":"https:\/\/www.immobilienbusiness.ch\/fr\/unternehmen\/2016-12-06\/real-estate-award-jury-tritt-fast-geschlossen-zurueck\/","url":"https:\/\/www.immobilienbusiness.ch\/fr\/unternehmen\/2016-12-06\/real-estate-award-jury-tritt-fast-geschlossen-zurueck\/","name":"Real Estate Award: Jury tritt fast geschlossen zur\u00fcck - IMMOBILIEN Business","isPartOf":{"@id":"https:\/\/www.immobilienbusiness.ch\/#website"},"primaryImageOfPage":{"@id":"https:\/\/www.immobilienbusiness.ch\/fr\/unternehmen\/2016-12-06\/real-estate-award-jury-tritt-fast-geschlossen-zurueck\/#primaryimage"},"image":{"@id":"https:\/\/www.immobilienbusiness.ch\/fr\/unternehmen\/2016-12-06\/real-estate-award-jury-tritt-fast-geschlossen-zurueck\/#primaryimage"},"thumbnailUrl":"https:\/\/www.immobilienbusiness.ch\/wp-content\/uploads\/2016\/12\/Real-Estate-Award-Jury-tritt-fast-geschlossen-zurueck-immobilien-business.jpg","datePublished":"2016-12-06T07:18:00+00:00","description":"Vier der insgesamt f\u00fcnf Jury-Mitglieder des Real Estate Awards haben ihren R\u00fccktritt bekannt gegeben.","breadcrumb":{"@id":"https:\/\/www.immobilienbusiness.ch\/fr\/unternehmen\/2016-12-06\/real-estate-award-jury-tritt-fast-geschlossen-zurueck\/#breadcrumb"},"inLanguage":"it-IT","potentialAction":[{"@type":"ReadAction","target":["https:\/\/www.immobilienbusiness.ch\/fr\/unternehmen\/2016-12-06\/real-estate-award-jury-tritt-fast-geschlossen-zurueck\/"]}]},{"@type":"ImageObject","inLanguage":"it-IT","@id":"https:\/\/www.immobilienbusiness.ch\/fr\/unternehmen\/2016-12-06\/real-estate-award-jury-tritt-fast-geschlossen-zurueck\/#primaryimage","url":"https:\/\/www.immobilienbusiness.ch\/wp-content\/uploads\/2016\/12\/Real-Estate-Award-Jury-tritt-fast-geschlossen-zurueck-immobilien-business.jpg","contentUrl":"https:\/\/www.immobilienbusiness.ch\/wp-content\/uploads\/2016\/12\/Real-Estate-Award-Jury-tritt-fast-geschlossen-zurueck-immobilien-business.jpg","width":1180,"height":1772,"caption":"Die Jury der Real Estate Awards steht vor einer Neuausrichtung (Foto: Real Estate Award )"},{"@type":"BreadcrumbList","@id":"https:\/\/www.immobilienbusiness.ch\/fr\/unternehmen\/2016-12-06\/real-estate-award-jury-tritt-fast-geschlossen-zurueck\/#breadcrumb","itemListElement":[{"@type":"ListItem","position":1,"name":"Home","item":"https:\/\/www.immobilienbusiness.ch\/"},{"@type":"ListItem","position":2,"name":"Real Estate Award: Jury tritt fast geschlossen zur\u00fcck"}]},{"@type":"WebSite","@id":"https:\/\/www.immobilienbusiness.ch\/#website","url":"https:\/\/www.immobilienbusiness.ch\/","name":"Affari immobiliari","description":"Rivista economica indipendente svizzera che si concentra sul settore immobiliare, l'architettura e la costruzione, nonch\u00e9 sugli investimenti e i finanziamenti.","publisher":{"@id":"https:\/\/www.immobilienbusiness.ch\/#organization"},"potentialAction":[{"@type":"SearchAction","target":{"@type":"EntryPoint","urlTemplate":"https:\/\/www.immobilienbusiness.ch\/?s={search_term_string}"},"query-input":{"@type":"PropertyValueSpecification","valueRequired":true,"valueName":"search_term_string"}}],"inLanguage":"it-IT"},{"@type":"Organization","@id":"https:\/\/www.immobilienbusiness.ch\/#organization","name":"Affari immobiliari","url":"https:\/\/www.immobilienbusiness.ch\/","logo":{"@type":"ImageObject","inLanguage":"it-IT","@id":"https:\/\/www.immobilienbusiness.ch\/#\/schema\/logo\/image\/","url":"https:\/\/www.immobilienbusiness.ch\/wp-content\/uploads\/2021\/07\/logo_ib.png","contentUrl":"https:\/\/www.immobilienbusiness.ch\/wp-content\/uploads\/2021\/07\/logo_ib.png","width":800,"height":181,"caption":"IMMOBILIEN Business"},"image":{"@id":"https:\/\/www.immobilienbusiness.ch\/#\/schema\/logo\/image\/"},"sameAs":["https:\/\/www.facebook.com\/immobilienbusiness\/"]},{"@type":"Person","@id":"https:\/\/www.immobilienbusiness.ch\/#\/schema\/person\/aa2bace6c5c5aad60102004a50c4eb1c","name":"Editoriale","image":{"@type":"ImageObject","inLanguage":"it-IT","@id":"https:\/\/secure.gravatar.com\/avatar\/ae2f4d718e6c49043e314ce431e7e645d646302a24a5ef5a8bc8e3f5a032e319?s=96&d=mm&r=g","url":"https:\/\/secure.gravatar.com\/avatar\/ae2f4d718e6c49043e314ce431e7e645d646302a24a5ef5a8bc8e3f5a032e319?s=96&d=mm&r=g","contentUrl":"https:\/\/secure.gravatar.com\/avatar\/ae2f4d718e6c49043e314ce431e7e645d646302a24a5ef5a8bc8e3f5a032e319?s=96&d=mm&r=g","caption":"Redaktion"},"sameAs":["http:\/\/develop.organisator.galledia.ch"],"url":"https:\/\/www.immobilienbusiness.ch\/it\/author\/admin\/"}]}},"_links":{"self":[{"href":"https:\/\/www.immobilienbusiness.ch\/it\/wp-json\/wp\/v2\/posts\/4377","targetHints":{"allow":["GET"]}}],"collection":[{"href":"https:\/\/www.immobilienbusiness.ch\/it\/wp-json\/wp\/v2\/posts"}],"about":[{"href":"https:\/\/www.immobilienbusiness.ch\/it\/wp-json\/wp\/v2\/types\/post"}],"author":[{"embeddable":true,"href":"https:\/\/www.immobilienbusiness.ch\/it\/wp-json\/wp\/v2\/users\/1"}],"replies":[{"embeddable":true,"href":"https:\/\/www.immobilienbusiness.ch\/it\/wp-json\/wp\/v2\/comments?post=4377"}],"version-history":[{"count":0,"href":"https:\/\/www.immobilienbusiness.ch\/it\/wp-json\/wp\/v2\/posts\/4377\/revisions"}],"wp:featuredmedia":[{"embeddable":true,"href":"https:\/\/www.immobilienbusiness.ch\/it\/wp-json\/wp\/v2\/media\/4381"}],"wp:attachment":[{"href":"https:\/\/www.immobilienbusiness.ch\/it\/wp-json\/wp\/v2\/media?parent=4377"}],"wp:term":[{"taxonomy":"category","embeddable":true,"href":"https:\/\/www.immobilienbusiness.ch\/it\/wp-json\/wp\/v2\/categories?post=4377"},{"taxonomy":"post_tag","embeddable":true,"href":"https:\/\/www.immobilienbusiness.ch\/it\/wp-json\/wp\/v2\/tags?post=4377"}],"curies":[{"name":"wp","href":"https:\/\/api.w.org\/{rel}","templated":true}]}}