{"id":43641,"date":"2022-08-25T08:00:25","date_gmt":"2022-08-25T06:00:25","guid":{"rendered":"https:\/\/www.immobilienbusiness.ch\/?p=43641"},"modified":"2022-08-25T09:27:02","modified_gmt":"2022-08-25T07:27:02","slug":"dieter-marmet-wird-neuer-geschaeftsfuehrer-der-anlagestiftung-1291","status":"publish","type":"post","link":"https:\/\/www.immobilienbusiness.ch\/it\/unternehmen\/2022-08-25\/dieter-marmet-wird-neuer-geschaeftsfuehrer-der-anlagestiftung-1291\/","title":{"rendered":"Dieter Marmet diventa nuovo direttore della Fondazione d'investimento 1291"},"content":{"rendered":"<figure id=\"attachment_5424\" aria-describedby=\"caption-attachment-5424\" style=\"width: 2000px\" class=\"wp-caption alignnone\"><a href=\"https:\/\/www.immobilienbusiness.ch\/wp-content\/uploads\/2016\/12\/Depositphotos_11631521_l-2015.jpg\"><img loading=\"lazy\" decoding=\"async\" class=\"size-full wp-image-5424\" src=\"https:\/\/www.immobilienbusiness.ch\/wp-content\/uploads\/2016\/12\/Depositphotos_11631521_l-2015.jpg\" alt=\"\" width=\"2000\" height=\"1333\" srcset=\"https:\/\/www.immobilienbusiness.ch\/wp-content\/uploads\/2016\/12\/Depositphotos_11631521_l-2015.jpg 2000w, https:\/\/www.immobilienbusiness.ch\/wp-content\/uploads\/2016\/12\/Depositphotos_11631521_l-2015-300x200.jpg 300w, https:\/\/www.immobilienbusiness.ch\/wp-content\/uploads\/2016\/12\/Depositphotos_11631521_l-2015-1024x682.jpg 1024w, https:\/\/www.immobilienbusiness.ch\/wp-content\/uploads\/2016\/12\/Depositphotos_11631521_l-2015-768x512.jpg 768w, https:\/\/www.immobilienbusiness.ch\/wp-content\/uploads\/2016\/12\/Depositphotos_11631521_l-2015-1536x1024.jpg 1536w, https:\/\/www.immobilienbusiness.ch\/wp-content\/uploads\/2016\/12\/Depositphotos_11631521_l-2015-16x12.jpg 16w, https:\/\/www.immobilienbusiness.ch\/wp-content\/uploads\/2016\/12\/Depositphotos_11631521_l-2015-263x175.jpg 263w, https:\/\/www.immobilienbusiness.ch\/wp-content\/uploads\/2016\/12\/Depositphotos_11631521_l-2015-525x350.jpg 525w, https:\/\/www.immobilienbusiness.ch\/wp-content\/uploads\/2016\/12\/Depositphotos_11631521_l-2015-1200x800.jpg 1200w, https:\/\/www.immobilienbusiness.ch\/wp-content\/uploads\/2016\/12\/Depositphotos_11631521_l-2015-920x613.jpg 920w, https:\/\/www.immobilienbusiness.ch\/wp-content\/uploads\/2016\/12\/Depositphotos_11631521_l-2015-1400x933.jpg 1400w\" sizes=\"auto, (max-width: 2000px) 100vw, 2000px\" \/><\/a><figcaption id=\"caption-attachment-5424\" class=\"wp-caption-text\">Dieter Marmet succede a Rudolf B. Zeller come amministratore delegato di 1291 (Foto: pressmaster - depositphotos)<\/figcaption><\/figure>\n<p>Rudolf B. Zeller, attuale direttore generale di 1291 The Swiss Investment Foundation, ceder\u00e0 il suo incarico a Dieter Marmet il 1\u00b0 ottobre 2022. Zeller passer\u00e0 al Consiglio di fondazione. L'amministratore delegato designato Marmet (56 anni) porta con s\u00e9 molti anni di esperienza nel settore immobiliare: Dal 2013 \u00e8 consulente di gestione indipendente, dal 2011 al 2022 \u00e8 stato presidente del consiglio di amministrazione di Intershop Holding e dal 1999 al 2010 \u00e8 stato partner o managing partner di W\u00fcest Partner. Attualmente \u00e8 membro del consiglio di amministrazione della fondazione di investimento Ecoreal, ma lascer\u00e0 questo incarico il 30 settembre.<\/p>\n<h3>L'utile netto e l'utile complessivo sono in forte aumento<\/h3>\n<p>Nel frattempo, 1291 pu\u00f2 guardare al successo dell'esercizio 2021\/2022: il portafoglio del gruppo d'investimento \"Immobili Svizzera\" \u00e8 salito a 1,02 miliardi di franchi svizzeri nel periodo in esame (anno precedente: 729,4 milioni di franchi); sono stati acquisiti 25 immobili. Di conseguenza, il gruppo di investimento detiene ora 78 immobili in portafoglio, la maggior parte dei quali nella Svizzera nordoccidentale (30%) e a Zurigo (27%).<\/p>\n<p>Il reddito locativo annuo target degli immobili in portafoglio (esclusi i progetti) \u00e8 aumentato del 37%, raggiungendo i 33,4 milioni di franchi svizzeri (anno precedente: 24,4 milioni di franchi svizzeri); alla data di chiusura del bilancio, la quota di utilizzo residenziale era pari al 77% (anno precedente: 82%). L'utile netto \u00e8 aumentato del 43%, raggiungendo i 24,5 milioni di franchi svizzeri (anno precedente: 17,1 milioni di franchi svizzeri), e l'utile totale dell'esercizio ha raggiunto i 52,7 milioni di franchi svizzeri (anno precedente: 31,7 milioni di franchi svizzeri; +66%).<\/p>\n<p>Il patrimonio netto del gruppo d'investimento \u00e8 aumentato del 46% a 964,6 milioni (anno precedente: 661,5 milioni). Il valore patrimoniale netto per azione prima della distribuzione ammonta a 119,43 franchi (anno precedente: 115,11 franchi). Il rendimento degli investimenti per l'esercizio 2021\/2022 \u00e8 stimato al 6,29%. Quest'anno la distribuzione per il gruppo d'investimento \"Immobili Svizzera\" dovrebbe ammontare a 2,90 franchi per quota (anno precedente: 2,75 franchi).<\/p>\n<h3>Continua il percorso di crescita<\/h3>\n<p>Il 1291 rimane in crescita nel nuovo anno di riferimento: Il portafoglio del gruppo d'investimento \"Real Estate Switzerland\" \u00e8 salito a 1,3 miliardi di franchi svizzeri ad agosto, in seguito all'acquisto di un portafoglio immobiliare pi\u00f9 ampio con quattro immobili commerciali a Berna, Bremgarten e Adliswil, oltre a tre immobili residenziali a Pratteln, M\u00fcnchenstein e Giebenach e un immobile a uso misto a Basilea.<\/p>\n<p>Contemporaneamente, 1291 ha lanciato il suo secondo gruppo di investimento \"Sustainable Real Estate Projects Switzerland\" e ha chiuso il primo round di capitale con 56 milioni di franchi svizzeri. Questo gruppo d'investimento mira a investire principalmente in progetti di nuova costruzione sostenibili, in particolare nei centri svizzeri di medie e grandi dimensioni e nei loro agglomerati. Il portafoglio iniziale \u00e8 costituito da due progetti di nuova costruzione e sviluppo a Effretikon e Wil, con un valore d'investimento previsto di 175 milioni di franchi svizzeri. <em>(ah)<\/em><\/p>","protected":false},"excerpt":{"rendered":"<p>1291 La Fondazione svizzera per gli investimenti ha un nuovo direttore generale, Dieter Marmet. Lo ha annunciato la fondazione d'investimento con la pubblicazione dei suoi risultati annuali.<\/p>","protected":false},"author":3,"featured_media":5424,"comment_status":"closed","ping_status":"closed","sticky":false,"template":"","format":"standard","meta":{"_acf_changed":false,"_yoast_wpseo_focuskw":"1291","_yoast_wpseo_title":"","_yoast_wpseo_metadesc":"1291 Die Schweizer Anlagestiftung bekommt mit Dieter Marmet einen neuen Gesch\u00e4ftsf\u00fchrer.","_yoast_wpseo_linkdex":62,"pgc_sgb_lightbox_settings":"","footnotes":""},"categories":[988],"tags":[1976,1389,1563],"class_list":["post-43641","post","type-post","status-publish","format-standard","has-post-thumbnail","hentry","category-unternehmen","tag-ast-und-anlagegruppen","tag-jahresergebnis","tag-personalia"],"acf":[],"yoast_head":"<!-- This site is optimized with the Yoast SEO plugin v27.4 - https:\/\/yoast.com\/product\/yoast-seo-wordpress\/ -->\n<title>Dieter Marmet wird neuer Gesch\u00e4ftsf\u00fchrer der Anlagestiftung 1291 - IMMOBILIEN Business<\/title>\n<meta name=\"description\" content=\"1291 Die Schweizer Anlagestiftung bekommt mit Dieter Marmet einen neuen Gesch\u00e4ftsf\u00fchrer.\" \/>\n<meta name=\"robots\" content=\"index, follow, max-snippet:-1, max-image-preview:large, max-video-preview:-1\" \/>\n<link rel=\"canonical\" href=\"https:\/\/www.immobilienbusiness.ch\/it\/unternehmen\/2022-08-25\/dieter-marmet-wird-neuer-geschaeftsfuehrer-der-anlagestiftung-1291\/\" \/>\n<meta property=\"og:locale\" content=\"it_IT\" \/>\n<meta property=\"og:type\" content=\"article\" \/>\n<meta property=\"og:title\" content=\"Dieter Marmet wird neuer Gesch\u00e4ftsf\u00fchrer der Anlagestiftung 1291 - IMMOBILIEN Business\" \/>\n<meta property=\"og:description\" content=\"1291 Die Schweizer Anlagestiftung bekommt mit Dieter Marmet einen neuen Gesch\u00e4ftsf\u00fchrer.\" \/>\n<meta property=\"og:url\" content=\"https:\/\/www.immobilienbusiness.ch\/it\/unternehmen\/2022-08-25\/dieter-marmet-wird-neuer-geschaeftsfuehrer-der-anlagestiftung-1291\/\" \/>\n<meta property=\"og:site_name\" content=\"IMMOBILIEN Business\" \/>\n<meta property=\"article:publisher\" content=\"https:\/\/www.facebook.com\/immobilienbusiness\/\" \/>\n<meta property=\"article:published_time\" content=\"2022-08-25T06:00:25+00:00\" \/>\n<meta property=\"article:modified_time\" content=\"2022-08-25T07:27:02+00:00\" \/>\n<meta property=\"og:image\" content=\"https:\/\/www.immobilienbusiness.ch\/wp-content\/uploads\/2016\/12\/Depositphotos_11631521_l-2015-1024x682.jpg\" \/>\n\t<meta property=\"og:image:width\" content=\"1024\" \/>\n\t<meta property=\"og:image:height\" content=\"682\" \/>\n\t<meta property=\"og:image:type\" content=\"image\/jpeg\" \/>\n<meta name=\"author\" content=\"anja.hall\" \/>\n<meta name=\"twitter:card\" content=\"summary_large_image\" \/>\n<meta name=\"twitter:image\" content=\"https:\/\/www.immobilienbusiness.ch\/wp-content\/uploads\/2016\/12\/Depositphotos_11631521_l-2015.jpg\" \/>\n<script type=\"application\/ld+json\" class=\"yoast-schema-graph\">{\"@context\":\"https:\\\/\\\/schema.org\",\"@graph\":[{\"@type\":\"Article\",\"@id\":\"https:\\\/\\\/www.immobilienbusiness.ch\\\/de\\\/unternehmen\\\/2022-08-25\\\/dieter-marmet-wird-neuer-geschaeftsfuehrer-der-anlagestiftung-1291\\\/#article\",\"isPartOf\":{\"@id\":\"https:\\\/\\\/www.immobilienbusiness.ch\\\/de\\\/unternehmen\\\/2022-08-25\\\/dieter-marmet-wird-neuer-geschaeftsfuehrer-der-anlagestiftung-1291\\\/\"},\"author\":{\"name\":\"anja.hall\",\"@id\":\"https:\\\/\\\/www.immobilienbusiness.ch\\\/#\\\/schema\\\/person\\\/3fc036297b10b9f42d6db5ee932af8c8\"},\"headline\":\"Dieter Marmet wird neuer Gesch\u00e4ftsf\u00fchrer der Anlagestiftung 1291\",\"datePublished\":\"2022-08-25T06:00:25+00:00\",\"dateModified\":\"2022-08-25T07:27:02+00:00\",\"mainEntityOfPage\":{\"@id\":\"https:\\\/\\\/www.immobilienbusiness.ch\\\/de\\\/unternehmen\\\/2022-08-25\\\/dieter-marmet-wird-neuer-geschaeftsfuehrer-der-anlagestiftung-1291\\\/\"},\"wordCount\":392,\"publisher\":{\"@id\":\"https:\\\/\\\/www.immobilienbusiness.ch\\\/#organization\"},\"image\":{\"@id\":\"https:\\\/\\\/www.immobilienbusiness.ch\\\/de\\\/unternehmen\\\/2022-08-25\\\/dieter-marmet-wird-neuer-geschaeftsfuehrer-der-anlagestiftung-1291\\\/#primaryimage\"},\"thumbnailUrl\":\"https:\\\/\\\/www.immobilienbusiness.ch\\\/wp-content\\\/uploads\\\/2016\\\/12\\\/Depositphotos_11631521_l-2015.jpg\",\"keywords\":[\"AST und Anlagegruppen\",\"Jahresergebnis\",\"Personalia\"],\"articleSection\":[\"UNTERNEHMEN\"],\"inLanguage\":\"it-IT\"},{\"@type\":\"WebPage\",\"@id\":\"https:\\\/\\\/www.immobilienbusiness.ch\\\/de\\\/unternehmen\\\/2022-08-25\\\/dieter-marmet-wird-neuer-geschaeftsfuehrer-der-anlagestiftung-1291\\\/\",\"url\":\"https:\\\/\\\/www.immobilienbusiness.ch\\\/de\\\/unternehmen\\\/2022-08-25\\\/dieter-marmet-wird-neuer-geschaeftsfuehrer-der-anlagestiftung-1291\\\/\",\"name\":\"Dieter Marmet wird neuer Gesch\u00e4ftsf\u00fchrer der Anlagestiftung 1291 - IMMOBILIEN Business\",\"isPartOf\":{\"@id\":\"https:\\\/\\\/www.immobilienbusiness.ch\\\/#website\"},\"primaryImageOfPage\":{\"@id\":\"https:\\\/\\\/www.immobilienbusiness.ch\\\/de\\\/unternehmen\\\/2022-08-25\\\/dieter-marmet-wird-neuer-geschaeftsfuehrer-der-anlagestiftung-1291\\\/#primaryimage\"},\"image\":{\"@id\":\"https:\\\/\\\/www.immobilienbusiness.ch\\\/de\\\/unternehmen\\\/2022-08-25\\\/dieter-marmet-wird-neuer-geschaeftsfuehrer-der-anlagestiftung-1291\\\/#primaryimage\"},\"thumbnailUrl\":\"https:\\\/\\\/www.immobilienbusiness.ch\\\/wp-content\\\/uploads\\\/2016\\\/12\\\/Depositphotos_11631521_l-2015.jpg\",\"datePublished\":\"2022-08-25T06:00:25+00:00\",\"dateModified\":\"2022-08-25T07:27:02+00:00\",\"description\":\"1291 Die Schweizer Anlagestiftung bekommt mit Dieter Marmet einen neuen Gesch\u00e4ftsf\u00fchrer.\",\"breadcrumb\":{\"@id\":\"https:\\\/\\\/www.immobilienbusiness.ch\\\/de\\\/unternehmen\\\/2022-08-25\\\/dieter-marmet-wird-neuer-geschaeftsfuehrer-der-anlagestiftung-1291\\\/#breadcrumb\"},\"inLanguage\":\"it-IT\",\"potentialAction\":[{\"@type\":\"ReadAction\",\"target\":[\"https:\\\/\\\/www.immobilienbusiness.ch\\\/de\\\/unternehmen\\\/2022-08-25\\\/dieter-marmet-wird-neuer-geschaeftsfuehrer-der-anlagestiftung-1291\\\/\"]}]},{\"@type\":\"ImageObject\",\"inLanguage\":\"it-IT\",\"@id\":\"https:\\\/\\\/www.immobilienbusiness.ch\\\/de\\\/unternehmen\\\/2022-08-25\\\/dieter-marmet-wird-neuer-geschaeftsfuehrer-der-anlagestiftung-1291\\\/#primaryimage\",\"url\":\"https:\\\/\\\/www.immobilienbusiness.ch\\\/wp-content\\\/uploads\\\/2016\\\/12\\\/Depositphotos_11631521_l-2015.jpg\",\"contentUrl\":\"https:\\\/\\\/www.immobilienbusiness.ch\\\/wp-content\\\/uploads\\\/2016\\\/12\\\/Depositphotos_11631521_l-2015.jpg\",\"width\":2000,\"height\":1333,\"caption\":\"Johannes Fr\u00e4ulin ist neue Mitglied der Gesch\u00e4ftsleitung bei H&B Real Estate (Foto: pressmaster - deposidphotos)\"},{\"@type\":\"BreadcrumbList\",\"@id\":\"https:\\\/\\\/www.immobilienbusiness.ch\\\/de\\\/unternehmen\\\/2022-08-25\\\/dieter-marmet-wird-neuer-geschaeftsfuehrer-der-anlagestiftung-1291\\\/#breadcrumb\",\"itemListElement\":[{\"@type\":\"ListItem\",\"position\":1,\"name\":\"Home\",\"item\":\"https:\\\/\\\/www.immobilienbusiness.ch\\\/\"},{\"@type\":\"ListItem\",\"position\":2,\"name\":\"Dieter Marmet wird neuer Gesch\u00e4ftsf\u00fchrer der Anlagestiftung 1291\"}]},{\"@type\":\"WebSite\",\"@id\":\"https:\\\/\\\/www.immobilienbusiness.ch\\\/#website\",\"url\":\"https:\\\/\\\/www.immobilienbusiness.ch\\\/\",\"name\":\"IMMOBILIEN Business\",\"description\":\"Unabh\u00e4ngiges Schweizer Wirtschaftsmagazin mit Fokus auf Immobilien, Architektur- und Bau sowie Investment- und Finanzierung.\",\"publisher\":{\"@id\":\"https:\\\/\\\/www.immobilienbusiness.ch\\\/#organization\"},\"potentialAction\":[{\"@type\":\"SearchAction\",\"target\":{\"@type\":\"EntryPoint\",\"urlTemplate\":\"https:\\\/\\\/www.immobilienbusiness.ch\\\/?s={search_term_string}\"},\"query-input\":{\"@type\":\"PropertyValueSpecification\",\"valueRequired\":true,\"valueName\":\"search_term_string\"}}],\"inLanguage\":\"it-IT\"},{\"@type\":\"Organization\",\"@id\":\"https:\\\/\\\/www.immobilienbusiness.ch\\\/#organization\",\"name\":\"IMMOBILIEN Business\",\"url\":\"https:\\\/\\\/www.immobilienbusiness.ch\\\/\",\"logo\":{\"@type\":\"ImageObject\",\"inLanguage\":\"it-IT\",\"@id\":\"https:\\\/\\\/www.immobilienbusiness.ch\\\/#\\\/schema\\\/logo\\\/image\\\/\",\"url\":\"https:\\\/\\\/www.immobilienbusiness.ch\\\/wp-content\\\/uploads\\\/2021\\\/07\\\/logo_ib.png\",\"contentUrl\":\"https:\\\/\\\/www.immobilienbusiness.ch\\\/wp-content\\\/uploads\\\/2021\\\/07\\\/logo_ib.png\",\"width\":800,\"height\":181,\"caption\":\"IMMOBILIEN Business\"},\"image\":{\"@id\":\"https:\\\/\\\/www.immobilienbusiness.ch\\\/#\\\/schema\\\/logo\\\/image\\\/\"},\"sameAs\":[\"https:\\\/\\\/www.facebook.com\\\/immobilienbusiness\\\/\"]},{\"@type\":\"Person\",\"@id\":\"https:\\\/\\\/www.immobilienbusiness.ch\\\/#\\\/schema\\\/person\\\/3fc036297b10b9f42d6db5ee932af8c8\",\"name\":\"anja.hall\",\"image\":{\"@type\":\"ImageObject\",\"inLanguage\":\"it-IT\",\"@id\":\"https:\\\/\\\/secure.gravatar.com\\\/avatar\\\/066b5a0d447013502c71a5782f4f3469f03cfe595cc2329fb94652fe47511bfb?s=96&d=mm&r=g\",\"url\":\"https:\\\/\\\/secure.gravatar.com\\\/avatar\\\/066b5a0d447013502c71a5782f4f3469f03cfe595cc2329fb94652fe47511bfb?s=96&d=mm&r=g\",\"contentUrl\":\"https:\\\/\\\/secure.gravatar.com\\\/avatar\\\/066b5a0d447013502c71a5782f4f3469f03cfe595cc2329fb94652fe47511bfb?s=96&d=mm&r=g\",\"caption\":\"anja.hall\"},\"url\":\"https:\\\/\\\/www.immobilienbusiness.ch\\\/it\\\/author\\\/anja-hall\\\/\"}]}<\/script>\n<!-- \/ Yoast SEO plugin. -->","yoast_head_json":{"title":"Dieter Marmet diventa nuovo direttore generale della Fondazione 1291 Investment - IMMOBILIEN Business","description":"1291 La Fondazione svizzera per gli investimenti ha un nuovo direttore generale, Dieter Marmet.","robots":{"index":"index","follow":"follow","max-snippet":"max-snippet:-1","max-image-preview":"max-image-preview:large","max-video-preview":"max-video-preview:-1"},"canonical":"https:\/\/www.immobilienbusiness.ch\/it\/unternehmen\/2022-08-25\/dieter-marmet-wird-neuer-geschaeftsfuehrer-der-anlagestiftung-1291\/","og_locale":"it_IT","og_type":"article","og_title":"Dieter Marmet wird neuer Gesch\u00e4ftsf\u00fchrer der Anlagestiftung 1291 - IMMOBILIEN Business","og_description":"1291 Die Schweizer Anlagestiftung bekommt mit Dieter Marmet einen neuen Gesch\u00e4ftsf\u00fchrer.","og_url":"https:\/\/www.immobilienbusiness.ch\/it\/unternehmen\/2022-08-25\/dieter-marmet-wird-neuer-geschaeftsfuehrer-der-anlagestiftung-1291\/","og_site_name":"IMMOBILIEN Business","article_publisher":"https:\/\/www.facebook.com\/immobilienbusiness\/","article_published_time":"2022-08-25T06:00:25+00:00","article_modified_time":"2022-08-25T07:27:02+00:00","og_image":[{"width":1024,"height":682,"url":"https:\/\/www.immobilienbusiness.ch\/wp-content\/uploads\/2016\/12\/Depositphotos_11631521_l-2015-1024x682.jpg","type":"image\/jpeg"}],"author":"anja.hall","twitter_card":"summary_large_image","twitter_image":"https:\/\/www.immobilienbusiness.ch\/wp-content\/uploads\/2016\/12\/Depositphotos_11631521_l-2015.jpg","schema":{"@context":"https:\/\/schema.org","@graph":[{"@type":"Article","@id":"https:\/\/www.immobilienbusiness.ch\/de\/unternehmen\/2022-08-25\/dieter-marmet-wird-neuer-geschaeftsfuehrer-der-anlagestiftung-1291\/#article","isPartOf":{"@id":"https:\/\/www.immobilienbusiness.ch\/de\/unternehmen\/2022-08-25\/dieter-marmet-wird-neuer-geschaeftsfuehrer-der-anlagestiftung-1291\/"},"author":{"name":"anja.hall","@id":"https:\/\/www.immobilienbusiness.ch\/#\/schema\/person\/3fc036297b10b9f42d6db5ee932af8c8"},"headline":"Dieter Marmet wird neuer Gesch\u00e4ftsf\u00fchrer der Anlagestiftung 1291","datePublished":"2022-08-25T06:00:25+00:00","dateModified":"2022-08-25T07:27:02+00:00","mainEntityOfPage":{"@id":"https:\/\/www.immobilienbusiness.ch\/de\/unternehmen\/2022-08-25\/dieter-marmet-wird-neuer-geschaeftsfuehrer-der-anlagestiftung-1291\/"},"wordCount":392,"publisher":{"@id":"https:\/\/www.immobilienbusiness.ch\/#organization"},"image":{"@id":"https:\/\/www.immobilienbusiness.ch\/de\/unternehmen\/2022-08-25\/dieter-marmet-wird-neuer-geschaeftsfuehrer-der-anlagestiftung-1291\/#primaryimage"},"thumbnailUrl":"https:\/\/www.immobilienbusiness.ch\/wp-content\/uploads\/2016\/12\/Depositphotos_11631521_l-2015.jpg","keywords":["AST und Anlagegruppen","Jahresergebnis","Personalia"],"articleSection":["UNTERNEHMEN"],"inLanguage":"it-IT"},{"@type":"WebPage","@id":"https:\/\/www.immobilienbusiness.ch\/de\/unternehmen\/2022-08-25\/dieter-marmet-wird-neuer-geschaeftsfuehrer-der-anlagestiftung-1291\/","url":"https:\/\/www.immobilienbusiness.ch\/de\/unternehmen\/2022-08-25\/dieter-marmet-wird-neuer-geschaeftsfuehrer-der-anlagestiftung-1291\/","name":"Dieter Marmet diventa nuovo direttore generale della Fondazione 1291 Investment - IMMOBILIEN Business","isPartOf":{"@id":"https:\/\/www.immobilienbusiness.ch\/#website"},"primaryImageOfPage":{"@id":"https:\/\/www.immobilienbusiness.ch\/de\/unternehmen\/2022-08-25\/dieter-marmet-wird-neuer-geschaeftsfuehrer-der-anlagestiftung-1291\/#primaryimage"},"image":{"@id":"https:\/\/www.immobilienbusiness.ch\/de\/unternehmen\/2022-08-25\/dieter-marmet-wird-neuer-geschaeftsfuehrer-der-anlagestiftung-1291\/#primaryimage"},"thumbnailUrl":"https:\/\/www.immobilienbusiness.ch\/wp-content\/uploads\/2016\/12\/Depositphotos_11631521_l-2015.jpg","datePublished":"2022-08-25T06:00:25+00:00","dateModified":"2022-08-25T07:27:02+00:00","description":"1291 La Fondazione svizzera per gli investimenti ha un nuovo direttore generale, Dieter Marmet.","breadcrumb":{"@id":"https:\/\/www.immobilienbusiness.ch\/de\/unternehmen\/2022-08-25\/dieter-marmet-wird-neuer-geschaeftsfuehrer-der-anlagestiftung-1291\/#breadcrumb"},"inLanguage":"it-IT","potentialAction":[{"@type":"ReadAction","target":["https:\/\/www.immobilienbusiness.ch\/de\/unternehmen\/2022-08-25\/dieter-marmet-wird-neuer-geschaeftsfuehrer-der-anlagestiftung-1291\/"]}]},{"@type":"ImageObject","inLanguage":"it-IT","@id":"https:\/\/www.immobilienbusiness.ch\/de\/unternehmen\/2022-08-25\/dieter-marmet-wird-neuer-geschaeftsfuehrer-der-anlagestiftung-1291\/#primaryimage","url":"https:\/\/www.immobilienbusiness.ch\/wp-content\/uploads\/2016\/12\/Depositphotos_11631521_l-2015.jpg","contentUrl":"https:\/\/www.immobilienbusiness.ch\/wp-content\/uploads\/2016\/12\/Depositphotos_11631521_l-2015.jpg","width":2000,"height":1333,"caption":"Johannes Fr\u00e4ulin ist neue Mitglied der Gesch\u00e4ftsleitung bei H&B Real Estate (Foto: pressmaster - deposidphotos)"},{"@type":"BreadcrumbList","@id":"https:\/\/www.immobilienbusiness.ch\/de\/unternehmen\/2022-08-25\/dieter-marmet-wird-neuer-geschaeftsfuehrer-der-anlagestiftung-1291\/#breadcrumb","itemListElement":[{"@type":"ListItem","position":1,"name":"Home","item":"https:\/\/www.immobilienbusiness.ch\/"},{"@type":"ListItem","position":2,"name":"Dieter Marmet wird neuer Gesch\u00e4ftsf\u00fchrer der Anlagestiftung 1291"}]},{"@type":"WebSite","@id":"https:\/\/www.immobilienbusiness.ch\/#website","url":"https:\/\/www.immobilienbusiness.ch\/","name":"Affari immobiliari","description":"Rivista economica indipendente svizzera che si concentra sul settore immobiliare, l'architettura e la costruzione, nonch\u00e9 sugli investimenti e i finanziamenti.","publisher":{"@id":"https:\/\/www.immobilienbusiness.ch\/#organization"},"potentialAction":[{"@type":"SearchAction","target":{"@type":"EntryPoint","urlTemplate":"https:\/\/www.immobilienbusiness.ch\/?s={search_term_string}"},"query-input":{"@type":"PropertyValueSpecification","valueRequired":true,"valueName":"search_term_string"}}],"inLanguage":"it-IT"},{"@type":"Organization","@id":"https:\/\/www.immobilienbusiness.ch\/#organization","name":"Affari immobiliari","url":"https:\/\/www.immobilienbusiness.ch\/","logo":{"@type":"ImageObject","inLanguage":"it-IT","@id":"https:\/\/www.immobilienbusiness.ch\/#\/schema\/logo\/image\/","url":"https:\/\/www.immobilienbusiness.ch\/wp-content\/uploads\/2021\/07\/logo_ib.png","contentUrl":"https:\/\/www.immobilienbusiness.ch\/wp-content\/uploads\/2021\/07\/logo_ib.png","width":800,"height":181,"caption":"IMMOBILIEN Business"},"image":{"@id":"https:\/\/www.immobilienbusiness.ch\/#\/schema\/logo\/image\/"},"sameAs":["https:\/\/www.facebook.com\/immobilienbusiness\/"]},{"@type":"Person","@id":"https:\/\/www.immobilienbusiness.ch\/#\/schema\/person\/3fc036297b10b9f42d6db5ee932af8c8","name":"anja.hall","image":{"@type":"ImageObject","inLanguage":"it-IT","@id":"https:\/\/secure.gravatar.com\/avatar\/066b5a0d447013502c71a5782f4f3469f03cfe595cc2329fb94652fe47511bfb?s=96&d=mm&r=g","url":"https:\/\/secure.gravatar.com\/avatar\/066b5a0d447013502c71a5782f4f3469f03cfe595cc2329fb94652fe47511bfb?s=96&d=mm&r=g","contentUrl":"https:\/\/secure.gravatar.com\/avatar\/066b5a0d447013502c71a5782f4f3469f03cfe595cc2329fb94652fe47511bfb?s=96&d=mm&r=g","caption":"anja.hall"},"url":"https:\/\/www.immobilienbusiness.ch\/it\/author\/anja-hall\/"}]}},"_links":{"self":[{"href":"https:\/\/www.immobilienbusiness.ch\/it\/wp-json\/wp\/v2\/posts\/43641","targetHints":{"allow":["GET"]}}],"collection":[{"href":"https:\/\/www.immobilienbusiness.ch\/it\/wp-json\/wp\/v2\/posts"}],"about":[{"href":"https:\/\/www.immobilienbusiness.ch\/it\/wp-json\/wp\/v2\/types\/post"}],"author":[{"embeddable":true,"href":"https:\/\/www.immobilienbusiness.ch\/it\/wp-json\/wp\/v2\/users\/3"}],"replies":[{"embeddable":true,"href":"https:\/\/www.immobilienbusiness.ch\/it\/wp-json\/wp\/v2\/comments?post=43641"}],"version-history":[{"count":3,"href":"https:\/\/www.immobilienbusiness.ch\/it\/wp-json\/wp\/v2\/posts\/43641\/revisions"}],"predecessor-version":[{"id":43662,"href":"https:\/\/www.immobilienbusiness.ch\/it\/wp-json\/wp\/v2\/posts\/43641\/revisions\/43662"}],"wp:featuredmedia":[{"embeddable":true,"href":"https:\/\/www.immobilienbusiness.ch\/it\/wp-json\/wp\/v2\/media\/5424"}],"wp:attachment":[{"href":"https:\/\/www.immobilienbusiness.ch\/it\/wp-json\/wp\/v2\/media?parent=43641"}],"wp:term":[{"taxonomy":"category","embeddable":true,"href":"https:\/\/www.immobilienbusiness.ch\/it\/wp-json\/wp\/v2\/categories?post=43641"},{"taxonomy":"post_tag","embeddable":true,"href":"https:\/\/www.immobilienbusiness.ch\/it\/wp-json\/wp\/v2\/tags?post=43641"}],"curies":[{"name":"wp","href":"https:\/\/api.w.org\/{rel}","templated":true}]}}