{"id":43578,"date":"2022-08-18T07:47:45","date_gmt":"2022-08-18T05:47:45","guid":{"rendered":"https:\/\/www.immobilienbusiness.ch\/?p=43578"},"modified":"2022-08-18T07:47:45","modified_gmt":"2022-08-18T05:47:45","slug":"immofonds-investiert-erstmals-in-genf","status":"publish","type":"post","link":"https:\/\/www.immobilienbusiness.ch\/it\/regionen\/2022-08-18\/immofonds-investiert-erstmals-in-genf\/","title":{"rendered":"Immofonds investe per la prima volta a Ginevra"},"content":{"rendered":"<figure id=\"attachment_43579\" aria-describedby=\"caption-attachment-43579\" style=\"width: 1100px\" class=\"wp-caption alignnone\"><a href=\"https:\/\/www.immobilienbusiness.ch\/wp-content\/uploads\/2022\/08\/csm_Miremont_6a0b724f54.jpg\"><img loading=\"lazy\" decoding=\"async\" class=\"size-full wp-image-43579\" src=\"https:\/\/www.immobilienbusiness.ch\/wp-content\/uploads\/2022\/08\/csm_Miremont_6a0b724f54.jpg\" alt=\"\" width=\"1100\" height=\"733\" srcset=\"https:\/\/www.immobilienbusiness.ch\/wp-content\/uploads\/2022\/08\/csm_Miremont_6a0b724f54.jpg 1100w, https:\/\/www.immobilienbusiness.ch\/wp-content\/uploads\/2022\/08\/csm_Miremont_6a0b724f54-300x200.jpg 300w, https:\/\/www.immobilienbusiness.ch\/wp-content\/uploads\/2022\/08\/csm_Miremont_6a0b724f54-1024x682.jpg 1024w, https:\/\/www.immobilienbusiness.ch\/wp-content\/uploads\/2022\/08\/csm_Miremont_6a0b724f54-768x512.jpg 768w, https:\/\/www.immobilienbusiness.ch\/wp-content\/uploads\/2022\/08\/csm_Miremont_6a0b724f54-18x12.jpg 18w, https:\/\/www.immobilienbusiness.ch\/wp-content\/uploads\/2022\/08\/csm_Miremont_6a0b724f54-263x175.jpg 263w, https:\/\/www.immobilienbusiness.ch\/wp-content\/uploads\/2022\/08\/csm_Miremont_6a0b724f54-525x350.jpg 525w, https:\/\/www.immobilienbusiness.ch\/wp-content\/uploads\/2022\/08\/csm_Miremont_6a0b724f54-920x613.jpg 920w\" sizes=\"auto, (max-width: 1100px) 100vw, 1100px\" \/><\/a><figcaption id=\"caption-attachment-43579\" class=\"wp-caption-text\">Immofonds ha effettuato ulteriori acquisti a Ginevra (Fonte: Immofonds)<\/figcaption><\/figure>\n<p>L'Immofonds ha acquistato l'immobile al numero 42 di Avenue de Miremont, nel quartiere Champel di Ginevra. Nelle vicinanze si trovano negozi, ristoranti e un parco, e anche l'Ospedale Universitario di Ginevra non \u00e8 lontano.<\/p>\n<p>Secondo il fondo, l'edificio di otto piani \u00e8 stato costruito a met\u00e0 degli anni Ottanta e comprende 15 appartamenti, la maggior parte dei quali ha tre o quattro stanze. La propriet\u00e0 \u00e8 stata continuamente ristrutturata ed \u00e8 in buone condizioni, aggiunge. Finora cinque appartamenti sono stati completamente ristrutturati e, quando gli inquilini cambiano, gli appartamenti vengono gradualmente rinnovati. Stanno valutando la possibilit\u00e0 di collegare la propriet\u00e0 alla rete di teleriscaldamento che verr\u00e0 costruita nel quartiere e di installare il fotovoltaico.<\/p>\n<p>La gestione del fondo dell'Immofonds parte dal presupposto che Ginevra continuer\u00e0 ad avere una grande attrattiva come luogo di vita e di lavoro e crescer\u00e0 a un tasso superiore alla media nei prossimi anni. <em>(ah)<\/em><\/p>","protected":false},"excerpt":{"rendered":"<p>L'Immofonds ha acquistato un immobile residenziale a Ginevra. Si tratta del primo investimento del fondo nella principale citt\u00e0 della Svizzera occidentale.<\/p>","protected":false},"author":3,"featured_media":43579,"comment_status":"closed","ping_status":"closed","sticky":false,"template":"","format":"standard","meta":{"_acf_changed":false,"_yoast_wpseo_focuskw":"Immofonds","_yoast_wpseo_title":"","_yoast_wpseo_metadesc":"Der Immofonds hat eine Wohnliegenschaft in Genf erworben. Es ist das erste Investment des Fonds in der Westschweizer Grossstadt.","_yoast_wpseo_linkdex":59,"pgc_sgb_lightbox_settings":"","footnotes":""},"categories":[985],"tags":[1260,1348,1357,1863],"class_list":["post-43578","post","type-post","status-publish","format-standard","has-post-thumbnail","hentry","category-regionen","tag-genf","tag-immobilienkauf","tag-immofonds","tag-wohnimmobilien"],"acf":[],"yoast_head":"<!-- This site is optimized with the Yoast SEO plugin v27.4 - https:\/\/yoast.com\/product\/yoast-seo-wordpress\/ -->\n<title>Immofonds investiert erstmals in Genf - IMMOBILIEN Business<\/title>\n<meta name=\"description\" content=\"Der Immofonds hat eine Wohnliegenschaft in Genf erworben. Es ist das erste Investment des Fonds in der Westschweizer Grossstadt.\" \/>\n<meta name=\"robots\" content=\"index, follow, max-snippet:-1, max-image-preview:large, max-video-preview:-1\" \/>\n<link rel=\"canonical\" href=\"https:\/\/www.immobilienbusiness.ch\/it\/regionen\/2022-08-18\/immofonds-investiert-erstmals-in-genf\/\" \/>\n<meta property=\"og:locale\" content=\"it_IT\" \/>\n<meta property=\"og:type\" content=\"article\" \/>\n<meta property=\"og:title\" content=\"Immofonds investiert erstmals in Genf - IMMOBILIEN Business\" \/>\n<meta property=\"og:description\" content=\"Der Immofonds hat eine Wohnliegenschaft in Genf erworben. Es ist das erste Investment des Fonds in der Westschweizer Grossstadt.\" \/>\n<meta property=\"og:url\" content=\"https:\/\/www.immobilienbusiness.ch\/it\/regionen\/2022-08-18\/immofonds-investiert-erstmals-in-genf\/\" \/>\n<meta property=\"og:site_name\" content=\"IMMOBILIEN Business\" \/>\n<meta property=\"article:publisher\" content=\"https:\/\/www.facebook.com\/immobilienbusiness\/\" \/>\n<meta property=\"article:published_time\" content=\"2022-08-18T05:47:45+00:00\" \/>\n<meta property=\"og:image\" content=\"https:\/\/www.immobilienbusiness.ch\/wp-content\/uploads\/2022\/08\/csm_Miremont_6a0b724f54.jpg\" \/>\n\t<meta property=\"og:image:width\" content=\"1100\" \/>\n\t<meta property=\"og:image:height\" content=\"733\" \/>\n\t<meta property=\"og:image:type\" content=\"image\/jpeg\" \/>\n<meta name=\"author\" content=\"anja.hall\" \/>\n<meta name=\"twitter:card\" content=\"summary_large_image\" \/>\n<meta name=\"twitter:image\" content=\"https:\/\/www.immobilienbusiness.ch\/wp-content\/uploads\/2022\/08\/csm_Miremont_6a0b724f54.jpg\" \/>\n<script type=\"application\/ld+json\" class=\"yoast-schema-graph\">{\"@context\":\"https:\\\/\\\/schema.org\",\"@graph\":[{\"@type\":\"Article\",\"@id\":\"https:\\\/\\\/www.immobilienbusiness.ch\\\/it\\\/regionen\\\/2022-08-18\\\/immofonds-investiert-erstmals-in-genf\\\/#article\",\"isPartOf\":{\"@id\":\"https:\\\/\\\/www.immobilienbusiness.ch\\\/it\\\/regionen\\\/2022-08-18\\\/immofonds-investiert-erstmals-in-genf\\\/\"},\"author\":{\"name\":\"anja.hall\",\"@id\":\"https:\\\/\\\/www.immobilienbusiness.ch\\\/#\\\/schema\\\/person\\\/3fc036297b10b9f42d6db5ee932af8c8\"},\"headline\":\"Immofonds investiert erstmals in Genf\",\"datePublished\":\"2022-08-18T05:47:45+00:00\",\"mainEntityOfPage\":{\"@id\":\"https:\\\/\\\/www.immobilienbusiness.ch\\\/it\\\/regionen\\\/2022-08-18\\\/immofonds-investiert-erstmals-in-genf\\\/\"},\"wordCount\":163,\"publisher\":{\"@id\":\"https:\\\/\\\/www.immobilienbusiness.ch\\\/#organization\"},\"image\":{\"@id\":\"https:\\\/\\\/www.immobilienbusiness.ch\\\/it\\\/regionen\\\/2022-08-18\\\/immofonds-investiert-erstmals-in-genf\\\/#primaryimage\"},\"thumbnailUrl\":\"https:\\\/\\\/www.immobilienbusiness.ch\\\/wp-content\\\/uploads\\\/2022\\\/08\\\/csm_Miremont_6a0b724f54.jpg\",\"keywords\":[\"Genf\",\"Immobilienkauf\",\"Immofonds\",\"Wohnimmobilien\"],\"articleSection\":[\"REGIONEN\"],\"inLanguage\":\"it-IT\"},{\"@type\":\"WebPage\",\"@id\":\"https:\\\/\\\/www.immobilienbusiness.ch\\\/it\\\/regionen\\\/2022-08-18\\\/immofonds-investiert-erstmals-in-genf\\\/\",\"url\":\"https:\\\/\\\/www.immobilienbusiness.ch\\\/it\\\/regionen\\\/2022-08-18\\\/immofonds-investiert-erstmals-in-genf\\\/\",\"name\":\"Immofonds investiert erstmals in Genf - IMMOBILIEN Business\",\"isPartOf\":{\"@id\":\"https:\\\/\\\/www.immobilienbusiness.ch\\\/#website\"},\"primaryImageOfPage\":{\"@id\":\"https:\\\/\\\/www.immobilienbusiness.ch\\\/it\\\/regionen\\\/2022-08-18\\\/immofonds-investiert-erstmals-in-genf\\\/#primaryimage\"},\"image\":{\"@id\":\"https:\\\/\\\/www.immobilienbusiness.ch\\\/it\\\/regionen\\\/2022-08-18\\\/immofonds-investiert-erstmals-in-genf\\\/#primaryimage\"},\"thumbnailUrl\":\"https:\\\/\\\/www.immobilienbusiness.ch\\\/wp-content\\\/uploads\\\/2022\\\/08\\\/csm_Miremont_6a0b724f54.jpg\",\"datePublished\":\"2022-08-18T05:47:45+00:00\",\"description\":\"Der Immofonds hat eine Wohnliegenschaft in Genf erworben. Es ist das erste Investment des Fonds in der Westschweizer Grossstadt.\",\"breadcrumb\":{\"@id\":\"https:\\\/\\\/www.immobilienbusiness.ch\\\/it\\\/regionen\\\/2022-08-18\\\/immofonds-investiert-erstmals-in-genf\\\/#breadcrumb\"},\"inLanguage\":\"it-IT\",\"potentialAction\":[{\"@type\":\"ReadAction\",\"target\":[\"https:\\\/\\\/www.immobilienbusiness.ch\\\/it\\\/regionen\\\/2022-08-18\\\/immofonds-investiert-erstmals-in-genf\\\/\"]}]},{\"@type\":\"ImageObject\",\"inLanguage\":\"it-IT\",\"@id\":\"https:\\\/\\\/www.immobilienbusiness.ch\\\/it\\\/regionen\\\/2022-08-18\\\/immofonds-investiert-erstmals-in-genf\\\/#primaryimage\",\"url\":\"https:\\\/\\\/www.immobilienbusiness.ch\\\/wp-content\\\/uploads\\\/2022\\\/08\\\/csm_Miremont_6a0b724f54.jpg\",\"contentUrl\":\"https:\\\/\\\/www.immobilienbusiness.ch\\\/wp-content\\\/uploads\\\/2022\\\/08\\\/csm_Miremont_6a0b724f54.jpg\",\"width\":1100,\"height\":733,\"caption\":\"Der Immofonds hat in Genf zugekauft (Quelle: Immofonds)\"},{\"@type\":\"BreadcrumbList\",\"@id\":\"https:\\\/\\\/www.immobilienbusiness.ch\\\/it\\\/regionen\\\/2022-08-18\\\/immofonds-investiert-erstmals-in-genf\\\/#breadcrumb\",\"itemListElement\":[{\"@type\":\"ListItem\",\"position\":1,\"name\":\"Home\",\"item\":\"https:\\\/\\\/www.immobilienbusiness.ch\\\/\"},{\"@type\":\"ListItem\",\"position\":2,\"name\":\"Immofonds investiert erstmals in Genf\"}]},{\"@type\":\"WebSite\",\"@id\":\"https:\\\/\\\/www.immobilienbusiness.ch\\\/#website\",\"url\":\"https:\\\/\\\/www.immobilienbusiness.ch\\\/\",\"name\":\"IMMOBILIEN Business\",\"description\":\"Unabh\u00e4ngiges Schweizer Wirtschaftsmagazin mit Fokus auf Immobilien, Architektur- und Bau sowie Investment- und Finanzierung.\",\"publisher\":{\"@id\":\"https:\\\/\\\/www.immobilienbusiness.ch\\\/#organization\"},\"potentialAction\":[{\"@type\":\"SearchAction\",\"target\":{\"@type\":\"EntryPoint\",\"urlTemplate\":\"https:\\\/\\\/www.immobilienbusiness.ch\\\/?s={search_term_string}\"},\"query-input\":{\"@type\":\"PropertyValueSpecification\",\"valueRequired\":true,\"valueName\":\"search_term_string\"}}],\"inLanguage\":\"it-IT\"},{\"@type\":\"Organization\",\"@id\":\"https:\\\/\\\/www.immobilienbusiness.ch\\\/#organization\",\"name\":\"IMMOBILIEN Business\",\"url\":\"https:\\\/\\\/www.immobilienbusiness.ch\\\/\",\"logo\":{\"@type\":\"ImageObject\",\"inLanguage\":\"it-IT\",\"@id\":\"https:\\\/\\\/www.immobilienbusiness.ch\\\/#\\\/schema\\\/logo\\\/image\\\/\",\"url\":\"https:\\\/\\\/www.immobilienbusiness.ch\\\/wp-content\\\/uploads\\\/2021\\\/07\\\/logo_ib.png\",\"contentUrl\":\"https:\\\/\\\/www.immobilienbusiness.ch\\\/wp-content\\\/uploads\\\/2021\\\/07\\\/logo_ib.png\",\"width\":800,\"height\":181,\"caption\":\"IMMOBILIEN Business\"},\"image\":{\"@id\":\"https:\\\/\\\/www.immobilienbusiness.ch\\\/#\\\/schema\\\/logo\\\/image\\\/\"},\"sameAs\":[\"https:\\\/\\\/www.facebook.com\\\/immobilienbusiness\\\/\"]},{\"@type\":\"Person\",\"@id\":\"https:\\\/\\\/www.immobilienbusiness.ch\\\/#\\\/schema\\\/person\\\/3fc036297b10b9f42d6db5ee932af8c8\",\"name\":\"anja.hall\",\"image\":{\"@type\":\"ImageObject\",\"inLanguage\":\"it-IT\",\"@id\":\"https:\\\/\\\/secure.gravatar.com\\\/avatar\\\/066b5a0d447013502c71a5782f4f3469f03cfe595cc2329fb94652fe47511bfb?s=96&d=mm&r=g\",\"url\":\"https:\\\/\\\/secure.gravatar.com\\\/avatar\\\/066b5a0d447013502c71a5782f4f3469f03cfe595cc2329fb94652fe47511bfb?s=96&d=mm&r=g\",\"contentUrl\":\"https:\\\/\\\/secure.gravatar.com\\\/avatar\\\/066b5a0d447013502c71a5782f4f3469f03cfe595cc2329fb94652fe47511bfb?s=96&d=mm&r=g\",\"caption\":\"anja.hall\"},\"url\":\"https:\\\/\\\/www.immobilienbusiness.ch\\\/it\\\/author\\\/anja-hall\\\/\"}]}<\/script>\n<!-- \/ Yoast SEO plugin. -->","yoast_head_json":{"title":"Immofonds investe per la prima volta a Ginevra - IMMOBILIEN Business","description":"L'Immofonds ha acquistato un immobile residenziale a Ginevra. Si tratta del primo investimento del fondo nella principale citt\u00e0 della Svizzera occidentale.","robots":{"index":"index","follow":"follow","max-snippet":"max-snippet:-1","max-image-preview":"max-image-preview:large","max-video-preview":"max-video-preview:-1"},"canonical":"https:\/\/www.immobilienbusiness.ch\/it\/regionen\/2022-08-18\/immofonds-investiert-erstmals-in-genf\/","og_locale":"it_IT","og_type":"article","og_title":"Immofonds investiert erstmals in Genf - IMMOBILIEN Business","og_description":"Der Immofonds hat eine Wohnliegenschaft in Genf erworben. Es ist das erste Investment des Fonds in der Westschweizer Grossstadt.","og_url":"https:\/\/www.immobilienbusiness.ch\/it\/regionen\/2022-08-18\/immofonds-investiert-erstmals-in-genf\/","og_site_name":"IMMOBILIEN Business","article_publisher":"https:\/\/www.facebook.com\/immobilienbusiness\/","article_published_time":"2022-08-18T05:47:45+00:00","og_image":[{"width":1100,"height":733,"url":"https:\/\/www.immobilienbusiness.ch\/wp-content\/uploads\/2022\/08\/csm_Miremont_6a0b724f54.jpg","type":"image\/jpeg"}],"author":"anja.hall","twitter_card":"summary_large_image","twitter_image":"https:\/\/www.immobilienbusiness.ch\/wp-content\/uploads\/2022\/08\/csm_Miremont_6a0b724f54.jpg","schema":{"@context":"https:\/\/schema.org","@graph":[{"@type":"Article","@id":"https:\/\/www.immobilienbusiness.ch\/it\/regionen\/2022-08-18\/immofonds-investiert-erstmals-in-genf\/#article","isPartOf":{"@id":"https:\/\/www.immobilienbusiness.ch\/it\/regionen\/2022-08-18\/immofonds-investiert-erstmals-in-genf\/"},"author":{"name":"anja.hall","@id":"https:\/\/www.immobilienbusiness.ch\/#\/schema\/person\/3fc036297b10b9f42d6db5ee932af8c8"},"headline":"Immofonds investiert erstmals in Genf","datePublished":"2022-08-18T05:47:45+00:00","mainEntityOfPage":{"@id":"https:\/\/www.immobilienbusiness.ch\/it\/regionen\/2022-08-18\/immofonds-investiert-erstmals-in-genf\/"},"wordCount":163,"publisher":{"@id":"https:\/\/www.immobilienbusiness.ch\/#organization"},"image":{"@id":"https:\/\/www.immobilienbusiness.ch\/it\/regionen\/2022-08-18\/immofonds-investiert-erstmals-in-genf\/#primaryimage"},"thumbnailUrl":"https:\/\/www.immobilienbusiness.ch\/wp-content\/uploads\/2022\/08\/csm_Miremont_6a0b724f54.jpg","keywords":["Genf","Immobilienkauf","Immofonds","Wohnimmobilien"],"articleSection":["REGIONEN"],"inLanguage":"it-IT"},{"@type":"WebPage","@id":"https:\/\/www.immobilienbusiness.ch\/it\/regionen\/2022-08-18\/immofonds-investiert-erstmals-in-genf\/","url":"https:\/\/www.immobilienbusiness.ch\/it\/regionen\/2022-08-18\/immofonds-investiert-erstmals-in-genf\/","name":"Immofonds investe per la prima volta a Ginevra - IMMOBILIEN Business","isPartOf":{"@id":"https:\/\/www.immobilienbusiness.ch\/#website"},"primaryImageOfPage":{"@id":"https:\/\/www.immobilienbusiness.ch\/it\/regionen\/2022-08-18\/immofonds-investiert-erstmals-in-genf\/#primaryimage"},"image":{"@id":"https:\/\/www.immobilienbusiness.ch\/it\/regionen\/2022-08-18\/immofonds-investiert-erstmals-in-genf\/#primaryimage"},"thumbnailUrl":"https:\/\/www.immobilienbusiness.ch\/wp-content\/uploads\/2022\/08\/csm_Miremont_6a0b724f54.jpg","datePublished":"2022-08-18T05:47:45+00:00","description":"L'Immofonds ha acquistato un immobile residenziale a Ginevra. Si tratta del primo investimento del fondo nella principale citt\u00e0 della Svizzera occidentale.","breadcrumb":{"@id":"https:\/\/www.immobilienbusiness.ch\/it\/regionen\/2022-08-18\/immofonds-investiert-erstmals-in-genf\/#breadcrumb"},"inLanguage":"it-IT","potentialAction":[{"@type":"ReadAction","target":["https:\/\/www.immobilienbusiness.ch\/it\/regionen\/2022-08-18\/immofonds-investiert-erstmals-in-genf\/"]}]},{"@type":"ImageObject","inLanguage":"it-IT","@id":"https:\/\/www.immobilienbusiness.ch\/it\/regionen\/2022-08-18\/immofonds-investiert-erstmals-in-genf\/#primaryimage","url":"https:\/\/www.immobilienbusiness.ch\/wp-content\/uploads\/2022\/08\/csm_Miremont_6a0b724f54.jpg","contentUrl":"https:\/\/www.immobilienbusiness.ch\/wp-content\/uploads\/2022\/08\/csm_Miremont_6a0b724f54.jpg","width":1100,"height":733,"caption":"Der Immofonds hat in Genf zugekauft (Quelle: Immofonds)"},{"@type":"BreadcrumbList","@id":"https:\/\/www.immobilienbusiness.ch\/it\/regionen\/2022-08-18\/immofonds-investiert-erstmals-in-genf\/#breadcrumb","itemListElement":[{"@type":"ListItem","position":1,"name":"Home","item":"https:\/\/www.immobilienbusiness.ch\/"},{"@type":"ListItem","position":2,"name":"Immofonds investiert erstmals in Genf"}]},{"@type":"WebSite","@id":"https:\/\/www.immobilienbusiness.ch\/#website","url":"https:\/\/www.immobilienbusiness.ch\/","name":"Affari immobiliari","description":"Rivista economica indipendente svizzera che si concentra sul settore immobiliare, l'architettura e la costruzione, nonch\u00e9 sugli investimenti e i finanziamenti.","publisher":{"@id":"https:\/\/www.immobilienbusiness.ch\/#organization"},"potentialAction":[{"@type":"SearchAction","target":{"@type":"EntryPoint","urlTemplate":"https:\/\/www.immobilienbusiness.ch\/?s={search_term_string}"},"query-input":{"@type":"PropertyValueSpecification","valueRequired":true,"valueName":"search_term_string"}}],"inLanguage":"it-IT"},{"@type":"Organization","@id":"https:\/\/www.immobilienbusiness.ch\/#organization","name":"Affari immobiliari","url":"https:\/\/www.immobilienbusiness.ch\/","logo":{"@type":"ImageObject","inLanguage":"it-IT","@id":"https:\/\/www.immobilienbusiness.ch\/#\/schema\/logo\/image\/","url":"https:\/\/www.immobilienbusiness.ch\/wp-content\/uploads\/2021\/07\/logo_ib.png","contentUrl":"https:\/\/www.immobilienbusiness.ch\/wp-content\/uploads\/2021\/07\/logo_ib.png","width":800,"height":181,"caption":"IMMOBILIEN Business"},"image":{"@id":"https:\/\/www.immobilienbusiness.ch\/#\/schema\/logo\/image\/"},"sameAs":["https:\/\/www.facebook.com\/immobilienbusiness\/"]},{"@type":"Person","@id":"https:\/\/www.immobilienbusiness.ch\/#\/schema\/person\/3fc036297b10b9f42d6db5ee932af8c8","name":"anja.hall","image":{"@type":"ImageObject","inLanguage":"it-IT","@id":"https:\/\/secure.gravatar.com\/avatar\/066b5a0d447013502c71a5782f4f3469f03cfe595cc2329fb94652fe47511bfb?s=96&d=mm&r=g","url":"https:\/\/secure.gravatar.com\/avatar\/066b5a0d447013502c71a5782f4f3469f03cfe595cc2329fb94652fe47511bfb?s=96&d=mm&r=g","contentUrl":"https:\/\/secure.gravatar.com\/avatar\/066b5a0d447013502c71a5782f4f3469f03cfe595cc2329fb94652fe47511bfb?s=96&d=mm&r=g","caption":"anja.hall"},"url":"https:\/\/www.immobilienbusiness.ch\/it\/author\/anja-hall\/"}]}},"_links":{"self":[{"href":"https:\/\/www.immobilienbusiness.ch\/it\/wp-json\/wp\/v2\/posts\/43578","targetHints":{"allow":["GET"]}}],"collection":[{"href":"https:\/\/www.immobilienbusiness.ch\/it\/wp-json\/wp\/v2\/posts"}],"about":[{"href":"https:\/\/www.immobilienbusiness.ch\/it\/wp-json\/wp\/v2\/types\/post"}],"author":[{"embeddable":true,"href":"https:\/\/www.immobilienbusiness.ch\/it\/wp-json\/wp\/v2\/users\/3"}],"replies":[{"embeddable":true,"href":"https:\/\/www.immobilienbusiness.ch\/it\/wp-json\/wp\/v2\/comments?post=43578"}],"version-history":[{"count":2,"href":"https:\/\/www.immobilienbusiness.ch\/it\/wp-json\/wp\/v2\/posts\/43578\/revisions"}],"predecessor-version":[{"id":43582,"href":"https:\/\/www.immobilienbusiness.ch\/it\/wp-json\/wp\/v2\/posts\/43578\/revisions\/43582"}],"wp:featuredmedia":[{"embeddable":true,"href":"https:\/\/www.immobilienbusiness.ch\/it\/wp-json\/wp\/v2\/media\/43579"}],"wp:attachment":[{"href":"https:\/\/www.immobilienbusiness.ch\/it\/wp-json\/wp\/v2\/media?parent=43578"}],"wp:term":[{"taxonomy":"category","embeddable":true,"href":"https:\/\/www.immobilienbusiness.ch\/it\/wp-json\/wp\/v2\/categories?post=43578"},{"taxonomy":"post_tag","embeddable":true,"href":"https:\/\/www.immobilienbusiness.ch\/it\/wp-json\/wp\/v2\/tags?post=43578"}],"curies":[{"name":"wp","href":"https:\/\/api.w.org\/{rel}","templated":true}]}}