{"id":43422,"date":"2022-07-29T07:57:29","date_gmt":"2022-07-29T05:57:29","guid":{"rendered":"https:\/\/www.immobilienbusiness.ch\/?p=43422"},"modified":"2022-07-29T14:24:43","modified_gmt":"2022-07-29T12:24:43","slug":"cronos-immo-fund-baut-portfolio-in-q2-um-acht-immobilien-aus","status":"publish","type":"post","link":"https:\/\/www.immobilienbusiness.ch\/it\/unternehmen\/2022-07-29\/cronos-immo-fund-baut-portfolio-in-q2-um-acht-immobilien-aus\/","title":{"rendered":"Cronos Immo Fund amplia il portafoglio di 8 propriet\u00e0 nel secondo trimestre"},"content":{"rendered":"<figure id=\"attachment_8456\" aria-describedby=\"caption-attachment-8456\" style=\"width: 518px\" class=\"wp-caption alignnone\"><a href=\"https:\/\/www.immobilienbusiness.ch\/wp-content\/uploads\/2017\/07\/business-163464-c-Pixabay.jpg\"><img loading=\"lazy\" decoding=\"async\" class=\"size-full wp-image-8456\" src=\"https:\/\/www.immobilienbusiness.ch\/wp-content\/uploads\/2017\/07\/business-163464-c-Pixabay.jpg\" alt=\"\" width=\"518\" height=\"389\" srcset=\"https:\/\/www.immobilienbusiness.ch\/wp-content\/uploads\/2017\/07\/business-163464-c-Pixabay.jpg 518w, https:\/\/www.immobilienbusiness.ch\/wp-content\/uploads\/2017\/07\/business-163464-c-Pixabay-300x225.jpg 300w, https:\/\/www.immobilienbusiness.ch\/wp-content\/uploads\/2017\/07\/business-163464-c-Pixabay-16x12.jpg 16w, https:\/\/www.immobilienbusiness.ch\/wp-content\/uploads\/2017\/07\/business-163464-c-Pixabay-233x175.jpg 233w, https:\/\/www.immobilienbusiness.ch\/wp-content\/uploads\/2017\/07\/business-163464-c-Pixabay-466x350.jpg 466w\" sizes=\"auto, (max-width: 518px) 100vw, 518px\" \/><\/a><figcaption id=\"caption-attachment-8456\" class=\"wp-caption-text\">Il Cronos Immo Fund sta per aumentare il suo capitale e quotarsi in borsa (Immagine: Pixabay)<\/figcaption><\/figure>\n<p>Il patrimonio totale del Fondo Cronos Immo \u00e8 salito a 772,2 milioni di franchi svizzeri al 30.6. con un coefficiente di indebitamento di 31,26%. Nel 2\u00b0 trimestre il fondo ha acquistato otto immobili per un prezzo totale di 49,5 milioni di franchi svizzeri. Quattro di queste propriet\u00e0 sono state conferite in natura. Tre delle propriet\u00e0 sono situate nel Cantone di Friburgo, in particolare due edifici residenziali costruiti nel 1989 e nel 1992 a Romont e un immobile commerciale costruito nel 2017 nel centro della citt\u00e0 di Friburgo. Un altro edificio di recente costruzione si trova in Vallese, nel comune di Fully. A ci\u00f2 si aggiunge l'acquisto di un edificio nel centro della citt\u00e0 di Renens (VD), che \u00e8 stato completamente ristrutturato, e di un edificio costruito nel 2016 a Yvonand (VD). Le altre due propriet\u00e0 si trovano nel centro di Losanna e di Pully. Il Fondo ha inoltre acquisito un terreno a Bulle (settore La Tour-de-Tr\u00eame) dove sta iniziando la costruzione di un edificio con 15 appartamenti per un investimento totale di 7,8 milioni di franchi svizzeri.<\/p>\n<h3>Il fondo affronta l'aumento di capitale e l'IPO<\/h3>\n<p>Il fondo, gestito da Cronos Finance SA, ha in programma un aumento di capitale di 55 milioni di franchi svizzeri dal 24 agosto all'8 settembre. Il fondo prevede di quotarsi alla SIX Swiss Exchange alla fine del terzo trimestre del 2022. <em>(aw)<\/em><\/p>","protected":false},"excerpt":{"rendered":"<p>Il fondo ha raggiunto un volume di 772 milioni di franchi svizzeri e sta pianificando un aumento di capitale e un'IPO a breve.<\/p>","protected":false},"author":102,"featured_media":0,"comment_status":"closed","ping_status":"closed","sticky":false,"template":"","format":"standard","meta":{"_acf_changed":false,"_yoast_wpseo_focuskw":"Cronos","_yoast_wpseo_title":"","_yoast_wpseo_metadesc":"Der Fonds hat ein Volumen von 772 Mio. CHF erreicht und plant bald eine Kapitalerh\u00f6hung sowie den B\u00f6rsengang.","_yoast_wpseo_linkdex":61,"pgc_sgb_lightbox_settings":"","footnotes":""},"categories":[988],"tags":[1108,2066,1243,1344,1348,1408,1438,1863],"class_list":["post-43422","post","type-post","status-publish","format-standard","hentry","category-unternehmen","tag-boersengang","tag-cronos","tag-freiburg","tag-immobilienfonds","tag-immobilienkauf","tag-kanton-waadt","tag-lausanne","tag-wohnimmobilien"],"acf":[],"yoast_head":"<!-- This site is optimized with the Yoast SEO plugin v27.5 - https:\/\/yoast.com\/product\/yoast-seo-wordpress\/ -->\n<title>Cronos Immo Fund baut Portfolio in Q2 um 8 Immobilien aus - IMMOBILIEN Business<\/title>\n<meta name=\"description\" content=\"Der Fonds hat ein Volumen von 772 Mio. CHF erreicht und plant bald eine Kapitalerh\u00f6hung sowie den B\u00f6rsengang.\" \/>\n<meta name=\"robots\" content=\"index, follow, max-snippet:-1, max-image-preview:large, max-video-preview:-1\" \/>\n<link rel=\"canonical\" href=\"https:\/\/www.immobilienbusiness.ch\/it\/unternehmen\/2022-07-29\/cronos-immo-fund-baut-portfolio-in-q2-um-acht-immobilien-aus\/\" \/>\n<meta property=\"og:locale\" content=\"it_IT\" \/>\n<meta property=\"og:type\" content=\"article\" \/>\n<meta property=\"og:title\" content=\"Cronos Immo Fund baut Portfolio in Q2 um 8 Immobilien aus - IMMOBILIEN Business\" \/>\n<meta property=\"og:description\" content=\"Der Fonds hat ein Volumen von 772 Mio. CHF erreicht und plant bald eine Kapitalerh\u00f6hung sowie den B\u00f6rsengang.\" \/>\n<meta property=\"og:url\" content=\"https:\/\/www.immobilienbusiness.ch\/it\/unternehmen\/2022-07-29\/cronos-immo-fund-baut-portfolio-in-q2-um-acht-immobilien-aus\/\" \/>\n<meta property=\"og:site_name\" content=\"IMMOBILIEN Business\" \/>\n<meta property=\"article:publisher\" content=\"https:\/\/www.facebook.com\/immobilienbusiness\/\" \/>\n<meta property=\"article:published_time\" content=\"2022-07-29T05:57:29+00:00\" \/>\n<meta property=\"article:modified_time\" content=\"2022-07-29T12:24:43+00:00\" \/>\n<meta property=\"og:image\" content=\"https:\/\/www.immobilienbusiness.ch\/wp-content\/uploads\/2017\/07\/business-163464-c-Pixabay.jpg\" \/>\n\t<meta property=\"og:image:width\" content=\"518\" \/>\n\t<meta property=\"og:image:height\" content=\"389\" \/>\n\t<meta property=\"og:image:type\" content=\"image\/jpeg\" \/>\n<meta name=\"author\" content=\"Alexander Wachter\" \/>\n<meta name=\"twitter:card\" content=\"summary_large_image\" \/>\n<script type=\"application\/ld+json\" class=\"yoast-schema-graph\">{\"@context\":\"https:\\\/\\\/schema.org\",\"@graph\":[{\"@type\":\"Article\",\"@id\":\"https:\\\/\\\/www.immobilienbusiness.ch\\\/de\\\/unternehmen\\\/2022-07-29\\\/cronos-immo-fund-baut-portfolio-in-q2-um-acht-immobilien-aus\\\/#article\",\"isPartOf\":{\"@id\":\"https:\\\/\\\/www.immobilienbusiness.ch\\\/de\\\/unternehmen\\\/2022-07-29\\\/cronos-immo-fund-baut-portfolio-in-q2-um-acht-immobilien-aus\\\/\"},\"author\":{\"name\":\"Alexander Wachter\",\"@id\":\"https:\\\/\\\/www.immobilienbusiness.ch\\\/#\\\/schema\\\/person\\\/aba8bea2db926aa0c24c08c43fe1fcd5\"},\"headline\":\"Cronos Immo Fund baut Portfolio in Q2 um 8 Immobilien aus\",\"datePublished\":\"2022-07-29T05:57:29+00:00\",\"dateModified\":\"2022-07-29T12:24:43+00:00\",\"mainEntityOfPage\":{\"@id\":\"https:\\\/\\\/www.immobilienbusiness.ch\\\/de\\\/unternehmen\\\/2022-07-29\\\/cronos-immo-fund-baut-portfolio-in-q2-um-acht-immobilien-aus\\\/\"},\"wordCount\":226,\"publisher\":{\"@id\":\"https:\\\/\\\/www.immobilienbusiness.ch\\\/#organization\"},\"image\":{\"@id\":\"https:\\\/\\\/www.immobilienbusiness.ch\\\/de\\\/unternehmen\\\/2022-07-29\\\/cronos-immo-fund-baut-portfolio-in-q2-um-acht-immobilien-aus\\\/#primaryimage\"},\"thumbnailUrl\":\"https:\\\/\\\/www.immobilienbusiness.ch\\\/wp-content\\\/uploads\\\/2017\\\/07\\\/business-163464-c-Pixabay.jpg\",\"keywords\":[\"B\u00f6rsengang\",\"Cronos\",\"Freiburg\",\"Immobilienfonds\",\"Immobilienkauf\",\"Kanton Waadt\",\"Lausanne\",\"Wohnimmobilien\"],\"articleSection\":[\"UNTERNEHMEN\"],\"inLanguage\":\"it-IT\"},{\"@type\":\"WebPage\",\"@id\":\"https:\\\/\\\/www.immobilienbusiness.ch\\\/de\\\/unternehmen\\\/2022-07-29\\\/cronos-immo-fund-baut-portfolio-in-q2-um-acht-immobilien-aus\\\/\",\"url\":\"https:\\\/\\\/www.immobilienbusiness.ch\\\/de\\\/unternehmen\\\/2022-07-29\\\/cronos-immo-fund-baut-portfolio-in-q2-um-acht-immobilien-aus\\\/\",\"name\":\"Cronos Immo Fund baut Portfolio in Q2 um 8 Immobilien aus - IMMOBILIEN Business\",\"isPartOf\":{\"@id\":\"https:\\\/\\\/www.immobilienbusiness.ch\\\/#website\"},\"primaryImageOfPage\":{\"@id\":\"https:\\\/\\\/www.immobilienbusiness.ch\\\/de\\\/unternehmen\\\/2022-07-29\\\/cronos-immo-fund-baut-portfolio-in-q2-um-acht-immobilien-aus\\\/#primaryimage\"},\"image\":{\"@id\":\"https:\\\/\\\/www.immobilienbusiness.ch\\\/de\\\/unternehmen\\\/2022-07-29\\\/cronos-immo-fund-baut-portfolio-in-q2-um-acht-immobilien-aus\\\/#primaryimage\"},\"thumbnailUrl\":\"https:\\\/\\\/www.immobilienbusiness.ch\\\/wp-content\\\/uploads\\\/2017\\\/07\\\/business-163464-c-Pixabay.jpg\",\"datePublished\":\"2022-07-29T05:57:29+00:00\",\"dateModified\":\"2022-07-29T12:24:43+00:00\",\"description\":\"Der Fonds hat ein Volumen von 772 Mio. CHF erreicht und plant bald eine Kapitalerh\u00f6hung sowie den B\u00f6rsengang.\",\"breadcrumb\":{\"@id\":\"https:\\\/\\\/www.immobilienbusiness.ch\\\/de\\\/unternehmen\\\/2022-07-29\\\/cronos-immo-fund-baut-portfolio-in-q2-um-acht-immobilien-aus\\\/#breadcrumb\"},\"inLanguage\":\"it-IT\",\"potentialAction\":[{\"@type\":\"ReadAction\",\"target\":[\"https:\\\/\\\/www.immobilienbusiness.ch\\\/de\\\/unternehmen\\\/2022-07-29\\\/cronos-immo-fund-baut-portfolio-in-q2-um-acht-immobilien-aus\\\/\"]}]},{\"@type\":\"ImageObject\",\"inLanguage\":\"it-IT\",\"@id\":\"https:\\\/\\\/www.immobilienbusiness.ch\\\/de\\\/unternehmen\\\/2022-07-29\\\/cronos-immo-fund-baut-portfolio-in-q2-um-acht-immobilien-aus\\\/#primaryimage\",\"url\":\"https:\\\/\\\/www.immobilienbusiness.ch\\\/wp-content\\\/uploads\\\/2017\\\/07\\\/business-163464-c-Pixabay.jpg\",\"contentUrl\":\"https:\\\/\\\/www.immobilienbusiness.ch\\\/wp-content\\\/uploads\\\/2017\\\/07\\\/business-163464-c-Pixabay.jpg\"},{\"@type\":\"BreadcrumbList\",\"@id\":\"https:\\\/\\\/www.immobilienbusiness.ch\\\/de\\\/unternehmen\\\/2022-07-29\\\/cronos-immo-fund-baut-portfolio-in-q2-um-acht-immobilien-aus\\\/#breadcrumb\",\"itemListElement\":[{\"@type\":\"ListItem\",\"position\":1,\"name\":\"Home\",\"item\":\"https:\\\/\\\/www.immobilienbusiness.ch\\\/\"},{\"@type\":\"ListItem\",\"position\":2,\"name\":\"Cronos Immo Fund baut Portfolio in Q2 um 8 Immobilien aus\"}]},{\"@type\":\"WebSite\",\"@id\":\"https:\\\/\\\/www.immobilienbusiness.ch\\\/#website\",\"url\":\"https:\\\/\\\/www.immobilienbusiness.ch\\\/\",\"name\":\"IMMOBILIEN Business\",\"description\":\"Unabh\u00e4ngiges Schweizer Wirtschaftsmagazin mit Fokus auf Immobilien, Architektur- und Bau sowie Investment- und Finanzierung.\",\"publisher\":{\"@id\":\"https:\\\/\\\/www.immobilienbusiness.ch\\\/#organization\"},\"potentialAction\":[{\"@type\":\"SearchAction\",\"target\":{\"@type\":\"EntryPoint\",\"urlTemplate\":\"https:\\\/\\\/www.immobilienbusiness.ch\\\/?s={search_term_string}\"},\"query-input\":{\"@type\":\"PropertyValueSpecification\",\"valueRequired\":true,\"valueName\":\"search_term_string\"}}],\"inLanguage\":\"it-IT\"},{\"@type\":\"Organization\",\"@id\":\"https:\\\/\\\/www.immobilienbusiness.ch\\\/#organization\",\"name\":\"IMMOBILIEN Business\",\"url\":\"https:\\\/\\\/www.immobilienbusiness.ch\\\/\",\"logo\":{\"@type\":\"ImageObject\",\"inLanguage\":\"it-IT\",\"@id\":\"https:\\\/\\\/www.immobilienbusiness.ch\\\/#\\\/schema\\\/logo\\\/image\\\/\",\"url\":\"https:\\\/\\\/www.immobilienbusiness.ch\\\/wp-content\\\/uploads\\\/2021\\\/07\\\/logo_ib.png\",\"contentUrl\":\"https:\\\/\\\/www.immobilienbusiness.ch\\\/wp-content\\\/uploads\\\/2021\\\/07\\\/logo_ib.png\",\"width\":800,\"height\":181,\"caption\":\"IMMOBILIEN Business\"},\"image\":{\"@id\":\"https:\\\/\\\/www.immobilienbusiness.ch\\\/#\\\/schema\\\/logo\\\/image\\\/\"},\"sameAs\":[\"https:\\\/\\\/www.facebook.com\\\/immobilienbusiness\\\/\"]},{\"@type\":\"Person\",\"@id\":\"https:\\\/\\\/www.immobilienbusiness.ch\\\/#\\\/schema\\\/person\\\/aba8bea2db926aa0c24c08c43fe1fcd5\",\"name\":\"Alexander Wachter\",\"image\":{\"@type\":\"ImageObject\",\"inLanguage\":\"it-IT\",\"@id\":\"https:\\\/\\\/secure.gravatar.com\\\/avatar\\\/1a09e471f5389b0e0a6416eac287e0927c7c97a7b77f9e787eba3af7aee281dd?s=96&d=mm&r=g\",\"url\":\"https:\\\/\\\/secure.gravatar.com\\\/avatar\\\/1a09e471f5389b0e0a6416eac287e0927c7c97a7b77f9e787eba3af7aee281dd?s=96&d=mm&r=g\",\"contentUrl\":\"https:\\\/\\\/secure.gravatar.com\\\/avatar\\\/1a09e471f5389b0e0a6416eac287e0927c7c97a7b77f9e787eba3af7aee281dd?s=96&d=mm&r=g\",\"caption\":\"Alexander Wachter\"},\"url\":\"https:\\\/\\\/www.immobilienbusiness.ch\\\/it\\\/author\\\/alexander-wachter\\\/\"}]}<\/script>\n<!-- \/ Yoast SEO plugin. -->","yoast_head_json":{"title":"Cronos Immo Fund baut Portfolio in Q2 um 8 Immobilien aus - IMMOBILIEN Business","description":"Il fondo ha raggiunto un volume di 772 milioni di franchi svizzeri e sta pianificando un aumento di capitale e un'IPO a breve.","robots":{"index":"index","follow":"follow","max-snippet":"max-snippet:-1","max-image-preview":"max-image-preview:large","max-video-preview":"max-video-preview:-1"},"canonical":"https:\/\/www.immobilienbusiness.ch\/it\/unternehmen\/2022-07-29\/cronos-immo-fund-baut-portfolio-in-q2-um-acht-immobilien-aus\/","og_locale":"it_IT","og_type":"article","og_title":"Cronos Immo Fund baut Portfolio in Q2 um 8 Immobilien aus - IMMOBILIEN Business","og_description":"Der Fonds hat ein Volumen von 772 Mio. CHF erreicht und plant bald eine Kapitalerh\u00f6hung sowie den B\u00f6rsengang.","og_url":"https:\/\/www.immobilienbusiness.ch\/it\/unternehmen\/2022-07-29\/cronos-immo-fund-baut-portfolio-in-q2-um-acht-immobilien-aus\/","og_site_name":"IMMOBILIEN Business","article_publisher":"https:\/\/www.facebook.com\/immobilienbusiness\/","article_published_time":"2022-07-29T05:57:29+00:00","article_modified_time":"2022-07-29T12:24:43+00:00","og_image":[{"width":518,"height":389,"url":"https:\/\/www.immobilienbusiness.ch\/wp-content\/uploads\/2017\/07\/business-163464-c-Pixabay.jpg","type":"image\/jpeg"}],"author":"Alexander Wachter","twitter_card":"summary_large_image","schema":{"@context":"https:\/\/schema.org","@graph":[{"@type":"Article","@id":"https:\/\/www.immobilienbusiness.ch\/de\/unternehmen\/2022-07-29\/cronos-immo-fund-baut-portfolio-in-q2-um-acht-immobilien-aus\/#article","isPartOf":{"@id":"https:\/\/www.immobilienbusiness.ch\/de\/unternehmen\/2022-07-29\/cronos-immo-fund-baut-portfolio-in-q2-um-acht-immobilien-aus\/"},"author":{"name":"Alexander Wachter","@id":"https:\/\/www.immobilienbusiness.ch\/#\/schema\/person\/aba8bea2db926aa0c24c08c43fe1fcd5"},"headline":"Cronos Immo Fund baut Portfolio in Q2 um 8 Immobilien aus","datePublished":"2022-07-29T05:57:29+00:00","dateModified":"2022-07-29T12:24:43+00:00","mainEntityOfPage":{"@id":"https:\/\/www.immobilienbusiness.ch\/de\/unternehmen\/2022-07-29\/cronos-immo-fund-baut-portfolio-in-q2-um-acht-immobilien-aus\/"},"wordCount":226,"publisher":{"@id":"https:\/\/www.immobilienbusiness.ch\/#organization"},"image":{"@id":"https:\/\/www.immobilienbusiness.ch\/de\/unternehmen\/2022-07-29\/cronos-immo-fund-baut-portfolio-in-q2-um-acht-immobilien-aus\/#primaryimage"},"thumbnailUrl":"https:\/\/www.immobilienbusiness.ch\/wp-content\/uploads\/2017\/07\/business-163464-c-Pixabay.jpg","keywords":["B\u00f6rsengang","Cronos","Freiburg","Immobilienfonds","Immobilienkauf","Kanton Waadt","Lausanne","Wohnimmobilien"],"articleSection":["UNTERNEHMEN"],"inLanguage":"it-IT"},{"@type":"WebPage","@id":"https:\/\/www.immobilienbusiness.ch\/de\/unternehmen\/2022-07-29\/cronos-immo-fund-baut-portfolio-in-q2-um-acht-immobilien-aus\/","url":"https:\/\/www.immobilienbusiness.ch\/de\/unternehmen\/2022-07-29\/cronos-immo-fund-baut-portfolio-in-q2-um-acht-immobilien-aus\/","name":"Cronos Immo Fund baut Portfolio in Q2 um 8 Immobilien aus - IMMOBILIEN Business","isPartOf":{"@id":"https:\/\/www.immobilienbusiness.ch\/#website"},"primaryImageOfPage":{"@id":"https:\/\/www.immobilienbusiness.ch\/de\/unternehmen\/2022-07-29\/cronos-immo-fund-baut-portfolio-in-q2-um-acht-immobilien-aus\/#primaryimage"},"image":{"@id":"https:\/\/www.immobilienbusiness.ch\/de\/unternehmen\/2022-07-29\/cronos-immo-fund-baut-portfolio-in-q2-um-acht-immobilien-aus\/#primaryimage"},"thumbnailUrl":"https:\/\/www.immobilienbusiness.ch\/wp-content\/uploads\/2017\/07\/business-163464-c-Pixabay.jpg","datePublished":"2022-07-29T05:57:29+00:00","dateModified":"2022-07-29T12:24:43+00:00","description":"Il fondo ha raggiunto un volume di 772 milioni di franchi svizzeri e sta pianificando un aumento di capitale e un'IPO a breve.","breadcrumb":{"@id":"https:\/\/www.immobilienbusiness.ch\/de\/unternehmen\/2022-07-29\/cronos-immo-fund-baut-portfolio-in-q2-um-acht-immobilien-aus\/#breadcrumb"},"inLanguage":"it-IT","potentialAction":[{"@type":"ReadAction","target":["https:\/\/www.immobilienbusiness.ch\/de\/unternehmen\/2022-07-29\/cronos-immo-fund-baut-portfolio-in-q2-um-acht-immobilien-aus\/"]}]},{"@type":"ImageObject","inLanguage":"it-IT","@id":"https:\/\/www.immobilienbusiness.ch\/de\/unternehmen\/2022-07-29\/cronos-immo-fund-baut-portfolio-in-q2-um-acht-immobilien-aus\/#primaryimage","url":"https:\/\/www.immobilienbusiness.ch\/wp-content\/uploads\/2017\/07\/business-163464-c-Pixabay.jpg","contentUrl":"https:\/\/www.immobilienbusiness.ch\/wp-content\/uploads\/2017\/07\/business-163464-c-Pixabay.jpg"},{"@type":"BreadcrumbList","@id":"https:\/\/www.immobilienbusiness.ch\/de\/unternehmen\/2022-07-29\/cronos-immo-fund-baut-portfolio-in-q2-um-acht-immobilien-aus\/#breadcrumb","itemListElement":[{"@type":"ListItem","position":1,"name":"Home","item":"https:\/\/www.immobilienbusiness.ch\/"},{"@type":"ListItem","position":2,"name":"Cronos Immo Fund baut Portfolio in Q2 um 8 Immobilien aus"}]},{"@type":"WebSite","@id":"https:\/\/www.immobilienbusiness.ch\/#website","url":"https:\/\/www.immobilienbusiness.ch\/","name":"Affari immobiliari","description":"Rivista economica indipendente svizzera che si concentra sul settore immobiliare, l'architettura e la costruzione, nonch\u00e9 sugli investimenti e i finanziamenti.","publisher":{"@id":"https:\/\/www.immobilienbusiness.ch\/#organization"},"potentialAction":[{"@type":"SearchAction","target":{"@type":"EntryPoint","urlTemplate":"https:\/\/www.immobilienbusiness.ch\/?s={search_term_string}"},"query-input":{"@type":"PropertyValueSpecification","valueRequired":true,"valueName":"search_term_string"}}],"inLanguage":"it-IT"},{"@type":"Organization","@id":"https:\/\/www.immobilienbusiness.ch\/#organization","name":"Affari immobiliari","url":"https:\/\/www.immobilienbusiness.ch\/","logo":{"@type":"ImageObject","inLanguage":"it-IT","@id":"https:\/\/www.immobilienbusiness.ch\/#\/schema\/logo\/image\/","url":"https:\/\/www.immobilienbusiness.ch\/wp-content\/uploads\/2021\/07\/logo_ib.png","contentUrl":"https:\/\/www.immobilienbusiness.ch\/wp-content\/uploads\/2021\/07\/logo_ib.png","width":800,"height":181,"caption":"IMMOBILIEN Business"},"image":{"@id":"https:\/\/www.immobilienbusiness.ch\/#\/schema\/logo\/image\/"},"sameAs":["https:\/\/www.facebook.com\/immobilienbusiness\/"]},{"@type":"Person","@id":"https:\/\/www.immobilienbusiness.ch\/#\/schema\/person\/aba8bea2db926aa0c24c08c43fe1fcd5","name":"Alexander Wachter","image":{"@type":"ImageObject","inLanguage":"it-IT","@id":"https:\/\/secure.gravatar.com\/avatar\/1a09e471f5389b0e0a6416eac287e0927c7c97a7b77f9e787eba3af7aee281dd?s=96&d=mm&r=g","url":"https:\/\/secure.gravatar.com\/avatar\/1a09e471f5389b0e0a6416eac287e0927c7c97a7b77f9e787eba3af7aee281dd?s=96&d=mm&r=g","contentUrl":"https:\/\/secure.gravatar.com\/avatar\/1a09e471f5389b0e0a6416eac287e0927c7c97a7b77f9e787eba3af7aee281dd?s=96&d=mm&r=g","caption":"Alexander Wachter"},"url":"https:\/\/www.immobilienbusiness.ch\/it\/author\/alexander-wachter\/"}]}},"_links":{"self":[{"href":"https:\/\/www.immobilienbusiness.ch\/it\/wp-json\/wp\/v2\/posts\/43422","targetHints":{"allow":["GET"]}}],"collection":[{"href":"https:\/\/www.immobilienbusiness.ch\/it\/wp-json\/wp\/v2\/posts"}],"about":[{"href":"https:\/\/www.immobilienbusiness.ch\/it\/wp-json\/wp\/v2\/types\/post"}],"author":[{"embeddable":true,"href":"https:\/\/www.immobilienbusiness.ch\/it\/wp-json\/wp\/v2\/users\/102"}],"replies":[{"embeddable":true,"href":"https:\/\/www.immobilienbusiness.ch\/it\/wp-json\/wp\/v2\/comments?post=43422"}],"version-history":[{"count":5,"href":"https:\/\/www.immobilienbusiness.ch\/it\/wp-json\/wp\/v2\/posts\/43422\/revisions"}],"predecessor-version":[{"id":43427,"href":"https:\/\/www.immobilienbusiness.ch\/it\/wp-json\/wp\/v2\/posts\/43422\/revisions\/43427"}],"wp:attachment":[{"href":"https:\/\/www.immobilienbusiness.ch\/it\/wp-json\/wp\/v2\/media?parent=43422"}],"wp:term":[{"taxonomy":"category","embeddable":true,"href":"https:\/\/www.immobilienbusiness.ch\/it\/wp-json\/wp\/v2\/categories?post=43422"},{"taxonomy":"post_tag","embeddable":true,"href":"https:\/\/www.immobilienbusiness.ch\/it\/wp-json\/wp\/v2\/tags?post=43422"}],"curies":[{"name":"wp","href":"https:\/\/api.w.org\/{rel}","templated":true}]}}