{"id":4315,"date":"2016-06-16T09:04:25","date_gmt":"2016-06-16T07:04:25","guid":{"rendered":"http:\/\/dev.immobilienbusiness.ch\/?p=4315"},"modified":"2016-06-16T09:04:25","modified_gmt":"2016-06-16T07:04:25","slug":"baden-brisgi-areal-soll-mit-wohnungen-ueberbaut-werden","status":"publish","type":"post","link":"https:\/\/www.immobilienbusiness.ch\/it\/residential\/2016-06-16\/baden-brisgi-areal-soll-mit-wohnungen-ueberbaut-werden\/","title":{"rendered":"Baden: Il sito di Brisgi sar\u00e0 ricoperto di appartamenti"},"content":{"rendered":"<figure id=\"attachment_4316\" aria-describedby=\"caption-attachment-4316\" style=\"width: 680px\" class=\"wp-caption alignnone\"><img loading=\"lazy\" decoding=\"async\" class=\"wp-image-4316 size-medium\" src=\"https:\/\/immobilienbusiness.ch\/wp-content\/uploads\/2016\/12\/Baden-Brisgi-Areal-soll-mit-Wohnungen-\u00fcberbaut-werden-immobilien-business.jpg\" alt=\"Auf dem Brisgi-Areal in Baden soll eine Wohn\u00fcberbauung entstehen (Foto: Pixabay)\" width=\"680\" height=\"453\" \/><figcaption id=\"caption-attachment-4316\" class=\"wp-caption-text\">Sul sito di Brisgi a Baden sorger\u00e0 un complesso residenziale (Foto: Pixabay)<\/figcaption><\/figure>\n<p>Secondo il programma del concorso, saranno costruiti circa 150 appartamenti. Il 90% dello spazio \u00e8 destinato ad abitazioni a basso costo, mentre il restante 10% sar\u00e0 utilizzato per ristoranti, piccole imprese, studi e servizi di quartiere.<\/p>\n<p>La Wohnbaustiftung Baden vuole offrire alloggi differenziati per i diversi gruppi di reddito: L'attenzione \u00e8 rivolta alla \"famiglia che vive con i bambini\". A ci\u00f2 si aggiungono appartamenti pi\u00f9 piccoli (con la possibilit\u00e0 di affittare singole stanze per un certo periodo di tempo) e grandi appartamenti progettati per la condivisione. Questi spazi abitativi adattati individualmente alle forme di vita pi\u00f9 diverse dovrebbero creare le condizioni per una vita di quartiere attraente\", scrive la Fondazione per l'edilizia residenziale in un comunicato stampa.<\/p>\n<p>A settembre 2016, la giuria del concorso - composta da esperti di architettura e membri del consiglio della fondazione - prender\u00e0 la sua decisione, che sar\u00e0 poi pubblicata e presentata al pubblico a ottobre 2016.<\/p>\n<p>La Wohnbaustiftung Baden \u00e8 stata fondata nel 2012 e, in conformit\u00e0 con la strategia abitativa adottata dalla citt\u00e0 di Baden nel 2010, promuove l'edilizia residenziale e quindi l'offerta di alloggi a prezzi accessibili. Il complesso residenziale sul sito di Brisgi \u00e8 il primo progetto della Fondazione Baden Housing, a cui ne seguiranno altri. (ah)<\/p>","protected":false},"excerpt":{"rendered":"<p>La Wohnbaustiftung Baden sta progettando uno sviluppo con circa 150 appartamenti per il sito di Brisgi. A tal fine, \u00e8 stato lanciato un concorso di architettura a cui partecipano dieci squadre composte da studi di architettura e architettura del paesaggio.<\/p>","protected":false},"author":1,"featured_media":4316,"comment_status":"open","ping_status":"open","sticky":false,"template":"","format":"standard","meta":{"_acf_changed":false,"_yoast_wpseo_focuskw":"Brisgi-Areal","_yoast_wpseo_title":"","_yoast_wpseo_metadesc":"Die Wohnbaustiftung Baden plant eine \u00dcberbauung mit rund 150 Wohnungen f\u00fcr das Brisgi-Areal.","_yoast_wpseo_linkdex":65,"pgc_sgb_lightbox_settings":"","footnotes":""},"categories":[986],"tags":[1529,1601,1639,1862],"class_list":["post-4315","post","type-post","status-publish","format-standard","has-post-thumbnail","hentry","category-residential","tag-nord-west-schweiz","tag-projektentwicklung","tag-residential","tag-wohnen"],"acf":[],"yoast_head":"<!-- This site is optimized with the Yoast SEO plugin v27.4 - https:\/\/yoast.com\/product\/yoast-seo-wordpress\/ -->\n<title>Baden: Brisgi-Areal soll mit Wohnungen \u00fcberbaut werden - IMMOBILIEN Business<\/title>\n<meta name=\"description\" content=\"Die Wohnbaustiftung Baden plant eine \u00dcberbauung mit rund 150 Wohnungen f\u00fcr das Brisgi-Areal.\" \/>\n<meta name=\"robots\" content=\"index, follow, max-snippet:-1, max-image-preview:large, max-video-preview:-1\" \/>\n<link rel=\"canonical\" href=\"https:\/\/www.immobilienbusiness.ch\/it\/residential\/2016-06-16\/baden-brisgi-areal-soll-mit-wohnungen-ueberbaut-werden\/\" \/>\n<meta property=\"og:locale\" content=\"it_IT\" \/>\n<meta property=\"og:type\" content=\"article\" \/>\n<meta property=\"og:title\" content=\"Baden: Brisgi-Areal soll mit Wohnungen \u00fcberbaut werden\" \/>\n<meta property=\"og:description\" content=\"Die Wohnbaustiftung Baden plant eine \u00dcberbauung mit rund 150 Wohnungen f\u00fcr das Brisgi-Areal. Dazu wurde nun ein Architekturb\u00fcro gestartet, an dem zehn Teams, bestehend aus Architektur- und Landschaftsarchitekturb\u00fcros, teilnehmen.\" \/>\n<meta property=\"og:url\" content=\"https:\/\/www.immobilienbusiness.ch\/it\/residential\/2016-06-16\/baden-brisgi-areal-soll-mit-wohnungen-ueberbaut-werden\/\" \/>\n<meta property=\"og:site_name\" content=\"IMMOBILIEN Business\" \/>\n<meta property=\"article:publisher\" content=\"https:\/\/www.facebook.com\/immobilienbusiness\/\" \/>\n<meta property=\"article:published_time\" content=\"2016-06-16T07:04:25+00:00\" \/>\n<meta name=\"author\" content=\"Redaktion\" \/>\n<meta name=\"twitter:card\" content=\"summary_large_image\" \/>\n<meta name=\"twitter:image\" content=\"https:\/\/www.immobilienbusiness.ch\/wp-content\/uploads\/2016\/12\/Baden-Brisgi-Areal-soll-mit-Wohnungen-ueberbaut-werden-immobilien-business.jpg\" \/>\n<script type=\"application\/ld+json\" class=\"yoast-schema-graph\">{\"@context\":\"https:\\\/\\\/schema.org\",\"@graph\":[{\"@type\":\"Article\",\"@id\":\"https:\\\/\\\/www.immobilienbusiness.ch\\\/it\\\/residential\\\/2016-06-16\\\/baden-brisgi-areal-soll-mit-wohnungen-ueberbaut-werden\\\/#article\",\"isPartOf\":{\"@id\":\"https:\\\/\\\/www.immobilienbusiness.ch\\\/it\\\/residential\\\/2016-06-16\\\/baden-brisgi-areal-soll-mit-wohnungen-ueberbaut-werden\\\/\"},\"author\":{\"name\":\"Redaktion\",\"@id\":\"https:\\\/\\\/www.immobilienbusiness.ch\\\/#\\\/schema\\\/person\\\/aa2bace6c5c5aad60102004a50c4eb1c\"},\"headline\":\"Baden: Brisgi-Areal soll mit Wohnungen \u00fcberbaut werden\",\"datePublished\":\"2016-06-16T07:04:25+00:00\",\"mainEntityOfPage\":{\"@id\":\"https:\\\/\\\/www.immobilienbusiness.ch\\\/it\\\/residential\\\/2016-06-16\\\/baden-brisgi-areal-soll-mit-wohnungen-ueberbaut-werden\\\/\"},\"wordCount\":207,\"commentCount\":0,\"publisher\":{\"@id\":\"https:\\\/\\\/www.immobilienbusiness.ch\\\/#organization\"},\"image\":{\"@id\":\"https:\\\/\\\/www.immobilienbusiness.ch\\\/it\\\/residential\\\/2016-06-16\\\/baden-brisgi-areal-soll-mit-wohnungen-ueberbaut-werden\\\/#primaryimage\"},\"thumbnailUrl\":\"https:\\\/\\\/www.immobilienbusiness.ch\\\/wp-content\\\/uploads\\\/2016\\\/12\\\/Baden-Brisgi-Areal-soll-mit-Wohnungen-ueberbaut-werden-immobilien-business.jpg\",\"keywords\":[\"Nord-West-Schweiz\",\"Projektentwicklung\",\"Residential\",\"Wohnen\"],\"articleSection\":[\"RESIDENTIAL\"],\"inLanguage\":\"it-IT\"},{\"@type\":\"WebPage\",\"@id\":\"https:\\\/\\\/www.immobilienbusiness.ch\\\/it\\\/residential\\\/2016-06-16\\\/baden-brisgi-areal-soll-mit-wohnungen-ueberbaut-werden\\\/\",\"url\":\"https:\\\/\\\/www.immobilienbusiness.ch\\\/it\\\/residential\\\/2016-06-16\\\/baden-brisgi-areal-soll-mit-wohnungen-ueberbaut-werden\\\/\",\"name\":\"Baden: Brisgi-Areal soll mit Wohnungen \u00fcberbaut werden - IMMOBILIEN Business\",\"isPartOf\":{\"@id\":\"https:\\\/\\\/www.immobilienbusiness.ch\\\/#website\"},\"primaryImageOfPage\":{\"@id\":\"https:\\\/\\\/www.immobilienbusiness.ch\\\/it\\\/residential\\\/2016-06-16\\\/baden-brisgi-areal-soll-mit-wohnungen-ueberbaut-werden\\\/#primaryimage\"},\"image\":{\"@id\":\"https:\\\/\\\/www.immobilienbusiness.ch\\\/it\\\/residential\\\/2016-06-16\\\/baden-brisgi-areal-soll-mit-wohnungen-ueberbaut-werden\\\/#primaryimage\"},\"thumbnailUrl\":\"https:\\\/\\\/www.immobilienbusiness.ch\\\/wp-content\\\/uploads\\\/2016\\\/12\\\/Baden-Brisgi-Areal-soll-mit-Wohnungen-ueberbaut-werden-immobilien-business.jpg\",\"datePublished\":\"2016-06-16T07:04:25+00:00\",\"description\":\"Die Wohnbaustiftung Baden plant eine \u00dcberbauung mit rund 150 Wohnungen f\u00fcr das Brisgi-Areal.\",\"breadcrumb\":{\"@id\":\"https:\\\/\\\/www.immobilienbusiness.ch\\\/it\\\/residential\\\/2016-06-16\\\/baden-brisgi-areal-soll-mit-wohnungen-ueberbaut-werden\\\/#breadcrumb\"},\"inLanguage\":\"it-IT\",\"potentialAction\":[{\"@type\":\"ReadAction\",\"target\":[\"https:\\\/\\\/www.immobilienbusiness.ch\\\/it\\\/residential\\\/2016-06-16\\\/baden-brisgi-areal-soll-mit-wohnungen-ueberbaut-werden\\\/\"]}]},{\"@type\":\"ImageObject\",\"inLanguage\":\"it-IT\",\"@id\":\"https:\\\/\\\/www.immobilienbusiness.ch\\\/it\\\/residential\\\/2016-06-16\\\/baden-brisgi-areal-soll-mit-wohnungen-ueberbaut-werden\\\/#primaryimage\",\"url\":\"https:\\\/\\\/www.immobilienbusiness.ch\\\/wp-content\\\/uploads\\\/2016\\\/12\\\/Baden-Brisgi-Areal-soll-mit-Wohnungen-ueberbaut-werden-immobilien-business.jpg\",\"contentUrl\":\"https:\\\/\\\/www.immobilienbusiness.ch\\\/wp-content\\\/uploads\\\/2016\\\/12\\\/Baden-Brisgi-Areal-soll-mit-Wohnungen-ueberbaut-werden-immobilien-business.jpg\",\"width\":1280,\"height\":853,\"caption\":\"Auf dem Brisgi-Areal in Baden soll eine Wohn\u00fcberbauung entstehen (Foto: Pixabay)\"},{\"@type\":\"BreadcrumbList\",\"@id\":\"https:\\\/\\\/www.immobilienbusiness.ch\\\/it\\\/residential\\\/2016-06-16\\\/baden-brisgi-areal-soll-mit-wohnungen-ueberbaut-werden\\\/#breadcrumb\",\"itemListElement\":[{\"@type\":\"ListItem\",\"position\":1,\"name\":\"Home\",\"item\":\"https:\\\/\\\/www.immobilienbusiness.ch\\\/\"},{\"@type\":\"ListItem\",\"position\":2,\"name\":\"Baden: Brisgi-Areal soll mit Wohnungen \u00fcberbaut werden\"}]},{\"@type\":\"WebSite\",\"@id\":\"https:\\\/\\\/www.immobilienbusiness.ch\\\/#website\",\"url\":\"https:\\\/\\\/www.immobilienbusiness.ch\\\/\",\"name\":\"IMMOBILIEN Business\",\"description\":\"Unabh\u00e4ngiges Schweizer Wirtschaftsmagazin mit Fokus auf Immobilien, Architektur- und Bau sowie Investment- und Finanzierung.\",\"publisher\":{\"@id\":\"https:\\\/\\\/www.immobilienbusiness.ch\\\/#organization\"},\"potentialAction\":[{\"@type\":\"SearchAction\",\"target\":{\"@type\":\"EntryPoint\",\"urlTemplate\":\"https:\\\/\\\/www.immobilienbusiness.ch\\\/?s={search_term_string}\"},\"query-input\":{\"@type\":\"PropertyValueSpecification\",\"valueRequired\":true,\"valueName\":\"search_term_string\"}}],\"inLanguage\":\"it-IT\"},{\"@type\":\"Organization\",\"@id\":\"https:\\\/\\\/www.immobilienbusiness.ch\\\/#organization\",\"name\":\"IMMOBILIEN Business\",\"url\":\"https:\\\/\\\/www.immobilienbusiness.ch\\\/\",\"logo\":{\"@type\":\"ImageObject\",\"inLanguage\":\"it-IT\",\"@id\":\"https:\\\/\\\/www.immobilienbusiness.ch\\\/#\\\/schema\\\/logo\\\/image\\\/\",\"url\":\"https:\\\/\\\/www.immobilienbusiness.ch\\\/wp-content\\\/uploads\\\/2021\\\/07\\\/logo_ib.png\",\"contentUrl\":\"https:\\\/\\\/www.immobilienbusiness.ch\\\/wp-content\\\/uploads\\\/2021\\\/07\\\/logo_ib.png\",\"width\":800,\"height\":181,\"caption\":\"IMMOBILIEN Business\"},\"image\":{\"@id\":\"https:\\\/\\\/www.immobilienbusiness.ch\\\/#\\\/schema\\\/logo\\\/image\\\/\"},\"sameAs\":[\"https:\\\/\\\/www.facebook.com\\\/immobilienbusiness\\\/\"]},{\"@type\":\"Person\",\"@id\":\"https:\\\/\\\/www.immobilienbusiness.ch\\\/#\\\/schema\\\/person\\\/aa2bace6c5c5aad60102004a50c4eb1c\",\"name\":\"Redaktion\",\"image\":{\"@type\":\"ImageObject\",\"inLanguage\":\"it-IT\",\"@id\":\"https:\\\/\\\/secure.gravatar.com\\\/avatar\\\/ae2f4d718e6c49043e314ce431e7e645d646302a24a5ef5a8bc8e3f5a032e319?s=96&d=mm&r=g\",\"url\":\"https:\\\/\\\/secure.gravatar.com\\\/avatar\\\/ae2f4d718e6c49043e314ce431e7e645d646302a24a5ef5a8bc8e3f5a032e319?s=96&d=mm&r=g\",\"contentUrl\":\"https:\\\/\\\/secure.gravatar.com\\\/avatar\\\/ae2f4d718e6c49043e314ce431e7e645d646302a24a5ef5a8bc8e3f5a032e319?s=96&d=mm&r=g\",\"caption\":\"Redaktion\"},\"sameAs\":[\"http:\\\/\\\/develop.organisator.galledia.ch\"],\"url\":\"https:\\\/\\\/www.immobilienbusiness.ch\\\/it\\\/author\\\/admin\\\/\"}]}<\/script>\n<!-- \/ Yoast SEO plugin. -->","yoast_head_json":{"title":"Baden: Brisgi-Areal soll mit Wohnungen \u00fcberbaut werden - IMMOBILIEN Business","description":"Die Wohnbaustiftung Baden plant eine \u00dcberbauung mit rund 150 Wohnungen f\u00fcr das Brisgi-Areal.","robots":{"index":"index","follow":"follow","max-snippet":"max-snippet:-1","max-image-preview":"max-image-preview:large","max-video-preview":"max-video-preview:-1"},"canonical":"https:\/\/www.immobilienbusiness.ch\/it\/residential\/2016-06-16\/baden-brisgi-areal-soll-mit-wohnungen-ueberbaut-werden\/","og_locale":"it_IT","og_type":"article","og_title":"Baden: Brisgi-Areal soll mit Wohnungen \u00fcberbaut werden","og_description":"Die Wohnbaustiftung Baden plant eine \u00dcberbauung mit rund 150 Wohnungen f\u00fcr das Brisgi-Areal. Dazu wurde nun ein Architekturb\u00fcro gestartet, an dem zehn Teams, bestehend aus Architektur- und Landschaftsarchitekturb\u00fcros, teilnehmen.","og_url":"https:\/\/www.immobilienbusiness.ch\/it\/residential\/2016-06-16\/baden-brisgi-areal-soll-mit-wohnungen-ueberbaut-werden\/","og_site_name":"IMMOBILIEN Business","article_publisher":"https:\/\/www.facebook.com\/immobilienbusiness\/","article_published_time":"2016-06-16T07:04:25+00:00","author":"Redaktion","twitter_card":"summary_large_image","twitter_image":"https:\/\/www.immobilienbusiness.ch\/wp-content\/uploads\/2016\/12\/Baden-Brisgi-Areal-soll-mit-Wohnungen-ueberbaut-werden-immobilien-business.jpg","schema":{"@context":"https:\/\/schema.org","@graph":[{"@type":"Article","@id":"https:\/\/www.immobilienbusiness.ch\/it\/residential\/2016-06-16\/baden-brisgi-areal-soll-mit-wohnungen-ueberbaut-werden\/#article","isPartOf":{"@id":"https:\/\/www.immobilienbusiness.ch\/it\/residential\/2016-06-16\/baden-brisgi-areal-soll-mit-wohnungen-ueberbaut-werden\/"},"author":{"name":"Redaktion","@id":"https:\/\/www.immobilienbusiness.ch\/#\/schema\/person\/aa2bace6c5c5aad60102004a50c4eb1c"},"headline":"Baden: Brisgi-Areal soll mit Wohnungen \u00fcberbaut werden","datePublished":"2016-06-16T07:04:25+00:00","mainEntityOfPage":{"@id":"https:\/\/www.immobilienbusiness.ch\/it\/residential\/2016-06-16\/baden-brisgi-areal-soll-mit-wohnungen-ueberbaut-werden\/"},"wordCount":207,"commentCount":0,"publisher":{"@id":"https:\/\/www.immobilienbusiness.ch\/#organization"},"image":{"@id":"https:\/\/www.immobilienbusiness.ch\/it\/residential\/2016-06-16\/baden-brisgi-areal-soll-mit-wohnungen-ueberbaut-werden\/#primaryimage"},"thumbnailUrl":"https:\/\/www.immobilienbusiness.ch\/wp-content\/uploads\/2016\/12\/Baden-Brisgi-Areal-soll-mit-Wohnungen-ueberbaut-werden-immobilien-business.jpg","keywords":["Nord-West-Schweiz","Projektentwicklung","Residential","Wohnen"],"articleSection":["RESIDENTIAL"],"inLanguage":"it-IT"},{"@type":"WebPage","@id":"https:\/\/www.immobilienbusiness.ch\/it\/residential\/2016-06-16\/baden-brisgi-areal-soll-mit-wohnungen-ueberbaut-werden\/","url":"https:\/\/www.immobilienbusiness.ch\/it\/residential\/2016-06-16\/baden-brisgi-areal-soll-mit-wohnungen-ueberbaut-werden\/","name":"Baden: Brisgi-Areal soll mit Wohnungen \u00fcberbaut werden - IMMOBILIEN Business","isPartOf":{"@id":"https:\/\/www.immobilienbusiness.ch\/#website"},"primaryImageOfPage":{"@id":"https:\/\/www.immobilienbusiness.ch\/it\/residential\/2016-06-16\/baden-brisgi-areal-soll-mit-wohnungen-ueberbaut-werden\/#primaryimage"},"image":{"@id":"https:\/\/www.immobilienbusiness.ch\/it\/residential\/2016-06-16\/baden-brisgi-areal-soll-mit-wohnungen-ueberbaut-werden\/#primaryimage"},"thumbnailUrl":"https:\/\/www.immobilienbusiness.ch\/wp-content\/uploads\/2016\/12\/Baden-Brisgi-Areal-soll-mit-Wohnungen-ueberbaut-werden-immobilien-business.jpg","datePublished":"2016-06-16T07:04:25+00:00","description":"Die Wohnbaustiftung Baden plant eine \u00dcberbauung mit rund 150 Wohnungen f\u00fcr das Brisgi-Areal.","breadcrumb":{"@id":"https:\/\/www.immobilienbusiness.ch\/it\/residential\/2016-06-16\/baden-brisgi-areal-soll-mit-wohnungen-ueberbaut-werden\/#breadcrumb"},"inLanguage":"it-IT","potentialAction":[{"@type":"ReadAction","target":["https:\/\/www.immobilienbusiness.ch\/it\/residential\/2016-06-16\/baden-brisgi-areal-soll-mit-wohnungen-ueberbaut-werden\/"]}]},{"@type":"ImageObject","inLanguage":"it-IT","@id":"https:\/\/www.immobilienbusiness.ch\/it\/residential\/2016-06-16\/baden-brisgi-areal-soll-mit-wohnungen-ueberbaut-werden\/#primaryimage","url":"https:\/\/www.immobilienbusiness.ch\/wp-content\/uploads\/2016\/12\/Baden-Brisgi-Areal-soll-mit-Wohnungen-ueberbaut-werden-immobilien-business.jpg","contentUrl":"https:\/\/www.immobilienbusiness.ch\/wp-content\/uploads\/2016\/12\/Baden-Brisgi-Areal-soll-mit-Wohnungen-ueberbaut-werden-immobilien-business.jpg","width":1280,"height":853,"caption":"Auf dem Brisgi-Areal in Baden soll eine Wohn\u00fcberbauung entstehen (Foto: Pixabay)"},{"@type":"BreadcrumbList","@id":"https:\/\/www.immobilienbusiness.ch\/it\/residential\/2016-06-16\/baden-brisgi-areal-soll-mit-wohnungen-ueberbaut-werden\/#breadcrumb","itemListElement":[{"@type":"ListItem","position":1,"name":"Home","item":"https:\/\/www.immobilienbusiness.ch\/"},{"@type":"ListItem","position":2,"name":"Baden: Brisgi-Areal soll mit Wohnungen \u00fcberbaut werden"}]},{"@type":"WebSite","@id":"https:\/\/www.immobilienbusiness.ch\/#website","url":"https:\/\/www.immobilienbusiness.ch\/","name":"Affari immobiliari","description":"Rivista economica indipendente svizzera che si concentra sul settore immobiliare, l'architettura e la costruzione, nonch\u00e9 sugli investimenti e i finanziamenti.","publisher":{"@id":"https:\/\/www.immobilienbusiness.ch\/#organization"},"potentialAction":[{"@type":"SearchAction","target":{"@type":"EntryPoint","urlTemplate":"https:\/\/www.immobilienbusiness.ch\/?s={search_term_string}"},"query-input":{"@type":"PropertyValueSpecification","valueRequired":true,"valueName":"search_term_string"}}],"inLanguage":"it-IT"},{"@type":"Organization","@id":"https:\/\/www.immobilienbusiness.ch\/#organization","name":"Affari immobiliari","url":"https:\/\/www.immobilienbusiness.ch\/","logo":{"@type":"ImageObject","inLanguage":"it-IT","@id":"https:\/\/www.immobilienbusiness.ch\/#\/schema\/logo\/image\/","url":"https:\/\/www.immobilienbusiness.ch\/wp-content\/uploads\/2021\/07\/logo_ib.png","contentUrl":"https:\/\/www.immobilienbusiness.ch\/wp-content\/uploads\/2021\/07\/logo_ib.png","width":800,"height":181,"caption":"IMMOBILIEN Business"},"image":{"@id":"https:\/\/www.immobilienbusiness.ch\/#\/schema\/logo\/image\/"},"sameAs":["https:\/\/www.facebook.com\/immobilienbusiness\/"]},{"@type":"Person","@id":"https:\/\/www.immobilienbusiness.ch\/#\/schema\/person\/aa2bace6c5c5aad60102004a50c4eb1c","name":"Editoriale","image":{"@type":"ImageObject","inLanguage":"it-IT","@id":"https:\/\/secure.gravatar.com\/avatar\/ae2f4d718e6c49043e314ce431e7e645d646302a24a5ef5a8bc8e3f5a032e319?s=96&d=mm&r=g","url":"https:\/\/secure.gravatar.com\/avatar\/ae2f4d718e6c49043e314ce431e7e645d646302a24a5ef5a8bc8e3f5a032e319?s=96&d=mm&r=g","contentUrl":"https:\/\/secure.gravatar.com\/avatar\/ae2f4d718e6c49043e314ce431e7e645d646302a24a5ef5a8bc8e3f5a032e319?s=96&d=mm&r=g","caption":"Redaktion"},"sameAs":["http:\/\/develop.organisator.galledia.ch"],"url":"https:\/\/www.immobilienbusiness.ch\/it\/author\/admin\/"}]}},"_links":{"self":[{"href":"https:\/\/www.immobilienbusiness.ch\/it\/wp-json\/wp\/v2\/posts\/4315","targetHints":{"allow":["GET"]}}],"collection":[{"href":"https:\/\/www.immobilienbusiness.ch\/it\/wp-json\/wp\/v2\/posts"}],"about":[{"href":"https:\/\/www.immobilienbusiness.ch\/it\/wp-json\/wp\/v2\/types\/post"}],"author":[{"embeddable":true,"href":"https:\/\/www.immobilienbusiness.ch\/it\/wp-json\/wp\/v2\/users\/1"}],"replies":[{"embeddable":true,"href":"https:\/\/www.immobilienbusiness.ch\/it\/wp-json\/wp\/v2\/comments?post=4315"}],"version-history":[{"count":0,"href":"https:\/\/www.immobilienbusiness.ch\/it\/wp-json\/wp\/v2\/posts\/4315\/revisions"}],"wp:featuredmedia":[{"embeddable":true,"href":"https:\/\/www.immobilienbusiness.ch\/it\/wp-json\/wp\/v2\/media\/4316"}],"wp:attachment":[{"href":"https:\/\/www.immobilienbusiness.ch\/it\/wp-json\/wp\/v2\/media?parent=4315"}],"wp:term":[{"taxonomy":"category","embeddable":true,"href":"https:\/\/www.immobilienbusiness.ch\/it\/wp-json\/wp\/v2\/categories?post=4315"},{"taxonomy":"post_tag","embeddable":true,"href":"https:\/\/www.immobilienbusiness.ch\/it\/wp-json\/wp\/v2\/tags?post=4315"}],"curies":[{"name":"wp","href":"https:\/\/api.w.org\/{rel}","templated":true}]}}