{"id":43069,"date":"2022-07-07T08:06:57","date_gmt":"2022-07-07T06:06:57","guid":{"rendered":"https:\/\/www.immobilienbusiness.ch\/?p=43069"},"modified":"2022-07-07T08:06:57","modified_gmt":"2022-07-07T06:06:57","slug":"stoneweg-erweitert-verwaltungsrat-und-management","status":"publish","type":"post","link":"https:\/\/www.immobilienbusiness.ch\/it\/personalia\/2022-07-07\/stoneweg-erweitert-verwaltungsrat-und-management\/","title":{"rendered":"Stoneweg amplia il consiglio di amministrazione e la direzione"},"content":{"rendered":"<figure id=\"attachment_43070\" aria-describedby=\"caption-attachment-43070\" style=\"width: 744px\" class=\"wp-caption alignnone\"><a href=\"https:\/\/www.immobilienbusiness.ch\/wp-content\/uploads\/2022\/07\/Yvan_Mermod.png\"><img loading=\"lazy\" decoding=\"async\" class=\"size-full wp-image-43070\" src=\"https:\/\/www.immobilienbusiness.ch\/wp-content\/uploads\/2022\/07\/Yvan_Mermod.png\" alt=\"\" width=\"744\" height=\"496\" srcset=\"https:\/\/www.immobilienbusiness.ch\/wp-content\/uploads\/2022\/07\/Yvan_Mermod.png 744w, https:\/\/www.immobilienbusiness.ch\/wp-content\/uploads\/2022\/07\/Yvan_Mermod-300x200.png 300w, https:\/\/www.immobilienbusiness.ch\/wp-content\/uploads\/2022\/07\/Yvan_Mermod-18x12.png 18w, https:\/\/www.immobilienbusiness.ch\/wp-content\/uploads\/2022\/07\/Yvan_Mermod-263x175.png 263w, https:\/\/www.immobilienbusiness.ch\/wp-content\/uploads\/2022\/07\/Yvan_Mermod-525x350.png 525w\" sizes=\"auto, (max-width: 744px) 100vw, 744px\" \/><\/a><figcaption id=\"caption-attachment-43070\" class=\"wp-caption-text\">Yvan Mermod (Fonte: Stoneweg)<\/figcaption><\/figure>\n<p>Yvan Mermod ha assunto la nuova carica di Direttore finanziario (CFO) di Stoneweg. Con sede a Ginevra, sar\u00e0 responsabile della contabilit\u00e0 e delle finanze, oltre che delle questioni di conformit\u00e0, afferma l'azienda. Recentemente Mermod \u00e8 stato partner di KPMG Svizzera, dove era responsabile della gestione degli investimenti nella Svizzera francese.<\/p>\n<p>Rafael Cerezo \u00e8 entrato a far parte di Stoneweg come Chief Investment Officer (CIO), con sede a Madrid. Secondo la societ\u00e0, sar\u00e0 responsabile delle strategie di investimento e dei nuovi mandati del gruppo. In precedenza, ha lavorato per Barclays e M&amp;G Investments.<\/p>\n<p>Contemporaneamente alla nomina dei nuovi dirigenti, Stoneweg ha anche ampliato il consiglio di amministrazione. Il motivo delle nuove nomine \u00e8 la forte crescita della societ\u00e0 di investimento immobiliare dalla sua fondazione nel 2015, scrive Stoneweg in un comunicato. I tre nuovi membri del Consiglio di amministrazione sono Simona Terranova, Clarence Peter e Yvar Mentha.<\/p>\n<p>Simona Terranova \u00e8 la fondatrice di MT Finance, societ\u00e0 con sede a Ginevra specializzata in consulenza normativa e di gestione del rischio. In precedenza, Terranova ha lavorato presso PWC e Deloitte, per un totale di oltre 20 anni di esperienza professionale nella revisione contabile.<\/p>\n<p>Clarence Peter \u00e8 senior partner dello studio legale Kellerhals Carrard, dove fornisce consulenza in materia di diritto commerciale e societario.<\/p>\n<p>Yvar Mentha \u00e8 partner di BRP Bizzozero &amp; Partners, una societ\u00e0 di consulenza che si occupa di questioni normative svizzere e transfrontaliere. <em>(ah)<\/em><\/p>","protected":false},"excerpt":{"rendered":"<p>Il gruppo di investimento immobiliare ginevrino Stoneweg ha nominato tre nuovi membri del suo Consiglio di amministrazione. Inoltre, Yvan Mermod \u00e8 stato nominato Chief Financial Officer e Rafael Cerezo Chief Investment Officer. <\/p>","protected":false},"author":3,"featured_media":43070,"comment_status":"closed","ping_status":"closed","sticky":false,"template":"","format":"standard","meta":{"_acf_changed":false,"_yoast_wpseo_focuskw":"stoneweg","_yoast_wpseo_title":"","_yoast_wpseo_metadesc":"Die Immobilien-Investmentgruppe Stoneweg hat Yvan Mermod zum Chief Financial Officer bestellt und Rafael Cerezo zum Chief Investment Officer berufen.","_yoast_wpseo_linkdex":59,"pgc_sgb_lightbox_settings":"","footnotes":""},"categories":[1912],"tags":[1563,1807,1834],"class_list":["post-43069","post","type-post","status-publish","format-standard","has-post-thumbnail","hentry","category-personalia","tag-personalia","tag-unternehmen","tag-verwaltungsrat"],"acf":[],"yoast_head":"<!-- This site is optimized with the Yoast SEO plugin v27.4 - https:\/\/yoast.com\/product\/yoast-seo-wordpress\/ -->\n<title>Stoneweg erweitert Verwaltungsrat und Management - IMMOBILIEN Business<\/title>\n<meta name=\"description\" content=\"Die Immobilien-Investmentgruppe Stoneweg hat Yvan Mermod zum Chief Financial Officer bestellt und Rafael Cerezo zum Chief Investment Officer berufen.\" \/>\n<meta name=\"robots\" content=\"index, follow, max-snippet:-1, max-image-preview:large, max-video-preview:-1\" \/>\n<link rel=\"canonical\" href=\"https:\/\/www.immobilienbusiness.ch\/it\/personalia\/2022-07-07\/stoneweg-erweitert-verwaltungsrat-und-management\/\" \/>\n<meta property=\"og:locale\" content=\"it_IT\" \/>\n<meta property=\"og:type\" content=\"article\" \/>\n<meta property=\"og:title\" content=\"Stoneweg erweitert Verwaltungsrat und Management - IMMOBILIEN Business\" \/>\n<meta property=\"og:description\" content=\"Die Immobilien-Investmentgruppe Stoneweg hat Yvan Mermod zum Chief Financial Officer bestellt und Rafael Cerezo zum Chief Investment Officer berufen.\" \/>\n<meta property=\"og:url\" content=\"https:\/\/www.immobilienbusiness.ch\/it\/personalia\/2022-07-07\/stoneweg-erweitert-verwaltungsrat-und-management\/\" \/>\n<meta property=\"og:site_name\" content=\"IMMOBILIEN Business\" \/>\n<meta property=\"article:publisher\" content=\"https:\/\/www.facebook.com\/immobilienbusiness\/\" \/>\n<meta property=\"article:published_time\" content=\"2022-07-07T06:06:57+00:00\" \/>\n<meta property=\"og:image\" content=\"https:\/\/www.immobilienbusiness.ch\/wp-content\/uploads\/2022\/07\/Yvan_Mermod.png\" \/>\n\t<meta property=\"og:image:width\" content=\"744\" \/>\n\t<meta property=\"og:image:height\" content=\"496\" \/>\n\t<meta property=\"og:image:type\" content=\"image\/png\" \/>\n<meta name=\"author\" content=\"anja.hall\" \/>\n<meta name=\"twitter:card\" content=\"summary_large_image\" \/>\n<meta name=\"twitter:image\" content=\"https:\/\/www.immobilienbusiness.ch\/wp-content\/uploads\/2022\/07\/Yvan_Mermod.png\" \/>\n<script type=\"application\/ld+json\" class=\"yoast-schema-graph\">{\"@context\":\"https:\\\/\\\/schema.org\",\"@graph\":[{\"@type\":\"Article\",\"@id\":\"https:\\\/\\\/www.immobilienbusiness.ch\\\/en\\\/personalia\\\/2022-07-07\\\/stoneweg-erweitert-verwaltungsrat-und-management\\\/#article\",\"isPartOf\":{\"@id\":\"https:\\\/\\\/www.immobilienbusiness.ch\\\/en\\\/personalia\\\/2022-07-07\\\/stoneweg-erweitert-verwaltungsrat-und-management\\\/\"},\"author\":{\"name\":\"anja.hall\",\"@id\":\"https:\\\/\\\/www.immobilienbusiness.ch\\\/#\\\/schema\\\/person\\\/3fc036297b10b9f42d6db5ee932af8c8\"},\"headline\":\"Stoneweg erweitert Verwaltungsrat und Management\",\"datePublished\":\"2022-07-07T06:06:57+00:00\",\"mainEntityOfPage\":{\"@id\":\"https:\\\/\\\/www.immobilienbusiness.ch\\\/en\\\/personalia\\\/2022-07-07\\\/stoneweg-erweitert-verwaltungsrat-und-management\\\/\"},\"wordCount\":239,\"publisher\":{\"@id\":\"https:\\\/\\\/www.immobilienbusiness.ch\\\/#organization\"},\"image\":{\"@id\":\"https:\\\/\\\/www.immobilienbusiness.ch\\\/en\\\/personalia\\\/2022-07-07\\\/stoneweg-erweitert-verwaltungsrat-und-management\\\/#primaryimage\"},\"thumbnailUrl\":\"https:\\\/\\\/www.immobilienbusiness.ch\\\/wp-content\\\/uploads\\\/2022\\\/07\\\/Yvan_Mermod.png\",\"keywords\":[\"Personalia\",\"Unternehmen\",\"Verwaltungsrat\"],\"articleSection\":[\"PERSONALIA\"],\"inLanguage\":\"it-IT\"},{\"@type\":\"WebPage\",\"@id\":\"https:\\\/\\\/www.immobilienbusiness.ch\\\/en\\\/personalia\\\/2022-07-07\\\/stoneweg-erweitert-verwaltungsrat-und-management\\\/\",\"url\":\"https:\\\/\\\/www.immobilienbusiness.ch\\\/en\\\/personalia\\\/2022-07-07\\\/stoneweg-erweitert-verwaltungsrat-und-management\\\/\",\"name\":\"Stoneweg erweitert Verwaltungsrat und Management - IMMOBILIEN Business\",\"isPartOf\":{\"@id\":\"https:\\\/\\\/www.immobilienbusiness.ch\\\/#website\"},\"primaryImageOfPage\":{\"@id\":\"https:\\\/\\\/www.immobilienbusiness.ch\\\/en\\\/personalia\\\/2022-07-07\\\/stoneweg-erweitert-verwaltungsrat-und-management\\\/#primaryimage\"},\"image\":{\"@id\":\"https:\\\/\\\/www.immobilienbusiness.ch\\\/en\\\/personalia\\\/2022-07-07\\\/stoneweg-erweitert-verwaltungsrat-und-management\\\/#primaryimage\"},\"thumbnailUrl\":\"https:\\\/\\\/www.immobilienbusiness.ch\\\/wp-content\\\/uploads\\\/2022\\\/07\\\/Yvan_Mermod.png\",\"datePublished\":\"2022-07-07T06:06:57+00:00\",\"description\":\"Die Immobilien-Investmentgruppe Stoneweg hat Yvan Mermod zum Chief Financial Officer bestellt und Rafael Cerezo zum Chief Investment Officer berufen.\",\"breadcrumb\":{\"@id\":\"https:\\\/\\\/www.immobilienbusiness.ch\\\/en\\\/personalia\\\/2022-07-07\\\/stoneweg-erweitert-verwaltungsrat-und-management\\\/#breadcrumb\"},\"inLanguage\":\"it-IT\",\"potentialAction\":[{\"@type\":\"ReadAction\",\"target\":[\"https:\\\/\\\/www.immobilienbusiness.ch\\\/en\\\/personalia\\\/2022-07-07\\\/stoneweg-erweitert-verwaltungsrat-und-management\\\/\"]}]},{\"@type\":\"ImageObject\",\"inLanguage\":\"it-IT\",\"@id\":\"https:\\\/\\\/www.immobilienbusiness.ch\\\/en\\\/personalia\\\/2022-07-07\\\/stoneweg-erweitert-verwaltungsrat-und-management\\\/#primaryimage\",\"url\":\"https:\\\/\\\/www.immobilienbusiness.ch\\\/wp-content\\\/uploads\\\/2022\\\/07\\\/Yvan_Mermod.png\",\"contentUrl\":\"https:\\\/\\\/www.immobilienbusiness.ch\\\/wp-content\\\/uploads\\\/2022\\\/07\\\/Yvan_Mermod.png\",\"width\":744,\"height\":496,\"caption\":\"Yvan Mermod (Quelle: Stoneweg)\"},{\"@type\":\"BreadcrumbList\",\"@id\":\"https:\\\/\\\/www.immobilienbusiness.ch\\\/en\\\/personalia\\\/2022-07-07\\\/stoneweg-erweitert-verwaltungsrat-und-management\\\/#breadcrumb\",\"itemListElement\":[{\"@type\":\"ListItem\",\"position\":1,\"name\":\"Home\",\"item\":\"https:\\\/\\\/www.immobilienbusiness.ch\\\/\"},{\"@type\":\"ListItem\",\"position\":2,\"name\":\"Stoneweg erweitert Verwaltungsrat und Management\"}]},{\"@type\":\"WebSite\",\"@id\":\"https:\\\/\\\/www.immobilienbusiness.ch\\\/#website\",\"url\":\"https:\\\/\\\/www.immobilienbusiness.ch\\\/\",\"name\":\"IMMOBILIEN Business\",\"description\":\"Unabh\u00e4ngiges Schweizer Wirtschaftsmagazin mit Fokus auf Immobilien, Architektur- und Bau sowie Investment- und Finanzierung.\",\"publisher\":{\"@id\":\"https:\\\/\\\/www.immobilienbusiness.ch\\\/#organization\"},\"potentialAction\":[{\"@type\":\"SearchAction\",\"target\":{\"@type\":\"EntryPoint\",\"urlTemplate\":\"https:\\\/\\\/www.immobilienbusiness.ch\\\/?s={search_term_string}\"},\"query-input\":{\"@type\":\"PropertyValueSpecification\",\"valueRequired\":true,\"valueName\":\"search_term_string\"}}],\"inLanguage\":\"it-IT\"},{\"@type\":\"Organization\",\"@id\":\"https:\\\/\\\/www.immobilienbusiness.ch\\\/#organization\",\"name\":\"IMMOBILIEN Business\",\"url\":\"https:\\\/\\\/www.immobilienbusiness.ch\\\/\",\"logo\":{\"@type\":\"ImageObject\",\"inLanguage\":\"it-IT\",\"@id\":\"https:\\\/\\\/www.immobilienbusiness.ch\\\/#\\\/schema\\\/logo\\\/image\\\/\",\"url\":\"https:\\\/\\\/www.immobilienbusiness.ch\\\/wp-content\\\/uploads\\\/2021\\\/07\\\/logo_ib.png\",\"contentUrl\":\"https:\\\/\\\/www.immobilienbusiness.ch\\\/wp-content\\\/uploads\\\/2021\\\/07\\\/logo_ib.png\",\"width\":800,\"height\":181,\"caption\":\"IMMOBILIEN Business\"},\"image\":{\"@id\":\"https:\\\/\\\/www.immobilienbusiness.ch\\\/#\\\/schema\\\/logo\\\/image\\\/\"},\"sameAs\":[\"https:\\\/\\\/www.facebook.com\\\/immobilienbusiness\\\/\"]},{\"@type\":\"Person\",\"@id\":\"https:\\\/\\\/www.immobilienbusiness.ch\\\/#\\\/schema\\\/person\\\/3fc036297b10b9f42d6db5ee932af8c8\",\"name\":\"anja.hall\",\"image\":{\"@type\":\"ImageObject\",\"inLanguage\":\"it-IT\",\"@id\":\"https:\\\/\\\/secure.gravatar.com\\\/avatar\\\/066b5a0d447013502c71a5782f4f3469f03cfe595cc2329fb94652fe47511bfb?s=96&d=mm&r=g\",\"url\":\"https:\\\/\\\/secure.gravatar.com\\\/avatar\\\/066b5a0d447013502c71a5782f4f3469f03cfe595cc2329fb94652fe47511bfb?s=96&d=mm&r=g\",\"contentUrl\":\"https:\\\/\\\/secure.gravatar.com\\\/avatar\\\/066b5a0d447013502c71a5782f4f3469f03cfe595cc2329fb94652fe47511bfb?s=96&d=mm&r=g\",\"caption\":\"anja.hall\"},\"url\":\"https:\\\/\\\/www.immobilienbusiness.ch\\\/it\\\/author\\\/anja-hall\\\/\"}]}<\/script>\n<!-- \/ Yoast SEO plugin. -->","yoast_head_json":{"title":"Stoneweg erweitert Verwaltungsrat und Management - IMMOBILIEN Business","description":"Die Immobilien-Investmentgruppe Stoneweg hat Yvan Mermod zum Chief Financial Officer bestellt und Rafael Cerezo zum Chief Investment Officer berufen.","robots":{"index":"index","follow":"follow","max-snippet":"max-snippet:-1","max-image-preview":"max-image-preview:large","max-video-preview":"max-video-preview:-1"},"canonical":"https:\/\/www.immobilienbusiness.ch\/it\/personalia\/2022-07-07\/stoneweg-erweitert-verwaltungsrat-und-management\/","og_locale":"it_IT","og_type":"article","og_title":"Stoneweg erweitert Verwaltungsrat und Management - IMMOBILIEN Business","og_description":"Die Immobilien-Investmentgruppe Stoneweg hat Yvan Mermod zum Chief Financial Officer bestellt und Rafael Cerezo zum Chief Investment Officer berufen.","og_url":"https:\/\/www.immobilienbusiness.ch\/it\/personalia\/2022-07-07\/stoneweg-erweitert-verwaltungsrat-und-management\/","og_site_name":"IMMOBILIEN Business","article_publisher":"https:\/\/www.facebook.com\/immobilienbusiness\/","article_published_time":"2022-07-07T06:06:57+00:00","og_image":[{"width":744,"height":496,"url":"https:\/\/www.immobilienbusiness.ch\/wp-content\/uploads\/2022\/07\/Yvan_Mermod.png","type":"image\/png"}],"author":"anja.hall","twitter_card":"summary_large_image","twitter_image":"https:\/\/www.immobilienbusiness.ch\/wp-content\/uploads\/2022\/07\/Yvan_Mermod.png","schema":{"@context":"https:\/\/schema.org","@graph":[{"@type":"Article","@id":"https:\/\/www.immobilienbusiness.ch\/en\/personalia\/2022-07-07\/stoneweg-erweitert-verwaltungsrat-und-management\/#article","isPartOf":{"@id":"https:\/\/www.immobilienbusiness.ch\/en\/personalia\/2022-07-07\/stoneweg-erweitert-verwaltungsrat-und-management\/"},"author":{"name":"anja.hall","@id":"https:\/\/www.immobilienbusiness.ch\/#\/schema\/person\/3fc036297b10b9f42d6db5ee932af8c8"},"headline":"Stoneweg erweitert Verwaltungsrat und Management","datePublished":"2022-07-07T06:06:57+00:00","mainEntityOfPage":{"@id":"https:\/\/www.immobilienbusiness.ch\/en\/personalia\/2022-07-07\/stoneweg-erweitert-verwaltungsrat-und-management\/"},"wordCount":239,"publisher":{"@id":"https:\/\/www.immobilienbusiness.ch\/#organization"},"image":{"@id":"https:\/\/www.immobilienbusiness.ch\/en\/personalia\/2022-07-07\/stoneweg-erweitert-verwaltungsrat-und-management\/#primaryimage"},"thumbnailUrl":"https:\/\/www.immobilienbusiness.ch\/wp-content\/uploads\/2022\/07\/Yvan_Mermod.png","keywords":["Personalia","Unternehmen","Verwaltungsrat"],"articleSection":["PERSONALIA"],"inLanguage":"it-IT"},{"@type":"WebPage","@id":"https:\/\/www.immobilienbusiness.ch\/en\/personalia\/2022-07-07\/stoneweg-erweitert-verwaltungsrat-und-management\/","url":"https:\/\/www.immobilienbusiness.ch\/en\/personalia\/2022-07-07\/stoneweg-erweitert-verwaltungsrat-und-management\/","name":"Stoneweg erweitert Verwaltungsrat und Management - IMMOBILIEN Business","isPartOf":{"@id":"https:\/\/www.immobilienbusiness.ch\/#website"},"primaryImageOfPage":{"@id":"https:\/\/www.immobilienbusiness.ch\/en\/personalia\/2022-07-07\/stoneweg-erweitert-verwaltungsrat-und-management\/#primaryimage"},"image":{"@id":"https:\/\/www.immobilienbusiness.ch\/en\/personalia\/2022-07-07\/stoneweg-erweitert-verwaltungsrat-und-management\/#primaryimage"},"thumbnailUrl":"https:\/\/www.immobilienbusiness.ch\/wp-content\/uploads\/2022\/07\/Yvan_Mermod.png","datePublished":"2022-07-07T06:06:57+00:00","description":"Die Immobilien-Investmentgruppe Stoneweg hat Yvan Mermod zum Chief Financial Officer bestellt und Rafael Cerezo zum Chief Investment Officer berufen.","breadcrumb":{"@id":"https:\/\/www.immobilienbusiness.ch\/en\/personalia\/2022-07-07\/stoneweg-erweitert-verwaltungsrat-und-management\/#breadcrumb"},"inLanguage":"it-IT","potentialAction":[{"@type":"ReadAction","target":["https:\/\/www.immobilienbusiness.ch\/en\/personalia\/2022-07-07\/stoneweg-erweitert-verwaltungsrat-und-management\/"]}]},{"@type":"ImageObject","inLanguage":"it-IT","@id":"https:\/\/www.immobilienbusiness.ch\/en\/personalia\/2022-07-07\/stoneweg-erweitert-verwaltungsrat-und-management\/#primaryimage","url":"https:\/\/www.immobilienbusiness.ch\/wp-content\/uploads\/2022\/07\/Yvan_Mermod.png","contentUrl":"https:\/\/www.immobilienbusiness.ch\/wp-content\/uploads\/2022\/07\/Yvan_Mermod.png","width":744,"height":496,"caption":"Yvan Mermod (Quelle: Stoneweg)"},{"@type":"BreadcrumbList","@id":"https:\/\/www.immobilienbusiness.ch\/en\/personalia\/2022-07-07\/stoneweg-erweitert-verwaltungsrat-und-management\/#breadcrumb","itemListElement":[{"@type":"ListItem","position":1,"name":"Home","item":"https:\/\/www.immobilienbusiness.ch\/"},{"@type":"ListItem","position":2,"name":"Stoneweg erweitert Verwaltungsrat und Management"}]},{"@type":"WebSite","@id":"https:\/\/www.immobilienbusiness.ch\/#website","url":"https:\/\/www.immobilienbusiness.ch\/","name":"Affari immobiliari","description":"Rivista economica indipendente svizzera che si concentra sul settore immobiliare, l'architettura e la costruzione, nonch\u00e9 sugli investimenti e i finanziamenti.","publisher":{"@id":"https:\/\/www.immobilienbusiness.ch\/#organization"},"potentialAction":[{"@type":"SearchAction","target":{"@type":"EntryPoint","urlTemplate":"https:\/\/www.immobilienbusiness.ch\/?s={search_term_string}"},"query-input":{"@type":"PropertyValueSpecification","valueRequired":true,"valueName":"search_term_string"}}],"inLanguage":"it-IT"},{"@type":"Organization","@id":"https:\/\/www.immobilienbusiness.ch\/#organization","name":"Affari immobiliari","url":"https:\/\/www.immobilienbusiness.ch\/","logo":{"@type":"ImageObject","inLanguage":"it-IT","@id":"https:\/\/www.immobilienbusiness.ch\/#\/schema\/logo\/image\/","url":"https:\/\/www.immobilienbusiness.ch\/wp-content\/uploads\/2021\/07\/logo_ib.png","contentUrl":"https:\/\/www.immobilienbusiness.ch\/wp-content\/uploads\/2021\/07\/logo_ib.png","width":800,"height":181,"caption":"IMMOBILIEN Business"},"image":{"@id":"https:\/\/www.immobilienbusiness.ch\/#\/schema\/logo\/image\/"},"sameAs":["https:\/\/www.facebook.com\/immobilienbusiness\/"]},{"@type":"Person","@id":"https:\/\/www.immobilienbusiness.ch\/#\/schema\/person\/3fc036297b10b9f42d6db5ee932af8c8","name":"anja.hall","image":{"@type":"ImageObject","inLanguage":"it-IT","@id":"https:\/\/secure.gravatar.com\/avatar\/066b5a0d447013502c71a5782f4f3469f03cfe595cc2329fb94652fe47511bfb?s=96&d=mm&r=g","url":"https:\/\/secure.gravatar.com\/avatar\/066b5a0d447013502c71a5782f4f3469f03cfe595cc2329fb94652fe47511bfb?s=96&d=mm&r=g","contentUrl":"https:\/\/secure.gravatar.com\/avatar\/066b5a0d447013502c71a5782f4f3469f03cfe595cc2329fb94652fe47511bfb?s=96&d=mm&r=g","caption":"anja.hall"},"url":"https:\/\/www.immobilienbusiness.ch\/it\/author\/anja-hall\/"}]}},"_links":{"self":[{"href":"https:\/\/www.immobilienbusiness.ch\/it\/wp-json\/wp\/v2\/posts\/43069","targetHints":{"allow":["GET"]}}],"collection":[{"href":"https:\/\/www.immobilienbusiness.ch\/it\/wp-json\/wp\/v2\/posts"}],"about":[{"href":"https:\/\/www.immobilienbusiness.ch\/it\/wp-json\/wp\/v2\/types\/post"}],"author":[{"embeddable":true,"href":"https:\/\/www.immobilienbusiness.ch\/it\/wp-json\/wp\/v2\/users\/3"}],"replies":[{"embeddable":true,"href":"https:\/\/www.immobilienbusiness.ch\/it\/wp-json\/wp\/v2\/comments?post=43069"}],"version-history":[{"count":1,"href":"https:\/\/www.immobilienbusiness.ch\/it\/wp-json\/wp\/v2\/posts\/43069\/revisions"}],"predecessor-version":[{"id":43071,"href":"https:\/\/www.immobilienbusiness.ch\/it\/wp-json\/wp\/v2\/posts\/43069\/revisions\/43071"}],"wp:featuredmedia":[{"embeddable":true,"href":"https:\/\/www.immobilienbusiness.ch\/it\/wp-json\/wp\/v2\/media\/43070"}],"wp:attachment":[{"href":"https:\/\/www.immobilienbusiness.ch\/it\/wp-json\/wp\/v2\/media?parent=43069"}],"wp:term":[{"taxonomy":"category","embeddable":true,"href":"https:\/\/www.immobilienbusiness.ch\/it\/wp-json\/wp\/v2\/categories?post=43069"},{"taxonomy":"post_tag","embeddable":true,"href":"https:\/\/www.immobilienbusiness.ch\/it\/wp-json\/wp\/v2\/tags?post=43069"}],"curies":[{"name":"wp","href":"https:\/\/api.w.org\/{rel}","templated":true}]}}