{"id":43042,"date":"2022-07-04T07:46:27","date_gmt":"2022-07-04T05:46:27","guid":{"rendered":"https:\/\/www.immobilienbusiness.ch\/?p=43042"},"modified":"2023-07-31T13:53:37","modified_gmt":"2023-07-31T11:53:37","slug":"schweizer-immobiliengeschaeft-von-swiss-life-am-unter-neuer-leitung","status":"publish","type":"post","link":"https:\/\/www.immobilienbusiness.ch\/it\/personalia\/2022-07-04\/schweizer-immobiliengeschaeft-von-swiss-life-am-unter-neuer-leitung\/","title":{"rendered":"Le attivit\u00e0 immobiliari svizzere di Swiss Life AM passano a una nuova gestione"},"content":{"rendered":"<figure id=\"attachment_43043\" aria-describedby=\"caption-attachment-43043\" style=\"width: 1200px\" class=\"wp-caption alignnone\"><a href=\"https:\/\/www.immobilienbusiness.ch\/wp-content\/uploads\/2022\/07\/Paolo_Di_Stefano_035716_final_1-scaled.jpg\"><img loading=\"lazy\" decoding=\"async\" class=\"wp-image-43043 size-full\" src=\"https:\/\/www.immobilienbusiness.ch\/wp-content\/uploads\/2022\/07\/Paolo_Di_Stefano_035716_final_1-scaled.jpg\" alt=\"Nachhaltigkeit\" width=\"1200\" height=\"800\" srcset=\"https:\/\/www.immobilienbusiness.ch\/wp-content\/uploads\/2022\/07\/Paolo_Di_Stefano_035716_final_1-scaled.jpg 1200w, https:\/\/www.immobilienbusiness.ch\/wp-content\/uploads\/2022\/07\/Paolo_Di_Stefano_035716_final_1-300x200.jpg 300w, https:\/\/www.immobilienbusiness.ch\/wp-content\/uploads\/2022\/07\/Paolo_Di_Stefano_035716_final_1-1024x683.jpg 1024w, https:\/\/www.immobilienbusiness.ch\/wp-content\/uploads\/2022\/07\/Paolo_Di_Stefano_035716_final_1-768x512.jpg 768w, https:\/\/www.immobilienbusiness.ch\/wp-content\/uploads\/2022\/07\/Paolo_Di_Stefano_035716_final_1-1536x1024.jpg 1536w, https:\/\/www.immobilienbusiness.ch\/wp-content\/uploads\/2022\/07\/Paolo_Di_Stefano_035716_final_1-2048x1366.jpg 2048w, https:\/\/www.immobilienbusiness.ch\/wp-content\/uploads\/2022\/07\/Paolo_Di_Stefano_035716_final_1-18x12.jpg 18w, https:\/\/www.immobilienbusiness.ch\/wp-content\/uploads\/2022\/07\/Paolo_Di_Stefano_035716_final_1-262x175.jpg 262w, https:\/\/www.immobilienbusiness.ch\/wp-content\/uploads\/2022\/07\/Paolo_Di_Stefano_035716_final_1-525x350.jpg 525w, https:\/\/www.immobilienbusiness.ch\/wp-content\/uploads\/2022\/07\/Paolo_Di_Stefano_035716_final_1-920x613.jpg 920w\" sizes=\"auto, (max-width: 1200px) 100vw, 1200px\" \/><\/a><figcaption id=\"caption-attachment-43043\" class=\"wp-caption-text\">Paolo Di Stefano (Fonte: Swiss Life Asset Managers)<\/figcaption><\/figure>\n<p>A partire dal 4 luglio 2022, ci sar\u00e0 un cambio al vertice delle attivit\u00e0 immobiliari di Swiss Life Asset Managers: Renato Piffaretti, attuale Head Real Estate Switzerland, ceder\u00e0 la direzione a Paolo Di Stefano, attuale Head Real Estate Transactions.<\/p>\n<p>Piffaretti \u00e8 entrato in Swiss Life Asset Managers nel 2017 da Basler Versicherung, dove era responsabile del settore immobiliare. In precedenza, ha lavorato per la divisione immobiliare di UBS, anche come gestore del fondo UBS Sima. Lascer\u00e0 Swiss Life Asset Managers per intraprendere una nuova sfida professionale, ha dichiarato la societ\u00e0.<\/p>\n<p>Il successore di Piffaretti come responsabile di Real Estate Svizzera sar\u00e0 Paolo Di Stefano a partire dal 4 luglio 2022, previa approvazione dell'autorit\u00e0 di vigilanza finanziaria Finma. Di Stefano lavora in Swiss Life Asset Managers dal 2011, inizialmente come responsabile della gestione del portafoglio immobiliare della fondazione d'investimento. Dal 2019 \u00e8 responsabile delle transazioni immobiliari in tutti i Paesi. Nel suo nuovo ruolo, Di Stefano svilupper\u00e0 e implementer\u00e0 la strategia immobiliare di Swiss Life Asset Managers in Svizzera. In questo modo, \"continuer\u00e0 a guidare e sviluppare l'espansione del portafoglio assicurativo e l'espansione attiva dell'attivit\u00e0 immobiliare nazionale e transfrontaliera per i clienti dei fondi d'investimento e delle fondazioni d'investimento in Svizzera\", afferma Stefan M\u00e4chler, Group CIO di Swiss Life.<\/p>\n<p>Real Estate Transactions \u00e8 ora gestito congiuntamente da Jan Pl\u00fcckhahn, membro del consiglio di amministrazione di Beos AG a Berlino, e da Paolo Di Stefano.<\/p>\n<p>Swiss Life Asset Managers gestisce e amministra un patrimonio immobiliare di 116 miliardi di franchi svizzeri alla fine del 2021, diventando cos\u00ec uno dei maggiori investitori immobiliari istituzionali in Europa. <em>(ah)<\/em><\/p>","protected":false},"excerpt":{"rendered":"<p>Paolo Di Stefano \u00e8 il nuovo Head of Real Estate Switzerland di Swiss Life Asset Managers. Succede a Renato Piffaretti, che, secondo l'asset manager, si accinge ad affrontare una nuova sfida professionale.<\/p>","protected":false},"author":3,"featured_media":43043,"comment_status":"closed","ping_status":"closed","sticky":false,"template":"","format":"standard","meta":{"_acf_changed":false,"_yoast_wpseo_focuskw":"Nachhaltigkeit","_yoast_wpseo_title":"","_yoast_wpseo_metadesc":"Paolo Di Stefano ist neuer Leiter des Bereichs Real Estate Schweiz von Swiss Life Asset Managers. Er folgt auf Renato Piffaretti.","_yoast_wpseo_linkdex":50,"pgc_sgb_lightbox_settings":"","footnotes":""},"categories":[1912],"tags":[1563,1758],"class_list":["post-43042","post","type-post","status-publish","format-standard","has-post-thumbnail","hentry","category-personalia","tag-personalia","tag-swiss-life-asset-managers"],"acf":[],"yoast_head":"<!-- This site is optimized with the Yoast SEO plugin v27.5 - https:\/\/yoast.com\/product\/yoast-seo-wordpress\/ -->\n<title>Schweizer Immobiliengesch\u00e4ft von Swiss Life AM unter neuer Leitung - IMMOBILIEN Business<\/title>\n<meta name=\"description\" content=\"Paolo Di Stefano ist neuer Leiter des Bereichs Real Estate Schweiz von Swiss Life Asset Managers. Er folgt auf Renato Piffaretti.\" \/>\n<meta name=\"robots\" content=\"index, follow, max-snippet:-1, max-image-preview:large, max-video-preview:-1\" \/>\n<link rel=\"canonical\" href=\"https:\/\/www.immobilienbusiness.ch\/it\/personalia\/2022-07-04\/schweizer-immobiliengeschaeft-von-swiss-life-am-unter-neuer-leitung\/\" \/>\n<meta property=\"og:locale\" content=\"it_IT\" \/>\n<meta property=\"og:type\" content=\"article\" \/>\n<meta property=\"og:title\" content=\"Schweizer Immobiliengesch\u00e4ft von Swiss Life AM unter neuer Leitung - IMMOBILIEN Business\" \/>\n<meta property=\"og:description\" content=\"Paolo Di Stefano ist neuer Leiter des Bereichs Real Estate Schweiz von Swiss Life Asset Managers. Er folgt auf Renato Piffaretti.\" \/>\n<meta property=\"og:url\" content=\"https:\/\/www.immobilienbusiness.ch\/it\/personalia\/2022-07-04\/schweizer-immobiliengeschaeft-von-swiss-life-am-unter-neuer-leitung\/\" \/>\n<meta property=\"og:site_name\" content=\"IMMOBILIEN Business\" \/>\n<meta property=\"article:publisher\" content=\"https:\/\/www.facebook.com\/immobilienbusiness\/\" \/>\n<meta property=\"article:published_time\" content=\"2022-07-04T05:46:27+00:00\" \/>\n<meta property=\"article:modified_time\" content=\"2023-07-31T11:53:37+00:00\" \/>\n<meta property=\"og:image\" content=\"https:\/\/www.immobilienbusiness.ch\/wp-content\/uploads\/2022\/07\/Paolo_Di_Stefano_035716_final_1-scaled.jpg\" \/>\n\t<meta property=\"og:image:width\" content=\"1200\" \/>\n\t<meta property=\"og:image:height\" content=\"800\" \/>\n\t<meta property=\"og:image:type\" content=\"image\/jpeg\" \/>\n<meta name=\"author\" content=\"anja.hall\" \/>\n<meta name=\"twitter:card\" content=\"summary_large_image\" \/>\n<meta name=\"twitter:image\" content=\"https:\/\/www.immobilienbusiness.ch\/wp-content\/uploads\/2022\/07\/Paolo_Di_Stefano_035716_final_1-scaled.jpg\" \/>\n<script type=\"application\/ld+json\" class=\"yoast-schema-graph\">{\"@context\":\"https:\\\/\\\/schema.org\",\"@graph\":[{\"@type\":\"Article\",\"@id\":\"https:\\\/\\\/www.immobilienbusiness.ch\\\/en\\\/personalia\\\/2022-07-04\\\/schweizer-immobiliengeschaeft-von-swiss-life-am-unter-neuer-leitung\\\/#article\",\"isPartOf\":{\"@id\":\"https:\\\/\\\/www.immobilienbusiness.ch\\\/en\\\/personalia\\\/2022-07-04\\\/schweizer-immobiliengeschaeft-von-swiss-life-am-unter-neuer-leitung\\\/\"},\"author\":{\"name\":\"anja.hall\",\"@id\":\"https:\\\/\\\/www.immobilienbusiness.ch\\\/#\\\/schema\\\/person\\\/3fc036297b10b9f42d6db5ee932af8c8\"},\"headline\":\"Schweizer Immobiliengesch\u00e4ft von Swiss Life AM unter neuer Leitung\",\"datePublished\":\"2022-07-04T05:46:27+00:00\",\"dateModified\":\"2023-07-31T11:53:37+00:00\",\"mainEntityOfPage\":{\"@id\":\"https:\\\/\\\/www.immobilienbusiness.ch\\\/en\\\/personalia\\\/2022-07-04\\\/schweizer-immobiliengeschaeft-von-swiss-life-am-unter-neuer-leitung\\\/\"},\"wordCount\":282,\"publisher\":{\"@id\":\"https:\\\/\\\/www.immobilienbusiness.ch\\\/#organization\"},\"image\":{\"@id\":\"https:\\\/\\\/www.immobilienbusiness.ch\\\/en\\\/personalia\\\/2022-07-04\\\/schweizer-immobiliengeschaeft-von-swiss-life-am-unter-neuer-leitung\\\/#primaryimage\"},\"thumbnailUrl\":\"https:\\\/\\\/www.immobilienbusiness.ch\\\/wp-content\\\/uploads\\\/2022\\\/07\\\/Paolo_Di_Stefano_035716_final_1-scaled.jpg\",\"keywords\":[\"Personalia\",\"Swiss Life Asset Managers\"],\"articleSection\":[\"PERSONALIA\"],\"inLanguage\":\"it-IT\"},{\"@type\":\"WebPage\",\"@id\":\"https:\\\/\\\/www.immobilienbusiness.ch\\\/en\\\/personalia\\\/2022-07-04\\\/schweizer-immobiliengeschaeft-von-swiss-life-am-unter-neuer-leitung\\\/\",\"url\":\"https:\\\/\\\/www.immobilienbusiness.ch\\\/en\\\/personalia\\\/2022-07-04\\\/schweizer-immobiliengeschaeft-von-swiss-life-am-unter-neuer-leitung\\\/\",\"name\":\"Schweizer Immobiliengesch\u00e4ft von Swiss Life AM unter neuer Leitung - IMMOBILIEN Business\",\"isPartOf\":{\"@id\":\"https:\\\/\\\/www.immobilienbusiness.ch\\\/#website\"},\"primaryImageOfPage\":{\"@id\":\"https:\\\/\\\/www.immobilienbusiness.ch\\\/en\\\/personalia\\\/2022-07-04\\\/schweizer-immobiliengeschaeft-von-swiss-life-am-unter-neuer-leitung\\\/#primaryimage\"},\"image\":{\"@id\":\"https:\\\/\\\/www.immobilienbusiness.ch\\\/en\\\/personalia\\\/2022-07-04\\\/schweizer-immobiliengeschaeft-von-swiss-life-am-unter-neuer-leitung\\\/#primaryimage\"},\"thumbnailUrl\":\"https:\\\/\\\/www.immobilienbusiness.ch\\\/wp-content\\\/uploads\\\/2022\\\/07\\\/Paolo_Di_Stefano_035716_final_1-scaled.jpg\",\"datePublished\":\"2022-07-04T05:46:27+00:00\",\"dateModified\":\"2023-07-31T11:53:37+00:00\",\"description\":\"Paolo Di Stefano ist neuer Leiter des Bereichs Real Estate Schweiz von Swiss Life Asset Managers. Er folgt auf Renato Piffaretti.\",\"breadcrumb\":{\"@id\":\"https:\\\/\\\/www.immobilienbusiness.ch\\\/en\\\/personalia\\\/2022-07-04\\\/schweizer-immobiliengeschaeft-von-swiss-life-am-unter-neuer-leitung\\\/#breadcrumb\"},\"inLanguage\":\"it-IT\",\"potentialAction\":[{\"@type\":\"ReadAction\",\"target\":[\"https:\\\/\\\/www.immobilienbusiness.ch\\\/en\\\/personalia\\\/2022-07-04\\\/schweizer-immobiliengeschaeft-von-swiss-life-am-unter-neuer-leitung\\\/\"]}]},{\"@type\":\"ImageObject\",\"inLanguage\":\"it-IT\",\"@id\":\"https:\\\/\\\/www.immobilienbusiness.ch\\\/en\\\/personalia\\\/2022-07-04\\\/schweizer-immobiliengeschaeft-von-swiss-life-am-unter-neuer-leitung\\\/#primaryimage\",\"url\":\"https:\\\/\\\/www.immobilienbusiness.ch\\\/wp-content\\\/uploads\\\/2022\\\/07\\\/Paolo_Di_Stefano_035716_final_1-scaled.jpg\",\"contentUrl\":\"https:\\\/\\\/www.immobilienbusiness.ch\\\/wp-content\\\/uploads\\\/2022\\\/07\\\/Paolo_Di_Stefano_035716_final_1-scaled.jpg\",\"width\":1200,\"height\":800,\"caption\":\"Paolo Di Stefano (Quelle: Swiss Life Asset Managers)\"},{\"@type\":\"BreadcrumbList\",\"@id\":\"https:\\\/\\\/www.immobilienbusiness.ch\\\/en\\\/personalia\\\/2022-07-04\\\/schweizer-immobiliengeschaeft-von-swiss-life-am-unter-neuer-leitung\\\/#breadcrumb\",\"itemListElement\":[{\"@type\":\"ListItem\",\"position\":1,\"name\":\"Home\",\"item\":\"https:\\\/\\\/www.immobilienbusiness.ch\\\/\"},{\"@type\":\"ListItem\",\"position\":2,\"name\":\"Schweizer Immobiliengesch\u00e4ft von Swiss Life AM unter neuer Leitung\"}]},{\"@type\":\"WebSite\",\"@id\":\"https:\\\/\\\/www.immobilienbusiness.ch\\\/#website\",\"url\":\"https:\\\/\\\/www.immobilienbusiness.ch\\\/\",\"name\":\"IMMOBILIEN Business\",\"description\":\"Unabh\u00e4ngiges Schweizer Wirtschaftsmagazin mit Fokus auf Immobilien, Architektur- und Bau sowie Investment- und Finanzierung.\",\"publisher\":{\"@id\":\"https:\\\/\\\/www.immobilienbusiness.ch\\\/#organization\"},\"potentialAction\":[{\"@type\":\"SearchAction\",\"target\":{\"@type\":\"EntryPoint\",\"urlTemplate\":\"https:\\\/\\\/www.immobilienbusiness.ch\\\/?s={search_term_string}\"},\"query-input\":{\"@type\":\"PropertyValueSpecification\",\"valueRequired\":true,\"valueName\":\"search_term_string\"}}],\"inLanguage\":\"it-IT\"},{\"@type\":\"Organization\",\"@id\":\"https:\\\/\\\/www.immobilienbusiness.ch\\\/#organization\",\"name\":\"IMMOBILIEN Business\",\"url\":\"https:\\\/\\\/www.immobilienbusiness.ch\\\/\",\"logo\":{\"@type\":\"ImageObject\",\"inLanguage\":\"it-IT\",\"@id\":\"https:\\\/\\\/www.immobilienbusiness.ch\\\/#\\\/schema\\\/logo\\\/image\\\/\",\"url\":\"https:\\\/\\\/www.immobilienbusiness.ch\\\/wp-content\\\/uploads\\\/2021\\\/07\\\/logo_ib.png\",\"contentUrl\":\"https:\\\/\\\/www.immobilienbusiness.ch\\\/wp-content\\\/uploads\\\/2021\\\/07\\\/logo_ib.png\",\"width\":800,\"height\":181,\"caption\":\"IMMOBILIEN Business\"},\"image\":{\"@id\":\"https:\\\/\\\/www.immobilienbusiness.ch\\\/#\\\/schema\\\/logo\\\/image\\\/\"},\"sameAs\":[\"https:\\\/\\\/www.facebook.com\\\/immobilienbusiness\\\/\"]},{\"@type\":\"Person\",\"@id\":\"https:\\\/\\\/www.immobilienbusiness.ch\\\/#\\\/schema\\\/person\\\/3fc036297b10b9f42d6db5ee932af8c8\",\"name\":\"anja.hall\",\"image\":{\"@type\":\"ImageObject\",\"inLanguage\":\"it-IT\",\"@id\":\"https:\\\/\\\/secure.gravatar.com\\\/avatar\\\/066b5a0d447013502c71a5782f4f3469f03cfe595cc2329fb94652fe47511bfb?s=96&d=mm&r=g\",\"url\":\"https:\\\/\\\/secure.gravatar.com\\\/avatar\\\/066b5a0d447013502c71a5782f4f3469f03cfe595cc2329fb94652fe47511bfb?s=96&d=mm&r=g\",\"contentUrl\":\"https:\\\/\\\/secure.gravatar.com\\\/avatar\\\/066b5a0d447013502c71a5782f4f3469f03cfe595cc2329fb94652fe47511bfb?s=96&d=mm&r=g\",\"caption\":\"anja.hall\"},\"url\":\"https:\\\/\\\/www.immobilienbusiness.ch\\\/it\\\/author\\\/anja-hall\\\/\"}]}<\/script>\n<!-- \/ Yoast SEO plugin. -->","yoast_head_json":{"title":"Schweizer Immobiliengesch\u00e4ft von Swiss Life AM unter neuer Leitung - IMMOBILIEN Business","description":"Paolo Di Stefano ist neuer Leiter des Bereichs Real Estate Schweiz von Swiss Life Asset Managers. Er folgt auf Renato Piffaretti.","robots":{"index":"index","follow":"follow","max-snippet":"max-snippet:-1","max-image-preview":"max-image-preview:large","max-video-preview":"max-video-preview:-1"},"canonical":"https:\/\/www.immobilienbusiness.ch\/it\/personalia\/2022-07-04\/schweizer-immobiliengeschaeft-von-swiss-life-am-unter-neuer-leitung\/","og_locale":"it_IT","og_type":"article","og_title":"Schweizer Immobiliengesch\u00e4ft von Swiss Life AM unter neuer Leitung - IMMOBILIEN Business","og_description":"Paolo Di Stefano ist neuer Leiter des Bereichs Real Estate Schweiz von Swiss Life Asset Managers. Er folgt auf Renato Piffaretti.","og_url":"https:\/\/www.immobilienbusiness.ch\/it\/personalia\/2022-07-04\/schweizer-immobiliengeschaeft-von-swiss-life-am-unter-neuer-leitung\/","og_site_name":"IMMOBILIEN Business","article_publisher":"https:\/\/www.facebook.com\/immobilienbusiness\/","article_published_time":"2022-07-04T05:46:27+00:00","article_modified_time":"2023-07-31T11:53:37+00:00","og_image":[{"width":1200,"height":800,"url":"https:\/\/www.immobilienbusiness.ch\/wp-content\/uploads\/2022\/07\/Paolo_Di_Stefano_035716_final_1-scaled.jpg","type":"image\/jpeg"}],"author":"anja.hall","twitter_card":"summary_large_image","twitter_image":"https:\/\/www.immobilienbusiness.ch\/wp-content\/uploads\/2022\/07\/Paolo_Di_Stefano_035716_final_1-scaled.jpg","schema":{"@context":"https:\/\/schema.org","@graph":[{"@type":"Article","@id":"https:\/\/www.immobilienbusiness.ch\/en\/personalia\/2022-07-04\/schweizer-immobiliengeschaeft-von-swiss-life-am-unter-neuer-leitung\/#article","isPartOf":{"@id":"https:\/\/www.immobilienbusiness.ch\/en\/personalia\/2022-07-04\/schweizer-immobiliengeschaeft-von-swiss-life-am-unter-neuer-leitung\/"},"author":{"name":"anja.hall","@id":"https:\/\/www.immobilienbusiness.ch\/#\/schema\/person\/3fc036297b10b9f42d6db5ee932af8c8"},"headline":"Schweizer Immobiliengesch\u00e4ft von Swiss Life AM unter neuer Leitung","datePublished":"2022-07-04T05:46:27+00:00","dateModified":"2023-07-31T11:53:37+00:00","mainEntityOfPage":{"@id":"https:\/\/www.immobilienbusiness.ch\/en\/personalia\/2022-07-04\/schweizer-immobiliengeschaeft-von-swiss-life-am-unter-neuer-leitung\/"},"wordCount":282,"publisher":{"@id":"https:\/\/www.immobilienbusiness.ch\/#organization"},"image":{"@id":"https:\/\/www.immobilienbusiness.ch\/en\/personalia\/2022-07-04\/schweizer-immobiliengeschaeft-von-swiss-life-am-unter-neuer-leitung\/#primaryimage"},"thumbnailUrl":"https:\/\/www.immobilienbusiness.ch\/wp-content\/uploads\/2022\/07\/Paolo_Di_Stefano_035716_final_1-scaled.jpg","keywords":["Personalia","Swiss Life Asset Managers"],"articleSection":["PERSONALIA"],"inLanguage":"it-IT"},{"@type":"WebPage","@id":"https:\/\/www.immobilienbusiness.ch\/en\/personalia\/2022-07-04\/schweizer-immobiliengeschaeft-von-swiss-life-am-unter-neuer-leitung\/","url":"https:\/\/www.immobilienbusiness.ch\/en\/personalia\/2022-07-04\/schweizer-immobiliengeschaeft-von-swiss-life-am-unter-neuer-leitung\/","name":"Schweizer Immobiliengesch\u00e4ft von Swiss Life AM unter neuer Leitung - IMMOBILIEN Business","isPartOf":{"@id":"https:\/\/www.immobilienbusiness.ch\/#website"},"primaryImageOfPage":{"@id":"https:\/\/www.immobilienbusiness.ch\/en\/personalia\/2022-07-04\/schweizer-immobiliengeschaeft-von-swiss-life-am-unter-neuer-leitung\/#primaryimage"},"image":{"@id":"https:\/\/www.immobilienbusiness.ch\/en\/personalia\/2022-07-04\/schweizer-immobiliengeschaeft-von-swiss-life-am-unter-neuer-leitung\/#primaryimage"},"thumbnailUrl":"https:\/\/www.immobilienbusiness.ch\/wp-content\/uploads\/2022\/07\/Paolo_Di_Stefano_035716_final_1-scaled.jpg","datePublished":"2022-07-04T05:46:27+00:00","dateModified":"2023-07-31T11:53:37+00:00","description":"Paolo Di Stefano ist neuer Leiter des Bereichs Real Estate Schweiz von Swiss Life Asset Managers. Er folgt auf Renato Piffaretti.","breadcrumb":{"@id":"https:\/\/www.immobilienbusiness.ch\/en\/personalia\/2022-07-04\/schweizer-immobiliengeschaeft-von-swiss-life-am-unter-neuer-leitung\/#breadcrumb"},"inLanguage":"it-IT","potentialAction":[{"@type":"ReadAction","target":["https:\/\/www.immobilienbusiness.ch\/en\/personalia\/2022-07-04\/schweizer-immobiliengeschaeft-von-swiss-life-am-unter-neuer-leitung\/"]}]},{"@type":"ImageObject","inLanguage":"it-IT","@id":"https:\/\/www.immobilienbusiness.ch\/en\/personalia\/2022-07-04\/schweizer-immobiliengeschaeft-von-swiss-life-am-unter-neuer-leitung\/#primaryimage","url":"https:\/\/www.immobilienbusiness.ch\/wp-content\/uploads\/2022\/07\/Paolo_Di_Stefano_035716_final_1-scaled.jpg","contentUrl":"https:\/\/www.immobilienbusiness.ch\/wp-content\/uploads\/2022\/07\/Paolo_Di_Stefano_035716_final_1-scaled.jpg","width":1200,"height":800,"caption":"Paolo Di Stefano (Quelle: Swiss Life Asset Managers)"},{"@type":"BreadcrumbList","@id":"https:\/\/www.immobilienbusiness.ch\/en\/personalia\/2022-07-04\/schweizer-immobiliengeschaeft-von-swiss-life-am-unter-neuer-leitung\/#breadcrumb","itemListElement":[{"@type":"ListItem","position":1,"name":"Home","item":"https:\/\/www.immobilienbusiness.ch\/"},{"@type":"ListItem","position":2,"name":"Schweizer Immobiliengesch\u00e4ft von Swiss Life AM unter neuer Leitung"}]},{"@type":"WebSite","@id":"https:\/\/www.immobilienbusiness.ch\/#website","url":"https:\/\/www.immobilienbusiness.ch\/","name":"Affari immobiliari","description":"Rivista economica indipendente svizzera che si concentra sul settore immobiliare, l'architettura e la costruzione, nonch\u00e9 sugli investimenti e i finanziamenti.","publisher":{"@id":"https:\/\/www.immobilienbusiness.ch\/#organization"},"potentialAction":[{"@type":"SearchAction","target":{"@type":"EntryPoint","urlTemplate":"https:\/\/www.immobilienbusiness.ch\/?s={search_term_string}"},"query-input":{"@type":"PropertyValueSpecification","valueRequired":true,"valueName":"search_term_string"}}],"inLanguage":"it-IT"},{"@type":"Organization","@id":"https:\/\/www.immobilienbusiness.ch\/#organization","name":"Affari immobiliari","url":"https:\/\/www.immobilienbusiness.ch\/","logo":{"@type":"ImageObject","inLanguage":"it-IT","@id":"https:\/\/www.immobilienbusiness.ch\/#\/schema\/logo\/image\/","url":"https:\/\/www.immobilienbusiness.ch\/wp-content\/uploads\/2021\/07\/logo_ib.png","contentUrl":"https:\/\/www.immobilienbusiness.ch\/wp-content\/uploads\/2021\/07\/logo_ib.png","width":800,"height":181,"caption":"IMMOBILIEN Business"},"image":{"@id":"https:\/\/www.immobilienbusiness.ch\/#\/schema\/logo\/image\/"},"sameAs":["https:\/\/www.facebook.com\/immobilienbusiness\/"]},{"@type":"Person","@id":"https:\/\/www.immobilienbusiness.ch\/#\/schema\/person\/3fc036297b10b9f42d6db5ee932af8c8","name":"anja.hall","image":{"@type":"ImageObject","inLanguage":"it-IT","@id":"https:\/\/secure.gravatar.com\/avatar\/066b5a0d447013502c71a5782f4f3469f03cfe595cc2329fb94652fe47511bfb?s=96&d=mm&r=g","url":"https:\/\/secure.gravatar.com\/avatar\/066b5a0d447013502c71a5782f4f3469f03cfe595cc2329fb94652fe47511bfb?s=96&d=mm&r=g","contentUrl":"https:\/\/secure.gravatar.com\/avatar\/066b5a0d447013502c71a5782f4f3469f03cfe595cc2329fb94652fe47511bfb?s=96&d=mm&r=g","caption":"anja.hall"},"url":"https:\/\/www.immobilienbusiness.ch\/it\/author\/anja-hall\/"}]}},"_links":{"self":[{"href":"https:\/\/www.immobilienbusiness.ch\/it\/wp-json\/wp\/v2\/posts\/43042","targetHints":{"allow":["GET"]}}],"collection":[{"href":"https:\/\/www.immobilienbusiness.ch\/it\/wp-json\/wp\/v2\/posts"}],"about":[{"href":"https:\/\/www.immobilienbusiness.ch\/it\/wp-json\/wp\/v2\/types\/post"}],"author":[{"embeddable":true,"href":"https:\/\/www.immobilienbusiness.ch\/it\/wp-json\/wp\/v2\/users\/3"}],"replies":[{"embeddable":true,"href":"https:\/\/www.immobilienbusiness.ch\/it\/wp-json\/wp\/v2\/comments?post=43042"}],"version-history":[{"count":2,"href":"https:\/\/www.immobilienbusiness.ch\/it\/wp-json\/wp\/v2\/posts\/43042\/revisions"}],"predecessor-version":[{"id":51506,"href":"https:\/\/www.immobilienbusiness.ch\/it\/wp-json\/wp\/v2\/posts\/43042\/revisions\/51506"}],"wp:featuredmedia":[{"embeddable":true,"href":"https:\/\/www.immobilienbusiness.ch\/it\/wp-json\/wp\/v2\/media\/43043"}],"wp:attachment":[{"href":"https:\/\/www.immobilienbusiness.ch\/it\/wp-json\/wp\/v2\/media?parent=43042"}],"wp:term":[{"taxonomy":"category","embeddable":true,"href":"https:\/\/www.immobilienbusiness.ch\/it\/wp-json\/wp\/v2\/categories?post=43042"},{"taxonomy":"post_tag","embeddable":true,"href":"https:\/\/www.immobilienbusiness.ch\/it\/wp-json\/wp\/v2\/tags?post=43042"}],"curies":[{"name":"wp","href":"https:\/\/api.w.org\/{rel}","templated":true}]}}