{"id":4287,"date":"2016-10-03T09:44:41","date_gmt":"2016-10-03T07:44:41","guid":{"rendered":"http:\/\/dev.immobilienbusiness.ch\/?p=4287"},"modified":"2016-10-03T09:44:41","modified_gmt":"2016-10-03T07:44:41","slug":"procimmo-fonds-kuenftig-boersenkotiert","status":"publish","type":"post","link":"https:\/\/www.immobilienbusiness.ch\/it\/allgemein\/2016-10-03\/procimmo-fonds-kuenftig-boersenkotiert\/","title":{"rendered":"Il fondo Procimmo sar\u00e0 quotato in futuro"},"content":{"rendered":"<figure id=\"attachment_4288\" aria-describedby=\"caption-attachment-4288\" style=\"width: 680px\" class=\"wp-caption alignnone\"><img loading=\"lazy\" decoding=\"async\" class=\"size-medium wp-image-4288\" src=\"https:\/\/immobilienbusiness.ch\/wp-content\/uploads\/2016\/12\/Procimmo-Fonds-k\u00fcnftig-b\u00f6rsenkotiert-immobilien-business.jpg\" alt=\"Der Streetbox Real Estate Fund ist ab 7.10. b\u00f6rsenkotiert (Grafik: Pixabay)\" width=\"680\" height=\"213\" \/><figcaption id=\"caption-attachment-4288\" class=\"wp-caption-text\">Il fondo Streetbox Real Estate \u00e8 quotato al 7.10. (Grafico: Pixabay)<\/figcaption><\/figure>\n<p>La quotazione del fondo gli dar\u00e0 maggiore visibilit\u00e0 sul mercato e tra i potenziali investitori, afferma Procimmo. L'indice SXI Real Estate Funds comprende attualmente circa 30 fondi immobiliari svizzeri con una capitalizzazione di mercato complessiva di oltre 38 miliardi di franchi svizzeri.<\/p>\n<p>Il fondo Streetbox Real Estate investe principalmente in immobili del tipo \"magazzino modulare\" e opera soprattutto negli agglomerati della Svizzera occidentale.<\/p>\n<p>I box modulari di alta qualit\u00e0, gli \"Streetbox\", sono creati da Procimmo e offerti in particolare alle PMI per l'acquisto o il noleggio. Il portafoglio comprende attualmente \"Streetbox\" in diciotto localit\u00e0 della Svizzera occidentale.<\/p>\n<p>Il Fondo Streetbox Real Estate ha attualmente un patrimonio netto di oltre 100 milioni di franchi svizzeri e un patrimonio totale di circa 160 milioni. (ah)<\/p>","protected":false},"excerpt":{"rendered":"<p>A partire dal 7 ottobre 2016, il Fondo Streetbox Real Estate, gestito da Procimmo SA, sar\u00e0 quotato alla SIX Swiss Exchange. Far\u00e0 parte dell'indice SXI Real Estate Funds.<\/p>","protected":false},"author":1,"featured_media":4288,"comment_status":"open","ping_status":"open","sticky":false,"template":"","format":"standard","meta":{"_acf_changed":false,"_yoast_wpseo_focuskw":"Procimmo-Fonds k\u00fcnftig b\u00f6rsenkotiert","_yoast_wpseo_title":"","_yoast_wpseo_metadesc":"Procimmo-Fonds k\u00fcnftig b\u00f6rsenkotiert: Ab dem 7. Oktober 2016 ist der Streetbox Real Estate Fund an der SIX Swiss Exchange kotiert.","_yoast_wpseo_linkdex":59,"pgc_sgb_lightbox_settings":"","footnotes":""},"categories":[1],"tags":[1362,1714],"class_list":["post-4287","post","type-post","status-publish","format-standard","has-post-thumbnail","hentry","category-allgemein","tag-indirekte-immobilienanlagen","tag-spezial-immobilien"],"acf":[],"yoast_head":"<!-- This site is optimized with the Yoast SEO plugin v27.4 - https:\/\/yoast.com\/product\/yoast-seo-wordpress\/ -->\n<title>Procimmo-Fonds k\u00fcnftig b\u00f6rsenkotiert - IMMOBILIEN Business<\/title>\n<meta name=\"description\" content=\"Procimmo-Fonds k\u00fcnftig b\u00f6rsenkotiert: Ab dem 7. Oktober 2016 ist der Streetbox Real Estate Fund an der SIX Swiss Exchange kotiert.\" \/>\n<meta name=\"robots\" content=\"index, follow, max-snippet:-1, max-image-preview:large, max-video-preview:-1\" \/>\n<link rel=\"canonical\" href=\"https:\/\/www.immobilienbusiness.ch\/it\/allgemein\/2016-10-03\/procimmo-fonds-kuenftig-boersenkotiert\/\" \/>\n<meta property=\"og:locale\" content=\"it_IT\" \/>\n<meta property=\"og:type\" content=\"article\" \/>\n<meta property=\"og:title\" content=\"Procimmo-Fonds k\u00fcnftig b\u00f6rsenkotiert\" \/>\n<meta property=\"og:description\" content=\"Ab dem 7. Oktober 2016 ist der Streetbox Real Estate Fund, der von der Procimmo SA verwaltet wird, an der SIX Swiss Exchange kotiert. Er wird dem SXI Real Estate Funds Index angeh\u00f6ren.\" \/>\n<meta property=\"og:url\" content=\"https:\/\/www.immobilienbusiness.ch\/it\/allgemein\/2016-10-03\/procimmo-fonds-kuenftig-boersenkotiert\/\" \/>\n<meta property=\"og:site_name\" content=\"IMMOBILIEN Business\" \/>\n<meta property=\"article:publisher\" content=\"https:\/\/www.facebook.com\/immobilienbusiness\/\" \/>\n<meta property=\"article:published_time\" content=\"2016-10-03T07:44:41+00:00\" \/>\n<meta name=\"author\" content=\"Redaktion\" \/>\n<meta name=\"twitter:card\" content=\"summary_large_image\" \/>\n<meta name=\"twitter:image\" content=\"https:\/\/www.immobilienbusiness.ch\/wp-content\/uploads\/2016\/12\/Procimmo-Fonds-kuenftig-boersenkotiert-immobilien-business.jpg\" \/>\n<script type=\"application\/ld+json\" class=\"yoast-schema-graph\">{\"@context\":\"https:\\\/\\\/schema.org\",\"@graph\":[{\"@type\":\"Article\",\"@id\":\"https:\\\/\\\/www.immobilienbusiness.ch\\\/allgemein\\\/2016-10-03\\\/procimmo-fonds-kuenftig-boersenkotiert\\\/#article\",\"isPartOf\":{\"@id\":\"https:\\\/\\\/www.immobilienbusiness.ch\\\/allgemein\\\/2016-10-03\\\/procimmo-fonds-kuenftig-boersenkotiert\\\/\"},\"author\":{\"name\":\"Redaktion\",\"@id\":\"https:\\\/\\\/www.immobilienbusiness.ch\\\/#\\\/schema\\\/person\\\/aa2bace6c5c5aad60102004a50c4eb1c\"},\"headline\":\"Procimmo-Fonds k\u00fcnftig b\u00f6rsenkotiert\",\"datePublished\":\"2016-10-03T07:44:41+00:00\",\"mainEntityOfPage\":{\"@id\":\"https:\\\/\\\/www.immobilienbusiness.ch\\\/allgemein\\\/2016-10-03\\\/procimmo-fonds-kuenftig-boersenkotiert\\\/\"},\"wordCount\":142,\"commentCount\":0,\"publisher\":{\"@id\":\"https:\\\/\\\/www.immobilienbusiness.ch\\\/#organization\"},\"image\":{\"@id\":\"https:\\\/\\\/www.immobilienbusiness.ch\\\/allgemein\\\/2016-10-03\\\/procimmo-fonds-kuenftig-boersenkotiert\\\/#primaryimage\"},\"thumbnailUrl\":\"https:\\\/\\\/www.immobilienbusiness.ch\\\/wp-content\\\/uploads\\\/2016\\\/12\\\/Procimmo-Fonds-kuenftig-boersenkotiert-immobilien-business.jpg\",\"keywords\":[\"Indirekte Immobilienanlagen\",\"Spezial Immobilien\"],\"articleSection\":[\"Allgemein\"],\"inLanguage\":\"it-IT\"},{\"@type\":\"WebPage\",\"@id\":\"https:\\\/\\\/www.immobilienbusiness.ch\\\/allgemein\\\/2016-10-03\\\/procimmo-fonds-kuenftig-boersenkotiert\\\/\",\"url\":\"https:\\\/\\\/www.immobilienbusiness.ch\\\/allgemein\\\/2016-10-03\\\/procimmo-fonds-kuenftig-boersenkotiert\\\/\",\"name\":\"Procimmo-Fonds k\u00fcnftig b\u00f6rsenkotiert - IMMOBILIEN Business\",\"isPartOf\":{\"@id\":\"https:\\\/\\\/www.immobilienbusiness.ch\\\/#website\"},\"primaryImageOfPage\":{\"@id\":\"https:\\\/\\\/www.immobilienbusiness.ch\\\/allgemein\\\/2016-10-03\\\/procimmo-fonds-kuenftig-boersenkotiert\\\/#primaryimage\"},\"image\":{\"@id\":\"https:\\\/\\\/www.immobilienbusiness.ch\\\/allgemein\\\/2016-10-03\\\/procimmo-fonds-kuenftig-boersenkotiert\\\/#primaryimage\"},\"thumbnailUrl\":\"https:\\\/\\\/www.immobilienbusiness.ch\\\/wp-content\\\/uploads\\\/2016\\\/12\\\/Procimmo-Fonds-kuenftig-boersenkotiert-immobilien-business.jpg\",\"datePublished\":\"2016-10-03T07:44:41+00:00\",\"description\":\"Procimmo-Fonds k\u00fcnftig b\u00f6rsenkotiert: Ab dem 7. Oktober 2016 ist der Streetbox Real Estate Fund an der SIX Swiss Exchange kotiert.\",\"breadcrumb\":{\"@id\":\"https:\\\/\\\/www.immobilienbusiness.ch\\\/allgemein\\\/2016-10-03\\\/procimmo-fonds-kuenftig-boersenkotiert\\\/#breadcrumb\"},\"inLanguage\":\"it-IT\",\"potentialAction\":[{\"@type\":\"ReadAction\",\"target\":[\"https:\\\/\\\/www.immobilienbusiness.ch\\\/allgemein\\\/2016-10-03\\\/procimmo-fonds-kuenftig-boersenkotiert\\\/\"]}]},{\"@type\":\"ImageObject\",\"inLanguage\":\"it-IT\",\"@id\":\"https:\\\/\\\/www.immobilienbusiness.ch\\\/allgemein\\\/2016-10-03\\\/procimmo-fonds-kuenftig-boersenkotiert\\\/#primaryimage\",\"url\":\"https:\\\/\\\/www.immobilienbusiness.ch\\\/wp-content\\\/uploads\\\/2016\\\/12\\\/Procimmo-Fonds-kuenftig-boersenkotiert-immobilien-business.jpg\",\"contentUrl\":\"https:\\\/\\\/www.immobilienbusiness.ch\\\/wp-content\\\/uploads\\\/2016\\\/12\\\/Procimmo-Fonds-kuenftig-boersenkotiert-immobilien-business.jpg\",\"width\":1280,\"height\":401,\"caption\":\"Die Swiss Life ist mit dem ausserb\u00f6rslichen Handel f\u00fcr ihren Europa-Fonds nicht zufrieden (Grafik: Pixabay)\"},{\"@type\":\"BreadcrumbList\",\"@id\":\"https:\\\/\\\/www.immobilienbusiness.ch\\\/allgemein\\\/2016-10-03\\\/procimmo-fonds-kuenftig-boersenkotiert\\\/#breadcrumb\",\"itemListElement\":[{\"@type\":\"ListItem\",\"position\":1,\"name\":\"Home\",\"item\":\"https:\\\/\\\/www.immobilienbusiness.ch\\\/\"},{\"@type\":\"ListItem\",\"position\":2,\"name\":\"Procimmo-Fonds k\u00fcnftig b\u00f6rsenkotiert\"}]},{\"@type\":\"WebSite\",\"@id\":\"https:\\\/\\\/www.immobilienbusiness.ch\\\/#website\",\"url\":\"https:\\\/\\\/www.immobilienbusiness.ch\\\/\",\"name\":\"IMMOBILIEN Business\",\"description\":\"Unabh\u00e4ngiges Schweizer Wirtschaftsmagazin mit Fokus auf Immobilien, Architektur- und Bau sowie Investment- und Finanzierung.\",\"publisher\":{\"@id\":\"https:\\\/\\\/www.immobilienbusiness.ch\\\/#organization\"},\"potentialAction\":[{\"@type\":\"SearchAction\",\"target\":{\"@type\":\"EntryPoint\",\"urlTemplate\":\"https:\\\/\\\/www.immobilienbusiness.ch\\\/?s={search_term_string}\"},\"query-input\":{\"@type\":\"PropertyValueSpecification\",\"valueRequired\":true,\"valueName\":\"search_term_string\"}}],\"inLanguage\":\"it-IT\"},{\"@type\":\"Organization\",\"@id\":\"https:\\\/\\\/www.immobilienbusiness.ch\\\/#organization\",\"name\":\"IMMOBILIEN Business\",\"url\":\"https:\\\/\\\/www.immobilienbusiness.ch\\\/\",\"logo\":{\"@type\":\"ImageObject\",\"inLanguage\":\"it-IT\",\"@id\":\"https:\\\/\\\/www.immobilienbusiness.ch\\\/#\\\/schema\\\/logo\\\/image\\\/\",\"url\":\"https:\\\/\\\/www.immobilienbusiness.ch\\\/wp-content\\\/uploads\\\/2021\\\/07\\\/logo_ib.png\",\"contentUrl\":\"https:\\\/\\\/www.immobilienbusiness.ch\\\/wp-content\\\/uploads\\\/2021\\\/07\\\/logo_ib.png\",\"width\":800,\"height\":181,\"caption\":\"IMMOBILIEN Business\"},\"image\":{\"@id\":\"https:\\\/\\\/www.immobilienbusiness.ch\\\/#\\\/schema\\\/logo\\\/image\\\/\"},\"sameAs\":[\"https:\\\/\\\/www.facebook.com\\\/immobilienbusiness\\\/\"]},{\"@type\":\"Person\",\"@id\":\"https:\\\/\\\/www.immobilienbusiness.ch\\\/#\\\/schema\\\/person\\\/aa2bace6c5c5aad60102004a50c4eb1c\",\"name\":\"Redaktion\",\"image\":{\"@type\":\"ImageObject\",\"inLanguage\":\"it-IT\",\"@id\":\"https:\\\/\\\/secure.gravatar.com\\\/avatar\\\/ae2f4d718e6c49043e314ce431e7e645d646302a24a5ef5a8bc8e3f5a032e319?s=96&d=mm&r=g\",\"url\":\"https:\\\/\\\/secure.gravatar.com\\\/avatar\\\/ae2f4d718e6c49043e314ce431e7e645d646302a24a5ef5a8bc8e3f5a032e319?s=96&d=mm&r=g\",\"contentUrl\":\"https:\\\/\\\/secure.gravatar.com\\\/avatar\\\/ae2f4d718e6c49043e314ce431e7e645d646302a24a5ef5a8bc8e3f5a032e319?s=96&d=mm&r=g\",\"caption\":\"Redaktion\"},\"sameAs\":[\"http:\\\/\\\/develop.organisator.galledia.ch\"],\"url\":\"https:\\\/\\\/www.immobilienbusiness.ch\\\/it\\\/author\\\/admin\\\/\"}]}<\/script>\n<!-- \/ Yoast SEO plugin. -->","yoast_head_json":{"title":"Procimmo-Fonds k\u00fcnftig b\u00f6rsenkotiert - IMMOBILIEN Business","description":"Procimmo-Fonds k\u00fcnftig b\u00f6rsenkotiert: Ab dem 7. Oktober 2016 ist der Streetbox Real Estate Fund an der SIX Swiss Exchange kotiert.","robots":{"index":"index","follow":"follow","max-snippet":"max-snippet:-1","max-image-preview":"max-image-preview:large","max-video-preview":"max-video-preview:-1"},"canonical":"https:\/\/www.immobilienbusiness.ch\/it\/allgemein\/2016-10-03\/procimmo-fonds-kuenftig-boersenkotiert\/","og_locale":"it_IT","og_type":"article","og_title":"Procimmo-Fonds k\u00fcnftig b\u00f6rsenkotiert","og_description":"Ab dem 7. Oktober 2016 ist der Streetbox Real Estate Fund, der von der Procimmo SA verwaltet wird, an der SIX Swiss Exchange kotiert. Er wird dem SXI Real Estate Funds Index angeh\u00f6ren.","og_url":"https:\/\/www.immobilienbusiness.ch\/it\/allgemein\/2016-10-03\/procimmo-fonds-kuenftig-boersenkotiert\/","og_site_name":"IMMOBILIEN Business","article_publisher":"https:\/\/www.facebook.com\/immobilienbusiness\/","article_published_time":"2016-10-03T07:44:41+00:00","author":"Redaktion","twitter_card":"summary_large_image","twitter_image":"https:\/\/www.immobilienbusiness.ch\/wp-content\/uploads\/2016\/12\/Procimmo-Fonds-kuenftig-boersenkotiert-immobilien-business.jpg","schema":{"@context":"https:\/\/schema.org","@graph":[{"@type":"Article","@id":"https:\/\/www.immobilienbusiness.ch\/allgemein\/2016-10-03\/procimmo-fonds-kuenftig-boersenkotiert\/#article","isPartOf":{"@id":"https:\/\/www.immobilienbusiness.ch\/allgemein\/2016-10-03\/procimmo-fonds-kuenftig-boersenkotiert\/"},"author":{"name":"Redaktion","@id":"https:\/\/www.immobilienbusiness.ch\/#\/schema\/person\/aa2bace6c5c5aad60102004a50c4eb1c"},"headline":"Procimmo-Fonds k\u00fcnftig b\u00f6rsenkotiert","datePublished":"2016-10-03T07:44:41+00:00","mainEntityOfPage":{"@id":"https:\/\/www.immobilienbusiness.ch\/allgemein\/2016-10-03\/procimmo-fonds-kuenftig-boersenkotiert\/"},"wordCount":142,"commentCount":0,"publisher":{"@id":"https:\/\/www.immobilienbusiness.ch\/#organization"},"image":{"@id":"https:\/\/www.immobilienbusiness.ch\/allgemein\/2016-10-03\/procimmo-fonds-kuenftig-boersenkotiert\/#primaryimage"},"thumbnailUrl":"https:\/\/www.immobilienbusiness.ch\/wp-content\/uploads\/2016\/12\/Procimmo-Fonds-kuenftig-boersenkotiert-immobilien-business.jpg","keywords":["Indirekte Immobilienanlagen","Spezial Immobilien"],"articleSection":["Allgemein"],"inLanguage":"it-IT"},{"@type":"WebPage","@id":"https:\/\/www.immobilienbusiness.ch\/allgemein\/2016-10-03\/procimmo-fonds-kuenftig-boersenkotiert\/","url":"https:\/\/www.immobilienbusiness.ch\/allgemein\/2016-10-03\/procimmo-fonds-kuenftig-boersenkotiert\/","name":"Procimmo-Fonds k\u00fcnftig b\u00f6rsenkotiert - IMMOBILIEN Business","isPartOf":{"@id":"https:\/\/www.immobilienbusiness.ch\/#website"},"primaryImageOfPage":{"@id":"https:\/\/www.immobilienbusiness.ch\/allgemein\/2016-10-03\/procimmo-fonds-kuenftig-boersenkotiert\/#primaryimage"},"image":{"@id":"https:\/\/www.immobilienbusiness.ch\/allgemein\/2016-10-03\/procimmo-fonds-kuenftig-boersenkotiert\/#primaryimage"},"thumbnailUrl":"https:\/\/www.immobilienbusiness.ch\/wp-content\/uploads\/2016\/12\/Procimmo-Fonds-kuenftig-boersenkotiert-immobilien-business.jpg","datePublished":"2016-10-03T07:44:41+00:00","description":"Procimmo-Fonds k\u00fcnftig b\u00f6rsenkotiert: Ab dem 7. Oktober 2016 ist der Streetbox Real Estate Fund an der SIX Swiss Exchange kotiert.","breadcrumb":{"@id":"https:\/\/www.immobilienbusiness.ch\/allgemein\/2016-10-03\/procimmo-fonds-kuenftig-boersenkotiert\/#breadcrumb"},"inLanguage":"it-IT","potentialAction":[{"@type":"ReadAction","target":["https:\/\/www.immobilienbusiness.ch\/allgemein\/2016-10-03\/procimmo-fonds-kuenftig-boersenkotiert\/"]}]},{"@type":"ImageObject","inLanguage":"it-IT","@id":"https:\/\/www.immobilienbusiness.ch\/allgemein\/2016-10-03\/procimmo-fonds-kuenftig-boersenkotiert\/#primaryimage","url":"https:\/\/www.immobilienbusiness.ch\/wp-content\/uploads\/2016\/12\/Procimmo-Fonds-kuenftig-boersenkotiert-immobilien-business.jpg","contentUrl":"https:\/\/www.immobilienbusiness.ch\/wp-content\/uploads\/2016\/12\/Procimmo-Fonds-kuenftig-boersenkotiert-immobilien-business.jpg","width":1280,"height":401,"caption":"Die Swiss Life ist mit dem ausserb\u00f6rslichen Handel f\u00fcr ihren Europa-Fonds nicht zufrieden (Grafik: Pixabay)"},{"@type":"BreadcrumbList","@id":"https:\/\/www.immobilienbusiness.ch\/allgemein\/2016-10-03\/procimmo-fonds-kuenftig-boersenkotiert\/#breadcrumb","itemListElement":[{"@type":"ListItem","position":1,"name":"Home","item":"https:\/\/www.immobilienbusiness.ch\/"},{"@type":"ListItem","position":2,"name":"Procimmo-Fonds k\u00fcnftig b\u00f6rsenkotiert"}]},{"@type":"WebSite","@id":"https:\/\/www.immobilienbusiness.ch\/#website","url":"https:\/\/www.immobilienbusiness.ch\/","name":"Affari immobiliari","description":"Rivista economica indipendente svizzera che si concentra sul settore immobiliare, l'architettura e la costruzione, nonch\u00e9 sugli investimenti e i finanziamenti.","publisher":{"@id":"https:\/\/www.immobilienbusiness.ch\/#organization"},"potentialAction":[{"@type":"SearchAction","target":{"@type":"EntryPoint","urlTemplate":"https:\/\/www.immobilienbusiness.ch\/?s={search_term_string}"},"query-input":{"@type":"PropertyValueSpecification","valueRequired":true,"valueName":"search_term_string"}}],"inLanguage":"it-IT"},{"@type":"Organization","@id":"https:\/\/www.immobilienbusiness.ch\/#organization","name":"Affari immobiliari","url":"https:\/\/www.immobilienbusiness.ch\/","logo":{"@type":"ImageObject","inLanguage":"it-IT","@id":"https:\/\/www.immobilienbusiness.ch\/#\/schema\/logo\/image\/","url":"https:\/\/www.immobilienbusiness.ch\/wp-content\/uploads\/2021\/07\/logo_ib.png","contentUrl":"https:\/\/www.immobilienbusiness.ch\/wp-content\/uploads\/2021\/07\/logo_ib.png","width":800,"height":181,"caption":"IMMOBILIEN Business"},"image":{"@id":"https:\/\/www.immobilienbusiness.ch\/#\/schema\/logo\/image\/"},"sameAs":["https:\/\/www.facebook.com\/immobilienbusiness\/"]},{"@type":"Person","@id":"https:\/\/www.immobilienbusiness.ch\/#\/schema\/person\/aa2bace6c5c5aad60102004a50c4eb1c","name":"Editoriale","image":{"@type":"ImageObject","inLanguage":"it-IT","@id":"https:\/\/secure.gravatar.com\/avatar\/ae2f4d718e6c49043e314ce431e7e645d646302a24a5ef5a8bc8e3f5a032e319?s=96&d=mm&r=g","url":"https:\/\/secure.gravatar.com\/avatar\/ae2f4d718e6c49043e314ce431e7e645d646302a24a5ef5a8bc8e3f5a032e319?s=96&d=mm&r=g","contentUrl":"https:\/\/secure.gravatar.com\/avatar\/ae2f4d718e6c49043e314ce431e7e645d646302a24a5ef5a8bc8e3f5a032e319?s=96&d=mm&r=g","caption":"Redaktion"},"sameAs":["http:\/\/develop.organisator.galledia.ch"],"url":"https:\/\/www.immobilienbusiness.ch\/it\/author\/admin\/"}]}},"_links":{"self":[{"href":"https:\/\/www.immobilienbusiness.ch\/it\/wp-json\/wp\/v2\/posts\/4287","targetHints":{"allow":["GET"]}}],"collection":[{"href":"https:\/\/www.immobilienbusiness.ch\/it\/wp-json\/wp\/v2\/posts"}],"about":[{"href":"https:\/\/www.immobilienbusiness.ch\/it\/wp-json\/wp\/v2\/types\/post"}],"author":[{"embeddable":true,"href":"https:\/\/www.immobilienbusiness.ch\/it\/wp-json\/wp\/v2\/users\/1"}],"replies":[{"embeddable":true,"href":"https:\/\/www.immobilienbusiness.ch\/it\/wp-json\/wp\/v2\/comments?post=4287"}],"version-history":[{"count":0,"href":"https:\/\/www.immobilienbusiness.ch\/it\/wp-json\/wp\/v2\/posts\/4287\/revisions"}],"wp:featuredmedia":[{"embeddable":true,"href":"https:\/\/www.immobilienbusiness.ch\/it\/wp-json\/wp\/v2\/media\/4288"}],"wp:attachment":[{"href":"https:\/\/www.immobilienbusiness.ch\/it\/wp-json\/wp\/v2\/media?parent=4287"}],"wp:term":[{"taxonomy":"category","embeddable":true,"href":"https:\/\/www.immobilienbusiness.ch\/it\/wp-json\/wp\/v2\/categories?post=4287"},{"taxonomy":"post_tag","embeddable":true,"href":"https:\/\/www.immobilienbusiness.ch\/it\/wp-json\/wp\/v2\/tags?post=4287"}],"curies":[{"name":"wp","href":"https:\/\/api.w.org\/{rel}","templated":true}]}}