{"id":42780,"date":"2022-06-02T07:35:15","date_gmt":"2022-06-02T05:35:15","guid":{"rendered":"https:\/\/www.immobilienbusiness.ch\/?p=42780"},"modified":"2022-06-02T09:01:01","modified_gmt":"2022-06-02T07:01:01","slug":"erstemission-fuer-den-avobis-wohnfonds-hat-begonnen","status":"publish","type":"post","link":"https:\/\/www.immobilienbusiness.ch\/it\/unternehmen\/2022-06-02\/erstemission-fuer-den-avobis-wohnfonds-hat-begonnen\/","title":{"rendered":"Al via la prima emissione del fondo immobiliare Avobis"},"content":{"rendered":"<figure id=\"attachment_6048\" aria-describedby=\"caption-attachment-6048\" style=\"width: 2000px\" class=\"wp-caption alignnone\"><a href=\"https:\/\/www.immobilienbusiness.ch\/wp-content\/uploads\/2017\/01\/Depositphotos_25081731_l-2015.jpg\"><img loading=\"lazy\" decoding=\"async\" class=\"size-full wp-image-6048\" src=\"https:\/\/www.immobilienbusiness.ch\/wp-content\/uploads\/2017\/01\/Depositphotos_25081731_l-2015.jpg\" alt=\"\" width=\"2000\" height=\"1333\" srcset=\"https:\/\/www.immobilienbusiness.ch\/wp-content\/uploads\/2017\/01\/Depositphotos_25081731_l-2015.jpg 2000w, https:\/\/www.immobilienbusiness.ch\/wp-content\/uploads\/2017\/01\/Depositphotos_25081731_l-2015-300x200.jpg 300w, https:\/\/www.immobilienbusiness.ch\/wp-content\/uploads\/2017\/01\/Depositphotos_25081731_l-2015-1024x682.jpg 1024w, https:\/\/www.immobilienbusiness.ch\/wp-content\/uploads\/2017\/01\/Depositphotos_25081731_l-2015-768x512.jpg 768w, https:\/\/www.immobilienbusiness.ch\/wp-content\/uploads\/2017\/01\/Depositphotos_25081731_l-2015-1536x1024.jpg 1536w, https:\/\/www.immobilienbusiness.ch\/wp-content\/uploads\/2017\/01\/Depositphotos_25081731_l-2015-16x12.jpg 16w, https:\/\/www.immobilienbusiness.ch\/wp-content\/uploads\/2017\/01\/Depositphotos_25081731_l-2015-263x175.jpg 263w, https:\/\/www.immobilienbusiness.ch\/wp-content\/uploads\/2017\/01\/Depositphotos_25081731_l-2015-525x350.jpg 525w, https:\/\/www.immobilienbusiness.ch\/wp-content\/uploads\/2017\/01\/Depositphotos_25081731_l-2015-1200x800.jpg 1200w, https:\/\/www.immobilienbusiness.ch\/wp-content\/uploads\/2017\/01\/Depositphotos_25081731_l-2015-920x613.jpg 920w, https:\/\/www.immobilienbusiness.ch\/wp-content\/uploads\/2017\/01\/Depositphotos_25081731_l-2015-1400x933.jpg 1400w\" sizes=\"auto, (max-width: 2000px) 100vw, 2000px\" \/><\/a><figcaption id=\"caption-attachment-6048\" class=\"wp-caption-text\">Parte la prima emissione del nuovo fondo Avobis (Foto: 3dmentat - depositphotos)<\/figcaption><\/figure>\n<p>Il periodo di sottoscrizione del comparto Avobis Swiss Residential Real Estate Fund Pension SICAV \u00e8 iniziato il 1\u00b0 giugno e proseguir\u00e0 fino al 1\u00b0 luglio. Il pagamento \u00e8 previsto per il 7 luglio. Secondo Avobis Invest, il fondo si rivolge esclusivamente a enti pensionistici professionali qualificati ed esenti da imposte e a fondi previdenziali e di compensazione qualificati ed esenti da imposte. Possono ora sottoscrivere le quote al valore patrimoniale netto (NAV); il prezzo di emissione per quota \u00e8 di 102 franchi svizzeri netti.<\/p>\n<p>Gli investimenti vengono effettuati in immobili residenziali in Svizzera, completamente affittati, di nuova costruzione e come nuovi, che offrono \"la garanzia di una distribuzione stabile e sostenibile\", secondo Avobis Invest. Nella costruzione del portafoglio si deve tenere conto, tra l'altro, delle future normative previste in materia di sostenibilit\u00e0. In questo modo, si pu\u00f2 garantire che gli immobili non richiederanno pi\u00f9 grandi investimenti nel medio termine.<\/p>\n<p>\"L'obiettivo della strategia d'investimento \u00e8 generare una distribuzione stabile e sostenibile per l'investitore, in linea con il mercato e il rischio, con la massima stabilit\u00e0 del valore\", afferma Fr\u00e9d\u00e9ric K\u00f6nigsegg, responsabile dei prodotti d'investimento di Avobis. Particolare attenzione \u00e8 rivolta alle normative previste nel settore dell'efficienza degli edifici e delle emissioni di CO2. <em>(ah)<\/em><\/p>","protected":false},"excerpt":{"rendered":"<p>Il Fondo Pensione Avobis Swiss Residential Real Estate di Avobis Invest \u00e8 aperto alla sottoscrizione. Investe in immobili residenziali in Svizzera.<\/p>","protected":false},"author":3,"featured_media":6048,"comment_status":"closed","ping_status":"closed","sticky":false,"template":"","format":"standard","meta":{"_acf_changed":false,"_yoast_wpseo_focuskw":"Avobis","_yoast_wpseo_title":"","_yoast_wpseo_metadesc":"Der Immobilienfonds Avobis Swiss Residential Real Estate Fund Pension von Avobis Invest liegt zur Zeichnung auf.","_yoast_wpseo_linkdex":53,"pgc_sgb_lightbox_settings":"","footnotes":""},"categories":[988],"tags":[1056,1344,1863],"class_list":["post-42780","post","type-post","status-publish","format-standard","has-post-thumbnail","hentry","category-unternehmen","tag-avobis","tag-immobilienfonds","tag-wohnimmobilien"],"acf":[],"yoast_head":"<!-- This site is optimized with the Yoast SEO plugin v27.5 - https:\/\/yoast.com\/product\/yoast-seo-wordpress\/ -->\n<title>Erstemission f\u00fcr den Avobis-Wohnfonds hat begonnen - IMMOBILIEN Business<\/title>\n<meta name=\"description\" content=\"Der Immobilienfonds Avobis Swiss Residential Real Estate Fund Pension von Avobis Invest liegt zur Zeichnung auf.\" \/>\n<meta name=\"robots\" content=\"index, follow, max-snippet:-1, max-image-preview:large, max-video-preview:-1\" \/>\n<link rel=\"canonical\" href=\"https:\/\/www.immobilienbusiness.ch\/it\/unternehmen\/2022-06-02\/erstemission-fuer-den-avobis-wohnfonds-hat-begonnen\/\" \/>\n<meta property=\"og:locale\" content=\"it_IT\" \/>\n<meta property=\"og:type\" content=\"article\" \/>\n<meta property=\"og:title\" content=\"Erstemission f\u00fcr den Avobis-Wohnfonds hat begonnen - IMMOBILIEN Business\" \/>\n<meta property=\"og:description\" content=\"Der Immobilienfonds Avobis Swiss Residential Real Estate Fund Pension von Avobis Invest liegt zur Zeichnung auf.\" \/>\n<meta property=\"og:url\" content=\"https:\/\/www.immobilienbusiness.ch\/it\/unternehmen\/2022-06-02\/erstemission-fuer-den-avobis-wohnfonds-hat-begonnen\/\" \/>\n<meta property=\"og:site_name\" content=\"IMMOBILIEN Business\" \/>\n<meta property=\"article:publisher\" content=\"https:\/\/www.facebook.com\/immobilienbusiness\/\" \/>\n<meta property=\"article:published_time\" content=\"2022-06-02T05:35:15+00:00\" \/>\n<meta property=\"article:modified_time\" content=\"2022-06-02T07:01:01+00:00\" \/>\n<meta property=\"og:image\" content=\"https:\/\/www.immobilienbusiness.ch\/wp-content\/uploads\/2017\/01\/Depositphotos_25081731_l-2015-1024x682.jpg\" \/>\n\t<meta property=\"og:image:width\" content=\"1024\" \/>\n\t<meta property=\"og:image:height\" content=\"682\" \/>\n\t<meta property=\"og:image:type\" content=\"image\/jpeg\" \/>\n<meta name=\"author\" content=\"anja.hall\" \/>\n<meta name=\"twitter:card\" content=\"summary_large_image\" \/>\n<meta name=\"twitter:image\" content=\"https:\/\/www.immobilienbusiness.ch\/wp-content\/uploads\/2017\/01\/Depositphotos_25081731_l-2015.jpg\" \/>\n<script type=\"application\/ld+json\" class=\"yoast-schema-graph\">{\"@context\":\"https:\\\/\\\/schema.org\",\"@graph\":[{\"@type\":\"Article\",\"@id\":\"https:\\\/\\\/www.immobilienbusiness.ch\\\/fr\\\/unternehmen\\\/2022-06-02\\\/erstemission-fuer-den-avobis-wohnfonds-hat-begonnen\\\/#article\",\"isPartOf\":{\"@id\":\"https:\\\/\\\/www.immobilienbusiness.ch\\\/fr\\\/unternehmen\\\/2022-06-02\\\/erstemission-fuer-den-avobis-wohnfonds-hat-begonnen\\\/\"},\"author\":{\"name\":\"anja.hall\",\"@id\":\"https:\\\/\\\/www.immobilienbusiness.ch\\\/#\\\/schema\\\/person\\\/3fc036297b10b9f42d6db5ee932af8c8\"},\"headline\":\"Erstemission f\u00fcr den Avobis-Wohnfonds hat begonnen\",\"datePublished\":\"2022-06-02T05:35:15+00:00\",\"dateModified\":\"2022-06-02T07:01:01+00:00\",\"mainEntityOfPage\":{\"@id\":\"https:\\\/\\\/www.immobilienbusiness.ch\\\/fr\\\/unternehmen\\\/2022-06-02\\\/erstemission-fuer-den-avobis-wohnfonds-hat-begonnen\\\/\"},\"wordCount\":220,\"publisher\":{\"@id\":\"https:\\\/\\\/www.immobilienbusiness.ch\\\/#organization\"},\"image\":{\"@id\":\"https:\\\/\\\/www.immobilienbusiness.ch\\\/fr\\\/unternehmen\\\/2022-06-02\\\/erstemission-fuer-den-avobis-wohnfonds-hat-begonnen\\\/#primaryimage\"},\"thumbnailUrl\":\"https:\\\/\\\/www.immobilienbusiness.ch\\\/wp-content\\\/uploads\\\/2017\\\/01\\\/Depositphotos_25081731_l-2015.jpg\",\"keywords\":[\"Avobis\",\"Immobilienfonds\",\"Wohnimmobilien\"],\"articleSection\":[\"UNTERNEHMEN\"],\"inLanguage\":\"it-IT\"},{\"@type\":\"WebPage\",\"@id\":\"https:\\\/\\\/www.immobilienbusiness.ch\\\/fr\\\/unternehmen\\\/2022-06-02\\\/erstemission-fuer-den-avobis-wohnfonds-hat-begonnen\\\/\",\"url\":\"https:\\\/\\\/www.immobilienbusiness.ch\\\/fr\\\/unternehmen\\\/2022-06-02\\\/erstemission-fuer-den-avobis-wohnfonds-hat-begonnen\\\/\",\"name\":\"Erstemission f\u00fcr den Avobis-Wohnfonds hat begonnen - IMMOBILIEN Business\",\"isPartOf\":{\"@id\":\"https:\\\/\\\/www.immobilienbusiness.ch\\\/#website\"},\"primaryImageOfPage\":{\"@id\":\"https:\\\/\\\/www.immobilienbusiness.ch\\\/fr\\\/unternehmen\\\/2022-06-02\\\/erstemission-fuer-den-avobis-wohnfonds-hat-begonnen\\\/#primaryimage\"},\"image\":{\"@id\":\"https:\\\/\\\/www.immobilienbusiness.ch\\\/fr\\\/unternehmen\\\/2022-06-02\\\/erstemission-fuer-den-avobis-wohnfonds-hat-begonnen\\\/#primaryimage\"},\"thumbnailUrl\":\"https:\\\/\\\/www.immobilienbusiness.ch\\\/wp-content\\\/uploads\\\/2017\\\/01\\\/Depositphotos_25081731_l-2015.jpg\",\"datePublished\":\"2022-06-02T05:35:15+00:00\",\"dateModified\":\"2022-06-02T07:01:01+00:00\",\"description\":\"Der Immobilienfonds Avobis Swiss Residential Real Estate Fund Pension von Avobis Invest liegt zur Zeichnung auf.\",\"breadcrumb\":{\"@id\":\"https:\\\/\\\/www.immobilienbusiness.ch\\\/fr\\\/unternehmen\\\/2022-06-02\\\/erstemission-fuer-den-avobis-wohnfonds-hat-begonnen\\\/#breadcrumb\"},\"inLanguage\":\"it-IT\",\"potentialAction\":[{\"@type\":\"ReadAction\",\"target\":[\"https:\\\/\\\/www.immobilienbusiness.ch\\\/fr\\\/unternehmen\\\/2022-06-02\\\/erstemission-fuer-den-avobis-wohnfonds-hat-begonnen\\\/\"]}]},{\"@type\":\"ImageObject\",\"inLanguage\":\"it-IT\",\"@id\":\"https:\\\/\\\/www.immobilienbusiness.ch\\\/fr\\\/unternehmen\\\/2022-06-02\\\/erstemission-fuer-den-avobis-wohnfonds-hat-begonnen\\\/#primaryimage\",\"url\":\"https:\\\/\\\/www.immobilienbusiness.ch\\\/wp-content\\\/uploads\\\/2017\\\/01\\\/Depositphotos_25081731_l-2015.jpg\",\"contentUrl\":\"https:\\\/\\\/www.immobilienbusiness.ch\\\/wp-content\\\/uploads\\\/2017\\\/01\\\/Depositphotos_25081731_l-2015.jpg\",\"width\":2000,\"height\":1333,\"caption\":\"JLL wird Sch\u00e4tzungsexperte der AXA-Immovation-Fonds (Foto: 3dmentat - depositphotos)\"},{\"@type\":\"BreadcrumbList\",\"@id\":\"https:\\\/\\\/www.immobilienbusiness.ch\\\/fr\\\/unternehmen\\\/2022-06-02\\\/erstemission-fuer-den-avobis-wohnfonds-hat-begonnen\\\/#breadcrumb\",\"itemListElement\":[{\"@type\":\"ListItem\",\"position\":1,\"name\":\"Home\",\"item\":\"https:\\\/\\\/www.immobilienbusiness.ch\\\/\"},{\"@type\":\"ListItem\",\"position\":2,\"name\":\"Erstemission f\u00fcr den Avobis-Wohnfonds hat begonnen\"}]},{\"@type\":\"WebSite\",\"@id\":\"https:\\\/\\\/www.immobilienbusiness.ch\\\/#website\",\"url\":\"https:\\\/\\\/www.immobilienbusiness.ch\\\/\",\"name\":\"IMMOBILIEN Business\",\"description\":\"Unabh\u00e4ngiges Schweizer Wirtschaftsmagazin mit Fokus auf Immobilien, Architektur- und Bau sowie Investment- und Finanzierung.\",\"publisher\":{\"@id\":\"https:\\\/\\\/www.immobilienbusiness.ch\\\/#organization\"},\"potentialAction\":[{\"@type\":\"SearchAction\",\"target\":{\"@type\":\"EntryPoint\",\"urlTemplate\":\"https:\\\/\\\/www.immobilienbusiness.ch\\\/?s={search_term_string}\"},\"query-input\":{\"@type\":\"PropertyValueSpecification\",\"valueRequired\":true,\"valueName\":\"search_term_string\"}}],\"inLanguage\":\"it-IT\"},{\"@type\":\"Organization\",\"@id\":\"https:\\\/\\\/www.immobilienbusiness.ch\\\/#organization\",\"name\":\"IMMOBILIEN Business\",\"url\":\"https:\\\/\\\/www.immobilienbusiness.ch\\\/\",\"logo\":{\"@type\":\"ImageObject\",\"inLanguage\":\"it-IT\",\"@id\":\"https:\\\/\\\/www.immobilienbusiness.ch\\\/#\\\/schema\\\/logo\\\/image\\\/\",\"url\":\"https:\\\/\\\/www.immobilienbusiness.ch\\\/wp-content\\\/uploads\\\/2021\\\/07\\\/logo_ib.png\",\"contentUrl\":\"https:\\\/\\\/www.immobilienbusiness.ch\\\/wp-content\\\/uploads\\\/2021\\\/07\\\/logo_ib.png\",\"width\":800,\"height\":181,\"caption\":\"IMMOBILIEN Business\"},\"image\":{\"@id\":\"https:\\\/\\\/www.immobilienbusiness.ch\\\/#\\\/schema\\\/logo\\\/image\\\/\"},\"sameAs\":[\"https:\\\/\\\/www.facebook.com\\\/immobilienbusiness\\\/\"]},{\"@type\":\"Person\",\"@id\":\"https:\\\/\\\/www.immobilienbusiness.ch\\\/#\\\/schema\\\/person\\\/3fc036297b10b9f42d6db5ee932af8c8\",\"name\":\"anja.hall\",\"image\":{\"@type\":\"ImageObject\",\"inLanguage\":\"it-IT\",\"@id\":\"https:\\\/\\\/secure.gravatar.com\\\/avatar\\\/066b5a0d447013502c71a5782f4f3469f03cfe595cc2329fb94652fe47511bfb?s=96&d=mm&r=g\",\"url\":\"https:\\\/\\\/secure.gravatar.com\\\/avatar\\\/066b5a0d447013502c71a5782f4f3469f03cfe595cc2329fb94652fe47511bfb?s=96&d=mm&r=g\",\"contentUrl\":\"https:\\\/\\\/secure.gravatar.com\\\/avatar\\\/066b5a0d447013502c71a5782f4f3469f03cfe595cc2329fb94652fe47511bfb?s=96&d=mm&r=g\",\"caption\":\"anja.hall\"},\"url\":\"https:\\\/\\\/www.immobilienbusiness.ch\\\/it\\\/author\\\/anja-hall\\\/\"}]}<\/script>\n<!-- \/ Yoast SEO plugin. -->","yoast_head_json":{"title":"Erstemission f\u00fcr den Avobis-Wohnfonds hat begonnen - IMMOBILIEN Business","description":"Der Immobilienfonds Avobis Swiss Residential Real Estate Fund Pension von Avobis Invest liegt zur Zeichnung auf.","robots":{"index":"index","follow":"follow","max-snippet":"max-snippet:-1","max-image-preview":"max-image-preview:large","max-video-preview":"max-video-preview:-1"},"canonical":"https:\/\/www.immobilienbusiness.ch\/it\/unternehmen\/2022-06-02\/erstemission-fuer-den-avobis-wohnfonds-hat-begonnen\/","og_locale":"it_IT","og_type":"article","og_title":"Erstemission f\u00fcr den Avobis-Wohnfonds hat begonnen - IMMOBILIEN Business","og_description":"Der Immobilienfonds Avobis Swiss Residential Real Estate Fund Pension von Avobis Invest liegt zur Zeichnung auf.","og_url":"https:\/\/www.immobilienbusiness.ch\/it\/unternehmen\/2022-06-02\/erstemission-fuer-den-avobis-wohnfonds-hat-begonnen\/","og_site_name":"IMMOBILIEN Business","article_publisher":"https:\/\/www.facebook.com\/immobilienbusiness\/","article_published_time":"2022-06-02T05:35:15+00:00","article_modified_time":"2022-06-02T07:01:01+00:00","og_image":[{"width":1024,"height":682,"url":"https:\/\/www.immobilienbusiness.ch\/wp-content\/uploads\/2017\/01\/Depositphotos_25081731_l-2015-1024x682.jpg","type":"image\/jpeg"}],"author":"anja.hall","twitter_card":"summary_large_image","twitter_image":"https:\/\/www.immobilienbusiness.ch\/wp-content\/uploads\/2017\/01\/Depositphotos_25081731_l-2015.jpg","schema":{"@context":"https:\/\/schema.org","@graph":[{"@type":"Article","@id":"https:\/\/www.immobilienbusiness.ch\/fr\/unternehmen\/2022-06-02\/erstemission-fuer-den-avobis-wohnfonds-hat-begonnen\/#article","isPartOf":{"@id":"https:\/\/www.immobilienbusiness.ch\/fr\/unternehmen\/2022-06-02\/erstemission-fuer-den-avobis-wohnfonds-hat-begonnen\/"},"author":{"name":"anja.hall","@id":"https:\/\/www.immobilienbusiness.ch\/#\/schema\/person\/3fc036297b10b9f42d6db5ee932af8c8"},"headline":"Erstemission f\u00fcr den Avobis-Wohnfonds hat begonnen","datePublished":"2022-06-02T05:35:15+00:00","dateModified":"2022-06-02T07:01:01+00:00","mainEntityOfPage":{"@id":"https:\/\/www.immobilienbusiness.ch\/fr\/unternehmen\/2022-06-02\/erstemission-fuer-den-avobis-wohnfonds-hat-begonnen\/"},"wordCount":220,"publisher":{"@id":"https:\/\/www.immobilienbusiness.ch\/#organization"},"image":{"@id":"https:\/\/www.immobilienbusiness.ch\/fr\/unternehmen\/2022-06-02\/erstemission-fuer-den-avobis-wohnfonds-hat-begonnen\/#primaryimage"},"thumbnailUrl":"https:\/\/www.immobilienbusiness.ch\/wp-content\/uploads\/2017\/01\/Depositphotos_25081731_l-2015.jpg","keywords":["Avobis","Immobilienfonds","Wohnimmobilien"],"articleSection":["UNTERNEHMEN"],"inLanguage":"it-IT"},{"@type":"WebPage","@id":"https:\/\/www.immobilienbusiness.ch\/fr\/unternehmen\/2022-06-02\/erstemission-fuer-den-avobis-wohnfonds-hat-begonnen\/","url":"https:\/\/www.immobilienbusiness.ch\/fr\/unternehmen\/2022-06-02\/erstemission-fuer-den-avobis-wohnfonds-hat-begonnen\/","name":"Erstemission f\u00fcr den Avobis-Wohnfonds hat begonnen - IMMOBILIEN Business","isPartOf":{"@id":"https:\/\/www.immobilienbusiness.ch\/#website"},"primaryImageOfPage":{"@id":"https:\/\/www.immobilienbusiness.ch\/fr\/unternehmen\/2022-06-02\/erstemission-fuer-den-avobis-wohnfonds-hat-begonnen\/#primaryimage"},"image":{"@id":"https:\/\/www.immobilienbusiness.ch\/fr\/unternehmen\/2022-06-02\/erstemission-fuer-den-avobis-wohnfonds-hat-begonnen\/#primaryimage"},"thumbnailUrl":"https:\/\/www.immobilienbusiness.ch\/wp-content\/uploads\/2017\/01\/Depositphotos_25081731_l-2015.jpg","datePublished":"2022-06-02T05:35:15+00:00","dateModified":"2022-06-02T07:01:01+00:00","description":"Der Immobilienfonds Avobis Swiss Residential Real Estate Fund Pension von Avobis Invest liegt zur Zeichnung auf.","breadcrumb":{"@id":"https:\/\/www.immobilienbusiness.ch\/fr\/unternehmen\/2022-06-02\/erstemission-fuer-den-avobis-wohnfonds-hat-begonnen\/#breadcrumb"},"inLanguage":"it-IT","potentialAction":[{"@type":"ReadAction","target":["https:\/\/www.immobilienbusiness.ch\/fr\/unternehmen\/2022-06-02\/erstemission-fuer-den-avobis-wohnfonds-hat-begonnen\/"]}]},{"@type":"ImageObject","inLanguage":"it-IT","@id":"https:\/\/www.immobilienbusiness.ch\/fr\/unternehmen\/2022-06-02\/erstemission-fuer-den-avobis-wohnfonds-hat-begonnen\/#primaryimage","url":"https:\/\/www.immobilienbusiness.ch\/wp-content\/uploads\/2017\/01\/Depositphotos_25081731_l-2015.jpg","contentUrl":"https:\/\/www.immobilienbusiness.ch\/wp-content\/uploads\/2017\/01\/Depositphotos_25081731_l-2015.jpg","width":2000,"height":1333,"caption":"JLL wird Sch\u00e4tzungsexperte der AXA-Immovation-Fonds (Foto: 3dmentat - depositphotos)"},{"@type":"BreadcrumbList","@id":"https:\/\/www.immobilienbusiness.ch\/fr\/unternehmen\/2022-06-02\/erstemission-fuer-den-avobis-wohnfonds-hat-begonnen\/#breadcrumb","itemListElement":[{"@type":"ListItem","position":1,"name":"Home","item":"https:\/\/www.immobilienbusiness.ch\/"},{"@type":"ListItem","position":2,"name":"Erstemission f\u00fcr den Avobis-Wohnfonds hat begonnen"}]},{"@type":"WebSite","@id":"https:\/\/www.immobilienbusiness.ch\/#website","url":"https:\/\/www.immobilienbusiness.ch\/","name":"Affari immobiliari","description":"Rivista economica indipendente svizzera che si concentra sul settore immobiliare, l'architettura e la costruzione, nonch\u00e9 sugli investimenti e i finanziamenti.","publisher":{"@id":"https:\/\/www.immobilienbusiness.ch\/#organization"},"potentialAction":[{"@type":"SearchAction","target":{"@type":"EntryPoint","urlTemplate":"https:\/\/www.immobilienbusiness.ch\/?s={search_term_string}"},"query-input":{"@type":"PropertyValueSpecification","valueRequired":true,"valueName":"search_term_string"}}],"inLanguage":"it-IT"},{"@type":"Organization","@id":"https:\/\/www.immobilienbusiness.ch\/#organization","name":"Affari immobiliari","url":"https:\/\/www.immobilienbusiness.ch\/","logo":{"@type":"ImageObject","inLanguage":"it-IT","@id":"https:\/\/www.immobilienbusiness.ch\/#\/schema\/logo\/image\/","url":"https:\/\/www.immobilienbusiness.ch\/wp-content\/uploads\/2021\/07\/logo_ib.png","contentUrl":"https:\/\/www.immobilienbusiness.ch\/wp-content\/uploads\/2021\/07\/logo_ib.png","width":800,"height":181,"caption":"IMMOBILIEN Business"},"image":{"@id":"https:\/\/www.immobilienbusiness.ch\/#\/schema\/logo\/image\/"},"sameAs":["https:\/\/www.facebook.com\/immobilienbusiness\/"]},{"@type":"Person","@id":"https:\/\/www.immobilienbusiness.ch\/#\/schema\/person\/3fc036297b10b9f42d6db5ee932af8c8","name":"anja.hall","image":{"@type":"ImageObject","inLanguage":"it-IT","@id":"https:\/\/secure.gravatar.com\/avatar\/066b5a0d447013502c71a5782f4f3469f03cfe595cc2329fb94652fe47511bfb?s=96&d=mm&r=g","url":"https:\/\/secure.gravatar.com\/avatar\/066b5a0d447013502c71a5782f4f3469f03cfe595cc2329fb94652fe47511bfb?s=96&d=mm&r=g","contentUrl":"https:\/\/secure.gravatar.com\/avatar\/066b5a0d447013502c71a5782f4f3469f03cfe595cc2329fb94652fe47511bfb?s=96&d=mm&r=g","caption":"anja.hall"},"url":"https:\/\/www.immobilienbusiness.ch\/it\/author\/anja-hall\/"}]}},"_links":{"self":[{"href":"https:\/\/www.immobilienbusiness.ch\/it\/wp-json\/wp\/v2\/posts\/42780","targetHints":{"allow":["GET"]}}],"collection":[{"href":"https:\/\/www.immobilienbusiness.ch\/it\/wp-json\/wp\/v2\/posts"}],"about":[{"href":"https:\/\/www.immobilienbusiness.ch\/it\/wp-json\/wp\/v2\/types\/post"}],"author":[{"embeddable":true,"href":"https:\/\/www.immobilienbusiness.ch\/it\/wp-json\/wp\/v2\/users\/3"}],"replies":[{"embeddable":true,"href":"https:\/\/www.immobilienbusiness.ch\/it\/wp-json\/wp\/v2\/comments?post=42780"}],"version-history":[{"count":2,"href":"https:\/\/www.immobilienbusiness.ch\/it\/wp-json\/wp\/v2\/posts\/42780\/revisions"}],"predecessor-version":[{"id":42804,"href":"https:\/\/www.immobilienbusiness.ch\/it\/wp-json\/wp\/v2\/posts\/42780\/revisions\/42804"}],"wp:featuredmedia":[{"embeddable":true,"href":"https:\/\/www.immobilienbusiness.ch\/it\/wp-json\/wp\/v2\/media\/6048"}],"wp:attachment":[{"href":"https:\/\/www.immobilienbusiness.ch\/it\/wp-json\/wp\/v2\/media?parent=42780"}],"wp:term":[{"taxonomy":"category","embeddable":true,"href":"https:\/\/www.immobilienbusiness.ch\/it\/wp-json\/wp\/v2\/categories?post=42780"},{"taxonomy":"post_tag","embeddable":true,"href":"https:\/\/www.immobilienbusiness.ch\/it\/wp-json\/wp\/v2\/tags?post=42780"}],"curies":[{"name":"wp","href":"https:\/\/api.w.org\/{rel}","templated":true}]}}