{"id":42522,"date":"2022-05-09T08:15:07","date_gmt":"2022-05-09T06:15:07","guid":{"rendered":"https:\/\/www.immobilienbusiness.ch\/?p=42522"},"modified":"2023-07-31T14:15:11","modified_gmt":"2023-07-31T12:15:11","slug":"avobis-lanciert-wohnimmobilienfonds","status":"publish","type":"post","link":"https:\/\/www.immobilienbusiness.ch\/it\/unternehmen\/2022-05-09\/avobis-lanciert-wohnimmobilienfonds\/","title":{"rendered":"Avobis lancia un fondo immobiliare residenziale"},"content":{"rendered":"<figure id=\"attachment_17727\" aria-describedby=\"caption-attachment-17727\" style=\"width: 585px\" class=\"wp-caption alignnone\"><a href=\"https:\/\/www.immobilienbusiness.ch\/wp-content\/uploads\/2019\/07\/Coverbild-Schweizer-Immobilienbrief-284.jpg\"><img loading=\"lazy\" decoding=\"async\" class=\"wp-image-17727 size-full\" src=\"https:\/\/www.immobilienbusiness.ch\/wp-content\/uploads\/2019\/07\/Coverbild-Schweizer-Immobilienbrief-284.jpg\" alt=\"Avobis Swiss Residential\" width=\"585\" height=\"386\" srcset=\"https:\/\/www.immobilienbusiness.ch\/wp-content\/uploads\/2019\/07\/Coverbild-Schweizer-Immobilienbrief-284.jpg 585w, https:\/\/www.immobilienbusiness.ch\/wp-content\/uploads\/2019\/07\/Coverbild-Schweizer-Immobilienbrief-284-300x198.jpg 300w, https:\/\/www.immobilienbusiness.ch\/wp-content\/uploads\/2019\/07\/Coverbild-Schweizer-Immobilienbrief-284-16x12.jpg 16w, https:\/\/www.immobilienbusiness.ch\/wp-content\/uploads\/2019\/07\/Coverbild-Schweizer-Immobilienbrief-284-265x175.jpg 265w, https:\/\/www.immobilienbusiness.ch\/wp-content\/uploads\/2019\/07\/Coverbild-Schweizer-Immobilienbrief-284-530x350.jpg 530w\" sizes=\"auto, (max-width: 585px) 100vw, 585px\" \/><\/a><figcaption id=\"caption-attachment-17727\" class=\"wp-caption-text\">Il nuovo fondo di Avobis si concentra sull'immobiliare residenziale (Immagine: KZLOBASTOV\/DEPOSITPHOTOS)<\/figcaption><\/figure>\n<p>Avobis Invest AG, membro del Gruppo Avobis, lancia il suo primo fondo immobiliare, Avobis Real Estate Funds SICAV. Il comparto Avobis Swiss Residential Real Estate Fund Pension contenuto nel fondo \u00e8 destinato a investire in immobili residenziali in Svizzera, completamente affittati e come nuovi, afferma la societ\u00e0. Tra l'altro, il portafoglio sar\u00e0 costruito tenendo in particolare considerazione le future normative previste nel settore dell'edilizia e della tutela ambientale. In questo modo, Avobis Invest vuole assicurarsi che le propriet\u00e0 soddisfino i criteri pi\u00f9 importanti in termini di efficienza degli edifici e di emissioni di CO2, ad esempio, e che non siano necessari grandi investimenti a medio termine.<\/p>\n<p>\"L'obiettivo della strategia d'investimento \u00e8 quello di generare una distribuzione stabile e sostenibile per l'investitore in linea con il mercato e il rischio, massimizzando la stabilit\u00e0 del valore\", afferma Fr\u00e9d\u00e9ric K\u00f6nigsegg, Head Investment Products di Avobis.<\/p>\n<p>Il comparto Avobis Swiss Residential Real Estate Fund Pension si rivolge a istituti di previdenza professionale qualificati ed esenti da imposte, nonch\u00e9 a fondi di previdenza sociale e di compensazione qualificati ed esenti da imposte. Il volume dell'emissione dovrebbe essere compreso tra 60 e 80 milioni di franchi svizzeri.<\/p>\n<p>Il periodo di sottoscrizione va dal 1\u00b0 giugno al 1\u00b0 luglio 2022, con pagamento previsto per il 7 luglio. La gestione dei fondi \u00e8 stata delegata a PvB Pernet von Ballmoos AG, mentre Avobis Invest \u00e8 responsabile dell'asset management. <em>(ah)<\/em><\/p>","protected":false},"excerpt":{"rendered":"<p>Avobis Invest lancia per la prima volta un proprio fondo immobiliare. Si rivolge a investitori qualificati e intende investire in immobili residenziali.<\/p>","protected":false},"author":3,"featured_media":17727,"comment_status":"closed","ping_status":"closed","sticky":false,"template":"","format":"standard","meta":{"_acf_changed":false,"_yoast_wpseo_focuskw":"Avobis Swiss Residential","_yoast_wpseo_title":"","_yoast_wpseo_metadesc":"Die Avobis Invest legt erstmals einen eigenen Immobilienfonds auf. Er richtet sich an qualifizierte Anleger und will in Wohnimmobilien investieren.","_yoast_wpseo_linkdex":50,"pgc_sgb_lightbox_settings":"","footnotes":""},"categories":[988],"tags":[1056,1344,1863],"class_list":["post-42522","post","type-post","status-publish","format-standard","has-post-thumbnail","hentry","category-unternehmen","tag-avobis","tag-immobilienfonds","tag-wohnimmobilien"],"acf":[],"yoast_head":"<!-- This site is optimized with the Yoast SEO plugin v27.4 - https:\/\/yoast.com\/product\/yoast-seo-wordpress\/ -->\n<title>Avobis lanciert Wohnimmobilienfonds - IMMOBILIEN Business<\/title>\n<meta name=\"description\" content=\"Die Avobis Invest legt erstmals einen eigenen Immobilienfonds auf. Er richtet sich an qualifizierte Anleger und will in Wohnimmobilien investieren.\" \/>\n<meta name=\"robots\" content=\"index, follow, max-snippet:-1, max-image-preview:large, max-video-preview:-1\" \/>\n<link rel=\"canonical\" href=\"https:\/\/www.immobilienbusiness.ch\/it\/unternehmen\/2022-05-09\/avobis-lanciert-wohnimmobilienfonds\/\" \/>\n<meta property=\"og:locale\" content=\"it_IT\" \/>\n<meta property=\"og:type\" content=\"article\" \/>\n<meta property=\"og:title\" content=\"Avobis lanciert Wohnimmobilienfonds - IMMOBILIEN Business\" \/>\n<meta property=\"og:description\" content=\"Die Avobis Invest legt erstmals einen eigenen Immobilienfonds auf. Er richtet sich an qualifizierte Anleger und will in Wohnimmobilien investieren.\" \/>\n<meta property=\"og:url\" content=\"https:\/\/www.immobilienbusiness.ch\/it\/unternehmen\/2022-05-09\/avobis-lanciert-wohnimmobilienfonds\/\" \/>\n<meta property=\"og:site_name\" content=\"IMMOBILIEN Business\" \/>\n<meta property=\"article:publisher\" content=\"https:\/\/www.facebook.com\/immobilienbusiness\/\" \/>\n<meta property=\"article:published_time\" content=\"2022-05-09T06:15:07+00:00\" \/>\n<meta property=\"article:modified_time\" content=\"2023-07-31T12:15:11+00:00\" \/>\n<meta property=\"og:image\" content=\"https:\/\/www.immobilienbusiness.ch\/wp-content\/uploads\/2019\/07\/Coverbild-Schweizer-Immobilienbrief-284.jpg\" \/>\n\t<meta property=\"og:image:width\" content=\"585\" \/>\n\t<meta property=\"og:image:height\" content=\"386\" \/>\n\t<meta property=\"og:image:type\" content=\"image\/jpeg\" \/>\n<meta name=\"author\" content=\"anja.hall\" \/>\n<meta name=\"twitter:card\" content=\"summary_large_image\" \/>\n<meta name=\"twitter:image\" content=\"https:\/\/www.immobilienbusiness.ch\/wp-content\/uploads\/2019\/07\/Coverbild-Schweizer-Immobilienbrief-284.jpg\" \/>\n<script type=\"application\/ld+json\" class=\"yoast-schema-graph\">{\"@context\":\"https:\\\/\\\/schema.org\",\"@graph\":[{\"@type\":\"Article\",\"@id\":\"https:\\\/\\\/www.immobilienbusiness.ch\\\/unternehmen\\\/2022-05-09\\\/avobis-lanciert-wohnimmobilienfonds\\\/#article\",\"isPartOf\":{\"@id\":\"https:\\\/\\\/www.immobilienbusiness.ch\\\/unternehmen\\\/2022-05-09\\\/avobis-lanciert-wohnimmobilienfonds\\\/\"},\"author\":{\"name\":\"anja.hall\",\"@id\":\"https:\\\/\\\/www.immobilienbusiness.ch\\\/#\\\/schema\\\/person\\\/3fc036297b10b9f42d6db5ee932af8c8\"},\"headline\":\"Avobis lanciert Wohnimmobilienfonds\",\"datePublished\":\"2022-05-09T06:15:07+00:00\",\"dateModified\":\"2023-07-31T12:15:11+00:00\",\"mainEntityOfPage\":{\"@id\":\"https:\\\/\\\/www.immobilienbusiness.ch\\\/unternehmen\\\/2022-05-09\\\/avobis-lanciert-wohnimmobilienfonds\\\/\"},\"wordCount\":222,\"publisher\":{\"@id\":\"https:\\\/\\\/www.immobilienbusiness.ch\\\/#organization\"},\"image\":{\"@id\":\"https:\\\/\\\/www.immobilienbusiness.ch\\\/unternehmen\\\/2022-05-09\\\/avobis-lanciert-wohnimmobilienfonds\\\/#primaryimage\"},\"thumbnailUrl\":\"https:\\\/\\\/www.immobilienbusiness.ch\\\/wp-content\\\/uploads\\\/2019\\\/07\\\/Coverbild-Schweizer-Immobilienbrief-284.jpg\",\"keywords\":[\"Avobis\",\"Immobilienfonds\",\"Wohnimmobilien\"],\"articleSection\":[\"UNTERNEHMEN\"],\"inLanguage\":\"it-IT\"},{\"@type\":\"WebPage\",\"@id\":\"https:\\\/\\\/www.immobilienbusiness.ch\\\/unternehmen\\\/2022-05-09\\\/avobis-lanciert-wohnimmobilienfonds\\\/\",\"url\":\"https:\\\/\\\/www.immobilienbusiness.ch\\\/unternehmen\\\/2022-05-09\\\/avobis-lanciert-wohnimmobilienfonds\\\/\",\"name\":\"Avobis lanciert Wohnimmobilienfonds - IMMOBILIEN Business\",\"isPartOf\":{\"@id\":\"https:\\\/\\\/www.immobilienbusiness.ch\\\/#website\"},\"primaryImageOfPage\":{\"@id\":\"https:\\\/\\\/www.immobilienbusiness.ch\\\/unternehmen\\\/2022-05-09\\\/avobis-lanciert-wohnimmobilienfonds\\\/#primaryimage\"},\"image\":{\"@id\":\"https:\\\/\\\/www.immobilienbusiness.ch\\\/unternehmen\\\/2022-05-09\\\/avobis-lanciert-wohnimmobilienfonds\\\/#primaryimage\"},\"thumbnailUrl\":\"https:\\\/\\\/www.immobilienbusiness.ch\\\/wp-content\\\/uploads\\\/2019\\\/07\\\/Coverbild-Schweizer-Immobilienbrief-284.jpg\",\"datePublished\":\"2022-05-09T06:15:07+00:00\",\"dateModified\":\"2023-07-31T12:15:11+00:00\",\"description\":\"Die Avobis Invest legt erstmals einen eigenen Immobilienfonds auf. Er richtet sich an qualifizierte Anleger und will in Wohnimmobilien investieren.\",\"breadcrumb\":{\"@id\":\"https:\\\/\\\/www.immobilienbusiness.ch\\\/unternehmen\\\/2022-05-09\\\/avobis-lanciert-wohnimmobilienfonds\\\/#breadcrumb\"},\"inLanguage\":\"it-IT\",\"potentialAction\":[{\"@type\":\"ReadAction\",\"target\":[\"https:\\\/\\\/www.immobilienbusiness.ch\\\/unternehmen\\\/2022-05-09\\\/avobis-lanciert-wohnimmobilienfonds\\\/\"]}]},{\"@type\":\"ImageObject\",\"inLanguage\":\"it-IT\",\"@id\":\"https:\\\/\\\/www.immobilienbusiness.ch\\\/unternehmen\\\/2022-05-09\\\/avobis-lanciert-wohnimmobilienfonds\\\/#primaryimage\",\"url\":\"https:\\\/\\\/www.immobilienbusiness.ch\\\/wp-content\\\/uploads\\\/2019\\\/07\\\/Coverbild-Schweizer-Immobilienbrief-284.jpg\",\"contentUrl\":\"https:\\\/\\\/www.immobilienbusiness.ch\\\/wp-content\\\/uploads\\\/2019\\\/07\\\/Coverbild-Schweizer-Immobilienbrief-284.jpg\",\"width\":585,\"height\":386,\"caption\":\"Mehrfamilienh\u00e4user stehen bei Anlegern hoch im Kurs (Bild: KZLOBASTOV\\\/DEPOSITPHOTOS)\"},{\"@type\":\"BreadcrumbList\",\"@id\":\"https:\\\/\\\/www.immobilienbusiness.ch\\\/unternehmen\\\/2022-05-09\\\/avobis-lanciert-wohnimmobilienfonds\\\/#breadcrumb\",\"itemListElement\":[{\"@type\":\"ListItem\",\"position\":1,\"name\":\"Home\",\"item\":\"https:\\\/\\\/www.immobilienbusiness.ch\\\/\"},{\"@type\":\"ListItem\",\"position\":2,\"name\":\"Avobis lanciert Wohnimmobilienfonds\"}]},{\"@type\":\"WebSite\",\"@id\":\"https:\\\/\\\/www.immobilienbusiness.ch\\\/#website\",\"url\":\"https:\\\/\\\/www.immobilienbusiness.ch\\\/\",\"name\":\"IMMOBILIEN Business\",\"description\":\"Unabh\u00e4ngiges Schweizer Wirtschaftsmagazin mit Fokus auf Immobilien, Architektur- und Bau sowie Investment- und Finanzierung.\",\"publisher\":{\"@id\":\"https:\\\/\\\/www.immobilienbusiness.ch\\\/#organization\"},\"potentialAction\":[{\"@type\":\"SearchAction\",\"target\":{\"@type\":\"EntryPoint\",\"urlTemplate\":\"https:\\\/\\\/www.immobilienbusiness.ch\\\/?s={search_term_string}\"},\"query-input\":{\"@type\":\"PropertyValueSpecification\",\"valueRequired\":true,\"valueName\":\"search_term_string\"}}],\"inLanguage\":\"it-IT\"},{\"@type\":\"Organization\",\"@id\":\"https:\\\/\\\/www.immobilienbusiness.ch\\\/#organization\",\"name\":\"IMMOBILIEN Business\",\"url\":\"https:\\\/\\\/www.immobilienbusiness.ch\\\/\",\"logo\":{\"@type\":\"ImageObject\",\"inLanguage\":\"it-IT\",\"@id\":\"https:\\\/\\\/www.immobilienbusiness.ch\\\/#\\\/schema\\\/logo\\\/image\\\/\",\"url\":\"https:\\\/\\\/www.immobilienbusiness.ch\\\/wp-content\\\/uploads\\\/2021\\\/07\\\/logo_ib.png\",\"contentUrl\":\"https:\\\/\\\/www.immobilienbusiness.ch\\\/wp-content\\\/uploads\\\/2021\\\/07\\\/logo_ib.png\",\"width\":800,\"height\":181,\"caption\":\"IMMOBILIEN Business\"},\"image\":{\"@id\":\"https:\\\/\\\/www.immobilienbusiness.ch\\\/#\\\/schema\\\/logo\\\/image\\\/\"},\"sameAs\":[\"https:\\\/\\\/www.facebook.com\\\/immobilienbusiness\\\/\"]},{\"@type\":\"Person\",\"@id\":\"https:\\\/\\\/www.immobilienbusiness.ch\\\/#\\\/schema\\\/person\\\/3fc036297b10b9f42d6db5ee932af8c8\",\"name\":\"anja.hall\",\"image\":{\"@type\":\"ImageObject\",\"inLanguage\":\"it-IT\",\"@id\":\"https:\\\/\\\/secure.gravatar.com\\\/avatar\\\/066b5a0d447013502c71a5782f4f3469f03cfe595cc2329fb94652fe47511bfb?s=96&d=mm&r=g\",\"url\":\"https:\\\/\\\/secure.gravatar.com\\\/avatar\\\/066b5a0d447013502c71a5782f4f3469f03cfe595cc2329fb94652fe47511bfb?s=96&d=mm&r=g\",\"contentUrl\":\"https:\\\/\\\/secure.gravatar.com\\\/avatar\\\/066b5a0d447013502c71a5782f4f3469f03cfe595cc2329fb94652fe47511bfb?s=96&d=mm&r=g\",\"caption\":\"anja.hall\"},\"url\":\"https:\\\/\\\/www.immobilienbusiness.ch\\\/it\\\/author\\\/anja-hall\\\/\"}]}<\/script>\n<!-- \/ Yoast SEO plugin. -->","yoast_head_json":{"title":"Avobis lanciert Wohnimmobilienfonds - IMMOBILIEN Business","description":"Avobis Invest lancia per la prima volta un proprio fondo immobiliare. Si rivolge a investitori qualificati e intende investire in immobili residenziali.","robots":{"index":"index","follow":"follow","max-snippet":"max-snippet:-1","max-image-preview":"max-image-preview:large","max-video-preview":"max-video-preview:-1"},"canonical":"https:\/\/www.immobilienbusiness.ch\/it\/unternehmen\/2022-05-09\/avobis-lanciert-wohnimmobilienfonds\/","og_locale":"it_IT","og_type":"article","og_title":"Avobis lanciert Wohnimmobilienfonds - IMMOBILIEN Business","og_description":"Die Avobis Invest legt erstmals einen eigenen Immobilienfonds auf. Er richtet sich an qualifizierte Anleger und will in Wohnimmobilien investieren.","og_url":"https:\/\/www.immobilienbusiness.ch\/it\/unternehmen\/2022-05-09\/avobis-lanciert-wohnimmobilienfonds\/","og_site_name":"IMMOBILIEN Business","article_publisher":"https:\/\/www.facebook.com\/immobilienbusiness\/","article_published_time":"2022-05-09T06:15:07+00:00","article_modified_time":"2023-07-31T12:15:11+00:00","og_image":[{"width":585,"height":386,"url":"https:\/\/www.immobilienbusiness.ch\/wp-content\/uploads\/2019\/07\/Coverbild-Schweizer-Immobilienbrief-284.jpg","type":"image\/jpeg"}],"author":"anja.hall","twitter_card":"summary_large_image","twitter_image":"https:\/\/www.immobilienbusiness.ch\/wp-content\/uploads\/2019\/07\/Coverbild-Schweizer-Immobilienbrief-284.jpg","schema":{"@context":"https:\/\/schema.org","@graph":[{"@type":"Article","@id":"https:\/\/www.immobilienbusiness.ch\/unternehmen\/2022-05-09\/avobis-lanciert-wohnimmobilienfonds\/#article","isPartOf":{"@id":"https:\/\/www.immobilienbusiness.ch\/unternehmen\/2022-05-09\/avobis-lanciert-wohnimmobilienfonds\/"},"author":{"name":"anja.hall","@id":"https:\/\/www.immobilienbusiness.ch\/#\/schema\/person\/3fc036297b10b9f42d6db5ee932af8c8"},"headline":"Avobis lanciert Wohnimmobilienfonds","datePublished":"2022-05-09T06:15:07+00:00","dateModified":"2023-07-31T12:15:11+00:00","mainEntityOfPage":{"@id":"https:\/\/www.immobilienbusiness.ch\/unternehmen\/2022-05-09\/avobis-lanciert-wohnimmobilienfonds\/"},"wordCount":222,"publisher":{"@id":"https:\/\/www.immobilienbusiness.ch\/#organization"},"image":{"@id":"https:\/\/www.immobilienbusiness.ch\/unternehmen\/2022-05-09\/avobis-lanciert-wohnimmobilienfonds\/#primaryimage"},"thumbnailUrl":"https:\/\/www.immobilienbusiness.ch\/wp-content\/uploads\/2019\/07\/Coverbild-Schweizer-Immobilienbrief-284.jpg","keywords":["Avobis","Immobilienfonds","Wohnimmobilien"],"articleSection":["UNTERNEHMEN"],"inLanguage":"it-IT"},{"@type":"WebPage","@id":"https:\/\/www.immobilienbusiness.ch\/unternehmen\/2022-05-09\/avobis-lanciert-wohnimmobilienfonds\/","url":"https:\/\/www.immobilienbusiness.ch\/unternehmen\/2022-05-09\/avobis-lanciert-wohnimmobilienfonds\/","name":"Avobis lanciert Wohnimmobilienfonds - IMMOBILIEN Business","isPartOf":{"@id":"https:\/\/www.immobilienbusiness.ch\/#website"},"primaryImageOfPage":{"@id":"https:\/\/www.immobilienbusiness.ch\/unternehmen\/2022-05-09\/avobis-lanciert-wohnimmobilienfonds\/#primaryimage"},"image":{"@id":"https:\/\/www.immobilienbusiness.ch\/unternehmen\/2022-05-09\/avobis-lanciert-wohnimmobilienfonds\/#primaryimage"},"thumbnailUrl":"https:\/\/www.immobilienbusiness.ch\/wp-content\/uploads\/2019\/07\/Coverbild-Schweizer-Immobilienbrief-284.jpg","datePublished":"2022-05-09T06:15:07+00:00","dateModified":"2023-07-31T12:15:11+00:00","description":"Avobis Invest lancia per la prima volta un proprio fondo immobiliare. Si rivolge a investitori qualificati e intende investire in immobili residenziali.","breadcrumb":{"@id":"https:\/\/www.immobilienbusiness.ch\/unternehmen\/2022-05-09\/avobis-lanciert-wohnimmobilienfonds\/#breadcrumb"},"inLanguage":"it-IT","potentialAction":[{"@type":"ReadAction","target":["https:\/\/www.immobilienbusiness.ch\/unternehmen\/2022-05-09\/avobis-lanciert-wohnimmobilienfonds\/"]}]},{"@type":"ImageObject","inLanguage":"it-IT","@id":"https:\/\/www.immobilienbusiness.ch\/unternehmen\/2022-05-09\/avobis-lanciert-wohnimmobilienfonds\/#primaryimage","url":"https:\/\/www.immobilienbusiness.ch\/wp-content\/uploads\/2019\/07\/Coverbild-Schweizer-Immobilienbrief-284.jpg","contentUrl":"https:\/\/www.immobilienbusiness.ch\/wp-content\/uploads\/2019\/07\/Coverbild-Schweizer-Immobilienbrief-284.jpg","width":585,"height":386,"caption":"Mehrfamilienh\u00e4user stehen bei Anlegern hoch im Kurs (Bild: KZLOBASTOV\/DEPOSITPHOTOS)"},{"@type":"BreadcrumbList","@id":"https:\/\/www.immobilienbusiness.ch\/unternehmen\/2022-05-09\/avobis-lanciert-wohnimmobilienfonds\/#breadcrumb","itemListElement":[{"@type":"ListItem","position":1,"name":"Home","item":"https:\/\/www.immobilienbusiness.ch\/"},{"@type":"ListItem","position":2,"name":"Avobis lanciert Wohnimmobilienfonds"}]},{"@type":"WebSite","@id":"https:\/\/www.immobilienbusiness.ch\/#website","url":"https:\/\/www.immobilienbusiness.ch\/","name":"Affari immobiliari","description":"Rivista economica indipendente svizzera che si concentra sul settore immobiliare, l'architettura e la costruzione, nonch\u00e9 sugli investimenti e i finanziamenti.","publisher":{"@id":"https:\/\/www.immobilienbusiness.ch\/#organization"},"potentialAction":[{"@type":"SearchAction","target":{"@type":"EntryPoint","urlTemplate":"https:\/\/www.immobilienbusiness.ch\/?s={search_term_string}"},"query-input":{"@type":"PropertyValueSpecification","valueRequired":true,"valueName":"search_term_string"}}],"inLanguage":"it-IT"},{"@type":"Organization","@id":"https:\/\/www.immobilienbusiness.ch\/#organization","name":"Affari immobiliari","url":"https:\/\/www.immobilienbusiness.ch\/","logo":{"@type":"ImageObject","inLanguage":"it-IT","@id":"https:\/\/www.immobilienbusiness.ch\/#\/schema\/logo\/image\/","url":"https:\/\/www.immobilienbusiness.ch\/wp-content\/uploads\/2021\/07\/logo_ib.png","contentUrl":"https:\/\/www.immobilienbusiness.ch\/wp-content\/uploads\/2021\/07\/logo_ib.png","width":800,"height":181,"caption":"IMMOBILIEN Business"},"image":{"@id":"https:\/\/www.immobilienbusiness.ch\/#\/schema\/logo\/image\/"},"sameAs":["https:\/\/www.facebook.com\/immobilienbusiness\/"]},{"@type":"Person","@id":"https:\/\/www.immobilienbusiness.ch\/#\/schema\/person\/3fc036297b10b9f42d6db5ee932af8c8","name":"anja.hall","image":{"@type":"ImageObject","inLanguage":"it-IT","@id":"https:\/\/secure.gravatar.com\/avatar\/066b5a0d447013502c71a5782f4f3469f03cfe595cc2329fb94652fe47511bfb?s=96&d=mm&r=g","url":"https:\/\/secure.gravatar.com\/avatar\/066b5a0d447013502c71a5782f4f3469f03cfe595cc2329fb94652fe47511bfb?s=96&d=mm&r=g","contentUrl":"https:\/\/secure.gravatar.com\/avatar\/066b5a0d447013502c71a5782f4f3469f03cfe595cc2329fb94652fe47511bfb?s=96&d=mm&r=g","caption":"anja.hall"},"url":"https:\/\/www.immobilienbusiness.ch\/it\/author\/anja-hall\/"}]}},"_links":{"self":[{"href":"https:\/\/www.immobilienbusiness.ch\/it\/wp-json\/wp\/v2\/posts\/42522","targetHints":{"allow":["GET"]}}],"collection":[{"href":"https:\/\/www.immobilienbusiness.ch\/it\/wp-json\/wp\/v2\/posts"}],"about":[{"href":"https:\/\/www.immobilienbusiness.ch\/it\/wp-json\/wp\/v2\/types\/post"}],"author":[{"embeddable":true,"href":"https:\/\/www.immobilienbusiness.ch\/it\/wp-json\/wp\/v2\/users\/3"}],"replies":[{"embeddable":true,"href":"https:\/\/www.immobilienbusiness.ch\/it\/wp-json\/wp\/v2\/comments?post=42522"}],"version-history":[{"count":4,"href":"https:\/\/www.immobilienbusiness.ch\/it\/wp-json\/wp\/v2\/posts\/42522\/revisions"}],"predecessor-version":[{"id":51519,"href":"https:\/\/www.immobilienbusiness.ch\/it\/wp-json\/wp\/v2\/posts\/42522\/revisions\/51519"}],"wp:featuredmedia":[{"embeddable":true,"href":"https:\/\/www.immobilienbusiness.ch\/it\/wp-json\/wp\/v2\/media\/17727"}],"wp:attachment":[{"href":"https:\/\/www.immobilienbusiness.ch\/it\/wp-json\/wp\/v2\/media?parent=42522"}],"wp:term":[{"taxonomy":"category","embeddable":true,"href":"https:\/\/www.immobilienbusiness.ch\/it\/wp-json\/wp\/v2\/categories?post=42522"},{"taxonomy":"post_tag","embeddable":true,"href":"https:\/\/www.immobilienbusiness.ch\/it\/wp-json\/wp\/v2\/tags?post=42522"}],"curies":[{"name":"wp","href":"https:\/\/api.w.org\/{rel}","templated":true}]}}