{"id":42395,"date":"2022-04-25T19:02:42","date_gmt":"2022-04-25T17:02:42","guid":{"rendered":"https:\/\/www.immobilienbusiness.ch\/?p=42395"},"modified":"2022-04-27T14:13:10","modified_gmt":"2022-04-27T12:13:10","slug":"oekologie-und-wirtschaftlichkeit-im-einklang","status":"publish","type":"post","link":"https:\/\/www.immobilienbusiness.ch\/it\/publireportage\/2022-04-25\/oekologie-und-wirtschaftlichkeit-im-einklang\/","title":{"rendered":"Ecologia ed economia in armonia"},"content":{"rendered":"<figure id=\"attachment_42397\" aria-describedby=\"caption-attachment-42397\" style=\"width: 1169px\" class=\"wp-caption alignnone\"><a href=\"https:\/\/www.immobilienbusiness.ch\/wp-content\/uploads\/2022\/04\/Visualisierung_Cote-Parc-Genf.jpg\"><img loading=\"lazy\" decoding=\"async\" class=\"wp-image-42397 size-full\" src=\"https:\/\/www.immobilienbusiness.ch\/wp-content\/uploads\/2022\/04\/Visualisierung_Cote-Parc-Genf.jpg\" alt=\"\" width=\"1169\" height=\"826\" srcset=\"https:\/\/www.immobilienbusiness.ch\/wp-content\/uploads\/2022\/04\/Visualisierung_Cote-Parc-Genf.jpg 1169w, https:\/\/www.immobilienbusiness.ch\/wp-content\/uploads\/2022\/04\/Visualisierung_Cote-Parc-Genf-300x212.jpg 300w, https:\/\/www.immobilienbusiness.ch\/wp-content\/uploads\/2022\/04\/Visualisierung_Cote-Parc-Genf-1024x724.jpg 1024w, https:\/\/www.immobilienbusiness.ch\/wp-content\/uploads\/2022\/04\/Visualisierung_Cote-Parc-Genf-768x543.jpg 768w, https:\/\/www.immobilienbusiness.ch\/wp-content\/uploads\/2022\/04\/Visualisierung_Cote-Parc-Genf-18x12.jpg 18w, https:\/\/www.immobilienbusiness.ch\/wp-content\/uploads\/2022\/04\/Visualisierung_Cote-Parc-Genf-248x175.jpg 248w, https:\/\/www.immobilienbusiness.ch\/wp-content\/uploads\/2022\/04\/Visualisierung_Cote-Parc-Genf-495x350.jpg 495w, https:\/\/www.immobilienbusiness.ch\/wp-content\/uploads\/2022\/04\/Visualisierung_Cote-Parc-Genf-1132x800.jpg 1132w, https:\/\/www.immobilienbusiness.ch\/wp-content\/uploads\/2022\/04\/Visualisierung_Cote-Parc-Genf-920x650.jpg 920w\" sizes=\"auto, (max-width: 1169px) 100vw, 1169px\" \/><\/a><figcaption id=\"caption-attachment-42397\" class=\"wp-caption-text\">Per garantire un approvvigionamento energetico sicuro e sostenibile per il quartiere, ewz combina diverse fonti di energia rinnovabile.<\/figcaption><\/figure>\n<p>&nbsp;<\/p>\n<p>Petit-Saconnex fa parte della citt\u00e0 di Ginevra da pi\u00f9 di 90 anni. Il quartiere \u00e8 fortemente caratterizzato da un parco di cinque ettari, che serve come area ricreativa e zona di incontro. Direttamente accanto al parco si trovano gli edifici della \"Maison de Retraite du Petit-Saconnex\", che offre agli anziani varie opzioni di vita e di cura. Quest'area sar\u00e0 migliorata nei prossimi anni, estendendo un edificio esistente e aggiungendo tre nuovi edifici. L'obiettivo del progetto \"C\u00f4t\u00e9 Parc\" \u00e8 di creare un quartiere sostenibile per diversi usi e gruppi di utenti. La realizzazione del progetto \u00e8 iniziata nel settembre 2021, il completamento \u00e8 previsto per il 2023.<\/p>\n<p>ewz \u00e8 responsabile dell'intero approvvigionamento energetico del nuovo sito. La societ\u00e0 pianifica, finanzia, implementa e gestisce l'infrastruttura energetica e i servizi per \"C\u00f4t\u00e9 Parc\" attraverso un modello di contratto con una durata di 40 anni. Questo include la fornitura di riscaldamento, raffreddamento ed elettricit\u00e0 da energie rinnovabili, ma anche elettromobilit\u00e0, impianti fotovoltaici e la connessione per l'autoconsumo (ZEV), compresa la fatturazione individuale dell'elettricit\u00e0 agli inquilini.<\/p>\n<p>Per saperne di pi\u00f9, visitate il sito: <a href=\"https:\/\/ad.doubleclick.net\/ddm\/trackclk\/N4022.3392466IMMOBILIENBUSINESSM\/B27483968.332080752;dc_trk_aid=523956258;dc_trk_cid=168852177;dc_lat=;dc_rdid=;tag_for_child_directed_treatment=;tfua=;ltd=\" target=\"_blank\" rel=\"noopener\">www.ewz.ch\/cote-parc<\/a><\/p>\n<p><strong>Profilo C\u00f4t\u00e9 Parc<\/strong><\/p>\n<p>Cliente: La Fonci\u00e8re<br \/>\nSviluppo del sito: Losinger Marazzi<br \/>\nUso: 216 appartamenti, hotel, commerciale<br \/>\nSuperficie totale: 56 759 m<sup>2<br \/>\n<\/sup>Standard: Minergie-P<br \/>\nCapacit\u00e0 di riscaldamento: 600 kW<br \/>\nCapacit\u00e0 di raffreddamento: 220 kW<br \/>\nPotenza fotovoltaica: 290 kW<br \/>\nE-mobilit\u00e0: Parcheggi preparati per la mobilit\u00e0 elettrica<\/p>","protected":false},"excerpt":{"rendered":"<p>Nel nord della citt\u00e0 di Ginevra, il quartiere \"C\u00f4t\u00e9 Parc\" sar\u00e0 costruito nei prossimi anni. Grazie alla soluzione energetica completa, i proprietari e gli utenti beneficeranno di condizioni interessanti e di un alto grado di affidabilit\u00e0. <\/p>","protected":false},"author":102,"featured_media":42397,"comment_status":"closed","ping_status":"closed","sticky":false,"template":"","format":"standard","meta":{"_acf_changed":false,"_yoast_wpseo_focuskw":"ewz \u00d6kologie","_yoast_wpseo_title":"","_yoast_wpseo_metadesc":"Im Norden der Stadt Genf entsteht in den n\u00e4chsten Jahren das Quartier \u00abC\u00f4t\u00e9 Parc\u00bb.","_yoast_wpseo_linkdex":57,"pgc_sgb_lightbox_settings":"","footnotes":""},"categories":[1931],"tags":[1193,1928,1260,1515],"class_list":["post-42395","post","type-post","status-publish","format-standard","has-post-thumbnail","hentry","category-publireportage","tag-energie","tag-ewz","tag-genf","tag-nachhaltigkeit"],"acf":[],"yoast_head":"<!-- This site is optimized with the Yoast SEO plugin v27.4 - https:\/\/yoast.com\/product\/yoast-seo-wordpress\/ -->\n<title>\u00d6kologie und Wirtschaftlichkeit im Einklang - IMMOBILIEN Business<\/title>\n<meta name=\"description\" content=\"Im Norden der Stadt Genf entsteht in den n\u00e4chsten Jahren das Quartier \u00abC\u00f4t\u00e9 Parc\u00bb.\" \/>\n<meta name=\"robots\" content=\"index, follow, max-snippet:-1, max-image-preview:large, max-video-preview:-1\" \/>\n<link rel=\"canonical\" href=\"https:\/\/www.immobilienbusiness.ch\/it\/publireportage\/2022-04-25\/oekologie-und-wirtschaftlichkeit-im-einklang\/\" \/>\n<meta property=\"og:locale\" content=\"it_IT\" \/>\n<meta property=\"og:type\" content=\"article\" \/>\n<meta property=\"og:title\" content=\"\u00d6kologie und Wirtschaftlichkeit im Einklang - IMMOBILIEN Business\" \/>\n<meta property=\"og:description\" content=\"Im Norden der Stadt Genf entsteht in den n\u00e4chsten Jahren das Quartier \u00abC\u00f4t\u00e9 Parc\u00bb.\" \/>\n<meta property=\"og:url\" content=\"https:\/\/www.immobilienbusiness.ch\/it\/publireportage\/2022-04-25\/oekologie-und-wirtschaftlichkeit-im-einklang\/\" \/>\n<meta property=\"og:site_name\" content=\"IMMOBILIEN Business\" \/>\n<meta property=\"article:publisher\" content=\"https:\/\/www.facebook.com\/immobilienbusiness\/\" \/>\n<meta property=\"article:published_time\" content=\"2022-04-25T17:02:42+00:00\" \/>\n<meta property=\"article:modified_time\" content=\"2022-04-27T12:13:10+00:00\" \/>\n<meta property=\"og:image\" content=\"https:\/\/www.immobilienbusiness.ch\/wp-content\/uploads\/2022\/04\/Visualisierung_Cote-Parc-Genf.jpg\" \/>\n\t<meta property=\"og:image:width\" content=\"1169\" \/>\n\t<meta property=\"og:image:height\" content=\"826\" \/>\n\t<meta property=\"og:image:type\" content=\"image\/jpeg\" \/>\n<meta name=\"author\" content=\"Alexander Wachter\" \/>\n<meta name=\"twitter:card\" content=\"summary_large_image\" \/>\n<script type=\"application\/ld+json\" class=\"yoast-schema-graph\">{\"@context\":\"https:\\\/\\\/schema.org\",\"@graph\":[{\"@type\":\"Article\",\"@id\":\"https:\\\/\\\/www.immobilienbusiness.ch\\\/it\\\/publireportage\\\/2022-04-25\\\/oekologie-und-wirtschaftlichkeit-im-einklang\\\/#article\",\"isPartOf\":{\"@id\":\"https:\\\/\\\/www.immobilienbusiness.ch\\\/it\\\/publireportage\\\/2022-04-25\\\/oekologie-und-wirtschaftlichkeit-im-einklang\\\/\"},\"author\":{\"name\":\"Alexander Wachter\",\"@id\":\"https:\\\/\\\/www.immobilienbusiness.ch\\\/#\\\/schema\\\/person\\\/aba8bea2db926aa0c24c08c43fe1fcd5\"},\"headline\":\"\u00d6kologie und Wirtschaftlichkeit im Einklang\",\"datePublished\":\"2022-04-25T17:02:42+00:00\",\"dateModified\":\"2022-04-27T12:13:10+00:00\",\"mainEntityOfPage\":{\"@id\":\"https:\\\/\\\/www.immobilienbusiness.ch\\\/it\\\/publireportage\\\/2022-04-25\\\/oekologie-und-wirtschaftlichkeit-im-einklang\\\/\"},\"wordCount\":244,\"publisher\":{\"@id\":\"https:\\\/\\\/www.immobilienbusiness.ch\\\/#organization\"},\"image\":{\"@id\":\"https:\\\/\\\/www.immobilienbusiness.ch\\\/it\\\/publireportage\\\/2022-04-25\\\/oekologie-und-wirtschaftlichkeit-im-einklang\\\/#primaryimage\"},\"thumbnailUrl\":\"https:\\\/\\\/www.immobilienbusiness.ch\\\/wp-content\\\/uploads\\\/2022\\\/04\\\/Visualisierung_Cote-Parc-Genf.jpg\",\"keywords\":[\"Energie\",\"ewz\",\"Genf\",\"Nachhaltigkeit\"],\"articleSection\":[\"PUBLIREPORTAGE\"],\"inLanguage\":\"it-IT\"},{\"@type\":\"WebPage\",\"@id\":\"https:\\\/\\\/www.immobilienbusiness.ch\\\/it\\\/publireportage\\\/2022-04-25\\\/oekologie-und-wirtschaftlichkeit-im-einklang\\\/\",\"url\":\"https:\\\/\\\/www.immobilienbusiness.ch\\\/it\\\/publireportage\\\/2022-04-25\\\/oekologie-und-wirtschaftlichkeit-im-einklang\\\/\",\"name\":\"\u00d6kologie und Wirtschaftlichkeit im Einklang - IMMOBILIEN Business\",\"isPartOf\":{\"@id\":\"https:\\\/\\\/www.immobilienbusiness.ch\\\/#website\"},\"primaryImageOfPage\":{\"@id\":\"https:\\\/\\\/www.immobilienbusiness.ch\\\/it\\\/publireportage\\\/2022-04-25\\\/oekologie-und-wirtschaftlichkeit-im-einklang\\\/#primaryimage\"},\"image\":{\"@id\":\"https:\\\/\\\/www.immobilienbusiness.ch\\\/it\\\/publireportage\\\/2022-04-25\\\/oekologie-und-wirtschaftlichkeit-im-einklang\\\/#primaryimage\"},\"thumbnailUrl\":\"https:\\\/\\\/www.immobilienbusiness.ch\\\/wp-content\\\/uploads\\\/2022\\\/04\\\/Visualisierung_Cote-Parc-Genf.jpg\",\"datePublished\":\"2022-04-25T17:02:42+00:00\",\"dateModified\":\"2022-04-27T12:13:10+00:00\",\"description\":\"Im Norden der Stadt Genf entsteht in den n\u00e4chsten Jahren das Quartier \u00abC\u00f4t\u00e9 Parc\u00bb.\",\"breadcrumb\":{\"@id\":\"https:\\\/\\\/www.immobilienbusiness.ch\\\/it\\\/publireportage\\\/2022-04-25\\\/oekologie-und-wirtschaftlichkeit-im-einklang\\\/#breadcrumb\"},\"inLanguage\":\"it-IT\",\"potentialAction\":[{\"@type\":\"ReadAction\",\"target\":[\"https:\\\/\\\/www.immobilienbusiness.ch\\\/it\\\/publireportage\\\/2022-04-25\\\/oekologie-und-wirtschaftlichkeit-im-einklang\\\/\"]}]},{\"@type\":\"ImageObject\",\"inLanguage\":\"it-IT\",\"@id\":\"https:\\\/\\\/www.immobilienbusiness.ch\\\/it\\\/publireportage\\\/2022-04-25\\\/oekologie-und-wirtschaftlichkeit-im-einklang\\\/#primaryimage\",\"url\":\"https:\\\/\\\/www.immobilienbusiness.ch\\\/wp-content\\\/uploads\\\/2022\\\/04\\\/Visualisierung_Cote-Parc-Genf.jpg\",\"contentUrl\":\"https:\\\/\\\/www.immobilienbusiness.ch\\\/wp-content\\\/uploads\\\/2022\\\/04\\\/Visualisierung_Cote-Parc-Genf.jpg\",\"width\":1169,\"height\":826},{\"@type\":\"BreadcrumbList\",\"@id\":\"https:\\\/\\\/www.immobilienbusiness.ch\\\/it\\\/publireportage\\\/2022-04-25\\\/oekologie-und-wirtschaftlichkeit-im-einklang\\\/#breadcrumb\",\"itemListElement\":[{\"@type\":\"ListItem\",\"position\":1,\"name\":\"Home\",\"item\":\"https:\\\/\\\/www.immobilienbusiness.ch\\\/\"},{\"@type\":\"ListItem\",\"position\":2,\"name\":\"\u00d6kologie und Wirtschaftlichkeit im Einklang\"}]},{\"@type\":\"WebSite\",\"@id\":\"https:\\\/\\\/www.immobilienbusiness.ch\\\/#website\",\"url\":\"https:\\\/\\\/www.immobilienbusiness.ch\\\/\",\"name\":\"IMMOBILIEN Business\",\"description\":\"Unabh\u00e4ngiges Schweizer Wirtschaftsmagazin mit Fokus auf Immobilien, Architektur- und Bau sowie Investment- und Finanzierung.\",\"publisher\":{\"@id\":\"https:\\\/\\\/www.immobilienbusiness.ch\\\/#organization\"},\"potentialAction\":[{\"@type\":\"SearchAction\",\"target\":{\"@type\":\"EntryPoint\",\"urlTemplate\":\"https:\\\/\\\/www.immobilienbusiness.ch\\\/?s={search_term_string}\"},\"query-input\":{\"@type\":\"PropertyValueSpecification\",\"valueRequired\":true,\"valueName\":\"search_term_string\"}}],\"inLanguage\":\"it-IT\"},{\"@type\":\"Organization\",\"@id\":\"https:\\\/\\\/www.immobilienbusiness.ch\\\/#organization\",\"name\":\"IMMOBILIEN Business\",\"url\":\"https:\\\/\\\/www.immobilienbusiness.ch\\\/\",\"logo\":{\"@type\":\"ImageObject\",\"inLanguage\":\"it-IT\",\"@id\":\"https:\\\/\\\/www.immobilienbusiness.ch\\\/#\\\/schema\\\/logo\\\/image\\\/\",\"url\":\"https:\\\/\\\/www.immobilienbusiness.ch\\\/wp-content\\\/uploads\\\/2021\\\/07\\\/logo_ib.png\",\"contentUrl\":\"https:\\\/\\\/www.immobilienbusiness.ch\\\/wp-content\\\/uploads\\\/2021\\\/07\\\/logo_ib.png\",\"width\":800,\"height\":181,\"caption\":\"IMMOBILIEN Business\"},\"image\":{\"@id\":\"https:\\\/\\\/www.immobilienbusiness.ch\\\/#\\\/schema\\\/logo\\\/image\\\/\"},\"sameAs\":[\"https:\\\/\\\/www.facebook.com\\\/immobilienbusiness\\\/\"]},{\"@type\":\"Person\",\"@id\":\"https:\\\/\\\/www.immobilienbusiness.ch\\\/#\\\/schema\\\/person\\\/aba8bea2db926aa0c24c08c43fe1fcd5\",\"name\":\"Alexander Wachter\",\"image\":{\"@type\":\"ImageObject\",\"inLanguage\":\"it-IT\",\"@id\":\"https:\\\/\\\/secure.gravatar.com\\\/avatar\\\/1a09e471f5389b0e0a6416eac287e0927c7c97a7b77f9e787eba3af7aee281dd?s=96&d=mm&r=g\",\"url\":\"https:\\\/\\\/secure.gravatar.com\\\/avatar\\\/1a09e471f5389b0e0a6416eac287e0927c7c97a7b77f9e787eba3af7aee281dd?s=96&d=mm&r=g\",\"contentUrl\":\"https:\\\/\\\/secure.gravatar.com\\\/avatar\\\/1a09e471f5389b0e0a6416eac287e0927c7c97a7b77f9e787eba3af7aee281dd?s=96&d=mm&r=g\",\"caption\":\"Alexander Wachter\"},\"url\":\"https:\\\/\\\/www.immobilienbusiness.ch\\\/it\\\/author\\\/alexander-wachter\\\/\"}]}<\/script>\n<!-- \/ Yoast SEO plugin. -->","yoast_head_json":{"title":"\u00d6kologie und Wirtschaftlichkeit im Einklang - IMMOBILIEN Business","description":"Im Norden der Stadt Genf entsteht in den n\u00e4chsten Jahren das Quartier \u00abC\u00f4t\u00e9 Parc\u00bb.","robots":{"index":"index","follow":"follow","max-snippet":"max-snippet:-1","max-image-preview":"max-image-preview:large","max-video-preview":"max-video-preview:-1"},"canonical":"https:\/\/www.immobilienbusiness.ch\/it\/publireportage\/2022-04-25\/oekologie-und-wirtschaftlichkeit-im-einklang\/","og_locale":"it_IT","og_type":"article","og_title":"\u00d6kologie und Wirtschaftlichkeit im Einklang - IMMOBILIEN Business","og_description":"Im Norden der Stadt Genf entsteht in den n\u00e4chsten Jahren das Quartier \u00abC\u00f4t\u00e9 Parc\u00bb.","og_url":"https:\/\/www.immobilienbusiness.ch\/it\/publireportage\/2022-04-25\/oekologie-und-wirtschaftlichkeit-im-einklang\/","og_site_name":"IMMOBILIEN Business","article_publisher":"https:\/\/www.facebook.com\/immobilienbusiness\/","article_published_time":"2022-04-25T17:02:42+00:00","article_modified_time":"2022-04-27T12:13:10+00:00","og_image":[{"width":1169,"height":826,"url":"https:\/\/www.immobilienbusiness.ch\/wp-content\/uploads\/2022\/04\/Visualisierung_Cote-Parc-Genf.jpg","type":"image\/jpeg"}],"author":"Alexander Wachter","twitter_card":"summary_large_image","schema":{"@context":"https:\/\/schema.org","@graph":[{"@type":"Article","@id":"https:\/\/www.immobilienbusiness.ch\/it\/publireportage\/2022-04-25\/oekologie-und-wirtschaftlichkeit-im-einklang\/#article","isPartOf":{"@id":"https:\/\/www.immobilienbusiness.ch\/it\/publireportage\/2022-04-25\/oekologie-und-wirtschaftlichkeit-im-einklang\/"},"author":{"name":"Alexander Wachter","@id":"https:\/\/www.immobilienbusiness.ch\/#\/schema\/person\/aba8bea2db926aa0c24c08c43fe1fcd5"},"headline":"\u00d6kologie und Wirtschaftlichkeit im Einklang","datePublished":"2022-04-25T17:02:42+00:00","dateModified":"2022-04-27T12:13:10+00:00","mainEntityOfPage":{"@id":"https:\/\/www.immobilienbusiness.ch\/it\/publireportage\/2022-04-25\/oekologie-und-wirtschaftlichkeit-im-einklang\/"},"wordCount":244,"publisher":{"@id":"https:\/\/www.immobilienbusiness.ch\/#organization"},"image":{"@id":"https:\/\/www.immobilienbusiness.ch\/it\/publireportage\/2022-04-25\/oekologie-und-wirtschaftlichkeit-im-einklang\/#primaryimage"},"thumbnailUrl":"https:\/\/www.immobilienbusiness.ch\/wp-content\/uploads\/2022\/04\/Visualisierung_Cote-Parc-Genf.jpg","keywords":["Energie","ewz","Genf","Nachhaltigkeit"],"articleSection":["PUBLIREPORTAGE"],"inLanguage":"it-IT"},{"@type":"WebPage","@id":"https:\/\/www.immobilienbusiness.ch\/it\/publireportage\/2022-04-25\/oekologie-und-wirtschaftlichkeit-im-einklang\/","url":"https:\/\/www.immobilienbusiness.ch\/it\/publireportage\/2022-04-25\/oekologie-und-wirtschaftlichkeit-im-einklang\/","name":"\u00d6kologie und Wirtschaftlichkeit im Einklang - IMMOBILIEN Business","isPartOf":{"@id":"https:\/\/www.immobilienbusiness.ch\/#website"},"primaryImageOfPage":{"@id":"https:\/\/www.immobilienbusiness.ch\/it\/publireportage\/2022-04-25\/oekologie-und-wirtschaftlichkeit-im-einklang\/#primaryimage"},"image":{"@id":"https:\/\/www.immobilienbusiness.ch\/it\/publireportage\/2022-04-25\/oekologie-und-wirtschaftlichkeit-im-einklang\/#primaryimage"},"thumbnailUrl":"https:\/\/www.immobilienbusiness.ch\/wp-content\/uploads\/2022\/04\/Visualisierung_Cote-Parc-Genf.jpg","datePublished":"2022-04-25T17:02:42+00:00","dateModified":"2022-04-27T12:13:10+00:00","description":"Im Norden der Stadt Genf entsteht in den n\u00e4chsten Jahren das Quartier \u00abC\u00f4t\u00e9 Parc\u00bb.","breadcrumb":{"@id":"https:\/\/www.immobilienbusiness.ch\/it\/publireportage\/2022-04-25\/oekologie-und-wirtschaftlichkeit-im-einklang\/#breadcrumb"},"inLanguage":"it-IT","potentialAction":[{"@type":"ReadAction","target":["https:\/\/www.immobilienbusiness.ch\/it\/publireportage\/2022-04-25\/oekologie-und-wirtschaftlichkeit-im-einklang\/"]}]},{"@type":"ImageObject","inLanguage":"it-IT","@id":"https:\/\/www.immobilienbusiness.ch\/it\/publireportage\/2022-04-25\/oekologie-und-wirtschaftlichkeit-im-einklang\/#primaryimage","url":"https:\/\/www.immobilienbusiness.ch\/wp-content\/uploads\/2022\/04\/Visualisierung_Cote-Parc-Genf.jpg","contentUrl":"https:\/\/www.immobilienbusiness.ch\/wp-content\/uploads\/2022\/04\/Visualisierung_Cote-Parc-Genf.jpg","width":1169,"height":826},{"@type":"BreadcrumbList","@id":"https:\/\/www.immobilienbusiness.ch\/it\/publireportage\/2022-04-25\/oekologie-und-wirtschaftlichkeit-im-einklang\/#breadcrumb","itemListElement":[{"@type":"ListItem","position":1,"name":"Home","item":"https:\/\/www.immobilienbusiness.ch\/"},{"@type":"ListItem","position":2,"name":"\u00d6kologie und Wirtschaftlichkeit im Einklang"}]},{"@type":"WebSite","@id":"https:\/\/www.immobilienbusiness.ch\/#website","url":"https:\/\/www.immobilienbusiness.ch\/","name":"Affari immobiliari","description":"Rivista economica indipendente svizzera che si concentra sul settore immobiliare, l'architettura e la costruzione, nonch\u00e9 sugli investimenti e i finanziamenti.","publisher":{"@id":"https:\/\/www.immobilienbusiness.ch\/#organization"},"potentialAction":[{"@type":"SearchAction","target":{"@type":"EntryPoint","urlTemplate":"https:\/\/www.immobilienbusiness.ch\/?s={search_term_string}"},"query-input":{"@type":"PropertyValueSpecification","valueRequired":true,"valueName":"search_term_string"}}],"inLanguage":"it-IT"},{"@type":"Organization","@id":"https:\/\/www.immobilienbusiness.ch\/#organization","name":"Affari immobiliari","url":"https:\/\/www.immobilienbusiness.ch\/","logo":{"@type":"ImageObject","inLanguage":"it-IT","@id":"https:\/\/www.immobilienbusiness.ch\/#\/schema\/logo\/image\/","url":"https:\/\/www.immobilienbusiness.ch\/wp-content\/uploads\/2021\/07\/logo_ib.png","contentUrl":"https:\/\/www.immobilienbusiness.ch\/wp-content\/uploads\/2021\/07\/logo_ib.png","width":800,"height":181,"caption":"IMMOBILIEN Business"},"image":{"@id":"https:\/\/www.immobilienbusiness.ch\/#\/schema\/logo\/image\/"},"sameAs":["https:\/\/www.facebook.com\/immobilienbusiness\/"]},{"@type":"Person","@id":"https:\/\/www.immobilienbusiness.ch\/#\/schema\/person\/aba8bea2db926aa0c24c08c43fe1fcd5","name":"Alexander Wachter","image":{"@type":"ImageObject","inLanguage":"it-IT","@id":"https:\/\/secure.gravatar.com\/avatar\/1a09e471f5389b0e0a6416eac287e0927c7c97a7b77f9e787eba3af7aee281dd?s=96&d=mm&r=g","url":"https:\/\/secure.gravatar.com\/avatar\/1a09e471f5389b0e0a6416eac287e0927c7c97a7b77f9e787eba3af7aee281dd?s=96&d=mm&r=g","contentUrl":"https:\/\/secure.gravatar.com\/avatar\/1a09e471f5389b0e0a6416eac287e0927c7c97a7b77f9e787eba3af7aee281dd?s=96&d=mm&r=g","caption":"Alexander Wachter"},"url":"https:\/\/www.immobilienbusiness.ch\/it\/author\/alexander-wachter\/"}]}},"_links":{"self":[{"href":"https:\/\/www.immobilienbusiness.ch\/it\/wp-json\/wp\/v2\/posts\/42395","targetHints":{"allow":["GET"]}}],"collection":[{"href":"https:\/\/www.immobilienbusiness.ch\/it\/wp-json\/wp\/v2\/posts"}],"about":[{"href":"https:\/\/www.immobilienbusiness.ch\/it\/wp-json\/wp\/v2\/types\/post"}],"author":[{"embeddable":true,"href":"https:\/\/www.immobilienbusiness.ch\/it\/wp-json\/wp\/v2\/users\/102"}],"replies":[{"embeddable":true,"href":"https:\/\/www.immobilienbusiness.ch\/it\/wp-json\/wp\/v2\/comments?post=42395"}],"version-history":[{"count":5,"href":"https:\/\/www.immobilienbusiness.ch\/it\/wp-json\/wp\/v2\/posts\/42395\/revisions"}],"predecessor-version":[{"id":42411,"href":"https:\/\/www.immobilienbusiness.ch\/it\/wp-json\/wp\/v2\/posts\/42395\/revisions\/42411"}],"wp:featuredmedia":[{"embeddable":true,"href":"https:\/\/www.immobilienbusiness.ch\/it\/wp-json\/wp\/v2\/media\/42397"}],"wp:attachment":[{"href":"https:\/\/www.immobilienbusiness.ch\/it\/wp-json\/wp\/v2\/media?parent=42395"}],"wp:term":[{"taxonomy":"category","embeddable":true,"href":"https:\/\/www.immobilienbusiness.ch\/it\/wp-json\/wp\/v2\/categories?post=42395"},{"taxonomy":"post_tag","embeddable":true,"href":"https:\/\/www.immobilienbusiness.ch\/it\/wp-json\/wp\/v2\/tags?post=42395"}],"curies":[{"name":"wp","href":"https:\/\/api.w.org\/{rel}","templated":true}]}}