{"id":42081,"date":"2022-04-07T07:51:13","date_gmt":"2022-04-07T05:51:13","guid":{"rendered":"https:\/\/www.immobilienbusiness.ch\/?p=42081"},"modified":"2022-04-07T07:51:13","modified_gmt":"2022-04-07T05:51:13","slug":"ina-invest-schliesst-kauf-in-genf-ab","status":"publish","type":"post","link":"https:\/\/www.immobilienbusiness.ch\/it\/regionen\/2022-04-07\/ina-invest-schliesst-kauf-in-genf-ab\/","title":{"rendered":"Ina Invest completa l'acquisto a Ginevra"},"content":{"rendered":"<figure id=\"attachment_6157\" aria-describedby=\"caption-attachment-6157\" style=\"width: 2000px\" class=\"wp-caption alignnone\"><a href=\"https:\/\/www.immobilienbusiness.ch\/wp-content\/uploads\/2017\/02\/Depositphotos_43333923_l-2015.jpg\"><img loading=\"lazy\" decoding=\"async\" class=\"size-full wp-image-6157\" src=\"https:\/\/www.immobilienbusiness.ch\/wp-content\/uploads\/2017\/02\/Depositphotos_43333923_l-2015.jpg\" alt=\"\" width=\"2000\" height=\"1334\" srcset=\"https:\/\/www.immobilienbusiness.ch\/wp-content\/uploads\/2017\/02\/Depositphotos_43333923_l-2015.jpg 2000w, https:\/\/www.immobilienbusiness.ch\/wp-content\/uploads\/2017\/02\/Depositphotos_43333923_l-2015-300x200.jpg 300w, https:\/\/www.immobilienbusiness.ch\/wp-content\/uploads\/2017\/02\/Depositphotos_43333923_l-2015-1024x683.jpg 1024w, https:\/\/www.immobilienbusiness.ch\/wp-content\/uploads\/2017\/02\/Depositphotos_43333923_l-2015-768x512.jpg 768w, https:\/\/www.immobilienbusiness.ch\/wp-content\/uploads\/2017\/02\/Depositphotos_43333923_l-2015-1536x1025.jpg 1536w, https:\/\/www.immobilienbusiness.ch\/wp-content\/uploads\/2017\/02\/Depositphotos_43333923_l-2015-16x12.jpg 16w, https:\/\/www.immobilienbusiness.ch\/wp-content\/uploads\/2017\/02\/Depositphotos_43333923_l-2015-262x175.jpg 262w, https:\/\/www.immobilienbusiness.ch\/wp-content\/uploads\/2017\/02\/Depositphotos_43333923_l-2015-525x350.jpg 525w, https:\/\/www.immobilienbusiness.ch\/wp-content\/uploads\/2017\/02\/Depositphotos_43333923_l-2015-1199x800.jpg 1199w, https:\/\/www.immobilienbusiness.ch\/wp-content\/uploads\/2017\/02\/Depositphotos_43333923_l-2015-920x614.jpg 920w, https:\/\/www.immobilienbusiness.ch\/wp-content\/uploads\/2017\/02\/Depositphotos_43333923_l-2015-1400x934.jpg 1400w\" sizes=\"auto, (max-width: 2000px) 100vw, 2000px\" \/><\/a><figcaption id=\"caption-attachment-6157\" class=\"wp-caption-text\">Ginevra (Immagine: Lenorlux - depositphotos)<\/figcaption><\/figure>\n<p>Ina Invest ha annunciato l'acquisizione della propriet\u00e0 esistente al 54-58 di Rue du Grand-Pr\u00e9 a Ginevra l'anno scorso, e l'acquisizione \u00e8 stata completata il 30 marzo 2022. Secondo la societ\u00e0 immobiliare, il prezzo di acquisto ammonta a 60,5 milioni di franchi.<\/p>\n<p>La propriet\u00e0 \u00e8 distribuita su tre lotti per un totale di 2.821 mq, gli edifici su di essi hanno una superficie netta affittabile di 6.356 mq e sono affittati. Gli usi commerciali rappresentano 95% dell'area, i restanti 5% sono appartamenti. Gli edifici generano un reddito locativo lordo target annuale di oltre 2 milioni. La propriet\u00e0 si trova a soli dieci minuti dalla stazione ferroviaria di Ginevra-Cornavin e a circa 15 minuti dall'aeroporto di Ginevra; la propriet\u00e0 ha ricevuto il massimo punteggio di \"5.0 Excellent\" dalla societ\u00e0 di consulenza W\u00fcest Partner nella sua valutazione della posizione.<\/p>\n<p>Secondo Ina Invest, gli edifici si trovano in una zona mista che permette 100% residenziale. Pertanto, la propriet\u00e0 offre un potenziale di sviluppo: aggiungendo piani e sviluppando una riserva di utilizzo nel cortile interno, la societ\u00e0 immobiliare vuole aumentare lo spazio utilizzabile di oltre 1.500 mq per un totale di oltre 7.800 mq nei prossimi anni. In futuro, gli appartamenti costituiranno circa 45%, il resto continuer\u00e0 ad essere usato commercialmente. <em>(ah)<\/em><\/p>","protected":false},"excerpt":{"rendered":"<p>Ina Invest ha completato l'acquisizione di una propriet\u00e0 in Rue du Grand-Pr\u00e9 a Ginevra. La societ\u00e0 immobiliare intende sviluppare la propriet\u00e0 e aumentare lo spazio utilizzabile.<\/p>","protected":false},"author":3,"featured_media":6157,"comment_status":"closed","ping_status":"closed","sticky":false,"template":"","format":"standard","meta":{"_acf_changed":false,"_yoast_wpseo_focuskw":"Ina Invest","_yoast_wpseo_title":"","_yoast_wpseo_metadesc":"Ina Invest hat den Erwerb einer Liegenschaft an der Rue du Grand-Pr\u00e9 in Genf abgeschlossen. Die Immobiliengesellschaft will das Objekt entwickeln.","_yoast_wpseo_linkdex":57,"pgc_sgb_lightbox_settings":"","footnotes":""},"categories":[985],"tags":[1260,1348,1360,1600],"class_list":["post-42081","post","type-post","status-publish","format-standard","has-post-thumbnail","hentry","category-regionen","tag-genf","tag-immobilienkauf","tag-ina-invest","tag-projekt-in-planung"],"acf":[],"yoast_head":"<!-- This site is optimized with the Yoast SEO plugin v27.5 - https:\/\/yoast.com\/product\/yoast-seo-wordpress\/ -->\n<title>Ina Invest schliesst Kauf in Genf ab - IMMOBILIEN Business<\/title>\n<meta name=\"description\" content=\"Ina Invest hat den Erwerb einer Liegenschaft an der Rue du Grand-Pr\u00e9 in Genf abgeschlossen. Die Immobiliengesellschaft will das Objekt entwickeln.\" \/>\n<meta name=\"robots\" content=\"index, follow, max-snippet:-1, max-image-preview:large, max-video-preview:-1\" \/>\n<link rel=\"canonical\" href=\"https:\/\/www.immobilienbusiness.ch\/it\/regionen\/2022-04-07\/ina-invest-schliesst-kauf-in-genf-ab\/\" \/>\n<meta property=\"og:locale\" content=\"it_IT\" \/>\n<meta property=\"og:type\" content=\"article\" \/>\n<meta property=\"og:title\" content=\"Ina Invest schliesst Kauf in Genf ab - IMMOBILIEN Business\" \/>\n<meta property=\"og:description\" content=\"Ina Invest hat den Erwerb einer Liegenschaft an der Rue du Grand-Pr\u00e9 in Genf abgeschlossen. Die Immobiliengesellschaft will das Objekt entwickeln.\" \/>\n<meta property=\"og:url\" content=\"https:\/\/www.immobilienbusiness.ch\/it\/regionen\/2022-04-07\/ina-invest-schliesst-kauf-in-genf-ab\/\" \/>\n<meta property=\"og:site_name\" content=\"IMMOBILIEN Business\" \/>\n<meta property=\"article:publisher\" content=\"https:\/\/www.facebook.com\/immobilienbusiness\/\" \/>\n<meta property=\"article:published_time\" content=\"2022-04-07T05:51:13+00:00\" \/>\n<meta property=\"og:image\" content=\"https:\/\/www.immobilienbusiness.ch\/wp-content\/uploads\/2017\/02\/Depositphotos_43333923_l-2015-1024x683.jpg\" \/>\n\t<meta property=\"og:image:width\" content=\"1024\" \/>\n\t<meta property=\"og:image:height\" content=\"683\" \/>\n\t<meta property=\"og:image:type\" content=\"image\/jpeg\" \/>\n<meta name=\"author\" content=\"anja.hall\" \/>\n<meta name=\"twitter:card\" content=\"summary_large_image\" \/>\n<meta name=\"twitter:image\" content=\"https:\/\/www.immobilienbusiness.ch\/wp-content\/uploads\/2017\/02\/Depositphotos_43333923_l-2015.jpg\" \/>\n<script type=\"application\/ld+json\" class=\"yoast-schema-graph\">{\"@context\":\"https:\\\/\\\/schema.org\",\"@graph\":[{\"@type\":\"Article\",\"@id\":\"https:\\\/\\\/www.immobilienbusiness.ch\\\/regionen\\\/2022-04-07\\\/ina-invest-schliesst-kauf-in-genf-ab\\\/#article\",\"isPartOf\":{\"@id\":\"https:\\\/\\\/www.immobilienbusiness.ch\\\/regionen\\\/2022-04-07\\\/ina-invest-schliesst-kauf-in-genf-ab\\\/\"},\"author\":{\"name\":\"anja.hall\",\"@id\":\"https:\\\/\\\/www.immobilienbusiness.ch\\\/#\\\/schema\\\/person\\\/3fc036297b10b9f42d6db5ee932af8c8\"},\"headline\":\"Ina Invest schliesst Kauf in Genf ab\",\"datePublished\":\"2022-04-07T05:51:13+00:00\",\"mainEntityOfPage\":{\"@id\":\"https:\\\/\\\/www.immobilienbusiness.ch\\\/regionen\\\/2022-04-07\\\/ina-invest-schliesst-kauf-in-genf-ab\\\/\"},\"wordCount\":201,\"publisher\":{\"@id\":\"https:\\\/\\\/www.immobilienbusiness.ch\\\/#organization\"},\"image\":{\"@id\":\"https:\\\/\\\/www.immobilienbusiness.ch\\\/regionen\\\/2022-04-07\\\/ina-invest-schliesst-kauf-in-genf-ab\\\/#primaryimage\"},\"thumbnailUrl\":\"https:\\\/\\\/www.immobilienbusiness.ch\\\/wp-content\\\/uploads\\\/2017\\\/02\\\/Depositphotos_43333923_l-2015.jpg\",\"keywords\":[\"Genf\",\"Immobilienkauf\",\"Ina Invest\",\"Projekt in Planung\"],\"articleSection\":[\"REGIONEN\"],\"inLanguage\":\"it-IT\"},{\"@type\":\"WebPage\",\"@id\":\"https:\\\/\\\/www.immobilienbusiness.ch\\\/regionen\\\/2022-04-07\\\/ina-invest-schliesst-kauf-in-genf-ab\\\/\",\"url\":\"https:\\\/\\\/www.immobilienbusiness.ch\\\/regionen\\\/2022-04-07\\\/ina-invest-schliesst-kauf-in-genf-ab\\\/\",\"name\":\"Ina Invest schliesst Kauf in Genf ab - IMMOBILIEN Business\",\"isPartOf\":{\"@id\":\"https:\\\/\\\/www.immobilienbusiness.ch\\\/#website\"},\"primaryImageOfPage\":{\"@id\":\"https:\\\/\\\/www.immobilienbusiness.ch\\\/regionen\\\/2022-04-07\\\/ina-invest-schliesst-kauf-in-genf-ab\\\/#primaryimage\"},\"image\":{\"@id\":\"https:\\\/\\\/www.immobilienbusiness.ch\\\/regionen\\\/2022-04-07\\\/ina-invest-schliesst-kauf-in-genf-ab\\\/#primaryimage\"},\"thumbnailUrl\":\"https:\\\/\\\/www.immobilienbusiness.ch\\\/wp-content\\\/uploads\\\/2017\\\/02\\\/Depositphotos_43333923_l-2015.jpg\",\"datePublished\":\"2022-04-07T05:51:13+00:00\",\"description\":\"Ina Invest hat den Erwerb einer Liegenschaft an der Rue du Grand-Pr\u00e9 in Genf abgeschlossen. Die Immobiliengesellschaft will das Objekt entwickeln.\",\"breadcrumb\":{\"@id\":\"https:\\\/\\\/www.immobilienbusiness.ch\\\/regionen\\\/2022-04-07\\\/ina-invest-schliesst-kauf-in-genf-ab\\\/#breadcrumb\"},\"inLanguage\":\"it-IT\",\"potentialAction\":[{\"@type\":\"ReadAction\",\"target\":[\"https:\\\/\\\/www.immobilienbusiness.ch\\\/regionen\\\/2022-04-07\\\/ina-invest-schliesst-kauf-in-genf-ab\\\/\"]}]},{\"@type\":\"ImageObject\",\"inLanguage\":\"it-IT\",\"@id\":\"https:\\\/\\\/www.immobilienbusiness.ch\\\/regionen\\\/2022-04-07\\\/ina-invest-schliesst-kauf-in-genf-ab\\\/#primaryimage\",\"url\":\"https:\\\/\\\/www.immobilienbusiness.ch\\\/wp-content\\\/uploads\\\/2017\\\/02\\\/Depositphotos_43333923_l-2015.jpg\",\"contentUrl\":\"https:\\\/\\\/www.immobilienbusiness.ch\\\/wp-content\\\/uploads\\\/2017\\\/02\\\/Depositphotos_43333923_l-2015.jpg\",\"width\":2000,\"height\":1334,\"caption\":\"Valora verkauft eine Liegenschaft in Genf (Foto: Lenorlux - depositphotos)\"},{\"@type\":\"BreadcrumbList\",\"@id\":\"https:\\\/\\\/www.immobilienbusiness.ch\\\/regionen\\\/2022-04-07\\\/ina-invest-schliesst-kauf-in-genf-ab\\\/#breadcrumb\",\"itemListElement\":[{\"@type\":\"ListItem\",\"position\":1,\"name\":\"Home\",\"item\":\"https:\\\/\\\/www.immobilienbusiness.ch\\\/\"},{\"@type\":\"ListItem\",\"position\":2,\"name\":\"Ina Invest schliesst Kauf in Genf ab\"}]},{\"@type\":\"WebSite\",\"@id\":\"https:\\\/\\\/www.immobilienbusiness.ch\\\/#website\",\"url\":\"https:\\\/\\\/www.immobilienbusiness.ch\\\/\",\"name\":\"IMMOBILIEN Business\",\"description\":\"Unabh\u00e4ngiges Schweizer Wirtschaftsmagazin mit Fokus auf Immobilien, Architektur- und Bau sowie Investment- und Finanzierung.\",\"publisher\":{\"@id\":\"https:\\\/\\\/www.immobilienbusiness.ch\\\/#organization\"},\"potentialAction\":[{\"@type\":\"SearchAction\",\"target\":{\"@type\":\"EntryPoint\",\"urlTemplate\":\"https:\\\/\\\/www.immobilienbusiness.ch\\\/?s={search_term_string}\"},\"query-input\":{\"@type\":\"PropertyValueSpecification\",\"valueRequired\":true,\"valueName\":\"search_term_string\"}}],\"inLanguage\":\"it-IT\"},{\"@type\":\"Organization\",\"@id\":\"https:\\\/\\\/www.immobilienbusiness.ch\\\/#organization\",\"name\":\"IMMOBILIEN Business\",\"url\":\"https:\\\/\\\/www.immobilienbusiness.ch\\\/\",\"logo\":{\"@type\":\"ImageObject\",\"inLanguage\":\"it-IT\",\"@id\":\"https:\\\/\\\/www.immobilienbusiness.ch\\\/#\\\/schema\\\/logo\\\/image\\\/\",\"url\":\"https:\\\/\\\/www.immobilienbusiness.ch\\\/wp-content\\\/uploads\\\/2021\\\/07\\\/logo_ib.png\",\"contentUrl\":\"https:\\\/\\\/www.immobilienbusiness.ch\\\/wp-content\\\/uploads\\\/2021\\\/07\\\/logo_ib.png\",\"width\":800,\"height\":181,\"caption\":\"IMMOBILIEN Business\"},\"image\":{\"@id\":\"https:\\\/\\\/www.immobilienbusiness.ch\\\/#\\\/schema\\\/logo\\\/image\\\/\"},\"sameAs\":[\"https:\\\/\\\/www.facebook.com\\\/immobilienbusiness\\\/\"]},{\"@type\":\"Person\",\"@id\":\"https:\\\/\\\/www.immobilienbusiness.ch\\\/#\\\/schema\\\/person\\\/3fc036297b10b9f42d6db5ee932af8c8\",\"name\":\"anja.hall\",\"image\":{\"@type\":\"ImageObject\",\"inLanguage\":\"it-IT\",\"@id\":\"https:\\\/\\\/secure.gravatar.com\\\/avatar\\\/066b5a0d447013502c71a5782f4f3469f03cfe595cc2329fb94652fe47511bfb?s=96&d=mm&r=g\",\"url\":\"https:\\\/\\\/secure.gravatar.com\\\/avatar\\\/066b5a0d447013502c71a5782f4f3469f03cfe595cc2329fb94652fe47511bfb?s=96&d=mm&r=g\",\"contentUrl\":\"https:\\\/\\\/secure.gravatar.com\\\/avatar\\\/066b5a0d447013502c71a5782f4f3469f03cfe595cc2329fb94652fe47511bfb?s=96&d=mm&r=g\",\"caption\":\"anja.hall\"},\"url\":\"https:\\\/\\\/www.immobilienbusiness.ch\\\/it\\\/author\\\/anja-hall\\\/\"}]}<\/script>\n<!-- \/ Yoast SEO plugin. -->","yoast_head_json":{"title":"Ina Invest schliesst Kauf in Genf ab - IMMOBILIEN Business","description":"Ina Invest hat den Erwerb einer Liegenschaft an der Rue du Grand-Pr\u00e9 in Genf abgeschlossen. Die Immobiliengesellschaft will das Objekt entwickeln.","robots":{"index":"index","follow":"follow","max-snippet":"max-snippet:-1","max-image-preview":"max-image-preview:large","max-video-preview":"max-video-preview:-1"},"canonical":"https:\/\/www.immobilienbusiness.ch\/it\/regionen\/2022-04-07\/ina-invest-schliesst-kauf-in-genf-ab\/","og_locale":"it_IT","og_type":"article","og_title":"Ina Invest schliesst Kauf in Genf ab - IMMOBILIEN Business","og_description":"Ina Invest hat den Erwerb einer Liegenschaft an der Rue du Grand-Pr\u00e9 in Genf abgeschlossen. Die Immobiliengesellschaft will das Objekt entwickeln.","og_url":"https:\/\/www.immobilienbusiness.ch\/it\/regionen\/2022-04-07\/ina-invest-schliesst-kauf-in-genf-ab\/","og_site_name":"IMMOBILIEN Business","article_publisher":"https:\/\/www.facebook.com\/immobilienbusiness\/","article_published_time":"2022-04-07T05:51:13+00:00","og_image":[{"width":1024,"height":683,"url":"https:\/\/www.immobilienbusiness.ch\/wp-content\/uploads\/2017\/02\/Depositphotos_43333923_l-2015-1024x683.jpg","type":"image\/jpeg"}],"author":"anja.hall","twitter_card":"summary_large_image","twitter_image":"https:\/\/www.immobilienbusiness.ch\/wp-content\/uploads\/2017\/02\/Depositphotos_43333923_l-2015.jpg","schema":{"@context":"https:\/\/schema.org","@graph":[{"@type":"Article","@id":"https:\/\/www.immobilienbusiness.ch\/regionen\/2022-04-07\/ina-invest-schliesst-kauf-in-genf-ab\/#article","isPartOf":{"@id":"https:\/\/www.immobilienbusiness.ch\/regionen\/2022-04-07\/ina-invest-schliesst-kauf-in-genf-ab\/"},"author":{"name":"anja.hall","@id":"https:\/\/www.immobilienbusiness.ch\/#\/schema\/person\/3fc036297b10b9f42d6db5ee932af8c8"},"headline":"Ina Invest schliesst Kauf in Genf ab","datePublished":"2022-04-07T05:51:13+00:00","mainEntityOfPage":{"@id":"https:\/\/www.immobilienbusiness.ch\/regionen\/2022-04-07\/ina-invest-schliesst-kauf-in-genf-ab\/"},"wordCount":201,"publisher":{"@id":"https:\/\/www.immobilienbusiness.ch\/#organization"},"image":{"@id":"https:\/\/www.immobilienbusiness.ch\/regionen\/2022-04-07\/ina-invest-schliesst-kauf-in-genf-ab\/#primaryimage"},"thumbnailUrl":"https:\/\/www.immobilienbusiness.ch\/wp-content\/uploads\/2017\/02\/Depositphotos_43333923_l-2015.jpg","keywords":["Genf","Immobilienkauf","Ina Invest","Projekt in Planung"],"articleSection":["REGIONEN"],"inLanguage":"it-IT"},{"@type":"WebPage","@id":"https:\/\/www.immobilienbusiness.ch\/regionen\/2022-04-07\/ina-invest-schliesst-kauf-in-genf-ab\/","url":"https:\/\/www.immobilienbusiness.ch\/regionen\/2022-04-07\/ina-invest-schliesst-kauf-in-genf-ab\/","name":"Ina Invest schliesst Kauf in Genf ab - IMMOBILIEN Business","isPartOf":{"@id":"https:\/\/www.immobilienbusiness.ch\/#website"},"primaryImageOfPage":{"@id":"https:\/\/www.immobilienbusiness.ch\/regionen\/2022-04-07\/ina-invest-schliesst-kauf-in-genf-ab\/#primaryimage"},"image":{"@id":"https:\/\/www.immobilienbusiness.ch\/regionen\/2022-04-07\/ina-invest-schliesst-kauf-in-genf-ab\/#primaryimage"},"thumbnailUrl":"https:\/\/www.immobilienbusiness.ch\/wp-content\/uploads\/2017\/02\/Depositphotos_43333923_l-2015.jpg","datePublished":"2022-04-07T05:51:13+00:00","description":"Ina Invest hat den Erwerb einer Liegenschaft an der Rue du Grand-Pr\u00e9 in Genf abgeschlossen. Die Immobiliengesellschaft will das Objekt entwickeln.","breadcrumb":{"@id":"https:\/\/www.immobilienbusiness.ch\/regionen\/2022-04-07\/ina-invest-schliesst-kauf-in-genf-ab\/#breadcrumb"},"inLanguage":"it-IT","potentialAction":[{"@type":"ReadAction","target":["https:\/\/www.immobilienbusiness.ch\/regionen\/2022-04-07\/ina-invest-schliesst-kauf-in-genf-ab\/"]}]},{"@type":"ImageObject","inLanguage":"it-IT","@id":"https:\/\/www.immobilienbusiness.ch\/regionen\/2022-04-07\/ina-invest-schliesst-kauf-in-genf-ab\/#primaryimage","url":"https:\/\/www.immobilienbusiness.ch\/wp-content\/uploads\/2017\/02\/Depositphotos_43333923_l-2015.jpg","contentUrl":"https:\/\/www.immobilienbusiness.ch\/wp-content\/uploads\/2017\/02\/Depositphotos_43333923_l-2015.jpg","width":2000,"height":1334,"caption":"Valora verkauft eine Liegenschaft in Genf (Foto: Lenorlux - depositphotos)"},{"@type":"BreadcrumbList","@id":"https:\/\/www.immobilienbusiness.ch\/regionen\/2022-04-07\/ina-invest-schliesst-kauf-in-genf-ab\/#breadcrumb","itemListElement":[{"@type":"ListItem","position":1,"name":"Home","item":"https:\/\/www.immobilienbusiness.ch\/"},{"@type":"ListItem","position":2,"name":"Ina Invest schliesst Kauf in Genf ab"}]},{"@type":"WebSite","@id":"https:\/\/www.immobilienbusiness.ch\/#website","url":"https:\/\/www.immobilienbusiness.ch\/","name":"Affari immobiliari","description":"Rivista economica indipendente svizzera che si concentra sul settore immobiliare, l'architettura e la costruzione, nonch\u00e9 sugli investimenti e i finanziamenti.","publisher":{"@id":"https:\/\/www.immobilienbusiness.ch\/#organization"},"potentialAction":[{"@type":"SearchAction","target":{"@type":"EntryPoint","urlTemplate":"https:\/\/www.immobilienbusiness.ch\/?s={search_term_string}"},"query-input":{"@type":"PropertyValueSpecification","valueRequired":true,"valueName":"search_term_string"}}],"inLanguage":"it-IT"},{"@type":"Organization","@id":"https:\/\/www.immobilienbusiness.ch\/#organization","name":"Affari immobiliari","url":"https:\/\/www.immobilienbusiness.ch\/","logo":{"@type":"ImageObject","inLanguage":"it-IT","@id":"https:\/\/www.immobilienbusiness.ch\/#\/schema\/logo\/image\/","url":"https:\/\/www.immobilienbusiness.ch\/wp-content\/uploads\/2021\/07\/logo_ib.png","contentUrl":"https:\/\/www.immobilienbusiness.ch\/wp-content\/uploads\/2021\/07\/logo_ib.png","width":800,"height":181,"caption":"IMMOBILIEN Business"},"image":{"@id":"https:\/\/www.immobilienbusiness.ch\/#\/schema\/logo\/image\/"},"sameAs":["https:\/\/www.facebook.com\/immobilienbusiness\/"]},{"@type":"Person","@id":"https:\/\/www.immobilienbusiness.ch\/#\/schema\/person\/3fc036297b10b9f42d6db5ee932af8c8","name":"anja.hall","image":{"@type":"ImageObject","inLanguage":"it-IT","@id":"https:\/\/secure.gravatar.com\/avatar\/066b5a0d447013502c71a5782f4f3469f03cfe595cc2329fb94652fe47511bfb?s=96&d=mm&r=g","url":"https:\/\/secure.gravatar.com\/avatar\/066b5a0d447013502c71a5782f4f3469f03cfe595cc2329fb94652fe47511bfb?s=96&d=mm&r=g","contentUrl":"https:\/\/secure.gravatar.com\/avatar\/066b5a0d447013502c71a5782f4f3469f03cfe595cc2329fb94652fe47511bfb?s=96&d=mm&r=g","caption":"anja.hall"},"url":"https:\/\/www.immobilienbusiness.ch\/it\/author\/anja-hall\/"}]}},"_links":{"self":[{"href":"https:\/\/www.immobilienbusiness.ch\/it\/wp-json\/wp\/v2\/posts\/42081","targetHints":{"allow":["GET"]}}],"collection":[{"href":"https:\/\/www.immobilienbusiness.ch\/it\/wp-json\/wp\/v2\/posts"}],"about":[{"href":"https:\/\/www.immobilienbusiness.ch\/it\/wp-json\/wp\/v2\/types\/post"}],"author":[{"embeddable":true,"href":"https:\/\/www.immobilienbusiness.ch\/it\/wp-json\/wp\/v2\/users\/3"}],"replies":[{"embeddable":true,"href":"https:\/\/www.immobilienbusiness.ch\/it\/wp-json\/wp\/v2\/comments?post=42081"}],"version-history":[{"count":3,"href":"https:\/\/www.immobilienbusiness.ch\/it\/wp-json\/wp\/v2\/posts\/42081\/revisions"}],"predecessor-version":[{"id":42092,"href":"https:\/\/www.immobilienbusiness.ch\/it\/wp-json\/wp\/v2\/posts\/42081\/revisions\/42092"}],"wp:featuredmedia":[{"embeddable":true,"href":"https:\/\/www.immobilienbusiness.ch\/it\/wp-json\/wp\/v2\/media\/6157"}],"wp:attachment":[{"href":"https:\/\/www.immobilienbusiness.ch\/it\/wp-json\/wp\/v2\/media?parent=42081"}],"wp:term":[{"taxonomy":"category","embeddable":true,"href":"https:\/\/www.immobilienbusiness.ch\/it\/wp-json\/wp\/v2\/categories?post=42081"},{"taxonomy":"post_tag","embeddable":true,"href":"https:\/\/www.immobilienbusiness.ch\/it\/wp-json\/wp\/v2\/tags?post=42081"}],"curies":[{"name":"wp","href":"https:\/\/api.w.org\/{rel}","templated":true}]}}