{"id":41712,"date":"2021-11-18T10:33:40","date_gmt":"2021-11-18T09:33:40","guid":{"rendered":"https:\/\/develop.immobilienbusiness.ch\/de\/allgemein\/2021-11-18\/bern-architekturwettbewerb-fur-uni-areal-muesmatt-ist-entschieden\/"},"modified":"2023-08-08T20:23:35","modified_gmt":"2023-08-08T18:23:35","slug":"bern-architekturwettbewerb-fur-uni-areal-muesmatt-ist-entschieden","status":"publish","type":"post","link":"https:\/\/www.immobilienbusiness.ch\/it\/ib\/2021-11-18\/bern-architekturwettbewerb-fur-uni-areal-muesmatt-ist-entschieden\/","title":{"rendered":"Berna: deciso il concorso di architettura per la sede universitaria di Muesmatt"},"content":{"rendered":"<div class=\"swpm-post-not-logged-in-msg\">Devi eseguire l&#039;accesso per visualizzare questo contenuto. Avrete bisogno di <a class=\"swpm-login-link\" href=\"https:\/\/www.immobilienbusiness.ch\/it\/login\/?swpm_redirect_to=https%3A%2F%2Fwww.immobilienbusiness.ch%2Fit%2Fwp-json%2Fwp%2Fv2%2Fposts%2F41712\">Accedi<\/a>. Non sei un membro? <a href=\"https:\/\/www.immobilienbusiness.ch\/it\/registrieren\/\">Registrazione<\/a><\/div>","protected":false},"excerpt":{"rendered":"<p><span><span><span>L'Universit\u00e0 di Berna vuole costruire nuovi edifici sul sito di Muesmatt, nel quartiere di L\u00e4nggass. Il concorso di architettura \u00e8 stato deciso, ma il progetto non sar\u00e0 realizzato prima di cinque anni.<\/span><\/span><\/span><\/p>","protected":false},"author":3,"featured_media":0,"comment_status":"closed","ping_status":"closed","sticky":false,"template":"","format":"standard","meta":{"_acf_changed":false,"_yoast_wpseo_focuskw":"Architekturwettbewerb","_yoast_wpseo_title":"","_yoast_wpseo_metadesc":"Die Universit\u00e4t Bern will Neubauten auf dem Muesmatt-Areal im L\u00e4nggassquartier erstellen. Der Architekturwettbewerb ist entschieden, realisiert wird das Projekt aber fr\u00fchestens in f\u00fcnf Jahren.","_yoast_wpseo_linkdex":44,"pgc_sgb_lightbox_settings":"","footnotes":""},"categories":[1951],"tags":[1974,1957],"class_list":["post-41712","post","type-post","status-publish","format-standard","hentry","category-ib","tag-be","tag-in-planung"],"acf":[],"yoast_head":"<!-- This site is optimized with the Yoast SEO plugin v27.5 - https:\/\/yoast.com\/product\/yoast-seo-wordpress\/ -->\n<title>Bern: Architekturwettbewerb f\u00fcr Uni-Areal Muesmatt ist entschieden - IMMOBILIEN Business<\/title>\n<meta name=\"description\" content=\"Die Universit\u00e4t Bern will Neubauten auf dem Muesmatt-Areal im L\u00e4nggassquartier erstellen. Der Architekturwettbewerb ist entschieden, realisiert wird das Projekt aber fr\u00fchestens in f\u00fcnf Jahren.\" \/>\n<meta name=\"robots\" content=\"index, follow, max-snippet:-1, max-image-preview:large, max-video-preview:-1\" \/>\n<link rel=\"canonical\" href=\"https:\/\/www.immobilienbusiness.ch\/it\/ib\/2021-11-18\/bern-architekturwettbewerb-fur-uni-areal-muesmatt-ist-entschieden\/\" \/>\n<meta property=\"og:locale\" content=\"it_IT\" \/>\n<meta property=\"og:type\" content=\"article\" \/>\n<meta property=\"og:title\" content=\"Bern: Architekturwettbewerb f\u00fcr Uni-Areal Muesmatt ist entschieden - IMMOBILIEN Business\" \/>\n<meta property=\"og:description\" content=\"Die Universit\u00e4t Bern will Neubauten auf dem Muesmatt-Areal im L\u00e4nggassquartier erstellen. Der Architekturwettbewerb ist entschieden, realisiert wird das Projekt aber fr\u00fchestens in f\u00fcnf Jahren.\" \/>\n<meta property=\"og:url\" content=\"https:\/\/www.immobilienbusiness.ch\/it\/ib\/2021-11-18\/bern-architekturwettbewerb-fur-uni-areal-muesmatt-ist-entschieden\/\" \/>\n<meta property=\"og:site_name\" content=\"IMMOBILIEN Business\" \/>\n<meta property=\"article:publisher\" content=\"https:\/\/www.facebook.com\/immobilienbusiness\/\" \/>\n<meta property=\"article:published_time\" content=\"2021-11-18T09:33:40+00:00\" \/>\n<meta property=\"article:modified_time\" content=\"2023-08-08T18:23:35+00:00\" \/>\n<meta name=\"author\" content=\"anja.hall\" \/>\n<meta name=\"twitter:card\" content=\"summary_large_image\" \/>\n<script type=\"application\/ld+json\" class=\"yoast-schema-graph\">{\"@context\":\"https:\\\/\\\/schema.org\",\"@graph\":[{\"@type\":\"Article\",\"@id\":\"https:\\\/\\\/www.immobilienbusiness.ch\\\/de\\\/ib\\\/2021-11-18\\\/bern-architekturwettbewerb-fur-uni-areal-muesmatt-ist-entschieden\\\/#article\",\"isPartOf\":{\"@id\":\"https:\\\/\\\/www.immobilienbusiness.ch\\\/de\\\/ib\\\/2021-11-18\\\/bern-architekturwettbewerb-fur-uni-areal-muesmatt-ist-entschieden\\\/\"},\"author\":{\"name\":\"anja.hall\",\"@id\":\"https:\\\/\\\/www.immobilienbusiness.ch\\\/#\\\/schema\\\/person\\\/3fc036297b10b9f42d6db5ee932af8c8\"},\"headline\":\"Bern: Architekturwettbewerb f\u00fcr Uni-Areal Muesmatt ist entschieden\",\"datePublished\":\"2021-11-18T09:33:40+00:00\",\"dateModified\":\"2023-08-08T18:23:35+00:00\",\"mainEntityOfPage\":{\"@id\":\"https:\\\/\\\/www.immobilienbusiness.ch\\\/de\\\/ib\\\/2021-11-18\\\/bern-architekturwettbewerb-fur-uni-areal-muesmatt-ist-entschieden\\\/\"},\"wordCount\":198,\"publisher\":{\"@id\":\"https:\\\/\\\/www.immobilienbusiness.ch\\\/#organization\"},\"keywords\":[\"BE\",\"in Planung\"],\"articleSection\":[\"IB+\"],\"inLanguage\":\"it-IT\"},{\"@type\":\"WebPage\",\"@id\":\"https:\\\/\\\/www.immobilienbusiness.ch\\\/de\\\/ib\\\/2021-11-18\\\/bern-architekturwettbewerb-fur-uni-areal-muesmatt-ist-entschieden\\\/\",\"url\":\"https:\\\/\\\/www.immobilienbusiness.ch\\\/de\\\/ib\\\/2021-11-18\\\/bern-architekturwettbewerb-fur-uni-areal-muesmatt-ist-entschieden\\\/\",\"name\":\"Bern: Architekturwettbewerb f\u00fcr Uni-Areal Muesmatt ist entschieden - IMMOBILIEN Business\",\"isPartOf\":{\"@id\":\"https:\\\/\\\/www.immobilienbusiness.ch\\\/#website\"},\"datePublished\":\"2021-11-18T09:33:40+00:00\",\"dateModified\":\"2023-08-08T18:23:35+00:00\",\"description\":\"Die Universit\u00e4t Bern will Neubauten auf dem Muesmatt-Areal im L\u00e4nggassquartier erstellen. Der Architekturwettbewerb ist entschieden, realisiert wird das Projekt aber fr\u00fchestens in f\u00fcnf Jahren.\",\"breadcrumb\":{\"@id\":\"https:\\\/\\\/www.immobilienbusiness.ch\\\/de\\\/ib\\\/2021-11-18\\\/bern-architekturwettbewerb-fur-uni-areal-muesmatt-ist-entschieden\\\/#breadcrumb\"},\"inLanguage\":\"it-IT\",\"potentialAction\":[{\"@type\":\"ReadAction\",\"target\":[\"https:\\\/\\\/www.immobilienbusiness.ch\\\/de\\\/ib\\\/2021-11-18\\\/bern-architekturwettbewerb-fur-uni-areal-muesmatt-ist-entschieden\\\/\"]}]},{\"@type\":\"BreadcrumbList\",\"@id\":\"https:\\\/\\\/www.immobilienbusiness.ch\\\/de\\\/ib\\\/2021-11-18\\\/bern-architekturwettbewerb-fur-uni-areal-muesmatt-ist-entschieden\\\/#breadcrumb\",\"itemListElement\":[{\"@type\":\"ListItem\",\"position\":1,\"name\":\"Home\",\"item\":\"https:\\\/\\\/www.immobilienbusiness.ch\\\/\"},{\"@type\":\"ListItem\",\"position\":2,\"name\":\"Bern: Architekturwettbewerb f\u00fcr Uni-Areal Muesmatt ist entschieden\"}]},{\"@type\":\"WebSite\",\"@id\":\"https:\\\/\\\/www.immobilienbusiness.ch\\\/#website\",\"url\":\"https:\\\/\\\/www.immobilienbusiness.ch\\\/\",\"name\":\"IMMOBILIEN Business\",\"description\":\"Unabh\u00e4ngiges Schweizer Wirtschaftsmagazin mit Fokus auf Immobilien, Architektur- und Bau sowie Investment- und Finanzierung.\",\"publisher\":{\"@id\":\"https:\\\/\\\/www.immobilienbusiness.ch\\\/#organization\"},\"potentialAction\":[{\"@type\":\"SearchAction\",\"target\":{\"@type\":\"EntryPoint\",\"urlTemplate\":\"https:\\\/\\\/www.immobilienbusiness.ch\\\/?s={search_term_string}\"},\"query-input\":{\"@type\":\"PropertyValueSpecification\",\"valueRequired\":true,\"valueName\":\"search_term_string\"}}],\"inLanguage\":\"it-IT\"},{\"@type\":\"Organization\",\"@id\":\"https:\\\/\\\/www.immobilienbusiness.ch\\\/#organization\",\"name\":\"IMMOBILIEN Business\",\"url\":\"https:\\\/\\\/www.immobilienbusiness.ch\\\/\",\"logo\":{\"@type\":\"ImageObject\",\"inLanguage\":\"it-IT\",\"@id\":\"https:\\\/\\\/www.immobilienbusiness.ch\\\/#\\\/schema\\\/logo\\\/image\\\/\",\"url\":\"https:\\\/\\\/www.immobilienbusiness.ch\\\/wp-content\\\/uploads\\\/2021\\\/07\\\/logo_ib.png\",\"contentUrl\":\"https:\\\/\\\/www.immobilienbusiness.ch\\\/wp-content\\\/uploads\\\/2021\\\/07\\\/logo_ib.png\",\"width\":800,\"height\":181,\"caption\":\"IMMOBILIEN Business\"},\"image\":{\"@id\":\"https:\\\/\\\/www.immobilienbusiness.ch\\\/#\\\/schema\\\/logo\\\/image\\\/\"},\"sameAs\":[\"https:\\\/\\\/www.facebook.com\\\/immobilienbusiness\\\/\"]},{\"@type\":\"Person\",\"@id\":\"https:\\\/\\\/www.immobilienbusiness.ch\\\/#\\\/schema\\\/person\\\/3fc036297b10b9f42d6db5ee932af8c8\",\"name\":\"anja.hall\",\"image\":{\"@type\":\"ImageObject\",\"inLanguage\":\"it-IT\",\"@id\":\"https:\\\/\\\/secure.gravatar.com\\\/avatar\\\/066b5a0d447013502c71a5782f4f3469f03cfe595cc2329fb94652fe47511bfb?s=96&d=mm&r=g\",\"url\":\"https:\\\/\\\/secure.gravatar.com\\\/avatar\\\/066b5a0d447013502c71a5782f4f3469f03cfe595cc2329fb94652fe47511bfb?s=96&d=mm&r=g\",\"contentUrl\":\"https:\\\/\\\/secure.gravatar.com\\\/avatar\\\/066b5a0d447013502c71a5782f4f3469f03cfe595cc2329fb94652fe47511bfb?s=96&d=mm&r=g\",\"caption\":\"anja.hall\"},\"url\":\"https:\\\/\\\/www.immobilienbusiness.ch\\\/it\\\/author\\\/anja-hall\\\/\"}]}<\/script>\n<!-- \/ Yoast SEO plugin. -->","yoast_head_json":{"title":"Bern: Architekturwettbewerb f\u00fcr Uni-Areal Muesmatt ist entschieden - IMMOBILIEN Business","description":"L'Universit\u00e0 di Berna vuole costruire nuovi edifici sul sito di Muesmatt, nel quartiere di L\u00e4nggass. Il concorso di architettura \u00e8 stato deciso, ma il progetto non sar\u00e0 realizzato prima di cinque anni.","robots":{"index":"index","follow":"follow","max-snippet":"max-snippet:-1","max-image-preview":"max-image-preview:large","max-video-preview":"max-video-preview:-1"},"canonical":"https:\/\/www.immobilienbusiness.ch\/it\/ib\/2021-11-18\/bern-architekturwettbewerb-fur-uni-areal-muesmatt-ist-entschieden\/","og_locale":"it_IT","og_type":"article","og_title":"Bern: Architekturwettbewerb f\u00fcr Uni-Areal Muesmatt ist entschieden - IMMOBILIEN Business","og_description":"Die Universit\u00e4t Bern will Neubauten auf dem Muesmatt-Areal im L\u00e4nggassquartier erstellen. Der Architekturwettbewerb ist entschieden, realisiert wird das Projekt aber fr\u00fchestens in f\u00fcnf Jahren.","og_url":"https:\/\/www.immobilienbusiness.ch\/it\/ib\/2021-11-18\/bern-architekturwettbewerb-fur-uni-areal-muesmatt-ist-entschieden\/","og_site_name":"IMMOBILIEN Business","article_publisher":"https:\/\/www.facebook.com\/immobilienbusiness\/","article_published_time":"2021-11-18T09:33:40+00:00","article_modified_time":"2023-08-08T18:23:35+00:00","author":"anja.hall","twitter_card":"summary_large_image","schema":{"@context":"https:\/\/schema.org","@graph":[{"@type":"Article","@id":"https:\/\/www.immobilienbusiness.ch\/de\/ib\/2021-11-18\/bern-architekturwettbewerb-fur-uni-areal-muesmatt-ist-entschieden\/#article","isPartOf":{"@id":"https:\/\/www.immobilienbusiness.ch\/de\/ib\/2021-11-18\/bern-architekturwettbewerb-fur-uni-areal-muesmatt-ist-entschieden\/"},"author":{"name":"anja.hall","@id":"https:\/\/www.immobilienbusiness.ch\/#\/schema\/person\/3fc036297b10b9f42d6db5ee932af8c8"},"headline":"Bern: Architekturwettbewerb f\u00fcr Uni-Areal Muesmatt ist entschieden","datePublished":"2021-11-18T09:33:40+00:00","dateModified":"2023-08-08T18:23:35+00:00","mainEntityOfPage":{"@id":"https:\/\/www.immobilienbusiness.ch\/de\/ib\/2021-11-18\/bern-architekturwettbewerb-fur-uni-areal-muesmatt-ist-entschieden\/"},"wordCount":198,"publisher":{"@id":"https:\/\/www.immobilienbusiness.ch\/#organization"},"keywords":["BE","in Planung"],"articleSection":["IB+"],"inLanguage":"it-IT"},{"@type":"WebPage","@id":"https:\/\/www.immobilienbusiness.ch\/de\/ib\/2021-11-18\/bern-architekturwettbewerb-fur-uni-areal-muesmatt-ist-entschieden\/","url":"https:\/\/www.immobilienbusiness.ch\/de\/ib\/2021-11-18\/bern-architekturwettbewerb-fur-uni-areal-muesmatt-ist-entschieden\/","name":"Bern: Architekturwettbewerb f\u00fcr Uni-Areal Muesmatt ist entschieden - IMMOBILIEN Business","isPartOf":{"@id":"https:\/\/www.immobilienbusiness.ch\/#website"},"datePublished":"2021-11-18T09:33:40+00:00","dateModified":"2023-08-08T18:23:35+00:00","description":"L'Universit\u00e0 di Berna vuole costruire nuovi edifici sul sito di Muesmatt, nel quartiere di L\u00e4nggass. Il concorso di architettura \u00e8 stato deciso, ma il progetto non sar\u00e0 realizzato prima di cinque anni.","breadcrumb":{"@id":"https:\/\/www.immobilienbusiness.ch\/de\/ib\/2021-11-18\/bern-architekturwettbewerb-fur-uni-areal-muesmatt-ist-entschieden\/#breadcrumb"},"inLanguage":"it-IT","potentialAction":[{"@type":"ReadAction","target":["https:\/\/www.immobilienbusiness.ch\/de\/ib\/2021-11-18\/bern-architekturwettbewerb-fur-uni-areal-muesmatt-ist-entschieden\/"]}]},{"@type":"BreadcrumbList","@id":"https:\/\/www.immobilienbusiness.ch\/de\/ib\/2021-11-18\/bern-architekturwettbewerb-fur-uni-areal-muesmatt-ist-entschieden\/#breadcrumb","itemListElement":[{"@type":"ListItem","position":1,"name":"Home","item":"https:\/\/www.immobilienbusiness.ch\/"},{"@type":"ListItem","position":2,"name":"Bern: Architekturwettbewerb f\u00fcr Uni-Areal Muesmatt ist entschieden"}]},{"@type":"WebSite","@id":"https:\/\/www.immobilienbusiness.ch\/#website","url":"https:\/\/www.immobilienbusiness.ch\/","name":"Affari immobiliari","description":"Rivista economica indipendente svizzera che si concentra sul settore immobiliare, l'architettura e la costruzione, nonch\u00e9 sugli investimenti e i finanziamenti.","publisher":{"@id":"https:\/\/www.immobilienbusiness.ch\/#organization"},"potentialAction":[{"@type":"SearchAction","target":{"@type":"EntryPoint","urlTemplate":"https:\/\/www.immobilienbusiness.ch\/?s={search_term_string}"},"query-input":{"@type":"PropertyValueSpecification","valueRequired":true,"valueName":"search_term_string"}}],"inLanguage":"it-IT"},{"@type":"Organization","@id":"https:\/\/www.immobilienbusiness.ch\/#organization","name":"Affari immobiliari","url":"https:\/\/www.immobilienbusiness.ch\/","logo":{"@type":"ImageObject","inLanguage":"it-IT","@id":"https:\/\/www.immobilienbusiness.ch\/#\/schema\/logo\/image\/","url":"https:\/\/www.immobilienbusiness.ch\/wp-content\/uploads\/2021\/07\/logo_ib.png","contentUrl":"https:\/\/www.immobilienbusiness.ch\/wp-content\/uploads\/2021\/07\/logo_ib.png","width":800,"height":181,"caption":"IMMOBILIEN Business"},"image":{"@id":"https:\/\/www.immobilienbusiness.ch\/#\/schema\/logo\/image\/"},"sameAs":["https:\/\/www.facebook.com\/immobilienbusiness\/"]},{"@type":"Person","@id":"https:\/\/www.immobilienbusiness.ch\/#\/schema\/person\/3fc036297b10b9f42d6db5ee932af8c8","name":"anja.hall","image":{"@type":"ImageObject","inLanguage":"it-IT","@id":"https:\/\/secure.gravatar.com\/avatar\/066b5a0d447013502c71a5782f4f3469f03cfe595cc2329fb94652fe47511bfb?s=96&d=mm&r=g","url":"https:\/\/secure.gravatar.com\/avatar\/066b5a0d447013502c71a5782f4f3469f03cfe595cc2329fb94652fe47511bfb?s=96&d=mm&r=g","contentUrl":"https:\/\/secure.gravatar.com\/avatar\/066b5a0d447013502c71a5782f4f3469f03cfe595cc2329fb94652fe47511bfb?s=96&d=mm&r=g","caption":"anja.hall"},"url":"https:\/\/www.immobilienbusiness.ch\/it\/author\/anja-hall\/"}]}},"_links":{"self":[{"href":"https:\/\/www.immobilienbusiness.ch\/it\/wp-json\/wp\/v2\/posts\/41712","targetHints":{"allow":["GET"]}}],"collection":[{"href":"https:\/\/www.immobilienbusiness.ch\/it\/wp-json\/wp\/v2\/posts"}],"about":[{"href":"https:\/\/www.immobilienbusiness.ch\/it\/wp-json\/wp\/v2\/types\/post"}],"author":[{"embeddable":true,"href":"https:\/\/www.immobilienbusiness.ch\/it\/wp-json\/wp\/v2\/users\/3"}],"replies":[{"embeddable":true,"href":"https:\/\/www.immobilienbusiness.ch\/it\/wp-json\/wp\/v2\/comments?post=41712"}],"version-history":[{"count":1,"href":"https:\/\/www.immobilienbusiness.ch\/it\/wp-json\/wp\/v2\/posts\/41712\/revisions"}],"predecessor-version":[{"id":48318,"href":"https:\/\/www.immobilienbusiness.ch\/it\/wp-json\/wp\/v2\/posts\/41712\/revisions\/48318"}],"wp:attachment":[{"href":"https:\/\/www.immobilienbusiness.ch\/it\/wp-json\/wp\/v2\/media?parent=41712"}],"wp:term":[{"taxonomy":"category","embeddable":true,"href":"https:\/\/www.immobilienbusiness.ch\/it\/wp-json\/wp\/v2\/categories?post=41712"},{"taxonomy":"post_tag","embeddable":true,"href":"https:\/\/www.immobilienbusiness.ch\/it\/wp-json\/wp\/v2\/tags?post=41712"}],"curies":[{"name":"wp","href":"https:\/\/api.w.org\/{rel}","templated":true}]}}