{"id":41113,"date":"2021-03-25T07:58:09","date_gmt":"2021-03-25T06:58:09","guid":{"rendered":"https:\/\/develop.immobilienbusiness.ch\/de\/allgemein\/2021-03-25\/cs-ref-global-abverkauf-der-immobilien-startet-im-april\/"},"modified":"2023-07-04T11:39:41","modified_gmt":"2023-07-04T09:39:41","slug":"cs-ref-global-abverkauf-der-immobilien-startet-im-april-2","status":"publish","type":"post","link":"https:\/\/www.immobilienbusiness.ch\/it\/ib\/2021-03-25\/cs-ref-global-abverkauf-der-immobilien-startet-im-april-2\/","title":{"rendered":"CS REF Global: le vendite di propriet\u00e0 inizieranno ad aprile"},"content":{"rendered":"<div class=\"swpm-post-not-logged-in-msg\">Devi eseguire l&#039;accesso per visualizzare questo contenuto. Avrete bisogno di <a class=\"swpm-login-link\" href=\"https:\/\/www.immobilienbusiness.ch\/it\/login\/?swpm_redirect_to=https%3A%2F%2Fwww.immobilienbusiness.ch%2Fit%2Fwp-json%2Fwp%2Fv2%2Fposts%2F41113\">Accedi<\/a>. Non sei un membro? <a href=\"https:\/\/www.immobilienbusiness.ch\/it\/registrieren\/\">Registrazione<\/a><\/div>","protected":false},"excerpt":{"rendered":"<p><span><span><span>La direzione del fondo Credit Suisse Real Estate Fund Global, che \u00e8 in liquidazione, intende iniziare a vendere gli immobili a met\u00e0 aprile. Il fondo detiene un totale di dodici propriet\u00e0, quattro delle quali in Germania.<\/span><\/span><\/span><\/p>","protected":false},"author":3,"featured_media":0,"comment_status":"closed","ping_status":"closed","sticky":false,"template":"","format":"standard","meta":{"_acf_changed":false,"_yoast_wpseo_focuskw":"CS REF Global","_yoast_wpseo_title":"","_yoast_wpseo_metadesc":"Die Fondsleitung des in Liquidation befindlichen Credit Suisse Real Estate Fund Global will Mitte April mit dem Abverkauf der Liegenschaften beginnen. Insgesamt h\u00e4lt der Fonds zw\u00f6lf Immobilien, vier davon in Deutschland.","_yoast_wpseo_linkdex":57,"pgc_sgb_lightbox_settings":"","footnotes":""},"categories":[1951],"tags":[1963],"class_list":["post-41113","post","type-post","status-publish","format-standard","hentry","category-ib","tag-verfugbare-immobilie"],"acf":[],"yoast_head":"<!-- This site is optimized with the Yoast SEO plugin v27.5 - https:\/\/yoast.com\/product\/yoast-seo-wordpress\/ -->\n<title>CS REF Global: Abverkauf der Immobilien startet im April - IMMOBILIEN Business<\/title>\n<meta name=\"description\" content=\"Die Fondsleitung des in Liquidation befindlichen Credit Suisse Real Estate Fund Global will Mitte April mit dem Abverkauf der Liegenschaften beginnen. Insgesamt h\u00e4lt der Fonds zw\u00f6lf Immobilien, vier davon in Deutschland.\" \/>\n<meta name=\"robots\" content=\"index, follow, max-snippet:-1, max-image-preview:large, max-video-preview:-1\" \/>\n<link rel=\"canonical\" href=\"https:\/\/www.immobilienbusiness.ch\/it\/ib\/2021-03-25\/cs-ref-global-abverkauf-der-immobilien-startet-im-april-2\/\" \/>\n<meta property=\"og:locale\" content=\"it_IT\" \/>\n<meta property=\"og:type\" content=\"article\" \/>\n<meta property=\"og:title\" content=\"CS REF Global: Abverkauf der Immobilien startet im April - IMMOBILIEN Business\" \/>\n<meta property=\"og:description\" content=\"Die Fondsleitung des in Liquidation befindlichen Credit Suisse Real Estate Fund Global will Mitte April mit dem Abverkauf der Liegenschaften beginnen. Insgesamt h\u00e4lt der Fonds zw\u00f6lf Immobilien, vier davon in Deutschland.\" \/>\n<meta property=\"og:url\" content=\"https:\/\/www.immobilienbusiness.ch\/it\/ib\/2021-03-25\/cs-ref-global-abverkauf-der-immobilien-startet-im-april-2\/\" \/>\n<meta property=\"og:site_name\" content=\"IMMOBILIEN Business\" \/>\n<meta property=\"article:publisher\" content=\"https:\/\/www.facebook.com\/immobilienbusiness\/\" \/>\n<meta property=\"article:published_time\" content=\"2021-03-25T06:58:09+00:00\" \/>\n<meta property=\"article:modified_time\" content=\"2023-07-04T09:39:41+00:00\" \/>\n<meta name=\"author\" content=\"anja.hall\" \/>\n<meta name=\"twitter:card\" content=\"summary_large_image\" \/>\n<script type=\"application\/ld+json\" class=\"yoast-schema-graph\">{\"@context\":\"https:\\\/\\\/schema.org\",\"@graph\":[{\"@type\":\"Article\",\"@id\":\"https:\\\/\\\/www.immobilienbusiness.ch\\\/ib\\\/2021-03-25\\\/cs-ref-global-abverkauf-der-immobilien-startet-im-april-2\\\/#article\",\"isPartOf\":{\"@id\":\"https:\\\/\\\/www.immobilienbusiness.ch\\\/ib\\\/2021-03-25\\\/cs-ref-global-abverkauf-der-immobilien-startet-im-april-2\\\/\"},\"author\":{\"name\":\"anja.hall\",\"@id\":\"https:\\\/\\\/www.immobilienbusiness.ch\\\/#\\\/schema\\\/person\\\/3fc036297b10b9f42d6db5ee932af8c8\"},\"headline\":\"CS REF Global: Abverkauf der Immobilien startet im April\",\"datePublished\":\"2021-03-25T06:58:09+00:00\",\"dateModified\":\"2023-07-04T09:39:41+00:00\",\"mainEntityOfPage\":{\"@id\":\"https:\\\/\\\/www.immobilienbusiness.ch\\\/ib\\\/2021-03-25\\\/cs-ref-global-abverkauf-der-immobilien-startet-im-april-2\\\/\"},\"wordCount\":229,\"publisher\":{\"@id\":\"https:\\\/\\\/www.immobilienbusiness.ch\\\/#organization\"},\"keywords\":[\"verf\u00fcgbare Immobilie\"],\"articleSection\":[\"IB+\"],\"inLanguage\":\"it-IT\"},{\"@type\":\"WebPage\",\"@id\":\"https:\\\/\\\/www.immobilienbusiness.ch\\\/ib\\\/2021-03-25\\\/cs-ref-global-abverkauf-der-immobilien-startet-im-april-2\\\/\",\"url\":\"https:\\\/\\\/www.immobilienbusiness.ch\\\/ib\\\/2021-03-25\\\/cs-ref-global-abverkauf-der-immobilien-startet-im-april-2\\\/\",\"name\":\"CS REF Global: Abverkauf der Immobilien startet im April - IMMOBILIEN Business\",\"isPartOf\":{\"@id\":\"https:\\\/\\\/www.immobilienbusiness.ch\\\/#website\"},\"datePublished\":\"2021-03-25T06:58:09+00:00\",\"dateModified\":\"2023-07-04T09:39:41+00:00\",\"description\":\"Die Fondsleitung des in Liquidation befindlichen Credit Suisse Real Estate Fund Global will Mitte April mit dem Abverkauf der Liegenschaften beginnen. Insgesamt h\u00e4lt der Fonds zw\u00f6lf Immobilien, vier davon in Deutschland.\",\"breadcrumb\":{\"@id\":\"https:\\\/\\\/www.immobilienbusiness.ch\\\/ib\\\/2021-03-25\\\/cs-ref-global-abverkauf-der-immobilien-startet-im-april-2\\\/#breadcrumb\"},\"inLanguage\":\"it-IT\",\"potentialAction\":[{\"@type\":\"ReadAction\",\"target\":[\"https:\\\/\\\/www.immobilienbusiness.ch\\\/ib\\\/2021-03-25\\\/cs-ref-global-abverkauf-der-immobilien-startet-im-april-2\\\/\"]}]},{\"@type\":\"BreadcrumbList\",\"@id\":\"https:\\\/\\\/www.immobilienbusiness.ch\\\/ib\\\/2021-03-25\\\/cs-ref-global-abverkauf-der-immobilien-startet-im-april-2\\\/#breadcrumb\",\"itemListElement\":[{\"@type\":\"ListItem\",\"position\":1,\"name\":\"Home\",\"item\":\"https:\\\/\\\/www.immobilienbusiness.ch\\\/\"},{\"@type\":\"ListItem\",\"position\":2,\"name\":\"CS REF Global: Abverkauf der Immobilien startet im April\"}]},{\"@type\":\"WebSite\",\"@id\":\"https:\\\/\\\/www.immobilienbusiness.ch\\\/#website\",\"url\":\"https:\\\/\\\/www.immobilienbusiness.ch\\\/\",\"name\":\"IMMOBILIEN Business\",\"description\":\"Unabh\u00e4ngiges Schweizer Wirtschaftsmagazin mit Fokus auf Immobilien, Architektur- und Bau sowie Investment- und Finanzierung.\",\"publisher\":{\"@id\":\"https:\\\/\\\/www.immobilienbusiness.ch\\\/#organization\"},\"potentialAction\":[{\"@type\":\"SearchAction\",\"target\":{\"@type\":\"EntryPoint\",\"urlTemplate\":\"https:\\\/\\\/www.immobilienbusiness.ch\\\/?s={search_term_string}\"},\"query-input\":{\"@type\":\"PropertyValueSpecification\",\"valueRequired\":true,\"valueName\":\"search_term_string\"}}],\"inLanguage\":\"it-IT\"},{\"@type\":\"Organization\",\"@id\":\"https:\\\/\\\/www.immobilienbusiness.ch\\\/#organization\",\"name\":\"IMMOBILIEN Business\",\"url\":\"https:\\\/\\\/www.immobilienbusiness.ch\\\/\",\"logo\":{\"@type\":\"ImageObject\",\"inLanguage\":\"it-IT\",\"@id\":\"https:\\\/\\\/www.immobilienbusiness.ch\\\/#\\\/schema\\\/logo\\\/image\\\/\",\"url\":\"https:\\\/\\\/www.immobilienbusiness.ch\\\/wp-content\\\/uploads\\\/2021\\\/07\\\/logo_ib.png\",\"contentUrl\":\"https:\\\/\\\/www.immobilienbusiness.ch\\\/wp-content\\\/uploads\\\/2021\\\/07\\\/logo_ib.png\",\"width\":800,\"height\":181,\"caption\":\"IMMOBILIEN Business\"},\"image\":{\"@id\":\"https:\\\/\\\/www.immobilienbusiness.ch\\\/#\\\/schema\\\/logo\\\/image\\\/\"},\"sameAs\":[\"https:\\\/\\\/www.facebook.com\\\/immobilienbusiness\\\/\"]},{\"@type\":\"Person\",\"@id\":\"https:\\\/\\\/www.immobilienbusiness.ch\\\/#\\\/schema\\\/person\\\/3fc036297b10b9f42d6db5ee932af8c8\",\"name\":\"anja.hall\",\"image\":{\"@type\":\"ImageObject\",\"inLanguage\":\"it-IT\",\"@id\":\"https:\\\/\\\/secure.gravatar.com\\\/avatar\\\/066b5a0d447013502c71a5782f4f3469f03cfe595cc2329fb94652fe47511bfb?s=96&d=mm&r=g\",\"url\":\"https:\\\/\\\/secure.gravatar.com\\\/avatar\\\/066b5a0d447013502c71a5782f4f3469f03cfe595cc2329fb94652fe47511bfb?s=96&d=mm&r=g\",\"contentUrl\":\"https:\\\/\\\/secure.gravatar.com\\\/avatar\\\/066b5a0d447013502c71a5782f4f3469f03cfe595cc2329fb94652fe47511bfb?s=96&d=mm&r=g\",\"caption\":\"anja.hall\"},\"url\":\"https:\\\/\\\/www.immobilienbusiness.ch\\\/it\\\/author\\\/anja-hall\\\/\"}]}<\/script>\n<!-- \/ Yoast SEO plugin. -->","yoast_head_json":{"title":"CS REF Global: la vendita di immobili inizia ad aprile - IMMOBILIEN Business","description":"La direzione del fondo Credit Suisse Real Estate Fund Global, che \u00e8 in liquidazione, intende iniziare a vendere gli immobili a met\u00e0 aprile. Il fondo detiene un totale di dodici propriet\u00e0, quattro delle quali in Germania.","robots":{"index":"index","follow":"follow","max-snippet":"max-snippet:-1","max-image-preview":"max-image-preview:large","max-video-preview":"max-video-preview:-1"},"canonical":"https:\/\/www.immobilienbusiness.ch\/it\/ib\/2021-03-25\/cs-ref-global-abverkauf-der-immobilien-startet-im-april-2\/","og_locale":"it_IT","og_type":"article","og_title":"CS REF Global: Abverkauf der Immobilien startet im April - IMMOBILIEN Business","og_description":"Die Fondsleitung des in Liquidation befindlichen Credit Suisse Real Estate Fund Global will Mitte April mit dem Abverkauf der Liegenschaften beginnen. Insgesamt h\u00e4lt der Fonds zw\u00f6lf Immobilien, vier davon in Deutschland.","og_url":"https:\/\/www.immobilienbusiness.ch\/it\/ib\/2021-03-25\/cs-ref-global-abverkauf-der-immobilien-startet-im-april-2\/","og_site_name":"IMMOBILIEN Business","article_publisher":"https:\/\/www.facebook.com\/immobilienbusiness\/","article_published_time":"2021-03-25T06:58:09+00:00","article_modified_time":"2023-07-04T09:39:41+00:00","author":"anja.hall","twitter_card":"summary_large_image","schema":{"@context":"https:\/\/schema.org","@graph":[{"@type":"Article","@id":"https:\/\/www.immobilienbusiness.ch\/ib\/2021-03-25\/cs-ref-global-abverkauf-der-immobilien-startet-im-april-2\/#article","isPartOf":{"@id":"https:\/\/www.immobilienbusiness.ch\/ib\/2021-03-25\/cs-ref-global-abverkauf-der-immobilien-startet-im-april-2\/"},"author":{"name":"anja.hall","@id":"https:\/\/www.immobilienbusiness.ch\/#\/schema\/person\/3fc036297b10b9f42d6db5ee932af8c8"},"headline":"CS REF Global: Abverkauf der Immobilien startet im April","datePublished":"2021-03-25T06:58:09+00:00","dateModified":"2023-07-04T09:39:41+00:00","mainEntityOfPage":{"@id":"https:\/\/www.immobilienbusiness.ch\/ib\/2021-03-25\/cs-ref-global-abverkauf-der-immobilien-startet-im-april-2\/"},"wordCount":229,"publisher":{"@id":"https:\/\/www.immobilienbusiness.ch\/#organization"},"keywords":["verf\u00fcgbare Immobilie"],"articleSection":["IB+"],"inLanguage":"it-IT"},{"@type":"WebPage","@id":"https:\/\/www.immobilienbusiness.ch\/ib\/2021-03-25\/cs-ref-global-abverkauf-der-immobilien-startet-im-april-2\/","url":"https:\/\/www.immobilienbusiness.ch\/ib\/2021-03-25\/cs-ref-global-abverkauf-der-immobilien-startet-im-april-2\/","name":"CS REF Global: la vendita di immobili inizia ad aprile - IMMOBILIEN Business","isPartOf":{"@id":"https:\/\/www.immobilienbusiness.ch\/#website"},"datePublished":"2021-03-25T06:58:09+00:00","dateModified":"2023-07-04T09:39:41+00:00","description":"La direzione del fondo Credit Suisse Real Estate Fund Global, che \u00e8 in liquidazione, intende iniziare a vendere gli immobili a met\u00e0 aprile. Il fondo detiene un totale di dodici propriet\u00e0, quattro delle quali in Germania.","breadcrumb":{"@id":"https:\/\/www.immobilienbusiness.ch\/ib\/2021-03-25\/cs-ref-global-abverkauf-der-immobilien-startet-im-april-2\/#breadcrumb"},"inLanguage":"it-IT","potentialAction":[{"@type":"ReadAction","target":["https:\/\/www.immobilienbusiness.ch\/ib\/2021-03-25\/cs-ref-global-abverkauf-der-immobilien-startet-im-april-2\/"]}]},{"@type":"BreadcrumbList","@id":"https:\/\/www.immobilienbusiness.ch\/ib\/2021-03-25\/cs-ref-global-abverkauf-der-immobilien-startet-im-april-2\/#breadcrumb","itemListElement":[{"@type":"ListItem","position":1,"name":"Home","item":"https:\/\/www.immobilienbusiness.ch\/"},{"@type":"ListItem","position":2,"name":"CS REF Global: Abverkauf der Immobilien startet im April"}]},{"@type":"WebSite","@id":"https:\/\/www.immobilienbusiness.ch\/#website","url":"https:\/\/www.immobilienbusiness.ch\/","name":"Affari immobiliari","description":"Rivista economica indipendente svizzera che si concentra sul settore immobiliare, l'architettura e la costruzione, nonch\u00e9 sugli investimenti e i finanziamenti.","publisher":{"@id":"https:\/\/www.immobilienbusiness.ch\/#organization"},"potentialAction":[{"@type":"SearchAction","target":{"@type":"EntryPoint","urlTemplate":"https:\/\/www.immobilienbusiness.ch\/?s={search_term_string}"},"query-input":{"@type":"PropertyValueSpecification","valueRequired":true,"valueName":"search_term_string"}}],"inLanguage":"it-IT"},{"@type":"Organization","@id":"https:\/\/www.immobilienbusiness.ch\/#organization","name":"Affari immobiliari","url":"https:\/\/www.immobilienbusiness.ch\/","logo":{"@type":"ImageObject","inLanguage":"it-IT","@id":"https:\/\/www.immobilienbusiness.ch\/#\/schema\/logo\/image\/","url":"https:\/\/www.immobilienbusiness.ch\/wp-content\/uploads\/2021\/07\/logo_ib.png","contentUrl":"https:\/\/www.immobilienbusiness.ch\/wp-content\/uploads\/2021\/07\/logo_ib.png","width":800,"height":181,"caption":"IMMOBILIEN Business"},"image":{"@id":"https:\/\/www.immobilienbusiness.ch\/#\/schema\/logo\/image\/"},"sameAs":["https:\/\/www.facebook.com\/immobilienbusiness\/"]},{"@type":"Person","@id":"https:\/\/www.immobilienbusiness.ch\/#\/schema\/person\/3fc036297b10b9f42d6db5ee932af8c8","name":"anja.hall","image":{"@type":"ImageObject","inLanguage":"it-IT","@id":"https:\/\/secure.gravatar.com\/avatar\/066b5a0d447013502c71a5782f4f3469f03cfe595cc2329fb94652fe47511bfb?s=96&d=mm&r=g","url":"https:\/\/secure.gravatar.com\/avatar\/066b5a0d447013502c71a5782f4f3469f03cfe595cc2329fb94652fe47511bfb?s=96&d=mm&r=g","contentUrl":"https:\/\/secure.gravatar.com\/avatar\/066b5a0d447013502c71a5782f4f3469f03cfe595cc2329fb94652fe47511bfb?s=96&d=mm&r=g","caption":"anja.hall"},"url":"https:\/\/www.immobilienbusiness.ch\/it\/author\/anja-hall\/"}]}},"_links":{"self":[{"href":"https:\/\/www.immobilienbusiness.ch\/it\/wp-json\/wp\/v2\/posts\/41113","targetHints":{"allow":["GET"]}}],"collection":[{"href":"https:\/\/www.immobilienbusiness.ch\/it\/wp-json\/wp\/v2\/posts"}],"about":[{"href":"https:\/\/www.immobilienbusiness.ch\/it\/wp-json\/wp\/v2\/types\/post"}],"author":[{"embeddable":true,"href":"https:\/\/www.immobilienbusiness.ch\/it\/wp-json\/wp\/v2\/users\/3"}],"replies":[{"embeddable":true,"href":"https:\/\/www.immobilienbusiness.ch\/it\/wp-json\/wp\/v2\/comments?post=41113"}],"version-history":[{"count":1,"href":"https:\/\/www.immobilienbusiness.ch\/it\/wp-json\/wp\/v2\/posts\/41113\/revisions"}],"predecessor-version":[{"id":49447,"href":"https:\/\/www.immobilienbusiness.ch\/it\/wp-json\/wp\/v2\/posts\/41113\/revisions\/49447"}],"wp:attachment":[{"href":"https:\/\/www.immobilienbusiness.ch\/it\/wp-json\/wp\/v2\/media?parent=41113"}],"wp:term":[{"taxonomy":"category","embeddable":true,"href":"https:\/\/www.immobilienbusiness.ch\/it\/wp-json\/wp\/v2\/categories?post=41113"},{"taxonomy":"post_tag","embeddable":true,"href":"https:\/\/www.immobilienbusiness.ch\/it\/wp-json\/wp\/v2\/tags?post=41113"}],"curies":[{"name":"wp","href":"https:\/\/api.w.org\/{rel}","templated":true}]}}