{"id":41109,"date":"2021-03-24T08:50:52","date_gmt":"2021-03-24T07:50:52","guid":{"rendered":"https:\/\/develop.immobilienbusiness.ch\/de\/allgemein\/2021-03-24\/investis-riccardo-boscardin-zieht-sich-aus-vr-zuruck\/"},"modified":"2023-07-04T13:39:10","modified_gmt":"2023-07-04T11:39:10","slug":"investis-riccardo-boscardin-zieht-sich-aus-vr-zuruck","status":"publish","type":"post","link":"https:\/\/www.immobilienbusiness.ch\/it\/ib\/2021-03-24\/investis-riccardo-boscardin-zieht-sich-aus-vr-zuruck\/","title":{"rendered":"Investis: Riccardo Boscardin si ritira dal Cda"},"content":{"rendered":"<div class=\"swpm-post-not-logged-in-msg\">Devi eseguire l&#039;accesso per visualizzare questo contenuto. Avrete bisogno di <a class=\"swpm-login-link\" href=\"https:\/\/www.immobilienbusiness.ch\/it\/login\/?swpm_redirect_to=https%3A%2F%2Fwww.immobilienbusiness.ch%2Fit%2Fwp-json%2Fwp%2Fv2%2Fposts%2F41109\">Accedi<\/a>. Non sei un membro? <a href=\"https:\/\/www.immobilienbusiness.ch\/it\/registrieren\/\">Registrazione<\/a><\/div>","protected":false},"excerpt":{"rendered":"<p><span><span><span>Riccardo Boscardin, Presidente del Consiglio di Amministrazione di Investis Holding dal 2016, non \u00e8 pi\u00f9 disponibile per la rielezione. Pertanto, Thomas Vettiger sar\u00e0 eletto come nuovo presidente del consiglio di amministrazione e Christian Gellerstad come nuovo membro del consiglio di amministrazione all'assemblea generale annuale del 2021. <\/span><\/span><\/span><\/p>","protected":false},"author":3,"featured_media":0,"comment_status":"closed","ping_status":"closed","sticky":false,"template":"","format":"standard","meta":{"_acf_changed":false,"_yoast_wpseo_focuskw":"Investis Holding","_yoast_wpseo_title":"","_yoast_wpseo_metadesc":"Riccardo Boscardin, seit 2016 Verwaltungsratspr\u00e4sident der Investis Holding, steht f\u00fcr eine Wiederwahl nicht mehr zur Verf\u00fcgung. An der Generalversammlung 2021 sollen daher Thomas Vettiger zum neuen VR-Pr\u00e4sidenten und Christian Gellerstad als neues VR-Mitglied gew\u00e4hlt werden.","_yoast_wpseo_linkdex":43,"pgc_sgb_lightbox_settings":"","footnotes":""},"categories":[1951],"tags":[1329,1563],"class_list":["post-41109","post","type-post","status-publish","format-standard","hentry","category-ib","tag-immobilien-ag","tag-personalia"],"acf":[],"yoast_head":"<!-- This site is optimized with the Yoast SEO plugin v27.4 - https:\/\/yoast.com\/product\/yoast-seo-wordpress\/ -->\n<title>Investis: Riccardo Boscardin zieht sich aus VR zur\u00fcck - IMMOBILIEN Business<\/title>\n<meta name=\"description\" content=\"Riccardo Boscardin, seit 2016 Verwaltungsratspr\u00e4sident der Investis Holding, steht f\u00fcr eine Wiederwahl nicht mehr zur Verf\u00fcgung. An der Generalversammlung 2021 sollen daher Thomas Vettiger zum neuen VR-Pr\u00e4sidenten und Christian Gellerstad als neues VR-Mitglied gew\u00e4hlt werden.\" \/>\n<meta name=\"robots\" content=\"index, follow, max-snippet:-1, max-image-preview:large, max-video-preview:-1\" \/>\n<link rel=\"canonical\" href=\"https:\/\/www.immobilienbusiness.ch\/it\/ib\/2021-03-24\/investis-riccardo-boscardin-zieht-sich-aus-vr-zuruck\/\" \/>\n<meta property=\"og:locale\" content=\"it_IT\" \/>\n<meta property=\"og:type\" content=\"article\" \/>\n<meta property=\"og:title\" content=\"Investis: Riccardo Boscardin zieht sich aus VR zur\u00fcck - IMMOBILIEN Business\" \/>\n<meta property=\"og:description\" content=\"Riccardo Boscardin, seit 2016 Verwaltungsratspr\u00e4sident der Investis Holding, steht f\u00fcr eine Wiederwahl nicht mehr zur Verf\u00fcgung. An der Generalversammlung 2021 sollen daher Thomas Vettiger zum neuen VR-Pr\u00e4sidenten und Christian Gellerstad als neues VR-Mitglied gew\u00e4hlt werden.\" \/>\n<meta property=\"og:url\" content=\"https:\/\/www.immobilienbusiness.ch\/it\/ib\/2021-03-24\/investis-riccardo-boscardin-zieht-sich-aus-vr-zuruck\/\" \/>\n<meta property=\"og:site_name\" content=\"IMMOBILIEN Business\" \/>\n<meta property=\"article:publisher\" content=\"https:\/\/www.facebook.com\/immobilienbusiness\/\" \/>\n<meta property=\"article:published_time\" content=\"2021-03-24T07:50:52+00:00\" \/>\n<meta property=\"article:modified_time\" content=\"2023-07-04T11:39:10+00:00\" \/>\n<meta name=\"author\" content=\"anja.hall\" \/>\n<meta name=\"twitter:card\" content=\"summary_large_image\" \/>\n<script type=\"application\/ld+json\" class=\"yoast-schema-graph\">{\"@context\":\"https:\\\/\\\/schema.org\",\"@graph\":[{\"@type\":\"Article\",\"@id\":\"https:\\\/\\\/www.immobilienbusiness.ch\\\/en\\\/ib\\\/2021-03-24\\\/investis-riccardo-boscardin-zieht-sich-aus-vr-zuruck\\\/#article\",\"isPartOf\":{\"@id\":\"https:\\\/\\\/www.immobilienbusiness.ch\\\/en\\\/ib\\\/2021-03-24\\\/investis-riccardo-boscardin-zieht-sich-aus-vr-zuruck\\\/\"},\"author\":{\"name\":\"anja.hall\",\"@id\":\"https:\\\/\\\/www.immobilienbusiness.ch\\\/#\\\/schema\\\/person\\\/3fc036297b10b9f42d6db5ee932af8c8\"},\"headline\":\"Investis: Riccardo Boscardin zieht sich aus VR zur\u00fcck\",\"datePublished\":\"2021-03-24T07:50:52+00:00\",\"dateModified\":\"2023-07-04T11:39:10+00:00\",\"mainEntityOfPage\":{\"@id\":\"https:\\\/\\\/www.immobilienbusiness.ch\\\/en\\\/ib\\\/2021-03-24\\\/investis-riccardo-boscardin-zieht-sich-aus-vr-zuruck\\\/\"},\"wordCount\":202,\"publisher\":{\"@id\":\"https:\\\/\\\/www.immobilienbusiness.ch\\\/#organization\"},\"keywords\":[\"Immobilien-AG\",\"Personalia\"],\"articleSection\":[\"IB+\"],\"inLanguage\":\"it-IT\"},{\"@type\":\"WebPage\",\"@id\":\"https:\\\/\\\/www.immobilienbusiness.ch\\\/en\\\/ib\\\/2021-03-24\\\/investis-riccardo-boscardin-zieht-sich-aus-vr-zuruck\\\/\",\"url\":\"https:\\\/\\\/www.immobilienbusiness.ch\\\/en\\\/ib\\\/2021-03-24\\\/investis-riccardo-boscardin-zieht-sich-aus-vr-zuruck\\\/\",\"name\":\"Investis: Riccardo Boscardin zieht sich aus VR zur\u00fcck - IMMOBILIEN Business\",\"isPartOf\":{\"@id\":\"https:\\\/\\\/www.immobilienbusiness.ch\\\/#website\"},\"datePublished\":\"2021-03-24T07:50:52+00:00\",\"dateModified\":\"2023-07-04T11:39:10+00:00\",\"description\":\"Riccardo Boscardin, seit 2016 Verwaltungsratspr\u00e4sident der Investis Holding, steht f\u00fcr eine Wiederwahl nicht mehr zur Verf\u00fcgung. An der Generalversammlung 2021 sollen daher Thomas Vettiger zum neuen VR-Pr\u00e4sidenten und Christian Gellerstad als neues VR-Mitglied gew\u00e4hlt werden.\",\"breadcrumb\":{\"@id\":\"https:\\\/\\\/www.immobilienbusiness.ch\\\/en\\\/ib\\\/2021-03-24\\\/investis-riccardo-boscardin-zieht-sich-aus-vr-zuruck\\\/#breadcrumb\"},\"inLanguage\":\"it-IT\",\"potentialAction\":[{\"@type\":\"ReadAction\",\"target\":[\"https:\\\/\\\/www.immobilienbusiness.ch\\\/en\\\/ib\\\/2021-03-24\\\/investis-riccardo-boscardin-zieht-sich-aus-vr-zuruck\\\/\"]}]},{\"@type\":\"BreadcrumbList\",\"@id\":\"https:\\\/\\\/www.immobilienbusiness.ch\\\/en\\\/ib\\\/2021-03-24\\\/investis-riccardo-boscardin-zieht-sich-aus-vr-zuruck\\\/#breadcrumb\",\"itemListElement\":[{\"@type\":\"ListItem\",\"position\":1,\"name\":\"Home\",\"item\":\"https:\\\/\\\/www.immobilienbusiness.ch\\\/\"},{\"@type\":\"ListItem\",\"position\":2,\"name\":\"Investis: Riccardo Boscardin zieht sich aus VR zur\u00fcck\"}]},{\"@type\":\"WebSite\",\"@id\":\"https:\\\/\\\/www.immobilienbusiness.ch\\\/#website\",\"url\":\"https:\\\/\\\/www.immobilienbusiness.ch\\\/\",\"name\":\"IMMOBILIEN Business\",\"description\":\"Unabh\u00e4ngiges Schweizer Wirtschaftsmagazin mit Fokus auf Immobilien, Architektur- und Bau sowie Investment- und Finanzierung.\",\"publisher\":{\"@id\":\"https:\\\/\\\/www.immobilienbusiness.ch\\\/#organization\"},\"potentialAction\":[{\"@type\":\"SearchAction\",\"target\":{\"@type\":\"EntryPoint\",\"urlTemplate\":\"https:\\\/\\\/www.immobilienbusiness.ch\\\/?s={search_term_string}\"},\"query-input\":{\"@type\":\"PropertyValueSpecification\",\"valueRequired\":true,\"valueName\":\"search_term_string\"}}],\"inLanguage\":\"it-IT\"},{\"@type\":\"Organization\",\"@id\":\"https:\\\/\\\/www.immobilienbusiness.ch\\\/#organization\",\"name\":\"IMMOBILIEN Business\",\"url\":\"https:\\\/\\\/www.immobilienbusiness.ch\\\/\",\"logo\":{\"@type\":\"ImageObject\",\"inLanguage\":\"it-IT\",\"@id\":\"https:\\\/\\\/www.immobilienbusiness.ch\\\/#\\\/schema\\\/logo\\\/image\\\/\",\"url\":\"https:\\\/\\\/www.immobilienbusiness.ch\\\/wp-content\\\/uploads\\\/2021\\\/07\\\/logo_ib.png\",\"contentUrl\":\"https:\\\/\\\/www.immobilienbusiness.ch\\\/wp-content\\\/uploads\\\/2021\\\/07\\\/logo_ib.png\",\"width\":800,\"height\":181,\"caption\":\"IMMOBILIEN Business\"},\"image\":{\"@id\":\"https:\\\/\\\/www.immobilienbusiness.ch\\\/#\\\/schema\\\/logo\\\/image\\\/\"},\"sameAs\":[\"https:\\\/\\\/www.facebook.com\\\/immobilienbusiness\\\/\"]},{\"@type\":\"Person\",\"@id\":\"https:\\\/\\\/www.immobilienbusiness.ch\\\/#\\\/schema\\\/person\\\/3fc036297b10b9f42d6db5ee932af8c8\",\"name\":\"anja.hall\",\"image\":{\"@type\":\"ImageObject\",\"inLanguage\":\"it-IT\",\"@id\":\"https:\\\/\\\/secure.gravatar.com\\\/avatar\\\/066b5a0d447013502c71a5782f4f3469f03cfe595cc2329fb94652fe47511bfb?s=96&d=mm&r=g\",\"url\":\"https:\\\/\\\/secure.gravatar.com\\\/avatar\\\/066b5a0d447013502c71a5782f4f3469f03cfe595cc2329fb94652fe47511bfb?s=96&d=mm&r=g\",\"contentUrl\":\"https:\\\/\\\/secure.gravatar.com\\\/avatar\\\/066b5a0d447013502c71a5782f4f3469f03cfe595cc2329fb94652fe47511bfb?s=96&d=mm&r=g\",\"caption\":\"anja.hall\"},\"url\":\"https:\\\/\\\/www.immobilienbusiness.ch\\\/it\\\/author\\\/anja-hall\\\/\"}]}<\/script>\n<!-- \/ Yoast SEO plugin. -->","yoast_head_json":{"title":"Investis: Riccardo Boscardin zieht sich aus VR zur\u00fcck - IMMOBILIEN Business","description":"Riccardo Boscardin, Presidente del Consiglio di Amministrazione di Investis Holding dal 2016, non \u00e8 pi\u00f9 disponibile per la rielezione. Pertanto, Thomas Vettiger sar\u00e0 eletto come nuovo presidente del consiglio di amministrazione e Christian Gellerstad come nuovo membro del consiglio di amministrazione all'assemblea generale annuale del 2021.","robots":{"index":"index","follow":"follow","max-snippet":"max-snippet:-1","max-image-preview":"max-image-preview:large","max-video-preview":"max-video-preview:-1"},"canonical":"https:\/\/www.immobilienbusiness.ch\/it\/ib\/2021-03-24\/investis-riccardo-boscardin-zieht-sich-aus-vr-zuruck\/","og_locale":"it_IT","og_type":"article","og_title":"Investis: Riccardo Boscardin zieht sich aus VR zur\u00fcck - IMMOBILIEN Business","og_description":"Riccardo Boscardin, seit 2016 Verwaltungsratspr\u00e4sident der Investis Holding, steht f\u00fcr eine Wiederwahl nicht mehr zur Verf\u00fcgung. An der Generalversammlung 2021 sollen daher Thomas Vettiger zum neuen VR-Pr\u00e4sidenten und Christian Gellerstad als neues VR-Mitglied gew\u00e4hlt werden.","og_url":"https:\/\/www.immobilienbusiness.ch\/it\/ib\/2021-03-24\/investis-riccardo-boscardin-zieht-sich-aus-vr-zuruck\/","og_site_name":"IMMOBILIEN Business","article_publisher":"https:\/\/www.facebook.com\/immobilienbusiness\/","article_published_time":"2021-03-24T07:50:52+00:00","article_modified_time":"2023-07-04T11:39:10+00:00","author":"anja.hall","twitter_card":"summary_large_image","schema":{"@context":"https:\/\/schema.org","@graph":[{"@type":"Article","@id":"https:\/\/www.immobilienbusiness.ch\/en\/ib\/2021-03-24\/investis-riccardo-boscardin-zieht-sich-aus-vr-zuruck\/#article","isPartOf":{"@id":"https:\/\/www.immobilienbusiness.ch\/en\/ib\/2021-03-24\/investis-riccardo-boscardin-zieht-sich-aus-vr-zuruck\/"},"author":{"name":"anja.hall","@id":"https:\/\/www.immobilienbusiness.ch\/#\/schema\/person\/3fc036297b10b9f42d6db5ee932af8c8"},"headline":"Investis: Riccardo Boscardin zieht sich aus VR zur\u00fcck","datePublished":"2021-03-24T07:50:52+00:00","dateModified":"2023-07-04T11:39:10+00:00","mainEntityOfPage":{"@id":"https:\/\/www.immobilienbusiness.ch\/en\/ib\/2021-03-24\/investis-riccardo-boscardin-zieht-sich-aus-vr-zuruck\/"},"wordCount":202,"publisher":{"@id":"https:\/\/www.immobilienbusiness.ch\/#organization"},"keywords":["Immobilien-AG","Personalia"],"articleSection":["IB+"],"inLanguage":"it-IT"},{"@type":"WebPage","@id":"https:\/\/www.immobilienbusiness.ch\/en\/ib\/2021-03-24\/investis-riccardo-boscardin-zieht-sich-aus-vr-zuruck\/","url":"https:\/\/www.immobilienbusiness.ch\/en\/ib\/2021-03-24\/investis-riccardo-boscardin-zieht-sich-aus-vr-zuruck\/","name":"Investis: Riccardo Boscardin zieht sich aus VR zur\u00fcck - IMMOBILIEN Business","isPartOf":{"@id":"https:\/\/www.immobilienbusiness.ch\/#website"},"datePublished":"2021-03-24T07:50:52+00:00","dateModified":"2023-07-04T11:39:10+00:00","description":"Riccardo Boscardin, Presidente del Consiglio di Amministrazione di Investis Holding dal 2016, non \u00e8 pi\u00f9 disponibile per la rielezione. Pertanto, Thomas Vettiger sar\u00e0 eletto come nuovo presidente del consiglio di amministrazione e Christian Gellerstad come nuovo membro del consiglio di amministrazione all'assemblea generale annuale del 2021.","breadcrumb":{"@id":"https:\/\/www.immobilienbusiness.ch\/en\/ib\/2021-03-24\/investis-riccardo-boscardin-zieht-sich-aus-vr-zuruck\/#breadcrumb"},"inLanguage":"it-IT","potentialAction":[{"@type":"ReadAction","target":["https:\/\/www.immobilienbusiness.ch\/en\/ib\/2021-03-24\/investis-riccardo-boscardin-zieht-sich-aus-vr-zuruck\/"]}]},{"@type":"BreadcrumbList","@id":"https:\/\/www.immobilienbusiness.ch\/en\/ib\/2021-03-24\/investis-riccardo-boscardin-zieht-sich-aus-vr-zuruck\/#breadcrumb","itemListElement":[{"@type":"ListItem","position":1,"name":"Home","item":"https:\/\/www.immobilienbusiness.ch\/"},{"@type":"ListItem","position":2,"name":"Investis: Riccardo Boscardin zieht sich aus VR zur\u00fcck"}]},{"@type":"WebSite","@id":"https:\/\/www.immobilienbusiness.ch\/#website","url":"https:\/\/www.immobilienbusiness.ch\/","name":"Affari immobiliari","description":"Rivista economica indipendente svizzera che si concentra sul settore immobiliare, l'architettura e la costruzione, nonch\u00e9 sugli investimenti e i finanziamenti.","publisher":{"@id":"https:\/\/www.immobilienbusiness.ch\/#organization"},"potentialAction":[{"@type":"SearchAction","target":{"@type":"EntryPoint","urlTemplate":"https:\/\/www.immobilienbusiness.ch\/?s={search_term_string}"},"query-input":{"@type":"PropertyValueSpecification","valueRequired":true,"valueName":"search_term_string"}}],"inLanguage":"it-IT"},{"@type":"Organization","@id":"https:\/\/www.immobilienbusiness.ch\/#organization","name":"Affari immobiliari","url":"https:\/\/www.immobilienbusiness.ch\/","logo":{"@type":"ImageObject","inLanguage":"it-IT","@id":"https:\/\/www.immobilienbusiness.ch\/#\/schema\/logo\/image\/","url":"https:\/\/www.immobilienbusiness.ch\/wp-content\/uploads\/2021\/07\/logo_ib.png","contentUrl":"https:\/\/www.immobilienbusiness.ch\/wp-content\/uploads\/2021\/07\/logo_ib.png","width":800,"height":181,"caption":"IMMOBILIEN Business"},"image":{"@id":"https:\/\/www.immobilienbusiness.ch\/#\/schema\/logo\/image\/"},"sameAs":["https:\/\/www.facebook.com\/immobilienbusiness\/"]},{"@type":"Person","@id":"https:\/\/www.immobilienbusiness.ch\/#\/schema\/person\/3fc036297b10b9f42d6db5ee932af8c8","name":"anja.hall","image":{"@type":"ImageObject","inLanguage":"it-IT","@id":"https:\/\/secure.gravatar.com\/avatar\/066b5a0d447013502c71a5782f4f3469f03cfe595cc2329fb94652fe47511bfb?s=96&d=mm&r=g","url":"https:\/\/secure.gravatar.com\/avatar\/066b5a0d447013502c71a5782f4f3469f03cfe595cc2329fb94652fe47511bfb?s=96&d=mm&r=g","contentUrl":"https:\/\/secure.gravatar.com\/avatar\/066b5a0d447013502c71a5782f4f3469f03cfe595cc2329fb94652fe47511bfb?s=96&d=mm&r=g","caption":"anja.hall"},"url":"https:\/\/www.immobilienbusiness.ch\/it\/author\/anja-hall\/"}]}},"_links":{"self":[{"href":"https:\/\/www.immobilienbusiness.ch\/it\/wp-json\/wp\/v2\/posts\/41109","targetHints":{"allow":["GET"]}}],"collection":[{"href":"https:\/\/www.immobilienbusiness.ch\/it\/wp-json\/wp\/v2\/posts"}],"about":[{"href":"https:\/\/www.immobilienbusiness.ch\/it\/wp-json\/wp\/v2\/types\/post"}],"author":[{"embeddable":true,"href":"https:\/\/www.immobilienbusiness.ch\/it\/wp-json\/wp\/v2\/users\/3"}],"replies":[{"embeddable":true,"href":"https:\/\/www.immobilienbusiness.ch\/it\/wp-json\/wp\/v2\/comments?post=41109"}],"version-history":[{"count":1,"href":"https:\/\/www.immobilienbusiness.ch\/it\/wp-json\/wp\/v2\/posts\/41109\/revisions"}],"predecessor-version":[{"id":49452,"href":"https:\/\/www.immobilienbusiness.ch\/it\/wp-json\/wp\/v2\/posts\/41109\/revisions\/49452"}],"wp:attachment":[{"href":"https:\/\/www.immobilienbusiness.ch\/it\/wp-json\/wp\/v2\/media?parent=41109"}],"wp:term":[{"taxonomy":"category","embeddable":true,"href":"https:\/\/www.immobilienbusiness.ch\/it\/wp-json\/wp\/v2\/categories?post=41109"},{"taxonomy":"post_tag","embeddable":true,"href":"https:\/\/www.immobilienbusiness.ch\/it\/wp-json\/wp\/v2\/tags?post=41109"}],"curies":[{"name":"wp","href":"https:\/\/api.w.org\/{rel}","templated":true}]}}