{"id":41040,"date":"2021-03-02T09:16:00","date_gmt":"2021-03-02T08:16:00","guid":{"rendered":"https:\/\/develop.immobilienbusiness.ch\/de\/allgemein\/2021-03-02\/luzern-platz-fur-neue-wohnungen-durch-schulzusammenlegung\/"},"modified":"2023-07-05T15:00:47","modified_gmt":"2023-07-05T13:00:47","slug":"luzern-platz-fur-neue-wohnungen-durch-schulzusammenlegung","status":"publish","type":"post","link":"https:\/\/www.immobilienbusiness.ch\/it\/ib\/2021-03-02\/luzern-platz-fur-neue-wohnungen-durch-schulzusammenlegung\/","title":{"rendered":"Lucerna: spazio per nuovi appartamenti grazie al consolidamento delle scuole"},"content":{"rendered":"<div class=\"swpm-post-not-logged-in-msg\">Devi eseguire l&#039;accesso per visualizzare questo contenuto. Avrete bisogno di <a class=\"swpm-login-link\" href=\"https:\/\/www.immobilienbusiness.ch\/it\/login\/?swpm_redirect_to=https%3A%2F%2Fwww.immobilienbusiness.ch%2Fit%2Fwp-json%2Fwp%2Fv2%2Fposts%2F41040\">Accedi<\/a>. Non sei un membro? <a href=\"https:\/\/www.immobilienbusiness.ch\/it\/registrieren\/\">Registrazione<\/a><\/div>","protected":false},"excerpt":{"rendered":"<p><span><span><span><span><span>La citt\u00e0 di Lucerna sta progettando di unire due edifici scolastici per creare spazio per nuovi alloggi pubblici. Il dipartimento edilizio prevede che il progetto coster\u00e0 circa 9,3 milioni di franchi svizzeri.<\/span><\/span><\/span><\/span><\/span><\/p>","protected":false},"author":97,"featured_media":0,"comment_status":"closed","ping_status":"closed","sticky":false,"template":"","format":"standard","meta":{"_acf_changed":false,"_yoast_wpseo_focuskw":"Schulanlage","_yoast_wpseo_title":"","_yoast_wpseo_metadesc":"Die Stadt Luzern plant, zwei Schulh\u00e4user zusammenzulegen und so Platz f\u00fcr neue gemeinn\u00fctzige Wohnungen zu schaffen. Die Baudirektion rechnet mit Kosten von rund 9,3 Millionen CHF.","_yoast_wpseo_linkdex":46,"pgc_sgb_lightbox_settings":"","footnotes":""},"categories":[1951],"tags":[1957,1958,1955,1973],"class_list":["post-41040","post","type-post","status-publish","format-standard","hentry","category-ib","tag-in-planung","tag-lu","tag-mehrfamilienhaus-miete","tag-verfugbares-grundstuck"],"acf":[],"yoast_head":"<!-- This site is optimized with the Yoast SEO plugin v27.4 - https:\/\/yoast.com\/product\/yoast-seo-wordpress\/ -->\n<title>Luzern: Platz f\u00fcr neue Wohnungen durch Schulzusammenlegung - IMMOBILIEN Business<\/title>\n<meta name=\"description\" content=\"Die Stadt Luzern plant, zwei Schulh\u00e4user zusammenzulegen und so Platz f\u00fcr neue gemeinn\u00fctzige Wohnungen zu schaffen. Die Baudirektion rechnet mit Kosten von rund 9,3 Millionen CHF.\" \/>\n<meta name=\"robots\" content=\"index, follow, max-snippet:-1, max-image-preview:large, max-video-preview:-1\" \/>\n<link rel=\"canonical\" href=\"https:\/\/www.immobilienbusiness.ch\/it\/ib\/2021-03-02\/luzern-platz-fur-neue-wohnungen-durch-schulzusammenlegung\/\" \/>\n<meta property=\"og:locale\" content=\"it_IT\" \/>\n<meta property=\"og:type\" content=\"article\" \/>\n<meta property=\"og:title\" content=\"Luzern: Platz f\u00fcr neue Wohnungen durch Schulzusammenlegung - IMMOBILIEN Business\" \/>\n<meta property=\"og:description\" content=\"Die Stadt Luzern plant, zwei Schulh\u00e4user zusammenzulegen und so Platz f\u00fcr neue gemeinn\u00fctzige Wohnungen zu schaffen. Die Baudirektion rechnet mit Kosten von rund 9,3 Millionen CHF.\" \/>\n<meta property=\"og:url\" content=\"https:\/\/www.immobilienbusiness.ch\/it\/ib\/2021-03-02\/luzern-platz-fur-neue-wohnungen-durch-schulzusammenlegung\/\" \/>\n<meta property=\"og:site_name\" content=\"IMMOBILIEN Business\" \/>\n<meta property=\"article:publisher\" content=\"https:\/\/www.facebook.com\/immobilienbusiness\/\" \/>\n<meta property=\"article:published_time\" content=\"2021-03-02T08:16:00+00:00\" \/>\n<meta property=\"article:modified_time\" content=\"2023-07-05T13:00:47+00:00\" \/>\n<meta name=\"author\" content=\"tanja.podolski\" \/>\n<meta name=\"twitter:card\" content=\"summary_large_image\" \/>\n<script type=\"application\/ld+json\" class=\"yoast-schema-graph\">{\"@context\":\"https:\\\/\\\/schema.org\",\"@graph\":[{\"@type\":\"Article\",\"@id\":\"https:\\\/\\\/www.immobilienbusiness.ch\\\/de\\\/ib\\\/2021-03-02\\\/luzern-platz-fur-neue-wohnungen-durch-schulzusammenlegung\\\/#article\",\"isPartOf\":{\"@id\":\"https:\\\/\\\/www.immobilienbusiness.ch\\\/de\\\/ib\\\/2021-03-02\\\/luzern-platz-fur-neue-wohnungen-durch-schulzusammenlegung\\\/\"},\"author\":{\"name\":\"tanja.podolski\",\"@id\":\"https:\\\/\\\/www.immobilienbusiness.ch\\\/#\\\/schema\\\/person\\\/2057ac8f290ffa305cf345dfef59651c\"},\"headline\":\"Luzern: Platz f\u00fcr neue Wohnungen durch Schulzusammenlegung\",\"datePublished\":\"2021-03-02T08:16:00+00:00\",\"dateModified\":\"2023-07-05T13:00:47+00:00\",\"mainEntityOfPage\":{\"@id\":\"https:\\\/\\\/www.immobilienbusiness.ch\\\/de\\\/ib\\\/2021-03-02\\\/luzern-platz-fur-neue-wohnungen-durch-schulzusammenlegung\\\/\"},\"wordCount\":257,\"publisher\":{\"@id\":\"https:\\\/\\\/www.immobilienbusiness.ch\\\/#organization\"},\"keywords\":[\"in Planung\",\"LU\",\"Mehrfamilienhaus Miete\",\"verf\u00fcgbares Grundst\u00fcck\"],\"articleSection\":[\"IB+\"],\"inLanguage\":\"it-IT\"},{\"@type\":\"WebPage\",\"@id\":\"https:\\\/\\\/www.immobilienbusiness.ch\\\/de\\\/ib\\\/2021-03-02\\\/luzern-platz-fur-neue-wohnungen-durch-schulzusammenlegung\\\/\",\"url\":\"https:\\\/\\\/www.immobilienbusiness.ch\\\/de\\\/ib\\\/2021-03-02\\\/luzern-platz-fur-neue-wohnungen-durch-schulzusammenlegung\\\/\",\"name\":\"Luzern: Platz f\u00fcr neue Wohnungen durch Schulzusammenlegung - IMMOBILIEN Business\",\"isPartOf\":{\"@id\":\"https:\\\/\\\/www.immobilienbusiness.ch\\\/#website\"},\"datePublished\":\"2021-03-02T08:16:00+00:00\",\"dateModified\":\"2023-07-05T13:00:47+00:00\",\"description\":\"Die Stadt Luzern plant, zwei Schulh\u00e4user zusammenzulegen und so Platz f\u00fcr neue gemeinn\u00fctzige Wohnungen zu schaffen. Die Baudirektion rechnet mit Kosten von rund 9,3 Millionen CHF.\",\"breadcrumb\":{\"@id\":\"https:\\\/\\\/www.immobilienbusiness.ch\\\/de\\\/ib\\\/2021-03-02\\\/luzern-platz-fur-neue-wohnungen-durch-schulzusammenlegung\\\/#breadcrumb\"},\"inLanguage\":\"it-IT\",\"potentialAction\":[{\"@type\":\"ReadAction\",\"target\":[\"https:\\\/\\\/www.immobilienbusiness.ch\\\/de\\\/ib\\\/2021-03-02\\\/luzern-platz-fur-neue-wohnungen-durch-schulzusammenlegung\\\/\"]}]},{\"@type\":\"BreadcrumbList\",\"@id\":\"https:\\\/\\\/www.immobilienbusiness.ch\\\/de\\\/ib\\\/2021-03-02\\\/luzern-platz-fur-neue-wohnungen-durch-schulzusammenlegung\\\/#breadcrumb\",\"itemListElement\":[{\"@type\":\"ListItem\",\"position\":1,\"name\":\"Home\",\"item\":\"https:\\\/\\\/www.immobilienbusiness.ch\\\/\"},{\"@type\":\"ListItem\",\"position\":2,\"name\":\"Luzern: Platz f\u00fcr neue Wohnungen durch Schulzusammenlegung\"}]},{\"@type\":\"WebSite\",\"@id\":\"https:\\\/\\\/www.immobilienbusiness.ch\\\/#website\",\"url\":\"https:\\\/\\\/www.immobilienbusiness.ch\\\/\",\"name\":\"IMMOBILIEN Business\",\"description\":\"Unabh\u00e4ngiges Schweizer Wirtschaftsmagazin mit Fokus auf Immobilien, Architektur- und Bau sowie Investment- und Finanzierung.\",\"publisher\":{\"@id\":\"https:\\\/\\\/www.immobilienbusiness.ch\\\/#organization\"},\"potentialAction\":[{\"@type\":\"SearchAction\",\"target\":{\"@type\":\"EntryPoint\",\"urlTemplate\":\"https:\\\/\\\/www.immobilienbusiness.ch\\\/?s={search_term_string}\"},\"query-input\":{\"@type\":\"PropertyValueSpecification\",\"valueRequired\":true,\"valueName\":\"search_term_string\"}}],\"inLanguage\":\"it-IT\"},{\"@type\":\"Organization\",\"@id\":\"https:\\\/\\\/www.immobilienbusiness.ch\\\/#organization\",\"name\":\"IMMOBILIEN Business\",\"url\":\"https:\\\/\\\/www.immobilienbusiness.ch\\\/\",\"logo\":{\"@type\":\"ImageObject\",\"inLanguage\":\"it-IT\",\"@id\":\"https:\\\/\\\/www.immobilienbusiness.ch\\\/#\\\/schema\\\/logo\\\/image\\\/\",\"url\":\"https:\\\/\\\/www.immobilienbusiness.ch\\\/wp-content\\\/uploads\\\/2021\\\/07\\\/logo_ib.png\",\"contentUrl\":\"https:\\\/\\\/www.immobilienbusiness.ch\\\/wp-content\\\/uploads\\\/2021\\\/07\\\/logo_ib.png\",\"width\":800,\"height\":181,\"caption\":\"IMMOBILIEN Business\"},\"image\":{\"@id\":\"https:\\\/\\\/www.immobilienbusiness.ch\\\/#\\\/schema\\\/logo\\\/image\\\/\"},\"sameAs\":[\"https:\\\/\\\/www.facebook.com\\\/immobilienbusiness\\\/\"]},{\"@type\":\"Person\",\"@id\":\"https:\\\/\\\/www.immobilienbusiness.ch\\\/#\\\/schema\\\/person\\\/2057ac8f290ffa305cf345dfef59651c\",\"name\":\"tanja.podolski\",\"image\":{\"@type\":\"ImageObject\",\"inLanguage\":\"it-IT\",\"@id\":\"https:\\\/\\\/secure.gravatar.com\\\/avatar\\\/?s=96&d=mm&r=g\",\"url\":\"https:\\\/\\\/secure.gravatar.com\\\/avatar\\\/?s=96&d=mm&r=g\",\"contentUrl\":\"https:\\\/\\\/secure.gravatar.com\\\/avatar\\\/?s=96&d=mm&r=g\",\"caption\":\"tanja.podolski\"},\"url\":\"https:\\\/\\\/www.immobilienbusiness.ch\\\/it\\\/author\\\/tanja-podolski\\\/\"}]}<\/script>\n<!-- \/ Yoast SEO plugin. -->","yoast_head_json":{"title":"Luzern: Platz f\u00fcr neue Wohnungen durch Schulzusammenlegung - IMMOBILIEN Business","description":"La citt\u00e0 di Lucerna sta progettando di unire due edifici scolastici per creare spazio per nuovi alloggi pubblici. Il dipartimento edilizio prevede che il progetto coster\u00e0 circa 9,3 milioni di franchi svizzeri.","robots":{"index":"index","follow":"follow","max-snippet":"max-snippet:-1","max-image-preview":"max-image-preview:large","max-video-preview":"max-video-preview:-1"},"canonical":"https:\/\/www.immobilienbusiness.ch\/it\/ib\/2021-03-02\/luzern-platz-fur-neue-wohnungen-durch-schulzusammenlegung\/","og_locale":"it_IT","og_type":"article","og_title":"Luzern: Platz f\u00fcr neue Wohnungen durch Schulzusammenlegung - IMMOBILIEN Business","og_description":"Die Stadt Luzern plant, zwei Schulh\u00e4user zusammenzulegen und so Platz f\u00fcr neue gemeinn\u00fctzige Wohnungen zu schaffen. Die Baudirektion rechnet mit Kosten von rund 9,3 Millionen CHF.","og_url":"https:\/\/www.immobilienbusiness.ch\/it\/ib\/2021-03-02\/luzern-platz-fur-neue-wohnungen-durch-schulzusammenlegung\/","og_site_name":"IMMOBILIEN Business","article_publisher":"https:\/\/www.facebook.com\/immobilienbusiness\/","article_published_time":"2021-03-02T08:16:00+00:00","article_modified_time":"2023-07-05T13:00:47+00:00","author":"tanja.podolski","twitter_card":"summary_large_image","schema":{"@context":"https:\/\/schema.org","@graph":[{"@type":"Article","@id":"https:\/\/www.immobilienbusiness.ch\/de\/ib\/2021-03-02\/luzern-platz-fur-neue-wohnungen-durch-schulzusammenlegung\/#article","isPartOf":{"@id":"https:\/\/www.immobilienbusiness.ch\/de\/ib\/2021-03-02\/luzern-platz-fur-neue-wohnungen-durch-schulzusammenlegung\/"},"author":{"name":"tanja.podolski","@id":"https:\/\/www.immobilienbusiness.ch\/#\/schema\/person\/2057ac8f290ffa305cf345dfef59651c"},"headline":"Luzern: Platz f\u00fcr neue Wohnungen durch Schulzusammenlegung","datePublished":"2021-03-02T08:16:00+00:00","dateModified":"2023-07-05T13:00:47+00:00","mainEntityOfPage":{"@id":"https:\/\/www.immobilienbusiness.ch\/de\/ib\/2021-03-02\/luzern-platz-fur-neue-wohnungen-durch-schulzusammenlegung\/"},"wordCount":257,"publisher":{"@id":"https:\/\/www.immobilienbusiness.ch\/#organization"},"keywords":["in Planung","LU","Mehrfamilienhaus Miete","verf\u00fcgbares Grundst\u00fcck"],"articleSection":["IB+"],"inLanguage":"it-IT"},{"@type":"WebPage","@id":"https:\/\/www.immobilienbusiness.ch\/de\/ib\/2021-03-02\/luzern-platz-fur-neue-wohnungen-durch-schulzusammenlegung\/","url":"https:\/\/www.immobilienbusiness.ch\/de\/ib\/2021-03-02\/luzern-platz-fur-neue-wohnungen-durch-schulzusammenlegung\/","name":"Luzern: Platz f\u00fcr neue Wohnungen durch Schulzusammenlegung - IMMOBILIEN Business","isPartOf":{"@id":"https:\/\/www.immobilienbusiness.ch\/#website"},"datePublished":"2021-03-02T08:16:00+00:00","dateModified":"2023-07-05T13:00:47+00:00","description":"La citt\u00e0 di Lucerna sta progettando di unire due edifici scolastici per creare spazio per nuovi alloggi pubblici. Il dipartimento edilizio prevede che il progetto coster\u00e0 circa 9,3 milioni di franchi svizzeri.","breadcrumb":{"@id":"https:\/\/www.immobilienbusiness.ch\/de\/ib\/2021-03-02\/luzern-platz-fur-neue-wohnungen-durch-schulzusammenlegung\/#breadcrumb"},"inLanguage":"it-IT","potentialAction":[{"@type":"ReadAction","target":["https:\/\/www.immobilienbusiness.ch\/de\/ib\/2021-03-02\/luzern-platz-fur-neue-wohnungen-durch-schulzusammenlegung\/"]}]},{"@type":"BreadcrumbList","@id":"https:\/\/www.immobilienbusiness.ch\/de\/ib\/2021-03-02\/luzern-platz-fur-neue-wohnungen-durch-schulzusammenlegung\/#breadcrumb","itemListElement":[{"@type":"ListItem","position":1,"name":"Home","item":"https:\/\/www.immobilienbusiness.ch\/"},{"@type":"ListItem","position":2,"name":"Luzern: Platz f\u00fcr neue Wohnungen durch Schulzusammenlegung"}]},{"@type":"WebSite","@id":"https:\/\/www.immobilienbusiness.ch\/#website","url":"https:\/\/www.immobilienbusiness.ch\/","name":"Affari immobiliari","description":"Rivista economica indipendente svizzera che si concentra sul settore immobiliare, l'architettura e la costruzione, nonch\u00e9 sugli investimenti e i finanziamenti.","publisher":{"@id":"https:\/\/www.immobilienbusiness.ch\/#organization"},"potentialAction":[{"@type":"SearchAction","target":{"@type":"EntryPoint","urlTemplate":"https:\/\/www.immobilienbusiness.ch\/?s={search_term_string}"},"query-input":{"@type":"PropertyValueSpecification","valueRequired":true,"valueName":"search_term_string"}}],"inLanguage":"it-IT"},{"@type":"Organization","@id":"https:\/\/www.immobilienbusiness.ch\/#organization","name":"Affari immobiliari","url":"https:\/\/www.immobilienbusiness.ch\/","logo":{"@type":"ImageObject","inLanguage":"it-IT","@id":"https:\/\/www.immobilienbusiness.ch\/#\/schema\/logo\/image\/","url":"https:\/\/www.immobilienbusiness.ch\/wp-content\/uploads\/2021\/07\/logo_ib.png","contentUrl":"https:\/\/www.immobilienbusiness.ch\/wp-content\/uploads\/2021\/07\/logo_ib.png","width":800,"height":181,"caption":"IMMOBILIEN Business"},"image":{"@id":"https:\/\/www.immobilienbusiness.ch\/#\/schema\/logo\/image\/"},"sameAs":["https:\/\/www.facebook.com\/immobilienbusiness\/"]},{"@type":"Person","@id":"https:\/\/www.immobilienbusiness.ch\/#\/schema\/person\/2057ac8f290ffa305cf345dfef59651c","name":"tanja.podolski","image":{"@type":"ImageObject","inLanguage":"it-IT","@id":"https:\/\/secure.gravatar.com\/avatar\/?s=96&d=mm&r=g","url":"https:\/\/secure.gravatar.com\/avatar\/?s=96&d=mm&r=g","contentUrl":"https:\/\/secure.gravatar.com\/avatar\/?s=96&d=mm&r=g","caption":"tanja.podolski"},"url":"https:\/\/www.immobilienbusiness.ch\/it\/author\/tanja-podolski\/"}]}},"_links":{"self":[{"href":"https:\/\/www.immobilienbusiness.ch\/it\/wp-json\/wp\/v2\/posts\/41040","targetHints":{"allow":["GET"]}}],"collection":[{"href":"https:\/\/www.immobilienbusiness.ch\/it\/wp-json\/wp\/v2\/posts"}],"about":[{"href":"https:\/\/www.immobilienbusiness.ch\/it\/wp-json\/wp\/v2\/types\/post"}],"author":[{"embeddable":true,"href":"https:\/\/www.immobilienbusiness.ch\/it\/wp-json\/wp\/v2\/users\/97"}],"replies":[{"embeddable":true,"href":"https:\/\/www.immobilienbusiness.ch\/it\/wp-json\/wp\/v2\/comments?post=41040"}],"version-history":[{"count":1,"href":"https:\/\/www.immobilienbusiness.ch\/it\/wp-json\/wp\/v2\/posts\/41040\/revisions"}],"predecessor-version":[{"id":49610,"href":"https:\/\/www.immobilienbusiness.ch\/it\/wp-json\/wp\/v2\/posts\/41040\/revisions\/49610"}],"wp:attachment":[{"href":"https:\/\/www.immobilienbusiness.ch\/it\/wp-json\/wp\/v2\/media?parent=41040"}],"wp:term":[{"taxonomy":"category","embeddable":true,"href":"https:\/\/www.immobilienbusiness.ch\/it\/wp-json\/wp\/v2\/categories?post=41040"},{"taxonomy":"post_tag","embeddable":true,"href":"https:\/\/www.immobilienbusiness.ch\/it\/wp-json\/wp\/v2\/tags?post=41040"}],"curies":[{"name":"wp","href":"https:\/\/api.w.org\/{rel}","templated":true}]}}