{"id":40635,"date":"2020-05-11T12:46:42","date_gmt":"2020-05-11T10:46:42","guid":{"rendered":"https:\/\/develop.immobilienbusiness.ch\/de\/allgemein\/2020-05-11\/genf-grundsteinlegung-fur-campus-sante\/"},"modified":"2023-07-22T20:18:27","modified_gmt":"2023-07-22T18:18:27","slug":"genf-grundsteinlegung-fur-campus-sante","status":"publish","type":"post","link":"https:\/\/www.immobilienbusiness.ch\/it\/ib\/2020-05-11\/genf-grundsteinlegung-fur-campus-sante\/","title":{"rendered":"Ginevra: posa della prima pietra del Campus Sant\u00e9"},"content":{"rendered":"<div class=\"swpm-post-not-logged-in-msg\">Devi eseguire l&#039;accesso per visualizzare questo contenuto. Avrete bisogno di <a class=\"swpm-login-link\" href=\"https:\/\/www.immobilienbusiness.ch\/it\/login\/?swpm_redirect_to=https%3A%2F%2Fwww.immobilienbusiness.ch%2Fit%2Fwp-json%2Fwp%2Fv2%2Fposts%2F40635\">Accedi<\/a>. Non sei un membro? <a href=\"https:\/\/www.immobilienbusiness.ch\/it\/registrieren\/\">Registrazione<\/a><\/div>","protected":false},"excerpt":{"rendered":"<p>Il 13 giugno si \u00e8 svolta la posa simbolica della prima pietra del Campus Sant\u00e9 di Grand-Saconnex a Ginevra. Entro la fine del 2017, nel Jardin des Nations sar\u00e0 costruito un complesso di uffici con 40.000 metri quadrati di superficie lorda, dove si trasferiranno le sedi di diverse organizzazioni sanitarie. Implenia ha sviluppato il Campus Sant\u00e9 e sta realizzando il progetto come appaltatore totale per conto del gruppo di investimento CSA RES Commercial del Credit Suisse. Implenia \u00e8 quindi responsabile della costruzione chiavi in mano e operativa dell'edificio per uffici con allestimento completo.<\/p>","protected":false},"author":4,"featured_media":0,"comment_status":"closed","ping_status":"closed","sticky":false,"template":"","format":"standard","meta":{"_acf_changed":false,"_yoast_wpseo_focuskw":"Campus Sant\u00e9","_yoast_wpseo_title":"","_yoast_wpseo_metadesc":"Am 13. Juni fand die symbolische Grundsteinlegung f\u00fcr den Campus Sant\u00e9 in Grand-Saconnex in Genf statt. Im Jardin des Nations entsteht bis Ende 2017 ein B\u00fcrokomplex mit 40.000 qm Bruttogeschossfl\u00e4che, in dem mehrere Gesundheitsorganisationen ihren Hauptsitz beziehen werden. Implenia hatte den Campus Sant\u00e9 entwickelt und f\u00fchrt das Projekt als Totalunternehmerin im Auftrag der Anlagegruppe CSA RES Commercial der Credit Suisse aus. Damit \u00fcbernimmt Implenia die schl\u00fcsselfertige, betriebsbereite Erstellung des B\u00fcrogeb\u00e4udes im Vollausbau.","_yoast_wpseo_linkdex":51,"pgc_sgb_lightbox_settings":"","footnotes":""},"categories":[1951],"tags":[1976,1118,1972,1988,1960,1964,1830,1832],"class_list":["post-40635","post","type-post","status-publish","format-standard","hentry","category-ib","tag-ast-und-anlagegruppen","tag-buero","tag-einzel-objekt","tag-ge","tag-healthcare","tag-in-bau","tag-verkauf","tag-vermietung"],"acf":[],"yoast_head":"<!-- This site is optimized with the Yoast SEO plugin v27.4 - https:\/\/yoast.com\/product\/yoast-seo-wordpress\/ -->\n<title>Genf: Grundsteinlegung f\u00fcr Campus Sant\u00e9 - IMMOBILIEN Business<\/title>\n<meta name=\"description\" content=\"Am 13. Juni fand die symbolische Grundsteinlegung f\u00fcr den Campus Sant\u00e9 in Grand-Saconnex in Genf statt. Im Jardin des Nations entsteht bis Ende 2017 ein B\u00fcrokomplex mit 40.000 qm Bruttogeschossfl\u00e4che, in dem mehrere Gesundheitsorganisationen ihren Hauptsitz beziehen werden. Implenia hatte den Campus Sant\u00e9 entwickelt und f\u00fchrt das Projekt als Totalunternehmerin im Auftrag der Anlagegruppe CSA RES Commercial der Credit Suisse aus. Damit \u00fcbernimmt Implenia die schl\u00fcsselfertige, betriebsbereite Erstellung des B\u00fcrogeb\u00e4udes im Vollausbau.\" \/>\n<meta name=\"robots\" content=\"index, follow, max-snippet:-1, max-image-preview:large, max-video-preview:-1\" \/>\n<link rel=\"canonical\" href=\"https:\/\/www.immobilienbusiness.ch\/it\/ib\/2020-05-11\/genf-grundsteinlegung-fur-campus-sante\/\" \/>\n<meta property=\"og:locale\" content=\"it_IT\" \/>\n<meta property=\"og:type\" content=\"article\" \/>\n<meta property=\"og:title\" content=\"Genf: Grundsteinlegung f\u00fcr Campus Sant\u00e9 - IMMOBILIEN Business\" \/>\n<meta property=\"og:description\" content=\"Am 13. Juni fand die symbolische Grundsteinlegung f\u00fcr den Campus Sant\u00e9 in Grand-Saconnex in Genf statt. Im Jardin des Nations entsteht bis Ende 2017 ein B\u00fcrokomplex mit 40.000 qm Bruttogeschossfl\u00e4che, in dem mehrere Gesundheitsorganisationen ihren Hauptsitz beziehen werden. Implenia hatte den Campus Sant\u00e9 entwickelt und f\u00fchrt das Projekt als Totalunternehmerin im Auftrag der Anlagegruppe CSA RES Commercial der Credit Suisse aus. Damit \u00fcbernimmt Implenia die schl\u00fcsselfertige, betriebsbereite Erstellung des B\u00fcrogeb\u00e4udes im Vollausbau.\" \/>\n<meta property=\"og:url\" content=\"https:\/\/www.immobilienbusiness.ch\/it\/ib\/2020-05-11\/genf-grundsteinlegung-fur-campus-sante\/\" \/>\n<meta property=\"og:site_name\" content=\"IMMOBILIEN Business\" \/>\n<meta property=\"article:publisher\" content=\"https:\/\/www.facebook.com\/immobilienbusiness\/\" \/>\n<meta property=\"article:published_time\" content=\"2020-05-11T10:46:42+00:00\" \/>\n<meta property=\"article:modified_time\" content=\"2023-07-22T18:18:27+00:00\" \/>\n<meta name=\"author\" content=\"mathias.rinka\" \/>\n<meta name=\"twitter:card\" content=\"summary_large_image\" \/>\n<script type=\"application\/ld+json\" class=\"yoast-schema-graph\">{\"@context\":\"https:\\\/\\\/schema.org\",\"@graph\":[{\"@type\":\"Article\",\"@id\":\"https:\\\/\\\/www.immobilienbusiness.ch\\\/en\\\/ib\\\/2020-05-11\\\/genf-grundsteinlegung-fur-campus-sante\\\/#article\",\"isPartOf\":{\"@id\":\"https:\\\/\\\/www.immobilienbusiness.ch\\\/en\\\/ib\\\/2020-05-11\\\/genf-grundsteinlegung-fur-campus-sante\\\/\"},\"author\":{\"name\":\"mathias.rinka\",\"@id\":\"https:\\\/\\\/www.immobilienbusiness.ch\\\/#\\\/schema\\\/person\\\/31be7383261ea656cfe52cad71fdc211\"},\"headline\":\"Genf: Grundsteinlegung f\u00fcr Campus Sant\u00e9\",\"datePublished\":\"2020-05-11T10:46:42+00:00\",\"dateModified\":\"2023-07-22T18:18:27+00:00\",\"mainEntityOfPage\":{\"@id\":\"https:\\\/\\\/www.immobilienbusiness.ch\\\/en\\\/ib\\\/2020-05-11\\\/genf-grundsteinlegung-fur-campus-sante\\\/\"},\"wordCount\":175,\"publisher\":{\"@id\":\"https:\\\/\\\/www.immobilienbusiness.ch\\\/#organization\"},\"keywords\":[\"AST und Anlagegruppen\",\"B\u00fcro\",\"Einzel-Objekt\",\"GE\",\"Healthcare\",\"in Bau\",\"Verkauf\",\"Vermietung\"],\"articleSection\":[\"IB+\"],\"inLanguage\":\"it-IT\"},{\"@type\":\"WebPage\",\"@id\":\"https:\\\/\\\/www.immobilienbusiness.ch\\\/en\\\/ib\\\/2020-05-11\\\/genf-grundsteinlegung-fur-campus-sante\\\/\",\"url\":\"https:\\\/\\\/www.immobilienbusiness.ch\\\/en\\\/ib\\\/2020-05-11\\\/genf-grundsteinlegung-fur-campus-sante\\\/\",\"name\":\"Genf: Grundsteinlegung f\u00fcr Campus Sant\u00e9 - IMMOBILIEN Business\",\"isPartOf\":{\"@id\":\"https:\\\/\\\/www.immobilienbusiness.ch\\\/#website\"},\"datePublished\":\"2020-05-11T10:46:42+00:00\",\"dateModified\":\"2023-07-22T18:18:27+00:00\",\"description\":\"Am 13. Juni fand die symbolische Grundsteinlegung f\u00fcr den Campus Sant\u00e9 in Grand-Saconnex in Genf statt. Im Jardin des Nations entsteht bis Ende 2017 ein B\u00fcrokomplex mit 40.000 qm Bruttogeschossfl\u00e4che, in dem mehrere Gesundheitsorganisationen ihren Hauptsitz beziehen werden. Implenia hatte den Campus Sant\u00e9 entwickelt und f\u00fchrt das Projekt als Totalunternehmerin im Auftrag der Anlagegruppe CSA RES Commercial der Credit Suisse aus. Damit \u00fcbernimmt Implenia die schl\u00fcsselfertige, betriebsbereite Erstellung des B\u00fcrogeb\u00e4udes im Vollausbau.\",\"breadcrumb\":{\"@id\":\"https:\\\/\\\/www.immobilienbusiness.ch\\\/en\\\/ib\\\/2020-05-11\\\/genf-grundsteinlegung-fur-campus-sante\\\/#breadcrumb\"},\"inLanguage\":\"it-IT\",\"potentialAction\":[{\"@type\":\"ReadAction\",\"target\":[\"https:\\\/\\\/www.immobilienbusiness.ch\\\/en\\\/ib\\\/2020-05-11\\\/genf-grundsteinlegung-fur-campus-sante\\\/\"]}]},{\"@type\":\"BreadcrumbList\",\"@id\":\"https:\\\/\\\/www.immobilienbusiness.ch\\\/en\\\/ib\\\/2020-05-11\\\/genf-grundsteinlegung-fur-campus-sante\\\/#breadcrumb\",\"itemListElement\":[{\"@type\":\"ListItem\",\"position\":1,\"name\":\"Home\",\"item\":\"https:\\\/\\\/www.immobilienbusiness.ch\\\/\"},{\"@type\":\"ListItem\",\"position\":2,\"name\":\"Genf: Grundsteinlegung f\u00fcr Campus Sant\u00e9\"}]},{\"@type\":\"WebSite\",\"@id\":\"https:\\\/\\\/www.immobilienbusiness.ch\\\/#website\",\"url\":\"https:\\\/\\\/www.immobilienbusiness.ch\\\/\",\"name\":\"IMMOBILIEN Business\",\"description\":\"Unabh\u00e4ngiges Schweizer Wirtschaftsmagazin mit Fokus auf Immobilien, Architektur- und Bau sowie Investment- und Finanzierung.\",\"publisher\":{\"@id\":\"https:\\\/\\\/www.immobilienbusiness.ch\\\/#organization\"},\"potentialAction\":[{\"@type\":\"SearchAction\",\"target\":{\"@type\":\"EntryPoint\",\"urlTemplate\":\"https:\\\/\\\/www.immobilienbusiness.ch\\\/?s={search_term_string}\"},\"query-input\":{\"@type\":\"PropertyValueSpecification\",\"valueRequired\":true,\"valueName\":\"search_term_string\"}}],\"inLanguage\":\"it-IT\"},{\"@type\":\"Organization\",\"@id\":\"https:\\\/\\\/www.immobilienbusiness.ch\\\/#organization\",\"name\":\"IMMOBILIEN Business\",\"url\":\"https:\\\/\\\/www.immobilienbusiness.ch\\\/\",\"logo\":{\"@type\":\"ImageObject\",\"inLanguage\":\"it-IT\",\"@id\":\"https:\\\/\\\/www.immobilienbusiness.ch\\\/#\\\/schema\\\/logo\\\/image\\\/\",\"url\":\"https:\\\/\\\/www.immobilienbusiness.ch\\\/wp-content\\\/uploads\\\/2021\\\/07\\\/logo_ib.png\",\"contentUrl\":\"https:\\\/\\\/www.immobilienbusiness.ch\\\/wp-content\\\/uploads\\\/2021\\\/07\\\/logo_ib.png\",\"width\":800,\"height\":181,\"caption\":\"IMMOBILIEN Business\"},\"image\":{\"@id\":\"https:\\\/\\\/www.immobilienbusiness.ch\\\/#\\\/schema\\\/logo\\\/image\\\/\"},\"sameAs\":[\"https:\\\/\\\/www.facebook.com\\\/immobilienbusiness\\\/\"]},{\"@type\":\"Person\",\"@id\":\"https:\\\/\\\/www.immobilienbusiness.ch\\\/#\\\/schema\\\/person\\\/31be7383261ea656cfe52cad71fdc211\",\"name\":\"mathias.rinka\",\"image\":{\"@type\":\"ImageObject\",\"inLanguage\":\"it-IT\",\"@id\":\"https:\\\/\\\/secure.gravatar.com\\\/avatar\\\/?s=96&d=mm&r=g\",\"url\":\"https:\\\/\\\/secure.gravatar.com\\\/avatar\\\/?s=96&d=mm&r=g\",\"contentUrl\":\"https:\\\/\\\/secure.gravatar.com\\\/avatar\\\/?s=96&d=mm&r=g\",\"caption\":\"mathias.rinka\"},\"url\":\"https:\\\/\\\/www.immobilienbusiness.ch\\\/it\\\/author\\\/mathias-rinka\\\/\"}]}<\/script>\n<!-- \/ Yoast SEO plugin. -->","yoast_head_json":{"title":"Ginevra: posa della prima pietra del Campus Sant\u00e9 - IMMOBILIEN Business","description":"Il 13 giugno si \u00e8 svolta la posa simbolica della prima pietra del Campus Sant\u00e9 di Grand-Saconnex a Ginevra. Entro la fine del 2017, nel Jardin des Nations sar\u00e0 costruito un complesso di uffici con 40.000 metri quadrati di superficie lorda, dove si trasferiranno le sedi di diverse organizzazioni sanitarie. Implenia ha sviluppato il Campus Sant\u00e9 e sta realizzando il progetto come appaltatore totale per conto del gruppo di investimento CSA RES Commercial del Credit Suisse. Implenia \u00e8 quindi responsabile della costruzione chiavi in mano e operativa dell'edificio per uffici con allestimento completo.","robots":{"index":"index","follow":"follow","max-snippet":"max-snippet:-1","max-image-preview":"max-image-preview:large","max-video-preview":"max-video-preview:-1"},"canonical":"https:\/\/www.immobilienbusiness.ch\/it\/ib\/2020-05-11\/genf-grundsteinlegung-fur-campus-sante\/","og_locale":"it_IT","og_type":"article","og_title":"Genf: Grundsteinlegung f\u00fcr Campus Sant\u00e9 - IMMOBILIEN Business","og_description":"Am 13. Juni fand die symbolische Grundsteinlegung f\u00fcr den Campus Sant\u00e9 in Grand-Saconnex in Genf statt. Im Jardin des Nations entsteht bis Ende 2017 ein B\u00fcrokomplex mit 40.000 qm Bruttogeschossfl\u00e4che, in dem mehrere Gesundheitsorganisationen ihren Hauptsitz beziehen werden. Implenia hatte den Campus Sant\u00e9 entwickelt und f\u00fchrt das Projekt als Totalunternehmerin im Auftrag der Anlagegruppe CSA RES Commercial der Credit Suisse aus. Damit \u00fcbernimmt Implenia die schl\u00fcsselfertige, betriebsbereite Erstellung des B\u00fcrogeb\u00e4udes im Vollausbau.","og_url":"https:\/\/www.immobilienbusiness.ch\/it\/ib\/2020-05-11\/genf-grundsteinlegung-fur-campus-sante\/","og_site_name":"IMMOBILIEN Business","article_publisher":"https:\/\/www.facebook.com\/immobilienbusiness\/","article_published_time":"2020-05-11T10:46:42+00:00","article_modified_time":"2023-07-22T18:18:27+00:00","author":"mathias.rinka","twitter_card":"summary_large_image","schema":{"@context":"https:\/\/schema.org","@graph":[{"@type":"Article","@id":"https:\/\/www.immobilienbusiness.ch\/en\/ib\/2020-05-11\/genf-grundsteinlegung-fur-campus-sante\/#article","isPartOf":{"@id":"https:\/\/www.immobilienbusiness.ch\/en\/ib\/2020-05-11\/genf-grundsteinlegung-fur-campus-sante\/"},"author":{"name":"mathias.rinka","@id":"https:\/\/www.immobilienbusiness.ch\/#\/schema\/person\/31be7383261ea656cfe52cad71fdc211"},"headline":"Genf: Grundsteinlegung f\u00fcr Campus Sant\u00e9","datePublished":"2020-05-11T10:46:42+00:00","dateModified":"2023-07-22T18:18:27+00:00","mainEntityOfPage":{"@id":"https:\/\/www.immobilienbusiness.ch\/en\/ib\/2020-05-11\/genf-grundsteinlegung-fur-campus-sante\/"},"wordCount":175,"publisher":{"@id":"https:\/\/www.immobilienbusiness.ch\/#organization"},"keywords":["AST und Anlagegruppen","B\u00fcro","Einzel-Objekt","GE","Healthcare","in Bau","Verkauf","Vermietung"],"articleSection":["IB+"],"inLanguage":"it-IT"},{"@type":"WebPage","@id":"https:\/\/www.immobilienbusiness.ch\/en\/ib\/2020-05-11\/genf-grundsteinlegung-fur-campus-sante\/","url":"https:\/\/www.immobilienbusiness.ch\/en\/ib\/2020-05-11\/genf-grundsteinlegung-fur-campus-sante\/","name":"Ginevra: posa della prima pietra del Campus Sant\u00e9 - IMMOBILIEN Business","isPartOf":{"@id":"https:\/\/www.immobilienbusiness.ch\/#website"},"datePublished":"2020-05-11T10:46:42+00:00","dateModified":"2023-07-22T18:18:27+00:00","description":"Il 13 giugno si \u00e8 svolta la posa simbolica della prima pietra del Campus Sant\u00e9 di Grand-Saconnex a Ginevra. Entro la fine del 2017, nel Jardin des Nations sar\u00e0 costruito un complesso di uffici con 40.000 metri quadrati di superficie lorda, dove si trasferiranno le sedi di diverse organizzazioni sanitarie. Implenia ha sviluppato il Campus Sant\u00e9 e sta realizzando il progetto come appaltatore totale per conto del gruppo di investimento CSA RES Commercial del Credit Suisse. Implenia \u00e8 quindi responsabile della costruzione chiavi in mano e operativa dell'edificio per uffici con allestimento completo.","breadcrumb":{"@id":"https:\/\/www.immobilienbusiness.ch\/en\/ib\/2020-05-11\/genf-grundsteinlegung-fur-campus-sante\/#breadcrumb"},"inLanguage":"it-IT","potentialAction":[{"@type":"ReadAction","target":["https:\/\/www.immobilienbusiness.ch\/en\/ib\/2020-05-11\/genf-grundsteinlegung-fur-campus-sante\/"]}]},{"@type":"BreadcrumbList","@id":"https:\/\/www.immobilienbusiness.ch\/en\/ib\/2020-05-11\/genf-grundsteinlegung-fur-campus-sante\/#breadcrumb","itemListElement":[{"@type":"ListItem","position":1,"name":"Home","item":"https:\/\/www.immobilienbusiness.ch\/"},{"@type":"ListItem","position":2,"name":"Genf: Grundsteinlegung f\u00fcr Campus Sant\u00e9"}]},{"@type":"WebSite","@id":"https:\/\/www.immobilienbusiness.ch\/#website","url":"https:\/\/www.immobilienbusiness.ch\/","name":"Affari immobiliari","description":"Rivista economica indipendente svizzera che si concentra sul settore immobiliare, l'architettura e la costruzione, nonch\u00e9 sugli investimenti e i finanziamenti.","publisher":{"@id":"https:\/\/www.immobilienbusiness.ch\/#organization"},"potentialAction":[{"@type":"SearchAction","target":{"@type":"EntryPoint","urlTemplate":"https:\/\/www.immobilienbusiness.ch\/?s={search_term_string}"},"query-input":{"@type":"PropertyValueSpecification","valueRequired":true,"valueName":"search_term_string"}}],"inLanguage":"it-IT"},{"@type":"Organization","@id":"https:\/\/www.immobilienbusiness.ch\/#organization","name":"Affari immobiliari","url":"https:\/\/www.immobilienbusiness.ch\/","logo":{"@type":"ImageObject","inLanguage":"it-IT","@id":"https:\/\/www.immobilienbusiness.ch\/#\/schema\/logo\/image\/","url":"https:\/\/www.immobilienbusiness.ch\/wp-content\/uploads\/2021\/07\/logo_ib.png","contentUrl":"https:\/\/www.immobilienbusiness.ch\/wp-content\/uploads\/2021\/07\/logo_ib.png","width":800,"height":181,"caption":"IMMOBILIEN Business"},"image":{"@id":"https:\/\/www.immobilienbusiness.ch\/#\/schema\/logo\/image\/"},"sameAs":["https:\/\/www.facebook.com\/immobilienbusiness\/"]},{"@type":"Person","@id":"https:\/\/www.immobilienbusiness.ch\/#\/schema\/person\/31be7383261ea656cfe52cad71fdc211","name":"mathias.rinka","image":{"@type":"ImageObject","inLanguage":"it-IT","@id":"https:\/\/secure.gravatar.com\/avatar\/?s=96&d=mm&r=g","url":"https:\/\/secure.gravatar.com\/avatar\/?s=96&d=mm&r=g","contentUrl":"https:\/\/secure.gravatar.com\/avatar\/?s=96&d=mm&r=g","caption":"mathias.rinka"},"url":"https:\/\/www.immobilienbusiness.ch\/it\/author\/mathias-rinka\/"}]}},"_links":{"self":[{"href":"https:\/\/www.immobilienbusiness.ch\/it\/wp-json\/wp\/v2\/posts\/40635","targetHints":{"allow":["GET"]}}],"collection":[{"href":"https:\/\/www.immobilienbusiness.ch\/it\/wp-json\/wp\/v2\/posts"}],"about":[{"href":"https:\/\/www.immobilienbusiness.ch\/it\/wp-json\/wp\/v2\/types\/post"}],"author":[{"embeddable":true,"href":"https:\/\/www.immobilienbusiness.ch\/it\/wp-json\/wp\/v2\/users\/4"}],"replies":[{"embeddable":true,"href":"https:\/\/www.immobilienbusiness.ch\/it\/wp-json\/wp\/v2\/comments?post=40635"}],"version-history":[{"count":1,"href":"https:\/\/www.immobilienbusiness.ch\/it\/wp-json\/wp\/v2\/posts\/40635\/revisions"}],"predecessor-version":[{"id":51034,"href":"https:\/\/www.immobilienbusiness.ch\/it\/wp-json\/wp\/v2\/posts\/40635\/revisions\/51034"}],"wp:attachment":[{"href":"https:\/\/www.immobilienbusiness.ch\/it\/wp-json\/wp\/v2\/media?parent=40635"}],"wp:term":[{"taxonomy":"category","embeddable":true,"href":"https:\/\/www.immobilienbusiness.ch\/it\/wp-json\/wp\/v2\/categories?post=40635"},{"taxonomy":"post_tag","embeddable":true,"href":"https:\/\/www.immobilienbusiness.ch\/it\/wp-json\/wp\/v2\/tags?post=40635"}],"curies":[{"name":"wp","href":"https:\/\/api.w.org\/{rel}","templated":true}]}}