{"id":4057,"date":"2016-09-23T08:36:43","date_gmt":"2016-09-23T06:36:43","guid":{"rendered":"http:\/\/dev.immobilienbusiness.ch\/?p=4057"},"modified":"2016-09-23T08:36:43","modified_gmt":"2016-09-23T06:36:43","slug":"hotels-weniger-gaeste-aus-dem-ausland","status":"publish","type":"post","link":"https:\/\/www.immobilienbusiness.ch\/it\/allgemein\/2016-09-23\/hotels-weniger-gaeste-aus-dem-ausland\/","title":{"rendered":"Hotel: meno ospiti dall'estero"},"content":{"rendered":"<figure id=\"attachment_4058\" aria-describedby=\"caption-attachment-4058\" style=\"width: 680px\" class=\"wp-caption alignnone\"><img loading=\"lazy\" decoding=\"async\" class=\"size-medium wp-image-4058\" src=\"https:\/\/immobilienbusiness.ch\/wp-content\/uploads\/2016\/12\/Hotels-Weniger-G\u00e4ste-aus-dem-Ausland-immobilien-business.jpg\" alt=\"Die Zahl der Logiern\u00e4chte ist im Juli leicht gefallen (\u00a9 Foto hotelleriesuisse - Alain D. Boillat)\" width=\"680\" height=\"452\" \/><figcaption id=\"caption-attachment-4058\" class=\"wp-caption-text\">Il numero di pernottamenti \u00e8 leggermente diminuito a luglio (\u00a9 Photo hotelleriesuisse - Alain D. Boillat)<\/figcaption><\/figure>\n<p>Secondo l'indagine di Hotelleriesuisse, gli svizzeri hanno pernottato un po' pi\u00f9 spesso nel proprio Paese (+0,7%), ma il numero di ospiti stranieri \u00e8 diminuito del 2%. Tra gli ospiti europei, si \u00e8 registrato un piccolo calo dalla Germania (-3,6%), dal Regno Unito (-3,3%) e dalla Francia (-3,5%) e un forte calo dall'Italia (-11%). Austria (+9,1%), Belgio (+6,8%), Spagna (+5,4%) e Paesi Bassi (+0,4%) si sono attestati in territorio positivo.<\/p>\n<p>Il numero di ospiti provenienti da Cina e Russia \u00e8 diminuito, mentre si \u00e8 registrata una crescita dagli Stati Uniti. Secondo l'associazione, questi sviluppi dei primi sei mesi sono proseguiti anche a luglio.<\/p>\n<p><strong>Gli ospiti provenienti dalla Cina sono particolarmente carenti a Lucerna<\/strong><\/p>\n<p>In termini regionali, colpisce il forte calo nella regione di Argovia (-11,3%), Ginevra (-6,3%) e Basilea (-5,3%). La regione di Lucerna\/Lago dei Quattro Cantoni ha registrato il calo assoluto pi\u00f9 marcato, con 22.700 pernottamenti in meno, a causa di un'ampia percentuale di ospiti cinesi mancanti. Al contrario, in Ticino si \u00e8 registrato un aumento di 9,5%.<\/p>\n<p>L'andamento delle regioni montane non \u00e8 uniforme: i Grigioni (-1,3%) e il Vallese (-2,2%) hanno registrato perdite, mentre l'Oberland bernese ha ottenuto un piccolo aumento dello 0,5%. (ah)<\/p>","protected":false},"excerpt":{"rendered":"<p>Nel luglio 2016, i tassi di occupazione degli hotel svizzeri sono stati leggermente inferiori rispetto all'anno precedente. Come riportato dall'associazione di settore Hotelleriesuisse, il numero di pernottamenti \u00e8 diminuito dello 0,4% nel mese rispetto all'anno precedente.<\/p>","protected":false},"author":1,"featured_media":4058,"comment_status":"open","ping_status":"open","sticky":false,"template":"","format":"standard","meta":{"_acf_changed":false,"_yoast_wpseo_focuskw":"Weniger G\u00e4ste aus dem Ausland","_yoast_wpseo_title":"","_yoast_wpseo_metadesc":"Weniger G\u00e4ste aus dem Ausland: Wie Hotelleriesuisse meldet, ist die Zahl der Logiern\u00e4chte im Juli im Vergleich zum Vorjahr um 0,4 Prozent gesunken.","_yoast_wpseo_linkdex":76,"pgc_sgb_lightbox_settings":"","footnotes":""},"categories":[1],"tags":[1317],"class_list":["post-4057","post","type-post","status-publish","format-standard","has-post-thumbnail","hentry","category-allgemein","tag-hotels"],"acf":[],"yoast_head":"<!-- This site is optimized with the Yoast SEO plugin v27.4 - https:\/\/yoast.com\/product\/yoast-seo-wordpress\/ -->\n<title>Hotels: Weniger G\u00e4ste aus dem Ausland - IMMOBILIEN Business<\/title>\n<meta name=\"description\" content=\"Weniger G\u00e4ste aus dem Ausland: Wie Hotelleriesuisse meldet, ist die Zahl der Logiern\u00e4chte im Juli im Vergleich zum Vorjahr um 0,4 Prozent gesunken.\" \/>\n<meta name=\"robots\" content=\"index, follow, max-snippet:-1, max-image-preview:large, max-video-preview:-1\" \/>\n<link rel=\"canonical\" href=\"https:\/\/www.immobilienbusiness.ch\/it\/allgemein\/2016-09-23\/hotels-weniger-gaeste-aus-dem-ausland\/\" \/>\n<meta property=\"og:locale\" content=\"it_IT\" \/>\n<meta property=\"og:type\" content=\"article\" \/>\n<meta property=\"og:title\" content=\"Hotels: Weniger G\u00e4ste aus dem Ausland\" \/>\n<meta property=\"og:description\" content=\"Im Juli 2016 waren die Schweizer Hotels etwas weniger stark ausgelastet als im Vorjahr. Wie der Branchenverband Hotelleriesuisse meldet, ist die Zahl der Logiern\u00e4chte in dem Monat im Vergleich zum Vorjahr um 0,4 Prozent gesunken.\" \/>\n<meta property=\"og:url\" content=\"https:\/\/www.immobilienbusiness.ch\/it\/allgemein\/2016-09-23\/hotels-weniger-gaeste-aus-dem-ausland\/\" \/>\n<meta property=\"og:site_name\" content=\"IMMOBILIEN Business\" \/>\n<meta property=\"article:publisher\" content=\"https:\/\/www.facebook.com\/immobilienbusiness\/\" \/>\n<meta property=\"article:published_time\" content=\"2016-09-23T06:36:43+00:00\" \/>\n<meta name=\"author\" content=\"Redaktion\" \/>\n<meta name=\"twitter:card\" content=\"summary_large_image\" \/>\n<meta name=\"twitter:image\" content=\"https:\/\/www.immobilienbusiness.ch\/wp-content\/uploads\/2016\/12\/Hotels-Weniger-Gaeste-aus-dem-Ausland-immobilien-business.jpg\" \/>\n<script type=\"application\/ld+json\" class=\"yoast-schema-graph\">{\"@context\":\"https:\\\/\\\/schema.org\",\"@graph\":[{\"@type\":\"Article\",\"@id\":\"https:\\\/\\\/www.immobilienbusiness.ch\\\/allgemein\\\/2016-09-23\\\/hotels-weniger-gaeste-aus-dem-ausland\\\/#article\",\"isPartOf\":{\"@id\":\"https:\\\/\\\/www.immobilienbusiness.ch\\\/allgemein\\\/2016-09-23\\\/hotels-weniger-gaeste-aus-dem-ausland\\\/\"},\"author\":{\"name\":\"Redaktion\",\"@id\":\"https:\\\/\\\/www.immobilienbusiness.ch\\\/#\\\/schema\\\/person\\\/aa2bace6c5c5aad60102004a50c4eb1c\"},\"headline\":\"Hotels: Weniger G\u00e4ste aus dem Ausland\",\"datePublished\":\"2016-09-23T06:36:43+00:00\",\"mainEntityOfPage\":{\"@id\":\"https:\\\/\\\/www.immobilienbusiness.ch\\\/allgemein\\\/2016-09-23\\\/hotels-weniger-gaeste-aus-dem-ausland\\\/\"},\"wordCount\":229,\"commentCount\":0,\"publisher\":{\"@id\":\"https:\\\/\\\/www.immobilienbusiness.ch\\\/#organization\"},\"image\":{\"@id\":\"https:\\\/\\\/www.immobilienbusiness.ch\\\/allgemein\\\/2016-09-23\\\/hotels-weniger-gaeste-aus-dem-ausland\\\/#primaryimage\"},\"thumbnailUrl\":\"https:\\\/\\\/www.immobilienbusiness.ch\\\/wp-content\\\/uploads\\\/2016\\\/12\\\/Hotels-Weniger-Gaeste-aus-dem-Ausland-immobilien-business.jpg\",\"keywords\":[\"Hotels\"],\"articleSection\":[\"Allgemein\"],\"inLanguage\":\"it-IT\"},{\"@type\":\"WebPage\",\"@id\":\"https:\\\/\\\/www.immobilienbusiness.ch\\\/allgemein\\\/2016-09-23\\\/hotels-weniger-gaeste-aus-dem-ausland\\\/\",\"url\":\"https:\\\/\\\/www.immobilienbusiness.ch\\\/allgemein\\\/2016-09-23\\\/hotels-weniger-gaeste-aus-dem-ausland\\\/\",\"name\":\"Hotels: Weniger G\u00e4ste aus dem Ausland - IMMOBILIEN Business\",\"isPartOf\":{\"@id\":\"https:\\\/\\\/www.immobilienbusiness.ch\\\/#website\"},\"primaryImageOfPage\":{\"@id\":\"https:\\\/\\\/www.immobilienbusiness.ch\\\/allgemein\\\/2016-09-23\\\/hotels-weniger-gaeste-aus-dem-ausland\\\/#primaryimage\"},\"image\":{\"@id\":\"https:\\\/\\\/www.immobilienbusiness.ch\\\/allgemein\\\/2016-09-23\\\/hotels-weniger-gaeste-aus-dem-ausland\\\/#primaryimage\"},\"thumbnailUrl\":\"https:\\\/\\\/www.immobilienbusiness.ch\\\/wp-content\\\/uploads\\\/2016\\\/12\\\/Hotels-Weniger-Gaeste-aus-dem-Ausland-immobilien-business.jpg\",\"datePublished\":\"2016-09-23T06:36:43+00:00\",\"description\":\"Weniger G\u00e4ste aus dem Ausland: Wie Hotelleriesuisse meldet, ist die Zahl der Logiern\u00e4chte im Juli im Vergleich zum Vorjahr um 0,4 Prozent gesunken.\",\"breadcrumb\":{\"@id\":\"https:\\\/\\\/www.immobilienbusiness.ch\\\/allgemein\\\/2016-09-23\\\/hotels-weniger-gaeste-aus-dem-ausland\\\/#breadcrumb\"},\"inLanguage\":\"it-IT\",\"potentialAction\":[{\"@type\":\"ReadAction\",\"target\":[\"https:\\\/\\\/www.immobilienbusiness.ch\\\/allgemein\\\/2016-09-23\\\/hotels-weniger-gaeste-aus-dem-ausland\\\/\"]}]},{\"@type\":\"ImageObject\",\"inLanguage\":\"it-IT\",\"@id\":\"https:\\\/\\\/www.immobilienbusiness.ch\\\/allgemein\\\/2016-09-23\\\/hotels-weniger-gaeste-aus-dem-ausland\\\/#primaryimage\",\"url\":\"https:\\\/\\\/www.immobilienbusiness.ch\\\/wp-content\\\/uploads\\\/2016\\\/12\\\/Hotels-Weniger-Gaeste-aus-dem-Ausland-immobilien-business.jpg\",\"contentUrl\":\"https:\\\/\\\/www.immobilienbusiness.ch\\\/wp-content\\\/uploads\\\/2016\\\/12\\\/Hotels-Weniger-Gaeste-aus-dem-Ausland-immobilien-business.jpg\",\"width\":2560,\"height\":1700,\"caption\":\"Die Zahl der Logiern\u00e4chte ist im Juli leicht gefallen (\u00a9 Foto hotelleriesuisse - Alain D. Boillat)\"},{\"@type\":\"BreadcrumbList\",\"@id\":\"https:\\\/\\\/www.immobilienbusiness.ch\\\/allgemein\\\/2016-09-23\\\/hotels-weniger-gaeste-aus-dem-ausland\\\/#breadcrumb\",\"itemListElement\":[{\"@type\":\"ListItem\",\"position\":1,\"name\":\"Home\",\"item\":\"https:\\\/\\\/www.immobilienbusiness.ch\\\/\"},{\"@type\":\"ListItem\",\"position\":2,\"name\":\"Hotels: Weniger G\u00e4ste aus dem Ausland\"}]},{\"@type\":\"WebSite\",\"@id\":\"https:\\\/\\\/www.immobilienbusiness.ch\\\/#website\",\"url\":\"https:\\\/\\\/www.immobilienbusiness.ch\\\/\",\"name\":\"IMMOBILIEN Business\",\"description\":\"Unabh\u00e4ngiges Schweizer Wirtschaftsmagazin mit Fokus auf Immobilien, Architektur- und Bau sowie Investment- und Finanzierung.\",\"publisher\":{\"@id\":\"https:\\\/\\\/www.immobilienbusiness.ch\\\/#organization\"},\"potentialAction\":[{\"@type\":\"SearchAction\",\"target\":{\"@type\":\"EntryPoint\",\"urlTemplate\":\"https:\\\/\\\/www.immobilienbusiness.ch\\\/?s={search_term_string}\"},\"query-input\":{\"@type\":\"PropertyValueSpecification\",\"valueRequired\":true,\"valueName\":\"search_term_string\"}}],\"inLanguage\":\"it-IT\"},{\"@type\":\"Organization\",\"@id\":\"https:\\\/\\\/www.immobilienbusiness.ch\\\/#organization\",\"name\":\"IMMOBILIEN Business\",\"url\":\"https:\\\/\\\/www.immobilienbusiness.ch\\\/\",\"logo\":{\"@type\":\"ImageObject\",\"inLanguage\":\"it-IT\",\"@id\":\"https:\\\/\\\/www.immobilienbusiness.ch\\\/#\\\/schema\\\/logo\\\/image\\\/\",\"url\":\"https:\\\/\\\/www.immobilienbusiness.ch\\\/wp-content\\\/uploads\\\/2021\\\/07\\\/logo_ib.png\",\"contentUrl\":\"https:\\\/\\\/www.immobilienbusiness.ch\\\/wp-content\\\/uploads\\\/2021\\\/07\\\/logo_ib.png\",\"width\":800,\"height\":181,\"caption\":\"IMMOBILIEN Business\"},\"image\":{\"@id\":\"https:\\\/\\\/www.immobilienbusiness.ch\\\/#\\\/schema\\\/logo\\\/image\\\/\"},\"sameAs\":[\"https:\\\/\\\/www.facebook.com\\\/immobilienbusiness\\\/\"]},{\"@type\":\"Person\",\"@id\":\"https:\\\/\\\/www.immobilienbusiness.ch\\\/#\\\/schema\\\/person\\\/aa2bace6c5c5aad60102004a50c4eb1c\",\"name\":\"Redaktion\",\"image\":{\"@type\":\"ImageObject\",\"inLanguage\":\"it-IT\",\"@id\":\"https:\\\/\\\/secure.gravatar.com\\\/avatar\\\/ae2f4d718e6c49043e314ce431e7e645d646302a24a5ef5a8bc8e3f5a032e319?s=96&d=mm&r=g\",\"url\":\"https:\\\/\\\/secure.gravatar.com\\\/avatar\\\/ae2f4d718e6c49043e314ce431e7e645d646302a24a5ef5a8bc8e3f5a032e319?s=96&d=mm&r=g\",\"contentUrl\":\"https:\\\/\\\/secure.gravatar.com\\\/avatar\\\/ae2f4d718e6c49043e314ce431e7e645d646302a24a5ef5a8bc8e3f5a032e319?s=96&d=mm&r=g\",\"caption\":\"Redaktion\"},\"sameAs\":[\"http:\\\/\\\/develop.organisator.galledia.ch\"],\"url\":\"https:\\\/\\\/www.immobilienbusiness.ch\\\/it\\\/author\\\/admin\\\/\"}]}<\/script>\n<!-- \/ Yoast SEO plugin. -->","yoast_head_json":{"title":"Hotels: Weniger G\u00e4ste aus dem Ausland - IMMOBILIEN Business","description":"Weniger G\u00e4ste aus dem Ausland: Wie Hotelleriesuisse meldet, ist die Zahl der Logiern\u00e4chte im Juli im Vergleich zum Vorjahr um 0,4 Prozent gesunken.","robots":{"index":"index","follow":"follow","max-snippet":"max-snippet:-1","max-image-preview":"max-image-preview:large","max-video-preview":"max-video-preview:-1"},"canonical":"https:\/\/www.immobilienbusiness.ch\/it\/allgemein\/2016-09-23\/hotels-weniger-gaeste-aus-dem-ausland\/","og_locale":"it_IT","og_type":"article","og_title":"Hotels: Weniger G\u00e4ste aus dem Ausland","og_description":"Im Juli 2016 waren die Schweizer Hotels etwas weniger stark ausgelastet als im Vorjahr. Wie der Branchenverband Hotelleriesuisse meldet, ist die Zahl der Logiern\u00e4chte in dem Monat im Vergleich zum Vorjahr um 0,4 Prozent gesunken.","og_url":"https:\/\/www.immobilienbusiness.ch\/it\/allgemein\/2016-09-23\/hotels-weniger-gaeste-aus-dem-ausland\/","og_site_name":"IMMOBILIEN Business","article_publisher":"https:\/\/www.facebook.com\/immobilienbusiness\/","article_published_time":"2016-09-23T06:36:43+00:00","author":"Redaktion","twitter_card":"summary_large_image","twitter_image":"https:\/\/www.immobilienbusiness.ch\/wp-content\/uploads\/2016\/12\/Hotels-Weniger-Gaeste-aus-dem-Ausland-immobilien-business.jpg","schema":{"@context":"https:\/\/schema.org","@graph":[{"@type":"Article","@id":"https:\/\/www.immobilienbusiness.ch\/allgemein\/2016-09-23\/hotels-weniger-gaeste-aus-dem-ausland\/#article","isPartOf":{"@id":"https:\/\/www.immobilienbusiness.ch\/allgemein\/2016-09-23\/hotels-weniger-gaeste-aus-dem-ausland\/"},"author":{"name":"Redaktion","@id":"https:\/\/www.immobilienbusiness.ch\/#\/schema\/person\/aa2bace6c5c5aad60102004a50c4eb1c"},"headline":"Hotels: Weniger G\u00e4ste aus dem Ausland","datePublished":"2016-09-23T06:36:43+00:00","mainEntityOfPage":{"@id":"https:\/\/www.immobilienbusiness.ch\/allgemein\/2016-09-23\/hotels-weniger-gaeste-aus-dem-ausland\/"},"wordCount":229,"commentCount":0,"publisher":{"@id":"https:\/\/www.immobilienbusiness.ch\/#organization"},"image":{"@id":"https:\/\/www.immobilienbusiness.ch\/allgemein\/2016-09-23\/hotels-weniger-gaeste-aus-dem-ausland\/#primaryimage"},"thumbnailUrl":"https:\/\/www.immobilienbusiness.ch\/wp-content\/uploads\/2016\/12\/Hotels-Weniger-Gaeste-aus-dem-Ausland-immobilien-business.jpg","keywords":["Hotels"],"articleSection":["Allgemein"],"inLanguage":"it-IT"},{"@type":"WebPage","@id":"https:\/\/www.immobilienbusiness.ch\/allgemein\/2016-09-23\/hotels-weniger-gaeste-aus-dem-ausland\/","url":"https:\/\/www.immobilienbusiness.ch\/allgemein\/2016-09-23\/hotels-weniger-gaeste-aus-dem-ausland\/","name":"Hotels: Weniger G\u00e4ste aus dem Ausland - IMMOBILIEN Business","isPartOf":{"@id":"https:\/\/www.immobilienbusiness.ch\/#website"},"primaryImageOfPage":{"@id":"https:\/\/www.immobilienbusiness.ch\/allgemein\/2016-09-23\/hotels-weniger-gaeste-aus-dem-ausland\/#primaryimage"},"image":{"@id":"https:\/\/www.immobilienbusiness.ch\/allgemein\/2016-09-23\/hotels-weniger-gaeste-aus-dem-ausland\/#primaryimage"},"thumbnailUrl":"https:\/\/www.immobilienbusiness.ch\/wp-content\/uploads\/2016\/12\/Hotels-Weniger-Gaeste-aus-dem-Ausland-immobilien-business.jpg","datePublished":"2016-09-23T06:36:43+00:00","description":"Weniger G\u00e4ste aus dem Ausland: Wie Hotelleriesuisse meldet, ist die Zahl der Logiern\u00e4chte im Juli im Vergleich zum Vorjahr um 0,4 Prozent gesunken.","breadcrumb":{"@id":"https:\/\/www.immobilienbusiness.ch\/allgemein\/2016-09-23\/hotels-weniger-gaeste-aus-dem-ausland\/#breadcrumb"},"inLanguage":"it-IT","potentialAction":[{"@type":"ReadAction","target":["https:\/\/www.immobilienbusiness.ch\/allgemein\/2016-09-23\/hotels-weniger-gaeste-aus-dem-ausland\/"]}]},{"@type":"ImageObject","inLanguage":"it-IT","@id":"https:\/\/www.immobilienbusiness.ch\/allgemein\/2016-09-23\/hotels-weniger-gaeste-aus-dem-ausland\/#primaryimage","url":"https:\/\/www.immobilienbusiness.ch\/wp-content\/uploads\/2016\/12\/Hotels-Weniger-Gaeste-aus-dem-Ausland-immobilien-business.jpg","contentUrl":"https:\/\/www.immobilienbusiness.ch\/wp-content\/uploads\/2016\/12\/Hotels-Weniger-Gaeste-aus-dem-Ausland-immobilien-business.jpg","width":2560,"height":1700,"caption":"Die Zahl der Logiern\u00e4chte ist im Juli leicht gefallen (\u00a9 Foto hotelleriesuisse - Alain D. Boillat)"},{"@type":"BreadcrumbList","@id":"https:\/\/www.immobilienbusiness.ch\/allgemein\/2016-09-23\/hotels-weniger-gaeste-aus-dem-ausland\/#breadcrumb","itemListElement":[{"@type":"ListItem","position":1,"name":"Home","item":"https:\/\/www.immobilienbusiness.ch\/"},{"@type":"ListItem","position":2,"name":"Hotels: Weniger G\u00e4ste aus dem Ausland"}]},{"@type":"WebSite","@id":"https:\/\/www.immobilienbusiness.ch\/#website","url":"https:\/\/www.immobilienbusiness.ch\/","name":"Affari immobiliari","description":"Rivista economica indipendente svizzera che si concentra sul settore immobiliare, l'architettura e la costruzione, nonch\u00e9 sugli investimenti e i finanziamenti.","publisher":{"@id":"https:\/\/www.immobilienbusiness.ch\/#organization"},"potentialAction":[{"@type":"SearchAction","target":{"@type":"EntryPoint","urlTemplate":"https:\/\/www.immobilienbusiness.ch\/?s={search_term_string}"},"query-input":{"@type":"PropertyValueSpecification","valueRequired":true,"valueName":"search_term_string"}}],"inLanguage":"it-IT"},{"@type":"Organization","@id":"https:\/\/www.immobilienbusiness.ch\/#organization","name":"Affari immobiliari","url":"https:\/\/www.immobilienbusiness.ch\/","logo":{"@type":"ImageObject","inLanguage":"it-IT","@id":"https:\/\/www.immobilienbusiness.ch\/#\/schema\/logo\/image\/","url":"https:\/\/www.immobilienbusiness.ch\/wp-content\/uploads\/2021\/07\/logo_ib.png","contentUrl":"https:\/\/www.immobilienbusiness.ch\/wp-content\/uploads\/2021\/07\/logo_ib.png","width":800,"height":181,"caption":"IMMOBILIEN Business"},"image":{"@id":"https:\/\/www.immobilienbusiness.ch\/#\/schema\/logo\/image\/"},"sameAs":["https:\/\/www.facebook.com\/immobilienbusiness\/"]},{"@type":"Person","@id":"https:\/\/www.immobilienbusiness.ch\/#\/schema\/person\/aa2bace6c5c5aad60102004a50c4eb1c","name":"Editoriale","image":{"@type":"ImageObject","inLanguage":"it-IT","@id":"https:\/\/secure.gravatar.com\/avatar\/ae2f4d718e6c49043e314ce431e7e645d646302a24a5ef5a8bc8e3f5a032e319?s=96&d=mm&r=g","url":"https:\/\/secure.gravatar.com\/avatar\/ae2f4d718e6c49043e314ce431e7e645d646302a24a5ef5a8bc8e3f5a032e319?s=96&d=mm&r=g","contentUrl":"https:\/\/secure.gravatar.com\/avatar\/ae2f4d718e6c49043e314ce431e7e645d646302a24a5ef5a8bc8e3f5a032e319?s=96&d=mm&r=g","caption":"Redaktion"},"sameAs":["http:\/\/develop.organisator.galledia.ch"],"url":"https:\/\/www.immobilienbusiness.ch\/it\/author\/admin\/"}]}},"_links":{"self":[{"href":"https:\/\/www.immobilienbusiness.ch\/it\/wp-json\/wp\/v2\/posts\/4057","targetHints":{"allow":["GET"]}}],"collection":[{"href":"https:\/\/www.immobilienbusiness.ch\/it\/wp-json\/wp\/v2\/posts"}],"about":[{"href":"https:\/\/www.immobilienbusiness.ch\/it\/wp-json\/wp\/v2\/types\/post"}],"author":[{"embeddable":true,"href":"https:\/\/www.immobilienbusiness.ch\/it\/wp-json\/wp\/v2\/users\/1"}],"replies":[{"embeddable":true,"href":"https:\/\/www.immobilienbusiness.ch\/it\/wp-json\/wp\/v2\/comments?post=4057"}],"version-history":[{"count":0,"href":"https:\/\/www.immobilienbusiness.ch\/it\/wp-json\/wp\/v2\/posts\/4057\/revisions"}],"wp:featuredmedia":[{"embeddable":true,"href":"https:\/\/www.immobilienbusiness.ch\/it\/wp-json\/wp\/v2\/media\/4058"}],"wp:attachment":[{"href":"https:\/\/www.immobilienbusiness.ch\/it\/wp-json\/wp\/v2\/media?parent=4057"}],"wp:term":[{"taxonomy":"category","embeddable":true,"href":"https:\/\/www.immobilienbusiness.ch\/it\/wp-json\/wp\/v2\/categories?post=4057"},{"taxonomy":"post_tag","embeddable":true,"href":"https:\/\/www.immobilienbusiness.ch\/it\/wp-json\/wp\/v2\/tags?post=4057"}],"curies":[{"name":"wp","href":"https:\/\/api.w.org\/{rel}","templated":true}]}}