{"id":40010,"date":"2022-02-11T08:59:38","date_gmt":"2022-02-11T07:59:38","guid":{"rendered":"https:\/\/www.immobilienbusiness.ch\/?p=40010"},"modified":"2022-02-17T10:03:22","modified_gmt":"2022-02-17T09:03:22","slug":"europas-groesstes-kapselhotel-eroeffnet-am-zuercher-flughafen","status":"publish","type":"post","link":"https:\/\/www.immobilienbusiness.ch\/it\/regionen\/2022-02-11\/europas-groesstes-kapselhotel-eroeffnet-am-zuercher-flughafen\/","title":{"rendered":"Il pi\u00f9 grande capsule hotel d'Europa apre all'aeroporto di Zurigo"},"content":{"rendered":"<figure id=\"attachment_40012\" aria-describedby=\"caption-attachment-40012\" style=\"width: 1200px\" class=\"wp-caption alignnone\"><a href=\"https:\/\/www.immobilienbusiness.ch\/wp-content\/uploads\/2022\/02\/f37aa68a-2e91-ea5e-81df-9542396650bd.png\"><img loading=\"lazy\" decoding=\"async\" class=\"size-full wp-image-40012\" src=\"https:\/\/www.immobilienbusiness.ch\/wp-content\/uploads\/2022\/02\/f37aa68a-2e91-ea5e-81df-9542396650bd.png\" alt=\"\" width=\"1200\" height=\"800\" srcset=\"https:\/\/www.immobilienbusiness.ch\/wp-content\/uploads\/2022\/02\/f37aa68a-2e91-ea5e-81df-9542396650bd.png 1200w, https:\/\/www.immobilienbusiness.ch\/wp-content\/uploads\/2022\/02\/f37aa68a-2e91-ea5e-81df-9542396650bd-300x200.png 300w, https:\/\/www.immobilienbusiness.ch\/wp-content\/uploads\/2022\/02\/f37aa68a-2e91-ea5e-81df-9542396650bd-1024x683.png 1024w, https:\/\/www.immobilienbusiness.ch\/wp-content\/uploads\/2022\/02\/f37aa68a-2e91-ea5e-81df-9542396650bd-768x512.png 768w, https:\/\/www.immobilienbusiness.ch\/wp-content\/uploads\/2022\/02\/f37aa68a-2e91-ea5e-81df-9542396650bd-18x12.png 18w, https:\/\/www.immobilienbusiness.ch\/wp-content\/uploads\/2022\/02\/f37aa68a-2e91-ea5e-81df-9542396650bd-263x175.png 263w, https:\/\/www.immobilienbusiness.ch\/wp-content\/uploads\/2022\/02\/f37aa68a-2e91-ea5e-81df-9542396650bd-525x350.png 525w, https:\/\/www.immobilienbusiness.ch\/wp-content\/uploads\/2022\/02\/f37aa68a-2e91-ea5e-81df-9542396650bd-920x613.png 920w\" sizes=\"auto, (max-width: 1200px) 100vw, 1200px\" \/><\/a><figcaption id=\"caption-attachment-40012\" class=\"wp-caption-text\">Vista all'interno del nuovo Capsule Hotel all'aeroporto di Zurigo (Fonte: Capsule Hotel)<\/figcaption><\/figure>\n<p>Nel Primecenter dell'aeroporto di Zurigo, proprio di fronte al Check-in 1, il Capsule Hotel Alpine Garden ha aperto le sue porte. Con 1.100 metri quadrati e 144 letti, \u00e8 il pi\u00f9 grande hotel di questo tipo in Europa, dicono gli operatori.<\/p>\n<p>Oltre alle 144 capsule per dormire, ognuna di circa 2 metri quadrati, che sono state sviluppate e prodotte in Svizzera, l'hotel include anche zone di incontro, un'area benessere, strutture di catering e opportunit\u00e0 di coworking. L'interno dell'hotel \u00e8 stato progettato con immagini delle Alpi svizzere dal fotografo naturalista Fabio Zingg.<\/p>\n<p>Gli hotel a capsule sono diffusi da molti anni, soprattutto in Giappone, e si trovano spesso vicino alle grandi stazioni ferroviarie. Sono nati dalla necessit\u00e0 di alloggi economici nelle citt\u00e0 con una grande mancanza di spazio. Gli hotel con cabine letto sono utilizzati principalmente da chi viaggia per affari. In Svizzera, gli hotel a capsule esistono da qualche anno; gli operatori della nuova casa all'aeroporto di Zurigo gestiscono anche una casa ciascuno a Basilea e Lucerna. <em>(ah)<\/em><\/p>","protected":false},"excerpt":{"rendered":"<p>All'aeroporto di Zurigo apre il \"Capsule Hotel Alpine Garden\", attualmente il pi\u00f9 grande hotel a capsule in Europa, secondo i gestori.<\/p>","protected":false},"author":3,"featured_media":40012,"comment_status":"closed","ping_status":"closed","sticky":false,"template":"","format":"standard","meta":{"_acf_changed":false,"_yoast_wpseo_focuskw":"Kapselhotel","_yoast_wpseo_title":"","_yoast_wpseo_metadesc":"Am Flughafen Z\u00fcrich \u00f6ffnet das \u00abCapsule Hotel Alpine Garden\u00bb - das derzeit gr\u00f6sste Kapselhotel in Europa, so die Betreiber.","_yoast_wpseo_linkdex":51,"pgc_sgb_lightbox_settings":"","footnotes":""},"categories":[985],"tags":[1231,1313],"class_list":["post-40010","post","type-post","status-publish","format-standard","has-post-thumbnail","hentry","category-regionen","tag-flughafen-zuerich","tag-hotel"],"acf":[],"yoast_head":"<!-- This site is optimized with the Yoast SEO plugin v27.4 - https:\/\/yoast.com\/product\/yoast-seo-wordpress\/ -->\n<title>Europas gr\u00f6sstes Kapselhotel er\u00f6ffnet am Z\u00fcrcher Flughafen - IMMOBILIEN Business<\/title>\n<meta name=\"description\" content=\"Am Flughafen Z\u00fcrich \u00f6ffnet das \u00abCapsule Hotel Alpine Garden\u00bb - das derzeit gr\u00f6sste Kapselhotel in Europa, so die Betreiber.\" \/>\n<meta name=\"robots\" content=\"index, follow, max-snippet:-1, max-image-preview:large, max-video-preview:-1\" \/>\n<link rel=\"canonical\" href=\"https:\/\/www.immobilienbusiness.ch\/it\/regionen\/2022-02-11\/europas-groesstes-kapselhotel-eroeffnet-am-zuercher-flughafen\/\" \/>\n<meta property=\"og:locale\" content=\"it_IT\" \/>\n<meta property=\"og:type\" content=\"article\" \/>\n<meta property=\"og:title\" content=\"Europas gr\u00f6sstes Kapselhotel er\u00f6ffnet am Z\u00fcrcher Flughafen - IMMOBILIEN Business\" \/>\n<meta property=\"og:description\" content=\"Am Flughafen Z\u00fcrich \u00f6ffnet das \u00abCapsule Hotel Alpine Garden\u00bb - das derzeit gr\u00f6sste Kapselhotel in Europa, so die Betreiber.\" \/>\n<meta property=\"og:url\" content=\"https:\/\/www.immobilienbusiness.ch\/it\/regionen\/2022-02-11\/europas-groesstes-kapselhotel-eroeffnet-am-zuercher-flughafen\/\" \/>\n<meta property=\"og:site_name\" content=\"IMMOBILIEN Business\" \/>\n<meta property=\"article:publisher\" content=\"https:\/\/www.facebook.com\/immobilienbusiness\/\" \/>\n<meta property=\"article:published_time\" content=\"2022-02-11T07:59:38+00:00\" \/>\n<meta property=\"article:modified_time\" content=\"2022-02-17T09:03:22+00:00\" \/>\n<meta property=\"og:image\" content=\"https:\/\/www.immobilienbusiness.ch\/wp-content\/uploads\/2022\/02\/f37aa68a-2e91-ea5e-81df-9542396650bd.png\" \/>\n\t<meta property=\"og:image:width\" content=\"1200\" \/>\n\t<meta property=\"og:image:height\" content=\"800\" \/>\n\t<meta property=\"og:image:type\" content=\"image\/png\" \/>\n<meta name=\"author\" content=\"anja.hall\" \/>\n<meta name=\"twitter:card\" content=\"summary_large_image\" \/>\n<meta name=\"twitter:image\" content=\"https:\/\/www.immobilienbusiness.ch\/wp-content\/uploads\/2022\/02\/f37aa68a-2e91-ea5e-81df-9542396650bd.png\" \/>\n<script type=\"application\/ld+json\" class=\"yoast-schema-graph\">{\"@context\":\"https:\\\/\\\/schema.org\",\"@graph\":[{\"@type\":\"Article\",\"@id\":\"https:\\\/\\\/www.immobilienbusiness.ch\\\/regionen\\\/2022-02-11\\\/europas-groesstes-kapselhotel-eroeffnet-am-zuercher-flughafen\\\/#article\",\"isPartOf\":{\"@id\":\"https:\\\/\\\/www.immobilienbusiness.ch\\\/regionen\\\/2022-02-11\\\/europas-groesstes-kapselhotel-eroeffnet-am-zuercher-flughafen\\\/\"},\"author\":{\"name\":\"anja.hall\",\"@id\":\"https:\\\/\\\/www.immobilienbusiness.ch\\\/#\\\/schema\\\/person\\\/3fc036297b10b9f42d6db5ee932af8c8\"},\"headline\":\"Europas gr\u00f6sstes Kapselhotel er\u00f6ffnet am Z\u00fcrcher Flughafen\",\"datePublished\":\"2022-02-11T07:59:38+00:00\",\"dateModified\":\"2022-02-17T09:03:22+00:00\",\"mainEntityOfPage\":{\"@id\":\"https:\\\/\\\/www.immobilienbusiness.ch\\\/regionen\\\/2022-02-11\\\/europas-groesstes-kapselhotel-eroeffnet-am-zuercher-flughafen\\\/\"},\"wordCount\":192,\"publisher\":{\"@id\":\"https:\\\/\\\/www.immobilienbusiness.ch\\\/#organization\"},\"image\":{\"@id\":\"https:\\\/\\\/www.immobilienbusiness.ch\\\/regionen\\\/2022-02-11\\\/europas-groesstes-kapselhotel-eroeffnet-am-zuercher-flughafen\\\/#primaryimage\"},\"thumbnailUrl\":\"https:\\\/\\\/www.immobilienbusiness.ch\\\/wp-content\\\/uploads\\\/2022\\\/02\\\/f37aa68a-2e91-ea5e-81df-9542396650bd.png\",\"keywords\":[\"Flughafen Z\u00fcrich\",\"Hotel\"],\"articleSection\":[\"REGIONEN\"],\"inLanguage\":\"it-IT\"},{\"@type\":\"WebPage\",\"@id\":\"https:\\\/\\\/www.immobilienbusiness.ch\\\/regionen\\\/2022-02-11\\\/europas-groesstes-kapselhotel-eroeffnet-am-zuercher-flughafen\\\/\",\"url\":\"https:\\\/\\\/www.immobilienbusiness.ch\\\/regionen\\\/2022-02-11\\\/europas-groesstes-kapselhotel-eroeffnet-am-zuercher-flughafen\\\/\",\"name\":\"Europas gr\u00f6sstes Kapselhotel er\u00f6ffnet am Z\u00fcrcher Flughafen - IMMOBILIEN Business\",\"isPartOf\":{\"@id\":\"https:\\\/\\\/www.immobilienbusiness.ch\\\/#website\"},\"primaryImageOfPage\":{\"@id\":\"https:\\\/\\\/www.immobilienbusiness.ch\\\/regionen\\\/2022-02-11\\\/europas-groesstes-kapselhotel-eroeffnet-am-zuercher-flughafen\\\/#primaryimage\"},\"image\":{\"@id\":\"https:\\\/\\\/www.immobilienbusiness.ch\\\/regionen\\\/2022-02-11\\\/europas-groesstes-kapselhotel-eroeffnet-am-zuercher-flughafen\\\/#primaryimage\"},\"thumbnailUrl\":\"https:\\\/\\\/www.immobilienbusiness.ch\\\/wp-content\\\/uploads\\\/2022\\\/02\\\/f37aa68a-2e91-ea5e-81df-9542396650bd.png\",\"datePublished\":\"2022-02-11T07:59:38+00:00\",\"dateModified\":\"2022-02-17T09:03:22+00:00\",\"description\":\"Am Flughafen Z\u00fcrich \u00f6ffnet das \u00abCapsule Hotel Alpine Garden\u00bb - das derzeit gr\u00f6sste Kapselhotel in Europa, so die Betreiber.\",\"breadcrumb\":{\"@id\":\"https:\\\/\\\/www.immobilienbusiness.ch\\\/regionen\\\/2022-02-11\\\/europas-groesstes-kapselhotel-eroeffnet-am-zuercher-flughafen\\\/#breadcrumb\"},\"inLanguage\":\"it-IT\",\"potentialAction\":[{\"@type\":\"ReadAction\",\"target\":[\"https:\\\/\\\/www.immobilienbusiness.ch\\\/regionen\\\/2022-02-11\\\/europas-groesstes-kapselhotel-eroeffnet-am-zuercher-flughafen\\\/\"]}]},{\"@type\":\"ImageObject\",\"inLanguage\":\"it-IT\",\"@id\":\"https:\\\/\\\/www.immobilienbusiness.ch\\\/regionen\\\/2022-02-11\\\/europas-groesstes-kapselhotel-eroeffnet-am-zuercher-flughafen\\\/#primaryimage\",\"url\":\"https:\\\/\\\/www.immobilienbusiness.ch\\\/wp-content\\\/uploads\\\/2022\\\/02\\\/f37aa68a-2e91-ea5e-81df-9542396650bd.png\",\"contentUrl\":\"https:\\\/\\\/www.immobilienbusiness.ch\\\/wp-content\\\/uploads\\\/2022\\\/02\\\/f37aa68a-2e91-ea5e-81df-9542396650bd.png\",\"width\":1200,\"height\":800,\"caption\":\"Blick ins Innere des neuen Kapselhotels am Flughafen Z\u00fcrich (QUelle: Capsule Hotel)\"},{\"@type\":\"BreadcrumbList\",\"@id\":\"https:\\\/\\\/www.immobilienbusiness.ch\\\/regionen\\\/2022-02-11\\\/europas-groesstes-kapselhotel-eroeffnet-am-zuercher-flughafen\\\/#breadcrumb\",\"itemListElement\":[{\"@type\":\"ListItem\",\"position\":1,\"name\":\"Home\",\"item\":\"https:\\\/\\\/www.immobilienbusiness.ch\\\/\"},{\"@type\":\"ListItem\",\"position\":2,\"name\":\"Europas gr\u00f6sstes Kapselhotel er\u00f6ffnet am Z\u00fcrcher Flughafen\"}]},{\"@type\":\"WebSite\",\"@id\":\"https:\\\/\\\/www.immobilienbusiness.ch\\\/#website\",\"url\":\"https:\\\/\\\/www.immobilienbusiness.ch\\\/\",\"name\":\"IMMOBILIEN Business\",\"description\":\"Unabh\u00e4ngiges Schweizer Wirtschaftsmagazin mit Fokus auf Immobilien, Architektur- und Bau sowie Investment- und Finanzierung.\",\"publisher\":{\"@id\":\"https:\\\/\\\/www.immobilienbusiness.ch\\\/#organization\"},\"potentialAction\":[{\"@type\":\"SearchAction\",\"target\":{\"@type\":\"EntryPoint\",\"urlTemplate\":\"https:\\\/\\\/www.immobilienbusiness.ch\\\/?s={search_term_string}\"},\"query-input\":{\"@type\":\"PropertyValueSpecification\",\"valueRequired\":true,\"valueName\":\"search_term_string\"}}],\"inLanguage\":\"it-IT\"},{\"@type\":\"Organization\",\"@id\":\"https:\\\/\\\/www.immobilienbusiness.ch\\\/#organization\",\"name\":\"IMMOBILIEN Business\",\"url\":\"https:\\\/\\\/www.immobilienbusiness.ch\\\/\",\"logo\":{\"@type\":\"ImageObject\",\"inLanguage\":\"it-IT\",\"@id\":\"https:\\\/\\\/www.immobilienbusiness.ch\\\/#\\\/schema\\\/logo\\\/image\\\/\",\"url\":\"https:\\\/\\\/www.immobilienbusiness.ch\\\/wp-content\\\/uploads\\\/2021\\\/07\\\/logo_ib.png\",\"contentUrl\":\"https:\\\/\\\/www.immobilienbusiness.ch\\\/wp-content\\\/uploads\\\/2021\\\/07\\\/logo_ib.png\",\"width\":800,\"height\":181,\"caption\":\"IMMOBILIEN Business\"},\"image\":{\"@id\":\"https:\\\/\\\/www.immobilienbusiness.ch\\\/#\\\/schema\\\/logo\\\/image\\\/\"},\"sameAs\":[\"https:\\\/\\\/www.facebook.com\\\/immobilienbusiness\\\/\"]},{\"@type\":\"Person\",\"@id\":\"https:\\\/\\\/www.immobilienbusiness.ch\\\/#\\\/schema\\\/person\\\/3fc036297b10b9f42d6db5ee932af8c8\",\"name\":\"anja.hall\",\"image\":{\"@type\":\"ImageObject\",\"inLanguage\":\"it-IT\",\"@id\":\"https:\\\/\\\/secure.gravatar.com\\\/avatar\\\/066b5a0d447013502c71a5782f4f3469f03cfe595cc2329fb94652fe47511bfb?s=96&d=mm&r=g\",\"url\":\"https:\\\/\\\/secure.gravatar.com\\\/avatar\\\/066b5a0d447013502c71a5782f4f3469f03cfe595cc2329fb94652fe47511bfb?s=96&d=mm&r=g\",\"contentUrl\":\"https:\\\/\\\/secure.gravatar.com\\\/avatar\\\/066b5a0d447013502c71a5782f4f3469f03cfe595cc2329fb94652fe47511bfb?s=96&d=mm&r=g\",\"caption\":\"anja.hall\"},\"url\":\"https:\\\/\\\/www.immobilienbusiness.ch\\\/it\\\/author\\\/anja-hall\\\/\"}]}<\/script>\n<!-- \/ Yoast SEO plugin. -->","yoast_head_json":{"title":"Europas gr\u00f6sstes Kapselhotel er\u00f6ffnet am Z\u00fcrcher Flughafen - IMMOBILIEN Business","description":"Il \"Capsule Hotel Alpine Garden\" apre all'aeroporto di Zurigo - attualmente il pi\u00f9 grande hotel a capsule in Europa, secondo gli operatori.","robots":{"index":"index","follow":"follow","max-snippet":"max-snippet:-1","max-image-preview":"max-image-preview:large","max-video-preview":"max-video-preview:-1"},"canonical":"https:\/\/www.immobilienbusiness.ch\/it\/regionen\/2022-02-11\/europas-groesstes-kapselhotel-eroeffnet-am-zuercher-flughafen\/","og_locale":"it_IT","og_type":"article","og_title":"Europas gr\u00f6sstes Kapselhotel er\u00f6ffnet am Z\u00fcrcher Flughafen - IMMOBILIEN Business","og_description":"Am Flughafen Z\u00fcrich \u00f6ffnet das \u00abCapsule Hotel Alpine Garden\u00bb - das derzeit gr\u00f6sste Kapselhotel in Europa, so die Betreiber.","og_url":"https:\/\/www.immobilienbusiness.ch\/it\/regionen\/2022-02-11\/europas-groesstes-kapselhotel-eroeffnet-am-zuercher-flughafen\/","og_site_name":"IMMOBILIEN Business","article_publisher":"https:\/\/www.facebook.com\/immobilienbusiness\/","article_published_time":"2022-02-11T07:59:38+00:00","article_modified_time":"2022-02-17T09:03:22+00:00","og_image":[{"width":1200,"height":800,"url":"https:\/\/www.immobilienbusiness.ch\/wp-content\/uploads\/2022\/02\/f37aa68a-2e91-ea5e-81df-9542396650bd.png","type":"image\/png"}],"author":"anja.hall","twitter_card":"summary_large_image","twitter_image":"https:\/\/www.immobilienbusiness.ch\/wp-content\/uploads\/2022\/02\/f37aa68a-2e91-ea5e-81df-9542396650bd.png","schema":{"@context":"https:\/\/schema.org","@graph":[{"@type":"Article","@id":"https:\/\/www.immobilienbusiness.ch\/regionen\/2022-02-11\/europas-groesstes-kapselhotel-eroeffnet-am-zuercher-flughafen\/#article","isPartOf":{"@id":"https:\/\/www.immobilienbusiness.ch\/regionen\/2022-02-11\/europas-groesstes-kapselhotel-eroeffnet-am-zuercher-flughafen\/"},"author":{"name":"anja.hall","@id":"https:\/\/www.immobilienbusiness.ch\/#\/schema\/person\/3fc036297b10b9f42d6db5ee932af8c8"},"headline":"Europas gr\u00f6sstes Kapselhotel er\u00f6ffnet am Z\u00fcrcher Flughafen","datePublished":"2022-02-11T07:59:38+00:00","dateModified":"2022-02-17T09:03:22+00:00","mainEntityOfPage":{"@id":"https:\/\/www.immobilienbusiness.ch\/regionen\/2022-02-11\/europas-groesstes-kapselhotel-eroeffnet-am-zuercher-flughafen\/"},"wordCount":192,"publisher":{"@id":"https:\/\/www.immobilienbusiness.ch\/#organization"},"image":{"@id":"https:\/\/www.immobilienbusiness.ch\/regionen\/2022-02-11\/europas-groesstes-kapselhotel-eroeffnet-am-zuercher-flughafen\/#primaryimage"},"thumbnailUrl":"https:\/\/www.immobilienbusiness.ch\/wp-content\/uploads\/2022\/02\/f37aa68a-2e91-ea5e-81df-9542396650bd.png","keywords":["Flughafen Z\u00fcrich","Hotel"],"articleSection":["REGIONEN"],"inLanguage":"it-IT"},{"@type":"WebPage","@id":"https:\/\/www.immobilienbusiness.ch\/regionen\/2022-02-11\/europas-groesstes-kapselhotel-eroeffnet-am-zuercher-flughafen\/","url":"https:\/\/www.immobilienbusiness.ch\/regionen\/2022-02-11\/europas-groesstes-kapselhotel-eroeffnet-am-zuercher-flughafen\/","name":"Europas gr\u00f6sstes Kapselhotel er\u00f6ffnet am Z\u00fcrcher Flughafen - IMMOBILIEN Business","isPartOf":{"@id":"https:\/\/www.immobilienbusiness.ch\/#website"},"primaryImageOfPage":{"@id":"https:\/\/www.immobilienbusiness.ch\/regionen\/2022-02-11\/europas-groesstes-kapselhotel-eroeffnet-am-zuercher-flughafen\/#primaryimage"},"image":{"@id":"https:\/\/www.immobilienbusiness.ch\/regionen\/2022-02-11\/europas-groesstes-kapselhotel-eroeffnet-am-zuercher-flughafen\/#primaryimage"},"thumbnailUrl":"https:\/\/www.immobilienbusiness.ch\/wp-content\/uploads\/2022\/02\/f37aa68a-2e91-ea5e-81df-9542396650bd.png","datePublished":"2022-02-11T07:59:38+00:00","dateModified":"2022-02-17T09:03:22+00:00","description":"Il \"Capsule Hotel Alpine Garden\" apre all'aeroporto di Zurigo - attualmente il pi\u00f9 grande hotel a capsule in Europa, secondo gli operatori.","breadcrumb":{"@id":"https:\/\/www.immobilienbusiness.ch\/regionen\/2022-02-11\/europas-groesstes-kapselhotel-eroeffnet-am-zuercher-flughafen\/#breadcrumb"},"inLanguage":"it-IT","potentialAction":[{"@type":"ReadAction","target":["https:\/\/www.immobilienbusiness.ch\/regionen\/2022-02-11\/europas-groesstes-kapselhotel-eroeffnet-am-zuercher-flughafen\/"]}]},{"@type":"ImageObject","inLanguage":"it-IT","@id":"https:\/\/www.immobilienbusiness.ch\/regionen\/2022-02-11\/europas-groesstes-kapselhotel-eroeffnet-am-zuercher-flughafen\/#primaryimage","url":"https:\/\/www.immobilienbusiness.ch\/wp-content\/uploads\/2022\/02\/f37aa68a-2e91-ea5e-81df-9542396650bd.png","contentUrl":"https:\/\/www.immobilienbusiness.ch\/wp-content\/uploads\/2022\/02\/f37aa68a-2e91-ea5e-81df-9542396650bd.png","width":1200,"height":800,"caption":"Blick ins Innere des neuen Kapselhotels am Flughafen Z\u00fcrich (QUelle: Capsule Hotel)"},{"@type":"BreadcrumbList","@id":"https:\/\/www.immobilienbusiness.ch\/regionen\/2022-02-11\/europas-groesstes-kapselhotel-eroeffnet-am-zuercher-flughafen\/#breadcrumb","itemListElement":[{"@type":"ListItem","position":1,"name":"Home","item":"https:\/\/www.immobilienbusiness.ch\/"},{"@type":"ListItem","position":2,"name":"Europas gr\u00f6sstes Kapselhotel er\u00f6ffnet am Z\u00fcrcher Flughafen"}]},{"@type":"WebSite","@id":"https:\/\/www.immobilienbusiness.ch\/#website","url":"https:\/\/www.immobilienbusiness.ch\/","name":"Affari immobiliari","description":"Rivista economica indipendente svizzera che si concentra sul settore immobiliare, l'architettura e la costruzione, nonch\u00e9 sugli investimenti e i finanziamenti.","publisher":{"@id":"https:\/\/www.immobilienbusiness.ch\/#organization"},"potentialAction":[{"@type":"SearchAction","target":{"@type":"EntryPoint","urlTemplate":"https:\/\/www.immobilienbusiness.ch\/?s={search_term_string}"},"query-input":{"@type":"PropertyValueSpecification","valueRequired":true,"valueName":"search_term_string"}}],"inLanguage":"it-IT"},{"@type":"Organization","@id":"https:\/\/www.immobilienbusiness.ch\/#organization","name":"Affari immobiliari","url":"https:\/\/www.immobilienbusiness.ch\/","logo":{"@type":"ImageObject","inLanguage":"it-IT","@id":"https:\/\/www.immobilienbusiness.ch\/#\/schema\/logo\/image\/","url":"https:\/\/www.immobilienbusiness.ch\/wp-content\/uploads\/2021\/07\/logo_ib.png","contentUrl":"https:\/\/www.immobilienbusiness.ch\/wp-content\/uploads\/2021\/07\/logo_ib.png","width":800,"height":181,"caption":"IMMOBILIEN Business"},"image":{"@id":"https:\/\/www.immobilienbusiness.ch\/#\/schema\/logo\/image\/"},"sameAs":["https:\/\/www.facebook.com\/immobilienbusiness\/"]},{"@type":"Person","@id":"https:\/\/www.immobilienbusiness.ch\/#\/schema\/person\/3fc036297b10b9f42d6db5ee932af8c8","name":"anja.hall","image":{"@type":"ImageObject","inLanguage":"it-IT","@id":"https:\/\/secure.gravatar.com\/avatar\/066b5a0d447013502c71a5782f4f3469f03cfe595cc2329fb94652fe47511bfb?s=96&d=mm&r=g","url":"https:\/\/secure.gravatar.com\/avatar\/066b5a0d447013502c71a5782f4f3469f03cfe595cc2329fb94652fe47511bfb?s=96&d=mm&r=g","contentUrl":"https:\/\/secure.gravatar.com\/avatar\/066b5a0d447013502c71a5782f4f3469f03cfe595cc2329fb94652fe47511bfb?s=96&d=mm&r=g","caption":"anja.hall"},"url":"https:\/\/www.immobilienbusiness.ch\/it\/author\/anja-hall\/"}]}},"_links":{"self":[{"href":"https:\/\/www.immobilienbusiness.ch\/it\/wp-json\/wp\/v2\/posts\/40010","targetHints":{"allow":["GET"]}}],"collection":[{"href":"https:\/\/www.immobilienbusiness.ch\/it\/wp-json\/wp\/v2\/posts"}],"about":[{"href":"https:\/\/www.immobilienbusiness.ch\/it\/wp-json\/wp\/v2\/types\/post"}],"author":[{"embeddable":true,"href":"https:\/\/www.immobilienbusiness.ch\/it\/wp-json\/wp\/v2\/users\/3"}],"replies":[{"embeddable":true,"href":"https:\/\/www.immobilienbusiness.ch\/it\/wp-json\/wp\/v2\/comments?post=40010"}],"version-history":[{"count":3,"href":"https:\/\/www.immobilienbusiness.ch\/it\/wp-json\/wp\/v2\/posts\/40010\/revisions"}],"predecessor-version":[{"id":40064,"href":"https:\/\/www.immobilienbusiness.ch\/it\/wp-json\/wp\/v2\/posts\/40010\/revisions\/40064"}],"wp:featuredmedia":[{"embeddable":true,"href":"https:\/\/www.immobilienbusiness.ch\/it\/wp-json\/wp\/v2\/media\/40012"}],"wp:attachment":[{"href":"https:\/\/www.immobilienbusiness.ch\/it\/wp-json\/wp\/v2\/media?parent=40010"}],"wp:term":[{"taxonomy":"category","embeddable":true,"href":"https:\/\/www.immobilienbusiness.ch\/it\/wp-json\/wp\/v2\/categories?post=40010"},{"taxonomy":"post_tag","embeddable":true,"href":"https:\/\/www.immobilienbusiness.ch\/it\/wp-json\/wp\/v2\/tags?post=40010"}],"curies":[{"name":"wp","href":"https:\/\/api.w.org\/{rel}","templated":true}]}}