{"id":39938,"date":"2022-02-07T08:20:38","date_gmt":"2022-02-07T07:20:38","guid":{"rendered":"https:\/\/www.immobilienbusiness.ch\/?p=39938"},"modified":"2022-02-07T09:09:12","modified_gmt":"2022-02-07T08:09:12","slug":"eiref-fonds-sammelt-200-millionen-euro-ein","status":"publish","type":"post","link":"https:\/\/www.immobilienbusiness.ch\/it\/unternehmen\/2022-02-07\/eiref-fonds-sammelt-200-millionen-euro-ein\/","title":{"rendered":"Il fondo EIREF raccoglie 200 milioni di euro"},"content":{"rendered":"<figure id=\"attachment_39939\" aria-describedby=\"caption-attachment-39939\" style=\"width: 2560px\" class=\"wp-caption alignnone\"><a href=\"https:\/\/www.immobilienbusiness.ch\/wp-content\/uploads\/2022\/02\/EIREF-property-in-Etten-Leur-Netherlands-Copyright-Edmond-de-Rothschild-scaled.jpg\"><img loading=\"lazy\" decoding=\"async\" class=\"wp-image-39939 size-full\" src=\"https:\/\/www.immobilienbusiness.ch\/wp-content\/uploads\/2022\/02\/EIREF-property-in-Etten-Leur-Netherlands-Copyright-Edmond-de-Rothschild-scaled.jpg\" alt=\"\" width=\"2560\" height=\"1707\" srcset=\"https:\/\/www.immobilienbusiness.ch\/wp-content\/uploads\/2022\/02\/EIREF-property-in-Etten-Leur-Netherlands-Copyright-Edmond-de-Rothschild-scaled.jpg 1200w, https:\/\/www.immobilienbusiness.ch\/wp-content\/uploads\/2022\/02\/EIREF-property-in-Etten-Leur-Netherlands-Copyright-Edmond-de-Rothschild-300x200.jpg 300w, https:\/\/www.immobilienbusiness.ch\/wp-content\/uploads\/2022\/02\/EIREF-property-in-Etten-Leur-Netherlands-Copyright-Edmond-de-Rothschild-1024x683.jpg 1024w, https:\/\/www.immobilienbusiness.ch\/wp-content\/uploads\/2022\/02\/EIREF-property-in-Etten-Leur-Netherlands-Copyright-Edmond-de-Rothschild-768x512.jpg 768w, https:\/\/www.immobilienbusiness.ch\/wp-content\/uploads\/2022\/02\/EIREF-property-in-Etten-Leur-Netherlands-Copyright-Edmond-de-Rothschild-1536x1024.jpg 1536w, https:\/\/www.immobilienbusiness.ch\/wp-content\/uploads\/2022\/02\/EIREF-property-in-Etten-Leur-Netherlands-Copyright-Edmond-de-Rothschild-2048x1366.jpg 2048w, https:\/\/www.immobilienbusiness.ch\/wp-content\/uploads\/2022\/02\/EIREF-property-in-Etten-Leur-Netherlands-Copyright-Edmond-de-Rothschild-18x12.jpg 18w, https:\/\/www.immobilienbusiness.ch\/wp-content\/uploads\/2022\/02\/EIREF-property-in-Etten-Leur-Netherlands-Copyright-Edmond-de-Rothschild-262x175.jpg 262w, https:\/\/www.immobilienbusiness.ch\/wp-content\/uploads\/2022\/02\/EIREF-property-in-Etten-Leur-Netherlands-Copyright-Edmond-de-Rothschild-525x350.jpg 525w, https:\/\/www.immobilienbusiness.ch\/wp-content\/uploads\/2022\/02\/EIREF-property-in-Etten-Leur-Netherlands-Copyright-Edmond-de-Rothschild-920x613.jpg 920w\" sizes=\"auto, (max-width: 2560px) 100vw, 2560px\" \/><\/a><figcaption id=\"caption-attachment-39939\" class=\"wp-caption-text\">Propriet\u00e0 EIREF nei Paesi Bassi (Fonte: Edmond de Rothschild)<\/figcaption><\/figure>\n<p>Secondo Edmond de Rothschild REIM, i nuovi impegni di capitale, che aumentano il patrimonio netto del fondo immobiliare industriale a 340 milioni di euro e il suo volume di investimenti a 500 milioni di euro, provengono da \"un certo numero di grandi investitori tedeschi, alcuni clienti istituzionali e privati di Edmond de Rothschild, cos\u00ec come diversi investitori esistenti nel fondo\".<\/p>\n<p>Il fondo Edmond de Rothschild Euro Industrial Real Estate Fund (EIREF) \u00e8 stato lanciato nel dicembre 2018. Investe in propriet\u00e0 industriali leggere e piccole propriet\u00e0 logistiche in aree metropolitane nei paesi del Benelux, Germania e Francia. Il fondo mira a beneficiare della crescita dell'e-commerce, della consegna dell'ultimo miglio e del reshoring, secondo Edmond de Rothschild REIM. Il primo investitore principale \u00e8 stato Credit Suisse Asset Management con un co-investimento di Edmond de Rothschild.<\/p>\n<p>Secondo il gestore del fondo Theo Soeters, EIREF vuole crescere ulteriormente con il denaro fresco e diversificare in Francia. Allo stesso tempo, vuole investire nei paesi del Benelux e in Germania. Il portafoglio dovrebbe raggiungere un volume di 500 milioni di euro nel 2023. Il fondo con un profilo di rischio core-plus ha attualmente un portafoglio di 28 attivit\u00e0 per un valore di 220 milioni di euro.<\/p>","protected":false},"excerpt":{"rendered":"<p>Edmond de Rothschild REIM ha raccolto 200 milioni di euro di capitale per il fondo Edmond de Rothschild Euro Industrial Real Estate Fund.<\/p>","protected":false},"author":3,"featured_media":39939,"comment_status":"closed","ping_status":"closed","sticky":false,"template":"","format":"standard","meta":{"_acf_changed":false,"_yoast_wpseo_focuskw":"EIREF","_yoast_wpseo_title":"","_yoast_wpseo_metadesc":"Edmond de Rothschild REIM hat 200 Mio. Euro Eigenkapital f\u00fcr den Edmond de Rothschild Euro Industrial Real Estate Fund eingeworben.","_yoast_wpseo_linkdex":54,"pgc_sgb_lightbox_settings":"","footnotes":""},"categories":[988],"tags":[1344,1412,1452],"class_list":["post-39938","post","type-post","status-publish","format-standard","has-post-thumbnail","hentry","category-unternehmen","tag-immobilienfonds","tag-kapitalerhoehung","tag-logistikimmobilien"],"acf":[],"yoast_head":"<!-- This site is optimized with the Yoast SEO plugin v27.4 - https:\/\/yoast.com\/product\/yoast-seo-wordpress\/ -->\n<title>EIREF-Fonds sammelt 200 Millionen Euro ein - IMMOBILIEN Business<\/title>\n<meta name=\"description\" content=\"Edmond de Rothschild REIM hat 200 Mio. Euro Eigenkapital f\u00fcr den Edmond de Rothschild Euro Industrial Real Estate Fund eingeworben.\" \/>\n<meta name=\"robots\" content=\"index, follow, max-snippet:-1, max-image-preview:large, max-video-preview:-1\" \/>\n<link rel=\"canonical\" href=\"https:\/\/www.immobilienbusiness.ch\/it\/unternehmen\/2022-02-07\/eiref-fonds-sammelt-200-millionen-euro-ein\/\" \/>\n<meta property=\"og:locale\" content=\"it_IT\" \/>\n<meta property=\"og:type\" content=\"article\" \/>\n<meta property=\"og:title\" content=\"EIREF-Fonds sammelt 200 Millionen Euro ein - IMMOBILIEN Business\" \/>\n<meta property=\"og:description\" content=\"Edmond de Rothschild REIM hat 200 Mio. Euro Eigenkapital f\u00fcr den Edmond de Rothschild Euro Industrial Real Estate Fund eingeworben.\" \/>\n<meta property=\"og:url\" content=\"https:\/\/www.immobilienbusiness.ch\/it\/unternehmen\/2022-02-07\/eiref-fonds-sammelt-200-millionen-euro-ein\/\" \/>\n<meta property=\"og:site_name\" content=\"IMMOBILIEN Business\" \/>\n<meta property=\"article:publisher\" content=\"https:\/\/www.facebook.com\/immobilienbusiness\/\" \/>\n<meta property=\"article:published_time\" content=\"2022-02-07T07:20:38+00:00\" \/>\n<meta property=\"article:modified_time\" content=\"2022-02-07T08:09:12+00:00\" \/>\n<meta property=\"og:image\" content=\"https:\/\/www.immobilienbusiness.ch\/wp-content\/uploads\/2022\/02\/EIREF-property-in-Etten-Leur-Netherlands-Copyright-Edmond-de-Rothschild-scaled.jpg\" \/>\n\t<meta property=\"og:image:width\" content=\"1200\" \/>\n\t<meta property=\"og:image:height\" content=\"800\" \/>\n\t<meta property=\"og:image:type\" content=\"image\/jpeg\" \/>\n<meta name=\"author\" content=\"anja.hall\" \/>\n<meta name=\"twitter:card\" content=\"summary_large_image\" \/>\n<meta name=\"twitter:image\" content=\"https:\/\/www.immobilienbusiness.ch\/wp-content\/uploads\/2022\/02\/EIREF-property-in-Etten-Leur-Netherlands-Copyright-Edmond-de-Rothschild-scaled.jpg\" \/>\n<script type=\"application\/ld+json\" class=\"yoast-schema-graph\">{\"@context\":\"https:\\\/\\\/schema.org\",\"@graph\":[{\"@type\":\"Article\",\"@id\":\"https:\\\/\\\/www.immobilienbusiness.ch\\\/fr\\\/unternehmen\\\/2022-02-07\\\/eiref-fonds-sammelt-200-millionen-euro-ein\\\/#article\",\"isPartOf\":{\"@id\":\"https:\\\/\\\/www.immobilienbusiness.ch\\\/fr\\\/unternehmen\\\/2022-02-07\\\/eiref-fonds-sammelt-200-millionen-euro-ein\\\/\"},\"author\":{\"name\":\"anja.hall\",\"@id\":\"https:\\\/\\\/www.immobilienbusiness.ch\\\/#\\\/schema\\\/person\\\/3fc036297b10b9f42d6db5ee932af8c8\"},\"headline\":\"EIREF-Fonds sammelt 200 Millionen Euro ein\",\"datePublished\":\"2022-02-07T07:20:38+00:00\",\"dateModified\":\"2022-02-07T08:09:12+00:00\",\"mainEntityOfPage\":{\"@id\":\"https:\\\/\\\/www.immobilienbusiness.ch\\\/fr\\\/unternehmen\\\/2022-02-07\\\/eiref-fonds-sammelt-200-millionen-euro-ein\\\/\"},\"wordCount\":185,\"publisher\":{\"@id\":\"https:\\\/\\\/www.immobilienbusiness.ch\\\/#organization\"},\"image\":{\"@id\":\"https:\\\/\\\/www.immobilienbusiness.ch\\\/fr\\\/unternehmen\\\/2022-02-07\\\/eiref-fonds-sammelt-200-millionen-euro-ein\\\/#primaryimage\"},\"thumbnailUrl\":\"https:\\\/\\\/www.immobilienbusiness.ch\\\/wp-content\\\/uploads\\\/2022\\\/02\\\/EIREF-property-in-Etten-Leur-Netherlands-Copyright-Edmond-de-Rothschild-scaled.jpg\",\"keywords\":[\"Immobilienfonds\",\"Kapitalerh\u00f6hung\",\"Logistikimmobilien\"],\"articleSection\":[\"UNTERNEHMEN\"],\"inLanguage\":\"it-IT\"},{\"@type\":\"WebPage\",\"@id\":\"https:\\\/\\\/www.immobilienbusiness.ch\\\/fr\\\/unternehmen\\\/2022-02-07\\\/eiref-fonds-sammelt-200-millionen-euro-ein\\\/\",\"url\":\"https:\\\/\\\/www.immobilienbusiness.ch\\\/fr\\\/unternehmen\\\/2022-02-07\\\/eiref-fonds-sammelt-200-millionen-euro-ein\\\/\",\"name\":\"EIREF-Fonds sammelt 200 Millionen Euro ein - IMMOBILIEN Business\",\"isPartOf\":{\"@id\":\"https:\\\/\\\/www.immobilienbusiness.ch\\\/#website\"},\"primaryImageOfPage\":{\"@id\":\"https:\\\/\\\/www.immobilienbusiness.ch\\\/fr\\\/unternehmen\\\/2022-02-07\\\/eiref-fonds-sammelt-200-millionen-euro-ein\\\/#primaryimage\"},\"image\":{\"@id\":\"https:\\\/\\\/www.immobilienbusiness.ch\\\/fr\\\/unternehmen\\\/2022-02-07\\\/eiref-fonds-sammelt-200-millionen-euro-ein\\\/#primaryimage\"},\"thumbnailUrl\":\"https:\\\/\\\/www.immobilienbusiness.ch\\\/wp-content\\\/uploads\\\/2022\\\/02\\\/EIREF-property-in-Etten-Leur-Netherlands-Copyright-Edmond-de-Rothschild-scaled.jpg\",\"datePublished\":\"2022-02-07T07:20:38+00:00\",\"dateModified\":\"2022-02-07T08:09:12+00:00\",\"description\":\"Edmond de Rothschild REIM hat 200 Mio. Euro Eigenkapital f\u00fcr den Edmond de Rothschild Euro Industrial Real Estate Fund eingeworben.\",\"breadcrumb\":{\"@id\":\"https:\\\/\\\/www.immobilienbusiness.ch\\\/fr\\\/unternehmen\\\/2022-02-07\\\/eiref-fonds-sammelt-200-millionen-euro-ein\\\/#breadcrumb\"},\"inLanguage\":\"it-IT\",\"potentialAction\":[{\"@type\":\"ReadAction\",\"target\":[\"https:\\\/\\\/www.immobilienbusiness.ch\\\/fr\\\/unternehmen\\\/2022-02-07\\\/eiref-fonds-sammelt-200-millionen-euro-ein\\\/\"]}]},{\"@type\":\"ImageObject\",\"inLanguage\":\"it-IT\",\"@id\":\"https:\\\/\\\/www.immobilienbusiness.ch\\\/fr\\\/unternehmen\\\/2022-02-07\\\/eiref-fonds-sammelt-200-millionen-euro-ein\\\/#primaryimage\",\"url\":\"https:\\\/\\\/www.immobilienbusiness.ch\\\/wp-content\\\/uploads\\\/2022\\\/02\\\/EIREF-property-in-Etten-Leur-Netherlands-Copyright-Edmond-de-Rothschild-scaled.jpg\",\"contentUrl\":\"https:\\\/\\\/www.immobilienbusiness.ch\\\/wp-content\\\/uploads\\\/2022\\\/02\\\/EIREF-property-in-Etten-Leur-Netherlands-Copyright-Edmond-de-Rothschild-scaled.jpg\",\"width\":1200,\"height\":800},{\"@type\":\"BreadcrumbList\",\"@id\":\"https:\\\/\\\/www.immobilienbusiness.ch\\\/fr\\\/unternehmen\\\/2022-02-07\\\/eiref-fonds-sammelt-200-millionen-euro-ein\\\/#breadcrumb\",\"itemListElement\":[{\"@type\":\"ListItem\",\"position\":1,\"name\":\"Home\",\"item\":\"https:\\\/\\\/www.immobilienbusiness.ch\\\/\"},{\"@type\":\"ListItem\",\"position\":2,\"name\":\"EIREF-Fonds sammelt 200 Millionen Euro ein\"}]},{\"@type\":\"WebSite\",\"@id\":\"https:\\\/\\\/www.immobilienbusiness.ch\\\/#website\",\"url\":\"https:\\\/\\\/www.immobilienbusiness.ch\\\/\",\"name\":\"IMMOBILIEN Business\",\"description\":\"Unabh\u00e4ngiges Schweizer Wirtschaftsmagazin mit Fokus auf Immobilien, Architektur- und Bau sowie Investment- und Finanzierung.\",\"publisher\":{\"@id\":\"https:\\\/\\\/www.immobilienbusiness.ch\\\/#organization\"},\"potentialAction\":[{\"@type\":\"SearchAction\",\"target\":{\"@type\":\"EntryPoint\",\"urlTemplate\":\"https:\\\/\\\/www.immobilienbusiness.ch\\\/?s={search_term_string}\"},\"query-input\":{\"@type\":\"PropertyValueSpecification\",\"valueRequired\":true,\"valueName\":\"search_term_string\"}}],\"inLanguage\":\"it-IT\"},{\"@type\":\"Organization\",\"@id\":\"https:\\\/\\\/www.immobilienbusiness.ch\\\/#organization\",\"name\":\"IMMOBILIEN Business\",\"url\":\"https:\\\/\\\/www.immobilienbusiness.ch\\\/\",\"logo\":{\"@type\":\"ImageObject\",\"inLanguage\":\"it-IT\",\"@id\":\"https:\\\/\\\/www.immobilienbusiness.ch\\\/#\\\/schema\\\/logo\\\/image\\\/\",\"url\":\"https:\\\/\\\/www.immobilienbusiness.ch\\\/wp-content\\\/uploads\\\/2021\\\/07\\\/logo_ib.png\",\"contentUrl\":\"https:\\\/\\\/www.immobilienbusiness.ch\\\/wp-content\\\/uploads\\\/2021\\\/07\\\/logo_ib.png\",\"width\":800,\"height\":181,\"caption\":\"IMMOBILIEN Business\"},\"image\":{\"@id\":\"https:\\\/\\\/www.immobilienbusiness.ch\\\/#\\\/schema\\\/logo\\\/image\\\/\"},\"sameAs\":[\"https:\\\/\\\/www.facebook.com\\\/immobilienbusiness\\\/\"]},{\"@type\":\"Person\",\"@id\":\"https:\\\/\\\/www.immobilienbusiness.ch\\\/#\\\/schema\\\/person\\\/3fc036297b10b9f42d6db5ee932af8c8\",\"name\":\"anja.hall\",\"image\":{\"@type\":\"ImageObject\",\"inLanguage\":\"it-IT\",\"@id\":\"https:\\\/\\\/secure.gravatar.com\\\/avatar\\\/066b5a0d447013502c71a5782f4f3469f03cfe595cc2329fb94652fe47511bfb?s=96&d=mm&r=g\",\"url\":\"https:\\\/\\\/secure.gravatar.com\\\/avatar\\\/066b5a0d447013502c71a5782f4f3469f03cfe595cc2329fb94652fe47511bfb?s=96&d=mm&r=g\",\"contentUrl\":\"https:\\\/\\\/secure.gravatar.com\\\/avatar\\\/066b5a0d447013502c71a5782f4f3469f03cfe595cc2329fb94652fe47511bfb?s=96&d=mm&r=g\",\"caption\":\"anja.hall\"},\"url\":\"https:\\\/\\\/www.immobilienbusiness.ch\\\/it\\\/author\\\/anja-hall\\\/\"}]}<\/script>\n<!-- \/ Yoast SEO plugin. -->","yoast_head_json":{"title":"EIREF-Fonds sammelt 200 Millionen Euro ein - IMMOBILIEN Business","description":"Edmond de Rothschild REIM ha raccolto 200 milioni di euro di capitale per il fondo Edmond de Rothschild Euro Industrial Real Estate Fund.","robots":{"index":"index","follow":"follow","max-snippet":"max-snippet:-1","max-image-preview":"max-image-preview:large","max-video-preview":"max-video-preview:-1"},"canonical":"https:\/\/www.immobilienbusiness.ch\/it\/unternehmen\/2022-02-07\/eiref-fonds-sammelt-200-millionen-euro-ein\/","og_locale":"it_IT","og_type":"article","og_title":"EIREF-Fonds sammelt 200 Millionen Euro ein - IMMOBILIEN Business","og_description":"Edmond de Rothschild REIM hat 200 Mio. Euro Eigenkapital f\u00fcr den Edmond de Rothschild Euro Industrial Real Estate Fund eingeworben.","og_url":"https:\/\/www.immobilienbusiness.ch\/it\/unternehmen\/2022-02-07\/eiref-fonds-sammelt-200-millionen-euro-ein\/","og_site_name":"IMMOBILIEN Business","article_publisher":"https:\/\/www.facebook.com\/immobilienbusiness\/","article_published_time":"2022-02-07T07:20:38+00:00","article_modified_time":"2022-02-07T08:09:12+00:00","og_image":[{"width":1200,"height":800,"url":"https:\/\/www.immobilienbusiness.ch\/wp-content\/uploads\/2022\/02\/EIREF-property-in-Etten-Leur-Netherlands-Copyright-Edmond-de-Rothschild-scaled.jpg","type":"image\/jpeg"}],"author":"anja.hall","twitter_card":"summary_large_image","twitter_image":"https:\/\/www.immobilienbusiness.ch\/wp-content\/uploads\/2022\/02\/EIREF-property-in-Etten-Leur-Netherlands-Copyright-Edmond-de-Rothschild-scaled.jpg","schema":{"@context":"https:\/\/schema.org","@graph":[{"@type":"Article","@id":"https:\/\/www.immobilienbusiness.ch\/fr\/unternehmen\/2022-02-07\/eiref-fonds-sammelt-200-millionen-euro-ein\/#article","isPartOf":{"@id":"https:\/\/www.immobilienbusiness.ch\/fr\/unternehmen\/2022-02-07\/eiref-fonds-sammelt-200-millionen-euro-ein\/"},"author":{"name":"anja.hall","@id":"https:\/\/www.immobilienbusiness.ch\/#\/schema\/person\/3fc036297b10b9f42d6db5ee932af8c8"},"headline":"EIREF-Fonds sammelt 200 Millionen Euro ein","datePublished":"2022-02-07T07:20:38+00:00","dateModified":"2022-02-07T08:09:12+00:00","mainEntityOfPage":{"@id":"https:\/\/www.immobilienbusiness.ch\/fr\/unternehmen\/2022-02-07\/eiref-fonds-sammelt-200-millionen-euro-ein\/"},"wordCount":185,"publisher":{"@id":"https:\/\/www.immobilienbusiness.ch\/#organization"},"image":{"@id":"https:\/\/www.immobilienbusiness.ch\/fr\/unternehmen\/2022-02-07\/eiref-fonds-sammelt-200-millionen-euro-ein\/#primaryimage"},"thumbnailUrl":"https:\/\/www.immobilienbusiness.ch\/wp-content\/uploads\/2022\/02\/EIREF-property-in-Etten-Leur-Netherlands-Copyright-Edmond-de-Rothschild-scaled.jpg","keywords":["Immobilienfonds","Kapitalerh\u00f6hung","Logistikimmobilien"],"articleSection":["UNTERNEHMEN"],"inLanguage":"it-IT"},{"@type":"WebPage","@id":"https:\/\/www.immobilienbusiness.ch\/fr\/unternehmen\/2022-02-07\/eiref-fonds-sammelt-200-millionen-euro-ein\/","url":"https:\/\/www.immobilienbusiness.ch\/fr\/unternehmen\/2022-02-07\/eiref-fonds-sammelt-200-millionen-euro-ein\/","name":"EIREF-Fonds sammelt 200 Millionen Euro ein - IMMOBILIEN Business","isPartOf":{"@id":"https:\/\/www.immobilienbusiness.ch\/#website"},"primaryImageOfPage":{"@id":"https:\/\/www.immobilienbusiness.ch\/fr\/unternehmen\/2022-02-07\/eiref-fonds-sammelt-200-millionen-euro-ein\/#primaryimage"},"image":{"@id":"https:\/\/www.immobilienbusiness.ch\/fr\/unternehmen\/2022-02-07\/eiref-fonds-sammelt-200-millionen-euro-ein\/#primaryimage"},"thumbnailUrl":"https:\/\/www.immobilienbusiness.ch\/wp-content\/uploads\/2022\/02\/EIREF-property-in-Etten-Leur-Netherlands-Copyright-Edmond-de-Rothschild-scaled.jpg","datePublished":"2022-02-07T07:20:38+00:00","dateModified":"2022-02-07T08:09:12+00:00","description":"Edmond de Rothschild REIM ha raccolto 200 milioni di euro di capitale per il fondo Edmond de Rothschild Euro Industrial Real Estate Fund.","breadcrumb":{"@id":"https:\/\/www.immobilienbusiness.ch\/fr\/unternehmen\/2022-02-07\/eiref-fonds-sammelt-200-millionen-euro-ein\/#breadcrumb"},"inLanguage":"it-IT","potentialAction":[{"@type":"ReadAction","target":["https:\/\/www.immobilienbusiness.ch\/fr\/unternehmen\/2022-02-07\/eiref-fonds-sammelt-200-millionen-euro-ein\/"]}]},{"@type":"ImageObject","inLanguage":"it-IT","@id":"https:\/\/www.immobilienbusiness.ch\/fr\/unternehmen\/2022-02-07\/eiref-fonds-sammelt-200-millionen-euro-ein\/#primaryimage","url":"https:\/\/www.immobilienbusiness.ch\/wp-content\/uploads\/2022\/02\/EIREF-property-in-Etten-Leur-Netherlands-Copyright-Edmond-de-Rothschild-scaled.jpg","contentUrl":"https:\/\/www.immobilienbusiness.ch\/wp-content\/uploads\/2022\/02\/EIREF-property-in-Etten-Leur-Netherlands-Copyright-Edmond-de-Rothschild-scaled.jpg","width":1200,"height":800},{"@type":"BreadcrumbList","@id":"https:\/\/www.immobilienbusiness.ch\/fr\/unternehmen\/2022-02-07\/eiref-fonds-sammelt-200-millionen-euro-ein\/#breadcrumb","itemListElement":[{"@type":"ListItem","position":1,"name":"Home","item":"https:\/\/www.immobilienbusiness.ch\/"},{"@type":"ListItem","position":2,"name":"EIREF-Fonds sammelt 200 Millionen Euro ein"}]},{"@type":"WebSite","@id":"https:\/\/www.immobilienbusiness.ch\/#website","url":"https:\/\/www.immobilienbusiness.ch\/","name":"Affari immobiliari","description":"Rivista economica indipendente svizzera che si concentra sul settore immobiliare, l'architettura e la costruzione, nonch\u00e9 sugli investimenti e i finanziamenti.","publisher":{"@id":"https:\/\/www.immobilienbusiness.ch\/#organization"},"potentialAction":[{"@type":"SearchAction","target":{"@type":"EntryPoint","urlTemplate":"https:\/\/www.immobilienbusiness.ch\/?s={search_term_string}"},"query-input":{"@type":"PropertyValueSpecification","valueRequired":true,"valueName":"search_term_string"}}],"inLanguage":"it-IT"},{"@type":"Organization","@id":"https:\/\/www.immobilienbusiness.ch\/#organization","name":"Affari immobiliari","url":"https:\/\/www.immobilienbusiness.ch\/","logo":{"@type":"ImageObject","inLanguage":"it-IT","@id":"https:\/\/www.immobilienbusiness.ch\/#\/schema\/logo\/image\/","url":"https:\/\/www.immobilienbusiness.ch\/wp-content\/uploads\/2021\/07\/logo_ib.png","contentUrl":"https:\/\/www.immobilienbusiness.ch\/wp-content\/uploads\/2021\/07\/logo_ib.png","width":800,"height":181,"caption":"IMMOBILIEN Business"},"image":{"@id":"https:\/\/www.immobilienbusiness.ch\/#\/schema\/logo\/image\/"},"sameAs":["https:\/\/www.facebook.com\/immobilienbusiness\/"]},{"@type":"Person","@id":"https:\/\/www.immobilienbusiness.ch\/#\/schema\/person\/3fc036297b10b9f42d6db5ee932af8c8","name":"anja.hall","image":{"@type":"ImageObject","inLanguage":"it-IT","@id":"https:\/\/secure.gravatar.com\/avatar\/066b5a0d447013502c71a5782f4f3469f03cfe595cc2329fb94652fe47511bfb?s=96&d=mm&r=g","url":"https:\/\/secure.gravatar.com\/avatar\/066b5a0d447013502c71a5782f4f3469f03cfe595cc2329fb94652fe47511bfb?s=96&d=mm&r=g","contentUrl":"https:\/\/secure.gravatar.com\/avatar\/066b5a0d447013502c71a5782f4f3469f03cfe595cc2329fb94652fe47511bfb?s=96&d=mm&r=g","caption":"anja.hall"},"url":"https:\/\/www.immobilienbusiness.ch\/it\/author\/anja-hall\/"}]}},"_links":{"self":[{"href":"https:\/\/www.immobilienbusiness.ch\/it\/wp-json\/wp\/v2\/posts\/39938","targetHints":{"allow":["GET"]}}],"collection":[{"href":"https:\/\/www.immobilienbusiness.ch\/it\/wp-json\/wp\/v2\/posts"}],"about":[{"href":"https:\/\/www.immobilienbusiness.ch\/it\/wp-json\/wp\/v2\/types\/post"}],"author":[{"embeddable":true,"href":"https:\/\/www.immobilienbusiness.ch\/it\/wp-json\/wp\/v2\/users\/3"}],"replies":[{"embeddable":true,"href":"https:\/\/www.immobilienbusiness.ch\/it\/wp-json\/wp\/v2\/comments?post=39938"}],"version-history":[{"count":2,"href":"https:\/\/www.immobilienbusiness.ch\/it\/wp-json\/wp\/v2\/posts\/39938\/revisions"}],"predecessor-version":[{"id":39941,"href":"https:\/\/www.immobilienbusiness.ch\/it\/wp-json\/wp\/v2\/posts\/39938\/revisions\/39941"}],"wp:featuredmedia":[{"embeddable":true,"href":"https:\/\/www.immobilienbusiness.ch\/it\/wp-json\/wp\/v2\/media\/39939"}],"wp:attachment":[{"href":"https:\/\/www.immobilienbusiness.ch\/it\/wp-json\/wp\/v2\/media?parent=39938"}],"wp:term":[{"taxonomy":"category","embeddable":true,"href":"https:\/\/www.immobilienbusiness.ch\/it\/wp-json\/wp\/v2\/categories?post=39938"},{"taxonomy":"post_tag","embeddable":true,"href":"https:\/\/www.immobilienbusiness.ch\/it\/wp-json\/wp\/v2\/tags?post=39938"}],"curies":[{"name":"wp","href":"https:\/\/api.w.org\/{rel}","templated":true}]}}