{"id":39661,"date":"2022-01-13T08:15:52","date_gmt":"2022-01-13T07:15:52","guid":{"rendered":"https:\/\/www.immobilienbusiness.ch\/?p=39661"},"modified":"2022-01-13T09:31:54","modified_gmt":"2022-01-13T08:31:54","slug":"basler-arealentwicklung-volta-nord-ist-einen-schritt-weiter","status":"publish","type":"post","link":"https:\/\/www.immobilienbusiness.ch\/it\/regionen\/2022-01-13\/basler-arealentwicklung-volta-nord-ist-einen-schritt-weiter\/","title":{"rendered":"Lo sviluppo del sito Volta Nord di Basilea \u00e8 un passo avanti"},"content":{"rendered":"<figure id=\"attachment_39662\" aria-describedby=\"caption-attachment-39662\" style=\"width: 2560px\" class=\"wp-caption alignnone\"><img loading=\"lazy\" decoding=\"async\" class=\"wp-image-39662 size-full\" src=\"https:\/\/www.immobilienbusiness.ch\/wp-content\/uploads\/2022\/01\/Modellbild-VoltaNord_Blick-von-Suedwesten-scaled.jpg\" alt=\"\" width=\"2560\" height=\"1707\" srcset=\"https:\/\/www.immobilienbusiness.ch\/wp-content\/uploads\/2022\/01\/Modellbild-VoltaNord_Blick-von-Suedwesten-scaled.jpg 1200w, https:\/\/www.immobilienbusiness.ch\/wp-content\/uploads\/2022\/01\/Modellbild-VoltaNord_Blick-von-Suedwesten-300x200.jpg 300w, https:\/\/www.immobilienbusiness.ch\/wp-content\/uploads\/2022\/01\/Modellbild-VoltaNord_Blick-von-Suedwesten-1024x683.jpg 1024w, https:\/\/www.immobilienbusiness.ch\/wp-content\/uploads\/2022\/01\/Modellbild-VoltaNord_Blick-von-Suedwesten-768x512.jpg 768w, https:\/\/www.immobilienbusiness.ch\/wp-content\/uploads\/2022\/01\/Modellbild-VoltaNord_Blick-von-Suedwesten-1536x1024.jpg 1536w, https:\/\/www.immobilienbusiness.ch\/wp-content\/uploads\/2022\/01\/Modellbild-VoltaNord_Blick-von-Suedwesten-2048x1365.jpg 2048w, https:\/\/www.immobilienbusiness.ch\/wp-content\/uploads\/2022\/01\/Modellbild-VoltaNord_Blick-von-Suedwesten-16x12.jpg 16w, https:\/\/www.immobilienbusiness.ch\/wp-content\/uploads\/2022\/01\/Modellbild-VoltaNord_Blick-von-Suedwesten-263x175.jpg 263w, https:\/\/www.immobilienbusiness.ch\/wp-content\/uploads\/2022\/01\/Modellbild-VoltaNord_Blick-von-Suedwesten-525x350.jpg 525w, https:\/\/www.immobilienbusiness.ch\/wp-content\/uploads\/2022\/01\/Modellbild-VoltaNord_Blick-von-Suedwesten-920x613.jpg 920w\" sizes=\"auto, (max-width: 2560px) 100vw, 2560px\" \/><figcaption id=\"caption-attachment-39662\" class=\"wp-caption-text\">Modello del previsto quartiere Volta Nord (Fonte: Canton Basilea Citt\u00e0)<\/figcaption><\/figure>\n<p>Il sito Volta Nord \u00e8 destinato ad espandere il quartiere residenziale di St. Johann a nord. I piani prevedono fino a 2.500 posti di lavoro e alloggi per 1.500-2.000 persone, di cui almeno un terzo sar\u00e0 accessibile. Ora che il piano di sviluppo della seconda fase ha avuto il via libera, i piani devono essere portati avanti. Secondo il cantone di Basilea Citt\u00e0, c'\u00e8 stata un'obiezione di Pro Natura e quattro suggerimenti durante la consultazione pubblica. L'obiezione \u00e8 stata ritirata.<\/p>\n<p>La pianificazione dei nuovi edifici e degli spazi aperti \u00e8 attualmente in corso con concorsi e gare d'appalto per diversi lotti di costruzione a sviluppatori di alloggi senza scopo di lucro. L'edificio culturale e commerciale Elys \u00e8 gi\u00e0 aperto e, secondo il cantone di Basilea Citt\u00e0, circa tre quarti degli spazi sono stati affittati. Le sale sportive, l'Elys Boulderloft e altri locali per uffici e club sono gi\u00e0 stati occupati. Un ristorante, tra le altre cose, sar\u00e0 aggiunto nei prossimi mesi. La costruzione del nuovo quartiere dovrebbe iniziare nel 2024. <em>(ah)<\/em><\/p>","protected":false},"excerpt":{"rendered":"<p>Con la decisione del governo sul piano di sviluppo di seconda fase, le ulteriori fasi di pianificazione per il nuovo quartiere Volta Nord a Basilea possono ora iniziare. <\/p>","protected":false},"author":3,"featured_media":39662,"comment_status":"closed","ping_status":"closed","sticky":false,"template":"","format":"standard","meta":{"_acf_changed":false,"_yoast_wpseo_focuskw":"Volta","_yoast_wpseo_title":"","_yoast_wpseo_metadesc":"Mit dem Regierungsratsbeschluss zum Bebauungsplan zweiter Stufe k\u00f6nnen nun die weiteren Planungsschritte f\u00fcr den neuen Basler Stadtteil Volta Nord beginnen.","_yoast_wpseo_linkdex":51,"pgc_sgb_lightbox_settings":"","footnotes":""},"categories":[985],"tags":[1937,1069,1600],"class_list":["post-39661","post","type-post","status-publish","format-standard","has-post-thumbnail","hentry","category-regionen","tag-arealentwicklung","tag-basel","tag-projekt-in-planung"],"acf":[],"yoast_head":"<!-- This site is optimized with the Yoast SEO plugin v27.5 - https:\/\/yoast.com\/product\/yoast-seo-wordpress\/ -->\n<title>Basler Arealentwicklung Volta Nord ist einen Schritt weiter - IMMOBILIEN Business<\/title>\n<meta name=\"description\" content=\"Mit dem Regierungsratsbeschluss zum Bebauungsplan zweiter Stufe k\u00f6nnen nun die weiteren Planungsschritte f\u00fcr den neuen Basler Stadtteil Volta Nord beginnen.\" \/>\n<meta name=\"robots\" content=\"index, follow, max-snippet:-1, max-image-preview:large, max-video-preview:-1\" \/>\n<link rel=\"canonical\" href=\"https:\/\/www.immobilienbusiness.ch\/it\/regionen\/2022-01-13\/basler-arealentwicklung-volta-nord-ist-einen-schritt-weiter\/\" \/>\n<meta property=\"og:locale\" content=\"it_IT\" \/>\n<meta property=\"og:type\" content=\"article\" \/>\n<meta property=\"og:title\" content=\"Basler Arealentwicklung Volta Nord ist einen Schritt weiter - IMMOBILIEN Business\" \/>\n<meta property=\"og:description\" content=\"Mit dem Regierungsratsbeschluss zum Bebauungsplan zweiter Stufe k\u00f6nnen nun die weiteren Planungsschritte f\u00fcr den neuen Basler Stadtteil Volta Nord beginnen.\" \/>\n<meta property=\"og:url\" content=\"https:\/\/www.immobilienbusiness.ch\/it\/regionen\/2022-01-13\/basler-arealentwicklung-volta-nord-ist-einen-schritt-weiter\/\" \/>\n<meta property=\"og:site_name\" content=\"IMMOBILIEN Business\" \/>\n<meta property=\"article:publisher\" content=\"https:\/\/www.facebook.com\/immobilienbusiness\/\" \/>\n<meta property=\"article:published_time\" content=\"2022-01-13T07:15:52+00:00\" \/>\n<meta property=\"article:modified_time\" content=\"2022-01-13T08:31:54+00:00\" \/>\n<meta property=\"og:image\" content=\"https:\/\/www.immobilienbusiness.ch\/wp-content\/uploads\/2022\/01\/Modellbild-VoltaNord_Blick-von-Suedwesten-scaled.jpg\" \/>\n\t<meta property=\"og:image:width\" content=\"1200\" \/>\n\t<meta property=\"og:image:height\" content=\"800\" \/>\n\t<meta property=\"og:image:type\" content=\"image\/jpeg\" \/>\n<meta name=\"author\" content=\"anja.hall\" \/>\n<meta name=\"twitter:card\" content=\"summary_large_image\" \/>\n<meta name=\"twitter:image\" content=\"https:\/\/www.immobilienbusiness.ch\/wp-content\/uploads\/2022\/01\/Modellbild-VoltaNord_Blick-von-Suedwesten-scaled.jpg\" \/>\n<script type=\"application\/ld+json\" class=\"yoast-schema-graph\">{\"@context\":\"https:\\\/\\\/schema.org\",\"@graph\":[{\"@type\":\"Article\",\"@id\":\"https:\\\/\\\/www.immobilienbusiness.ch\\\/it\\\/regionen\\\/2022-01-13\\\/basler-arealentwicklung-volta-nord-ist-einen-schritt-weiter\\\/#article\",\"isPartOf\":{\"@id\":\"https:\\\/\\\/www.immobilienbusiness.ch\\\/it\\\/regionen\\\/2022-01-13\\\/basler-arealentwicklung-volta-nord-ist-einen-schritt-weiter\\\/\"},\"author\":{\"name\":\"anja.hall\",\"@id\":\"https:\\\/\\\/www.immobilienbusiness.ch\\\/#\\\/schema\\\/person\\\/3fc036297b10b9f42d6db5ee932af8c8\"},\"headline\":\"Basler Arealentwicklung Volta Nord ist einen Schritt weiter\",\"datePublished\":\"2022-01-13T07:15:52+00:00\",\"dateModified\":\"2022-01-13T08:31:54+00:00\",\"mainEntityOfPage\":{\"@id\":\"https:\\\/\\\/www.immobilienbusiness.ch\\\/it\\\/regionen\\\/2022-01-13\\\/basler-arealentwicklung-volta-nord-ist-einen-schritt-weiter\\\/\"},\"wordCount\":184,\"publisher\":{\"@id\":\"https:\\\/\\\/www.immobilienbusiness.ch\\\/#organization\"},\"image\":{\"@id\":\"https:\\\/\\\/www.immobilienbusiness.ch\\\/it\\\/regionen\\\/2022-01-13\\\/basler-arealentwicklung-volta-nord-ist-einen-schritt-weiter\\\/#primaryimage\"},\"thumbnailUrl\":\"https:\\\/\\\/www.immobilienbusiness.ch\\\/wp-content\\\/uploads\\\/2022\\\/01\\\/Modellbild-VoltaNord_Blick-von-Suedwesten-scaled.jpg\",\"keywords\":[\"Arealentwicklung\",\"Basel\",\"Projekt in Planung\"],\"articleSection\":[\"REGIONEN\"],\"inLanguage\":\"it-IT\"},{\"@type\":\"WebPage\",\"@id\":\"https:\\\/\\\/www.immobilienbusiness.ch\\\/it\\\/regionen\\\/2022-01-13\\\/basler-arealentwicklung-volta-nord-ist-einen-schritt-weiter\\\/\",\"url\":\"https:\\\/\\\/www.immobilienbusiness.ch\\\/it\\\/regionen\\\/2022-01-13\\\/basler-arealentwicklung-volta-nord-ist-einen-schritt-weiter\\\/\",\"name\":\"Basler Arealentwicklung Volta Nord ist einen Schritt weiter - IMMOBILIEN Business\",\"isPartOf\":{\"@id\":\"https:\\\/\\\/www.immobilienbusiness.ch\\\/#website\"},\"primaryImageOfPage\":{\"@id\":\"https:\\\/\\\/www.immobilienbusiness.ch\\\/it\\\/regionen\\\/2022-01-13\\\/basler-arealentwicklung-volta-nord-ist-einen-schritt-weiter\\\/#primaryimage\"},\"image\":{\"@id\":\"https:\\\/\\\/www.immobilienbusiness.ch\\\/it\\\/regionen\\\/2022-01-13\\\/basler-arealentwicklung-volta-nord-ist-einen-schritt-weiter\\\/#primaryimage\"},\"thumbnailUrl\":\"https:\\\/\\\/www.immobilienbusiness.ch\\\/wp-content\\\/uploads\\\/2022\\\/01\\\/Modellbild-VoltaNord_Blick-von-Suedwesten-scaled.jpg\",\"datePublished\":\"2022-01-13T07:15:52+00:00\",\"dateModified\":\"2022-01-13T08:31:54+00:00\",\"description\":\"Mit dem Regierungsratsbeschluss zum Bebauungsplan zweiter Stufe k\u00f6nnen nun die weiteren Planungsschritte f\u00fcr den neuen Basler Stadtteil Volta Nord beginnen.\",\"breadcrumb\":{\"@id\":\"https:\\\/\\\/www.immobilienbusiness.ch\\\/it\\\/regionen\\\/2022-01-13\\\/basler-arealentwicklung-volta-nord-ist-einen-schritt-weiter\\\/#breadcrumb\"},\"inLanguage\":\"it-IT\",\"potentialAction\":[{\"@type\":\"ReadAction\",\"target\":[\"https:\\\/\\\/www.immobilienbusiness.ch\\\/it\\\/regionen\\\/2022-01-13\\\/basler-arealentwicklung-volta-nord-ist-einen-schritt-weiter\\\/\"]}]},{\"@type\":\"ImageObject\",\"inLanguage\":\"it-IT\",\"@id\":\"https:\\\/\\\/www.immobilienbusiness.ch\\\/it\\\/regionen\\\/2022-01-13\\\/basler-arealentwicklung-volta-nord-ist-einen-schritt-weiter\\\/#primaryimage\",\"url\":\"https:\\\/\\\/www.immobilienbusiness.ch\\\/wp-content\\\/uploads\\\/2022\\\/01\\\/Modellbild-VoltaNord_Blick-von-Suedwesten-scaled.jpg\",\"contentUrl\":\"https:\\\/\\\/www.immobilienbusiness.ch\\\/wp-content\\\/uploads\\\/2022\\\/01\\\/Modellbild-VoltaNord_Blick-von-Suedwesten-scaled.jpg\",\"width\":1200,\"height\":800,\"caption\":\"Modell des geplanten Quartiers Volta Nord (Quelle: Kanton Basel-Stadt)\"},{\"@type\":\"BreadcrumbList\",\"@id\":\"https:\\\/\\\/www.immobilienbusiness.ch\\\/it\\\/regionen\\\/2022-01-13\\\/basler-arealentwicklung-volta-nord-ist-einen-schritt-weiter\\\/#breadcrumb\",\"itemListElement\":[{\"@type\":\"ListItem\",\"position\":1,\"name\":\"Home\",\"item\":\"https:\\\/\\\/www.immobilienbusiness.ch\\\/\"},{\"@type\":\"ListItem\",\"position\":2,\"name\":\"Basler Arealentwicklung Volta Nord ist einen Schritt weiter\"}]},{\"@type\":\"WebSite\",\"@id\":\"https:\\\/\\\/www.immobilienbusiness.ch\\\/#website\",\"url\":\"https:\\\/\\\/www.immobilienbusiness.ch\\\/\",\"name\":\"IMMOBILIEN Business\",\"description\":\"Unabh\u00e4ngiges Schweizer Wirtschaftsmagazin mit Fokus auf Immobilien, Architektur- und Bau sowie Investment- und Finanzierung.\",\"publisher\":{\"@id\":\"https:\\\/\\\/www.immobilienbusiness.ch\\\/#organization\"},\"potentialAction\":[{\"@type\":\"SearchAction\",\"target\":{\"@type\":\"EntryPoint\",\"urlTemplate\":\"https:\\\/\\\/www.immobilienbusiness.ch\\\/?s={search_term_string}\"},\"query-input\":{\"@type\":\"PropertyValueSpecification\",\"valueRequired\":true,\"valueName\":\"search_term_string\"}}],\"inLanguage\":\"it-IT\"},{\"@type\":\"Organization\",\"@id\":\"https:\\\/\\\/www.immobilienbusiness.ch\\\/#organization\",\"name\":\"IMMOBILIEN Business\",\"url\":\"https:\\\/\\\/www.immobilienbusiness.ch\\\/\",\"logo\":{\"@type\":\"ImageObject\",\"inLanguage\":\"it-IT\",\"@id\":\"https:\\\/\\\/www.immobilienbusiness.ch\\\/#\\\/schema\\\/logo\\\/image\\\/\",\"url\":\"https:\\\/\\\/www.immobilienbusiness.ch\\\/wp-content\\\/uploads\\\/2021\\\/07\\\/logo_ib.png\",\"contentUrl\":\"https:\\\/\\\/www.immobilienbusiness.ch\\\/wp-content\\\/uploads\\\/2021\\\/07\\\/logo_ib.png\",\"width\":800,\"height\":181,\"caption\":\"IMMOBILIEN Business\"},\"image\":{\"@id\":\"https:\\\/\\\/www.immobilienbusiness.ch\\\/#\\\/schema\\\/logo\\\/image\\\/\"},\"sameAs\":[\"https:\\\/\\\/www.facebook.com\\\/immobilienbusiness\\\/\"]},{\"@type\":\"Person\",\"@id\":\"https:\\\/\\\/www.immobilienbusiness.ch\\\/#\\\/schema\\\/person\\\/3fc036297b10b9f42d6db5ee932af8c8\",\"name\":\"anja.hall\",\"image\":{\"@type\":\"ImageObject\",\"inLanguage\":\"it-IT\",\"@id\":\"https:\\\/\\\/secure.gravatar.com\\\/avatar\\\/066b5a0d447013502c71a5782f4f3469f03cfe595cc2329fb94652fe47511bfb?s=96&d=mm&r=g\",\"url\":\"https:\\\/\\\/secure.gravatar.com\\\/avatar\\\/066b5a0d447013502c71a5782f4f3469f03cfe595cc2329fb94652fe47511bfb?s=96&d=mm&r=g\",\"contentUrl\":\"https:\\\/\\\/secure.gravatar.com\\\/avatar\\\/066b5a0d447013502c71a5782f4f3469f03cfe595cc2329fb94652fe47511bfb?s=96&d=mm&r=g\",\"caption\":\"anja.hall\"},\"url\":\"https:\\\/\\\/www.immobilienbusiness.ch\\\/it\\\/author\\\/anja-hall\\\/\"}]}<\/script>\n<!-- \/ Yoast SEO plugin. -->","yoast_head_json":{"title":"Lo sviluppo del sito Volta Nord di Basilea fa un passo avanti - IMMOBILIEN Business","description":"Con la decisione del governo sul piano di sviluppo di seconda fase, le ulteriori fasi di pianificazione per il nuovo quartiere Volta Nord a Basilea possono ora iniziare.","robots":{"index":"index","follow":"follow","max-snippet":"max-snippet:-1","max-image-preview":"max-image-preview:large","max-video-preview":"max-video-preview:-1"},"canonical":"https:\/\/www.immobilienbusiness.ch\/it\/regionen\/2022-01-13\/basler-arealentwicklung-volta-nord-ist-einen-schritt-weiter\/","og_locale":"it_IT","og_type":"article","og_title":"Basler Arealentwicklung Volta Nord ist einen Schritt weiter - IMMOBILIEN Business","og_description":"Mit dem Regierungsratsbeschluss zum Bebauungsplan zweiter Stufe k\u00f6nnen nun die weiteren Planungsschritte f\u00fcr den neuen Basler Stadtteil Volta Nord beginnen.","og_url":"https:\/\/www.immobilienbusiness.ch\/it\/regionen\/2022-01-13\/basler-arealentwicklung-volta-nord-ist-einen-schritt-weiter\/","og_site_name":"IMMOBILIEN Business","article_publisher":"https:\/\/www.facebook.com\/immobilienbusiness\/","article_published_time":"2022-01-13T07:15:52+00:00","article_modified_time":"2022-01-13T08:31:54+00:00","og_image":[{"width":1200,"height":800,"url":"https:\/\/www.immobilienbusiness.ch\/wp-content\/uploads\/2022\/01\/Modellbild-VoltaNord_Blick-von-Suedwesten-scaled.jpg","type":"image\/jpeg"}],"author":"anja.hall","twitter_card":"summary_large_image","twitter_image":"https:\/\/www.immobilienbusiness.ch\/wp-content\/uploads\/2022\/01\/Modellbild-VoltaNord_Blick-von-Suedwesten-scaled.jpg","schema":{"@context":"https:\/\/schema.org","@graph":[{"@type":"Article","@id":"https:\/\/www.immobilienbusiness.ch\/it\/regionen\/2022-01-13\/basler-arealentwicklung-volta-nord-ist-einen-schritt-weiter\/#article","isPartOf":{"@id":"https:\/\/www.immobilienbusiness.ch\/it\/regionen\/2022-01-13\/basler-arealentwicklung-volta-nord-ist-einen-schritt-weiter\/"},"author":{"name":"anja.hall","@id":"https:\/\/www.immobilienbusiness.ch\/#\/schema\/person\/3fc036297b10b9f42d6db5ee932af8c8"},"headline":"Basler Arealentwicklung Volta Nord ist einen Schritt weiter","datePublished":"2022-01-13T07:15:52+00:00","dateModified":"2022-01-13T08:31:54+00:00","mainEntityOfPage":{"@id":"https:\/\/www.immobilienbusiness.ch\/it\/regionen\/2022-01-13\/basler-arealentwicklung-volta-nord-ist-einen-schritt-weiter\/"},"wordCount":184,"publisher":{"@id":"https:\/\/www.immobilienbusiness.ch\/#organization"},"image":{"@id":"https:\/\/www.immobilienbusiness.ch\/it\/regionen\/2022-01-13\/basler-arealentwicklung-volta-nord-ist-einen-schritt-weiter\/#primaryimage"},"thumbnailUrl":"https:\/\/www.immobilienbusiness.ch\/wp-content\/uploads\/2022\/01\/Modellbild-VoltaNord_Blick-von-Suedwesten-scaled.jpg","keywords":["Arealentwicklung","Basel","Projekt in Planung"],"articleSection":["REGIONEN"],"inLanguage":"it-IT"},{"@type":"WebPage","@id":"https:\/\/www.immobilienbusiness.ch\/it\/regionen\/2022-01-13\/basler-arealentwicklung-volta-nord-ist-einen-schritt-weiter\/","url":"https:\/\/www.immobilienbusiness.ch\/it\/regionen\/2022-01-13\/basler-arealentwicklung-volta-nord-ist-einen-schritt-weiter\/","name":"Lo sviluppo del sito Volta Nord di Basilea fa un passo avanti - IMMOBILIEN Business","isPartOf":{"@id":"https:\/\/www.immobilienbusiness.ch\/#website"},"primaryImageOfPage":{"@id":"https:\/\/www.immobilienbusiness.ch\/it\/regionen\/2022-01-13\/basler-arealentwicklung-volta-nord-ist-einen-schritt-weiter\/#primaryimage"},"image":{"@id":"https:\/\/www.immobilienbusiness.ch\/it\/regionen\/2022-01-13\/basler-arealentwicklung-volta-nord-ist-einen-schritt-weiter\/#primaryimage"},"thumbnailUrl":"https:\/\/www.immobilienbusiness.ch\/wp-content\/uploads\/2022\/01\/Modellbild-VoltaNord_Blick-von-Suedwesten-scaled.jpg","datePublished":"2022-01-13T07:15:52+00:00","dateModified":"2022-01-13T08:31:54+00:00","description":"Con la decisione del governo sul piano di sviluppo di seconda fase, le ulteriori fasi di pianificazione per il nuovo quartiere Volta Nord a Basilea possono ora iniziare.","breadcrumb":{"@id":"https:\/\/www.immobilienbusiness.ch\/it\/regionen\/2022-01-13\/basler-arealentwicklung-volta-nord-ist-einen-schritt-weiter\/#breadcrumb"},"inLanguage":"it-IT","potentialAction":[{"@type":"ReadAction","target":["https:\/\/www.immobilienbusiness.ch\/it\/regionen\/2022-01-13\/basler-arealentwicklung-volta-nord-ist-einen-schritt-weiter\/"]}]},{"@type":"ImageObject","inLanguage":"it-IT","@id":"https:\/\/www.immobilienbusiness.ch\/it\/regionen\/2022-01-13\/basler-arealentwicklung-volta-nord-ist-einen-schritt-weiter\/#primaryimage","url":"https:\/\/www.immobilienbusiness.ch\/wp-content\/uploads\/2022\/01\/Modellbild-VoltaNord_Blick-von-Suedwesten-scaled.jpg","contentUrl":"https:\/\/www.immobilienbusiness.ch\/wp-content\/uploads\/2022\/01\/Modellbild-VoltaNord_Blick-von-Suedwesten-scaled.jpg","width":1200,"height":800,"caption":"Modell des geplanten Quartiers Volta Nord (Quelle: Kanton Basel-Stadt)"},{"@type":"BreadcrumbList","@id":"https:\/\/www.immobilienbusiness.ch\/it\/regionen\/2022-01-13\/basler-arealentwicklung-volta-nord-ist-einen-schritt-weiter\/#breadcrumb","itemListElement":[{"@type":"ListItem","position":1,"name":"Home","item":"https:\/\/www.immobilienbusiness.ch\/"},{"@type":"ListItem","position":2,"name":"Basler Arealentwicklung Volta Nord ist einen Schritt weiter"}]},{"@type":"WebSite","@id":"https:\/\/www.immobilienbusiness.ch\/#website","url":"https:\/\/www.immobilienbusiness.ch\/","name":"Affari immobiliari","description":"Rivista economica indipendente svizzera che si concentra sul settore immobiliare, l'architettura e la costruzione, nonch\u00e9 sugli investimenti e i finanziamenti.","publisher":{"@id":"https:\/\/www.immobilienbusiness.ch\/#organization"},"potentialAction":[{"@type":"SearchAction","target":{"@type":"EntryPoint","urlTemplate":"https:\/\/www.immobilienbusiness.ch\/?s={search_term_string}"},"query-input":{"@type":"PropertyValueSpecification","valueRequired":true,"valueName":"search_term_string"}}],"inLanguage":"it-IT"},{"@type":"Organization","@id":"https:\/\/www.immobilienbusiness.ch\/#organization","name":"Affari immobiliari","url":"https:\/\/www.immobilienbusiness.ch\/","logo":{"@type":"ImageObject","inLanguage":"it-IT","@id":"https:\/\/www.immobilienbusiness.ch\/#\/schema\/logo\/image\/","url":"https:\/\/www.immobilienbusiness.ch\/wp-content\/uploads\/2021\/07\/logo_ib.png","contentUrl":"https:\/\/www.immobilienbusiness.ch\/wp-content\/uploads\/2021\/07\/logo_ib.png","width":800,"height":181,"caption":"IMMOBILIEN Business"},"image":{"@id":"https:\/\/www.immobilienbusiness.ch\/#\/schema\/logo\/image\/"},"sameAs":["https:\/\/www.facebook.com\/immobilienbusiness\/"]},{"@type":"Person","@id":"https:\/\/www.immobilienbusiness.ch\/#\/schema\/person\/3fc036297b10b9f42d6db5ee932af8c8","name":"anja.hall","image":{"@type":"ImageObject","inLanguage":"it-IT","@id":"https:\/\/secure.gravatar.com\/avatar\/066b5a0d447013502c71a5782f4f3469f03cfe595cc2329fb94652fe47511bfb?s=96&d=mm&r=g","url":"https:\/\/secure.gravatar.com\/avatar\/066b5a0d447013502c71a5782f4f3469f03cfe595cc2329fb94652fe47511bfb?s=96&d=mm&r=g","contentUrl":"https:\/\/secure.gravatar.com\/avatar\/066b5a0d447013502c71a5782f4f3469f03cfe595cc2329fb94652fe47511bfb?s=96&d=mm&r=g","caption":"anja.hall"},"url":"https:\/\/www.immobilienbusiness.ch\/it\/author\/anja-hall\/"}]}},"_links":{"self":[{"href":"https:\/\/www.immobilienbusiness.ch\/it\/wp-json\/wp\/v2\/posts\/39661","targetHints":{"allow":["GET"]}}],"collection":[{"href":"https:\/\/www.immobilienbusiness.ch\/it\/wp-json\/wp\/v2\/posts"}],"about":[{"href":"https:\/\/www.immobilienbusiness.ch\/it\/wp-json\/wp\/v2\/types\/post"}],"author":[{"embeddable":true,"href":"https:\/\/www.immobilienbusiness.ch\/it\/wp-json\/wp\/v2\/users\/3"}],"replies":[{"embeddable":true,"href":"https:\/\/www.immobilienbusiness.ch\/it\/wp-json\/wp\/v2\/comments?post=39661"}],"version-history":[{"count":1,"href":"https:\/\/www.immobilienbusiness.ch\/it\/wp-json\/wp\/v2\/posts\/39661\/revisions"}],"predecessor-version":[{"id":39663,"href":"https:\/\/www.immobilienbusiness.ch\/it\/wp-json\/wp\/v2\/posts\/39661\/revisions\/39663"}],"wp:featuredmedia":[{"embeddable":true,"href":"https:\/\/www.immobilienbusiness.ch\/it\/wp-json\/wp\/v2\/media\/39662"}],"wp:attachment":[{"href":"https:\/\/www.immobilienbusiness.ch\/it\/wp-json\/wp\/v2\/media?parent=39661"}],"wp:term":[{"taxonomy":"category","embeddable":true,"href":"https:\/\/www.immobilienbusiness.ch\/it\/wp-json\/wp\/v2\/categories?post=39661"},{"taxonomy":"post_tag","embeddable":true,"href":"https:\/\/www.immobilienbusiness.ch\/it\/wp-json\/wp\/v2\/tags?post=39661"}],"curies":[{"name":"wp","href":"https:\/\/api.w.org\/{rel}","templated":true}]}}