{"id":39599,"date":"2022-01-06T08:50:16","date_gmt":"2022-01-06T07:50:16","guid":{"rendered":"https:\/\/www.immobilienbusiness.ch\/?p=39599"},"modified":"2022-01-06T09:14:43","modified_gmt":"2022-01-06T08:14:43","slug":"projekt-riva-in-arbon-kommt-an-die-urne","status":"publish","type":"post","link":"https:\/\/www.immobilienbusiness.ch\/it\/regionen\/2022-01-06\/projekt-riva-in-arbon-kommt-an-die-urne\/","title":{"rendered":"Il progetto Riva ad Arbon va alle urne"},"content":{"rendered":"<div class=\"quickedit-field\" data-quickedit-field-id=\"node\/6693\/field_content\/de\/full\">\n<div>\n<div class=\"paragraph paragraph--type--text paragraph--view-mode--default\" data-quickedit-entity-id=\"paragraph\/6875\" data-quickedit-entity-instance-id=\"0\">\n<div data-quickedit-field-id=\"paragraph\/6875\/field_text\/de\/default\">\n<figure id=\"attachment_39600\" aria-describedby=\"caption-attachment-39600\" style=\"width: 2560px\" class=\"wp-caption alignnone\"><img loading=\"lazy\" decoding=\"async\" class=\"wp-image-39600 size-full\" src=\"https:\/\/www.immobilienbusiness.ch\/wp-content\/uploads\/2022\/01\/20130924_arbon_riva_visu_2-scaled.jpg\" alt=\"\" width=\"2560\" height=\"1707\" srcset=\"https:\/\/www.immobilienbusiness.ch\/wp-content\/uploads\/2022\/01\/20130924_arbon_riva_visu_2-scaled.jpg 1200w, https:\/\/www.immobilienbusiness.ch\/wp-content\/uploads\/2022\/01\/20130924_arbon_riva_visu_2-300x200.jpg 300w, https:\/\/www.immobilienbusiness.ch\/wp-content\/uploads\/2022\/01\/20130924_arbon_riva_visu_2-1024x683.jpg 1024w, https:\/\/www.immobilienbusiness.ch\/wp-content\/uploads\/2022\/01\/20130924_arbon_riva_visu_2-768x512.jpg 768w, https:\/\/www.immobilienbusiness.ch\/wp-content\/uploads\/2022\/01\/20130924_arbon_riva_visu_2-1536x1024.jpg 1536w, https:\/\/www.immobilienbusiness.ch\/wp-content\/uploads\/2022\/01\/20130924_arbon_riva_visu_2-2048x1365.jpg 2048w, https:\/\/www.immobilienbusiness.ch\/wp-content\/uploads\/2022\/01\/20130924_arbon_riva_visu_2-16x12.jpg 16w, https:\/\/www.immobilienbusiness.ch\/wp-content\/uploads\/2022\/01\/20130924_arbon_riva_visu_2-263x175.jpg 263w, https:\/\/www.immobilienbusiness.ch\/wp-content\/uploads\/2022\/01\/20130924_arbon_riva_visu_2-525x350.jpg 525w, https:\/\/www.immobilienbusiness.ch\/wp-content\/uploads\/2022\/01\/20130924_arbon_riva_visu_2-920x613.jpg 920w\" sizes=\"auto, (max-width: 2560px) 100vw, 2560px\" \/><figcaption id=\"caption-attachment-39600\" class=\"wp-caption-text\">Due grattacieli saranno costruiti ad Arbon con il progetto Riva (Fonte: HRS Real Estate)<\/figcaption><\/figure>\n<p>HRS Real Estate AG sta progettando di demolire l'hotel Metropol ad Arbon, che \u00e8 vacante dal 2016, per fare spazio a un nuovo ambizioso progetto di costruzione: due torri residenziali, ciascuna con un'altezza massima di 43 metri e 13 piani, saranno costruite su un livello di base comune con un ristorante, un bar e una hall. Un totale di 63 appartamenti e 25 camere d'albergo sono previsti nei due grattacieli.<\/p>\n<p>Il progetto \u00e8 molto controverso. Il consiglio comunale vede il progetto come \"un'opportunit\u00e0 per Arbon\" perch\u00e9 permette pi\u00f9 viste sul lago e pi\u00f9 spazi verdi di prima; non ci saranno pi\u00f9 parcheggi in futuro. Inoltre, le torri residenziali si inseriscono nella citt\u00e0 con gli elementi caratteristici del centro storico e del sito industriale Saurer.<\/p>\n<p>Una gran parte della popolazione \u00e8 piuttosto scettica. Con il suo referendum contro il piano di progettazione \"Riva\", che sar\u00e0 reso pubblico nel tardo autunno 2021, la \"IG Seeufer ohne Hochh\u00e4user\", che \u00e8 stata fondata la scorsa primavera, ha ottenuto che la popolazione potr\u00e0 votare sul progetto con le doppie torri residenziali per la prima volta nel dicembre 2021, secondo un comunicato del comitato referendario.<\/p>\n<p>Secondo i media regionali, la data del referendum \u00e8 ancora aperta, poich\u00e9 il consiglio comunale deve prima risolvere otto obiezioni ricevute al piano di progettazione del progetto HRS. Se gli obiettori non sono d'accordo con l'esito della decisione, potrebbero poi fare ricorso contro di essa, ha detto Marco Sacchetti, segretario generale del Dipartimento della Costruzione e dell'Ambiente. Non \u00e8 nemmeno chiaro se gli abitanti di Arbon saranno in grado di votare sui necessari cambiamenti di zonizzazione, che sono previsti nel piano locale rivisto, contemporaneamente al piano di progettazione.<\/p>\n<p><a href=\"https:\/\/www.tagblatt.ch\/ostschweiz\/stgallen\/thurgau-die-arboner-koennen-ueber-die-beiden-geplanten-hochhaeuser-abstimmen-es-sind-aber-zwei-fragen-offen-ld.2230264\">Secondo un rapporto del <em>St. Galler Tagblatt<\/em><\/a> il consiglio comunale di Arbon vorrebbe portare avanti i punti riguardanti Riva e non aspettare due o tre anni finch\u00e9 l'intero pacchetto sia pronto per una decisione. Secondo il presidente della citt\u00e0 Dominik Diezi, la citt\u00e0 vuole chiarire con il cantone se questo \u00e8 possibile nel gennaio 2022. <em>(bw)<\/em><\/p>\n<\/div>\n<\/div>\n<\/div>\n<\/div>","protected":false},"excerpt":{"rendered":"<p>Ci sar\u00e0 un referendum sul progetto del grattacielo Riva ad Arbon. Se il progetto HRS Real Estate possa essere realizzato \u00e8 quindi discutibile.<\/p>","protected":false},"author":3,"featured_media":39600,"comment_status":"closed","ping_status":"closed","sticky":false,"template":"","format":"standard","meta":{"_acf_changed":false,"_yoast_wpseo_focuskw":"Riva","_yoast_wpseo_title":"","_yoast_wpseo_metadesc":"Zum Hochhaus-Projekt Riva in Arbon (TG) wird es ein Referendum geben. Ob das Projekt der HRS Real Estate realisiert werden kann, ist damit fraglich.","_yoast_wpseo_linkdex":69,"pgc_sgb_lightbox_settings":"","footnotes":""},"categories":[985],"tags":[1037,1318,1600,1863],"class_list":["post-39599","post","type-post","status-publish","format-standard","has-post-thumbnail","hentry","category-regionen","tag-arbon","tag-hrs-real-estate","tag-projekt-in-planung","tag-wohnimmobilien"],"acf":[],"yoast_head":"<!-- This site is optimized with the Yoast SEO plugin v27.4 - https:\/\/yoast.com\/product\/yoast-seo-wordpress\/ -->\n<title>Projekt Riva in Arbon kommt an die Urne - IMMOBILIEN Business<\/title>\n<meta name=\"description\" content=\"Zum Hochhaus-Projekt Riva in Arbon (TG) wird es ein Referendum geben. Ob das Projekt der HRS Real Estate realisiert werden kann, ist damit fraglich.\" \/>\n<meta name=\"robots\" content=\"index, follow, max-snippet:-1, max-image-preview:large, max-video-preview:-1\" \/>\n<link rel=\"canonical\" href=\"https:\/\/www.immobilienbusiness.ch\/it\/regionen\/2022-01-06\/projekt-riva-in-arbon-kommt-an-die-urne\/\" \/>\n<meta property=\"og:locale\" content=\"it_IT\" \/>\n<meta property=\"og:type\" content=\"article\" \/>\n<meta property=\"og:title\" content=\"Projekt Riva in Arbon kommt an die Urne - IMMOBILIEN Business\" \/>\n<meta property=\"og:description\" content=\"Zum Hochhaus-Projekt Riva in Arbon (TG) wird es ein Referendum geben. Ob das Projekt der HRS Real Estate realisiert werden kann, ist damit fraglich.\" \/>\n<meta property=\"og:url\" content=\"https:\/\/www.immobilienbusiness.ch\/it\/regionen\/2022-01-06\/projekt-riva-in-arbon-kommt-an-die-urne\/\" \/>\n<meta property=\"og:site_name\" content=\"IMMOBILIEN Business\" \/>\n<meta property=\"article:publisher\" content=\"https:\/\/www.facebook.com\/immobilienbusiness\/\" \/>\n<meta property=\"article:published_time\" content=\"2022-01-06T07:50:16+00:00\" \/>\n<meta property=\"article:modified_time\" content=\"2022-01-06T08:14:43+00:00\" \/>\n<meta property=\"og:image\" content=\"https:\/\/www.immobilienbusiness.ch\/wp-content\/uploads\/2022\/01\/20130924_arbon_riva_visu_2-scaled.jpg\" \/>\n\t<meta property=\"og:image:width\" content=\"1200\" \/>\n\t<meta property=\"og:image:height\" content=\"800\" \/>\n\t<meta property=\"og:image:type\" content=\"image\/jpeg\" \/>\n<meta name=\"author\" content=\"anja.hall\" \/>\n<meta name=\"twitter:card\" content=\"summary_large_image\" \/>\n<meta name=\"twitter:image\" content=\"https:\/\/www.immobilienbusiness.ch\/wp-content\/uploads\/2022\/01\/20130924_arbon_riva_visu_2-scaled.jpg\" \/>\n<script type=\"application\/ld+json\" class=\"yoast-schema-graph\">{\"@context\":\"https:\\\/\\\/schema.org\",\"@graph\":[{\"@type\":\"Article\",\"@id\":\"https:\\\/\\\/www.immobilienbusiness.ch\\\/regionen\\\/2022-01-06\\\/projekt-riva-in-arbon-kommt-an-die-urne\\\/#article\",\"isPartOf\":{\"@id\":\"https:\\\/\\\/www.immobilienbusiness.ch\\\/regionen\\\/2022-01-06\\\/projekt-riva-in-arbon-kommt-an-die-urne\\\/\"},\"author\":{\"name\":\"anja.hall\",\"@id\":\"https:\\\/\\\/www.immobilienbusiness.ch\\\/#\\\/schema\\\/person\\\/3fc036297b10b9f42d6db5ee932af8c8\"},\"headline\":\"Projekt Riva in Arbon kommt an die Urne\",\"datePublished\":\"2022-01-06T07:50:16+00:00\",\"dateModified\":\"2022-01-06T08:14:43+00:00\",\"mainEntityOfPage\":{\"@id\":\"https:\\\/\\\/www.immobilienbusiness.ch\\\/regionen\\\/2022-01-06\\\/projekt-riva-in-arbon-kommt-an-die-urne\\\/\"},\"wordCount\":343,\"publisher\":{\"@id\":\"https:\\\/\\\/www.immobilienbusiness.ch\\\/#organization\"},\"image\":{\"@id\":\"https:\\\/\\\/www.immobilienbusiness.ch\\\/regionen\\\/2022-01-06\\\/projekt-riva-in-arbon-kommt-an-die-urne\\\/#primaryimage\"},\"thumbnailUrl\":\"https:\\\/\\\/www.immobilienbusiness.ch\\\/wp-content\\\/uploads\\\/2022\\\/01\\\/20130924_arbon_riva_visu_2-scaled.jpg\",\"keywords\":[\"Arbon\",\"HRS Real Estate\",\"Projekt in Planung\",\"Wohnimmobilien\"],\"articleSection\":[\"REGIONEN\"],\"inLanguage\":\"it-IT\"},{\"@type\":\"WebPage\",\"@id\":\"https:\\\/\\\/www.immobilienbusiness.ch\\\/regionen\\\/2022-01-06\\\/projekt-riva-in-arbon-kommt-an-die-urne\\\/\",\"url\":\"https:\\\/\\\/www.immobilienbusiness.ch\\\/regionen\\\/2022-01-06\\\/projekt-riva-in-arbon-kommt-an-die-urne\\\/\",\"name\":\"Projekt Riva in Arbon kommt an die Urne - IMMOBILIEN Business\",\"isPartOf\":{\"@id\":\"https:\\\/\\\/www.immobilienbusiness.ch\\\/#website\"},\"primaryImageOfPage\":{\"@id\":\"https:\\\/\\\/www.immobilienbusiness.ch\\\/regionen\\\/2022-01-06\\\/projekt-riva-in-arbon-kommt-an-die-urne\\\/#primaryimage\"},\"image\":{\"@id\":\"https:\\\/\\\/www.immobilienbusiness.ch\\\/regionen\\\/2022-01-06\\\/projekt-riva-in-arbon-kommt-an-die-urne\\\/#primaryimage\"},\"thumbnailUrl\":\"https:\\\/\\\/www.immobilienbusiness.ch\\\/wp-content\\\/uploads\\\/2022\\\/01\\\/20130924_arbon_riva_visu_2-scaled.jpg\",\"datePublished\":\"2022-01-06T07:50:16+00:00\",\"dateModified\":\"2022-01-06T08:14:43+00:00\",\"description\":\"Zum Hochhaus-Projekt Riva in Arbon (TG) wird es ein Referendum geben. Ob das Projekt der HRS Real Estate realisiert werden kann, ist damit fraglich.\",\"breadcrumb\":{\"@id\":\"https:\\\/\\\/www.immobilienbusiness.ch\\\/regionen\\\/2022-01-06\\\/projekt-riva-in-arbon-kommt-an-die-urne\\\/#breadcrumb\"},\"inLanguage\":\"it-IT\",\"potentialAction\":[{\"@type\":\"ReadAction\",\"target\":[\"https:\\\/\\\/www.immobilienbusiness.ch\\\/regionen\\\/2022-01-06\\\/projekt-riva-in-arbon-kommt-an-die-urne\\\/\"]}]},{\"@type\":\"ImageObject\",\"inLanguage\":\"it-IT\",\"@id\":\"https:\\\/\\\/www.immobilienbusiness.ch\\\/regionen\\\/2022-01-06\\\/projekt-riva-in-arbon-kommt-an-die-urne\\\/#primaryimage\",\"url\":\"https:\\\/\\\/www.immobilienbusiness.ch\\\/wp-content\\\/uploads\\\/2022\\\/01\\\/20130924_arbon_riva_visu_2-scaled.jpg\",\"contentUrl\":\"https:\\\/\\\/www.immobilienbusiness.ch\\\/wp-content\\\/uploads\\\/2022\\\/01\\\/20130924_arbon_riva_visu_2-scaled.jpg\",\"width\":1200,\"height\":800,\"caption\":\"Visualisierung der Riva-Wohnt\u00fcrme (Quelle: HRS Real Estate)\"},{\"@type\":\"BreadcrumbList\",\"@id\":\"https:\\\/\\\/www.immobilienbusiness.ch\\\/regionen\\\/2022-01-06\\\/projekt-riva-in-arbon-kommt-an-die-urne\\\/#breadcrumb\",\"itemListElement\":[{\"@type\":\"ListItem\",\"position\":1,\"name\":\"Home\",\"item\":\"https:\\\/\\\/www.immobilienbusiness.ch\\\/\"},{\"@type\":\"ListItem\",\"position\":2,\"name\":\"Projekt Riva in Arbon kommt an die Urne\"}]},{\"@type\":\"WebSite\",\"@id\":\"https:\\\/\\\/www.immobilienbusiness.ch\\\/#website\",\"url\":\"https:\\\/\\\/www.immobilienbusiness.ch\\\/\",\"name\":\"IMMOBILIEN Business\",\"description\":\"Unabh\u00e4ngiges Schweizer Wirtschaftsmagazin mit Fokus auf Immobilien, Architektur- und Bau sowie Investment- und Finanzierung.\",\"publisher\":{\"@id\":\"https:\\\/\\\/www.immobilienbusiness.ch\\\/#organization\"},\"potentialAction\":[{\"@type\":\"SearchAction\",\"target\":{\"@type\":\"EntryPoint\",\"urlTemplate\":\"https:\\\/\\\/www.immobilienbusiness.ch\\\/?s={search_term_string}\"},\"query-input\":{\"@type\":\"PropertyValueSpecification\",\"valueRequired\":true,\"valueName\":\"search_term_string\"}}],\"inLanguage\":\"it-IT\"},{\"@type\":\"Organization\",\"@id\":\"https:\\\/\\\/www.immobilienbusiness.ch\\\/#organization\",\"name\":\"IMMOBILIEN Business\",\"url\":\"https:\\\/\\\/www.immobilienbusiness.ch\\\/\",\"logo\":{\"@type\":\"ImageObject\",\"inLanguage\":\"it-IT\",\"@id\":\"https:\\\/\\\/www.immobilienbusiness.ch\\\/#\\\/schema\\\/logo\\\/image\\\/\",\"url\":\"https:\\\/\\\/www.immobilienbusiness.ch\\\/wp-content\\\/uploads\\\/2021\\\/07\\\/logo_ib.png\",\"contentUrl\":\"https:\\\/\\\/www.immobilienbusiness.ch\\\/wp-content\\\/uploads\\\/2021\\\/07\\\/logo_ib.png\",\"width\":800,\"height\":181,\"caption\":\"IMMOBILIEN Business\"},\"image\":{\"@id\":\"https:\\\/\\\/www.immobilienbusiness.ch\\\/#\\\/schema\\\/logo\\\/image\\\/\"},\"sameAs\":[\"https:\\\/\\\/www.facebook.com\\\/immobilienbusiness\\\/\"]},{\"@type\":\"Person\",\"@id\":\"https:\\\/\\\/www.immobilienbusiness.ch\\\/#\\\/schema\\\/person\\\/3fc036297b10b9f42d6db5ee932af8c8\",\"name\":\"anja.hall\",\"image\":{\"@type\":\"ImageObject\",\"inLanguage\":\"it-IT\",\"@id\":\"https:\\\/\\\/secure.gravatar.com\\\/avatar\\\/066b5a0d447013502c71a5782f4f3469f03cfe595cc2329fb94652fe47511bfb?s=96&d=mm&r=g\",\"url\":\"https:\\\/\\\/secure.gravatar.com\\\/avatar\\\/066b5a0d447013502c71a5782f4f3469f03cfe595cc2329fb94652fe47511bfb?s=96&d=mm&r=g\",\"contentUrl\":\"https:\\\/\\\/secure.gravatar.com\\\/avatar\\\/066b5a0d447013502c71a5782f4f3469f03cfe595cc2329fb94652fe47511bfb?s=96&d=mm&r=g\",\"caption\":\"anja.hall\"},\"url\":\"https:\\\/\\\/www.immobilienbusiness.ch\\\/it\\\/author\\\/anja-hall\\\/\"}]}<\/script>\n<!-- \/ Yoast SEO plugin. -->","yoast_head_json":{"title":"Projekt Riva in Arbon kommt an die Urne - IMMOBILIEN Business","description":"Zum Hochhaus-Projekt Riva in Arbon (TG) wird es ein Referendum geben. Ob das Projekt der HRS Real Estate realisiert werden kann, ist damit fraglich.","robots":{"index":"index","follow":"follow","max-snippet":"max-snippet:-1","max-image-preview":"max-image-preview:large","max-video-preview":"max-video-preview:-1"},"canonical":"https:\/\/www.immobilienbusiness.ch\/it\/regionen\/2022-01-06\/projekt-riva-in-arbon-kommt-an-die-urne\/","og_locale":"it_IT","og_type":"article","og_title":"Projekt Riva in Arbon kommt an die Urne - IMMOBILIEN Business","og_description":"Zum Hochhaus-Projekt Riva in Arbon (TG) wird es ein Referendum geben. Ob das Projekt der HRS Real Estate realisiert werden kann, ist damit fraglich.","og_url":"https:\/\/www.immobilienbusiness.ch\/it\/regionen\/2022-01-06\/projekt-riva-in-arbon-kommt-an-die-urne\/","og_site_name":"IMMOBILIEN Business","article_publisher":"https:\/\/www.facebook.com\/immobilienbusiness\/","article_published_time":"2022-01-06T07:50:16+00:00","article_modified_time":"2022-01-06T08:14:43+00:00","og_image":[{"width":1200,"height":800,"url":"https:\/\/www.immobilienbusiness.ch\/wp-content\/uploads\/2022\/01\/20130924_arbon_riva_visu_2-scaled.jpg","type":"image\/jpeg"}],"author":"anja.hall","twitter_card":"summary_large_image","twitter_image":"https:\/\/www.immobilienbusiness.ch\/wp-content\/uploads\/2022\/01\/20130924_arbon_riva_visu_2-scaled.jpg","schema":{"@context":"https:\/\/schema.org","@graph":[{"@type":"Article","@id":"https:\/\/www.immobilienbusiness.ch\/regionen\/2022-01-06\/projekt-riva-in-arbon-kommt-an-die-urne\/#article","isPartOf":{"@id":"https:\/\/www.immobilienbusiness.ch\/regionen\/2022-01-06\/projekt-riva-in-arbon-kommt-an-die-urne\/"},"author":{"name":"anja.hall","@id":"https:\/\/www.immobilienbusiness.ch\/#\/schema\/person\/3fc036297b10b9f42d6db5ee932af8c8"},"headline":"Projekt Riva in Arbon kommt an die Urne","datePublished":"2022-01-06T07:50:16+00:00","dateModified":"2022-01-06T08:14:43+00:00","mainEntityOfPage":{"@id":"https:\/\/www.immobilienbusiness.ch\/regionen\/2022-01-06\/projekt-riva-in-arbon-kommt-an-die-urne\/"},"wordCount":343,"publisher":{"@id":"https:\/\/www.immobilienbusiness.ch\/#organization"},"image":{"@id":"https:\/\/www.immobilienbusiness.ch\/regionen\/2022-01-06\/projekt-riva-in-arbon-kommt-an-die-urne\/#primaryimage"},"thumbnailUrl":"https:\/\/www.immobilienbusiness.ch\/wp-content\/uploads\/2022\/01\/20130924_arbon_riva_visu_2-scaled.jpg","keywords":["Arbon","HRS Real Estate","Projekt in Planung","Wohnimmobilien"],"articleSection":["REGIONEN"],"inLanguage":"it-IT"},{"@type":"WebPage","@id":"https:\/\/www.immobilienbusiness.ch\/regionen\/2022-01-06\/projekt-riva-in-arbon-kommt-an-die-urne\/","url":"https:\/\/www.immobilienbusiness.ch\/regionen\/2022-01-06\/projekt-riva-in-arbon-kommt-an-die-urne\/","name":"Projekt Riva in Arbon kommt an die Urne - IMMOBILIEN Business","isPartOf":{"@id":"https:\/\/www.immobilienbusiness.ch\/#website"},"primaryImageOfPage":{"@id":"https:\/\/www.immobilienbusiness.ch\/regionen\/2022-01-06\/projekt-riva-in-arbon-kommt-an-die-urne\/#primaryimage"},"image":{"@id":"https:\/\/www.immobilienbusiness.ch\/regionen\/2022-01-06\/projekt-riva-in-arbon-kommt-an-die-urne\/#primaryimage"},"thumbnailUrl":"https:\/\/www.immobilienbusiness.ch\/wp-content\/uploads\/2022\/01\/20130924_arbon_riva_visu_2-scaled.jpg","datePublished":"2022-01-06T07:50:16+00:00","dateModified":"2022-01-06T08:14:43+00:00","description":"Zum Hochhaus-Projekt Riva in Arbon (TG) wird es ein Referendum geben. Ob das Projekt der HRS Real Estate realisiert werden kann, ist damit fraglich.","breadcrumb":{"@id":"https:\/\/www.immobilienbusiness.ch\/regionen\/2022-01-06\/projekt-riva-in-arbon-kommt-an-die-urne\/#breadcrumb"},"inLanguage":"it-IT","potentialAction":[{"@type":"ReadAction","target":["https:\/\/www.immobilienbusiness.ch\/regionen\/2022-01-06\/projekt-riva-in-arbon-kommt-an-die-urne\/"]}]},{"@type":"ImageObject","inLanguage":"it-IT","@id":"https:\/\/www.immobilienbusiness.ch\/regionen\/2022-01-06\/projekt-riva-in-arbon-kommt-an-die-urne\/#primaryimage","url":"https:\/\/www.immobilienbusiness.ch\/wp-content\/uploads\/2022\/01\/20130924_arbon_riva_visu_2-scaled.jpg","contentUrl":"https:\/\/www.immobilienbusiness.ch\/wp-content\/uploads\/2022\/01\/20130924_arbon_riva_visu_2-scaled.jpg","width":1200,"height":800,"caption":"Visualisierung der Riva-Wohnt\u00fcrme (Quelle: HRS Real Estate)"},{"@type":"BreadcrumbList","@id":"https:\/\/www.immobilienbusiness.ch\/regionen\/2022-01-06\/projekt-riva-in-arbon-kommt-an-die-urne\/#breadcrumb","itemListElement":[{"@type":"ListItem","position":1,"name":"Home","item":"https:\/\/www.immobilienbusiness.ch\/"},{"@type":"ListItem","position":2,"name":"Projekt Riva in Arbon kommt an die Urne"}]},{"@type":"WebSite","@id":"https:\/\/www.immobilienbusiness.ch\/#website","url":"https:\/\/www.immobilienbusiness.ch\/","name":"Affari immobiliari","description":"Rivista economica indipendente svizzera che si concentra sul settore immobiliare, l'architettura e la costruzione, nonch\u00e9 sugli investimenti e i finanziamenti.","publisher":{"@id":"https:\/\/www.immobilienbusiness.ch\/#organization"},"potentialAction":[{"@type":"SearchAction","target":{"@type":"EntryPoint","urlTemplate":"https:\/\/www.immobilienbusiness.ch\/?s={search_term_string}"},"query-input":{"@type":"PropertyValueSpecification","valueRequired":true,"valueName":"search_term_string"}}],"inLanguage":"it-IT"},{"@type":"Organization","@id":"https:\/\/www.immobilienbusiness.ch\/#organization","name":"Affari immobiliari","url":"https:\/\/www.immobilienbusiness.ch\/","logo":{"@type":"ImageObject","inLanguage":"it-IT","@id":"https:\/\/www.immobilienbusiness.ch\/#\/schema\/logo\/image\/","url":"https:\/\/www.immobilienbusiness.ch\/wp-content\/uploads\/2021\/07\/logo_ib.png","contentUrl":"https:\/\/www.immobilienbusiness.ch\/wp-content\/uploads\/2021\/07\/logo_ib.png","width":800,"height":181,"caption":"IMMOBILIEN Business"},"image":{"@id":"https:\/\/www.immobilienbusiness.ch\/#\/schema\/logo\/image\/"},"sameAs":["https:\/\/www.facebook.com\/immobilienbusiness\/"]},{"@type":"Person","@id":"https:\/\/www.immobilienbusiness.ch\/#\/schema\/person\/3fc036297b10b9f42d6db5ee932af8c8","name":"anja.hall","image":{"@type":"ImageObject","inLanguage":"it-IT","@id":"https:\/\/secure.gravatar.com\/avatar\/066b5a0d447013502c71a5782f4f3469f03cfe595cc2329fb94652fe47511bfb?s=96&d=mm&r=g","url":"https:\/\/secure.gravatar.com\/avatar\/066b5a0d447013502c71a5782f4f3469f03cfe595cc2329fb94652fe47511bfb?s=96&d=mm&r=g","contentUrl":"https:\/\/secure.gravatar.com\/avatar\/066b5a0d447013502c71a5782f4f3469f03cfe595cc2329fb94652fe47511bfb?s=96&d=mm&r=g","caption":"anja.hall"},"url":"https:\/\/www.immobilienbusiness.ch\/it\/author\/anja-hall\/"}]}},"_links":{"self":[{"href":"https:\/\/www.immobilienbusiness.ch\/it\/wp-json\/wp\/v2\/posts\/39599","targetHints":{"allow":["GET"]}}],"collection":[{"href":"https:\/\/www.immobilienbusiness.ch\/it\/wp-json\/wp\/v2\/posts"}],"about":[{"href":"https:\/\/www.immobilienbusiness.ch\/it\/wp-json\/wp\/v2\/types\/post"}],"author":[{"embeddable":true,"href":"https:\/\/www.immobilienbusiness.ch\/it\/wp-json\/wp\/v2\/users\/3"}],"replies":[{"embeddable":true,"href":"https:\/\/www.immobilienbusiness.ch\/it\/wp-json\/wp\/v2\/comments?post=39599"}],"version-history":[{"count":2,"href":"https:\/\/www.immobilienbusiness.ch\/it\/wp-json\/wp\/v2\/posts\/39599\/revisions"}],"predecessor-version":[{"id":39609,"href":"https:\/\/www.immobilienbusiness.ch\/it\/wp-json\/wp\/v2\/posts\/39599\/revisions\/39609"}],"wp:featuredmedia":[{"embeddable":true,"href":"https:\/\/www.immobilienbusiness.ch\/it\/wp-json\/wp\/v2\/media\/39600"}],"wp:attachment":[{"href":"https:\/\/www.immobilienbusiness.ch\/it\/wp-json\/wp\/v2\/media?parent=39599"}],"wp:term":[{"taxonomy":"category","embeddable":true,"href":"https:\/\/www.immobilienbusiness.ch\/it\/wp-json\/wp\/v2\/categories?post=39599"},{"taxonomy":"post_tag","embeddable":true,"href":"https:\/\/www.immobilienbusiness.ch\/it\/wp-json\/wp\/v2\/tags?post=39599"}],"curies":[{"name":"wp","href":"https:\/\/api.w.org\/{rel}","templated":true}]}}