{"id":39584,"date":"2022-01-05T09:16:13","date_gmt":"2022-01-05T08:16:13","guid":{"rendered":"https:\/\/www.immobilienbusiness.ch\/?p=39584"},"modified":"2022-01-05T09:16:13","modified_gmt":"2022-01-05T08:16:13","slug":"apleona-buendelt-die-schweizer-geschaefte","status":"publish","type":"post","link":"https:\/\/www.immobilienbusiness.ch\/it\/unternehmen\/2022-01-05\/apleona-buendelt-die-schweizer-geschaefte\/","title":{"rendered":"Apleona raggruppa le imprese svizzere"},"content":{"rendered":"<figure id=\"attachment_39585\" aria-describedby=\"caption-attachment-39585\" style=\"width: 2560px\" class=\"wp-caption alignnone\"><img loading=\"lazy\" decoding=\"async\" class=\"wp-image-39585 size-full\" src=\"https:\/\/www.immobilienbusiness.ch\/wp-content\/uploads\/2022\/01\/The-new-management-team-of-Apleona-Switzerland-Ltd.-\u00a9-Apleona-scaled.jpg\" alt=\"\" width=\"2560\" height=\"1707\" srcset=\"https:\/\/www.immobilienbusiness.ch\/wp-content\/uploads\/2022\/01\/The-new-management-team-of-Apleona-Switzerland-Ltd.-\u00a9-Apleona-scaled.jpg 1200w, https:\/\/www.immobilienbusiness.ch\/wp-content\/uploads\/2022\/01\/The-new-management-team-of-Apleona-Switzerland-Ltd.-\u00a9-Apleona-300x200.jpg 300w, https:\/\/www.immobilienbusiness.ch\/wp-content\/uploads\/2022\/01\/The-new-management-team-of-Apleona-Switzerland-Ltd.-\u00a9-Apleona-1024x683.jpg 1024w, https:\/\/www.immobilienbusiness.ch\/wp-content\/uploads\/2022\/01\/The-new-management-team-of-Apleona-Switzerland-Ltd.-\u00a9-Apleona-768x512.jpg 768w, https:\/\/www.immobilienbusiness.ch\/wp-content\/uploads\/2022\/01\/The-new-management-team-of-Apleona-Switzerland-Ltd.-\u00a9-Apleona-1536x1024.jpg 1536w, https:\/\/www.immobilienbusiness.ch\/wp-content\/uploads\/2022\/01\/The-new-management-team-of-Apleona-Switzerland-Ltd.-\u00a9-Apleona-2048x1365.jpg 2048w, https:\/\/www.immobilienbusiness.ch\/wp-content\/uploads\/2022\/01\/The-new-management-team-of-Apleona-Switzerland-Ltd.-\u00a9-Apleona-16x12.jpg 16w, https:\/\/www.immobilienbusiness.ch\/wp-content\/uploads\/2022\/01\/The-new-management-team-of-Apleona-Switzerland-Ltd.-\u00a9-Apleona-263x175.jpg 263w, https:\/\/www.immobilienbusiness.ch\/wp-content\/uploads\/2022\/01\/The-new-management-team-of-Apleona-Switzerland-Ltd.-\u00a9-Apleona-525x350.jpg 525w, https:\/\/www.immobilienbusiness.ch\/wp-content\/uploads\/2022\/01\/The-new-management-team-of-Apleona-Switzerland-Ltd.-\u00a9-Apleona-920x613.jpg 920w\" sizes=\"auto, (max-width: 2560px) 100vw, 2560px\" \/><figcaption id=\"caption-attachment-39585\" class=\"wp-caption-text\">La nuova direzione di Apleona Svizzera: Sabrina Hauser, Michael Rohner, Markus Faber, Thomas Scheiber (da sinistra a destra; \u00a9 Apleona)<\/figcaption><\/figure>\n<p>Il fornitore di servizi immobiliari sta fondendo Apleona HSG, che si concentra sul facility management, con Apleona Real Estate per formare Apleona Schweiz AG. La direzione della nuova societ\u00e0 \u00e8 composta da Michael Rohner (CEO), Markus Faber (COO, Facility Management), Thomas Scheiber (COO, Facility Management) e Sabrina Hauser (COO, Real Estate Management).<\/p>\n<p>La fusione ha avuto luogo il 1\u00b0 gennaio, e la fusione legale sar\u00e0 completata nel corso della primavera 2022, annuncia Apleona. In futuro, pi\u00f9 di 1.400 dipendenti lavoreranno per Apleona Schweiz AG in 13 sedi. <em>(ah)<\/em><\/p>","protected":false},"excerpt":{"rendered":"<p>Apleona f\u00fchrt die Leistungen des Facility Managements und des Real Estate Managements in eine gemeinsame Gesellschaft zusammen &#8211; die Apleona Schweiz AG. <\/p>","protected":false},"author":3,"featured_media":39585,"comment_status":"closed","ping_status":"closed","sticky":false,"template":"","format":"standard","meta":{"_acf_changed":false,"_yoast_wpseo_focuskw":"Apleona","_yoast_wpseo_title":"","_yoast_wpseo_metadesc":"Apleona f\u00fchrt die Leistungen des Facility Managements und des Real Estate Managements in eine gemeinsame Gesellschaft zusammen - die Apleona Schweiz AG.","_yoast_wpseo_linkdex":41,"pgc_sgb_lightbox_settings":"","footnotes":""},"categories":[988],"tags":[1034,1035,1216],"class_list":["post-39584","post","type-post","status-publish","format-standard","has-post-thumbnail","hentry","category-unternehmen","tag-apleona","tag-apleona-hsg-ag","tag-facility-management"],"acf":[],"yoast_head":"<!-- This site is optimized with the Yoast SEO plugin v27.5 - https:\/\/yoast.com\/product\/yoast-seo-wordpress\/ -->\n<title>Apleona b\u00fcndelt die Schweizer Gesch\u00e4fte - IMMOBILIEN Business<\/title>\n<meta name=\"description\" content=\"Apleona f\u00fchrt die Leistungen des Facility Managements und des Real Estate Managements in eine gemeinsame Gesellschaft zusammen - die Apleona Schweiz AG.\" \/>\n<meta name=\"robots\" content=\"index, follow, max-snippet:-1, max-image-preview:large, max-video-preview:-1\" \/>\n<link rel=\"canonical\" href=\"https:\/\/www.immobilienbusiness.ch\/it\/unternehmen\/2022-01-05\/apleona-buendelt-die-schweizer-geschaefte\/\" \/>\n<meta property=\"og:locale\" content=\"it_IT\" \/>\n<meta property=\"og:type\" content=\"article\" \/>\n<meta property=\"og:title\" content=\"Apleona b\u00fcndelt die Schweizer Gesch\u00e4fte - IMMOBILIEN Business\" \/>\n<meta property=\"og:description\" content=\"Apleona f\u00fchrt die Leistungen des Facility Managements und des Real Estate Managements in eine gemeinsame Gesellschaft zusammen - die Apleona Schweiz AG.\" \/>\n<meta property=\"og:url\" content=\"https:\/\/www.immobilienbusiness.ch\/it\/unternehmen\/2022-01-05\/apleona-buendelt-die-schweizer-geschaefte\/\" \/>\n<meta property=\"og:site_name\" content=\"IMMOBILIEN Business\" \/>\n<meta property=\"article:publisher\" content=\"https:\/\/www.facebook.com\/immobilienbusiness\/\" \/>\n<meta property=\"article:published_time\" content=\"2022-01-05T08:16:13+00:00\" \/>\n<meta property=\"og:image\" content=\"https:\/\/www.immobilienbusiness.ch\/wp-content\/uploads\/2022\/01\/The-new-management-team-of-Apleona-Switzerland-Ltd.-\u00a9-Apleona-scaled.jpg\" \/>\n\t<meta property=\"og:image:width\" content=\"1200\" \/>\n\t<meta property=\"og:image:height\" content=\"800\" \/>\n\t<meta property=\"og:image:type\" content=\"image\/jpeg\" \/>\n<meta name=\"author\" content=\"anja.hall\" \/>\n<meta name=\"twitter:card\" content=\"summary_large_image\" \/>\n<meta name=\"twitter:image\" content=\"https:\/\/www.immobilienbusiness.ch\/wp-content\/uploads\/2022\/01\/The-new-management-team-of-Apleona-Switzerland-Ltd.-\u00a9-Apleona-scaled.jpg\" \/>\n<script type=\"application\/ld+json\" class=\"yoast-schema-graph\">{\"@context\":\"https:\\\/\\\/schema.org\",\"@graph\":[{\"@type\":\"Article\",\"@id\":\"https:\\\/\\\/www.immobilienbusiness.ch\\\/en\\\/unternehmen\\\/2022-01-05\\\/apleona-buendelt-die-schweizer-geschaefte\\\/#article\",\"isPartOf\":{\"@id\":\"https:\\\/\\\/www.immobilienbusiness.ch\\\/en\\\/unternehmen\\\/2022-01-05\\\/apleona-buendelt-die-schweizer-geschaefte\\\/\"},\"author\":{\"name\":\"anja.hall\",\"@id\":\"https:\\\/\\\/www.immobilienbusiness.ch\\\/#\\\/schema\\\/person\\\/3fc036297b10b9f42d6db5ee932af8c8\"},\"headline\":\"Apleona b\u00fcndelt die Schweizer Gesch\u00e4fte\",\"datePublished\":\"2022-01-05T08:16:13+00:00\",\"mainEntityOfPage\":{\"@id\":\"https:\\\/\\\/www.immobilienbusiness.ch\\\/en\\\/unternehmen\\\/2022-01-05\\\/apleona-buendelt-die-schweizer-geschaefte\\\/\"},\"wordCount\":116,\"publisher\":{\"@id\":\"https:\\\/\\\/www.immobilienbusiness.ch\\\/#organization\"},\"image\":{\"@id\":\"https:\\\/\\\/www.immobilienbusiness.ch\\\/en\\\/unternehmen\\\/2022-01-05\\\/apleona-buendelt-die-schweizer-geschaefte\\\/#primaryimage\"},\"thumbnailUrl\":\"https:\\\/\\\/www.immobilienbusiness.ch\\\/wp-content\\\/uploads\\\/2022\\\/01\\\/The-new-management-team-of-Apleona-Switzerland-Ltd.-\u00a9-Apleona-scaled.jpg\",\"keywords\":[\"Apleona\",\"Apleona HSG AG\",\"Facility Management\"],\"articleSection\":[\"UNTERNEHMEN\"],\"inLanguage\":\"it-IT\"},{\"@type\":\"WebPage\",\"@id\":\"https:\\\/\\\/www.immobilienbusiness.ch\\\/en\\\/unternehmen\\\/2022-01-05\\\/apleona-buendelt-die-schweizer-geschaefte\\\/\",\"url\":\"https:\\\/\\\/www.immobilienbusiness.ch\\\/en\\\/unternehmen\\\/2022-01-05\\\/apleona-buendelt-die-schweizer-geschaefte\\\/\",\"name\":\"Apleona b\u00fcndelt die Schweizer Gesch\u00e4fte - IMMOBILIEN Business\",\"isPartOf\":{\"@id\":\"https:\\\/\\\/www.immobilienbusiness.ch\\\/#website\"},\"primaryImageOfPage\":{\"@id\":\"https:\\\/\\\/www.immobilienbusiness.ch\\\/en\\\/unternehmen\\\/2022-01-05\\\/apleona-buendelt-die-schweizer-geschaefte\\\/#primaryimage\"},\"image\":{\"@id\":\"https:\\\/\\\/www.immobilienbusiness.ch\\\/en\\\/unternehmen\\\/2022-01-05\\\/apleona-buendelt-die-schweizer-geschaefte\\\/#primaryimage\"},\"thumbnailUrl\":\"https:\\\/\\\/www.immobilienbusiness.ch\\\/wp-content\\\/uploads\\\/2022\\\/01\\\/The-new-management-team-of-Apleona-Switzerland-Ltd.-\u00a9-Apleona-scaled.jpg\",\"datePublished\":\"2022-01-05T08:16:13+00:00\",\"description\":\"Apleona f\u00fchrt die Leistungen des Facility Managements und des Real Estate Managements in eine gemeinsame Gesellschaft zusammen - die Apleona Schweiz AG.\",\"breadcrumb\":{\"@id\":\"https:\\\/\\\/www.immobilienbusiness.ch\\\/en\\\/unternehmen\\\/2022-01-05\\\/apleona-buendelt-die-schweizer-geschaefte\\\/#breadcrumb\"},\"inLanguage\":\"it-IT\",\"potentialAction\":[{\"@type\":\"ReadAction\",\"target\":[\"https:\\\/\\\/www.immobilienbusiness.ch\\\/en\\\/unternehmen\\\/2022-01-05\\\/apleona-buendelt-die-schweizer-geschaefte\\\/\"]}]},{\"@type\":\"ImageObject\",\"inLanguage\":\"it-IT\",\"@id\":\"https:\\\/\\\/www.immobilienbusiness.ch\\\/en\\\/unternehmen\\\/2022-01-05\\\/apleona-buendelt-die-schweizer-geschaefte\\\/#primaryimage\",\"url\":\"https:\\\/\\\/www.immobilienbusiness.ch\\\/wp-content\\\/uploads\\\/2022\\\/01\\\/The-new-management-team-of-Apleona-Switzerland-Ltd.-\u00a9-Apleona-scaled.jpg\",\"contentUrl\":\"https:\\\/\\\/www.immobilienbusiness.ch\\\/wp-content\\\/uploads\\\/2022\\\/01\\\/The-new-management-team-of-Apleona-Switzerland-Ltd.-\u00a9-Apleona-scaled.jpg\",\"width\":1200,\"height\":800,\"caption\":\"Die neue Gesch\u00e4ftsleitung der Apleona Schweiz: Sabrina Hauser, Michael Rohner, Markus Faber, Thomas Scheiber (v.l.n.r.; \u00a9 Apleona)\"},{\"@type\":\"BreadcrumbList\",\"@id\":\"https:\\\/\\\/www.immobilienbusiness.ch\\\/en\\\/unternehmen\\\/2022-01-05\\\/apleona-buendelt-die-schweizer-geschaefte\\\/#breadcrumb\",\"itemListElement\":[{\"@type\":\"ListItem\",\"position\":1,\"name\":\"Home\",\"item\":\"https:\\\/\\\/www.immobilienbusiness.ch\\\/\"},{\"@type\":\"ListItem\",\"position\":2,\"name\":\"Apleona b\u00fcndelt die Schweizer Gesch\u00e4fte\"}]},{\"@type\":\"WebSite\",\"@id\":\"https:\\\/\\\/www.immobilienbusiness.ch\\\/#website\",\"url\":\"https:\\\/\\\/www.immobilienbusiness.ch\\\/\",\"name\":\"IMMOBILIEN Business\",\"description\":\"Unabh\u00e4ngiges Schweizer Wirtschaftsmagazin mit Fokus auf Immobilien, Architektur- und Bau sowie Investment- und Finanzierung.\",\"publisher\":{\"@id\":\"https:\\\/\\\/www.immobilienbusiness.ch\\\/#organization\"},\"potentialAction\":[{\"@type\":\"SearchAction\",\"target\":{\"@type\":\"EntryPoint\",\"urlTemplate\":\"https:\\\/\\\/www.immobilienbusiness.ch\\\/?s={search_term_string}\"},\"query-input\":{\"@type\":\"PropertyValueSpecification\",\"valueRequired\":true,\"valueName\":\"search_term_string\"}}],\"inLanguage\":\"it-IT\"},{\"@type\":\"Organization\",\"@id\":\"https:\\\/\\\/www.immobilienbusiness.ch\\\/#organization\",\"name\":\"IMMOBILIEN Business\",\"url\":\"https:\\\/\\\/www.immobilienbusiness.ch\\\/\",\"logo\":{\"@type\":\"ImageObject\",\"inLanguage\":\"it-IT\",\"@id\":\"https:\\\/\\\/www.immobilienbusiness.ch\\\/#\\\/schema\\\/logo\\\/image\\\/\",\"url\":\"https:\\\/\\\/www.immobilienbusiness.ch\\\/wp-content\\\/uploads\\\/2021\\\/07\\\/logo_ib.png\",\"contentUrl\":\"https:\\\/\\\/www.immobilienbusiness.ch\\\/wp-content\\\/uploads\\\/2021\\\/07\\\/logo_ib.png\",\"width\":800,\"height\":181,\"caption\":\"IMMOBILIEN Business\"},\"image\":{\"@id\":\"https:\\\/\\\/www.immobilienbusiness.ch\\\/#\\\/schema\\\/logo\\\/image\\\/\"},\"sameAs\":[\"https:\\\/\\\/www.facebook.com\\\/immobilienbusiness\\\/\"]},{\"@type\":\"Person\",\"@id\":\"https:\\\/\\\/www.immobilienbusiness.ch\\\/#\\\/schema\\\/person\\\/3fc036297b10b9f42d6db5ee932af8c8\",\"name\":\"anja.hall\",\"image\":{\"@type\":\"ImageObject\",\"inLanguage\":\"it-IT\",\"@id\":\"https:\\\/\\\/secure.gravatar.com\\\/avatar\\\/066b5a0d447013502c71a5782f4f3469f03cfe595cc2329fb94652fe47511bfb?s=96&d=mm&r=g\",\"url\":\"https:\\\/\\\/secure.gravatar.com\\\/avatar\\\/066b5a0d447013502c71a5782f4f3469f03cfe595cc2329fb94652fe47511bfb?s=96&d=mm&r=g\",\"contentUrl\":\"https:\\\/\\\/secure.gravatar.com\\\/avatar\\\/066b5a0d447013502c71a5782f4f3469f03cfe595cc2329fb94652fe47511bfb?s=96&d=mm&r=g\",\"caption\":\"anja.hall\"},\"url\":\"https:\\\/\\\/www.immobilienbusiness.ch\\\/it\\\/author\\\/anja-hall\\\/\"}]}<\/script>\n<!-- \/ Yoast SEO plugin. -->","yoast_head_json":{"title":"Apleona b\u00fcndelt die Schweizer Gesch\u00e4fte - IMMOBILIEN Business","description":"Apleona fonde i servizi di facility management e gestione immobiliare in una societ\u00e0 comune - Apleona Schweiz AG.","robots":{"index":"index","follow":"follow","max-snippet":"max-snippet:-1","max-image-preview":"max-image-preview:large","max-video-preview":"max-video-preview:-1"},"canonical":"https:\/\/www.immobilienbusiness.ch\/it\/unternehmen\/2022-01-05\/apleona-buendelt-die-schweizer-geschaefte\/","og_locale":"it_IT","og_type":"article","og_title":"Apleona b\u00fcndelt die Schweizer Gesch\u00e4fte - IMMOBILIEN Business","og_description":"Apleona f\u00fchrt die Leistungen des Facility Managements und des Real Estate Managements in eine gemeinsame Gesellschaft zusammen - die Apleona Schweiz AG.","og_url":"https:\/\/www.immobilienbusiness.ch\/it\/unternehmen\/2022-01-05\/apleona-buendelt-die-schweizer-geschaefte\/","og_site_name":"IMMOBILIEN Business","article_publisher":"https:\/\/www.facebook.com\/immobilienbusiness\/","article_published_time":"2022-01-05T08:16:13+00:00","og_image":[{"width":1200,"height":800,"url":"https:\/\/www.immobilienbusiness.ch\/wp-content\/uploads\/2022\/01\/The-new-management-team-of-Apleona-Switzerland-Ltd.-\u00a9-Apleona-scaled.jpg","type":"image\/jpeg"}],"author":"anja.hall","twitter_card":"summary_large_image","twitter_image":"https:\/\/www.immobilienbusiness.ch\/wp-content\/uploads\/2022\/01\/The-new-management-team-of-Apleona-Switzerland-Ltd.-\u00a9-Apleona-scaled.jpg","schema":{"@context":"https:\/\/schema.org","@graph":[{"@type":"Article","@id":"https:\/\/www.immobilienbusiness.ch\/en\/unternehmen\/2022-01-05\/apleona-buendelt-die-schweizer-geschaefte\/#article","isPartOf":{"@id":"https:\/\/www.immobilienbusiness.ch\/en\/unternehmen\/2022-01-05\/apleona-buendelt-die-schweizer-geschaefte\/"},"author":{"name":"anja.hall","@id":"https:\/\/www.immobilienbusiness.ch\/#\/schema\/person\/3fc036297b10b9f42d6db5ee932af8c8"},"headline":"Apleona b\u00fcndelt die Schweizer Gesch\u00e4fte","datePublished":"2022-01-05T08:16:13+00:00","mainEntityOfPage":{"@id":"https:\/\/www.immobilienbusiness.ch\/en\/unternehmen\/2022-01-05\/apleona-buendelt-die-schweizer-geschaefte\/"},"wordCount":116,"publisher":{"@id":"https:\/\/www.immobilienbusiness.ch\/#organization"},"image":{"@id":"https:\/\/www.immobilienbusiness.ch\/en\/unternehmen\/2022-01-05\/apleona-buendelt-die-schweizer-geschaefte\/#primaryimage"},"thumbnailUrl":"https:\/\/www.immobilienbusiness.ch\/wp-content\/uploads\/2022\/01\/The-new-management-team-of-Apleona-Switzerland-Ltd.-\u00a9-Apleona-scaled.jpg","keywords":["Apleona","Apleona HSG AG","Facility Management"],"articleSection":["UNTERNEHMEN"],"inLanguage":"it-IT"},{"@type":"WebPage","@id":"https:\/\/www.immobilienbusiness.ch\/en\/unternehmen\/2022-01-05\/apleona-buendelt-die-schweizer-geschaefte\/","url":"https:\/\/www.immobilienbusiness.ch\/en\/unternehmen\/2022-01-05\/apleona-buendelt-die-schweizer-geschaefte\/","name":"Apleona b\u00fcndelt die Schweizer Gesch\u00e4fte - IMMOBILIEN Business","isPartOf":{"@id":"https:\/\/www.immobilienbusiness.ch\/#website"},"primaryImageOfPage":{"@id":"https:\/\/www.immobilienbusiness.ch\/en\/unternehmen\/2022-01-05\/apleona-buendelt-die-schweizer-geschaefte\/#primaryimage"},"image":{"@id":"https:\/\/www.immobilienbusiness.ch\/en\/unternehmen\/2022-01-05\/apleona-buendelt-die-schweizer-geschaefte\/#primaryimage"},"thumbnailUrl":"https:\/\/www.immobilienbusiness.ch\/wp-content\/uploads\/2022\/01\/The-new-management-team-of-Apleona-Switzerland-Ltd.-\u00a9-Apleona-scaled.jpg","datePublished":"2022-01-05T08:16:13+00:00","description":"Apleona fonde i servizi di facility management e gestione immobiliare in una societ\u00e0 comune - Apleona Schweiz AG.","breadcrumb":{"@id":"https:\/\/www.immobilienbusiness.ch\/en\/unternehmen\/2022-01-05\/apleona-buendelt-die-schweizer-geschaefte\/#breadcrumb"},"inLanguage":"it-IT","potentialAction":[{"@type":"ReadAction","target":["https:\/\/www.immobilienbusiness.ch\/en\/unternehmen\/2022-01-05\/apleona-buendelt-die-schweizer-geschaefte\/"]}]},{"@type":"ImageObject","inLanguage":"it-IT","@id":"https:\/\/www.immobilienbusiness.ch\/en\/unternehmen\/2022-01-05\/apleona-buendelt-die-schweizer-geschaefte\/#primaryimage","url":"https:\/\/www.immobilienbusiness.ch\/wp-content\/uploads\/2022\/01\/The-new-management-team-of-Apleona-Switzerland-Ltd.-\u00a9-Apleona-scaled.jpg","contentUrl":"https:\/\/www.immobilienbusiness.ch\/wp-content\/uploads\/2022\/01\/The-new-management-team-of-Apleona-Switzerland-Ltd.-\u00a9-Apleona-scaled.jpg","width":1200,"height":800,"caption":"Die neue Gesch\u00e4ftsleitung der Apleona Schweiz: Sabrina Hauser, Michael Rohner, Markus Faber, Thomas Scheiber (v.l.n.r.; \u00a9 Apleona)"},{"@type":"BreadcrumbList","@id":"https:\/\/www.immobilienbusiness.ch\/en\/unternehmen\/2022-01-05\/apleona-buendelt-die-schweizer-geschaefte\/#breadcrumb","itemListElement":[{"@type":"ListItem","position":1,"name":"Home","item":"https:\/\/www.immobilienbusiness.ch\/"},{"@type":"ListItem","position":2,"name":"Apleona b\u00fcndelt die Schweizer Gesch\u00e4fte"}]},{"@type":"WebSite","@id":"https:\/\/www.immobilienbusiness.ch\/#website","url":"https:\/\/www.immobilienbusiness.ch\/","name":"Affari immobiliari","description":"Rivista economica indipendente svizzera che si concentra sul settore immobiliare, l'architettura e la costruzione, nonch\u00e9 sugli investimenti e i finanziamenti.","publisher":{"@id":"https:\/\/www.immobilienbusiness.ch\/#organization"},"potentialAction":[{"@type":"SearchAction","target":{"@type":"EntryPoint","urlTemplate":"https:\/\/www.immobilienbusiness.ch\/?s={search_term_string}"},"query-input":{"@type":"PropertyValueSpecification","valueRequired":true,"valueName":"search_term_string"}}],"inLanguage":"it-IT"},{"@type":"Organization","@id":"https:\/\/www.immobilienbusiness.ch\/#organization","name":"Affari immobiliari","url":"https:\/\/www.immobilienbusiness.ch\/","logo":{"@type":"ImageObject","inLanguage":"it-IT","@id":"https:\/\/www.immobilienbusiness.ch\/#\/schema\/logo\/image\/","url":"https:\/\/www.immobilienbusiness.ch\/wp-content\/uploads\/2021\/07\/logo_ib.png","contentUrl":"https:\/\/www.immobilienbusiness.ch\/wp-content\/uploads\/2021\/07\/logo_ib.png","width":800,"height":181,"caption":"IMMOBILIEN Business"},"image":{"@id":"https:\/\/www.immobilienbusiness.ch\/#\/schema\/logo\/image\/"},"sameAs":["https:\/\/www.facebook.com\/immobilienbusiness\/"]},{"@type":"Person","@id":"https:\/\/www.immobilienbusiness.ch\/#\/schema\/person\/3fc036297b10b9f42d6db5ee932af8c8","name":"anja.hall","image":{"@type":"ImageObject","inLanguage":"it-IT","@id":"https:\/\/secure.gravatar.com\/avatar\/066b5a0d447013502c71a5782f4f3469f03cfe595cc2329fb94652fe47511bfb?s=96&d=mm&r=g","url":"https:\/\/secure.gravatar.com\/avatar\/066b5a0d447013502c71a5782f4f3469f03cfe595cc2329fb94652fe47511bfb?s=96&d=mm&r=g","contentUrl":"https:\/\/secure.gravatar.com\/avatar\/066b5a0d447013502c71a5782f4f3469f03cfe595cc2329fb94652fe47511bfb?s=96&d=mm&r=g","caption":"anja.hall"},"url":"https:\/\/www.immobilienbusiness.ch\/it\/author\/anja-hall\/"}]}},"_links":{"self":[{"href":"https:\/\/www.immobilienbusiness.ch\/it\/wp-json\/wp\/v2\/posts\/39584","targetHints":{"allow":["GET"]}}],"collection":[{"href":"https:\/\/www.immobilienbusiness.ch\/it\/wp-json\/wp\/v2\/posts"}],"about":[{"href":"https:\/\/www.immobilienbusiness.ch\/it\/wp-json\/wp\/v2\/types\/post"}],"author":[{"embeddable":true,"href":"https:\/\/www.immobilienbusiness.ch\/it\/wp-json\/wp\/v2\/users\/3"}],"replies":[{"embeddable":true,"href":"https:\/\/www.immobilienbusiness.ch\/it\/wp-json\/wp\/v2\/comments?post=39584"}],"version-history":[{"count":1,"href":"https:\/\/www.immobilienbusiness.ch\/it\/wp-json\/wp\/v2\/posts\/39584\/revisions"}],"predecessor-version":[{"id":39586,"href":"https:\/\/www.immobilienbusiness.ch\/it\/wp-json\/wp\/v2\/posts\/39584\/revisions\/39586"}],"wp:featuredmedia":[{"embeddable":true,"href":"https:\/\/www.immobilienbusiness.ch\/it\/wp-json\/wp\/v2\/media\/39585"}],"wp:attachment":[{"href":"https:\/\/www.immobilienbusiness.ch\/it\/wp-json\/wp\/v2\/media?parent=39584"}],"wp:term":[{"taxonomy":"category","embeddable":true,"href":"https:\/\/www.immobilienbusiness.ch\/it\/wp-json\/wp\/v2\/categories?post=39584"},{"taxonomy":"post_tag","embeddable":true,"href":"https:\/\/www.immobilienbusiness.ch\/it\/wp-json\/wp\/v2\/tags?post=39584"}],"curies":[{"name":"wp","href":"https:\/\/api.w.org\/{rel}","templated":true}]}}