{"id":39546,"date":"2021-12-23T08:15:58","date_gmt":"2021-12-23T07:15:58","guid":{"rendered":"https:\/\/www.immobilienbusiness.ch\/?p=39546"},"modified":"2021-12-23T08:42:42","modified_gmt":"2021-12-23T07:42:42","slug":"implenia-verkauft-die-beteiligung-an-gcm","status":"publish","type":"post","link":"https:\/\/www.immobilienbusiness.ch\/it\/unternehmen\/2021-12-23\/implenia-verkauft-die-beteiligung-an-gcm\/","title":{"rendered":"Implenia vende la sua partecipazione in GCM"},"content":{"rendered":"<figure id=\"attachment_6428\" aria-describedby=\"caption-attachment-6428\" style=\"width: 2560px\" class=\"wp-caption alignnone\"><img loading=\"lazy\" decoding=\"async\" class=\"wp-image-6428 size-full\" src=\"https:\/\/www.immobilienbusiness.ch\/wp-content\/uploads\/2017\/02\/swissmill-kran_1.jpg\" alt=\"\" width=\"2560\" height=\"1440\" srcset=\"https:\/\/www.immobilienbusiness.ch\/wp-content\/uploads\/2017\/02\/swissmill-kran_1.jpg 2560w, https:\/\/www.immobilienbusiness.ch\/wp-content\/uploads\/2017\/02\/swissmill-kran_1-300x169.jpg 300w, https:\/\/www.immobilienbusiness.ch\/wp-content\/uploads\/2017\/02\/swissmill-kran_1-1024x576.jpg 1024w, https:\/\/www.immobilienbusiness.ch\/wp-content\/uploads\/2017\/02\/swissmill-kran_1-768x432.jpg 768w, https:\/\/www.immobilienbusiness.ch\/wp-content\/uploads\/2017\/02\/swissmill-kran_1-1536x864.jpg 1536w, https:\/\/www.immobilienbusiness.ch\/wp-content\/uploads\/2017\/02\/swissmill-kran_1-2048x1152.jpg 2048w, https:\/\/www.immobilienbusiness.ch\/wp-content\/uploads\/2017\/02\/swissmill-kran_1-16x9.jpg 16w, https:\/\/www.immobilienbusiness.ch\/wp-content\/uploads\/2017\/02\/swissmill-kran_1-311x175.jpg 311w, https:\/\/www.immobilienbusiness.ch\/wp-content\/uploads\/2017\/02\/swissmill-kran_1-622x350.jpg 622w, https:\/\/www.immobilienbusiness.ch\/wp-content\/uploads\/2017\/02\/swissmill-kran_1-1422x800.jpg 1422w, https:\/\/www.immobilienbusiness.ch\/wp-content\/uploads\/2017\/02\/swissmill-kran_1-920x518.jpg 920w, https:\/\/www.immobilienbusiness.ch\/wp-content\/uploads\/2017\/02\/swissmill-kran_1-1400x788.jpg 1400w\" sizes=\"auto, (max-width: 2560px) 100vw, 2560px\" \/><figcaption id=\"caption-attachment-6428\" class=\"wp-caption-text\">Implenia vende la sua partecipazione in GCM SA (Immagine: Implenia)<\/figcaption><\/figure>\n<p>Implenia ha finora detenuto 66,67% a Gravi\u00e8re de la Claie-aux-Moines (GCM). L'azienda \u00e8 un grande produttore di calcestruzzo nella regione di Losanna e vi gestisce un impianto di ghiaia. Gli acquirenti sono l'azionista esistente Walo Bertschinger SA Romandie, Vigier Holding e H 2 M Participations. Walo Bertschinger deteneva gi\u00e0 una quota del 33,3% nel produttore di calcestruzzo e continuer\u00e0 a detenere una quota di minoranza, dice Implenia.<\/p>\n<p>L'accordo corrispondente \u00e8 stato firmato alla fine della settimana scorsa, e la responsabilit\u00e0 operativa di Implenia \u00e8 terminata il 22 dicembre con la chiusura della transazione. Le parti non hanno rivelato alcun dettaglio finanziario. Implenia sottolinea che la transazione non avr\u00e0 alcun impatto sui dipendenti di GCM. <em>(ah)<\/em><\/p>","protected":false},"excerpt":{"rendered":"<p>Implenia continua a concentrarsi su un portafoglio principale e sta cedendo la sua partecipazione nel produttore di calcestruzzo Gravi\u00e8re de la Claie-aux-Moines (GCM). <\/p>","protected":false},"author":3,"featured_media":6428,"comment_status":"closed","ping_status":"closed","sticky":false,"template":"","format":"standard","meta":{"_acf_changed":false,"_yoast_wpseo_focuskw":"GCM","_yoast_wpseo_title":"","_yoast_wpseo_metadesc":"Implenia trennt sich von der Beteiligung an dem Betonhersteller Gravi\u00e8re de la Claie-aux-Moines (GCM).","_yoast_wpseo_linkdex":53,"pgc_sgb_lightbox_settings":"","footnotes":""},"categories":[988],"tags":[1359,1808,1830],"class_list":["post-39546","post","type-post","status-publish","format-standard","has-post-thumbnail","hentry","category-unternehmen","tag-implenia","tag-unternehmensbeteiligung","tag-verkauf"],"acf":[],"yoast_head":"<!-- This site is optimized with the Yoast SEO plugin v27.4 - https:\/\/yoast.com\/product\/yoast-seo-wordpress\/ -->\n<title>Implenia verkauft die Beteiligung an GCM - IMMOBILIEN Business<\/title>\n<meta name=\"description\" content=\"Implenia trennt sich von der Beteiligung an dem Betonhersteller Gravi\u00e8re de la Claie-aux-Moines (GCM).\" \/>\n<meta name=\"robots\" content=\"index, follow, max-snippet:-1, max-image-preview:large, max-video-preview:-1\" \/>\n<link rel=\"canonical\" href=\"https:\/\/www.immobilienbusiness.ch\/it\/unternehmen\/2021-12-23\/implenia-verkauft-die-beteiligung-an-gcm\/\" \/>\n<meta property=\"og:locale\" content=\"it_IT\" \/>\n<meta property=\"og:type\" content=\"article\" \/>\n<meta property=\"og:title\" content=\"Implenia verkauft die Beteiligung an GCM - IMMOBILIEN Business\" \/>\n<meta property=\"og:description\" content=\"Implenia trennt sich von der Beteiligung an dem Betonhersteller Gravi\u00e8re de la Claie-aux-Moines (GCM).\" \/>\n<meta property=\"og:url\" content=\"https:\/\/www.immobilienbusiness.ch\/it\/unternehmen\/2021-12-23\/implenia-verkauft-die-beteiligung-an-gcm\/\" \/>\n<meta property=\"og:site_name\" content=\"IMMOBILIEN Business\" \/>\n<meta property=\"article:publisher\" content=\"https:\/\/www.facebook.com\/immobilienbusiness\/\" \/>\n<meta property=\"article:published_time\" content=\"2021-12-23T07:15:58+00:00\" \/>\n<meta property=\"article:modified_time\" content=\"2021-12-23T07:42:42+00:00\" \/>\n<meta property=\"og:image\" content=\"https:\/\/www.immobilienbusiness.ch\/wp-content\/uploads\/2015\/08\/Implenia-macht-mehr-Umsatz-aber-weniger-Gewinn-immobilien-business-1024x576.jpg\" \/>\n\t<meta property=\"og:image:width\" content=\"1024\" \/>\n\t<meta property=\"og:image:height\" content=\"576\" \/>\n\t<meta property=\"og:image:type\" content=\"image\/jpeg\" \/>\n<meta name=\"author\" content=\"anja.hall\" \/>\n<meta name=\"twitter:card\" content=\"summary_large_image\" \/>\n<meta name=\"twitter:image\" content=\"https:\/\/www.immobilienbusiness.ch\/wp-content\/uploads\/2017\/02\/swissmill-kran_1.jpg\" \/>\n<script type=\"application\/ld+json\" class=\"yoast-schema-graph\">{\"@context\":\"https:\\\/\\\/schema.org\",\"@graph\":[{\"@type\":\"Article\",\"@id\":\"https:\\\/\\\/www.immobilienbusiness.ch\\\/fr\\\/unternehmen\\\/2021-12-23\\\/implenia-verkauft-die-beteiligung-an-gcm\\\/#article\",\"isPartOf\":{\"@id\":\"https:\\\/\\\/www.immobilienbusiness.ch\\\/fr\\\/unternehmen\\\/2021-12-23\\\/implenia-verkauft-die-beteiligung-an-gcm\\\/\"},\"author\":{\"name\":\"anja.hall\",\"@id\":\"https:\\\/\\\/www.immobilienbusiness.ch\\\/#\\\/schema\\\/person\\\/3fc036297b10b9f42d6db5ee932af8c8\"},\"headline\":\"Implenia verkauft die Beteiligung an GCM\",\"datePublished\":\"2021-12-23T07:15:58+00:00\",\"dateModified\":\"2021-12-23T07:42:42+00:00\",\"mainEntityOfPage\":{\"@id\":\"https:\\\/\\\/www.immobilienbusiness.ch\\\/fr\\\/unternehmen\\\/2021-12-23\\\/implenia-verkauft-die-beteiligung-an-gcm\\\/\"},\"wordCount\":131,\"publisher\":{\"@id\":\"https:\\\/\\\/www.immobilienbusiness.ch\\\/#organization\"},\"image\":{\"@id\":\"https:\\\/\\\/www.immobilienbusiness.ch\\\/fr\\\/unternehmen\\\/2021-12-23\\\/implenia-verkauft-die-beteiligung-an-gcm\\\/#primaryimage\"},\"thumbnailUrl\":\"https:\\\/\\\/www.immobilienbusiness.ch\\\/wp-content\\\/uploads\\\/2017\\\/02\\\/swissmill-kran_1.jpg\",\"keywords\":[\"Implenia\",\"Unternehmensbeteiligung\",\"Verkauf\"],\"articleSection\":[\"UNTERNEHMEN\"],\"inLanguage\":\"it-IT\"},{\"@type\":\"WebPage\",\"@id\":\"https:\\\/\\\/www.immobilienbusiness.ch\\\/fr\\\/unternehmen\\\/2021-12-23\\\/implenia-verkauft-die-beteiligung-an-gcm\\\/\",\"url\":\"https:\\\/\\\/www.immobilienbusiness.ch\\\/fr\\\/unternehmen\\\/2021-12-23\\\/implenia-verkauft-die-beteiligung-an-gcm\\\/\",\"name\":\"Implenia verkauft die Beteiligung an GCM - IMMOBILIEN Business\",\"isPartOf\":{\"@id\":\"https:\\\/\\\/www.immobilienbusiness.ch\\\/#website\"},\"primaryImageOfPage\":{\"@id\":\"https:\\\/\\\/www.immobilienbusiness.ch\\\/fr\\\/unternehmen\\\/2021-12-23\\\/implenia-verkauft-die-beteiligung-an-gcm\\\/#primaryimage\"},\"image\":{\"@id\":\"https:\\\/\\\/www.immobilienbusiness.ch\\\/fr\\\/unternehmen\\\/2021-12-23\\\/implenia-verkauft-die-beteiligung-an-gcm\\\/#primaryimage\"},\"thumbnailUrl\":\"https:\\\/\\\/www.immobilienbusiness.ch\\\/wp-content\\\/uploads\\\/2017\\\/02\\\/swissmill-kran_1.jpg\",\"datePublished\":\"2021-12-23T07:15:58+00:00\",\"dateModified\":\"2021-12-23T07:42:42+00:00\",\"description\":\"Implenia trennt sich von der Beteiligung an dem Betonhersteller Gravi\u00e8re de la Claie-aux-Moines (GCM).\",\"breadcrumb\":{\"@id\":\"https:\\\/\\\/www.immobilienbusiness.ch\\\/fr\\\/unternehmen\\\/2021-12-23\\\/implenia-verkauft-die-beteiligung-an-gcm\\\/#breadcrumb\"},\"inLanguage\":\"it-IT\",\"potentialAction\":[{\"@type\":\"ReadAction\",\"target\":[\"https:\\\/\\\/www.immobilienbusiness.ch\\\/fr\\\/unternehmen\\\/2021-12-23\\\/implenia-verkauft-die-beteiligung-an-gcm\\\/\"]}]},{\"@type\":\"ImageObject\",\"inLanguage\":\"it-IT\",\"@id\":\"https:\\\/\\\/www.immobilienbusiness.ch\\\/fr\\\/unternehmen\\\/2021-12-23\\\/implenia-verkauft-die-beteiligung-an-gcm\\\/#primaryimage\",\"url\":\"https:\\\/\\\/www.immobilienbusiness.ch\\\/wp-content\\\/uploads\\\/2017\\\/02\\\/swissmill-kran_1.jpg\",\"contentUrl\":\"https:\\\/\\\/www.immobilienbusiness.ch\\\/wp-content\\\/uploads\\\/2017\\\/02\\\/swissmill-kran_1.jpg\",\"width\":2560,\"height\":1440,\"caption\":\"Der gr\u00f6sste Schweizer Baukonzern sieht sich f\u00fcr das Jahr 2023 auf Kurs (Bild: Depositphotos) (Foto: Implenia)\"},{\"@type\":\"BreadcrumbList\",\"@id\":\"https:\\\/\\\/www.immobilienbusiness.ch\\\/fr\\\/unternehmen\\\/2021-12-23\\\/implenia-verkauft-die-beteiligung-an-gcm\\\/#breadcrumb\",\"itemListElement\":[{\"@type\":\"ListItem\",\"position\":1,\"name\":\"Home\",\"item\":\"https:\\\/\\\/www.immobilienbusiness.ch\\\/\"},{\"@type\":\"ListItem\",\"position\":2,\"name\":\"Implenia verkauft die Beteiligung an GCM\"}]},{\"@type\":\"WebSite\",\"@id\":\"https:\\\/\\\/www.immobilienbusiness.ch\\\/#website\",\"url\":\"https:\\\/\\\/www.immobilienbusiness.ch\\\/\",\"name\":\"IMMOBILIEN Business\",\"description\":\"Unabh\u00e4ngiges Schweizer Wirtschaftsmagazin mit Fokus auf Immobilien, Architektur- und Bau sowie Investment- und Finanzierung.\",\"publisher\":{\"@id\":\"https:\\\/\\\/www.immobilienbusiness.ch\\\/#organization\"},\"potentialAction\":[{\"@type\":\"SearchAction\",\"target\":{\"@type\":\"EntryPoint\",\"urlTemplate\":\"https:\\\/\\\/www.immobilienbusiness.ch\\\/?s={search_term_string}\"},\"query-input\":{\"@type\":\"PropertyValueSpecification\",\"valueRequired\":true,\"valueName\":\"search_term_string\"}}],\"inLanguage\":\"it-IT\"},{\"@type\":\"Organization\",\"@id\":\"https:\\\/\\\/www.immobilienbusiness.ch\\\/#organization\",\"name\":\"IMMOBILIEN Business\",\"url\":\"https:\\\/\\\/www.immobilienbusiness.ch\\\/\",\"logo\":{\"@type\":\"ImageObject\",\"inLanguage\":\"it-IT\",\"@id\":\"https:\\\/\\\/www.immobilienbusiness.ch\\\/#\\\/schema\\\/logo\\\/image\\\/\",\"url\":\"https:\\\/\\\/www.immobilienbusiness.ch\\\/wp-content\\\/uploads\\\/2021\\\/07\\\/logo_ib.png\",\"contentUrl\":\"https:\\\/\\\/www.immobilienbusiness.ch\\\/wp-content\\\/uploads\\\/2021\\\/07\\\/logo_ib.png\",\"width\":800,\"height\":181,\"caption\":\"IMMOBILIEN Business\"},\"image\":{\"@id\":\"https:\\\/\\\/www.immobilienbusiness.ch\\\/#\\\/schema\\\/logo\\\/image\\\/\"},\"sameAs\":[\"https:\\\/\\\/www.facebook.com\\\/immobilienbusiness\\\/\"]},{\"@type\":\"Person\",\"@id\":\"https:\\\/\\\/www.immobilienbusiness.ch\\\/#\\\/schema\\\/person\\\/3fc036297b10b9f42d6db5ee932af8c8\",\"name\":\"anja.hall\",\"image\":{\"@type\":\"ImageObject\",\"inLanguage\":\"it-IT\",\"@id\":\"https:\\\/\\\/secure.gravatar.com\\\/avatar\\\/066b5a0d447013502c71a5782f4f3469f03cfe595cc2329fb94652fe47511bfb?s=96&d=mm&r=g\",\"url\":\"https:\\\/\\\/secure.gravatar.com\\\/avatar\\\/066b5a0d447013502c71a5782f4f3469f03cfe595cc2329fb94652fe47511bfb?s=96&d=mm&r=g\",\"contentUrl\":\"https:\\\/\\\/secure.gravatar.com\\\/avatar\\\/066b5a0d447013502c71a5782f4f3469f03cfe595cc2329fb94652fe47511bfb?s=96&d=mm&r=g\",\"caption\":\"anja.hall\"},\"url\":\"https:\\\/\\\/www.immobilienbusiness.ch\\\/it\\\/author\\\/anja-hall\\\/\"}]}<\/script>\n<!-- \/ Yoast SEO plugin. -->","yoast_head_json":{"title":"Implenia verkauft die Beteiligung an GCM - IMMOBILIEN Business","description":"Implenia trennt sich von der Beteiligung an dem Betonhersteller Gravi\u00e8re de la Claie-aux-Moines (GCM).","robots":{"index":"index","follow":"follow","max-snippet":"max-snippet:-1","max-image-preview":"max-image-preview:large","max-video-preview":"max-video-preview:-1"},"canonical":"https:\/\/www.immobilienbusiness.ch\/it\/unternehmen\/2021-12-23\/implenia-verkauft-die-beteiligung-an-gcm\/","og_locale":"it_IT","og_type":"article","og_title":"Implenia verkauft die Beteiligung an GCM - IMMOBILIEN Business","og_description":"Implenia trennt sich von der Beteiligung an dem Betonhersteller Gravi\u00e8re de la Claie-aux-Moines (GCM).","og_url":"https:\/\/www.immobilienbusiness.ch\/it\/unternehmen\/2021-12-23\/implenia-verkauft-die-beteiligung-an-gcm\/","og_site_name":"IMMOBILIEN Business","article_publisher":"https:\/\/www.facebook.com\/immobilienbusiness\/","article_published_time":"2021-12-23T07:15:58+00:00","article_modified_time":"2021-12-23T07:42:42+00:00","og_image":[{"width":1024,"height":576,"url":"https:\/\/www.immobilienbusiness.ch\/wp-content\/uploads\/2015\/08\/Implenia-macht-mehr-Umsatz-aber-weniger-Gewinn-immobilien-business-1024x576.jpg","type":"image\/jpeg"}],"author":"anja.hall","twitter_card":"summary_large_image","twitter_image":"https:\/\/www.immobilienbusiness.ch\/wp-content\/uploads\/2017\/02\/swissmill-kran_1.jpg","schema":{"@context":"https:\/\/schema.org","@graph":[{"@type":"Article","@id":"https:\/\/www.immobilienbusiness.ch\/fr\/unternehmen\/2021-12-23\/implenia-verkauft-die-beteiligung-an-gcm\/#article","isPartOf":{"@id":"https:\/\/www.immobilienbusiness.ch\/fr\/unternehmen\/2021-12-23\/implenia-verkauft-die-beteiligung-an-gcm\/"},"author":{"name":"anja.hall","@id":"https:\/\/www.immobilienbusiness.ch\/#\/schema\/person\/3fc036297b10b9f42d6db5ee932af8c8"},"headline":"Implenia verkauft die Beteiligung an GCM","datePublished":"2021-12-23T07:15:58+00:00","dateModified":"2021-12-23T07:42:42+00:00","mainEntityOfPage":{"@id":"https:\/\/www.immobilienbusiness.ch\/fr\/unternehmen\/2021-12-23\/implenia-verkauft-die-beteiligung-an-gcm\/"},"wordCount":131,"publisher":{"@id":"https:\/\/www.immobilienbusiness.ch\/#organization"},"image":{"@id":"https:\/\/www.immobilienbusiness.ch\/fr\/unternehmen\/2021-12-23\/implenia-verkauft-die-beteiligung-an-gcm\/#primaryimage"},"thumbnailUrl":"https:\/\/www.immobilienbusiness.ch\/wp-content\/uploads\/2017\/02\/swissmill-kran_1.jpg","keywords":["Implenia","Unternehmensbeteiligung","Verkauf"],"articleSection":["UNTERNEHMEN"],"inLanguage":"it-IT"},{"@type":"WebPage","@id":"https:\/\/www.immobilienbusiness.ch\/fr\/unternehmen\/2021-12-23\/implenia-verkauft-die-beteiligung-an-gcm\/","url":"https:\/\/www.immobilienbusiness.ch\/fr\/unternehmen\/2021-12-23\/implenia-verkauft-die-beteiligung-an-gcm\/","name":"Implenia verkauft die Beteiligung an GCM - IMMOBILIEN Business","isPartOf":{"@id":"https:\/\/www.immobilienbusiness.ch\/#website"},"primaryImageOfPage":{"@id":"https:\/\/www.immobilienbusiness.ch\/fr\/unternehmen\/2021-12-23\/implenia-verkauft-die-beteiligung-an-gcm\/#primaryimage"},"image":{"@id":"https:\/\/www.immobilienbusiness.ch\/fr\/unternehmen\/2021-12-23\/implenia-verkauft-die-beteiligung-an-gcm\/#primaryimage"},"thumbnailUrl":"https:\/\/www.immobilienbusiness.ch\/wp-content\/uploads\/2017\/02\/swissmill-kran_1.jpg","datePublished":"2021-12-23T07:15:58+00:00","dateModified":"2021-12-23T07:42:42+00:00","description":"Implenia trennt sich von der Beteiligung an dem Betonhersteller Gravi\u00e8re de la Claie-aux-Moines (GCM).","breadcrumb":{"@id":"https:\/\/www.immobilienbusiness.ch\/fr\/unternehmen\/2021-12-23\/implenia-verkauft-die-beteiligung-an-gcm\/#breadcrumb"},"inLanguage":"it-IT","potentialAction":[{"@type":"ReadAction","target":["https:\/\/www.immobilienbusiness.ch\/fr\/unternehmen\/2021-12-23\/implenia-verkauft-die-beteiligung-an-gcm\/"]}]},{"@type":"ImageObject","inLanguage":"it-IT","@id":"https:\/\/www.immobilienbusiness.ch\/fr\/unternehmen\/2021-12-23\/implenia-verkauft-die-beteiligung-an-gcm\/#primaryimage","url":"https:\/\/www.immobilienbusiness.ch\/wp-content\/uploads\/2017\/02\/swissmill-kran_1.jpg","contentUrl":"https:\/\/www.immobilienbusiness.ch\/wp-content\/uploads\/2017\/02\/swissmill-kran_1.jpg","width":2560,"height":1440,"caption":"Der gr\u00f6sste Schweizer Baukonzern sieht sich f\u00fcr das Jahr 2023 auf Kurs (Bild: Depositphotos) (Foto: Implenia)"},{"@type":"BreadcrumbList","@id":"https:\/\/www.immobilienbusiness.ch\/fr\/unternehmen\/2021-12-23\/implenia-verkauft-die-beteiligung-an-gcm\/#breadcrumb","itemListElement":[{"@type":"ListItem","position":1,"name":"Home","item":"https:\/\/www.immobilienbusiness.ch\/"},{"@type":"ListItem","position":2,"name":"Implenia verkauft die Beteiligung an GCM"}]},{"@type":"WebSite","@id":"https:\/\/www.immobilienbusiness.ch\/#website","url":"https:\/\/www.immobilienbusiness.ch\/","name":"Affari immobiliari","description":"Rivista economica indipendente svizzera che si concentra sul settore immobiliare, l'architettura e la costruzione, nonch\u00e9 sugli investimenti e i finanziamenti.","publisher":{"@id":"https:\/\/www.immobilienbusiness.ch\/#organization"},"potentialAction":[{"@type":"SearchAction","target":{"@type":"EntryPoint","urlTemplate":"https:\/\/www.immobilienbusiness.ch\/?s={search_term_string}"},"query-input":{"@type":"PropertyValueSpecification","valueRequired":true,"valueName":"search_term_string"}}],"inLanguage":"it-IT"},{"@type":"Organization","@id":"https:\/\/www.immobilienbusiness.ch\/#organization","name":"Affari immobiliari","url":"https:\/\/www.immobilienbusiness.ch\/","logo":{"@type":"ImageObject","inLanguage":"it-IT","@id":"https:\/\/www.immobilienbusiness.ch\/#\/schema\/logo\/image\/","url":"https:\/\/www.immobilienbusiness.ch\/wp-content\/uploads\/2021\/07\/logo_ib.png","contentUrl":"https:\/\/www.immobilienbusiness.ch\/wp-content\/uploads\/2021\/07\/logo_ib.png","width":800,"height":181,"caption":"IMMOBILIEN Business"},"image":{"@id":"https:\/\/www.immobilienbusiness.ch\/#\/schema\/logo\/image\/"},"sameAs":["https:\/\/www.facebook.com\/immobilienbusiness\/"]},{"@type":"Person","@id":"https:\/\/www.immobilienbusiness.ch\/#\/schema\/person\/3fc036297b10b9f42d6db5ee932af8c8","name":"anja.hall","image":{"@type":"ImageObject","inLanguage":"it-IT","@id":"https:\/\/secure.gravatar.com\/avatar\/066b5a0d447013502c71a5782f4f3469f03cfe595cc2329fb94652fe47511bfb?s=96&d=mm&r=g","url":"https:\/\/secure.gravatar.com\/avatar\/066b5a0d447013502c71a5782f4f3469f03cfe595cc2329fb94652fe47511bfb?s=96&d=mm&r=g","contentUrl":"https:\/\/secure.gravatar.com\/avatar\/066b5a0d447013502c71a5782f4f3469f03cfe595cc2329fb94652fe47511bfb?s=96&d=mm&r=g","caption":"anja.hall"},"url":"https:\/\/www.immobilienbusiness.ch\/it\/author\/anja-hall\/"}]}},"_links":{"self":[{"href":"https:\/\/www.immobilienbusiness.ch\/it\/wp-json\/wp\/v2\/posts\/39546","targetHints":{"allow":["GET"]}}],"collection":[{"href":"https:\/\/www.immobilienbusiness.ch\/it\/wp-json\/wp\/v2\/posts"}],"about":[{"href":"https:\/\/www.immobilienbusiness.ch\/it\/wp-json\/wp\/v2\/types\/post"}],"author":[{"embeddable":true,"href":"https:\/\/www.immobilienbusiness.ch\/it\/wp-json\/wp\/v2\/users\/3"}],"replies":[{"embeddable":true,"href":"https:\/\/www.immobilienbusiness.ch\/it\/wp-json\/wp\/v2\/comments?post=39546"}],"version-history":[{"count":1,"href":"https:\/\/www.immobilienbusiness.ch\/it\/wp-json\/wp\/v2\/posts\/39546\/revisions"}],"predecessor-version":[{"id":39547,"href":"https:\/\/www.immobilienbusiness.ch\/it\/wp-json\/wp\/v2\/posts\/39546\/revisions\/39547"}],"wp:featuredmedia":[{"embeddable":true,"href":"https:\/\/www.immobilienbusiness.ch\/it\/wp-json\/wp\/v2\/media\/6428"}],"wp:attachment":[{"href":"https:\/\/www.immobilienbusiness.ch\/it\/wp-json\/wp\/v2\/media?parent=39546"}],"wp:term":[{"taxonomy":"category","embeddable":true,"href":"https:\/\/www.immobilienbusiness.ch\/it\/wp-json\/wp\/v2\/categories?post=39546"},{"taxonomy":"post_tag","embeddable":true,"href":"https:\/\/www.immobilienbusiness.ch\/it\/wp-json\/wp\/v2\/tags?post=39546"}],"curies":[{"name":"wp","href":"https:\/\/api.w.org\/{rel}","templated":true}]}}