{"id":39371,"date":"2021-12-07T08:12:01","date_gmt":"2021-12-07T07:12:01","guid":{"rendered":"https:\/\/www.immobilienbusiness.ch\/?p=39371"},"modified":"2023-08-08T20:00:02","modified_gmt":"2023-08-08T18:00:02","slug":"cham-baustart-fuer-zweite-etappe-auf-dem-papieri-areal","status":"publish","type":"post","link":"https:\/\/www.immobilienbusiness.ch\/it\/regionen\/2021-12-07\/cham-baustart-fuer-zweite-etappe-auf-dem-papieri-areal\/","title":{"rendered":"Cham: inizio della costruzione della seconda fase sul sito di Papieri"},"content":{"rendered":"<figure id=\"attachment_24487\" aria-describedby=\"caption-attachment-24487\" style=\"width: 2263px\" class=\"wp-caption alignnone\"><img loading=\"lazy\" decoding=\"async\" class=\"wp-image-24487 size-full\" src=\"https:\/\/www.immobilienbusiness.ch\/wp-content\/uploads\/2021\/06\/Papieri_Arealgrafik_Etappe1-2.jpg\" alt=\"\" width=\"2263\" height=\"1509\" srcset=\"https:\/\/www.immobilienbusiness.ch\/wp-content\/uploads\/2021\/06\/Papieri_Arealgrafik_Etappe1-2.jpg 2263w, https:\/\/www.immobilienbusiness.ch\/wp-content\/uploads\/2021\/06\/Papieri_Arealgrafik_Etappe1-2-300x200.jpg 300w, https:\/\/www.immobilienbusiness.ch\/wp-content\/uploads\/2021\/06\/Papieri_Arealgrafik_Etappe1-2-1024x683.jpg 1024w, https:\/\/www.immobilienbusiness.ch\/wp-content\/uploads\/2021\/06\/Papieri_Arealgrafik_Etappe1-2-768x512.jpg 768w, https:\/\/www.immobilienbusiness.ch\/wp-content\/uploads\/2021\/06\/Papieri_Arealgrafik_Etappe1-2-1536x1024.jpg 1536w, https:\/\/www.immobilienbusiness.ch\/wp-content\/uploads\/2021\/06\/Papieri_Arealgrafik_Etappe1-2-2048x1366.jpg 2048w, https:\/\/www.immobilienbusiness.ch\/wp-content\/uploads\/2021\/06\/Papieri_Arealgrafik_Etappe1-2-16x12.jpg 16w, https:\/\/www.immobilienbusiness.ch\/wp-content\/uploads\/2021\/06\/Papieri_Arealgrafik_Etappe1-2-262x175.jpg 262w, https:\/\/www.immobilienbusiness.ch\/wp-content\/uploads\/2021\/06\/Papieri_Arealgrafik_Etappe1-2-525x350.jpg 525w, https:\/\/www.immobilienbusiness.ch\/wp-content\/uploads\/2021\/06\/Papieri_Arealgrafik_Etappe1-2-1200x800.jpg 1200w, https:\/\/www.immobilienbusiness.ch\/wp-content\/uploads\/2021\/06\/Papieri_Arealgrafik_Etappe1-2-920x613.jpg 920w, https:\/\/www.immobilienbusiness.ch\/wp-content\/uploads\/2021\/06\/Papieri_Arealgrafik_Etappe1-2-1400x934.jpg 1400w\" sizes=\"auto, (max-width: 2263px) 100vw, 2263px\" \/><figcaption id=\"caption-attachment-24487\" class=\"wp-caption-text\">I grattacieli K e I sono in costruzione come parte della seconda fase del sito Papieri (Immagine: Cham Group)<\/figcaption><\/figure>\n<p>Con la seconda fase di costruzione, il gruppo Cham sta costruendo due alti edifici residenziali nelle aree I e K. Dopo che i permessi di costruzione sono stati ricevuti all'inizio di dicembre, i lavori sulla casa K inizieranno immediatamente, ha annunciato il gruppo Cham. La costruzione di un parcheggio sotterraneo \u00e8 gi\u00e0 iniziata. Secondo il gruppo Cham, i lavori di costruzione della Casa I inizieranno nella primavera del 2022, quando \u00e8 previsto anche l'inizio della costruzione del collegio sportivo OYM sul sito dell'ex edificio del silo. La domanda di costruzione per questo \u00e8 gi\u00e0 stata presentata, dice la societ\u00e0.<\/p>\n<p>I due grattacieli forniranno 36 appartamenti in affitto e 61 condomini, oltre a spazi commerciali ai piani terra. Un centro diurno occuper\u00e0 440 metri quadrati di spazio e si occuper\u00e0 di circa 40 bambini a partire dal 2024. <em>(ah)<\/em><\/p>","protected":false},"excerpt":{"rendered":"<p>Il gruppo Cham ha ricevuto i permessi di costruzione per due grattacieli residenziali che sono in costruzione come parte della seconda fase del sito Papieri. I lavori di costruzione inizieranno a breve.<\/p>","protected":false},"author":3,"featured_media":24487,"comment_status":"closed","ping_status":"closed","sticky":false,"template":"","format":"standard","meta":{"_acf_changed":false,"_yoast_wpseo_focuskw":"Papieri","_yoast_wpseo_title":"","_yoast_wpseo_metadesc":"Die Cham Group hat die Baubewilligungen f\u00fcr zwei Wohnhochh\u00e4user auf dem Papieri-Areal erhalten. Die Bauarbeiten starten in K\u00fcrze.","_yoast_wpseo_linkdex":50,"pgc_sgb_lightbox_settings":"","footnotes":""},"categories":[985],"tags":[1128,1599,1863],"class_list":["post-39371","post","type-post","status-publish","format-standard","has-post-thumbnail","hentry","category-regionen","tag-cham-group","tag-projekt-in-bau","tag-wohnimmobilien"],"acf":[],"yoast_head":"<!-- This site is optimized with the Yoast SEO plugin v27.5 - https:\/\/yoast.com\/product\/yoast-seo-wordpress\/ -->\n<title>Cham: Baustart f\u00fcr zweite Etappe auf dem Papieri-Areal - IMMOBILIEN Business<\/title>\n<meta name=\"description\" content=\"Die Cham Group hat die Baubewilligungen f\u00fcr zwei Wohnhochh\u00e4user auf dem Papieri-Areal erhalten. Die Bauarbeiten starten in K\u00fcrze.\" \/>\n<meta name=\"robots\" content=\"index, follow, max-snippet:-1, max-image-preview:large, max-video-preview:-1\" \/>\n<link rel=\"canonical\" href=\"https:\/\/www.immobilienbusiness.ch\/it\/regionen\/2021-12-07\/cham-baustart-fuer-zweite-etappe-auf-dem-papieri-areal\/\" \/>\n<meta property=\"og:locale\" content=\"it_IT\" \/>\n<meta property=\"og:type\" content=\"article\" \/>\n<meta property=\"og:title\" content=\"Cham: Baustart f\u00fcr zweite Etappe auf dem Papieri-Areal - IMMOBILIEN Business\" \/>\n<meta property=\"og:description\" content=\"Die Cham Group hat die Baubewilligungen f\u00fcr zwei Wohnhochh\u00e4user auf dem Papieri-Areal erhalten. Die Bauarbeiten starten in K\u00fcrze.\" \/>\n<meta property=\"og:url\" content=\"https:\/\/www.immobilienbusiness.ch\/it\/regionen\/2021-12-07\/cham-baustart-fuer-zweite-etappe-auf-dem-papieri-areal\/\" \/>\n<meta property=\"og:site_name\" content=\"IMMOBILIEN Business\" \/>\n<meta property=\"article:publisher\" content=\"https:\/\/www.facebook.com\/immobilienbusiness\/\" \/>\n<meta property=\"article:published_time\" content=\"2021-12-07T07:12:01+00:00\" \/>\n<meta property=\"article:modified_time\" content=\"2023-08-08T18:00:02+00:00\" \/>\n<meta property=\"og:image\" content=\"https:\/\/www.immobilienbusiness.ch\/wp-content\/uploads\/2021\/06\/Papieri_Arealgrafik_Etappe1-2.jpg\" \/>\n\t<meta property=\"og:image:width\" content=\"2263\" \/>\n\t<meta property=\"og:image:height\" content=\"1509\" \/>\n\t<meta property=\"og:image:type\" content=\"image\/jpeg\" \/>\n<meta name=\"author\" content=\"anja.hall\" \/>\n<meta name=\"twitter:card\" content=\"summary_large_image\" \/>\n<meta name=\"twitter:image\" content=\"https:\/\/www.immobilienbusiness.ch\/wp-content\/uploads\/2021\/06\/Papieri_Arealgrafik_Etappe1-2.jpg\" \/>\n<script type=\"application\/ld+json\" class=\"yoast-schema-graph\">{\"@context\":\"https:\\\/\\\/schema.org\",\"@graph\":[{\"@type\":\"Article\",\"@id\":\"https:\\\/\\\/www.immobilienbusiness.ch\\\/en\\\/regionen\\\/2021-12-07\\\/cham-baustart-fuer-zweite-etappe-auf-dem-papieri-areal\\\/#article\",\"isPartOf\":{\"@id\":\"https:\\\/\\\/www.immobilienbusiness.ch\\\/en\\\/regionen\\\/2021-12-07\\\/cham-baustart-fuer-zweite-etappe-auf-dem-papieri-areal\\\/\"},\"author\":{\"name\":\"anja.hall\",\"@id\":\"https:\\\/\\\/www.immobilienbusiness.ch\\\/#\\\/schema\\\/person\\\/3fc036297b10b9f42d6db5ee932af8c8\"},\"headline\":\"Cham: Baustart f\u00fcr zweite Etappe auf dem Papieri-Areal\",\"datePublished\":\"2021-12-07T07:12:01+00:00\",\"dateModified\":\"2023-08-08T18:00:02+00:00\",\"mainEntityOfPage\":{\"@id\":\"https:\\\/\\\/www.immobilienbusiness.ch\\\/en\\\/regionen\\\/2021-12-07\\\/cham-baustart-fuer-zweite-etappe-auf-dem-papieri-areal\\\/\"},\"wordCount\":153,\"publisher\":{\"@id\":\"https:\\\/\\\/www.immobilienbusiness.ch\\\/#organization\"},\"image\":{\"@id\":\"https:\\\/\\\/www.immobilienbusiness.ch\\\/en\\\/regionen\\\/2021-12-07\\\/cham-baustart-fuer-zweite-etappe-auf-dem-papieri-areal\\\/#primaryimage\"},\"thumbnailUrl\":\"https:\\\/\\\/www.immobilienbusiness.ch\\\/wp-content\\\/uploads\\\/2021\\\/06\\\/Papieri_Arealgrafik_Etappe1-2.jpg\",\"keywords\":[\"Cham Group\",\"Projekt in Bau\",\"Wohnimmobilien\"],\"articleSection\":[\"REGIONEN\"],\"inLanguage\":\"it-IT\"},{\"@type\":\"WebPage\",\"@id\":\"https:\\\/\\\/www.immobilienbusiness.ch\\\/en\\\/regionen\\\/2021-12-07\\\/cham-baustart-fuer-zweite-etappe-auf-dem-papieri-areal\\\/\",\"url\":\"https:\\\/\\\/www.immobilienbusiness.ch\\\/en\\\/regionen\\\/2021-12-07\\\/cham-baustart-fuer-zweite-etappe-auf-dem-papieri-areal\\\/\",\"name\":\"Cham: Baustart f\u00fcr zweite Etappe auf dem Papieri-Areal - IMMOBILIEN Business\",\"isPartOf\":{\"@id\":\"https:\\\/\\\/www.immobilienbusiness.ch\\\/#website\"},\"primaryImageOfPage\":{\"@id\":\"https:\\\/\\\/www.immobilienbusiness.ch\\\/en\\\/regionen\\\/2021-12-07\\\/cham-baustart-fuer-zweite-etappe-auf-dem-papieri-areal\\\/#primaryimage\"},\"image\":{\"@id\":\"https:\\\/\\\/www.immobilienbusiness.ch\\\/en\\\/regionen\\\/2021-12-07\\\/cham-baustart-fuer-zweite-etappe-auf-dem-papieri-areal\\\/#primaryimage\"},\"thumbnailUrl\":\"https:\\\/\\\/www.immobilienbusiness.ch\\\/wp-content\\\/uploads\\\/2021\\\/06\\\/Papieri_Arealgrafik_Etappe1-2.jpg\",\"datePublished\":\"2021-12-07T07:12:01+00:00\",\"dateModified\":\"2023-08-08T18:00:02+00:00\",\"description\":\"Die Cham Group hat die Baubewilligungen f\u00fcr zwei Wohnhochh\u00e4user auf dem Papieri-Areal erhalten. Die Bauarbeiten starten in K\u00fcrze.\",\"breadcrumb\":{\"@id\":\"https:\\\/\\\/www.immobilienbusiness.ch\\\/en\\\/regionen\\\/2021-12-07\\\/cham-baustart-fuer-zweite-etappe-auf-dem-papieri-areal\\\/#breadcrumb\"},\"inLanguage\":\"it-IT\",\"potentialAction\":[{\"@type\":\"ReadAction\",\"target\":[\"https:\\\/\\\/www.immobilienbusiness.ch\\\/en\\\/regionen\\\/2021-12-07\\\/cham-baustart-fuer-zweite-etappe-auf-dem-papieri-areal\\\/\"]}]},{\"@type\":\"ImageObject\",\"inLanguage\":\"it-IT\",\"@id\":\"https:\\\/\\\/www.immobilienbusiness.ch\\\/en\\\/regionen\\\/2021-12-07\\\/cham-baustart-fuer-zweite-etappe-auf-dem-papieri-areal\\\/#primaryimage\",\"url\":\"https:\\\/\\\/www.immobilienbusiness.ch\\\/wp-content\\\/uploads\\\/2021\\\/06\\\/Papieri_Arealgrafik_Etappe1-2.jpg\",\"contentUrl\":\"https:\\\/\\\/www.immobilienbusiness.ch\\\/wp-content\\\/uploads\\\/2021\\\/06\\\/Papieri_Arealgrafik_Etappe1-2.jpg\",\"width\":2263,\"height\":1509,\"caption\":\"Das Papieri-Areal (Bild: Cham Group)\"},{\"@type\":\"BreadcrumbList\",\"@id\":\"https:\\\/\\\/www.immobilienbusiness.ch\\\/en\\\/regionen\\\/2021-12-07\\\/cham-baustart-fuer-zweite-etappe-auf-dem-papieri-areal\\\/#breadcrumb\",\"itemListElement\":[{\"@type\":\"ListItem\",\"position\":1,\"name\":\"Home\",\"item\":\"https:\\\/\\\/www.immobilienbusiness.ch\\\/\"},{\"@type\":\"ListItem\",\"position\":2,\"name\":\"Cham: Baustart f\u00fcr zweite Etappe auf dem Papieri-Areal\"}]},{\"@type\":\"WebSite\",\"@id\":\"https:\\\/\\\/www.immobilienbusiness.ch\\\/#website\",\"url\":\"https:\\\/\\\/www.immobilienbusiness.ch\\\/\",\"name\":\"IMMOBILIEN Business\",\"description\":\"Unabh\u00e4ngiges Schweizer Wirtschaftsmagazin mit Fokus auf Immobilien, Architektur- und Bau sowie Investment- und Finanzierung.\",\"publisher\":{\"@id\":\"https:\\\/\\\/www.immobilienbusiness.ch\\\/#organization\"},\"potentialAction\":[{\"@type\":\"SearchAction\",\"target\":{\"@type\":\"EntryPoint\",\"urlTemplate\":\"https:\\\/\\\/www.immobilienbusiness.ch\\\/?s={search_term_string}\"},\"query-input\":{\"@type\":\"PropertyValueSpecification\",\"valueRequired\":true,\"valueName\":\"search_term_string\"}}],\"inLanguage\":\"it-IT\"},{\"@type\":\"Organization\",\"@id\":\"https:\\\/\\\/www.immobilienbusiness.ch\\\/#organization\",\"name\":\"IMMOBILIEN Business\",\"url\":\"https:\\\/\\\/www.immobilienbusiness.ch\\\/\",\"logo\":{\"@type\":\"ImageObject\",\"inLanguage\":\"it-IT\",\"@id\":\"https:\\\/\\\/www.immobilienbusiness.ch\\\/#\\\/schema\\\/logo\\\/image\\\/\",\"url\":\"https:\\\/\\\/www.immobilienbusiness.ch\\\/wp-content\\\/uploads\\\/2021\\\/07\\\/logo_ib.png\",\"contentUrl\":\"https:\\\/\\\/www.immobilienbusiness.ch\\\/wp-content\\\/uploads\\\/2021\\\/07\\\/logo_ib.png\",\"width\":800,\"height\":181,\"caption\":\"IMMOBILIEN Business\"},\"image\":{\"@id\":\"https:\\\/\\\/www.immobilienbusiness.ch\\\/#\\\/schema\\\/logo\\\/image\\\/\"},\"sameAs\":[\"https:\\\/\\\/www.facebook.com\\\/immobilienbusiness\\\/\"]},{\"@type\":\"Person\",\"@id\":\"https:\\\/\\\/www.immobilienbusiness.ch\\\/#\\\/schema\\\/person\\\/3fc036297b10b9f42d6db5ee932af8c8\",\"name\":\"anja.hall\",\"image\":{\"@type\":\"ImageObject\",\"inLanguage\":\"it-IT\",\"@id\":\"https:\\\/\\\/secure.gravatar.com\\\/avatar\\\/066b5a0d447013502c71a5782f4f3469f03cfe595cc2329fb94652fe47511bfb?s=96&d=mm&r=g\",\"url\":\"https:\\\/\\\/secure.gravatar.com\\\/avatar\\\/066b5a0d447013502c71a5782f4f3469f03cfe595cc2329fb94652fe47511bfb?s=96&d=mm&r=g\",\"contentUrl\":\"https:\\\/\\\/secure.gravatar.com\\\/avatar\\\/066b5a0d447013502c71a5782f4f3469f03cfe595cc2329fb94652fe47511bfb?s=96&d=mm&r=g\",\"caption\":\"anja.hall\"},\"url\":\"https:\\\/\\\/www.immobilienbusiness.ch\\\/it\\\/author\\\/anja-hall\\\/\"}]}<\/script>\n<!-- \/ Yoast SEO plugin. -->","yoast_head_json":{"title":"Cham: Baustart f\u00fcr zweite Etappe auf dem Papieri-Areal - IMMOBILIEN Business","description":"Die Cham Group hat die Baubewilligungen f\u00fcr zwei Wohnhochh\u00e4user auf dem Papieri-Areal erhalten. Die Bauarbeiten starten in K\u00fcrze.","robots":{"index":"index","follow":"follow","max-snippet":"max-snippet:-1","max-image-preview":"max-image-preview:large","max-video-preview":"max-video-preview:-1"},"canonical":"https:\/\/www.immobilienbusiness.ch\/it\/regionen\/2021-12-07\/cham-baustart-fuer-zweite-etappe-auf-dem-papieri-areal\/","og_locale":"it_IT","og_type":"article","og_title":"Cham: Baustart f\u00fcr zweite Etappe auf dem Papieri-Areal - IMMOBILIEN Business","og_description":"Die Cham Group hat die Baubewilligungen f\u00fcr zwei Wohnhochh\u00e4user auf dem Papieri-Areal erhalten. Die Bauarbeiten starten in K\u00fcrze.","og_url":"https:\/\/www.immobilienbusiness.ch\/it\/regionen\/2021-12-07\/cham-baustart-fuer-zweite-etappe-auf-dem-papieri-areal\/","og_site_name":"IMMOBILIEN Business","article_publisher":"https:\/\/www.facebook.com\/immobilienbusiness\/","article_published_time":"2021-12-07T07:12:01+00:00","article_modified_time":"2023-08-08T18:00:02+00:00","og_image":[{"width":2263,"height":1509,"url":"https:\/\/www.immobilienbusiness.ch\/wp-content\/uploads\/2021\/06\/Papieri_Arealgrafik_Etappe1-2.jpg","type":"image\/jpeg"}],"author":"anja.hall","twitter_card":"summary_large_image","twitter_image":"https:\/\/www.immobilienbusiness.ch\/wp-content\/uploads\/2021\/06\/Papieri_Arealgrafik_Etappe1-2.jpg","schema":{"@context":"https:\/\/schema.org","@graph":[{"@type":"Article","@id":"https:\/\/www.immobilienbusiness.ch\/en\/regionen\/2021-12-07\/cham-baustart-fuer-zweite-etappe-auf-dem-papieri-areal\/#article","isPartOf":{"@id":"https:\/\/www.immobilienbusiness.ch\/en\/regionen\/2021-12-07\/cham-baustart-fuer-zweite-etappe-auf-dem-papieri-areal\/"},"author":{"name":"anja.hall","@id":"https:\/\/www.immobilienbusiness.ch\/#\/schema\/person\/3fc036297b10b9f42d6db5ee932af8c8"},"headline":"Cham: Baustart f\u00fcr zweite Etappe auf dem Papieri-Areal","datePublished":"2021-12-07T07:12:01+00:00","dateModified":"2023-08-08T18:00:02+00:00","mainEntityOfPage":{"@id":"https:\/\/www.immobilienbusiness.ch\/en\/regionen\/2021-12-07\/cham-baustart-fuer-zweite-etappe-auf-dem-papieri-areal\/"},"wordCount":153,"publisher":{"@id":"https:\/\/www.immobilienbusiness.ch\/#organization"},"image":{"@id":"https:\/\/www.immobilienbusiness.ch\/en\/regionen\/2021-12-07\/cham-baustart-fuer-zweite-etappe-auf-dem-papieri-areal\/#primaryimage"},"thumbnailUrl":"https:\/\/www.immobilienbusiness.ch\/wp-content\/uploads\/2021\/06\/Papieri_Arealgrafik_Etappe1-2.jpg","keywords":["Cham Group","Projekt in Bau","Wohnimmobilien"],"articleSection":["REGIONEN"],"inLanguage":"it-IT"},{"@type":"WebPage","@id":"https:\/\/www.immobilienbusiness.ch\/en\/regionen\/2021-12-07\/cham-baustart-fuer-zweite-etappe-auf-dem-papieri-areal\/","url":"https:\/\/www.immobilienbusiness.ch\/en\/regionen\/2021-12-07\/cham-baustart-fuer-zweite-etappe-auf-dem-papieri-areal\/","name":"Cham: Baustart f\u00fcr zweite Etappe auf dem Papieri-Areal - IMMOBILIEN Business","isPartOf":{"@id":"https:\/\/www.immobilienbusiness.ch\/#website"},"primaryImageOfPage":{"@id":"https:\/\/www.immobilienbusiness.ch\/en\/regionen\/2021-12-07\/cham-baustart-fuer-zweite-etappe-auf-dem-papieri-areal\/#primaryimage"},"image":{"@id":"https:\/\/www.immobilienbusiness.ch\/en\/regionen\/2021-12-07\/cham-baustart-fuer-zweite-etappe-auf-dem-papieri-areal\/#primaryimage"},"thumbnailUrl":"https:\/\/www.immobilienbusiness.ch\/wp-content\/uploads\/2021\/06\/Papieri_Arealgrafik_Etappe1-2.jpg","datePublished":"2021-12-07T07:12:01+00:00","dateModified":"2023-08-08T18:00:02+00:00","description":"Die Cham Group hat die Baubewilligungen f\u00fcr zwei Wohnhochh\u00e4user auf dem Papieri-Areal erhalten. Die Bauarbeiten starten in K\u00fcrze.","breadcrumb":{"@id":"https:\/\/www.immobilienbusiness.ch\/en\/regionen\/2021-12-07\/cham-baustart-fuer-zweite-etappe-auf-dem-papieri-areal\/#breadcrumb"},"inLanguage":"it-IT","potentialAction":[{"@type":"ReadAction","target":["https:\/\/www.immobilienbusiness.ch\/en\/regionen\/2021-12-07\/cham-baustart-fuer-zweite-etappe-auf-dem-papieri-areal\/"]}]},{"@type":"ImageObject","inLanguage":"it-IT","@id":"https:\/\/www.immobilienbusiness.ch\/en\/regionen\/2021-12-07\/cham-baustart-fuer-zweite-etappe-auf-dem-papieri-areal\/#primaryimage","url":"https:\/\/www.immobilienbusiness.ch\/wp-content\/uploads\/2021\/06\/Papieri_Arealgrafik_Etappe1-2.jpg","contentUrl":"https:\/\/www.immobilienbusiness.ch\/wp-content\/uploads\/2021\/06\/Papieri_Arealgrafik_Etappe1-2.jpg","width":2263,"height":1509,"caption":"Das Papieri-Areal (Bild: Cham Group)"},{"@type":"BreadcrumbList","@id":"https:\/\/www.immobilienbusiness.ch\/en\/regionen\/2021-12-07\/cham-baustart-fuer-zweite-etappe-auf-dem-papieri-areal\/#breadcrumb","itemListElement":[{"@type":"ListItem","position":1,"name":"Home","item":"https:\/\/www.immobilienbusiness.ch\/"},{"@type":"ListItem","position":2,"name":"Cham: Baustart f\u00fcr zweite Etappe auf dem Papieri-Areal"}]},{"@type":"WebSite","@id":"https:\/\/www.immobilienbusiness.ch\/#website","url":"https:\/\/www.immobilienbusiness.ch\/","name":"Affari immobiliari","description":"Rivista economica indipendente svizzera che si concentra sul settore immobiliare, l'architettura e la costruzione, nonch\u00e9 sugli investimenti e i finanziamenti.","publisher":{"@id":"https:\/\/www.immobilienbusiness.ch\/#organization"},"potentialAction":[{"@type":"SearchAction","target":{"@type":"EntryPoint","urlTemplate":"https:\/\/www.immobilienbusiness.ch\/?s={search_term_string}"},"query-input":{"@type":"PropertyValueSpecification","valueRequired":true,"valueName":"search_term_string"}}],"inLanguage":"it-IT"},{"@type":"Organization","@id":"https:\/\/www.immobilienbusiness.ch\/#organization","name":"Affari immobiliari","url":"https:\/\/www.immobilienbusiness.ch\/","logo":{"@type":"ImageObject","inLanguage":"it-IT","@id":"https:\/\/www.immobilienbusiness.ch\/#\/schema\/logo\/image\/","url":"https:\/\/www.immobilienbusiness.ch\/wp-content\/uploads\/2021\/07\/logo_ib.png","contentUrl":"https:\/\/www.immobilienbusiness.ch\/wp-content\/uploads\/2021\/07\/logo_ib.png","width":800,"height":181,"caption":"IMMOBILIEN Business"},"image":{"@id":"https:\/\/www.immobilienbusiness.ch\/#\/schema\/logo\/image\/"},"sameAs":["https:\/\/www.facebook.com\/immobilienbusiness\/"]},{"@type":"Person","@id":"https:\/\/www.immobilienbusiness.ch\/#\/schema\/person\/3fc036297b10b9f42d6db5ee932af8c8","name":"anja.hall","image":{"@type":"ImageObject","inLanguage":"it-IT","@id":"https:\/\/secure.gravatar.com\/avatar\/066b5a0d447013502c71a5782f4f3469f03cfe595cc2329fb94652fe47511bfb?s=96&d=mm&r=g","url":"https:\/\/secure.gravatar.com\/avatar\/066b5a0d447013502c71a5782f4f3469f03cfe595cc2329fb94652fe47511bfb?s=96&d=mm&r=g","contentUrl":"https:\/\/secure.gravatar.com\/avatar\/066b5a0d447013502c71a5782f4f3469f03cfe595cc2329fb94652fe47511bfb?s=96&d=mm&r=g","caption":"anja.hall"},"url":"https:\/\/www.immobilienbusiness.ch\/it\/author\/anja-hall\/"}]}},"_links":{"self":[{"href":"https:\/\/www.immobilienbusiness.ch\/it\/wp-json\/wp\/v2\/posts\/39371","targetHints":{"allow":["GET"]}}],"collection":[{"href":"https:\/\/www.immobilienbusiness.ch\/it\/wp-json\/wp\/v2\/posts"}],"about":[{"href":"https:\/\/www.immobilienbusiness.ch\/it\/wp-json\/wp\/v2\/types\/post"}],"author":[{"embeddable":true,"href":"https:\/\/www.immobilienbusiness.ch\/it\/wp-json\/wp\/v2\/users\/3"}],"replies":[{"embeddable":true,"href":"https:\/\/www.immobilienbusiness.ch\/it\/wp-json\/wp\/v2\/comments?post=39371"}],"version-history":[{"count":2,"href":"https:\/\/www.immobilienbusiness.ch\/it\/wp-json\/wp\/v2\/posts\/39371\/revisions"}],"predecessor-version":[{"id":39424,"href":"https:\/\/www.immobilienbusiness.ch\/it\/wp-json\/wp\/v2\/posts\/39371\/revisions\/39424"}],"wp:featuredmedia":[{"embeddable":true,"href":"https:\/\/www.immobilienbusiness.ch\/it\/wp-json\/wp\/v2\/media\/24487"}],"wp:attachment":[{"href":"https:\/\/www.immobilienbusiness.ch\/it\/wp-json\/wp\/v2\/media?parent=39371"}],"wp:term":[{"taxonomy":"category","embeddable":true,"href":"https:\/\/www.immobilienbusiness.ch\/it\/wp-json\/wp\/v2\/categories?post=39371"},{"taxonomy":"post_tag","embeddable":true,"href":"https:\/\/www.immobilienbusiness.ch\/it\/wp-json\/wp\/v2\/tags?post=39371"}],"curies":[{"name":"wp","href":"https:\/\/api.w.org\/{rel}","templated":true}]}}