{"id":39350,"date":"2021-12-03T08:59:38","date_gmt":"2021-12-03T07:59:38","guid":{"rendered":"https:\/\/www.immobilienbusiness.ch\/?p=39350"},"modified":"2021-12-09T10:01:29","modified_gmt":"2021-12-09T09:01:29","slug":"immofonds-suburban-neuer-wohnfonds-am-start","status":"publish","type":"post","link":"https:\/\/www.immobilienbusiness.ch\/it\/unternehmen\/2021-12-03\/immofonds-suburban-neuer-wohnfonds-am-start\/","title":{"rendered":"Immofonds suburbano: lanciato un nuovo fondo residenziale"},"content":{"rendered":"<figure id=\"attachment_7111\" aria-describedby=\"caption-attachment-7111\" style=\"width: 539px\" class=\"wp-caption alignnone\"><img loading=\"lazy\" decoding=\"async\" class=\"wp-image-7111 size-full\" src=\"https:\/\/www.immobilienbusiness.ch\/wp-content\/uploads\/2017\/04\/IB-News-10042017_Verit-uebernimmt-Leitung-des-Raiffeisen-Futura-Immo-Fonds_Wohnliegenschaften.png\" alt=\"\" width=\"539\" height=\"392\" srcset=\"https:\/\/www.immobilienbusiness.ch\/wp-content\/uploads\/2017\/04\/IB-News-10042017_Verit-uebernimmt-Leitung-des-Raiffeisen-Futura-Immo-Fonds_Wohnliegenschaften.png 539w, https:\/\/www.immobilienbusiness.ch\/wp-content\/uploads\/2017\/04\/IB-News-10042017_Verit-uebernimmt-Leitung-des-Raiffeisen-Futura-Immo-Fonds_Wohnliegenschaften-300x218.png 300w, https:\/\/www.immobilienbusiness.ch\/wp-content\/uploads\/2017\/04\/IB-News-10042017_Verit-uebernimmt-Leitung-des-Raiffeisen-Futura-Immo-Fonds_Wohnliegenschaften-16x12.png 16w, https:\/\/www.immobilienbusiness.ch\/wp-content\/uploads\/2017\/04\/IB-News-10042017_Verit-uebernimmt-Leitung-des-Raiffeisen-Futura-Immo-Fonds_Wohnliegenschaften-241x175.png 241w, https:\/\/www.immobilienbusiness.ch\/wp-content\/uploads\/2017\/04\/IB-News-10042017_Verit-uebernimmt-Leitung-des-Raiffeisen-Futura-Immo-Fonds_Wohnliegenschaften-481x350.png 481w\" sizes=\"auto, (max-width: 539px) 100vw, 539px\" \/><figcaption id=\"caption-attachment-7111\" class=\"wp-caption-text\">Il nuovo fondo suburbano Immofonds investe in immobili residenziali (Immagine: Pixabay)<\/figcaption><\/figure>\n<p>Secondo la societ\u00e0 di gestione del fondo Immofonds Asset Management, la nuova periferia di Immofonds ha ricevuto 40 milioni di franchi dall'emissione iniziale, suddivisi in 400'000 unit\u00e0 a un prezzo di emissione di 101.50 franchi netti per unit\u00e0.<\/p>\n<p>Il ricavato dell'emissione sar\u00e0 utilizzato per l'acquisto di tre immobili residenziali e un immobile a uso misto nei cantoni di Argovia, San Gallo e Sciaffusa; secondo la direzione del fondo, gli immobili sono gi\u00e0 vincolati. Il portafoglio comprende 82 appartamenti con uno spazio abitativo totale di 6.800 mq e 900 mq di spazio commerciale. Il valore di mercato del portafoglio \u00e8 di circa 43 milioni, e l'obiettivo annuale di affitto \u00e8 di 1,7 milioni, dice. Il rendimento lordo \u00e8 riferito a 4,1%.<\/p>\n<p>Come dice Gabriela Theus, amministratore delegato di Immofonds Asset Management AG, il portafoglio suburbano di Immofonds \u00e8 destinato a crescere fino a 1 miliardo nei prossimi anni. Secondo la direzione del fondo, l'investimento si concentra su \"immobili residenziali in buone micro-locazioni con prospettive di sviluppo interessanti, innovative e sostenibili in tutta la Svizzera\". Il focus strategico \u00e8 sulla regione del Lago di Costanza, la Svizzera centrale, l'arco meridionale del Giura, la Valle del Reno, il Vallese e il Ticino. <em>(ah)<\/em><\/p>","protected":false},"excerpt":{"rendered":"<p>Immofonds Asset Management ha completato l'emissione iniziale di un nuovo fondo immobiliare: Immofonds suburban investe in immobili residenziali al di fuori dei grandi centri svizzeri.<\/p>","protected":false},"author":3,"featured_media":7111,"comment_status":"closed","ping_status":"closed","sticky":false,"template":"","format":"standard","meta":{"_acf_changed":false,"_yoast_wpseo_focuskw":"Immofonds suburban","_yoast_wpseo_title":"","_yoast_wpseo_metadesc":"","_yoast_wpseo_linkdex":49,"pgc_sgb_lightbox_settings":"","footnotes":""},"categories":[988],"tags":[1357,1588,1863],"class_list":["post-39350","post","type-post","status-publish","format-standard","has-post-thumbnail","hentry","category-unternehmen","tag-immofonds","tag-potentieller-kaeufer","tag-wohnimmobilien"],"acf":[],"yoast_head":"<!-- This site is optimized with the Yoast SEO plugin v27.4 - https:\/\/yoast.com\/product\/yoast-seo-wordpress\/ -->\n<title>Immofonds suburban: Neuer Wohnfonds am Start - IMMOBILIEN Business<\/title>\n<meta name=\"robots\" content=\"index, follow, max-snippet:-1, max-image-preview:large, max-video-preview:-1\" \/>\n<link rel=\"canonical\" href=\"https:\/\/www.immobilienbusiness.ch\/it\/unternehmen\/2021-12-03\/immofonds-suburban-neuer-wohnfonds-am-start\/\" \/>\n<meta property=\"og:locale\" content=\"it_IT\" \/>\n<meta property=\"og:type\" content=\"article\" \/>\n<meta property=\"og:title\" content=\"Immofonds suburban: Neuer Wohnfonds am Start - IMMOBILIEN Business\" \/>\n<meta property=\"og:description\" content=\"Immofonds Asset Management hat die Erstemission eines neuen Immobilienfonds abgeschlossen: Der Immofonds suburban investiert in Wohnimmobilien ausserhalb der Schweizer Grosszentren.\" \/>\n<meta property=\"og:url\" content=\"https:\/\/www.immobilienbusiness.ch\/it\/unternehmen\/2021-12-03\/immofonds-suburban-neuer-wohnfonds-am-start\/\" \/>\n<meta property=\"og:site_name\" content=\"IMMOBILIEN Business\" \/>\n<meta property=\"article:publisher\" content=\"https:\/\/www.facebook.com\/immobilienbusiness\/\" \/>\n<meta property=\"article:published_time\" content=\"2021-12-03T07:59:38+00:00\" \/>\n<meta property=\"article:modified_time\" content=\"2021-12-09T09:01:29+00:00\" \/>\n<meta property=\"og:image\" content=\"https:\/\/www.immobilienbusiness.ch\/wp-content\/uploads\/2017\/04\/IB-News-10042017_Verit-uebernimmt-Leitung-des-Raiffeisen-Futura-Immo-Fonds_Wohnliegenschaften.png\" \/>\n\t<meta property=\"og:image:width\" content=\"539\" \/>\n\t<meta property=\"og:image:height\" content=\"392\" \/>\n\t<meta property=\"og:image:type\" content=\"image\/png\" \/>\n<meta name=\"author\" content=\"anja.hall\" \/>\n<meta name=\"twitter:card\" content=\"summary_large_image\" \/>\n<meta name=\"twitter:image\" content=\"https:\/\/www.immobilienbusiness.ch\/wp-content\/uploads\/2017\/04\/IB-News-10042017_Verit-uebernimmt-Leitung-des-Raiffeisen-Futura-Immo-Fonds_Wohnliegenschaften.png\" \/>\n<script type=\"application\/ld+json\" class=\"yoast-schema-graph\">{\"@context\":\"https:\\\/\\\/schema.org\",\"@graph\":[{\"@type\":\"Article\",\"@id\":\"https:\\\/\\\/www.immobilienbusiness.ch\\\/de\\\/unternehmen\\\/2021-12-03\\\/immofonds-suburban-neuer-wohnfonds-am-start\\\/#article\",\"isPartOf\":{\"@id\":\"https:\\\/\\\/www.immobilienbusiness.ch\\\/de\\\/unternehmen\\\/2021-12-03\\\/immofonds-suburban-neuer-wohnfonds-am-start\\\/\"},\"author\":{\"name\":\"anja.hall\",\"@id\":\"https:\\\/\\\/www.immobilienbusiness.ch\\\/#\\\/schema\\\/person\\\/3fc036297b10b9f42d6db5ee932af8c8\"},\"headline\":\"Immofonds suburban: Neuer Wohnfonds am Start\",\"datePublished\":\"2021-12-03T07:59:38+00:00\",\"dateModified\":\"2021-12-09T09:01:29+00:00\",\"mainEntityOfPage\":{\"@id\":\"https:\\\/\\\/www.immobilienbusiness.ch\\\/de\\\/unternehmen\\\/2021-12-03\\\/immofonds-suburban-neuer-wohnfonds-am-start\\\/\"},\"wordCount\":192,\"publisher\":{\"@id\":\"https:\\\/\\\/www.immobilienbusiness.ch\\\/#organization\"},\"image\":{\"@id\":\"https:\\\/\\\/www.immobilienbusiness.ch\\\/de\\\/unternehmen\\\/2021-12-03\\\/immofonds-suburban-neuer-wohnfonds-am-start\\\/#primaryimage\"},\"thumbnailUrl\":\"https:\\\/\\\/www.immobilienbusiness.ch\\\/wp-content\\\/uploads\\\/2017\\\/04\\\/IB-News-10042017_Verit-uebernimmt-Leitung-des-Raiffeisen-Futura-Immo-Fonds_Wohnliegenschaften.png\",\"keywords\":[\"Immofonds\",\"potentieller K\u00e4ufer\",\"Wohnimmobilien\"],\"articleSection\":[\"UNTERNEHMEN\"],\"inLanguage\":\"it-IT\"},{\"@type\":\"WebPage\",\"@id\":\"https:\\\/\\\/www.immobilienbusiness.ch\\\/de\\\/unternehmen\\\/2021-12-03\\\/immofonds-suburban-neuer-wohnfonds-am-start\\\/\",\"url\":\"https:\\\/\\\/www.immobilienbusiness.ch\\\/de\\\/unternehmen\\\/2021-12-03\\\/immofonds-suburban-neuer-wohnfonds-am-start\\\/\",\"name\":\"Immofonds suburban: Neuer Wohnfonds am Start - IMMOBILIEN Business\",\"isPartOf\":{\"@id\":\"https:\\\/\\\/www.immobilienbusiness.ch\\\/#website\"},\"primaryImageOfPage\":{\"@id\":\"https:\\\/\\\/www.immobilienbusiness.ch\\\/de\\\/unternehmen\\\/2021-12-03\\\/immofonds-suburban-neuer-wohnfonds-am-start\\\/#primaryimage\"},\"image\":{\"@id\":\"https:\\\/\\\/www.immobilienbusiness.ch\\\/de\\\/unternehmen\\\/2021-12-03\\\/immofonds-suburban-neuer-wohnfonds-am-start\\\/#primaryimage\"},\"thumbnailUrl\":\"https:\\\/\\\/www.immobilienbusiness.ch\\\/wp-content\\\/uploads\\\/2017\\\/04\\\/IB-News-10042017_Verit-uebernimmt-Leitung-des-Raiffeisen-Futura-Immo-Fonds_Wohnliegenschaften.png\",\"datePublished\":\"2021-12-03T07:59:38+00:00\",\"dateModified\":\"2021-12-09T09:01:29+00:00\",\"breadcrumb\":{\"@id\":\"https:\\\/\\\/www.immobilienbusiness.ch\\\/de\\\/unternehmen\\\/2021-12-03\\\/immofonds-suburban-neuer-wohnfonds-am-start\\\/#breadcrumb\"},\"inLanguage\":\"it-IT\",\"potentialAction\":[{\"@type\":\"ReadAction\",\"target\":[\"https:\\\/\\\/www.immobilienbusiness.ch\\\/de\\\/unternehmen\\\/2021-12-03\\\/immofonds-suburban-neuer-wohnfonds-am-start\\\/\"]}]},{\"@type\":\"ImageObject\",\"inLanguage\":\"it-IT\",\"@id\":\"https:\\\/\\\/www.immobilienbusiness.ch\\\/de\\\/unternehmen\\\/2021-12-03\\\/immofonds-suburban-neuer-wohnfonds-am-start\\\/#primaryimage\",\"url\":\"https:\\\/\\\/www.immobilienbusiness.ch\\\/wp-content\\\/uploads\\\/2017\\\/04\\\/IB-News-10042017_Verit-uebernimmt-Leitung-des-Raiffeisen-Futura-Immo-Fonds_Wohnliegenschaften.png\",\"contentUrl\":\"https:\\\/\\\/www.immobilienbusiness.ch\\\/wp-content\\\/uploads\\\/2017\\\/04\\\/IB-News-10042017_Verit-uebernimmt-Leitung-des-Raiffeisen-Futura-Immo-Fonds_Wohnliegenschaften.png\",\"width\":539,\"height\":392,\"caption\":\"Verit \u00fcbernimmt die Fondsleitung f\u00fcr den Raiffeisen Futura Immo Fonds (Bild: Pixabay)\"},{\"@type\":\"BreadcrumbList\",\"@id\":\"https:\\\/\\\/www.immobilienbusiness.ch\\\/de\\\/unternehmen\\\/2021-12-03\\\/immofonds-suburban-neuer-wohnfonds-am-start\\\/#breadcrumb\",\"itemListElement\":[{\"@type\":\"ListItem\",\"position\":1,\"name\":\"Home\",\"item\":\"https:\\\/\\\/www.immobilienbusiness.ch\\\/\"},{\"@type\":\"ListItem\",\"position\":2,\"name\":\"Immofonds suburban: Neuer Wohnfonds am Start\"}]},{\"@type\":\"WebSite\",\"@id\":\"https:\\\/\\\/www.immobilienbusiness.ch\\\/#website\",\"url\":\"https:\\\/\\\/www.immobilienbusiness.ch\\\/\",\"name\":\"IMMOBILIEN Business\",\"description\":\"Unabh\u00e4ngiges Schweizer Wirtschaftsmagazin mit Fokus auf Immobilien, Architektur- und Bau sowie Investment- und Finanzierung.\",\"publisher\":{\"@id\":\"https:\\\/\\\/www.immobilienbusiness.ch\\\/#organization\"},\"potentialAction\":[{\"@type\":\"SearchAction\",\"target\":{\"@type\":\"EntryPoint\",\"urlTemplate\":\"https:\\\/\\\/www.immobilienbusiness.ch\\\/?s={search_term_string}\"},\"query-input\":{\"@type\":\"PropertyValueSpecification\",\"valueRequired\":true,\"valueName\":\"search_term_string\"}}],\"inLanguage\":\"it-IT\"},{\"@type\":\"Organization\",\"@id\":\"https:\\\/\\\/www.immobilienbusiness.ch\\\/#organization\",\"name\":\"IMMOBILIEN Business\",\"url\":\"https:\\\/\\\/www.immobilienbusiness.ch\\\/\",\"logo\":{\"@type\":\"ImageObject\",\"inLanguage\":\"it-IT\",\"@id\":\"https:\\\/\\\/www.immobilienbusiness.ch\\\/#\\\/schema\\\/logo\\\/image\\\/\",\"url\":\"https:\\\/\\\/www.immobilienbusiness.ch\\\/wp-content\\\/uploads\\\/2021\\\/07\\\/logo_ib.png\",\"contentUrl\":\"https:\\\/\\\/www.immobilienbusiness.ch\\\/wp-content\\\/uploads\\\/2021\\\/07\\\/logo_ib.png\",\"width\":800,\"height\":181,\"caption\":\"IMMOBILIEN Business\"},\"image\":{\"@id\":\"https:\\\/\\\/www.immobilienbusiness.ch\\\/#\\\/schema\\\/logo\\\/image\\\/\"},\"sameAs\":[\"https:\\\/\\\/www.facebook.com\\\/immobilienbusiness\\\/\"]},{\"@type\":\"Person\",\"@id\":\"https:\\\/\\\/www.immobilienbusiness.ch\\\/#\\\/schema\\\/person\\\/3fc036297b10b9f42d6db5ee932af8c8\",\"name\":\"anja.hall\",\"image\":{\"@type\":\"ImageObject\",\"inLanguage\":\"it-IT\",\"@id\":\"https:\\\/\\\/secure.gravatar.com\\\/avatar\\\/066b5a0d447013502c71a5782f4f3469f03cfe595cc2329fb94652fe47511bfb?s=96&d=mm&r=g\",\"url\":\"https:\\\/\\\/secure.gravatar.com\\\/avatar\\\/066b5a0d447013502c71a5782f4f3469f03cfe595cc2329fb94652fe47511bfb?s=96&d=mm&r=g\",\"contentUrl\":\"https:\\\/\\\/secure.gravatar.com\\\/avatar\\\/066b5a0d447013502c71a5782f4f3469f03cfe595cc2329fb94652fe47511bfb?s=96&d=mm&r=g\",\"caption\":\"anja.hall\"},\"url\":\"https:\\\/\\\/www.immobilienbusiness.ch\\\/it\\\/author\\\/anja-hall\\\/\"}]}<\/script>\n<!-- \/ Yoast SEO plugin. -->","yoast_head_json":{"title":"Immofonds suburbano: lanciato un nuovo fondo residenziale - IMMOBILIEN Business","robots":{"index":"index","follow":"follow","max-snippet":"max-snippet:-1","max-image-preview":"max-image-preview:large","max-video-preview":"max-video-preview:-1"},"canonical":"https:\/\/www.immobilienbusiness.ch\/it\/unternehmen\/2021-12-03\/immofonds-suburban-neuer-wohnfonds-am-start\/","og_locale":"it_IT","og_type":"article","og_title":"Immofonds suburban: Neuer Wohnfonds am Start - IMMOBILIEN Business","og_description":"Immofonds Asset Management hat die Erstemission eines neuen Immobilienfonds abgeschlossen: Der Immofonds suburban investiert in Wohnimmobilien ausserhalb der Schweizer Grosszentren.","og_url":"https:\/\/www.immobilienbusiness.ch\/it\/unternehmen\/2021-12-03\/immofonds-suburban-neuer-wohnfonds-am-start\/","og_site_name":"IMMOBILIEN Business","article_publisher":"https:\/\/www.facebook.com\/immobilienbusiness\/","article_published_time":"2021-12-03T07:59:38+00:00","article_modified_time":"2021-12-09T09:01:29+00:00","og_image":[{"width":539,"height":392,"url":"https:\/\/www.immobilienbusiness.ch\/wp-content\/uploads\/2017\/04\/IB-News-10042017_Verit-uebernimmt-Leitung-des-Raiffeisen-Futura-Immo-Fonds_Wohnliegenschaften.png","type":"image\/png"}],"author":"anja.hall","twitter_card":"summary_large_image","twitter_image":"https:\/\/www.immobilienbusiness.ch\/wp-content\/uploads\/2017\/04\/IB-News-10042017_Verit-uebernimmt-Leitung-des-Raiffeisen-Futura-Immo-Fonds_Wohnliegenschaften.png","schema":{"@context":"https:\/\/schema.org","@graph":[{"@type":"Article","@id":"https:\/\/www.immobilienbusiness.ch\/de\/unternehmen\/2021-12-03\/immofonds-suburban-neuer-wohnfonds-am-start\/#article","isPartOf":{"@id":"https:\/\/www.immobilienbusiness.ch\/de\/unternehmen\/2021-12-03\/immofonds-suburban-neuer-wohnfonds-am-start\/"},"author":{"name":"anja.hall","@id":"https:\/\/www.immobilienbusiness.ch\/#\/schema\/person\/3fc036297b10b9f42d6db5ee932af8c8"},"headline":"Immofonds suburban: Neuer Wohnfonds am Start","datePublished":"2021-12-03T07:59:38+00:00","dateModified":"2021-12-09T09:01:29+00:00","mainEntityOfPage":{"@id":"https:\/\/www.immobilienbusiness.ch\/de\/unternehmen\/2021-12-03\/immofonds-suburban-neuer-wohnfonds-am-start\/"},"wordCount":192,"publisher":{"@id":"https:\/\/www.immobilienbusiness.ch\/#organization"},"image":{"@id":"https:\/\/www.immobilienbusiness.ch\/de\/unternehmen\/2021-12-03\/immofonds-suburban-neuer-wohnfonds-am-start\/#primaryimage"},"thumbnailUrl":"https:\/\/www.immobilienbusiness.ch\/wp-content\/uploads\/2017\/04\/IB-News-10042017_Verit-uebernimmt-Leitung-des-Raiffeisen-Futura-Immo-Fonds_Wohnliegenschaften.png","keywords":["Immofonds","potentieller K\u00e4ufer","Wohnimmobilien"],"articleSection":["UNTERNEHMEN"],"inLanguage":"it-IT"},{"@type":"WebPage","@id":"https:\/\/www.immobilienbusiness.ch\/de\/unternehmen\/2021-12-03\/immofonds-suburban-neuer-wohnfonds-am-start\/","url":"https:\/\/www.immobilienbusiness.ch\/de\/unternehmen\/2021-12-03\/immofonds-suburban-neuer-wohnfonds-am-start\/","name":"Immofonds suburbano: lanciato un nuovo fondo residenziale - IMMOBILIEN Business","isPartOf":{"@id":"https:\/\/www.immobilienbusiness.ch\/#website"},"primaryImageOfPage":{"@id":"https:\/\/www.immobilienbusiness.ch\/de\/unternehmen\/2021-12-03\/immofonds-suburban-neuer-wohnfonds-am-start\/#primaryimage"},"image":{"@id":"https:\/\/www.immobilienbusiness.ch\/de\/unternehmen\/2021-12-03\/immofonds-suburban-neuer-wohnfonds-am-start\/#primaryimage"},"thumbnailUrl":"https:\/\/www.immobilienbusiness.ch\/wp-content\/uploads\/2017\/04\/IB-News-10042017_Verit-uebernimmt-Leitung-des-Raiffeisen-Futura-Immo-Fonds_Wohnliegenschaften.png","datePublished":"2021-12-03T07:59:38+00:00","dateModified":"2021-12-09T09:01:29+00:00","breadcrumb":{"@id":"https:\/\/www.immobilienbusiness.ch\/de\/unternehmen\/2021-12-03\/immofonds-suburban-neuer-wohnfonds-am-start\/#breadcrumb"},"inLanguage":"it-IT","potentialAction":[{"@type":"ReadAction","target":["https:\/\/www.immobilienbusiness.ch\/de\/unternehmen\/2021-12-03\/immofonds-suburban-neuer-wohnfonds-am-start\/"]}]},{"@type":"ImageObject","inLanguage":"it-IT","@id":"https:\/\/www.immobilienbusiness.ch\/de\/unternehmen\/2021-12-03\/immofonds-suburban-neuer-wohnfonds-am-start\/#primaryimage","url":"https:\/\/www.immobilienbusiness.ch\/wp-content\/uploads\/2017\/04\/IB-News-10042017_Verit-uebernimmt-Leitung-des-Raiffeisen-Futura-Immo-Fonds_Wohnliegenschaften.png","contentUrl":"https:\/\/www.immobilienbusiness.ch\/wp-content\/uploads\/2017\/04\/IB-News-10042017_Verit-uebernimmt-Leitung-des-Raiffeisen-Futura-Immo-Fonds_Wohnliegenschaften.png","width":539,"height":392,"caption":"Verit \u00fcbernimmt die Fondsleitung f\u00fcr den Raiffeisen Futura Immo Fonds (Bild: Pixabay)"},{"@type":"BreadcrumbList","@id":"https:\/\/www.immobilienbusiness.ch\/de\/unternehmen\/2021-12-03\/immofonds-suburban-neuer-wohnfonds-am-start\/#breadcrumb","itemListElement":[{"@type":"ListItem","position":1,"name":"Home","item":"https:\/\/www.immobilienbusiness.ch\/"},{"@type":"ListItem","position":2,"name":"Immofonds suburban: Neuer Wohnfonds am Start"}]},{"@type":"WebSite","@id":"https:\/\/www.immobilienbusiness.ch\/#website","url":"https:\/\/www.immobilienbusiness.ch\/","name":"Affari immobiliari","description":"Rivista economica indipendente svizzera che si concentra sul settore immobiliare, l'architettura e la costruzione, nonch\u00e9 sugli investimenti e i finanziamenti.","publisher":{"@id":"https:\/\/www.immobilienbusiness.ch\/#organization"},"potentialAction":[{"@type":"SearchAction","target":{"@type":"EntryPoint","urlTemplate":"https:\/\/www.immobilienbusiness.ch\/?s={search_term_string}"},"query-input":{"@type":"PropertyValueSpecification","valueRequired":true,"valueName":"search_term_string"}}],"inLanguage":"it-IT"},{"@type":"Organization","@id":"https:\/\/www.immobilienbusiness.ch\/#organization","name":"Affari immobiliari","url":"https:\/\/www.immobilienbusiness.ch\/","logo":{"@type":"ImageObject","inLanguage":"it-IT","@id":"https:\/\/www.immobilienbusiness.ch\/#\/schema\/logo\/image\/","url":"https:\/\/www.immobilienbusiness.ch\/wp-content\/uploads\/2021\/07\/logo_ib.png","contentUrl":"https:\/\/www.immobilienbusiness.ch\/wp-content\/uploads\/2021\/07\/logo_ib.png","width":800,"height":181,"caption":"IMMOBILIEN Business"},"image":{"@id":"https:\/\/www.immobilienbusiness.ch\/#\/schema\/logo\/image\/"},"sameAs":["https:\/\/www.facebook.com\/immobilienbusiness\/"]},{"@type":"Person","@id":"https:\/\/www.immobilienbusiness.ch\/#\/schema\/person\/3fc036297b10b9f42d6db5ee932af8c8","name":"anja.hall","image":{"@type":"ImageObject","inLanguage":"it-IT","@id":"https:\/\/secure.gravatar.com\/avatar\/066b5a0d447013502c71a5782f4f3469f03cfe595cc2329fb94652fe47511bfb?s=96&d=mm&r=g","url":"https:\/\/secure.gravatar.com\/avatar\/066b5a0d447013502c71a5782f4f3469f03cfe595cc2329fb94652fe47511bfb?s=96&d=mm&r=g","contentUrl":"https:\/\/secure.gravatar.com\/avatar\/066b5a0d447013502c71a5782f4f3469f03cfe595cc2329fb94652fe47511bfb?s=96&d=mm&r=g","caption":"anja.hall"},"url":"https:\/\/www.immobilienbusiness.ch\/it\/author\/anja-hall\/"}]}},"_links":{"self":[{"href":"https:\/\/www.immobilienbusiness.ch\/it\/wp-json\/wp\/v2\/posts\/39350","targetHints":{"allow":["GET"]}}],"collection":[{"href":"https:\/\/www.immobilienbusiness.ch\/it\/wp-json\/wp\/v2\/posts"}],"about":[{"href":"https:\/\/www.immobilienbusiness.ch\/it\/wp-json\/wp\/v2\/types\/post"}],"author":[{"embeddable":true,"href":"https:\/\/www.immobilienbusiness.ch\/it\/wp-json\/wp\/v2\/users\/3"}],"replies":[{"embeddable":true,"href":"https:\/\/www.immobilienbusiness.ch\/it\/wp-json\/wp\/v2\/comments?post=39350"}],"version-history":[{"count":3,"href":"https:\/\/www.immobilienbusiness.ch\/it\/wp-json\/wp\/v2\/posts\/39350\/revisions"}],"predecessor-version":[{"id":39418,"href":"https:\/\/www.immobilienbusiness.ch\/it\/wp-json\/wp\/v2\/posts\/39350\/revisions\/39418"}],"wp:featuredmedia":[{"embeddable":true,"href":"https:\/\/www.immobilienbusiness.ch\/it\/wp-json\/wp\/v2\/media\/7111"}],"wp:attachment":[{"href":"https:\/\/www.immobilienbusiness.ch\/it\/wp-json\/wp\/v2\/media?parent=39350"}],"wp:term":[{"taxonomy":"category","embeddable":true,"href":"https:\/\/www.immobilienbusiness.ch\/it\/wp-json\/wp\/v2\/categories?post=39350"},{"taxonomy":"post_tag","embeddable":true,"href":"https:\/\/www.immobilienbusiness.ch\/it\/wp-json\/wp\/v2\/tags?post=39350"}],"curies":[{"name":"wp","href":"https:\/\/api.w.org\/{rel}","templated":true}]}}