{"id":3917,"date":"2016-10-12T09:25:21","date_gmt":"2016-10-12T07:25:21","guid":{"rendered":"http:\/\/dev.immobilienbusiness.ch\/?p=3917"},"modified":"2016-10-12T09:25:21","modified_gmt":"2016-10-12T07:25:21","slug":"retail-migros-plant-velo-shops","status":"publish","type":"post","link":"https:\/\/www.immobilienbusiness.ch\/it\/retail\/2016-10-12\/retail-migros-plant-velo-shops\/","title":{"rendered":"Commercio al dettaglio: Migros progetta negozi di biciclette"},"content":{"rendered":"<figure id=\"attachment_3927\" aria-describedby=\"caption-attachment-3927\" style=\"width: 680px\" class=\"wp-caption alignnone\"><img loading=\"lazy\" decoding=\"async\" class=\"size-medium wp-image-3927\" src=\"https:\/\/immobilienbusiness.ch\/wp-content\/uploads\/2016\/12\/Retail-Migros-plant-Velo-Shops-immobilien-business.jpg\" alt=\"Laut einem Zeitungsbericht plant Migros eine Filialkette f\u00fcr Velos (Foto: Pixabay)\" width=\"680\" height=\"453\" srcset=\"https:\/\/www.immobilienbusiness.ch\/wp-content\/uploads\/2016\/12\/Retail-Migros-plant-Velo-Shops-immobilien-business.jpg 1280w, https:\/\/www.immobilienbusiness.ch\/wp-content\/uploads\/2016\/12\/Retail-Migros-plant-Velo-Shops-immobilien-business-300x200.jpg 300w, https:\/\/www.immobilienbusiness.ch\/wp-content\/uploads\/2016\/12\/Retail-Migros-plant-Velo-Shops-immobilien-business-1024x682.jpg 1024w, https:\/\/www.immobilienbusiness.ch\/wp-content\/uploads\/2016\/12\/Retail-Migros-plant-Velo-Shops-immobilien-business-768x512.jpg 768w, https:\/\/www.immobilienbusiness.ch\/wp-content\/uploads\/2016\/12\/Retail-Migros-plant-Velo-Shops-immobilien-business-16x12.jpg 16w, https:\/\/www.immobilienbusiness.ch\/wp-content\/uploads\/2016\/12\/Retail-Migros-plant-Velo-Shops-immobilien-business-263x175.jpg 263w, https:\/\/www.immobilienbusiness.ch\/wp-content\/uploads\/2016\/12\/Retail-Migros-plant-Velo-Shops-immobilien-business-525x350.jpg 525w, https:\/\/www.immobilienbusiness.ch\/wp-content\/uploads\/2016\/12\/Retail-Migros-plant-Velo-Shops-immobilien-business-1200x800.jpg 1200w, https:\/\/www.immobilienbusiness.ch\/wp-content\/uploads\/2016\/12\/Retail-Migros-plant-Velo-Shops-immobilien-business-920x613.jpg 920w\" sizes=\"auto, (max-width: 680px) 100vw, 680px\" \/><figcaption id=\"caption-attachment-3927\" class=\"wp-caption-text\">Secondo un articolo di giornale, Migros sta progettando una catena di negozi di biciclette (Foto: Pixabay)<\/figcaption><\/figure>\n<p>Come il <em>Handelszeitung<\/em> Migros vuole ora essere attiva anche nel mercato delle biciclette non elettrificate. Secondo il rapporto, oltre ai reparti bici dei negozi SportXX, Migros intende aprire i propri negozi di bici a partire dal 2017. Migros ha finora confermato solo che SportXX sta pianificando \"l'ampliamento delle sue competenze l'anno prossimo\".<\/p>\n<p>Secondo il giornale, la Federazione Cooperativa Migros ha presentato a settembre una domanda di registrazione del marchio \"Bike World Sport XX\", con il quale i negozi di biciclette potrebbero operare. La domanda chiarisce inoltre che Migros non vuole solo vendere biciclette nei negozi, ma anche ripararle. Secondo il giornale, due negozi pilota inizieranno la prossima primavera. (ah)<\/p>","protected":false},"excerpt":{"rendered":"<p>Secondo un articolo della \"Handelszeitung\", Migros vuole lanciare una catena di negozi di biciclette. Ad oggi, il rivenditore gestisce la catena di negozi di biciclette elettriche M-Way con 29 negozi e un negozio online.<\/p>","protected":false},"author":1,"featured_media":3927,"comment_status":"open","ping_status":"open","sticky":false,"template":"","format":"standard","meta":{"_acf_changed":false,"_yoast_wpseo_focuskw":"Velo-Shops","_yoast_wpseo_title":"","_yoast_wpseo_metadesc":"Velo-Shops: Migros will gem\u00e4ss Bericht der \u00abHandelszeitung\u00bb eine Filialkette f\u00fcr Velos lancieren. Bislang f\u00fchrt der Retailer die E-Bike-Ladenkette M-Way.","_yoast_wpseo_linkdex":59,"pgc_sgb_lightbox_settings":"","footnotes":""},"categories":[987,988],"tags":[1643,1807],"class_list":["post-3917","post","type-post","status-publish","format-standard","has-post-thumbnail","hentry","category-retail","category-unternehmen","tag-retail","tag-unternehmen"],"acf":[],"yoast_head":"<!-- This site is optimized with the Yoast SEO plugin v27.4 - https:\/\/yoast.com\/product\/yoast-seo-wordpress\/ -->\n<title>Retail: Migros plant Velo-Shops - IMMOBILIEN Business<\/title>\n<meta name=\"description\" content=\"Velo-Shops: Migros will gem\u00e4ss Bericht der \u00abHandelszeitung\u00bb eine Filialkette f\u00fcr Velos lancieren. Bislang f\u00fchrt der Retailer die E-Bike-Ladenkette M-Way.\" \/>\n<meta name=\"robots\" content=\"index, follow, max-snippet:-1, max-image-preview:large, max-video-preview:-1\" \/>\n<link rel=\"canonical\" href=\"https:\/\/www.immobilienbusiness.ch\/it\/retail\/2016-10-12\/retail-migros-plant-velo-shops\/\" \/>\n<meta property=\"og:locale\" content=\"it_IT\" \/>\n<meta property=\"og:type\" content=\"article\" \/>\n<meta property=\"og:title\" content=\"Retail: Migros plant Velo-Shops\" \/>\n<meta property=\"og:description\" content=\"Migros will laut einem Bericht der \u00abHandelszeitung\u00bb eine Filialkette f\u00fcr Velos lancieren. Bislang f\u00fchrt der Retailer die E-Bike-Ladenkette M-Way mit 29 Gesch\u00e4ften und einem Online-Shop.\" \/>\n<meta property=\"og:url\" content=\"https:\/\/www.immobilienbusiness.ch\/it\/retail\/2016-10-12\/retail-migros-plant-velo-shops\/\" \/>\n<meta property=\"og:site_name\" content=\"IMMOBILIEN Business\" \/>\n<meta property=\"article:publisher\" content=\"https:\/\/www.facebook.com\/immobilienbusiness\/\" \/>\n<meta property=\"article:published_time\" content=\"2016-10-12T07:25:21+00:00\" \/>\n<meta name=\"author\" content=\"Redaktion\" \/>\n<meta name=\"twitter:card\" content=\"summary_large_image\" \/>\n<meta name=\"twitter:image\" content=\"https:\/\/www.immobilienbusiness.ch\/wp-content\/uploads\/2016\/12\/Retail-Migros-plant-Velo-Shops-immobilien-business.jpg\" \/>\n<script type=\"application\/ld+json\" class=\"yoast-schema-graph\">{\"@context\":\"https:\\\/\\\/schema.org\",\"@graph\":[{\"@type\":\"Article\",\"@id\":\"https:\\\/\\\/www.immobilienbusiness.ch\\\/de\\\/retail\\\/2016-10-12\\\/retail-migros-plant-velo-shops\\\/#article\",\"isPartOf\":{\"@id\":\"https:\\\/\\\/www.immobilienbusiness.ch\\\/de\\\/retail\\\/2016-10-12\\\/retail-migros-plant-velo-shops\\\/\"},\"author\":{\"name\":\"Redaktion\",\"@id\":\"https:\\\/\\\/www.immobilienbusiness.ch\\\/#\\\/schema\\\/person\\\/aa2bace6c5c5aad60102004a50c4eb1c\"},\"headline\":\"Retail: Migros plant Velo-Shops\",\"datePublished\":\"2016-10-12T07:25:21+00:00\",\"mainEntityOfPage\":{\"@id\":\"https:\\\/\\\/www.immobilienbusiness.ch\\\/de\\\/retail\\\/2016-10-12\\\/retail-migros-plant-velo-shops\\\/\"},\"wordCount\":143,\"commentCount\":0,\"publisher\":{\"@id\":\"https:\\\/\\\/www.immobilienbusiness.ch\\\/#organization\"},\"image\":{\"@id\":\"https:\\\/\\\/www.immobilienbusiness.ch\\\/de\\\/retail\\\/2016-10-12\\\/retail-migros-plant-velo-shops\\\/#primaryimage\"},\"thumbnailUrl\":\"https:\\\/\\\/www.immobilienbusiness.ch\\\/wp-content\\\/uploads\\\/2016\\\/12\\\/Retail-Migros-plant-Velo-Shops-immobilien-business.jpg\",\"keywords\":[\"Retail\",\"Unternehmen\"],\"articleSection\":[\"RETAIL\",\"UNTERNEHMEN\"],\"inLanguage\":\"it-IT\"},{\"@type\":\"WebPage\",\"@id\":\"https:\\\/\\\/www.immobilienbusiness.ch\\\/de\\\/retail\\\/2016-10-12\\\/retail-migros-plant-velo-shops\\\/\",\"url\":\"https:\\\/\\\/www.immobilienbusiness.ch\\\/de\\\/retail\\\/2016-10-12\\\/retail-migros-plant-velo-shops\\\/\",\"name\":\"Retail: Migros plant Velo-Shops - IMMOBILIEN Business\",\"isPartOf\":{\"@id\":\"https:\\\/\\\/www.immobilienbusiness.ch\\\/#website\"},\"primaryImageOfPage\":{\"@id\":\"https:\\\/\\\/www.immobilienbusiness.ch\\\/de\\\/retail\\\/2016-10-12\\\/retail-migros-plant-velo-shops\\\/#primaryimage\"},\"image\":{\"@id\":\"https:\\\/\\\/www.immobilienbusiness.ch\\\/de\\\/retail\\\/2016-10-12\\\/retail-migros-plant-velo-shops\\\/#primaryimage\"},\"thumbnailUrl\":\"https:\\\/\\\/www.immobilienbusiness.ch\\\/wp-content\\\/uploads\\\/2016\\\/12\\\/Retail-Migros-plant-Velo-Shops-immobilien-business.jpg\",\"datePublished\":\"2016-10-12T07:25:21+00:00\",\"description\":\"Velo-Shops: Migros will gem\u00e4ss Bericht der \u00abHandelszeitung\u00bb eine Filialkette f\u00fcr Velos lancieren. Bislang f\u00fchrt der Retailer die E-Bike-Ladenkette M-Way.\",\"breadcrumb\":{\"@id\":\"https:\\\/\\\/www.immobilienbusiness.ch\\\/de\\\/retail\\\/2016-10-12\\\/retail-migros-plant-velo-shops\\\/#breadcrumb\"},\"inLanguage\":\"it-IT\",\"potentialAction\":[{\"@type\":\"ReadAction\",\"target\":[\"https:\\\/\\\/www.immobilienbusiness.ch\\\/de\\\/retail\\\/2016-10-12\\\/retail-migros-plant-velo-shops\\\/\"]}]},{\"@type\":\"ImageObject\",\"inLanguage\":\"it-IT\",\"@id\":\"https:\\\/\\\/www.immobilienbusiness.ch\\\/de\\\/retail\\\/2016-10-12\\\/retail-migros-plant-velo-shops\\\/#primaryimage\",\"url\":\"https:\\\/\\\/www.immobilienbusiness.ch\\\/wp-content\\\/uploads\\\/2016\\\/12\\\/Retail-Migros-plant-Velo-Shops-immobilien-business.jpg\",\"contentUrl\":\"https:\\\/\\\/www.immobilienbusiness.ch\\\/wp-content\\\/uploads\\\/2016\\\/12\\\/Retail-Migros-plant-Velo-Shops-immobilien-business.jpg\",\"width\":1280,\"height\":853,\"caption\":\"Migros hat ihre Filialkette f\u00fcr Velos abgestossen (Foto: Pixabay)\"},{\"@type\":\"BreadcrumbList\",\"@id\":\"https:\\\/\\\/www.immobilienbusiness.ch\\\/de\\\/retail\\\/2016-10-12\\\/retail-migros-plant-velo-shops\\\/#breadcrumb\",\"itemListElement\":[{\"@type\":\"ListItem\",\"position\":1,\"name\":\"Home\",\"item\":\"https:\\\/\\\/www.immobilienbusiness.ch\\\/\"},{\"@type\":\"ListItem\",\"position\":2,\"name\":\"Retail: Migros plant Velo-Shops\"}]},{\"@type\":\"WebSite\",\"@id\":\"https:\\\/\\\/www.immobilienbusiness.ch\\\/#website\",\"url\":\"https:\\\/\\\/www.immobilienbusiness.ch\\\/\",\"name\":\"IMMOBILIEN Business\",\"description\":\"Unabh\u00e4ngiges Schweizer Wirtschaftsmagazin mit Fokus auf Immobilien, Architektur- und Bau sowie Investment- und Finanzierung.\",\"publisher\":{\"@id\":\"https:\\\/\\\/www.immobilienbusiness.ch\\\/#organization\"},\"potentialAction\":[{\"@type\":\"SearchAction\",\"target\":{\"@type\":\"EntryPoint\",\"urlTemplate\":\"https:\\\/\\\/www.immobilienbusiness.ch\\\/?s={search_term_string}\"},\"query-input\":{\"@type\":\"PropertyValueSpecification\",\"valueRequired\":true,\"valueName\":\"search_term_string\"}}],\"inLanguage\":\"it-IT\"},{\"@type\":\"Organization\",\"@id\":\"https:\\\/\\\/www.immobilienbusiness.ch\\\/#organization\",\"name\":\"IMMOBILIEN Business\",\"url\":\"https:\\\/\\\/www.immobilienbusiness.ch\\\/\",\"logo\":{\"@type\":\"ImageObject\",\"inLanguage\":\"it-IT\",\"@id\":\"https:\\\/\\\/www.immobilienbusiness.ch\\\/#\\\/schema\\\/logo\\\/image\\\/\",\"url\":\"https:\\\/\\\/www.immobilienbusiness.ch\\\/wp-content\\\/uploads\\\/2021\\\/07\\\/logo_ib.png\",\"contentUrl\":\"https:\\\/\\\/www.immobilienbusiness.ch\\\/wp-content\\\/uploads\\\/2021\\\/07\\\/logo_ib.png\",\"width\":800,\"height\":181,\"caption\":\"IMMOBILIEN Business\"},\"image\":{\"@id\":\"https:\\\/\\\/www.immobilienbusiness.ch\\\/#\\\/schema\\\/logo\\\/image\\\/\"},\"sameAs\":[\"https:\\\/\\\/www.facebook.com\\\/immobilienbusiness\\\/\"]},{\"@type\":\"Person\",\"@id\":\"https:\\\/\\\/www.immobilienbusiness.ch\\\/#\\\/schema\\\/person\\\/aa2bace6c5c5aad60102004a50c4eb1c\",\"name\":\"Redaktion\",\"image\":{\"@type\":\"ImageObject\",\"inLanguage\":\"it-IT\",\"@id\":\"https:\\\/\\\/secure.gravatar.com\\\/avatar\\\/ae2f4d718e6c49043e314ce431e7e645d646302a24a5ef5a8bc8e3f5a032e319?s=96&d=mm&r=g\",\"url\":\"https:\\\/\\\/secure.gravatar.com\\\/avatar\\\/ae2f4d718e6c49043e314ce431e7e645d646302a24a5ef5a8bc8e3f5a032e319?s=96&d=mm&r=g\",\"contentUrl\":\"https:\\\/\\\/secure.gravatar.com\\\/avatar\\\/ae2f4d718e6c49043e314ce431e7e645d646302a24a5ef5a8bc8e3f5a032e319?s=96&d=mm&r=g\",\"caption\":\"Redaktion\"},\"sameAs\":[\"http:\\\/\\\/develop.organisator.galledia.ch\"],\"url\":\"https:\\\/\\\/www.immobilienbusiness.ch\\\/it\\\/author\\\/admin\\\/\"}]}<\/script>\n<!-- \/ Yoast SEO plugin. -->","yoast_head_json":{"title":"Commercio al dettaglio: Migros progetta negozi di biciclette - IMMOBILIEN Business","description":"Negozi di biciclette: Secondo quanto riportato dal quotidiano Handelszeitung, Migros sta progettando di lanciare una catena di negozi di biciclette. Attualmente il rivenditore gestisce la catena di negozi di biciclette elettriche M-Way.","robots":{"index":"index","follow":"follow","max-snippet":"max-snippet:-1","max-image-preview":"max-image-preview:large","max-video-preview":"max-video-preview:-1"},"canonical":"https:\/\/www.immobilienbusiness.ch\/it\/retail\/2016-10-12\/retail-migros-plant-velo-shops\/","og_locale":"it_IT","og_type":"article","og_title":"Retail: Migros plant Velo-Shops","og_description":"Migros will laut einem Bericht der \u00abHandelszeitung\u00bb eine Filialkette f\u00fcr Velos lancieren. Bislang f\u00fchrt der Retailer die E-Bike-Ladenkette M-Way mit 29 Gesch\u00e4ften und einem Online-Shop.","og_url":"https:\/\/www.immobilienbusiness.ch\/it\/retail\/2016-10-12\/retail-migros-plant-velo-shops\/","og_site_name":"IMMOBILIEN Business","article_publisher":"https:\/\/www.facebook.com\/immobilienbusiness\/","article_published_time":"2016-10-12T07:25:21+00:00","author":"Redaktion","twitter_card":"summary_large_image","twitter_image":"https:\/\/www.immobilienbusiness.ch\/wp-content\/uploads\/2016\/12\/Retail-Migros-plant-Velo-Shops-immobilien-business.jpg","schema":{"@context":"https:\/\/schema.org","@graph":[{"@type":"Article","@id":"https:\/\/www.immobilienbusiness.ch\/de\/retail\/2016-10-12\/retail-migros-plant-velo-shops\/#article","isPartOf":{"@id":"https:\/\/www.immobilienbusiness.ch\/de\/retail\/2016-10-12\/retail-migros-plant-velo-shops\/"},"author":{"name":"Redaktion","@id":"https:\/\/www.immobilienbusiness.ch\/#\/schema\/person\/aa2bace6c5c5aad60102004a50c4eb1c"},"headline":"Retail: Migros plant Velo-Shops","datePublished":"2016-10-12T07:25:21+00:00","mainEntityOfPage":{"@id":"https:\/\/www.immobilienbusiness.ch\/de\/retail\/2016-10-12\/retail-migros-plant-velo-shops\/"},"wordCount":143,"commentCount":0,"publisher":{"@id":"https:\/\/www.immobilienbusiness.ch\/#organization"},"image":{"@id":"https:\/\/www.immobilienbusiness.ch\/de\/retail\/2016-10-12\/retail-migros-plant-velo-shops\/#primaryimage"},"thumbnailUrl":"https:\/\/www.immobilienbusiness.ch\/wp-content\/uploads\/2016\/12\/Retail-Migros-plant-Velo-Shops-immobilien-business.jpg","keywords":["Retail","Unternehmen"],"articleSection":["RETAIL","UNTERNEHMEN"],"inLanguage":"it-IT"},{"@type":"WebPage","@id":"https:\/\/www.immobilienbusiness.ch\/de\/retail\/2016-10-12\/retail-migros-plant-velo-shops\/","url":"https:\/\/www.immobilienbusiness.ch\/de\/retail\/2016-10-12\/retail-migros-plant-velo-shops\/","name":"Commercio al dettaglio: Migros progetta negozi di biciclette - IMMOBILIEN Business","isPartOf":{"@id":"https:\/\/www.immobilienbusiness.ch\/#website"},"primaryImageOfPage":{"@id":"https:\/\/www.immobilienbusiness.ch\/de\/retail\/2016-10-12\/retail-migros-plant-velo-shops\/#primaryimage"},"image":{"@id":"https:\/\/www.immobilienbusiness.ch\/de\/retail\/2016-10-12\/retail-migros-plant-velo-shops\/#primaryimage"},"thumbnailUrl":"https:\/\/www.immobilienbusiness.ch\/wp-content\/uploads\/2016\/12\/Retail-Migros-plant-Velo-Shops-immobilien-business.jpg","datePublished":"2016-10-12T07:25:21+00:00","description":"Negozi di biciclette: Secondo quanto riportato dal quotidiano Handelszeitung, Migros sta progettando di lanciare una catena di negozi di biciclette. Attualmente il rivenditore gestisce la catena di negozi di biciclette elettriche M-Way.","breadcrumb":{"@id":"https:\/\/www.immobilienbusiness.ch\/de\/retail\/2016-10-12\/retail-migros-plant-velo-shops\/#breadcrumb"},"inLanguage":"it-IT","potentialAction":[{"@type":"ReadAction","target":["https:\/\/www.immobilienbusiness.ch\/de\/retail\/2016-10-12\/retail-migros-plant-velo-shops\/"]}]},{"@type":"ImageObject","inLanguage":"it-IT","@id":"https:\/\/www.immobilienbusiness.ch\/de\/retail\/2016-10-12\/retail-migros-plant-velo-shops\/#primaryimage","url":"https:\/\/www.immobilienbusiness.ch\/wp-content\/uploads\/2016\/12\/Retail-Migros-plant-Velo-Shops-immobilien-business.jpg","contentUrl":"https:\/\/www.immobilienbusiness.ch\/wp-content\/uploads\/2016\/12\/Retail-Migros-plant-Velo-Shops-immobilien-business.jpg","width":1280,"height":853,"caption":"Migros hat ihre Filialkette f\u00fcr Velos abgestossen (Foto: Pixabay)"},{"@type":"BreadcrumbList","@id":"https:\/\/www.immobilienbusiness.ch\/de\/retail\/2016-10-12\/retail-migros-plant-velo-shops\/#breadcrumb","itemListElement":[{"@type":"ListItem","position":1,"name":"Home","item":"https:\/\/www.immobilienbusiness.ch\/"},{"@type":"ListItem","position":2,"name":"Retail: Migros plant Velo-Shops"}]},{"@type":"WebSite","@id":"https:\/\/www.immobilienbusiness.ch\/#website","url":"https:\/\/www.immobilienbusiness.ch\/","name":"Affari immobiliari","description":"Rivista economica indipendente svizzera che si concentra sul settore immobiliare, l'architettura e la costruzione, nonch\u00e9 sugli investimenti e i finanziamenti.","publisher":{"@id":"https:\/\/www.immobilienbusiness.ch\/#organization"},"potentialAction":[{"@type":"SearchAction","target":{"@type":"EntryPoint","urlTemplate":"https:\/\/www.immobilienbusiness.ch\/?s={search_term_string}"},"query-input":{"@type":"PropertyValueSpecification","valueRequired":true,"valueName":"search_term_string"}}],"inLanguage":"it-IT"},{"@type":"Organization","@id":"https:\/\/www.immobilienbusiness.ch\/#organization","name":"Affari immobiliari","url":"https:\/\/www.immobilienbusiness.ch\/","logo":{"@type":"ImageObject","inLanguage":"it-IT","@id":"https:\/\/www.immobilienbusiness.ch\/#\/schema\/logo\/image\/","url":"https:\/\/www.immobilienbusiness.ch\/wp-content\/uploads\/2021\/07\/logo_ib.png","contentUrl":"https:\/\/www.immobilienbusiness.ch\/wp-content\/uploads\/2021\/07\/logo_ib.png","width":800,"height":181,"caption":"IMMOBILIEN Business"},"image":{"@id":"https:\/\/www.immobilienbusiness.ch\/#\/schema\/logo\/image\/"},"sameAs":["https:\/\/www.facebook.com\/immobilienbusiness\/"]},{"@type":"Person","@id":"https:\/\/www.immobilienbusiness.ch\/#\/schema\/person\/aa2bace6c5c5aad60102004a50c4eb1c","name":"Editoriale","image":{"@type":"ImageObject","inLanguage":"it-IT","@id":"https:\/\/secure.gravatar.com\/avatar\/ae2f4d718e6c49043e314ce431e7e645d646302a24a5ef5a8bc8e3f5a032e319?s=96&d=mm&r=g","url":"https:\/\/secure.gravatar.com\/avatar\/ae2f4d718e6c49043e314ce431e7e645d646302a24a5ef5a8bc8e3f5a032e319?s=96&d=mm&r=g","contentUrl":"https:\/\/secure.gravatar.com\/avatar\/ae2f4d718e6c49043e314ce431e7e645d646302a24a5ef5a8bc8e3f5a032e319?s=96&d=mm&r=g","caption":"Redaktion"},"sameAs":["http:\/\/develop.organisator.galledia.ch"],"url":"https:\/\/www.immobilienbusiness.ch\/it\/author\/admin\/"}]}},"_links":{"self":[{"href":"https:\/\/www.immobilienbusiness.ch\/it\/wp-json\/wp\/v2\/posts\/3917","targetHints":{"allow":["GET"]}}],"collection":[{"href":"https:\/\/www.immobilienbusiness.ch\/it\/wp-json\/wp\/v2\/posts"}],"about":[{"href":"https:\/\/www.immobilienbusiness.ch\/it\/wp-json\/wp\/v2\/types\/post"}],"author":[{"embeddable":true,"href":"https:\/\/www.immobilienbusiness.ch\/it\/wp-json\/wp\/v2\/users\/1"}],"replies":[{"embeddable":true,"href":"https:\/\/www.immobilienbusiness.ch\/it\/wp-json\/wp\/v2\/comments?post=3917"}],"version-history":[{"count":0,"href":"https:\/\/www.immobilienbusiness.ch\/it\/wp-json\/wp\/v2\/posts\/3917\/revisions"}],"wp:featuredmedia":[{"embeddable":true,"href":"https:\/\/www.immobilienbusiness.ch\/it\/wp-json\/wp\/v2\/media\/3927"}],"wp:attachment":[{"href":"https:\/\/www.immobilienbusiness.ch\/it\/wp-json\/wp\/v2\/media?parent=3917"}],"wp:term":[{"taxonomy":"category","embeddable":true,"href":"https:\/\/www.immobilienbusiness.ch\/it\/wp-json\/wp\/v2\/categories?post=3917"},{"taxonomy":"post_tag","embeddable":true,"href":"https:\/\/www.immobilienbusiness.ch\/it\/wp-json\/wp\/v2\/tags?post=3917"}],"curies":[{"name":"wp","href":"https:\/\/api.w.org\/{rel}","templated":true}]}}