{"id":38671,"date":"2021-10-13T09:00:01","date_gmt":"2021-10-13T07:00:01","guid":{"rendered":"https:\/\/www.immobilienbusiness.ch\/?p=38671"},"modified":"2021-10-13T09:37:11","modified_gmt":"2021-10-13T07:37:11","slug":"cham-group-stuehleruecken-in-der-chefetage","status":"publish","type":"post","link":"https:\/\/www.immobilienbusiness.ch\/it\/personalia\/2021-10-13\/cham-group-stuehleruecken-in-der-chefetage\/","title":{"rendered":"Cham Group: scossa nella suite esecutiva"},"content":{"rendered":"<figure id=\"attachment_10356\" aria-describedby=\"caption-attachment-10356\" style=\"width: 975px\" class=\"wp-caption alignnone\"><img loading=\"lazy\" decoding=\"async\" class=\"wp-image-10356 size-full\" src=\"https:\/\/www.immobilienbusiness.ch\/wp-content\/uploads\/2017\/12\/IB-News-20171201-Cham-Paper-Group-Papieri-Areal-Visualisierung-Kesselhaus.png\" alt=\"\" width=\"975\" height=\"650\" srcset=\"https:\/\/www.immobilienbusiness.ch\/wp-content\/uploads\/2017\/12\/IB-News-20171201-Cham-Paper-Group-Papieri-Areal-Visualisierung-Kesselhaus.png 975w, https:\/\/www.immobilienbusiness.ch\/wp-content\/uploads\/2017\/12\/IB-News-20171201-Cham-Paper-Group-Papieri-Areal-Visualisierung-Kesselhaus-300x200.png 300w, https:\/\/www.immobilienbusiness.ch\/wp-content\/uploads\/2017\/12\/IB-News-20171201-Cham-Paper-Group-Papieri-Areal-Visualisierung-Kesselhaus-768x512.png 768w, https:\/\/www.immobilienbusiness.ch\/wp-content\/uploads\/2017\/12\/IB-News-20171201-Cham-Paper-Group-Papieri-Areal-Visualisierung-Kesselhaus-16x12.png 16w, https:\/\/www.immobilienbusiness.ch\/wp-content\/uploads\/2017\/12\/IB-News-20171201-Cham-Paper-Group-Papieri-Areal-Visualisierung-Kesselhaus-263x175.png 263w, https:\/\/www.immobilienbusiness.ch\/wp-content\/uploads\/2017\/12\/IB-News-20171201-Cham-Paper-Group-Papieri-Areal-Visualisierung-Kesselhaus-525x350.png 525w, https:\/\/www.immobilienbusiness.ch\/wp-content\/uploads\/2017\/12\/IB-News-20171201-Cham-Paper-Group-Papieri-Areal-Visualisierung-Kesselhaus-920x613.png 920w\" sizes=\"auto, (max-width: 975px) 100vw, 975px\" \/><figcaption id=\"caption-attachment-10356\" class=\"wp-caption-text\">Il sito Papieri (visualizzazione: Cham Group AG)<\/figcaption><\/figure>\n<p>Andreas Friederich ha lasciato il gruppo Cham per affrontare nuove sfide professionali, dice l'azienda. Friederich \u00e8 entrato nel gruppo nel 2015 come responsabile del settore immobiliare ed \u00e8 stato nominato amministratore delegato (CEO) nel 2018. L'architetto era gi\u00e0 stato coinvolto come consulente nella pianificazione della trasformazione dell'ex area industriale nel quartiere residenziale e lavorativo Papieri dal 2013.<\/p>\n<p>Claude Ebn\u00f6ther assumer\u00e0 ad interim la carica di presidente del comitato esecutivo. \u00c8 membro del comitato immobiliare del gruppo Cham dal 2012 e fa parte del consiglio di amministrazione dal 2018. Ha conosciuto il progetto Papieri fin dall'inizio, ha detto Cham Group. Ebn\u00f6ther \u00e8 stato CEO della Hammer Retex AG dal 1980 al 2015 e ha quindi una grande esperienza nello sviluppo immobiliare nella regione.<\/p>\n<p>Con il completamento della prima fase di costruzione alla fine del 2022, i compiti commerciali come la gestione della propriet\u00e0, la gestione del sito e il contatto con gli inquilini saranno sempre pi\u00f9 al centro delle responsabilit\u00e0 del CEO in futuro, secondo il gruppo Cham. Il consiglio di amministrazione vuole usare il cambio di leadership come un'opportunit\u00e0 per trovare un successore che si concentri sui requisiti corrispondenti della prossima fase di sviluppo del sito di Papieri. <em>(ah)<\/em><\/p>","protected":false},"excerpt":{"rendered":"<p>Andreas Friederich, finora CEO del gruppo Cham, ha lasciato l'azienda. Claude Ebn\u00f6ther assume la carica di CEO ad interim.<\/p>","protected":false},"author":3,"featured_media":10356,"comment_status":"closed","ping_status":"closed","sticky":false,"template":"","format":"standard","meta":{"_acf_changed":false,"_yoast_wpseo_focuskw":"Cham","_yoast_wpseo_title":"","_yoast_wpseo_metadesc":"Andreas Friederich, bislang CEO der Cham Group, hat das Unternehmen verlassen. Interimistisch \u00fcbernimmt Claude Ebn\u00f6ther den Vorsitz der Gesch\u00e4ftsleitung.","_yoast_wpseo_linkdex":52,"pgc_sgb_lightbox_settings":"","footnotes":""},"categories":[1912],"tags":[1128,1552,1563],"class_list":["post-38671","post","type-post","status-publish","format-standard","has-post-thumbnail","hentry","category-personalia","tag-cham-group","tag-papieri","tag-personalia"],"acf":[],"yoast_head":"<!-- This site is optimized with the Yoast SEO plugin v27.4 - https:\/\/yoast.com\/product\/yoast-seo-wordpress\/ -->\n<title>Cham Group: St\u00fchler\u00fccken in der Chefetage - IMMOBILIEN Business<\/title>\n<meta name=\"description\" content=\"Andreas Friederich, bislang CEO der Cham Group, hat das Unternehmen verlassen. Interimistisch \u00fcbernimmt Claude Ebn\u00f6ther den Vorsitz der Gesch\u00e4ftsleitung.\" \/>\n<meta name=\"robots\" content=\"index, follow, max-snippet:-1, max-image-preview:large, max-video-preview:-1\" \/>\n<link rel=\"canonical\" href=\"https:\/\/www.immobilienbusiness.ch\/it\/personalia\/2021-10-13\/cham-group-stuehleruecken-in-der-chefetage\/\" \/>\n<meta property=\"og:locale\" content=\"it_IT\" \/>\n<meta property=\"og:type\" content=\"article\" \/>\n<meta property=\"og:title\" content=\"Cham Group: St\u00fchler\u00fccken in der Chefetage - IMMOBILIEN Business\" \/>\n<meta property=\"og:description\" content=\"Andreas Friederich, bislang CEO der Cham Group, hat das Unternehmen verlassen. Interimistisch \u00fcbernimmt Claude Ebn\u00f6ther den Vorsitz der Gesch\u00e4ftsleitung.\" \/>\n<meta property=\"og:url\" content=\"https:\/\/www.immobilienbusiness.ch\/it\/personalia\/2021-10-13\/cham-group-stuehleruecken-in-der-chefetage\/\" \/>\n<meta property=\"og:site_name\" content=\"IMMOBILIEN Business\" \/>\n<meta property=\"article:publisher\" content=\"https:\/\/www.facebook.com\/immobilienbusiness\/\" \/>\n<meta property=\"article:published_time\" content=\"2021-10-13T07:00:01+00:00\" \/>\n<meta property=\"article:modified_time\" content=\"2021-10-13T07:37:11+00:00\" \/>\n<meta property=\"og:image\" content=\"https:\/\/www.immobilienbusiness.ch\/wp-content\/uploads\/2017\/12\/IB-News-20171201-Cham-Paper-Group-Papieri-Areal-Visualisierung-Kesselhaus.png\" \/>\n\t<meta property=\"og:image:width\" content=\"975\" \/>\n\t<meta property=\"og:image:height\" content=\"650\" \/>\n\t<meta property=\"og:image:type\" content=\"image\/png\" \/>\n<meta name=\"author\" content=\"anja.hall\" \/>\n<meta name=\"twitter:card\" content=\"summary_large_image\" \/>\n<meta name=\"twitter:image\" content=\"https:\/\/www.immobilienbusiness.ch\/wp-content\/uploads\/2017\/12\/IB-News-20171201-Cham-Paper-Group-Papieri-Areal-Visualisierung-Kesselhaus.png\" \/>\n<script type=\"application\/ld+json\" class=\"yoast-schema-graph\">{\"@context\":\"https:\\\/\\\/schema.org\",\"@graph\":[{\"@type\":\"Article\",\"@id\":\"https:\\\/\\\/www.immobilienbusiness.ch\\\/de\\\/personalia\\\/2021-10-13\\\/cham-group-stuehleruecken-in-der-chefetage\\\/#article\",\"isPartOf\":{\"@id\":\"https:\\\/\\\/www.immobilienbusiness.ch\\\/de\\\/personalia\\\/2021-10-13\\\/cham-group-stuehleruecken-in-der-chefetage\\\/\"},\"author\":{\"name\":\"anja.hall\",\"@id\":\"https:\\\/\\\/www.immobilienbusiness.ch\\\/#\\\/schema\\\/person\\\/3fc036297b10b9f42d6db5ee932af8c8\"},\"headline\":\"Cham Group: St\u00fchler\u00fccken in der Chefetage\",\"datePublished\":\"2021-10-13T07:00:01+00:00\",\"dateModified\":\"2021-10-13T07:37:11+00:00\",\"mainEntityOfPage\":{\"@id\":\"https:\\\/\\\/www.immobilienbusiness.ch\\\/de\\\/personalia\\\/2021-10-13\\\/cham-group-stuehleruecken-in-der-chefetage\\\/\"},\"wordCount\":209,\"publisher\":{\"@id\":\"https:\\\/\\\/www.immobilienbusiness.ch\\\/#organization\"},\"image\":{\"@id\":\"https:\\\/\\\/www.immobilienbusiness.ch\\\/de\\\/personalia\\\/2021-10-13\\\/cham-group-stuehleruecken-in-der-chefetage\\\/#primaryimage\"},\"thumbnailUrl\":\"https:\\\/\\\/www.immobilienbusiness.ch\\\/wp-content\\\/uploads\\\/2017\\\/12\\\/IB-News-20171201-Cham-Paper-Group-Papieri-Areal-Visualisierung-Kesselhaus.png\",\"keywords\":[\"Cham Group\",\"Papieri\",\"Personalia\"],\"articleSection\":[\"PERSONALIA\"],\"inLanguage\":\"it-IT\"},{\"@type\":\"WebPage\",\"@id\":\"https:\\\/\\\/www.immobilienbusiness.ch\\\/de\\\/personalia\\\/2021-10-13\\\/cham-group-stuehleruecken-in-der-chefetage\\\/\",\"url\":\"https:\\\/\\\/www.immobilienbusiness.ch\\\/de\\\/personalia\\\/2021-10-13\\\/cham-group-stuehleruecken-in-der-chefetage\\\/\",\"name\":\"Cham Group: St\u00fchler\u00fccken in der Chefetage - IMMOBILIEN Business\",\"isPartOf\":{\"@id\":\"https:\\\/\\\/www.immobilienbusiness.ch\\\/#website\"},\"primaryImageOfPage\":{\"@id\":\"https:\\\/\\\/www.immobilienbusiness.ch\\\/de\\\/personalia\\\/2021-10-13\\\/cham-group-stuehleruecken-in-der-chefetage\\\/#primaryimage\"},\"image\":{\"@id\":\"https:\\\/\\\/www.immobilienbusiness.ch\\\/de\\\/personalia\\\/2021-10-13\\\/cham-group-stuehleruecken-in-der-chefetage\\\/#primaryimage\"},\"thumbnailUrl\":\"https:\\\/\\\/www.immobilienbusiness.ch\\\/wp-content\\\/uploads\\\/2017\\\/12\\\/IB-News-20171201-Cham-Paper-Group-Papieri-Areal-Visualisierung-Kesselhaus.png\",\"datePublished\":\"2021-10-13T07:00:01+00:00\",\"dateModified\":\"2021-10-13T07:37:11+00:00\",\"description\":\"Andreas Friederich, bislang CEO der Cham Group, hat das Unternehmen verlassen. Interimistisch \u00fcbernimmt Claude Ebn\u00f6ther den Vorsitz der Gesch\u00e4ftsleitung.\",\"breadcrumb\":{\"@id\":\"https:\\\/\\\/www.immobilienbusiness.ch\\\/de\\\/personalia\\\/2021-10-13\\\/cham-group-stuehleruecken-in-der-chefetage\\\/#breadcrumb\"},\"inLanguage\":\"it-IT\",\"potentialAction\":[{\"@type\":\"ReadAction\",\"target\":[\"https:\\\/\\\/www.immobilienbusiness.ch\\\/de\\\/personalia\\\/2021-10-13\\\/cham-group-stuehleruecken-in-der-chefetage\\\/\"]}]},{\"@type\":\"ImageObject\",\"inLanguage\":\"it-IT\",\"@id\":\"https:\\\/\\\/www.immobilienbusiness.ch\\\/de\\\/personalia\\\/2021-10-13\\\/cham-group-stuehleruecken-in-der-chefetage\\\/#primaryimage\",\"url\":\"https:\\\/\\\/www.immobilienbusiness.ch\\\/wp-content\\\/uploads\\\/2017\\\/12\\\/IB-News-20171201-Cham-Paper-Group-Papieri-Areal-Visualisierung-Kesselhaus.png\",\"contentUrl\":\"https:\\\/\\\/www.immobilienbusiness.ch\\\/wp-content\\\/uploads\\\/2017\\\/12\\\/IB-News-20171201-Cham-Paper-Group-Papieri-Areal-Visualisierung-Kesselhaus.png\",\"width\":975,\"height\":650,\"caption\":\"Die Pl\u00e4ne f\u00fcr das Papieri-Areal in Cham werden konkreter (Visualisierung: Cham Paper Group AG)\"},{\"@type\":\"BreadcrumbList\",\"@id\":\"https:\\\/\\\/www.immobilienbusiness.ch\\\/de\\\/personalia\\\/2021-10-13\\\/cham-group-stuehleruecken-in-der-chefetage\\\/#breadcrumb\",\"itemListElement\":[{\"@type\":\"ListItem\",\"position\":1,\"name\":\"Home\",\"item\":\"https:\\\/\\\/www.immobilienbusiness.ch\\\/\"},{\"@type\":\"ListItem\",\"position\":2,\"name\":\"Cham Group: St\u00fchler\u00fccken in der Chefetage\"}]},{\"@type\":\"WebSite\",\"@id\":\"https:\\\/\\\/www.immobilienbusiness.ch\\\/#website\",\"url\":\"https:\\\/\\\/www.immobilienbusiness.ch\\\/\",\"name\":\"IMMOBILIEN Business\",\"description\":\"Unabh\u00e4ngiges Schweizer Wirtschaftsmagazin mit Fokus auf Immobilien, Architektur- und Bau sowie Investment- und Finanzierung.\",\"publisher\":{\"@id\":\"https:\\\/\\\/www.immobilienbusiness.ch\\\/#organization\"},\"potentialAction\":[{\"@type\":\"SearchAction\",\"target\":{\"@type\":\"EntryPoint\",\"urlTemplate\":\"https:\\\/\\\/www.immobilienbusiness.ch\\\/?s={search_term_string}\"},\"query-input\":{\"@type\":\"PropertyValueSpecification\",\"valueRequired\":true,\"valueName\":\"search_term_string\"}}],\"inLanguage\":\"it-IT\"},{\"@type\":\"Organization\",\"@id\":\"https:\\\/\\\/www.immobilienbusiness.ch\\\/#organization\",\"name\":\"IMMOBILIEN Business\",\"url\":\"https:\\\/\\\/www.immobilienbusiness.ch\\\/\",\"logo\":{\"@type\":\"ImageObject\",\"inLanguage\":\"it-IT\",\"@id\":\"https:\\\/\\\/www.immobilienbusiness.ch\\\/#\\\/schema\\\/logo\\\/image\\\/\",\"url\":\"https:\\\/\\\/www.immobilienbusiness.ch\\\/wp-content\\\/uploads\\\/2021\\\/07\\\/logo_ib.png\",\"contentUrl\":\"https:\\\/\\\/www.immobilienbusiness.ch\\\/wp-content\\\/uploads\\\/2021\\\/07\\\/logo_ib.png\",\"width\":800,\"height\":181,\"caption\":\"IMMOBILIEN Business\"},\"image\":{\"@id\":\"https:\\\/\\\/www.immobilienbusiness.ch\\\/#\\\/schema\\\/logo\\\/image\\\/\"},\"sameAs\":[\"https:\\\/\\\/www.facebook.com\\\/immobilienbusiness\\\/\"]},{\"@type\":\"Person\",\"@id\":\"https:\\\/\\\/www.immobilienbusiness.ch\\\/#\\\/schema\\\/person\\\/3fc036297b10b9f42d6db5ee932af8c8\",\"name\":\"anja.hall\",\"image\":{\"@type\":\"ImageObject\",\"inLanguage\":\"it-IT\",\"@id\":\"https:\\\/\\\/secure.gravatar.com\\\/avatar\\\/066b5a0d447013502c71a5782f4f3469f03cfe595cc2329fb94652fe47511bfb?s=96&d=mm&r=g\",\"url\":\"https:\\\/\\\/secure.gravatar.com\\\/avatar\\\/066b5a0d447013502c71a5782f4f3469f03cfe595cc2329fb94652fe47511bfb?s=96&d=mm&r=g\",\"contentUrl\":\"https:\\\/\\\/secure.gravatar.com\\\/avatar\\\/066b5a0d447013502c71a5782f4f3469f03cfe595cc2329fb94652fe47511bfb?s=96&d=mm&r=g\",\"caption\":\"anja.hall\"},\"url\":\"https:\\\/\\\/www.immobilienbusiness.ch\\\/it\\\/author\\\/anja-hall\\\/\"}]}<\/script>\n<!-- \/ Yoast SEO plugin. -->","yoast_head_json":{"title":"Cham Group: cambio al vertice - IMMOBILIEN Business","description":"Andreas Friederich, finora CEO del gruppo Cham, ha lasciato l'azienda. Claude Ebn\u00f6ther assume la carica di CEO ad interim.","robots":{"index":"index","follow":"follow","max-snippet":"max-snippet:-1","max-image-preview":"max-image-preview:large","max-video-preview":"max-video-preview:-1"},"canonical":"https:\/\/www.immobilienbusiness.ch\/it\/personalia\/2021-10-13\/cham-group-stuehleruecken-in-der-chefetage\/","og_locale":"it_IT","og_type":"article","og_title":"Cham Group: St\u00fchler\u00fccken in der Chefetage - IMMOBILIEN Business","og_description":"Andreas Friederich, bislang CEO der Cham Group, hat das Unternehmen verlassen. Interimistisch \u00fcbernimmt Claude Ebn\u00f6ther den Vorsitz der Gesch\u00e4ftsleitung.","og_url":"https:\/\/www.immobilienbusiness.ch\/it\/personalia\/2021-10-13\/cham-group-stuehleruecken-in-der-chefetage\/","og_site_name":"IMMOBILIEN Business","article_publisher":"https:\/\/www.facebook.com\/immobilienbusiness\/","article_published_time":"2021-10-13T07:00:01+00:00","article_modified_time":"2021-10-13T07:37:11+00:00","og_image":[{"width":975,"height":650,"url":"https:\/\/www.immobilienbusiness.ch\/wp-content\/uploads\/2017\/12\/IB-News-20171201-Cham-Paper-Group-Papieri-Areal-Visualisierung-Kesselhaus.png","type":"image\/png"}],"author":"anja.hall","twitter_card":"summary_large_image","twitter_image":"https:\/\/www.immobilienbusiness.ch\/wp-content\/uploads\/2017\/12\/IB-News-20171201-Cham-Paper-Group-Papieri-Areal-Visualisierung-Kesselhaus.png","schema":{"@context":"https:\/\/schema.org","@graph":[{"@type":"Article","@id":"https:\/\/www.immobilienbusiness.ch\/de\/personalia\/2021-10-13\/cham-group-stuehleruecken-in-der-chefetage\/#article","isPartOf":{"@id":"https:\/\/www.immobilienbusiness.ch\/de\/personalia\/2021-10-13\/cham-group-stuehleruecken-in-der-chefetage\/"},"author":{"name":"anja.hall","@id":"https:\/\/www.immobilienbusiness.ch\/#\/schema\/person\/3fc036297b10b9f42d6db5ee932af8c8"},"headline":"Cham Group: St\u00fchler\u00fccken in der Chefetage","datePublished":"2021-10-13T07:00:01+00:00","dateModified":"2021-10-13T07:37:11+00:00","mainEntityOfPage":{"@id":"https:\/\/www.immobilienbusiness.ch\/de\/personalia\/2021-10-13\/cham-group-stuehleruecken-in-der-chefetage\/"},"wordCount":209,"publisher":{"@id":"https:\/\/www.immobilienbusiness.ch\/#organization"},"image":{"@id":"https:\/\/www.immobilienbusiness.ch\/de\/personalia\/2021-10-13\/cham-group-stuehleruecken-in-der-chefetage\/#primaryimage"},"thumbnailUrl":"https:\/\/www.immobilienbusiness.ch\/wp-content\/uploads\/2017\/12\/IB-News-20171201-Cham-Paper-Group-Papieri-Areal-Visualisierung-Kesselhaus.png","keywords":["Cham Group","Papieri","Personalia"],"articleSection":["PERSONALIA"],"inLanguage":"it-IT"},{"@type":"WebPage","@id":"https:\/\/www.immobilienbusiness.ch\/de\/personalia\/2021-10-13\/cham-group-stuehleruecken-in-der-chefetage\/","url":"https:\/\/www.immobilienbusiness.ch\/de\/personalia\/2021-10-13\/cham-group-stuehleruecken-in-der-chefetage\/","name":"Cham Group: cambio al vertice - IMMOBILIEN Business","isPartOf":{"@id":"https:\/\/www.immobilienbusiness.ch\/#website"},"primaryImageOfPage":{"@id":"https:\/\/www.immobilienbusiness.ch\/de\/personalia\/2021-10-13\/cham-group-stuehleruecken-in-der-chefetage\/#primaryimage"},"image":{"@id":"https:\/\/www.immobilienbusiness.ch\/de\/personalia\/2021-10-13\/cham-group-stuehleruecken-in-der-chefetage\/#primaryimage"},"thumbnailUrl":"https:\/\/www.immobilienbusiness.ch\/wp-content\/uploads\/2017\/12\/IB-News-20171201-Cham-Paper-Group-Papieri-Areal-Visualisierung-Kesselhaus.png","datePublished":"2021-10-13T07:00:01+00:00","dateModified":"2021-10-13T07:37:11+00:00","description":"Andreas Friederich, finora CEO del gruppo Cham, ha lasciato l'azienda. Claude Ebn\u00f6ther assume la carica di CEO ad interim.","breadcrumb":{"@id":"https:\/\/www.immobilienbusiness.ch\/de\/personalia\/2021-10-13\/cham-group-stuehleruecken-in-der-chefetage\/#breadcrumb"},"inLanguage":"it-IT","potentialAction":[{"@type":"ReadAction","target":["https:\/\/www.immobilienbusiness.ch\/de\/personalia\/2021-10-13\/cham-group-stuehleruecken-in-der-chefetage\/"]}]},{"@type":"ImageObject","inLanguage":"it-IT","@id":"https:\/\/www.immobilienbusiness.ch\/de\/personalia\/2021-10-13\/cham-group-stuehleruecken-in-der-chefetage\/#primaryimage","url":"https:\/\/www.immobilienbusiness.ch\/wp-content\/uploads\/2017\/12\/IB-News-20171201-Cham-Paper-Group-Papieri-Areal-Visualisierung-Kesselhaus.png","contentUrl":"https:\/\/www.immobilienbusiness.ch\/wp-content\/uploads\/2017\/12\/IB-News-20171201-Cham-Paper-Group-Papieri-Areal-Visualisierung-Kesselhaus.png","width":975,"height":650,"caption":"Die Pl\u00e4ne f\u00fcr das Papieri-Areal in Cham werden konkreter (Visualisierung: Cham Paper Group AG)"},{"@type":"BreadcrumbList","@id":"https:\/\/www.immobilienbusiness.ch\/de\/personalia\/2021-10-13\/cham-group-stuehleruecken-in-der-chefetage\/#breadcrumb","itemListElement":[{"@type":"ListItem","position":1,"name":"Home","item":"https:\/\/www.immobilienbusiness.ch\/"},{"@type":"ListItem","position":2,"name":"Cham Group: St\u00fchler\u00fccken in der Chefetage"}]},{"@type":"WebSite","@id":"https:\/\/www.immobilienbusiness.ch\/#website","url":"https:\/\/www.immobilienbusiness.ch\/","name":"Affari immobiliari","description":"Rivista economica indipendente svizzera che si concentra sul settore immobiliare, l'architettura e la costruzione, nonch\u00e9 sugli investimenti e i finanziamenti.","publisher":{"@id":"https:\/\/www.immobilienbusiness.ch\/#organization"},"potentialAction":[{"@type":"SearchAction","target":{"@type":"EntryPoint","urlTemplate":"https:\/\/www.immobilienbusiness.ch\/?s={search_term_string}"},"query-input":{"@type":"PropertyValueSpecification","valueRequired":true,"valueName":"search_term_string"}}],"inLanguage":"it-IT"},{"@type":"Organization","@id":"https:\/\/www.immobilienbusiness.ch\/#organization","name":"Affari immobiliari","url":"https:\/\/www.immobilienbusiness.ch\/","logo":{"@type":"ImageObject","inLanguage":"it-IT","@id":"https:\/\/www.immobilienbusiness.ch\/#\/schema\/logo\/image\/","url":"https:\/\/www.immobilienbusiness.ch\/wp-content\/uploads\/2021\/07\/logo_ib.png","contentUrl":"https:\/\/www.immobilienbusiness.ch\/wp-content\/uploads\/2021\/07\/logo_ib.png","width":800,"height":181,"caption":"IMMOBILIEN Business"},"image":{"@id":"https:\/\/www.immobilienbusiness.ch\/#\/schema\/logo\/image\/"},"sameAs":["https:\/\/www.facebook.com\/immobilienbusiness\/"]},{"@type":"Person","@id":"https:\/\/www.immobilienbusiness.ch\/#\/schema\/person\/3fc036297b10b9f42d6db5ee932af8c8","name":"anja.hall","image":{"@type":"ImageObject","inLanguage":"it-IT","@id":"https:\/\/secure.gravatar.com\/avatar\/066b5a0d447013502c71a5782f4f3469f03cfe595cc2329fb94652fe47511bfb?s=96&d=mm&r=g","url":"https:\/\/secure.gravatar.com\/avatar\/066b5a0d447013502c71a5782f4f3469f03cfe595cc2329fb94652fe47511bfb?s=96&d=mm&r=g","contentUrl":"https:\/\/secure.gravatar.com\/avatar\/066b5a0d447013502c71a5782f4f3469f03cfe595cc2329fb94652fe47511bfb?s=96&d=mm&r=g","caption":"anja.hall"},"url":"https:\/\/www.immobilienbusiness.ch\/it\/author\/anja-hall\/"}]}},"_links":{"self":[{"href":"https:\/\/www.immobilienbusiness.ch\/it\/wp-json\/wp\/v2\/posts\/38671","targetHints":{"allow":["GET"]}}],"collection":[{"href":"https:\/\/www.immobilienbusiness.ch\/it\/wp-json\/wp\/v2\/posts"}],"about":[{"href":"https:\/\/www.immobilienbusiness.ch\/it\/wp-json\/wp\/v2\/types\/post"}],"author":[{"embeddable":true,"href":"https:\/\/www.immobilienbusiness.ch\/it\/wp-json\/wp\/v2\/users\/3"}],"replies":[{"embeddable":true,"href":"https:\/\/www.immobilienbusiness.ch\/it\/wp-json\/wp\/v2\/comments?post=38671"}],"version-history":[{"count":1,"href":"https:\/\/www.immobilienbusiness.ch\/it\/wp-json\/wp\/v2\/posts\/38671\/revisions"}],"predecessor-version":[{"id":38672,"href":"https:\/\/www.immobilienbusiness.ch\/it\/wp-json\/wp\/v2\/posts\/38671\/revisions\/38672"}],"wp:featuredmedia":[{"embeddable":true,"href":"https:\/\/www.immobilienbusiness.ch\/it\/wp-json\/wp\/v2\/media\/10356"}],"wp:attachment":[{"href":"https:\/\/www.immobilienbusiness.ch\/it\/wp-json\/wp\/v2\/media?parent=38671"}],"wp:term":[{"taxonomy":"category","embeddable":true,"href":"https:\/\/www.immobilienbusiness.ch\/it\/wp-json\/wp\/v2\/categories?post=38671"},{"taxonomy":"post_tag","embeddable":true,"href":"https:\/\/www.immobilienbusiness.ch\/it\/wp-json\/wp\/v2\/tags?post=38671"}],"curies":[{"name":"wp","href":"https:\/\/api.w.org\/{rel}","templated":true}]}}