{"id":38551,"date":"2021-10-05T08:55:32","date_gmt":"2021-10-05T06:55:32","guid":{"rendered":"https:\/\/www.immobilienbusiness.ch\/?p=38551"},"modified":"2021-10-07T12:08:22","modified_gmt":"2021-10-07T10:08:22","slug":"aesch-baustart-fuer-quartier-vivo-steht-bevor","status":"publish","type":"post","link":"https:\/\/www.immobilienbusiness.ch\/it\/regionen\/2021-10-05\/aesch-baustart-fuer-quartier-vivo-steht-bevor\/","title":{"rendered":"Aesch: inizio della costruzione del quartiere Vivo imminente"},"content":{"rendered":"<figure id=\"attachment_38552\" aria-describedby=\"caption-attachment-38552\" style=\"width: 2560px\" class=\"wp-caption alignnone\"><img loading=\"lazy\" decoding=\"async\" class=\"wp-image-38552 size-full\" src=\"https:\/\/www.immobilienbusiness.ch\/wp-content\/uploads\/2021\/10\/4389_VP02_V03-scaled.jpg\" alt=\"\" width=\"2560\" height=\"1706\" srcset=\"https:\/\/www.immobilienbusiness.ch\/wp-content\/uploads\/2021\/10\/4389_VP02_V03-scaled.jpg 2560w, https:\/\/www.immobilienbusiness.ch\/wp-content\/uploads\/2021\/10\/4389_VP02_V03-300x200.jpg 300w, https:\/\/www.immobilienbusiness.ch\/wp-content\/uploads\/2021\/10\/4389_VP02_V03-1024x683.jpg 1024w, https:\/\/www.immobilienbusiness.ch\/wp-content\/uploads\/2021\/10\/4389_VP02_V03-768x512.jpg 768w, https:\/\/www.immobilienbusiness.ch\/wp-content\/uploads\/2021\/10\/4389_VP02_V03-1536x1024.jpg 1536w, https:\/\/www.immobilienbusiness.ch\/wp-content\/uploads\/2021\/10\/4389_VP02_V03-2048x1365.jpg 2048w, https:\/\/www.immobilienbusiness.ch\/wp-content\/uploads\/2021\/10\/4389_VP02_V03-16x12.jpg 16w, https:\/\/www.immobilienbusiness.ch\/wp-content\/uploads\/2021\/10\/4389_VP02_V03-263x175.jpg 263w, https:\/\/www.immobilienbusiness.ch\/wp-content\/uploads\/2021\/10\/4389_VP02_V03-525x350.jpg 525w, https:\/\/www.immobilienbusiness.ch\/wp-content\/uploads\/2021\/10\/4389_VP02_V03-1200x800.jpg 1200w, https:\/\/www.immobilienbusiness.ch\/wp-content\/uploads\/2021\/10\/4389_VP02_V03-920x613.jpg 920w, https:\/\/www.immobilienbusiness.ch\/wp-content\/uploads\/2021\/10\/4389_VP02_V03-1400x933.jpg 1400w\" sizes=\"auto, (max-width: 2560px) 100vw, 2560px\" \/><figcaption id=\"caption-attachment-38552\" class=\"wp-caption-text\">Il quartiere residenziale e commerciale Vivo \u00e8 in costruzione ad Aesch (Visualizzazione: Raumgleiter AG)<\/figcaption><\/figure>\n<p>Il nuovo quartiere Vivo diventer\u00e0 una porta d'ingresso sul bordo settentrionale di Aesch; il progetto \u00e8 considerato un importante tassello nello sviluppo dell'insediamento denso del comune. Entro il 2024, uno sviluppo con usi residenziali, commerciali e aziendali deve essere costruito sul sito di 15.188 mq. Circa 85% dell'area di utilizzo principale saranno assegnati ad abitazioni.<\/p>\n<p>Il progetto comprende un totale di quattro unit\u00e0 edilizie, sviluppate dagli studi di architettura di Basilea Salath\u00e9, Otto Partner e Burckhardt+Partner: la torre Vivo, alta 40 metri, vicino all'uscita dell'autostrada, segner\u00e0 l'ingresso al comune di Aesch. Qui sono previsti usi commerciali come uno spazio di coworking e un caff\u00e8, ma anche appartamenti a lunga permanenza e 80 appartamenti in affitto. Vivo Hof, un altro edificio a uso misto, \u00e8 in costruzione nella parte sud-occidentale del sito: al piano terra, lo spazio \u00e8 previsto per usi di vicinato e piccole imprese, mentre i tre piani superiori ospiteranno un totale di 36 appartamenti in affitto.<\/p>\n<p>Gli altri due edifici, Vivo Kamm e Vivo Qube, sono puramente residenziali. Vivo Kamm comprender\u00e0 57 appartamenti in affitto, mentre Vivo Qube avr\u00e0 altri 55 appartamenti in affitto su sei piani. In totale, i quattro edifici offriranno 228 appartamenti e circa 4.700 mq di spazio commerciale e di servizio.<\/p>\n<p>Halter AG \u00e8 riuscita a conquistare Balintra, una societ\u00e0 del fondo immobiliare UBS Sima, come investitore per il nuovo trimestre. Balintra vuole portare il progetto con un volume d'investimento di circa 150 milioni di franchi svizzeri nella fase di costruzione quest'anno, insieme a Halter come sviluppatore e fornitore generale. Il piano \u00e8 di iniziare i lavori di costruzione questo autunno. La commercializzazione dello spazio commerciale inizier\u00e0 nella primavera del 2022 e quella degli appartamenti nella primavera del 2023. Il completamento del progetto \u00e8 previsto per il terzo trimestre del 2024. <em>(ah)<\/em><\/p>","protected":false},"excerpt":{"rendered":"<p>Halter vuole iniziare a costruire il progetto Vivo ad Aesch questo autunno. Il permesso di costruzione \u00e8 legalmente vincolante, e il fondo UBS Sima \u00e8 stato vinto come investitore.<\/p>","protected":false},"author":3,"featured_media":38552,"comment_status":"closed","ping_status":"closed","sticky":false,"template":"","format":"standard","meta":{"_acf_changed":false,"_yoast_wpseo_focuskw":"Aesch","_yoast_wpseo_title":"","_yoast_wpseo_metadesc":"Noch im Herbst will Halter mit dem Bau des Projekts Vivo in Aesch beginnen. Die Baubewilligung ist rechtskr\u00e4ftig.","_yoast_wpseo_linkdex":65,"pgc_sgb_lightbox_settings":"","footnotes":""},"categories":[985],"tags":[1004,1272,1291,1599,1796,1863],"class_list":["post-38551","post","type-post","status-publish","format-standard","has-post-thumbnail","hentry","category-regionen","tag-aesch","tag-gewerbeimmobilien","tag-halter-ag","tag-projekt-in-bau","tag-ubs","tag-wohnimmobilien"],"acf":[],"yoast_head":"<!-- This site is optimized with the Yoast SEO plugin v27.4 - https:\/\/yoast.com\/product\/yoast-seo-wordpress\/ -->\n<title>Aesch: Baustart f\u00fcr Quartier Vivo steht bevor - IMMOBILIEN Business<\/title>\n<meta name=\"description\" content=\"Noch im Herbst will Halter mit dem Bau des Projekts Vivo in Aesch beginnen. Die Baubewilligung ist rechtskr\u00e4ftig.\" \/>\n<meta name=\"robots\" content=\"index, follow, max-snippet:-1, max-image-preview:large, max-video-preview:-1\" \/>\n<link rel=\"canonical\" href=\"https:\/\/www.immobilienbusiness.ch\/it\/regionen\/2021-10-05\/aesch-baustart-fuer-quartier-vivo-steht-bevor\/\" \/>\n<meta property=\"og:locale\" content=\"it_IT\" \/>\n<meta property=\"og:type\" content=\"article\" \/>\n<meta property=\"og:title\" content=\"Aesch: Baustart f\u00fcr Quartier Vivo steht bevor - IMMOBILIEN Business\" \/>\n<meta property=\"og:description\" content=\"Noch im Herbst will Halter mit dem Bau des Projekts Vivo in Aesch beginnen. Die Baubewilligung ist rechtskr\u00e4ftig.\" \/>\n<meta property=\"og:url\" content=\"https:\/\/www.immobilienbusiness.ch\/it\/regionen\/2021-10-05\/aesch-baustart-fuer-quartier-vivo-steht-bevor\/\" \/>\n<meta property=\"og:site_name\" content=\"IMMOBILIEN Business\" \/>\n<meta property=\"article:publisher\" content=\"https:\/\/www.facebook.com\/immobilienbusiness\/\" \/>\n<meta property=\"article:published_time\" content=\"2021-10-05T06:55:32+00:00\" \/>\n<meta property=\"article:modified_time\" content=\"2021-10-07T10:08:22+00:00\" \/>\n<meta property=\"og:image\" content=\"https:\/\/www.immobilienbusiness.ch\/wp-content\/uploads\/2021\/10\/4389_VP02_V03-scaled.jpg\" \/>\n\t<meta property=\"og:image:width\" content=\"2560\" \/>\n\t<meta property=\"og:image:height\" content=\"1706\" \/>\n\t<meta property=\"og:image:type\" content=\"image\/jpeg\" \/>\n<meta name=\"author\" content=\"anja.hall\" \/>\n<meta name=\"twitter:card\" content=\"summary_large_image\" \/>\n<meta name=\"twitter:image\" content=\"https:\/\/www.immobilienbusiness.ch\/wp-content\/uploads\/2021\/10\/4389_VP02_V03-scaled.jpg\" \/>\n<script type=\"application\/ld+json\" class=\"yoast-schema-graph\">{\"@context\":\"https:\\\/\\\/schema.org\",\"@graph\":[{\"@type\":\"Article\",\"@id\":\"https:\\\/\\\/www.immobilienbusiness.ch\\\/it\\\/regionen\\\/2021-10-05\\\/aesch-baustart-fuer-quartier-vivo-steht-bevor\\\/#article\",\"isPartOf\":{\"@id\":\"https:\\\/\\\/www.immobilienbusiness.ch\\\/it\\\/regionen\\\/2021-10-05\\\/aesch-baustart-fuer-quartier-vivo-steht-bevor\\\/\"},\"author\":{\"name\":\"anja.hall\",\"@id\":\"https:\\\/\\\/www.immobilienbusiness.ch\\\/#\\\/schema\\\/person\\\/3fc036297b10b9f42d6db5ee932af8c8\"},\"headline\":\"Aesch: Baustart f\u00fcr Quartier Vivo steht bevor\",\"datePublished\":\"2021-10-05T06:55:32+00:00\",\"dateModified\":\"2021-10-07T10:08:22+00:00\",\"mainEntityOfPage\":{\"@id\":\"https:\\\/\\\/www.immobilienbusiness.ch\\\/it\\\/regionen\\\/2021-10-05\\\/aesch-baustart-fuer-quartier-vivo-steht-bevor\\\/\"},\"wordCount\":295,\"publisher\":{\"@id\":\"https:\\\/\\\/www.immobilienbusiness.ch\\\/#organization\"},\"image\":{\"@id\":\"https:\\\/\\\/www.immobilienbusiness.ch\\\/it\\\/regionen\\\/2021-10-05\\\/aesch-baustart-fuer-quartier-vivo-steht-bevor\\\/#primaryimage\"},\"thumbnailUrl\":\"https:\\\/\\\/www.immobilienbusiness.ch\\\/wp-content\\\/uploads\\\/2021\\\/10\\\/4389_VP02_V03-scaled.jpg\",\"keywords\":[\"Aesch\",\"Gewerbeimmobilien\",\"Halter AG\",\"Projekt in Bau\",\"UBS\",\"Wohnimmobilien\"],\"articleSection\":[\"REGIONEN\"],\"inLanguage\":\"it-IT\"},{\"@type\":\"WebPage\",\"@id\":\"https:\\\/\\\/www.immobilienbusiness.ch\\\/it\\\/regionen\\\/2021-10-05\\\/aesch-baustart-fuer-quartier-vivo-steht-bevor\\\/\",\"url\":\"https:\\\/\\\/www.immobilienbusiness.ch\\\/it\\\/regionen\\\/2021-10-05\\\/aesch-baustart-fuer-quartier-vivo-steht-bevor\\\/\",\"name\":\"Aesch: Baustart f\u00fcr Quartier Vivo steht bevor - IMMOBILIEN Business\",\"isPartOf\":{\"@id\":\"https:\\\/\\\/www.immobilienbusiness.ch\\\/#website\"},\"primaryImageOfPage\":{\"@id\":\"https:\\\/\\\/www.immobilienbusiness.ch\\\/it\\\/regionen\\\/2021-10-05\\\/aesch-baustart-fuer-quartier-vivo-steht-bevor\\\/#primaryimage\"},\"image\":{\"@id\":\"https:\\\/\\\/www.immobilienbusiness.ch\\\/it\\\/regionen\\\/2021-10-05\\\/aesch-baustart-fuer-quartier-vivo-steht-bevor\\\/#primaryimage\"},\"thumbnailUrl\":\"https:\\\/\\\/www.immobilienbusiness.ch\\\/wp-content\\\/uploads\\\/2021\\\/10\\\/4389_VP02_V03-scaled.jpg\",\"datePublished\":\"2021-10-05T06:55:32+00:00\",\"dateModified\":\"2021-10-07T10:08:22+00:00\",\"description\":\"Noch im Herbst will Halter mit dem Bau des Projekts Vivo in Aesch beginnen. Die Baubewilligung ist rechtskr\u00e4ftig.\",\"breadcrumb\":{\"@id\":\"https:\\\/\\\/www.immobilienbusiness.ch\\\/it\\\/regionen\\\/2021-10-05\\\/aesch-baustart-fuer-quartier-vivo-steht-bevor\\\/#breadcrumb\"},\"inLanguage\":\"it-IT\",\"potentialAction\":[{\"@type\":\"ReadAction\",\"target\":[\"https:\\\/\\\/www.immobilienbusiness.ch\\\/it\\\/regionen\\\/2021-10-05\\\/aesch-baustart-fuer-quartier-vivo-steht-bevor\\\/\"]}]},{\"@type\":\"ImageObject\",\"inLanguage\":\"it-IT\",\"@id\":\"https:\\\/\\\/www.immobilienbusiness.ch\\\/it\\\/regionen\\\/2021-10-05\\\/aesch-baustart-fuer-quartier-vivo-steht-bevor\\\/#primaryimage\",\"url\":\"https:\\\/\\\/www.immobilienbusiness.ch\\\/wp-content\\\/uploads\\\/2021\\\/10\\\/4389_VP02_V03-scaled.jpg\",\"contentUrl\":\"https:\\\/\\\/www.immobilienbusiness.ch\\\/wp-content\\\/uploads\\\/2021\\\/10\\\/4389_VP02_V03-scaled.jpg\",\"width\":2560,\"height\":1706,\"caption\":\"In Aesch entsteht das neue Quartier Vivo (Visualisierung: Raumgleiter AG)\"},{\"@type\":\"BreadcrumbList\",\"@id\":\"https:\\\/\\\/www.immobilienbusiness.ch\\\/it\\\/regionen\\\/2021-10-05\\\/aesch-baustart-fuer-quartier-vivo-steht-bevor\\\/#breadcrumb\",\"itemListElement\":[{\"@type\":\"ListItem\",\"position\":1,\"name\":\"Home\",\"item\":\"https:\\\/\\\/www.immobilienbusiness.ch\\\/\"},{\"@type\":\"ListItem\",\"position\":2,\"name\":\"Aesch: Baustart f\u00fcr Quartier Vivo steht bevor\"}]},{\"@type\":\"WebSite\",\"@id\":\"https:\\\/\\\/www.immobilienbusiness.ch\\\/#website\",\"url\":\"https:\\\/\\\/www.immobilienbusiness.ch\\\/\",\"name\":\"IMMOBILIEN Business\",\"description\":\"Unabh\u00e4ngiges Schweizer Wirtschaftsmagazin mit Fokus auf Immobilien, Architektur- und Bau sowie Investment- und Finanzierung.\",\"publisher\":{\"@id\":\"https:\\\/\\\/www.immobilienbusiness.ch\\\/#organization\"},\"potentialAction\":[{\"@type\":\"SearchAction\",\"target\":{\"@type\":\"EntryPoint\",\"urlTemplate\":\"https:\\\/\\\/www.immobilienbusiness.ch\\\/?s={search_term_string}\"},\"query-input\":{\"@type\":\"PropertyValueSpecification\",\"valueRequired\":true,\"valueName\":\"search_term_string\"}}],\"inLanguage\":\"it-IT\"},{\"@type\":\"Organization\",\"@id\":\"https:\\\/\\\/www.immobilienbusiness.ch\\\/#organization\",\"name\":\"IMMOBILIEN Business\",\"url\":\"https:\\\/\\\/www.immobilienbusiness.ch\\\/\",\"logo\":{\"@type\":\"ImageObject\",\"inLanguage\":\"it-IT\",\"@id\":\"https:\\\/\\\/www.immobilienbusiness.ch\\\/#\\\/schema\\\/logo\\\/image\\\/\",\"url\":\"https:\\\/\\\/www.immobilienbusiness.ch\\\/wp-content\\\/uploads\\\/2021\\\/07\\\/logo_ib.png\",\"contentUrl\":\"https:\\\/\\\/www.immobilienbusiness.ch\\\/wp-content\\\/uploads\\\/2021\\\/07\\\/logo_ib.png\",\"width\":800,\"height\":181,\"caption\":\"IMMOBILIEN Business\"},\"image\":{\"@id\":\"https:\\\/\\\/www.immobilienbusiness.ch\\\/#\\\/schema\\\/logo\\\/image\\\/\"},\"sameAs\":[\"https:\\\/\\\/www.facebook.com\\\/immobilienbusiness\\\/\"]},{\"@type\":\"Person\",\"@id\":\"https:\\\/\\\/www.immobilienbusiness.ch\\\/#\\\/schema\\\/person\\\/3fc036297b10b9f42d6db5ee932af8c8\",\"name\":\"anja.hall\",\"image\":{\"@type\":\"ImageObject\",\"inLanguage\":\"it-IT\",\"@id\":\"https:\\\/\\\/secure.gravatar.com\\\/avatar\\\/066b5a0d447013502c71a5782f4f3469f03cfe595cc2329fb94652fe47511bfb?s=96&d=mm&r=g\",\"url\":\"https:\\\/\\\/secure.gravatar.com\\\/avatar\\\/066b5a0d447013502c71a5782f4f3469f03cfe595cc2329fb94652fe47511bfb?s=96&d=mm&r=g\",\"contentUrl\":\"https:\\\/\\\/secure.gravatar.com\\\/avatar\\\/066b5a0d447013502c71a5782f4f3469f03cfe595cc2329fb94652fe47511bfb?s=96&d=mm&r=g\",\"caption\":\"anja.hall\"},\"url\":\"https:\\\/\\\/www.immobilienbusiness.ch\\\/it\\\/author\\\/anja-hall\\\/\"}]}<\/script>\n<!-- \/ Yoast SEO plugin. -->","yoast_head_json":{"title":"Aesch: imminente l'inizio dei lavori di costruzione del quartiere Vivo - IMMOBILIEN Business","description":"Halter prevede di iniziare la costruzione del progetto Vivo ad Aesch in autunno. La licenza edilizia \u00e8 legalmente vincolante.","robots":{"index":"index","follow":"follow","max-snippet":"max-snippet:-1","max-image-preview":"max-image-preview:large","max-video-preview":"max-video-preview:-1"},"canonical":"https:\/\/www.immobilienbusiness.ch\/it\/regionen\/2021-10-05\/aesch-baustart-fuer-quartier-vivo-steht-bevor\/","og_locale":"it_IT","og_type":"article","og_title":"Aesch: Baustart f\u00fcr Quartier Vivo steht bevor - IMMOBILIEN Business","og_description":"Noch im Herbst will Halter mit dem Bau des Projekts Vivo in Aesch beginnen. Die Baubewilligung ist rechtskr\u00e4ftig.","og_url":"https:\/\/www.immobilienbusiness.ch\/it\/regionen\/2021-10-05\/aesch-baustart-fuer-quartier-vivo-steht-bevor\/","og_site_name":"IMMOBILIEN Business","article_publisher":"https:\/\/www.facebook.com\/immobilienbusiness\/","article_published_time":"2021-10-05T06:55:32+00:00","article_modified_time":"2021-10-07T10:08:22+00:00","og_image":[{"width":2560,"height":1706,"url":"https:\/\/www.immobilienbusiness.ch\/wp-content\/uploads\/2021\/10\/4389_VP02_V03-scaled.jpg","type":"image\/jpeg"}],"author":"anja.hall","twitter_card":"summary_large_image","twitter_image":"https:\/\/www.immobilienbusiness.ch\/wp-content\/uploads\/2021\/10\/4389_VP02_V03-scaled.jpg","schema":{"@context":"https:\/\/schema.org","@graph":[{"@type":"Article","@id":"https:\/\/www.immobilienbusiness.ch\/it\/regionen\/2021-10-05\/aesch-baustart-fuer-quartier-vivo-steht-bevor\/#article","isPartOf":{"@id":"https:\/\/www.immobilienbusiness.ch\/it\/regionen\/2021-10-05\/aesch-baustart-fuer-quartier-vivo-steht-bevor\/"},"author":{"name":"anja.hall","@id":"https:\/\/www.immobilienbusiness.ch\/#\/schema\/person\/3fc036297b10b9f42d6db5ee932af8c8"},"headline":"Aesch: Baustart f\u00fcr Quartier Vivo steht bevor","datePublished":"2021-10-05T06:55:32+00:00","dateModified":"2021-10-07T10:08:22+00:00","mainEntityOfPage":{"@id":"https:\/\/www.immobilienbusiness.ch\/it\/regionen\/2021-10-05\/aesch-baustart-fuer-quartier-vivo-steht-bevor\/"},"wordCount":295,"publisher":{"@id":"https:\/\/www.immobilienbusiness.ch\/#organization"},"image":{"@id":"https:\/\/www.immobilienbusiness.ch\/it\/regionen\/2021-10-05\/aesch-baustart-fuer-quartier-vivo-steht-bevor\/#primaryimage"},"thumbnailUrl":"https:\/\/www.immobilienbusiness.ch\/wp-content\/uploads\/2021\/10\/4389_VP02_V03-scaled.jpg","keywords":["Aesch","Gewerbeimmobilien","Halter AG","Projekt in Bau","UBS","Wohnimmobilien"],"articleSection":["REGIONEN"],"inLanguage":"it-IT"},{"@type":"WebPage","@id":"https:\/\/www.immobilienbusiness.ch\/it\/regionen\/2021-10-05\/aesch-baustart-fuer-quartier-vivo-steht-bevor\/","url":"https:\/\/www.immobilienbusiness.ch\/it\/regionen\/2021-10-05\/aesch-baustart-fuer-quartier-vivo-steht-bevor\/","name":"Aesch: imminente l'inizio dei lavori di costruzione del quartiere Vivo - IMMOBILIEN Business","isPartOf":{"@id":"https:\/\/www.immobilienbusiness.ch\/#website"},"primaryImageOfPage":{"@id":"https:\/\/www.immobilienbusiness.ch\/it\/regionen\/2021-10-05\/aesch-baustart-fuer-quartier-vivo-steht-bevor\/#primaryimage"},"image":{"@id":"https:\/\/www.immobilienbusiness.ch\/it\/regionen\/2021-10-05\/aesch-baustart-fuer-quartier-vivo-steht-bevor\/#primaryimage"},"thumbnailUrl":"https:\/\/www.immobilienbusiness.ch\/wp-content\/uploads\/2021\/10\/4389_VP02_V03-scaled.jpg","datePublished":"2021-10-05T06:55:32+00:00","dateModified":"2021-10-07T10:08:22+00:00","description":"Halter prevede di iniziare la costruzione del progetto Vivo ad Aesch in autunno. La licenza edilizia \u00e8 legalmente vincolante.","breadcrumb":{"@id":"https:\/\/www.immobilienbusiness.ch\/it\/regionen\/2021-10-05\/aesch-baustart-fuer-quartier-vivo-steht-bevor\/#breadcrumb"},"inLanguage":"it-IT","potentialAction":[{"@type":"ReadAction","target":["https:\/\/www.immobilienbusiness.ch\/it\/regionen\/2021-10-05\/aesch-baustart-fuer-quartier-vivo-steht-bevor\/"]}]},{"@type":"ImageObject","inLanguage":"it-IT","@id":"https:\/\/www.immobilienbusiness.ch\/it\/regionen\/2021-10-05\/aesch-baustart-fuer-quartier-vivo-steht-bevor\/#primaryimage","url":"https:\/\/www.immobilienbusiness.ch\/wp-content\/uploads\/2021\/10\/4389_VP02_V03-scaled.jpg","contentUrl":"https:\/\/www.immobilienbusiness.ch\/wp-content\/uploads\/2021\/10\/4389_VP02_V03-scaled.jpg","width":2560,"height":1706,"caption":"In Aesch entsteht das neue Quartier Vivo (Visualisierung: Raumgleiter AG)"},{"@type":"BreadcrumbList","@id":"https:\/\/www.immobilienbusiness.ch\/it\/regionen\/2021-10-05\/aesch-baustart-fuer-quartier-vivo-steht-bevor\/#breadcrumb","itemListElement":[{"@type":"ListItem","position":1,"name":"Home","item":"https:\/\/www.immobilienbusiness.ch\/"},{"@type":"ListItem","position":2,"name":"Aesch: Baustart f\u00fcr Quartier Vivo steht bevor"}]},{"@type":"WebSite","@id":"https:\/\/www.immobilienbusiness.ch\/#website","url":"https:\/\/www.immobilienbusiness.ch\/","name":"Affari immobiliari","description":"Rivista economica indipendente svizzera che si concentra sul settore immobiliare, l'architettura e la costruzione, nonch\u00e9 sugli investimenti e i finanziamenti.","publisher":{"@id":"https:\/\/www.immobilienbusiness.ch\/#organization"},"potentialAction":[{"@type":"SearchAction","target":{"@type":"EntryPoint","urlTemplate":"https:\/\/www.immobilienbusiness.ch\/?s={search_term_string}"},"query-input":{"@type":"PropertyValueSpecification","valueRequired":true,"valueName":"search_term_string"}}],"inLanguage":"it-IT"},{"@type":"Organization","@id":"https:\/\/www.immobilienbusiness.ch\/#organization","name":"Affari immobiliari","url":"https:\/\/www.immobilienbusiness.ch\/","logo":{"@type":"ImageObject","inLanguage":"it-IT","@id":"https:\/\/www.immobilienbusiness.ch\/#\/schema\/logo\/image\/","url":"https:\/\/www.immobilienbusiness.ch\/wp-content\/uploads\/2021\/07\/logo_ib.png","contentUrl":"https:\/\/www.immobilienbusiness.ch\/wp-content\/uploads\/2021\/07\/logo_ib.png","width":800,"height":181,"caption":"IMMOBILIEN Business"},"image":{"@id":"https:\/\/www.immobilienbusiness.ch\/#\/schema\/logo\/image\/"},"sameAs":["https:\/\/www.facebook.com\/immobilienbusiness\/"]},{"@type":"Person","@id":"https:\/\/www.immobilienbusiness.ch\/#\/schema\/person\/3fc036297b10b9f42d6db5ee932af8c8","name":"anja.hall","image":{"@type":"ImageObject","inLanguage":"it-IT","@id":"https:\/\/secure.gravatar.com\/avatar\/066b5a0d447013502c71a5782f4f3469f03cfe595cc2329fb94652fe47511bfb?s=96&d=mm&r=g","url":"https:\/\/secure.gravatar.com\/avatar\/066b5a0d447013502c71a5782f4f3469f03cfe595cc2329fb94652fe47511bfb?s=96&d=mm&r=g","contentUrl":"https:\/\/secure.gravatar.com\/avatar\/066b5a0d447013502c71a5782f4f3469f03cfe595cc2329fb94652fe47511bfb?s=96&d=mm&r=g","caption":"anja.hall"},"url":"https:\/\/www.immobilienbusiness.ch\/it\/author\/anja-hall\/"}]}},"_links":{"self":[{"href":"https:\/\/www.immobilienbusiness.ch\/it\/wp-json\/wp\/v2\/posts\/38551","targetHints":{"allow":["GET"]}}],"collection":[{"href":"https:\/\/www.immobilienbusiness.ch\/it\/wp-json\/wp\/v2\/posts"}],"about":[{"href":"https:\/\/www.immobilienbusiness.ch\/it\/wp-json\/wp\/v2\/types\/post"}],"author":[{"embeddable":true,"href":"https:\/\/www.immobilienbusiness.ch\/it\/wp-json\/wp\/v2\/users\/3"}],"replies":[{"embeddable":true,"href":"https:\/\/www.immobilienbusiness.ch\/it\/wp-json\/wp\/v2\/comments?post=38551"}],"version-history":[{"count":3,"href":"https:\/\/www.immobilienbusiness.ch\/it\/wp-json\/wp\/v2\/posts\/38551\/revisions"}],"predecessor-version":[{"id":38590,"href":"https:\/\/www.immobilienbusiness.ch\/it\/wp-json\/wp\/v2\/posts\/38551\/revisions\/38590"}],"wp:featuredmedia":[{"embeddable":true,"href":"https:\/\/www.immobilienbusiness.ch\/it\/wp-json\/wp\/v2\/media\/38552"}],"wp:attachment":[{"href":"https:\/\/www.immobilienbusiness.ch\/it\/wp-json\/wp\/v2\/media?parent=38551"}],"wp:term":[{"taxonomy":"category","embeddable":true,"href":"https:\/\/www.immobilienbusiness.ch\/it\/wp-json\/wp\/v2\/categories?post=38551"},{"taxonomy":"post_tag","embeddable":true,"href":"https:\/\/www.immobilienbusiness.ch\/it\/wp-json\/wp\/v2\/tags?post=38551"}],"curies":[{"name":"wp","href":"https:\/\/api.w.org\/{rel}","templated":true}]}}